  {"id":180816,"date":"2019-02-28T11:12:00","date_gmt":"2019-02-28T16:12:00","guid":{"rendered":"https:\/\/www.un.org\/pga\/73\/2019\/02\/28\/international-dialogue-on-migration-2019-youth-and-migration-engaging-youth-as-key-partners-in-migration-governance\/"},"modified":"2019-03-01T15:56:26","modified_gmt":"2019-03-01T20:56:26","slug":"international-dialogue-on-migration-2019-youth-and-migration-engaging-youth-as-key-partners-in-migration-governance","status":"publish","type":"post","link":"https:\/\/www.un.org\/pga\/73\/es\/2019\/02\/28\/international-dialogue-on-migration-2019-youth-and-migration-engaging-youth-as-key-partners-in-migration-governance\/","title":{"rendered":"Di\u00e1logo Internacional sobre la Migraci\u00f3n 2019 \u201cJuventud y migraci\u00f3n: involucrar a los j\u00f3venes como asociados fundamentales en la gobernanza de la migraci\u00f3n\u201d"},"content":{"rendered":"<p>[et_pb_section bb_built=\u00bb1&#8243;][et_pb_row][et_pb_column type=\u00bb4_4&#8243;][et_pb_text _builder_version=\u00bb3.17.4&#8243; border_style=\u00bbsolid\u00bb background_position=\u00bbtop_left\u00bb background_repeat=\u00bbrepeat\u00bb background_size=\u00bbinitial\u00bb]<\/p>\n<p style=\"text-align: center\"><strong><em>&#8211; Como Pronunciado &#8211;<\/em><\/strong><\/p>\n<p><strong>INTERVENCI\u00d3N DE LA PRESIDENTA DEL 73\u00ba PERIODO DE SESIONES DE LA ASAMBLEA GENERAL, S.E. MARIA FERNANDA ESPINOSA<\/strong><\/p>\n<p><strong><span class=\"updated\">27 de febrero 2019<\/span><\/strong><\/p>\n<p><img loading=\"lazy\" decoding=\"async\" class=\"alignleft wp-image-180777 size-medium\" src=\"https:\/\/www.un.org\/pga\/73\/wp-content\/uploads\/sites\/53\/2019\/02\/IMG_1998-300x200.jpg\" alt=\"\" width=\"300\" height=\"200\" srcset=\"https:\/\/www.un.org\/pga\/wp-content\/uploads\/sites\/53\/2019\/02\/IMG_1998-300x200.jpg 300w, https:\/\/www.un.org\/pga\/wp-content\/uploads\/sites\/53\/2019\/02\/IMG_1998-150x100.jpg 150w, https:\/\/www.un.org\/pga\/wp-content\/uploads\/sites\/53\/2019\/02\/IMG_1998-768x512.jpg 768w, https:\/\/www.un.org\/pga\/wp-content\/uploads\/sites\/53\/2019\/02\/IMG_1998-1024x683.jpg 1024w, https:\/\/www.un.org\/pga\/wp-content\/uploads\/sites\/53\/2019\/02\/IMG_1998-1080x720.jpg 1080w, https:\/\/www.un.org\/pga\/wp-content\/uploads\/sites\/53\/2019\/02\/IMG_1998.jpg 2048w\" sizes=\"(max-width: 300px) 100vw, 300px\" \/><\/p>\n<p>Distinguido Ant\u00f3nio Vitorino, Director General de la OIM<\/p>\n<p>Estimada Jayathma Wickramanayake, Enviada del Secretario General para la Juventud,<\/p>\n<p>Estimados Representantes Permanentes,<\/p>\n<p>Estimados J\u00f3venes presentes,<\/p>\n<p>Representantes de la Sociedad Civil<\/p>\n<p>Damas y Caballeros:<\/p>\n<p>Quiero agradecer a la Organizaci\u00f3n Internacional para las Migraciones la invitaci\u00f3n a este evento que nos ofrece una oportunidad \u00fanica para enfocarnos en los j\u00f3venes migrantes e identificar c\u00f3mo podemos responder a sus necesidades y expectativas.<\/p>\n<p>Es muy grato ver hoy la gran presencia de j\u00f3venes y de organizaciones de la sociedad civil. Estoy segura de que su participaci\u00f3n y sus aportes ser\u00e1n sumamente valiosos y nos ayudar\u00e1n a comprender mejor el fen\u00f3meno de la migraci\u00f3n juvenil e identificar las pol\u00edticas m\u00e1s apropiadas para abordarlas.<\/p>\n<p>[\/et_pb_text][\/et_pb_column][\/et_pb_row][et_pb_row][et_pb_column type=\u00bb1_2&#8243;][et_pb_text _builder_version=\u00bb3.17.4&#8243;]<\/p>\n<p>Excellencies,<\/p>\n<p>Allow me to refer to three topics:<\/p>\n<p>First: the challenges that young people face in the context of international migration.<\/p>\n<p>The reality is that young people are moving more than ever before. Whatever the reason why they decide to migrate, they always do it with the hopes and dreams of a better life for them and their families.<\/p>\n<p>Their reasons to leave their places of origin are diverse; they range from studying, finding a job or starting a business, to reuniting with their families, escaping poverty or violence.<\/p>\n<p>[\/et_pb_text][\/et_pb_column][et_pb_column type=\u00bb1_2&#8243;][et_pb_code _builder_version=\u00bb3.17.4&#8243;]\n<!-- iframe plugin v.6.0 wordpress.org\/plugins\/iframe\/ -->\n<iframe loading=\"lazy\" width=\"100%\" height=\"250\" src=\"\/\/www.un.org\/webcast\/1362235914001\/B1J3DDQJf_default\/index.html?videoId=6008368693001\" scrolling=\"yes\" class=\"iframe-class\" frameborder=\"0\"><\/iframe>\n<!-- [et_pb_line_break_holder] --><!-- [et_pb_line_break_holder] -->[\/et_pb_code][\/et_pb_column][\/et_pb_row][et_pb_row][et_pb_column type=\u00bb4_4&#8243;][et_pb_text _builder_version=\u00bb3.17.4&#8243;]<\/p>\n<p>In the case of women, discrimination and gender violence or the restrictions to their rights can also be determining factors.<\/p>\n<p>Unfortunately, many young migrants are exposed to dangerous journeys where they risk their physical integrity and their lives. Since the year 2000, it is estimated that more than 60.000 migrants have died during their journeys and thousands have fallen victims of human smuggling and trafficking.<\/p>\n<p>In recent years, we have witnessed a cruel practice: the separation of children and young migrants from their parents and accompanies.<\/p>\n<p>When reaching their countries of destination, often the dangers continue and can be added to social exclusion, xenophobia, racism and other forms of intolerance.<\/p>\n<p>Many times young migrants are stigmatized and rejected by the communities they live in, while female young migrants face triple discrimination: for their gender, for their age and for being migrants.<\/p>\n<p>Frequently, young migrants work under uncertain conditions, they are victims of labour exploitation and do not have social protection.<\/p>\n<p>These situations deprive them from a dignified and full life and prevent them from reaching their full potential.<\/p>\n<p>In a world in which 11% of all migrants have an age range of 15 to 24, we must create positive migratory experiences that can project young people into a better future to contribute to sustainable development in their countries of origin and destination.<\/p>\n<p>Protecting their rights is fundamental: guaranteeing access to health, quality education, housing and basic services.<\/p>\n<p>Which leads me to my second point: young migrants are agents of change.<\/p>\n<p>Young people, with their inventiveness, creativity and dynamism, integrate faster to their new societies and they bring their communities together. They have a preponderant role to favor intercultural dialogue and mutual understanding. They are key players to consolidate peaceful and inclusive societies.<\/p>\n<p>Nearly 4,3 millions of young people study in Universities outside their countries of origin, as well as many others who migrate and take their knowledge and skills with them. They all enrich their societies.<\/p>\n<p>[\/et_pb_text][et_pb_testimonial _builder_version=\u00bb3.17.4&#8243; author=\u00bbMar\u00eda Fernanda Espinosa Garc\u00e9s\u00bb portrait_url=\u00bbhttps:\/\/www.un.org\/pga\/73\/wp-content\/uploads\/sites\/53\/2018\/09\/PGA-73084-e1537294481964.jpg\u00bb border_style=\u00bbsolid\u00bb job_title=\u00bbPRESIDENTA DEL 73\u00ba PERIODO DE SESIONES DE LA ASAMBLEA GENERAL\u00bb quote_icon_background_color=\u00bb#f5f5f5&#8243; background_position=\u00bbtop_left\u00bb background_repeat=\u00bbrepeat\u00bb background_size=\u00bbinitial\u00bb quote_icon_color=\u00bb#00aff8&#8243;]<\/p>\n<p><span style=\"color: #0000ff\">Los mejores voceros y representantes de los j\u00f3venes son ellos mismos. Necesitamos involucrarlos directamente en las acciones que impactar\u00e1n su futuro. Nada para los j\u00f3venes sin los j\u00f3venes.<\/span><\/p>\n<p>[\/et_pb_testimonial][et_pb_text _builder_version=\u00bb3.17.4&#8243; border_style=\u00bbsolid\u00bb background_position=\u00bbtop_left\u00bb background_repeat=\u00bbrepeat\u00bb background_size=\u00bbinitial\u00bb]<\/p>\n<p>Young migrants are part of the most capable generation to take advantage of information and communication technologies and social networks for many of their initiatives and undertakings, contributing thus to inclusive economic growth and well being.<\/p>\n<p>Seizing the opportunities that young migrants offer us will contribute in making progress in the fulfillment of the Sustainable Development Goals.<\/p>\n<p>To do so, in the framework of the Global Compact for a Safe, Orderly and Regular Migration, implementing policies that favor conditions of freedom, dignity, equality and security for young people in situations of human mobility is fundamental. And those policies must be designed and implemented with their participation, taking their needs and experiences into consideration. This leads me to my last point.<\/p>\n<p>The best spokespersons and representatives for young people are themselves. We need to involve them directly in the actions that will impact their future. Nothing for young people without young people.<\/p>\n<p>The Youth Forum convened by the United Nations Major Group for Children and Youth, during the Marrakesh Conference, is an excellent starting point. Let us echo the three calls for action that this youth Group made to us in Marrakesh: \u201cengage with us; Invest in us; and Count us in.\u201d<\/p>\n<p>Allow me to say to the young people that are here with us today, and those you represent as well: your opinions matter and they matter a lot and your participation can make a difference. Do not doubt how powerful your voices are.<\/p>\n<p>Your contribution to successfully implement the Global Compact on Migration is essential. Therefore, I encourage Member States to include young people in their planning processes as part of the development of national strategies to implement the Compact.<\/p>\n<p>As President of the General Assembly, I want to express my absolute commitment to hear you out and promote your inclusion at the heart of our Organization.<\/p>\n<p>I am sure that this will be a fruitful debate and I look forward to the results of this event, which will bring innovative ideas and suggestions that will aid in making the United Nations more relevant for all.<\/p>\n<p>Thank you.<\/p>\n<p>[\/et_pb_text][\/et_pb_column][\/et_pb_row][\/et_pb_section]<\/p>\n","protected":false},"excerpt":{"rendered":"<p>INTERVENCI\u00d3N DE LA PRESIDENTA DEL 73\u00ba PERIODO DE SESIONES DE LA ASAMBLEA GENERAL, S.E. MARIA FERNANDA ESPINOSA &#8211; Di\u00e1logo Internacional sobre la Migraci\u00f3n 2019 \u201cJuventud y migraci\u00f3n: involucrar a los j\u00f3venes como asociados fundamentales en la gobernanza de la migraci\u00f3n\u201d<\/p>\n","protected":false},"author":266,"featured_media":180810,"comment_status":"closed","ping_status":"closed","sticky":false,"template":"","format":"standard","meta":{"_et_pb_use_builder":"on","_et_pb_old_content":"","_et_gb_content_width":"","footnotes":"","_links_to":"","_links_to_target":""},"categories":[181],"tags":[],"class_list":["post-180816","post","type-post","status-publish","format-standard","has-post-thumbnail","hentry","category-statements-es","et-has-post-format-content","et_post_format-et-post-format-standard"],"yoast_head":"<!-- This site is optimized with the Yoast SEO plugin v28.3 - https:\/\/yoast.com\/product\/yoast-seo-wordpress\/ -->\n<title>Di\u00e1logo Internacional sobre la Migraci\u00f3n 2019 \u201cJuventud y migraci\u00f3n: involucrar a los j\u00f3venes como asociados fundamentales en la gobernanza de la migraci\u00f3n\u201d - Asamblea General de las Naciones Unidas<\/title>\n<meta name=\"robots\" content=\"index, follow, max-snippet:-1, max-image-preview:large, max-video-preview:-1\" \/>\n<link rel=\"canonical\" href=\"https:\/\/www.un.org\/pga\/73\/2019\/02\/28\/international-dialogue-on-migration-2019-youth-and-migration-engaging-youth-as-key-partners-in-migration-governance\/\" \/>\n<meta property=\"og:locale\" content=\"es_ES\" \/>\n<meta property=\"og:type\" content=\"article\" \/>\n<meta property=\"og:title\" content=\"Di\u00e1logo Internacional sobre la Migraci\u00f3n 2019 \u201cJuventud y migraci\u00f3n: involucrar a los j\u00f3venes como asociados fundamentales en la gobernanza de la migraci\u00f3n\u201d - Asamblea General de las Naciones Unidas\" \/>\n<meta property=\"og:description\" content=\"INTERVENCI\u00d3N DE LA PRESIDENTA DEL 73\u00ba PERIODO DE SESIONES DE LA ASAMBLEA GENERAL, S.E. MARIA FERNANDA ESPINOSA - Di\u00e1logo Internacional sobre la Migraci\u00f3n 2019 \u201cJuventud y migraci\u00f3n: involucrar a los j\u00f3venes como asociados fundamentales en la gobernanza de la migraci\u00f3n\u201d\" \/>\n<meta property=\"og:url\" content=\"https:\/\/www.un.org\/pga\/73\/2019\/02\/28\/international-dialogue-on-migration-2019-youth-and-migration-engaging-youth-as-key-partners-in-migration-governance\/\" \/>\n<meta property=\"og:site_name\" content=\"Asamblea General de las Naciones Unidas\" \/>\n<meta property=\"article:published_time\" content=\"2019-02-28T16:12:00+00:00\" \/>\n<meta property=\"article:modified_time\" content=\"2019-03-01T20:56:26+00:00\" \/>\n<meta property=\"og:image\" content=\"https:\/\/www.un.org\/pga\/wp-content\/uploads\/sites\/53\/2019\/02\/33.png\" \/>\n\t<meta property=\"og:image:width\" content=\"831\" \/>\n\t<meta property=\"og:image:height\" content=\"464\" \/>\n\t<meta property=\"og:image:type\" content=\"image\/png\" \/>\n<meta name=\"author\" content=\"Denise Kling\" \/>\n<meta name=\"twitter:card\" content=\"summary_large_image\" \/>\n<meta name=\"twitter:label1\" content=\"Escrito por\" \/>\n\t<meta name=\"twitter:data1\" content=\"Denise Kling\" \/>\n\t<meta name=\"twitter:label2\" content=\"Tiempo de lectura\" \/>\n\t<meta name=\"twitter:data2\" content=\"6 minutos\" \/>\n<script type=\"application\/ld+json\" class=\"yoast-schema-graph\">{\"@context\":\"https:\\\/\\\/schema.org\",\"@graph\":[{\"@type\":\"Article\",\"@id\":\"https:\\\/\\\/www.un.org\\\/pga\\\/73\\\/2019\\\/02\\\/28\\\/international-dialogue-on-migration-2019-youth-and-migration-engaging-youth-as-key-partners-in-migration-governance\\\/#article\",\"isPartOf\":{\"@id\":\"https:\\\/\\\/www.un.org\\\/pga\\\/73\\\/2019\\\/02\\\/28\\\/international-dialogue-on-migration-2019-youth-and-migration-engaging-youth-as-key-partners-in-migration-governance\\\/\"},\"author\":{\"name\":\"Denise Kling\",\"@id\":\"https:\\\/\\\/www.un.org\\\/pga\\\/73\\\/#\\\/schema\\\/person\\\/af470bea9354ed1b453ade6d22b5c9ee\"},\"headline\":\"Di\u00e1logo Internacional sobre la Migraci\u00f3n 2019 \u201cJuventud y migraci\u00f3n: involucrar a los j\u00f3venes como asociados fundamentales en la gobernanza de la migraci\u00f3n\u201d\",\"datePublished\":\"2019-02-28T16:12:00+00:00\",\"dateModified\":\"2019-03-01T20:56:26+00:00\",\"mainEntityOfPage\":{\"@id\":\"https:\\\/\\\/www.un.org\\\/pga\\\/73\\\/2019\\\/02\\\/28\\\/international-dialogue-on-migration-2019-youth-and-migration-engaging-youth-as-key-partners-in-migration-governance\\\/\"},\"wordCount\":1169,\"publisher\":{\"@id\":\"https:\\\/\\\/www.un.org\\\/pga\\\/73\\\/#organization\"},\"image\":{\"@id\":\"https:\\\/\\\/www.un.org\\\/pga\\\/73\\\/2019\\\/02\\\/28\\\/international-dialogue-on-migration-2019-youth-and-migration-engaging-youth-as-key-partners-in-migration-governance\\\/#primaryimage\"},\"thumbnailUrl\":\"https:\\\/\\\/www.un.org\\\/pga\\\/wp-content\\\/uploads\\\/sites\\\/53\\\/2019\\\/02\\\/33.png\",\"articleSection\":[\"Declaraciones\"],\"inLanguage\":\"es\"},{\"@type\":\"WebPage\",\"@id\":\"https:\\\/\\\/www.un.org\\\/pga\\\/73\\\/2019\\\/02\\\/28\\\/international-dialogue-on-migration-2019-youth-and-migration-engaging-youth-as-key-partners-in-migration-governance\\\/\",\"url\":\"https:\\\/\\\/www.un.org\\\/pga\\\/73\\\/2019\\\/02\\\/28\\\/international-dialogue-on-migration-2019-youth-and-migration-engaging-youth-as-key-partners-in-migration-governance\\\/\",\"name\":\"Di\u00e1logo Internacional sobre la Migraci\u00f3n 2019 \u201cJuventud y migraci\u00f3n: involucrar a los j\u00f3venes como asociados fundamentales en la gobernanza de la migraci\u00f3n\u201d - Asamblea General de las Naciones Unidas\",\"isPartOf\":{\"@id\":\"https:\\\/\\\/www.un.org\\\/pga\\\/73\\\/#website\"},\"primaryImageOfPage\":{\"@id\":\"https:\\\/\\\/www.un.org\\\/pga\\\/73\\\/2019\\\/02\\\/28\\\/international-dialogue-on-migration-2019-youth-and-migration-engaging-youth-as-key-partners-in-migration-governance\\\/#primaryimage\"},\"image\":{\"@id\":\"https:\\\/\\\/www.un.org\\\/pga\\\/73\\\/2019\\\/02\\\/28\\\/international-dialogue-on-migration-2019-youth-and-migration-engaging-youth-as-key-partners-in-migration-governance\\\/#primaryimage\"},\"thumbnailUrl\":\"https:\\\/\\\/www.un.org\\\/pga\\\/wp-content\\\/uploads\\\/sites\\\/53\\\/2019\\\/02\\\/33.png\",\"datePublished\":\"2019-02-28T16:12:00+00:00\",\"dateModified\":\"2019-03-01T20:56:26+00:00\",\"breadcrumb\":{\"@id\":\"https:\\\/\\\/www.un.org\\\/pga\\\/73\\\/2019\\\/02\\\/28\\\/international-dialogue-on-migration-2019-youth-and-migration-engaging-youth-as-key-partners-in-migration-governance\\\/#breadcrumb\"},\"inLanguage\":\"es\",\"potentialAction\":[{\"@type\":\"ReadAction\",\"target\":[\"https:\\\/\\\/www.un.org\\\/pga\\\/73\\\/2019\\\/02\\\/28\\\/international-dialogue-on-migration-2019-youth-and-migration-engaging-youth-as-key-partners-in-migration-governance\\\/\"]}]},{\"@type\":\"ImageObject\",\"inLanguage\":\"es\",\"@id\":\"https:\\\/\\\/www.un.org\\\/pga\\\/73\\\/2019\\\/02\\\/28\\\/international-dialogue-on-migration-2019-youth-and-migration-engaging-youth-as-key-partners-in-migration-governance\\\/#primaryimage\",\"url\":\"https:\\\/\\\/www.un.org\\\/pga\\\/wp-content\\\/uploads\\\/sites\\\/53\\\/2019\\\/02\\\/33.png\",\"contentUrl\":\"https:\\\/\\\/www.un.org\\\/pga\\\/wp-content\\\/uploads\\\/sites\\\/53\\\/2019\\\/02\\\/33.png\",\"width\":831,\"height\":464},{\"@type\":\"BreadcrumbList\",\"@id\":\"https:\\\/\\\/www.un.org\\\/pga\\\/73\\\/2019\\\/02\\\/28\\\/international-dialogue-on-migration-2019-youth-and-migration-engaging-youth-as-key-partners-in-migration-governance\\\/#breadcrumb\",\"itemListElement\":[{\"@type\":\"ListItem\",\"position\":1,\"name\":\"Home\",\"item\":\"https:\\\/\\\/www.un.org\\\/pga\\\/73\\\/es\\\/\"},{\"@type\":\"ListItem\",\"position\":2,\"name\":\"Di\u00e1logo Internacional sobre la Migraci\u00f3n 2019 \u201cJuventud y migraci\u00f3n: involucrar a los j\u00f3venes como asociados fundamentales en la gobernanza de la migraci\u00f3n\u201d\"}]},{\"@type\":\"WebSite\",\"@id\":\"https:\\\/\\\/www.un.org\\\/pga\\\/73\\\/#website\",\"url\":\"https:\\\/\\\/www.un.org\\\/pga\\\/73\\\/\",\"name\":\"General Assembly of the United Nations\",\"description\":\"Presidenta del 73\u00b0 per\u00edodo de sesiones\",\"publisher\":{\"@id\":\"https:\\\/\\\/www.un.org\\\/pga\\\/73\\\/#organization\"},\"potentialAction\":[{\"@type\":\"SearchAction\",\"target\":{\"@type\":\"EntryPoint\",\"urlTemplate\":\"https:\\\/\\\/www.un.org\\\/pga\\\/73\\\/?s={search_term_string}\"},\"query-input\":{\"@type\":\"PropertyValueSpecification\",\"valueRequired\":true,\"valueName\":\"search_term_string\"}}],\"inLanguage\":\"es\"},{\"@type\":\"Organization\",\"@id\":\"https:\\\/\\\/www.un.org\\\/pga\\\/73\\\/#organization\",\"name\":\"General Assembly of the United Nations\",\"url\":\"https:\\\/\\\/www.un.org\\\/pga\\\/73\\\/\",\"logo\":{\"@type\":\"ImageObject\",\"inLanguage\":\"es\",\"@id\":\"https:\\\/\\\/www.un.org\\\/pga\\\/73\\\/#\\\/schema\\\/logo\\\/image\\\/\",\"url\":\"https:\\\/\\\/www.un.org\\\/pga\\\/wp-content\\\/uploads\\\/sites\\\/53\\\/2018\\\/07\\\/18-00066a_Ä¢¹½ÊÓÆµGA73_Logos-no-type-04.png\",\"contentUrl\":\"https:\\\/\\\/www.un.org\\\/pga\\\/wp-content\\\/uploads\\\/sites\\\/53\\\/2018\\\/07\\\/18-00066a_Ä¢¹½ÊÓÆµGA73_Logos-no-type-04.png\",\"width\":529,\"height\":601,\"caption\":\"General Assembly of the United Nations\"},\"image\":{\"@id\":\"https:\\\/\\\/www.un.org\\\/pga\\\/73\\\/#\\\/schema\\\/logo\\\/image\\\/\"}},{\"@type\":\"Person\",\"@id\":\"https:\\\/\\\/www.un.org\\\/pga\\\/73\\\/#\\\/schema\\\/person\\\/af470bea9354ed1b453ade6d22b5c9ee\",\"name\":\"Denise Kling\",\"image\":{\"@type\":\"ImageObject\",\"inLanguage\":\"es\",\"@id\":\"https:\\\/\\\/secure.gravatar.com\\\/avatar\\\/b5fdae9d2ae28ca0f434202f2c9b6f29640a2b757fdbaa4592687900a399db3d?s=96&d=mm&r=g\",\"url\":\"https:\\\/\\\/secure.gravatar.com\\\/avatar\\\/b5fdae9d2ae28ca0f434202f2c9b6f29640a2b757fdbaa4592687900a399db3d?s=96&d=mm&r=g\",\"contentUrl\":\"https:\\\/\\\/secure.gravatar.com\\\/avatar\\\/b5fdae9d2ae28ca0f434202f2c9b6f29640a2b757fdbaa4592687900a399db3d?s=96&d=mm&r=g\",\"caption\":\"Denise Kling\"},\"url\":\"https:\\\/\\\/www.un.org\\\/pga\\\/73\\\/es\\\/author\\\/denise-klingun-org\\\/\"}]}<\/script>\n<!-- \/ Yoast SEO plugin. -->","yoast_head_json":{"title":"Di\u00e1logo Internacional sobre la Migraci\u00f3n 2019 \u201cJuventud y migraci\u00f3n: involucrar a los j\u00f3venes como asociados fundamentales en la gobernanza de la migraci\u00f3n\u201d - Asamblea General de las Naciones Unidas","robots":{"index":"index","follow":"follow","max-snippet":"max-snippet:-1","max-image-preview":"max-image-preview:large","max-video-preview":"max-video-preview:-1"},"canonical":"https:\/\/www.un.org\/pga\/73\/2019\/02\/28\/international-dialogue-on-migration-2019-youth-and-migration-engaging-youth-as-key-partners-in-migration-governance\/","og_locale":"es_ES","og_type":"article","og_title":"Di\u00e1logo Internacional sobre la Migraci\u00f3n 2019 \u201cJuventud y migraci\u00f3n: involucrar a los j\u00f3venes como asociados fundamentales en la gobernanza de la migraci\u00f3n\u201d - Asamblea General de las Naciones Unidas","og_description":"INTERVENCI\u00d3N DE LA PRESIDENTA DEL 73\u00ba PERIODO DE SESIONES DE LA ASAMBLEA GENERAL, S.E. MARIA FERNANDA ESPINOSA - Di\u00e1logo Internacional sobre la Migraci\u00f3n 2019 \u201cJuventud y migraci\u00f3n: involucrar a los j\u00f3venes como asociados fundamentales en la gobernanza de la migraci\u00f3n\u201d","og_url":"https:\/\/www.un.org\/pga\/73\/2019\/02\/28\/international-dialogue-on-migration-2019-youth-and-migration-engaging-youth-as-key-partners-in-migration-governance\/","og_site_name":"Asamblea General de las Naciones Unidas","article_published_time":"2019-02-28T16:12:00+00:00","article_modified_time":"2019-03-01T20:56:26+00:00","og_image":[{"width":831,"height":464,"url":"https:\/\/www.un.org\/pga\/wp-content\/uploads\/sites\/53\/2019\/02\/33.png","type":"image\/png"}],"author":"Denise Kling","twitter_card":"summary_large_image","twitter_misc":{"Escrito por":"Denise Kling","Tiempo de lectura":"6 minutos"},"schema":{"@context":"https:\/\/schema.org","@graph":[{"@type":"Article","@id":"https:\/\/www.un.org\/pga\/73\/2019\/02\/28\/international-dialogue-on-migration-2019-youth-and-migration-engaging-youth-as-key-partners-in-migration-governance\/#article","isPartOf":{"@id":"https:\/\/www.un.org\/pga\/73\/2019\/02\/28\/international-dialogue-on-migration-2019-youth-and-migration-engaging-youth-as-key-partners-in-migration-governance\/"},"author":{"name":"Denise Kling","@id":"https:\/\/www.un.org\/pga\/73\/#\/schema\/person\/af470bea9354ed1b453ade6d22b5c9ee"},"headline":"Di\u00e1logo Internacional sobre la Migraci\u00f3n 2019 \u201cJuventud y migraci\u00f3n: involucrar a los j\u00f3venes como asociados fundamentales en la gobernanza de la migraci\u00f3n\u201d","datePublished":"2019-02-28T16:12:00+00:00","dateModified":"2019-03-01T20:56:26+00:00","mainEntityOfPage":{"@id":"https:\/\/www.un.org\/pga\/73\/2019\/02\/28\/international-dialogue-on-migration-2019-youth-and-migration-engaging-youth-as-key-partners-in-migration-governance\/"},"wordCount":1169,"publisher":{"@id":"https:\/\/www.un.org\/pga\/73\/#organization"},"image":{"@id":"https:\/\/www.un.org\/pga\/73\/2019\/02\/28\/international-dialogue-on-migration-2019-youth-and-migration-engaging-youth-as-key-partners-in-migration-governance\/#primaryimage"},"thumbnailUrl":"https:\/\/www.un.org\/pga\/wp-content\/uploads\/sites\/53\/2019\/02\/33.png","articleSection":["Declaraciones"],"inLanguage":"es"},{"@type":"WebPage","@id":"https:\/\/www.un.org\/pga\/73\/2019\/02\/28\/international-dialogue-on-migration-2019-youth-and-migration-engaging-youth-as-key-partners-in-migration-governance\/","url":"https:\/\/www.un.org\/pga\/73\/2019\/02\/28\/international-dialogue-on-migration-2019-youth-and-migration-engaging-youth-as-key-partners-in-migration-governance\/","name":"Di\u00e1logo Internacional sobre la Migraci\u00f3n 2019 \u201cJuventud y migraci\u00f3n: involucrar a los j\u00f3venes como asociados fundamentales en la gobernanza de la migraci\u00f3n\u201d - Asamblea General de las Naciones Unidas","isPartOf":{"@id":"https:\/\/www.un.org\/pga\/73\/#website"},"primaryImageOfPage":{"@id":"https:\/\/www.un.org\/pga\/73\/2019\/02\/28\/international-dialogue-on-migration-2019-youth-and-migration-engaging-youth-as-key-partners-in-migration-governance\/#primaryimage"},"image":{"@id":"https:\/\/www.un.org\/pga\/73\/2019\/02\/28\/international-dialogue-on-migration-2019-youth-and-migration-engaging-youth-as-key-partners-in-migration-governance\/#primaryimage"},"thumbnailUrl":"https:\/\/www.un.org\/pga\/wp-content\/uploads\/sites\/53\/2019\/02\/33.png","datePublished":"2019-02-28T16:12:00+00:00","dateModified":"2019-03-01T20:56:26+00:00","breadcrumb":{"@id":"https:\/\/www.un.org\/pga\/73\/2019\/02\/28\/international-dialogue-on-migration-2019-youth-and-migration-engaging-youth-as-key-partners-in-migration-governance\/#breadcrumb"},"inLanguage":"es","potentialAction":[{"@type":"ReadAction","target":["https:\/\/www.un.org\/pga\/73\/2019\/02\/28\/international-dialogue-on-migration-2019-youth-and-migration-engaging-youth-as-key-partners-in-migration-governance\/"]}]},{"@type":"ImageObject","inLanguage":"es","@id":"https:\/\/www.un.org\/pga\/73\/2019\/02\/28\/international-dialogue-on-migration-2019-youth-and-migration-engaging-youth-as-key-partners-in-migration-governance\/#primaryimage","url":"https:\/\/www.un.org\/pga\/wp-content\/uploads\/sites\/53\/2019\/02\/33.png","contentUrl":"https:\/\/www.un.org\/pga\/wp-content\/uploads\/sites\/53\/2019\/02\/33.png","width":831,"height":464},{"@type":"BreadcrumbList","@id":"https:\/\/www.un.org\/pga\/73\/2019\/02\/28\/international-dialogue-on-migration-2019-youth-and-migration-engaging-youth-as-key-partners-in-migration-governance\/#breadcrumb","itemListElement":[{"@type":"ListItem","position":1,"name":"Home","item":"https:\/\/www.un.org\/pga\/73\/es\/"},{"@type":"ListItem","position":2,"name":"Di\u00e1logo Internacional sobre la Migraci\u00f3n 2019 \u201cJuventud y migraci\u00f3n: involucrar a los j\u00f3venes como asociados fundamentales en la gobernanza de la migraci\u00f3n\u201d"}]},{"@type":"WebSite","@id":"https:\/\/www.un.org\/pga\/73\/#website","url":"https:\/\/www.un.org\/pga\/73\/","name":"General Assembly of the United Nations","description":"Presidenta del 73\u00b0 per\u00edodo de sesiones","publisher":{"@id":"https:\/\/www.un.org\/pga\/73\/#organization"},"potentialAction":[{"@type":"SearchAction","target":{"@type":"EntryPoint","urlTemplate":"https:\/\/www.un.org\/pga\/73\/?s={search_term_string}"},"query-input":{"@type":"PropertyValueSpecification","valueRequired":true,"valueName":"search_term_string"}}],"inLanguage":"es"},{"@type":"Organization","@id":"https:\/\/www.un.org\/pga\/73\/#organization","name":"General Assembly of the United Nations","url":"https:\/\/www.un.org\/pga\/73\/","logo":{"@type":"ImageObject","inLanguage":"es","@id":"https:\/\/www.un.org\/pga\/73\/#\/schema\/logo\/image\/","url":"https:\/\/www.un.org\/pga\/wp-content\/uploads\/sites\/53\/2018\/07\/18-00066a_Ä¢¹½ÊÓÆµGA73_Logos-no-type-04.png","contentUrl":"https:\/\/www.un.org\/pga\/wp-content\/uploads\/sites\/53\/2018\/07\/18-00066a_Ä¢¹½ÊÓÆµGA73_Logos-no-type-04.png","width":529,"height":601,"caption":"General Assembly of the United Nations"},"image":{"@id":"https:\/\/www.un.org\/pga\/73\/#\/schema\/logo\/image\/"}},{"@type":"Person","@id":"https:\/\/www.un.org\/pga\/73\/#\/schema\/person\/af470bea9354ed1b453ade6d22b5c9ee","name":"Denise Kling","image":{"@type":"ImageObject","inLanguage":"es","@id":"https:\/\/secure.gravatar.com\/avatar\/b5fdae9d2ae28ca0f434202f2c9b6f29640a2b757fdbaa4592687900a399db3d?s=96&d=mm&r=g","url":"https:\/\/secure.gravatar.com\/avatar\/b5fdae9d2ae28ca0f434202f2c9b6f29640a2b757fdbaa4592687900a399db3d?s=96&d=mm&r=g","contentUrl":"https:\/\/secure.gravatar.com\/avatar\/b5fdae9d2ae28ca0f434202f2c9b6f29640a2b757fdbaa4592687900a399db3d?s=96&d=mm&r=g","caption":"Denise Kling"},"url":"https:\/\/www.un.org\/pga\/73\/es\/author\/denise-klingun-org\/"}]}},"_links":{"self":[{"href":"https:\/\/www.un.org\/pga\/73\/es\/wp-json\/wp\/v2\/posts\/180816","targetHints":{"allow":["GET"]}}],"collection":[{"href":"https:\/\/www.un.org\/pga\/73\/es\/wp-json\/wp\/v2\/posts"}],"about":[{"href":"https:\/\/www.un.org\/pga\/73\/es\/wp-json\/wp\/v2\/types\/post"}],"author":[{"embeddable":true,"href":"https:\/\/www.un.org\/pga\/73\/es\/wp-json\/wp\/v2\/users\/266"}],"replies":[{"embeddable":true,"href":"https:\/\/www.un.org\/pga\/73\/es\/wp-json\/wp\/v2\/comments?post=180816"}],"version-history":[{"count":0,"href":"https:\/\/www.un.org\/pga\/73\/es\/wp-json\/wp\/v2\/posts\/180816\/revisions"}],"wp:featuredmedia":[{"embeddable":true,"href":"https:\/\/www.un.org\/pga\/73\/es\/wp-json\/wp\/v2\/media\/180810"}],"wp:attachment":[{"href":"https:\/\/www.un.org\/pga\/73\/es\/wp-json\/wp\/v2\/media?parent=180816"}],"wp:term":[{"taxonomy":"category","embeddable":true,"href":"https:\/\/www.un.org\/pga\/73\/es\/wp-json\/wp\/v2\/categories?post=180816"},{"taxonomy":"post_tag","embeddable":true,"href":"https:\/\/www.un.org\/pga\/73\/es\/wp-json\/wp\/v2\/tags?post=180816"}],"curies":[{"name":"wp","href":"https:\/\/api.w.org\/{rel}","templated":true}]}}