  {"id":183238,"date":"2019-03-25T18:39:12","date_gmt":"2019-03-25T22:39:12","guid":{"rendered":"https:\/\/www.un.org\/pga\/73\/2019\/03\/25\/commemoration-of-the-international-day-of-remembrance-of-the-victims-of-slavery-and-the-transatlantic-slave-trade-2\/"},"modified":"2019-03-25T18:43:56","modified_gmt":"2019-03-25T22:43:56","slug":"commemoration-of-the-international-day-of-remembrance-of-the-victims-of-slavery-and-the-transatlantic-slave-trade-2","status":"publish","type":"post","link":"https:\/\/www.un.org\/pga\/73\/es\/2019\/03\/25\/commemoration-of-the-international-day-of-remembrance-of-the-victims-of-slavery-and-the-transatlantic-slave-trade-2\/","title":{"rendered":"Plenaria Conmemorativa del D\u00eda Internacional del Recuerdo de las V\u00edctimas de la Esclavitud y la Trata Transatl\u00e1ntica de Esclavos"},"content":{"rendered":"<p>[et_pb_section bb_built=\u00bb1&#8243;][et_pb_row][et_pb_column type=\u00bb4_4&#8243;][et_pb_text _builder_version=\u00bb3.19.7&#8243; border_style=\u00bbsolid\u00bb background_position=\u00bbtop_left\u00bb background_repeat=\u00bbrepeat\u00bb background_size=\u00bbinitial\u00bb]<\/p>\n<p style=\"text-align: center\"><strong><em>&#8211; Como Pronunciado &#8211;<\/em><\/strong><\/p>\n<p><strong>INTERVENCION DE LA PRESIDENTA DEL 73 PERIODO DE SESIONES DE LA ASAMBLEA GENERAL, S.E. MARIA FERNANDA ESPINOSA<\/strong><\/p>\n<p><strong><span class=\"updated\">25 de Marzo 2019<\/span><\/strong><\/p>\n<p><img loading=\"lazy\" decoding=\"async\" class=\"alignleft wp-image-183214 size-medium\" src=\"https:\/\/www.un.org\/pga\/73\/wp-content\/uploads\/sites\/53\/2019\/03\/Capture-3-300x195.png\" alt=\"\" width=\"300\" height=\"195\" srcset=\"https:\/\/www.un.org\/pga\/wp-content\/uploads\/sites\/53\/2019\/03\/Capture-3-300x195.png 300w, https:\/\/www.un.org\/pga\/wp-content\/uploads\/sites\/53\/2019\/03\/Capture-3-150x97.png 150w, https:\/\/www.un.org\/pga\/wp-content\/uploads\/sites\/53\/2019\/03\/Capture-3-768x498.png 768w, https:\/\/www.un.org\/pga\/wp-content\/uploads\/sites\/53\/2019\/03\/Capture-3.png 871w\" sizes=\"(max-width: 300px) 100vw, 300px\" \/><\/p>\n<p>Estimado Ant\u00f3nio Guterres, Secretario General,<\/p>\n<p>Representantes Permanentes, Delegados y Delegadas:<\/p>\n<p>Existen cap\u00edtulos en la historia de la humanidad tan tr\u00e1gicos que, de tan solo recordarlos, nos produce un profundo dolor. Pero, a la vez, la memoria es necesaria para prevenir, para reconciliar y, sobre todo, para no repetir los errores del pasado.<\/p>\n<p>La esclavitud es uno de esos momentos tr\u00e1gicos de nuestra historia.<\/p>\n<p>&nbsp;<\/p>\n<p>Durante tres siglos, millones de seres humanos -hombres, mujeres, ni\u00f1os y ni\u00f1as- fueron brutalmente arrancados de sus hogares en \u00c1frica, comprados y vendidos como objetos, despojados de toda dignidad.<\/p>\n<p>Cada una de esas personas sufri\u00f3 los horrores de la explotaci\u00f3n, la violencia y la exclusi\u00f3n, y sus dram\u00e1ticas consecuencias a\u00fan persisten en el mundo.<\/p>\n<p>En este d\u00eda internacional rendimos tributo a las v\u00edctimas de tan aberrante pr\u00e1ctica. Honramos su resistencia, su valor y su entereza.<\/p>\n<p>Quiero recordar, muy especialmente, a las mujeres esclavas, quienes, adem\u00e1s de ser sometidas a interminables trabajos forzados y a terribles actos de violencia, padecieron explotaci\u00f3n f\u00edsica para perpetuar la cadena de comercio de la esclavitud.<\/p>\n<p>A pesar de ello, estas mujeres fueron esenciales para mantener la dignidad de sus comunidades. Muchas lideraron insurrecciones y se convirtieron en parte activa de los movimientos abolicionistas, como Harriet Tubman, que liber\u00f3 a cientos de esclavos presos en las plantaciones del sur de Estados Unidos y que dedic\u00f3 toda su vida a esta causa. Nombrar a estas mujeres es un acto de justicia y reparaci\u00f3n.<\/p>\n<p>[\/et_pb_text][\/et_pb_column][\/et_pb_row][et_pb_row][et_pb_column type=\u00bb1_2&#8243;][et_pb_text _builder_version=\u00bb3.19.7&#8243;]<\/p>\n<p>Excelencias,<\/p>\n<p>El pasado mes de diciembre conmemoramos los 70 a\u00f1os de la Declaraci\u00f3n Universal de los Derechos Humanos. Un documento que inaugur\u00f3 una nueva era de igualdad y libertad para todas las personas, basada en la dignidad humana. Su Art\u00edculo 4 dispone, de manera contundente, que nadie debe ser sometido a esclavitud ni servidumbre.<\/p>\n<p>Sin embargo, para muchos, este precepto est\u00e1 lejos de cumplirse. Alrededor del mundo, se estima que m\u00e1s de 40 millones de personas est\u00e1n sometidas a la esclavitud moderna. El 71% de las v\u00edctimas de la trata de personas son mujeres y ni\u00f1as.<\/p>\n<p>[\/et_pb_text][\/et_pb_column][et_pb_column type=\u00bb1_2&#8243;][et_pb_code _builder_version=\u00bb3.19.7&#8243;]\n<!-- iframe plugin v.6.0 wordpress.org\/plugins\/iframe\/ -->\n<iframe loading=\"lazy\" width=\"100%\" height=\"250\" src=\"\/\/www.un.org\/webcast\/1362235914001\/B1J3DDQJf_default\/index.html?videoId=6017853453001\" scrolling=\"yes\" class=\"iframe-class\" frameborder=\"0\"><\/iframe>\n<!-- [et_pb_line_break_holder] --><!-- [et_pb_line_break_holder] -->[\/et_pb_code][\/et_pb_column][\/et_pb_row][et_pb_row][et_pb_column type=\u00bb4_4&#8243;][et_pb_text _builder_version=\u00bb3.19.7&#8243;]<\/p>\n<p>Esto no solo es alarmante, es inaceptable en el Siglo XXI.<\/p>\n<p>Pero no se trata solo de denunciar esta lacerante realidad, se trata de combatir las causas estructurales que sustentan la explotaci\u00f3n sexual, la explotaci\u00f3n laboral, la servidumbre dom\u00e9stica, los matrimonios forzados, entre tantas otras formas inhumanas de sometimiento. Como la discriminaci\u00f3n racial y los prejuicios que clasifican y jerarquizan a las personas seg\u00fan su color de piel.<\/p>\n<p>El racismo no solamente limita el pleno desarrollo de las personas afrodescendientes y representa una afrenta a su dignidad, sino que, adem\u00e1s, priva a las sociedades de una convivencia pac\u00edfica y de un desarrollo verdadero e incluyente.<\/p>\n<p>Siempre que he tenido la oportunidad de visitar el monumento del Arca del Retorno, el momento ha sido poderoso y profundo. Este bello e impactante memorial es un recordatorio del sufrimiento causado por la codicia humana, pero es tambi\u00e9n un s\u00edmbolo de nuestra promesa colectiva, en nombre de todos los pueblos del mundo, de que no volveremos al pasado, de que trabajaremos incansablemente para no repetir nunca ese tr\u00e1gico pasaje de la historia humana.<\/p>\n<p>La concientizaci\u00f3n, la educaci\u00f3n y la reflexi\u00f3n, con una mirada cr\u00edtica, son fundamentales. Debemos dar especial atenci\u00f3n a las generaciones j\u00f3venes, trabajando con ellas, incluy\u00e9ndolas en las iniciativas para alertar sobre los peligros del racismo, la intolerancia y la exclusi\u00f3n social.<\/p>\n<p>[\/et_pb_text][et_pb_testimonial _builder_version=\u00bb3.19.7&#8243; author=\u00bbMar\u00eda Fernanda Espinosa Garc\u00e9s\u00bb portrait_url=\u00bbhttps:\/\/www.un.org\/pga\/73\/wp-content\/uploads\/sites\/53\/2018\/09\/PGA-73084-e1537294481964.jpg\u00bb border_style=\u00bbsolid\u00bb job_title=\u00bbPRESIDENTA DEL 73 PERIODO DE SESIONES DE LA ASAMBLEA GENERAL\u00bb quote_icon_background_color=\u00bb#f5f5f5&#8243; background_position=\u00bbtop_left\u00bb background_repeat=\u00bbrepeat\u00bb background_size=\u00bbinitial\u00bb quote_icon_color=\u00bb#00aff8&#8243;]<\/p>\n<p><span style=\"color: #0000ff\">Existen cap\u00edtulos en la historia de la humanidad tan tr\u00e1gicos que, de tan solo recordarlos, nos produce un profundo dolor. Pero, a la vez, la memoria es necesaria para prevenir, para reconciliar y, sobre todo, para no repetir los errores del pasado.<\/span><\/p>\n<p><span style=\"color: #0000ff\">La esclavitud es uno de esos momentos tr\u00e1gicos de nuestra historia.<\/span><\/p>\n<p>[\/et_pb_testimonial][et_pb_text _builder_version=\u00bb3.19.7&#8243; border_style=\u00bbsolid\u00bb background_position=\u00bbtop_left\u00bb background_repeat=\u00bbrepeat\u00bb background_size=\u00bbinitial\u00bb]<\/p>\n<p>En ese sentido, quiero elogiar la elecci\u00f3n del tema para la conmemoraci\u00f3n de este a\u00f1o. Hist\u00f3ricamente, las comunidades afrodescendientes no solo que han hecho del arte y la creaci\u00f3n un veh\u00edculo de resistencia y demanda de justicia, sino que han hecho aportes extraordinarios a la historia del arte, a los imaginarios y a la memoria colectiva de sus pa\u00edses. Hombres y mujeres afrodescendientes: escritores, cineastas, pintores, m\u00fasicos, escultores, han revolucionado y potenciado la matriz est\u00e9tica del mundo entero.<\/p>\n<p>Como poeta, no tengo duda del poder transformador del arte y de su fuerza para sanar heridas, tender puentes y reconstruir el tejido social.<\/p>\n<p>El arte, adem\u00e1s, es un agente de cambio, contribuye a la reflexi\u00f3n colectiva y a promover reformas en los sistemas pol\u00edticos, sociales y econ\u00f3micos.<\/p>\n<p>Hoy d\u00eda, muchos artistas que luchan contra la discriminaci\u00f3n racial son el centro de los discursos de odio y de ataques, al igual que muchos defensores de los derechos humanos. Tenemos la responsabilidad pol\u00edtica y moral de no dejarlos solos.<\/p>\n<p>Destaco los diversos programas educativos y culturales y las iniciativas que lleva adelante el sistema de las Naciones Unidas, los Estados Miembros y la sociedad civil para crear conciencia sobre la esclavitud y el racismo. \u00a0As\u00ed tambi\u00e9n debemos seguir promoviendo el Decenio Internacional para los Afrodescendientes.<\/p>\n<p>Y, por supuesto, debemos redoblar nuestros esfuerzos para cumplir la Agenda 2030, que nos ofrece un marco para la acci\u00f3n para cerrar las brechas que siguen condenando a las personas y a comunidades afrodescendientes a la marginaci\u00f3n.<\/p>\n<p>Excelencias,<\/p>\n<p>Para concluir, me gustar\u00eda citar una hermosa estrofa del ic\u00f3nico poema \u00ab<em>Still I Rise<\/em>\u00bb de la escritora Maya Angelou, una oda al orgullo, a la resiliencia y a la esperanza de nuestros hermanos y hermanas afrodescendientes, y leo:<\/p>\n<p style=\"text-align: center\">\u00ab<em>Leaving behind nights of terror and fear<\/em><\/p>\n<p style=\"text-align: center\"><em>I rise<\/em><\/p>\n<p style=\"text-align: center\"><em>Into a daybreak that\u2019s wondrously clear<\/em><\/p>\n<p style=\"text-align: center\"><em>I rise<\/em><\/p>\n<p style=\"text-align: center\"><em>Bringing the gifts that my ancestors gave,<\/em><\/p>\n<p style=\"text-align: center\"><em>I am the dream and the hope of the slave.<\/em><\/p>\n<p style=\"text-align: center\"><em>I rise. I rise. I rise<\/em>.\u00bb<\/p>\n<p>Muchas gracias.<\/p>\n<p>[\/et_pb_text][\/et_pb_column][\/et_pb_row][\/et_pb_section]<\/p>\n","protected":false},"excerpt":{"rendered":"<p>INTERVENCION DE LA PRESIDENTA DEL 73 PERIODO DE SESIONES DE LA ASAMBLEA GENERAL, S.E. MARIA FERNANDA ESPINOSA &#8211; Plenaria Conmemorativa del D\u00eda Internacional del Recuerdo de las V\u00edctimas de la Esclavitud y la Trata Transatl\u00e1ntica de Esclavos<\/p>\n","protected":false},"author":266,"featured_media":183229,"comment_status":"closed","ping_status":"closed","sticky":false,"template":"","format":"standard","meta":{"_et_pb_use_builder":"on","_et_pb_old_content":"","_et_gb_content_width":"","footnotes":"","_links_to":"","_links_to_target":""},"categories":[181],"tags":[],"class_list":["post-183238","post","type-post","status-publish","format-standard","has-post-thumbnail","hentry","category-statements-es","et-has-post-format-content","et_post_format-et-post-format-standard"],"yoast_head":"<!-- This site is optimized with the Yoast SEO plugin v28.3 - https:\/\/yoast.com\/product\/yoast-seo-wordpress\/ -->\n<title>Plenaria Conmemorativa del D\u00eda Internacional del Recuerdo de las V\u00edctimas de la Esclavitud y la Trata Transatl\u00e1ntica de Esclavos - Asamblea General de las Naciones Unidas<\/title>\n<meta name=\"robots\" content=\"index, follow, max-snippet:-1, max-image-preview:large, max-video-preview:-1\" \/>\n<link rel=\"canonical\" href=\"https:\/\/www.un.org\/pga\/73\/es\/2019\/03\/25\/commemoration-of-the-international-day-of-remembrance-of-the-victims-of-slavery-and-the-transatlantic-slave-trade-2\/\" \/>\n<meta property=\"og:locale\" content=\"es_ES\" \/>\n<meta property=\"og:type\" content=\"article\" \/>\n<meta property=\"og:title\" content=\"Plenaria Conmemorativa del D\u00eda Internacional del Recuerdo de las V\u00edctimas de la Esclavitud y la Trata Transatl\u00e1ntica de Esclavos - Asamblea General de las Naciones Unidas\" \/>\n<meta property=\"og:description\" content=\"INTERVENCION DE LA PRESIDENTA DEL 73 PERIODO DE SESIONES DE LA ASAMBLEA GENERAL, S.E. MARIA FERNANDA ESPINOSA - Plenaria Conmemorativa del D\u00eda Internacional del Recuerdo de las V\u00edctimas de la Esclavitud y la Trata Transatl\u00e1ntica de Esclavos\" \/>\n<meta property=\"og:url\" content=\"https:\/\/www.un.org\/pga\/73\/es\/2019\/03\/25\/commemoration-of-the-international-day-of-remembrance-of-the-victims-of-slavery-and-the-transatlantic-slave-trade-2\/\" \/>\n<meta property=\"og:site_name\" content=\"Asamblea General de las Naciones Unidas\" \/>\n<meta property=\"article:published_time\" content=\"2019-03-25T22:39:12+00:00\" \/>\n<meta property=\"article:modified_time\" content=\"2019-03-25T22:43:56+00:00\" \/>\n<meta property=\"og:image\" content=\"https:\/\/www.un.org\/pga\/wp-content\/uploads\/sites\/53\/2019\/03\/Capture-3.png\" \/>\n\t<meta property=\"og:image:width\" content=\"871\" \/>\n\t<meta property=\"og:image:height\" content=\"565\" \/>\n\t<meta property=\"og:image:type\" content=\"image\/png\" \/>\n<meta name=\"author\" content=\"Denise Kling\" \/>\n<meta name=\"twitter:card\" content=\"summary_large_image\" \/>\n<meta name=\"twitter:label1\" content=\"Escrito por\" \/>\n\t<meta name=\"twitter:data1\" content=\"Denise Kling\" \/>\n\t<meta name=\"twitter:label2\" content=\"Tiempo de lectura\" \/>\n\t<meta name=\"twitter:data2\" content=\"6 minutos\" \/>\n<script type=\"application\/ld+json\" class=\"yoast-schema-graph\">{\"@context\":\"https:\\\/\\\/schema.org\",\"@graph\":[{\"@type\":\"Article\",\"@id\":\"https:\\\/\\\/www.un.org\\\/pga\\\/73\\\/es\\\/2019\\\/03\\\/25\\\/commemoration-of-the-international-day-of-remembrance-of-the-victims-of-slavery-and-the-transatlantic-slave-trade-2\\\/#article\",\"isPartOf\":{\"@id\":\"https:\\\/\\\/www.un.org\\\/pga\\\/73\\\/es\\\/2019\\\/03\\\/25\\\/commemoration-of-the-international-day-of-remembrance-of-the-victims-of-slavery-and-the-transatlantic-slave-trade-2\\\/\"},\"author\":{\"name\":\"Denise Kling\",\"@id\":\"https:\\\/\\\/www.un.org\\\/pga\\\/73\\\/#\\\/schema\\\/person\\\/af470bea9354ed1b453ade6d22b5c9ee\"},\"headline\":\"Plenaria Conmemorativa del D\u00eda Internacional del Recuerdo de las V\u00edctimas de la Esclavitud y la Trata Transatl\u00e1ntica de Esclavos\",\"datePublished\":\"2019-03-25T22:39:12+00:00\",\"dateModified\":\"2019-03-25T22:43:56+00:00\",\"mainEntityOfPage\":{\"@id\":\"https:\\\/\\\/www.un.org\\\/pga\\\/73\\\/es\\\/2019\\\/03\\\/25\\\/commemoration-of-the-international-day-of-remembrance-of-the-victims-of-slavery-and-the-transatlantic-slave-trade-2\\\/\"},\"wordCount\":1244,\"publisher\":{\"@id\":\"https:\\\/\\\/www.un.org\\\/pga\\\/73\\\/#organization\"},\"image\":{\"@id\":\"https:\\\/\\\/www.un.org\\\/pga\\\/73\\\/es\\\/2019\\\/03\\\/25\\\/commemoration-of-the-international-day-of-remembrance-of-the-victims-of-slavery-and-the-transatlantic-slave-trade-2\\\/#primaryimage\"},\"thumbnailUrl\":\"https:\\\/\\\/www.un.org\\\/pga\\\/wp-content\\\/uploads\\\/sites\\\/53\\\/2019\\\/03\\\/Capture-3.png\",\"articleSection\":[\"Declaraciones\"],\"inLanguage\":\"es\"},{\"@type\":\"WebPage\",\"@id\":\"https:\\\/\\\/www.un.org\\\/pga\\\/73\\\/es\\\/2019\\\/03\\\/25\\\/commemoration-of-the-international-day-of-remembrance-of-the-victims-of-slavery-and-the-transatlantic-slave-trade-2\\\/\",\"url\":\"https:\\\/\\\/www.un.org\\\/pga\\\/73\\\/es\\\/2019\\\/03\\\/25\\\/commemoration-of-the-international-day-of-remembrance-of-the-victims-of-slavery-and-the-transatlantic-slave-trade-2\\\/\",\"name\":\"Plenaria Conmemorativa del D\u00eda Internacional del Recuerdo de las V\u00edctimas de la Esclavitud y la Trata Transatl\u00e1ntica de Esclavos - Asamblea General de las Naciones Unidas\",\"isPartOf\":{\"@id\":\"https:\\\/\\\/www.un.org\\\/pga\\\/73\\\/#website\"},\"primaryImageOfPage\":{\"@id\":\"https:\\\/\\\/www.un.org\\\/pga\\\/73\\\/es\\\/2019\\\/03\\\/25\\\/commemoration-of-the-international-day-of-remembrance-of-the-victims-of-slavery-and-the-transatlantic-slave-trade-2\\\/#primaryimage\"},\"image\":{\"@id\":\"https:\\\/\\\/www.un.org\\\/pga\\\/73\\\/es\\\/2019\\\/03\\\/25\\\/commemoration-of-the-international-day-of-remembrance-of-the-victims-of-slavery-and-the-transatlantic-slave-trade-2\\\/#primaryimage\"},\"thumbnailUrl\":\"https:\\\/\\\/www.un.org\\\/pga\\\/wp-content\\\/uploads\\\/sites\\\/53\\\/2019\\\/03\\\/Capture-3.png\",\"datePublished\":\"2019-03-25T22:39:12+00:00\",\"dateModified\":\"2019-03-25T22:43:56+00:00\",\"breadcrumb\":{\"@id\":\"https:\\\/\\\/www.un.org\\\/pga\\\/73\\\/es\\\/2019\\\/03\\\/25\\\/commemoration-of-the-international-day-of-remembrance-of-the-victims-of-slavery-and-the-transatlantic-slave-trade-2\\\/#breadcrumb\"},\"inLanguage\":\"es\",\"potentialAction\":[{\"@type\":\"ReadAction\",\"target\":[\"https:\\\/\\\/www.un.org\\\/pga\\\/73\\\/es\\\/2019\\\/03\\\/25\\\/commemoration-of-the-international-day-of-remembrance-of-the-victims-of-slavery-and-the-transatlantic-slave-trade-2\\\/\"]}]},{\"@type\":\"ImageObject\",\"inLanguage\":\"es\",\"@id\":\"https:\\\/\\\/www.un.org\\\/pga\\\/73\\\/es\\\/2019\\\/03\\\/25\\\/commemoration-of-the-international-day-of-remembrance-of-the-victims-of-slavery-and-the-transatlantic-slave-trade-2\\\/#primaryimage\",\"url\":\"https:\\\/\\\/www.un.org\\\/pga\\\/wp-content\\\/uploads\\\/sites\\\/53\\\/2019\\\/03\\\/Capture-3.png\",\"contentUrl\":\"https:\\\/\\\/www.un.org\\\/pga\\\/wp-content\\\/uploads\\\/sites\\\/53\\\/2019\\\/03\\\/Capture-3.png\",\"width\":871,\"height\":565},{\"@type\":\"BreadcrumbList\",\"@id\":\"https:\\\/\\\/www.un.org\\\/pga\\\/73\\\/es\\\/2019\\\/03\\\/25\\\/commemoration-of-the-international-day-of-remembrance-of-the-victims-of-slavery-and-the-transatlantic-slave-trade-2\\\/#breadcrumb\",\"itemListElement\":[{\"@type\":\"ListItem\",\"position\":1,\"name\":\"Home\",\"item\":\"https:\\\/\\\/www.un.org\\\/pga\\\/73\\\/es\\\/\"},{\"@type\":\"ListItem\",\"position\":2,\"name\":\"Plenaria Conmemorativa del D\u00eda Internacional del Recuerdo de las V\u00edctimas de la Esclavitud y la Trata Transatl\u00e1ntica de Esclavos\"}]},{\"@type\":\"WebSite\",\"@id\":\"https:\\\/\\\/www.un.org\\\/pga\\\/73\\\/#website\",\"url\":\"https:\\\/\\\/www.un.org\\\/pga\\\/73\\\/\",\"name\":\"General Assembly of the United Nations\",\"description\":\"Presidenta del 73\u00b0 per\u00edodo de sesiones\",\"publisher\":{\"@id\":\"https:\\\/\\\/www.un.org\\\/pga\\\/73\\\/#organization\"},\"potentialAction\":[{\"@type\":\"SearchAction\",\"target\":{\"@type\":\"EntryPoint\",\"urlTemplate\":\"https:\\\/\\\/www.un.org\\\/pga\\\/73\\\/?s={search_term_string}\"},\"query-input\":{\"@type\":\"PropertyValueSpecification\",\"valueRequired\":true,\"valueName\":\"search_term_string\"}}],\"inLanguage\":\"es\"},{\"@type\":\"Organization\",\"@id\":\"https:\\\/\\\/www.un.org\\\/pga\\\/73\\\/#organization\",\"name\":\"General Assembly of the United Nations\",\"url\":\"https:\\\/\\\/www.un.org\\\/pga\\\/73\\\/\",\"logo\":{\"@type\":\"ImageObject\",\"inLanguage\":\"es\",\"@id\":\"https:\\\/\\\/www.un.org\\\/pga\\\/73\\\/#\\\/schema\\\/logo\\\/image\\\/\",\"url\":\"https:\\\/\\\/www.un.org\\\/pga\\\/wp-content\\\/uploads\\\/sites\\\/53\\\/2018\\\/07\\\/18-00066a_Ä¢¹½ÊÓÆµGA73_Logos-no-type-04.png\",\"contentUrl\":\"https:\\\/\\\/www.un.org\\\/pga\\\/wp-content\\\/uploads\\\/sites\\\/53\\\/2018\\\/07\\\/18-00066a_Ä¢¹½ÊÓÆµGA73_Logos-no-type-04.png\",\"width\":529,\"height\":601,\"caption\":\"General Assembly of the United Nations\"},\"image\":{\"@id\":\"https:\\\/\\\/www.un.org\\\/pga\\\/73\\\/#\\\/schema\\\/logo\\\/image\\\/\"}},{\"@type\":\"Person\",\"@id\":\"https:\\\/\\\/www.un.org\\\/pga\\\/73\\\/#\\\/schema\\\/person\\\/af470bea9354ed1b453ade6d22b5c9ee\",\"name\":\"Denise Kling\",\"image\":{\"@type\":\"ImageObject\",\"inLanguage\":\"es\",\"@id\":\"https:\\\/\\\/secure.gravatar.com\\\/avatar\\\/b5fdae9d2ae28ca0f434202f2c9b6f29640a2b757fdbaa4592687900a399db3d?s=96&d=mm&r=g\",\"url\":\"https:\\\/\\\/secure.gravatar.com\\\/avatar\\\/b5fdae9d2ae28ca0f434202f2c9b6f29640a2b757fdbaa4592687900a399db3d?s=96&d=mm&r=g\",\"contentUrl\":\"https:\\\/\\\/secure.gravatar.com\\\/avatar\\\/b5fdae9d2ae28ca0f434202f2c9b6f29640a2b757fdbaa4592687900a399db3d?s=96&d=mm&r=g\",\"caption\":\"Denise Kling\"},\"url\":\"https:\\\/\\\/www.un.org\\\/pga\\\/73\\\/es\\\/author\\\/denise-klingun-org\\\/\"}]}<\/script>\n<!-- \/ Yoast SEO plugin. -->","yoast_head_json":{"title":"Plenaria Conmemorativa del D\u00eda Internacional del Recuerdo de las V\u00edctimas de la Esclavitud y la Trata Transatl\u00e1ntica de Esclavos - Asamblea General de las Naciones Unidas","robots":{"index":"index","follow":"follow","max-snippet":"max-snippet:-1","max-image-preview":"max-image-preview:large","max-video-preview":"max-video-preview:-1"},"canonical":"https:\/\/www.un.org\/pga\/73\/es\/2019\/03\/25\/commemoration-of-the-international-day-of-remembrance-of-the-victims-of-slavery-and-the-transatlantic-slave-trade-2\/","og_locale":"es_ES","og_type":"article","og_title":"Plenaria Conmemorativa del D\u00eda Internacional del Recuerdo de las V\u00edctimas de la Esclavitud y la Trata Transatl\u00e1ntica de Esclavos - Asamblea General de las Naciones Unidas","og_description":"INTERVENCION DE LA PRESIDENTA DEL 73 PERIODO DE SESIONES DE LA ASAMBLEA GENERAL, S.E. MARIA FERNANDA ESPINOSA - Plenaria Conmemorativa del D\u00eda Internacional del Recuerdo de las V\u00edctimas de la Esclavitud y la Trata Transatl\u00e1ntica de Esclavos","og_url":"https:\/\/www.un.org\/pga\/73\/es\/2019\/03\/25\/commemoration-of-the-international-day-of-remembrance-of-the-victims-of-slavery-and-the-transatlantic-slave-trade-2\/","og_site_name":"Asamblea General de las Naciones Unidas","article_published_time":"2019-03-25T22:39:12+00:00","article_modified_time":"2019-03-25T22:43:56+00:00","og_image":[{"width":871,"height":565,"url":"https:\/\/www.un.org\/pga\/wp-content\/uploads\/sites\/53\/2019\/03\/Capture-3.png","type":"image\/png"}],"author":"Denise Kling","twitter_card":"summary_large_image","twitter_misc":{"Escrito por":"Denise Kling","Tiempo de lectura":"6 minutos"},"schema":{"@context":"https:\/\/schema.org","@graph":[{"@type":"Article","@id":"https:\/\/www.un.org\/pga\/73\/es\/2019\/03\/25\/commemoration-of-the-international-day-of-remembrance-of-the-victims-of-slavery-and-the-transatlantic-slave-trade-2\/#article","isPartOf":{"@id":"https:\/\/www.un.org\/pga\/73\/es\/2019\/03\/25\/commemoration-of-the-international-day-of-remembrance-of-the-victims-of-slavery-and-the-transatlantic-slave-trade-2\/"},"author":{"name":"Denise Kling","@id":"https:\/\/www.un.org\/pga\/73\/#\/schema\/person\/af470bea9354ed1b453ade6d22b5c9ee"},"headline":"Plenaria Conmemorativa del D\u00eda Internacional del Recuerdo de las V\u00edctimas de la Esclavitud y la Trata Transatl\u00e1ntica de Esclavos","datePublished":"2019-03-25T22:39:12+00:00","dateModified":"2019-03-25T22:43:56+00:00","mainEntityOfPage":{"@id":"https:\/\/www.un.org\/pga\/73\/es\/2019\/03\/25\/commemoration-of-the-international-day-of-remembrance-of-the-victims-of-slavery-and-the-transatlantic-slave-trade-2\/"},"wordCount":1244,"publisher":{"@id":"https:\/\/www.un.org\/pga\/73\/#organization"},"image":{"@id":"https:\/\/www.un.org\/pga\/73\/es\/2019\/03\/25\/commemoration-of-the-international-day-of-remembrance-of-the-victims-of-slavery-and-the-transatlantic-slave-trade-2\/#primaryimage"},"thumbnailUrl":"https:\/\/www.un.org\/pga\/wp-content\/uploads\/sites\/53\/2019\/03\/Capture-3.png","articleSection":["Declaraciones"],"inLanguage":"es"},{"@type":"WebPage","@id":"https:\/\/www.un.org\/pga\/73\/es\/2019\/03\/25\/commemoration-of-the-international-day-of-remembrance-of-the-victims-of-slavery-and-the-transatlantic-slave-trade-2\/","url":"https:\/\/www.un.org\/pga\/73\/es\/2019\/03\/25\/commemoration-of-the-international-day-of-remembrance-of-the-victims-of-slavery-and-the-transatlantic-slave-trade-2\/","name":"Plenaria Conmemorativa del D\u00eda Internacional del Recuerdo de las V\u00edctimas de la Esclavitud y la Trata Transatl\u00e1ntica de Esclavos - Asamblea General de las Naciones Unidas","isPartOf":{"@id":"https:\/\/www.un.org\/pga\/73\/#website"},"primaryImageOfPage":{"@id":"https:\/\/www.un.org\/pga\/73\/es\/2019\/03\/25\/commemoration-of-the-international-day-of-remembrance-of-the-victims-of-slavery-and-the-transatlantic-slave-trade-2\/#primaryimage"},"image":{"@id":"https:\/\/www.un.org\/pga\/73\/es\/2019\/03\/25\/commemoration-of-the-international-day-of-remembrance-of-the-victims-of-slavery-and-the-transatlantic-slave-trade-2\/#primaryimage"},"thumbnailUrl":"https:\/\/www.un.org\/pga\/wp-content\/uploads\/sites\/53\/2019\/03\/Capture-3.png","datePublished":"2019-03-25T22:39:12+00:00","dateModified":"2019-03-25T22:43:56+00:00","breadcrumb":{"@id":"https:\/\/www.un.org\/pga\/73\/es\/2019\/03\/25\/commemoration-of-the-international-day-of-remembrance-of-the-victims-of-slavery-and-the-transatlantic-slave-trade-2\/#breadcrumb"},"inLanguage":"es","potentialAction":[{"@type":"ReadAction","target":["https:\/\/www.un.org\/pga\/73\/es\/2019\/03\/25\/commemoration-of-the-international-day-of-remembrance-of-the-victims-of-slavery-and-the-transatlantic-slave-trade-2\/"]}]},{"@type":"ImageObject","inLanguage":"es","@id":"https:\/\/www.un.org\/pga\/73\/es\/2019\/03\/25\/commemoration-of-the-international-day-of-remembrance-of-the-victims-of-slavery-and-the-transatlantic-slave-trade-2\/#primaryimage","url":"https:\/\/www.un.org\/pga\/wp-content\/uploads\/sites\/53\/2019\/03\/Capture-3.png","contentUrl":"https:\/\/www.un.org\/pga\/wp-content\/uploads\/sites\/53\/2019\/03\/Capture-3.png","width":871,"height":565},{"@type":"BreadcrumbList","@id":"https:\/\/www.un.org\/pga\/73\/es\/2019\/03\/25\/commemoration-of-the-international-day-of-remembrance-of-the-victims-of-slavery-and-the-transatlantic-slave-trade-2\/#breadcrumb","itemListElement":[{"@type":"ListItem","position":1,"name":"Home","item":"https:\/\/www.un.org\/pga\/73\/es\/"},{"@type":"ListItem","position":2,"name":"Plenaria Conmemorativa del D\u00eda Internacional del Recuerdo de las V\u00edctimas de la Esclavitud y la Trata Transatl\u00e1ntica de Esclavos"}]},{"@type":"WebSite","@id":"https:\/\/www.un.org\/pga\/73\/#website","url":"https:\/\/www.un.org\/pga\/73\/","name":"General Assembly of the United Nations","description":"Presidenta del 73\u00b0 per\u00edodo de sesiones","publisher":{"@id":"https:\/\/www.un.org\/pga\/73\/#organization"},"potentialAction":[{"@type":"SearchAction","target":{"@type":"EntryPoint","urlTemplate":"https:\/\/www.un.org\/pga\/73\/?s={search_term_string}"},"query-input":{"@type":"PropertyValueSpecification","valueRequired":true,"valueName":"search_term_string"}}],"inLanguage":"es"},{"@type":"Organization","@id":"https:\/\/www.un.org\/pga\/73\/#organization","name":"General Assembly of the United Nations","url":"https:\/\/www.un.org\/pga\/73\/","logo":{"@type":"ImageObject","inLanguage":"es","@id":"https:\/\/www.un.org\/pga\/73\/#\/schema\/logo\/image\/","url":"https:\/\/www.un.org\/pga\/wp-content\/uploads\/sites\/53\/2018\/07\/18-00066a_Ä¢¹½ÊÓÆµGA73_Logos-no-type-04.png","contentUrl":"https:\/\/www.un.org\/pga\/wp-content\/uploads\/sites\/53\/2018\/07\/18-00066a_Ä¢¹½ÊÓÆµGA73_Logos-no-type-04.png","width":529,"height":601,"caption":"General Assembly of the United Nations"},"image":{"@id":"https:\/\/www.un.org\/pga\/73\/#\/schema\/logo\/image\/"}},{"@type":"Person","@id":"https:\/\/www.un.org\/pga\/73\/#\/schema\/person\/af470bea9354ed1b453ade6d22b5c9ee","name":"Denise Kling","image":{"@type":"ImageObject","inLanguage":"es","@id":"https:\/\/secure.gravatar.com\/avatar\/b5fdae9d2ae28ca0f434202f2c9b6f29640a2b757fdbaa4592687900a399db3d?s=96&d=mm&r=g","url":"https:\/\/secure.gravatar.com\/avatar\/b5fdae9d2ae28ca0f434202f2c9b6f29640a2b757fdbaa4592687900a399db3d?s=96&d=mm&r=g","contentUrl":"https:\/\/secure.gravatar.com\/avatar\/b5fdae9d2ae28ca0f434202f2c9b6f29640a2b757fdbaa4592687900a399db3d?s=96&d=mm&r=g","caption":"Denise Kling"},"url":"https:\/\/www.un.org\/pga\/73\/es\/author\/denise-klingun-org\/"}]}},"_links":{"self":[{"href":"https:\/\/www.un.org\/pga\/73\/es\/wp-json\/wp\/v2\/posts\/183238","targetHints":{"allow":["GET"]}}],"collection":[{"href":"https:\/\/www.un.org\/pga\/73\/es\/wp-json\/wp\/v2\/posts"}],"about":[{"href":"https:\/\/www.un.org\/pga\/73\/es\/wp-json\/wp\/v2\/types\/post"}],"author":[{"embeddable":true,"href":"https:\/\/www.un.org\/pga\/73\/es\/wp-json\/wp\/v2\/users\/266"}],"replies":[{"embeddable":true,"href":"https:\/\/www.un.org\/pga\/73\/es\/wp-json\/wp\/v2\/comments?post=183238"}],"version-history":[{"count":0,"href":"https:\/\/www.un.org\/pga\/73\/es\/wp-json\/wp\/v2\/posts\/183238\/revisions"}],"wp:featuredmedia":[{"embeddable":true,"href":"https:\/\/www.un.org\/pga\/73\/es\/wp-json\/wp\/v2\/media\/183229"}],"wp:attachment":[{"href":"https:\/\/www.un.org\/pga\/73\/es\/wp-json\/wp\/v2\/media?parent=183238"}],"wp:term":[{"taxonomy":"category","embeddable":true,"href":"https:\/\/www.un.org\/pga\/73\/es\/wp-json\/wp\/v2\/categories?post=183238"},{"taxonomy":"post_tag","embeddable":true,"href":"https:\/\/www.un.org\/pga\/73\/es\/wp-json\/wp\/v2\/tags?post=183238"}],"curies":[{"name":"wp","href":"https:\/\/api.w.org\/{rel}","templated":true}]}}