  {"id":185226,"date":"2019-04-10T09:46:59","date_gmt":"2019-04-10T13:46:59","guid":{"rendered":"https:\/\/www.un.org\/pga\/73\/2019\/04\/10\/interactive-dialogue-on-decent-work-on-the-occasion-of-the-100th-anniversary-of-the-international-labor-organization\/"},"modified":"2019-04-11T09:59:54","modified_gmt":"2019-04-11T13:59:54","slug":"interactive-dialogue-on-decent-work-on-the-occasion-of-the-100th-anniversary-of-the-international-labor-organization","status":"publish","type":"post","link":"https:\/\/www.un.org\/pga\/73\/es\/2019\/04\/10\/interactive-dialogue-on-decent-work-on-the-occasion-of-the-100th-anniversary-of-the-international-labor-organization\/","title":{"rendered":"Di\u00e1logo Interactivo de la Reuni\u00f3n de alto nivel sobre Trabajo Decente para conmemorar el cent\u00e9simo aniversario de la Organizaci\u00f3n Internacional del Trabajo"},"content":{"rendered":"<p>[et_pb_section bb_built=\u00bb1&#8243;][et_pb_row][et_pb_column type=\u00bb4_4&#8243;][et_pb_text _builder_version=\u00bb3.19.7&#8243; border_style=\u00bbsolid\u00bb background_position=\u00bbtop_left\u00bb background_repeat=\u00bbrepeat\u00bb background_size=\u00bbinitial\u00bb]<\/p>\n<p style=\"text-align: center\"><strong><em>&#8211; Como Pronunciado &#8211;<\/em><\/strong><\/p>\n<h3>Statement by H.E. Mrs. Mar\u00eda Fernanda Espinosa Garc\u00e9s, President of the 73<sup>rd<\/sup> Session of the Ä¢¹½ÊÓÆµ General Assembly<\/h3>\n<p><strong><span class=\"updated\">10 de Abril 2019<\/span><\/strong><\/p>\n<p><img loading=\"lazy\" decoding=\"async\" class=\"alignleft wp-image-185205 size-medium\" src=\"https:\/\/www.un.org\/pga\/73\/wp-content\/uploads\/sites\/53\/2019\/04\/11-300x190.png\" alt=\"\" width=\"300\" height=\"190\" srcset=\"https:\/\/www.un.org\/pga\/wp-content\/uploads\/sites\/53\/2019\/04\/11-300x190.png 300w, https:\/\/www.un.org\/pga\/wp-content\/uploads\/sites\/53\/2019\/04\/11-150x95.png 150w, https:\/\/www.un.org\/pga\/wp-content\/uploads\/sites\/53\/2019\/04\/11-768x485.png 768w, https:\/\/www.un.org\/pga\/wp-content\/uploads\/sites\/53\/2019\/04\/11-1024x647.png 1024w, https:\/\/www.un.org\/pga\/wp-content\/uploads\/sites\/53\/2019\/04\/11-1080x682.png 1080w, https:\/\/www.un.org\/pga\/wp-content\/uploads\/sites\/53\/2019\/04\/11.png 1548w\" sizes=\"(max-width: 300px) 100vw, 300px\" \/><\/p>\n<p>Estimado Guy Ryder, Director General de la Organizaci\u00f3n Internacional del Trabajo,<\/p>\n<p>Excelencias,<\/p>\n<p>Distinguidos invitados,<\/p>\n<p>Damas y Caballeros:<\/p>\n<p>Inicio agradeciendo la constructiva participaci\u00f3n de los Estados Miembros y Observadores esta ma\u00f1ana, en la sesi\u00f3n plenaria de conmemoraci\u00f3n de los 100 a\u00f1os de la Organizaci\u00f3n Internacional del Trabajo.<\/p>\n<p>Ha sido sumamente gratificante escuchar a los Estados reafirmar su compromiso con el logro del trabajo decente para todas las personas, como uno de los pilares del crecimiento econ\u00f3mico inclusivo y, a la vez, como una herramienta esencial para promover mayor justicia social e igualdad al interior de las sociedades. Estoy segura de que ma\u00f1ana, al reanudarse la sesi\u00f3n plenaria, seguiremos oyendo m\u00e1s voces en este mismo sentido.<\/p>\n<p>A continuaci\u00f3n, y como parte del evento, tendr\u00e1n lugar dos paneles interactivos sobre dos cuestiones que considero son centrales para el futuro del trabajo y sobre las que me referir\u00e9 brevemente.<\/p>\n<p>En primer lugar, los invito a abordar los desaf\u00edos y compromisos pendientes para asegurar que todas las personas accedan a un trabajo decente y poder alcanzar el ODS 8.<\/p>\n<p>Por un lado, se trata de establecer las condiciones necesarias para la creaci\u00f3n de los 40 millones de empleos anuales que se necesitan, de aqu\u00ed al 2030, y de asegurar inversiones responsables y de calidad para alcanzar esta meta.<\/p>\n<p>[\/et_pb_text][\/et_pb_column][\/et_pb_row][et_pb_row][et_pb_column type=\u00bb1_2&#8243;][et_pb_text _builder_version=\u00bb3.19.7&#8243;]<\/p>\n<p>Pero tambi\u00e9n se trata de mejorar la calidad de los empleos; la mayor\u00eda de las personas que trabajan a\u00fan lo hacen en condiciones precarias o en el sector informal, con ingresos limitados y seguridad social insuficiente. De esta manera, millones de trabajadores son condenados a la pobreza y ven c\u00f3mo, d\u00eda a d\u00eda, a pesar de los esfuerzos que realizan, sus posibilidades de acceder a mejores condiciones de vida, para ellos y para sus hijos, se esfuman como en un sue\u00f1o lejano.<\/p>\n<p>Aumentar la participaci\u00f3n de las mujeres en el mercado laboral es clave. Al 2018, la tasa de su participaci\u00f3n era solo del 48,5%, frente al 75% de los hombres. Otro aspecto central es la diferencia salarial entre mujeres y hombres por el \u00a0mismo trabajo, que a nivel global se acerca al 20%. Esta brecha debe desaparecer, pues no existe justificaci\u00f3n alguna que la sustente.<\/p>\n<p>[\/et_pb_text][\/et_pb_column][et_pb_column type=\u00bb1_2&#8243;][et_pb_code _builder_version=\u00bb3.19.7&#8243;]\n<!-- iframe plugin v.6.0 wordpress.org\/plugins\/iframe\/ -->\n<iframe loading=\"lazy\" width=\"100%\" height=\"250\" src=\"\/\/www.un.org\/webcast\/1362235914001\/B1J3DDQJf_default\/index.html?videoId=6024879986001\" scrolling=\"yes\" class=\"iframe-class\" frameborder=\"0\"><\/iframe>\n<!-- [et_pb_line_break_holder] --><!-- [et_pb_line_break_holder] -->[\/et_pb_code][\/et_pb_column][\/et_pb_row][et_pb_row][et_pb_column type=\u00bb4_4&#8243;][et_pb_text _builder_version=\u00bb3.19.7&#8243;]<\/p>\n<p>En segundo lugar, los invito a reflexionar sobre c\u00f3mo prepararnos para el futuro del trabajo.<\/p>\n<p>El motor de desarrollo de los pa\u00edses -la fuerza laboral, y en particular los j\u00f3venes- requiere de formaci\u00f3n y entrenamiento adecuados para aprovechar los beneficios de los r\u00e1pidos cambios tecnol\u00f3gicos y de la econom\u00eda del futuro, como las oportunidades que ofrece la lucha contra el cambio clim\u00e1tico.<\/p>\n<p>La automatizaci\u00f3n, si bien podr\u00eda eliminar 75 millones de empleos para el a\u00f1o 2022, crear\u00eda 133 millones de nuevos puestos. Este es un potencial que no podemos dejar pasar.<\/p>\n<p>La inversi\u00f3n en educaci\u00f3n es vital, as\u00ed como la inclusi\u00f3n de los grupos en situaci\u00f3n vulnerable, como las personas con discapacidad, los migrantes y refugiados, los Pueblos Ind\u00edgenas y las personas afrodescendientes.<\/p>\n<p>Tenemos la responsabilidad de hacer que la Cuarta Revoluci\u00f3n Industrial abra una nueva era de inclusi\u00f3n, que ampl\u00ede las posibilidades reales de un mejor futuro para todos los pa\u00edses y regiones.<\/p>\n<p>Y, por supuesto, es fundamental que las pol\u00edticas y los marcos regulatorios se adapten a estos nuevos escenarios del mundo laboral.<\/p>\n<p>[\/et_pb_text][et_pb_testimonial _builder_version=\u00bb3.19.7&#8243; author=\u00bbMar\u00eda Fernanda Espinosa Garc\u00e9s\u00bb portrait_url=\u00bbhttps:\/\/www.un.org\/pga\/73\/wp-content\/uploads\/sites\/53\/2018\/09\/PGA-73084-e1537294481964.jpg\u00bb border_style=\u00bbsolid\u00bb job_title=\u00bbPRESIDENTA DEL 73\u00ba PERIODO DE SESIONES DE LA ASAMBLEA GENERAL\u00bb quote_icon_background_color=\u00bb#f5f5f5&#8243; background_position=\u00bbtop_left\u00bb background_repeat=\u00bbrepeat\u00bb background_size=\u00bbinitial\u00bb quote_icon_color=\u00bb#00aff8&#8243;]<\/p>\n<p><span style=\"color: #0000ff\">Tenemos la responsabilidad de hacer que la Cuarta Revoluci\u00f3n Industrial abra una nueva era de inclusi\u00f3n, que ampl\u00ede las posibilidades reales de un mejor futuro para todos los pa\u00edses y regiones.<\/span><\/p>\n<p>[\/et_pb_testimonial][et_pb_text _builder_version=\u00bb3.19.7&#8243; border_style=\u00bbsolid\u00bb background_position=\u00bbtop_left\u00bb background_repeat=\u00bbrepeat\u00bb background_size=\u00bbinitial\u00bb]<\/p>\n<p>Excelencias,<\/p>\n<p>Mientras reflexionamos sobre uno de los aspectos clave para distribuir prosperidad en el mundo, debemos tener muy presente que trabajar es mucho m\u00e1s que \u201cganar dinero\u201d; como bien lo se\u00f1al\u00f3 el Director de la OIT, el trabajo no es una mercanc\u00eda, es un derecho.<\/p>\n<p>Los invito a pensar y construir un futuro con sociedades que garanticen a todos y todas \u00a0oportunidades laborales para superar\u00a0 la pobreza y reducir las desigualdades. La justicia social y el desarrollo sostenible van de la mano. El trabajo decente es una condici\u00f3n <em>sine qua non<\/em> para lograr el desarrollo sostenible. Con empleo decente, hagamos realidad una de las principales promesas de la Agenda 2030, que todas las personas puedan llevar una vida digna y plena.<\/p>\n<p>Muchas gracias.<\/p>\n<p>[\/et_pb_text][\/et_pb_column][\/et_pb_row][\/et_pb_section]<\/p>\n","protected":false},"excerpt":{"rendered":"<p>INTERVENCI\u00d3N DE LA PRESIDENTA DEL 73\u00ba PERIODO DE SESIONES DE LA ASAMBLEA GENERAL, S.E. MARIA FERNANDA ESPINOSA &#8211; Di\u00e1logo Interactivo de la Reuni\u00f3n de alto nivel sobre Trabajo Decente para conmemorar el cent\u00e9simo aniversario de la Organizaci\u00f3n Internacional del Trabajo<\/p>\n","protected":false},"author":266,"featured_media":185220,"comment_status":"closed","ping_status":"closed","sticky":false,"template":"","format":"standard","meta":{"_et_pb_use_builder":"on","_et_pb_old_content":"","_et_gb_content_width":"","footnotes":"","_links_to":"","_links_to_target":""},"categories":[181],"tags":[],"class_list":["post-185226","post","type-post","status-publish","format-standard","has-post-thumbnail","hentry","category-statements-es","et-has-post-format-content","et_post_format-et-post-format-standard"],"yoast_head":"<!-- This site is optimized with the Yoast SEO plugin v28.3 - https:\/\/yoast.com\/product\/yoast-seo-wordpress\/ -->\n<title>Di\u00e1logo Interactivo de la Reuni\u00f3n de alto nivel sobre Trabajo Decente para conmemorar el cent\u00e9simo aniversario de la Organizaci\u00f3n Internacional del Trabajo - Asamblea General de las Naciones Unidas<\/title>\n<meta name=\"robots\" content=\"index, follow, max-snippet:-1, max-image-preview:large, max-video-preview:-1\" \/>\n<link rel=\"canonical\" href=\"https:\/\/www.un.org\/pga\/73\/es\/2019\/04\/10\/interactive-dialogue-on-decent-work-on-the-occasion-of-the-100th-anniversary-of-the-international-labor-organization\/\" \/>\n<meta property=\"og:locale\" content=\"es_ES\" \/>\n<meta property=\"og:type\" content=\"article\" \/>\n<meta property=\"og:title\" content=\"Di\u00e1logo Interactivo de la Reuni\u00f3n de alto nivel sobre Trabajo Decente para conmemorar el cent\u00e9simo aniversario de la Organizaci\u00f3n Internacional del Trabajo - Asamblea General de las Naciones Unidas\" \/>\n<meta property=\"og:description\" content=\"INTERVENCI\u00d3N DE LA PRESIDENTA DEL 73\u00ba PERIODO DE SESIONES DE LA ASAMBLEA GENERAL, S.E. MARIA FERNANDA ESPINOSA - Di\u00e1logo Interactivo de la Reuni\u00f3n de alto nivel sobre Trabajo Decente para conmemorar el cent\u00e9simo aniversario de la Organizaci\u00f3n Internacional del Trabajo\" \/>\n<meta property=\"og:url\" content=\"https:\/\/www.un.org\/pga\/73\/es\/2019\/04\/10\/interactive-dialogue-on-decent-work-on-the-occasion-of-the-100th-anniversary-of-the-international-labor-organization\/\" \/>\n<meta property=\"og:site_name\" content=\"Asamblea General de las Naciones Unidas\" \/>\n<meta property=\"article:published_time\" content=\"2019-04-10T13:46:59+00:00\" \/>\n<meta property=\"article:modified_time\" content=\"2019-04-11T13:59:54+00:00\" \/>\n<meta property=\"og:image\" content=\"https:\/\/www.un.org\/pga\/wp-content\/uploads\/sites\/53\/2019\/04\/11-1024x647.png\" \/>\n\t<meta property=\"og:image:width\" content=\"1024\" \/>\n\t<meta property=\"og:image:height\" content=\"647\" \/>\n\t<meta property=\"og:image:type\" content=\"image\/png\" \/>\n<meta name=\"author\" content=\"Denise Kling\" \/>\n<meta name=\"twitter:card\" content=\"summary_large_image\" \/>\n<meta name=\"twitter:label1\" content=\"Escrito por\" \/>\n\t<meta name=\"twitter:data1\" content=\"Denise Kling\" \/>\n\t<meta name=\"twitter:label2\" content=\"Tiempo de lectura\" \/>\n\t<meta name=\"twitter:data2\" content=\"5 minutos\" \/>\n<script type=\"application\/ld+json\" class=\"yoast-schema-graph\">{\"@context\":\"https:\\\/\\\/schema.org\",\"@graph\":[{\"@type\":\"Article\",\"@id\":\"https:\\\/\\\/www.un.org\\\/pga\\\/73\\\/es\\\/2019\\\/04\\\/10\\\/interactive-dialogue-on-decent-work-on-the-occasion-of-the-100th-anniversary-of-the-international-labor-organization\\\/#article\",\"isPartOf\":{\"@id\":\"https:\\\/\\\/www.un.org\\\/pga\\\/73\\\/es\\\/2019\\\/04\\\/10\\\/interactive-dialogue-on-decent-work-on-the-occasion-of-the-100th-anniversary-of-the-international-labor-organization\\\/\"},\"author\":{\"name\":\"Denise Kling\",\"@id\":\"https:\\\/\\\/www.un.org\\\/pga\\\/73\\\/#\\\/schema\\\/person\\\/af470bea9354ed1b453ade6d22b5c9ee\"},\"headline\":\"Di\u00e1logo Interactivo de la Reuni\u00f3n de alto nivel sobre Trabajo Decente para conmemorar el cent\u00e9simo aniversario de la Organizaci\u00f3n Internacional del Trabajo\",\"datePublished\":\"2019-04-10T13:46:59+00:00\",\"dateModified\":\"2019-04-11T13:59:54+00:00\",\"mainEntityOfPage\":{\"@id\":\"https:\\\/\\\/www.un.org\\\/pga\\\/73\\\/es\\\/2019\\\/04\\\/10\\\/interactive-dialogue-on-decent-work-on-the-occasion-of-the-100th-anniversary-of-the-international-labor-organization\\\/\"},\"wordCount\":982,\"publisher\":{\"@id\":\"https:\\\/\\\/www.un.org\\\/pga\\\/73\\\/#organization\"},\"image\":{\"@id\":\"https:\\\/\\\/www.un.org\\\/pga\\\/73\\\/es\\\/2019\\\/04\\\/10\\\/interactive-dialogue-on-decent-work-on-the-occasion-of-the-100th-anniversary-of-the-international-labor-organization\\\/#primaryimage\"},\"thumbnailUrl\":\"https:\\\/\\\/www.un.org\\\/pga\\\/wp-content\\\/uploads\\\/sites\\\/53\\\/2019\\\/04\\\/11.png\",\"articleSection\":[\"Declaraciones\"],\"inLanguage\":\"es\"},{\"@type\":\"WebPage\",\"@id\":\"https:\\\/\\\/www.un.org\\\/pga\\\/73\\\/es\\\/2019\\\/04\\\/10\\\/interactive-dialogue-on-decent-work-on-the-occasion-of-the-100th-anniversary-of-the-international-labor-organization\\\/\",\"url\":\"https:\\\/\\\/www.un.org\\\/pga\\\/73\\\/es\\\/2019\\\/04\\\/10\\\/interactive-dialogue-on-decent-work-on-the-occasion-of-the-100th-anniversary-of-the-international-labor-organization\\\/\",\"name\":\"Di\u00e1logo Interactivo de la Reuni\u00f3n de alto nivel sobre Trabajo Decente para conmemorar el cent\u00e9simo aniversario de la Organizaci\u00f3n Internacional del Trabajo - Asamblea General de las Naciones Unidas\",\"isPartOf\":{\"@id\":\"https:\\\/\\\/www.un.org\\\/pga\\\/73\\\/#website\"},\"primaryImageOfPage\":{\"@id\":\"https:\\\/\\\/www.un.org\\\/pga\\\/73\\\/es\\\/2019\\\/04\\\/10\\\/interactive-dialogue-on-decent-work-on-the-occasion-of-the-100th-anniversary-of-the-international-labor-organization\\\/#primaryimage\"},\"image\":{\"@id\":\"https:\\\/\\\/www.un.org\\\/pga\\\/73\\\/es\\\/2019\\\/04\\\/10\\\/interactive-dialogue-on-decent-work-on-the-occasion-of-the-100th-anniversary-of-the-international-labor-organization\\\/#primaryimage\"},\"thumbnailUrl\":\"https:\\\/\\\/www.un.org\\\/pga\\\/wp-content\\\/uploads\\\/sites\\\/53\\\/2019\\\/04\\\/11.png\",\"datePublished\":\"2019-04-10T13:46:59+00:00\",\"dateModified\":\"2019-04-11T13:59:54+00:00\",\"breadcrumb\":{\"@id\":\"https:\\\/\\\/www.un.org\\\/pga\\\/73\\\/es\\\/2019\\\/04\\\/10\\\/interactive-dialogue-on-decent-work-on-the-occasion-of-the-100th-anniversary-of-the-international-labor-organization\\\/#breadcrumb\"},\"inLanguage\":\"es\",\"potentialAction\":[{\"@type\":\"ReadAction\",\"target\":[\"https:\\\/\\\/www.un.org\\\/pga\\\/73\\\/es\\\/2019\\\/04\\\/10\\\/interactive-dialogue-on-decent-work-on-the-occasion-of-the-100th-anniversary-of-the-international-labor-organization\\\/\"]}]},{\"@type\":\"ImageObject\",\"inLanguage\":\"es\",\"@id\":\"https:\\\/\\\/www.un.org\\\/pga\\\/73\\\/es\\\/2019\\\/04\\\/10\\\/interactive-dialogue-on-decent-work-on-the-occasion-of-the-100th-anniversary-of-the-international-labor-organization\\\/#primaryimage\",\"url\":\"https:\\\/\\\/www.un.org\\\/pga\\\/wp-content\\\/uploads\\\/sites\\\/53\\\/2019\\\/04\\\/11.png\",\"contentUrl\":\"https:\\\/\\\/www.un.org\\\/pga\\\/wp-content\\\/uploads\\\/sites\\\/53\\\/2019\\\/04\\\/11.png\",\"width\":1548,\"height\":978},{\"@type\":\"BreadcrumbList\",\"@id\":\"https:\\\/\\\/www.un.org\\\/pga\\\/73\\\/es\\\/2019\\\/04\\\/10\\\/interactive-dialogue-on-decent-work-on-the-occasion-of-the-100th-anniversary-of-the-international-labor-organization\\\/#breadcrumb\",\"itemListElement\":[{\"@type\":\"ListItem\",\"position\":1,\"name\":\"Home\",\"item\":\"https:\\\/\\\/www.un.org\\\/pga\\\/73\\\/es\\\/\"},{\"@type\":\"ListItem\",\"position\":2,\"name\":\"Di\u00e1logo Interactivo de la Reuni\u00f3n de alto nivel sobre Trabajo Decente para conmemorar el cent\u00e9simo aniversario de la Organizaci\u00f3n Internacional del Trabajo\"}]},{\"@type\":\"WebSite\",\"@id\":\"https:\\\/\\\/www.un.org\\\/pga\\\/73\\\/#website\",\"url\":\"https:\\\/\\\/www.un.org\\\/pga\\\/73\\\/\",\"name\":\"General Assembly of the United Nations\",\"description\":\"Presidenta del 73\u00b0 per\u00edodo de sesiones\",\"publisher\":{\"@id\":\"https:\\\/\\\/www.un.org\\\/pga\\\/73\\\/#organization\"},\"potentialAction\":[{\"@type\":\"SearchAction\",\"target\":{\"@type\":\"EntryPoint\",\"urlTemplate\":\"https:\\\/\\\/www.un.org\\\/pga\\\/73\\\/?s={search_term_string}\"},\"query-input\":{\"@type\":\"PropertyValueSpecification\",\"valueRequired\":true,\"valueName\":\"search_term_string\"}}],\"inLanguage\":\"es\"},{\"@type\":\"Organization\",\"@id\":\"https:\\\/\\\/www.un.org\\\/pga\\\/73\\\/#organization\",\"name\":\"General Assembly of the United Nations\",\"url\":\"https:\\\/\\\/www.un.org\\\/pga\\\/73\\\/\",\"logo\":{\"@type\":\"ImageObject\",\"inLanguage\":\"es\",\"@id\":\"https:\\\/\\\/www.un.org\\\/pga\\\/73\\\/#\\\/schema\\\/logo\\\/image\\\/\",\"url\":\"https:\\\/\\\/www.un.org\\\/pga\\\/wp-content\\\/uploads\\\/sites\\\/53\\\/2018\\\/07\\\/18-00066a_Ä¢¹½ÊÓÆµGA73_Logos-no-type-04.png\",\"contentUrl\":\"https:\\\/\\\/www.un.org\\\/pga\\\/wp-content\\\/uploads\\\/sites\\\/53\\\/2018\\\/07\\\/18-00066a_Ä¢¹½ÊÓÆµGA73_Logos-no-type-04.png\",\"width\":529,\"height\":601,\"caption\":\"General Assembly of the United Nations\"},\"image\":{\"@id\":\"https:\\\/\\\/www.un.org\\\/pga\\\/73\\\/#\\\/schema\\\/logo\\\/image\\\/\"}},{\"@type\":\"Person\",\"@id\":\"https:\\\/\\\/www.un.org\\\/pga\\\/73\\\/#\\\/schema\\\/person\\\/af470bea9354ed1b453ade6d22b5c9ee\",\"name\":\"Denise Kling\",\"image\":{\"@type\":\"ImageObject\",\"inLanguage\":\"es\",\"@id\":\"https:\\\/\\\/secure.gravatar.com\\\/avatar\\\/b5fdae9d2ae28ca0f434202f2c9b6f29640a2b757fdbaa4592687900a399db3d?s=96&d=mm&r=g\",\"url\":\"https:\\\/\\\/secure.gravatar.com\\\/avatar\\\/b5fdae9d2ae28ca0f434202f2c9b6f29640a2b757fdbaa4592687900a399db3d?s=96&d=mm&r=g\",\"contentUrl\":\"https:\\\/\\\/secure.gravatar.com\\\/avatar\\\/b5fdae9d2ae28ca0f434202f2c9b6f29640a2b757fdbaa4592687900a399db3d?s=96&d=mm&r=g\",\"caption\":\"Denise Kling\"},\"url\":\"https:\\\/\\\/www.un.org\\\/pga\\\/73\\\/es\\\/author\\\/denise-klingun-org\\\/\"}]}<\/script>\n<!-- \/ Yoast SEO plugin. -->","yoast_head_json":{"title":"Di\u00e1logo Interactivo de la Reuni\u00f3n de alto nivel sobre Trabajo Decente para conmemorar el cent\u00e9simo aniversario de la Organizaci\u00f3n Internacional del Trabajo - Asamblea General de las Naciones Unidas","robots":{"index":"index","follow":"follow","max-snippet":"max-snippet:-1","max-image-preview":"max-image-preview:large","max-video-preview":"max-video-preview:-1"},"canonical":"https:\/\/www.un.org\/pga\/73\/es\/2019\/04\/10\/interactive-dialogue-on-decent-work-on-the-occasion-of-the-100th-anniversary-of-the-international-labor-organization\/","og_locale":"es_ES","og_type":"article","og_title":"Di\u00e1logo Interactivo de la Reuni\u00f3n de alto nivel sobre Trabajo Decente para conmemorar el cent\u00e9simo aniversario de la Organizaci\u00f3n Internacional del Trabajo - Asamblea General de las Naciones Unidas","og_description":"INTERVENCI\u00d3N DE LA PRESIDENTA DEL 73\u00ba PERIODO DE SESIONES DE LA ASAMBLEA GENERAL, S.E. MARIA FERNANDA ESPINOSA - Di\u00e1logo Interactivo de la Reuni\u00f3n de alto nivel sobre Trabajo Decente para conmemorar el cent\u00e9simo aniversario de la Organizaci\u00f3n Internacional del Trabajo","og_url":"https:\/\/www.un.org\/pga\/73\/es\/2019\/04\/10\/interactive-dialogue-on-decent-work-on-the-occasion-of-the-100th-anniversary-of-the-international-labor-organization\/","og_site_name":"Asamblea General de las Naciones Unidas","article_published_time":"2019-04-10T13:46:59+00:00","article_modified_time":"2019-04-11T13:59:54+00:00","og_image":[{"width":1024,"height":647,"url":"https:\/\/www.un.org\/pga\/wp-content\/uploads\/sites\/53\/2019\/04\/11-1024x647.png","type":"image\/png"}],"author":"Denise Kling","twitter_card":"summary_large_image","twitter_misc":{"Escrito por":"Denise Kling","Tiempo de lectura":"5 minutos"},"schema":{"@context":"https:\/\/schema.org","@graph":[{"@type":"Article","@id":"https:\/\/www.un.org\/pga\/73\/es\/2019\/04\/10\/interactive-dialogue-on-decent-work-on-the-occasion-of-the-100th-anniversary-of-the-international-labor-organization\/#article","isPartOf":{"@id":"https:\/\/www.un.org\/pga\/73\/es\/2019\/04\/10\/interactive-dialogue-on-decent-work-on-the-occasion-of-the-100th-anniversary-of-the-international-labor-organization\/"},"author":{"name":"Denise Kling","@id":"https:\/\/www.un.org\/pga\/73\/#\/schema\/person\/af470bea9354ed1b453ade6d22b5c9ee"},"headline":"Di\u00e1logo Interactivo de la Reuni\u00f3n de alto nivel sobre Trabajo Decente para conmemorar el cent\u00e9simo aniversario de la Organizaci\u00f3n Internacional del Trabajo","datePublished":"2019-04-10T13:46:59+00:00","dateModified":"2019-04-11T13:59:54+00:00","mainEntityOfPage":{"@id":"https:\/\/www.un.org\/pga\/73\/es\/2019\/04\/10\/interactive-dialogue-on-decent-work-on-the-occasion-of-the-100th-anniversary-of-the-international-labor-organization\/"},"wordCount":982,"publisher":{"@id":"https:\/\/www.un.org\/pga\/73\/#organization"},"image":{"@id":"https:\/\/www.un.org\/pga\/73\/es\/2019\/04\/10\/interactive-dialogue-on-decent-work-on-the-occasion-of-the-100th-anniversary-of-the-international-labor-organization\/#primaryimage"},"thumbnailUrl":"https:\/\/www.un.org\/pga\/wp-content\/uploads\/sites\/53\/2019\/04\/11.png","articleSection":["Declaraciones"],"inLanguage":"es"},{"@type":"WebPage","@id":"https:\/\/www.un.org\/pga\/73\/es\/2019\/04\/10\/interactive-dialogue-on-decent-work-on-the-occasion-of-the-100th-anniversary-of-the-international-labor-organization\/","url":"https:\/\/www.un.org\/pga\/73\/es\/2019\/04\/10\/interactive-dialogue-on-decent-work-on-the-occasion-of-the-100th-anniversary-of-the-international-labor-organization\/","name":"Di\u00e1logo Interactivo de la Reuni\u00f3n de alto nivel sobre Trabajo Decente para conmemorar el cent\u00e9simo aniversario de la Organizaci\u00f3n Internacional del Trabajo - Asamblea General de las Naciones Unidas","isPartOf":{"@id":"https:\/\/www.un.org\/pga\/73\/#website"},"primaryImageOfPage":{"@id":"https:\/\/www.un.org\/pga\/73\/es\/2019\/04\/10\/interactive-dialogue-on-decent-work-on-the-occasion-of-the-100th-anniversary-of-the-international-labor-organization\/#primaryimage"},"image":{"@id":"https:\/\/www.un.org\/pga\/73\/es\/2019\/04\/10\/interactive-dialogue-on-decent-work-on-the-occasion-of-the-100th-anniversary-of-the-international-labor-organization\/#primaryimage"},"thumbnailUrl":"https:\/\/www.un.org\/pga\/wp-content\/uploads\/sites\/53\/2019\/04\/11.png","datePublished":"2019-04-10T13:46:59+00:00","dateModified":"2019-04-11T13:59:54+00:00","breadcrumb":{"@id":"https:\/\/www.un.org\/pga\/73\/es\/2019\/04\/10\/interactive-dialogue-on-decent-work-on-the-occasion-of-the-100th-anniversary-of-the-international-labor-organization\/#breadcrumb"},"inLanguage":"es","potentialAction":[{"@type":"ReadAction","target":["https:\/\/www.un.org\/pga\/73\/es\/2019\/04\/10\/interactive-dialogue-on-decent-work-on-the-occasion-of-the-100th-anniversary-of-the-international-labor-organization\/"]}]},{"@type":"ImageObject","inLanguage":"es","@id":"https:\/\/www.un.org\/pga\/73\/es\/2019\/04\/10\/interactive-dialogue-on-decent-work-on-the-occasion-of-the-100th-anniversary-of-the-international-labor-organization\/#primaryimage","url":"https:\/\/www.un.org\/pga\/wp-content\/uploads\/sites\/53\/2019\/04\/11.png","contentUrl":"https:\/\/www.un.org\/pga\/wp-content\/uploads\/sites\/53\/2019\/04\/11.png","width":1548,"height":978},{"@type":"BreadcrumbList","@id":"https:\/\/www.un.org\/pga\/73\/es\/2019\/04\/10\/interactive-dialogue-on-decent-work-on-the-occasion-of-the-100th-anniversary-of-the-international-labor-organization\/#breadcrumb","itemListElement":[{"@type":"ListItem","position":1,"name":"Home","item":"https:\/\/www.un.org\/pga\/73\/es\/"},{"@type":"ListItem","position":2,"name":"Di\u00e1logo Interactivo de la Reuni\u00f3n de alto nivel sobre Trabajo Decente para conmemorar el cent\u00e9simo aniversario de la Organizaci\u00f3n Internacional del Trabajo"}]},{"@type":"WebSite","@id":"https:\/\/www.un.org\/pga\/73\/#website","url":"https:\/\/www.un.org\/pga\/73\/","name":"General Assembly of the United Nations","description":"Presidenta del 73\u00b0 per\u00edodo de sesiones","publisher":{"@id":"https:\/\/www.un.org\/pga\/73\/#organization"},"potentialAction":[{"@type":"SearchAction","target":{"@type":"EntryPoint","urlTemplate":"https:\/\/www.un.org\/pga\/73\/?s={search_term_string}"},"query-input":{"@type":"PropertyValueSpecification","valueRequired":true,"valueName":"search_term_string"}}],"inLanguage":"es"},{"@type":"Organization","@id":"https:\/\/www.un.org\/pga\/73\/#organization","name":"General Assembly of the United Nations","url":"https:\/\/www.un.org\/pga\/73\/","logo":{"@type":"ImageObject","inLanguage":"es","@id":"https:\/\/www.un.org\/pga\/73\/#\/schema\/logo\/image\/","url":"https:\/\/www.un.org\/pga\/wp-content\/uploads\/sites\/53\/2018\/07\/18-00066a_Ä¢¹½ÊÓÆµGA73_Logos-no-type-04.png","contentUrl":"https:\/\/www.un.org\/pga\/wp-content\/uploads\/sites\/53\/2018\/07\/18-00066a_Ä¢¹½ÊÓÆµGA73_Logos-no-type-04.png","width":529,"height":601,"caption":"General Assembly of the United Nations"},"image":{"@id":"https:\/\/www.un.org\/pga\/73\/#\/schema\/logo\/image\/"}},{"@type":"Person","@id":"https:\/\/www.un.org\/pga\/73\/#\/schema\/person\/af470bea9354ed1b453ade6d22b5c9ee","name":"Denise Kling","image":{"@type":"ImageObject","inLanguage":"es","@id":"https:\/\/secure.gravatar.com\/avatar\/b5fdae9d2ae28ca0f434202f2c9b6f29640a2b757fdbaa4592687900a399db3d?s=96&d=mm&r=g","url":"https:\/\/secure.gravatar.com\/avatar\/b5fdae9d2ae28ca0f434202f2c9b6f29640a2b757fdbaa4592687900a399db3d?s=96&d=mm&r=g","contentUrl":"https:\/\/secure.gravatar.com\/avatar\/b5fdae9d2ae28ca0f434202f2c9b6f29640a2b757fdbaa4592687900a399db3d?s=96&d=mm&r=g","caption":"Denise Kling"},"url":"https:\/\/www.un.org\/pga\/73\/es\/author\/denise-klingun-org\/"}]}},"_links":{"self":[{"href":"https:\/\/www.un.org\/pga\/73\/es\/wp-json\/wp\/v2\/posts\/185226","targetHints":{"allow":["GET"]}}],"collection":[{"href":"https:\/\/www.un.org\/pga\/73\/es\/wp-json\/wp\/v2\/posts"}],"about":[{"href":"https:\/\/www.un.org\/pga\/73\/es\/wp-json\/wp\/v2\/types\/post"}],"author":[{"embeddable":true,"href":"https:\/\/www.un.org\/pga\/73\/es\/wp-json\/wp\/v2\/users\/266"}],"replies":[{"embeddable":true,"href":"https:\/\/www.un.org\/pga\/73\/es\/wp-json\/wp\/v2\/comments?post=185226"}],"version-history":[{"count":0,"href":"https:\/\/www.un.org\/pga\/73\/es\/wp-json\/wp\/v2\/posts\/185226\/revisions"}],"wp:featuredmedia":[{"embeddable":true,"href":"https:\/\/www.un.org\/pga\/73\/es\/wp-json\/wp\/v2\/media\/185220"}],"wp:attachment":[{"href":"https:\/\/www.un.org\/pga\/73\/es\/wp-json\/wp\/v2\/media?parent=185226"}],"wp:term":[{"taxonomy":"category","embeddable":true,"href":"https:\/\/www.un.org\/pga\/73\/es\/wp-json\/wp\/v2\/categories?post=185226"},{"taxonomy":"post_tag","embeddable":true,"href":"https:\/\/www.un.org\/pga\/73\/es\/wp-json\/wp\/v2\/tags?post=185226"}],"curies":[{"name":"wp","href":"https:\/\/api.w.org\/{rel}","templated":true}]}}