  {"id":187026,"date":"2019-04-22T11:43:18","date_gmt":"2019-04-22T15:43:18","guid":{"rendered":"https:\/\/www.un.org\/pga\/73\/2019\/04\/22\/interactive-dialogue-on-harmony-with-nature-to-commemorate-the-international-mother-earth-day\/"},"modified":"2019-04-22T11:49:56","modified_gmt":"2019-04-22T15:49:56","slug":"interactive-dialogue-on-harmony-with-nature-to-commemorate-the-international-mother-earth-day","status":"publish","type":"post","link":"https:\/\/www.un.org\/pga\/73\/es\/2019\/04\/22\/interactive-dialogue-on-harmony-with-nature-to-commemorate-the-international-mother-earth-day\/","title":{"rendered":"Di\u00e1logo Interactivo sobre Armon\u00eda con la Naturaleza, en conmemoraci\u00f3n del D\u00eda Internacional de la Madre Tierra"},"content":{"rendered":"<p>[et_pb_section bb_built=\u00bb1&#8243;][et_pb_row][et_pb_column type=\u00bb4_4&#8243;][et_pb_text _builder_version=\u00bb3.19.7&#8243; border_style=\u00bbsolid\u00bb background_position=\u00bbtop_left\u00bb background_repeat=\u00bbrepeat\u00bb background_size=\u00bbinitial\u00bb]<\/p>\n<p style=\"text-align: center\"><strong><em>&#8211; Como Pronunciado &#8211;<\/em><\/strong><\/p>\n<p><strong>INTERVENCI\u00d3N DE LA PRESIDENTA DEL 73\u00ba PERIODO DE SESIONES DE LA ASAMBLEA GENERAL, S.E. MARIA FERNANDA ESPINOSA<\/strong><\/p>\n<p><strong><span class=\"updated\">22 April 2019<\/span><\/strong><\/p>\n<p><img loading=\"lazy\" decoding=\"async\" class=\"wp-image-187002 size-medium alignleft\" src=\"https:\/\/www.un.org\/pga\/73\/wp-content\/uploads\/sites\/53\/2019\/04\/Capture-12-300x197.png\" alt=\"\" width=\"300\" height=\"197\" srcset=\"https:\/\/www.un.org\/pga\/wp-content\/uploads\/sites\/53\/2019\/04\/Capture-12-300x197.png 300w, https:\/\/www.un.org\/pga\/wp-content\/uploads\/sites\/53\/2019\/04\/Capture-12-150x98.png 150w, https:\/\/www.un.org\/pga\/wp-content\/uploads\/sites\/53\/2019\/04\/Capture-12-768x503.png 768w, https:\/\/www.un.org\/pga\/wp-content\/uploads\/sites\/53\/2019\/04\/Capture-12.png 902w\" sizes=\"(max-width: 300px) 100vw, 300px\" \/><\/p>\n<p>Se\u00f1ora Cynthia Silva Maturana, Viceministra de Medio Ambiente, Biodiversidad, Cambio Clim\u00e1tico y Gesti\u00f3n y Desarrollo forestal de Bolivia,<\/p>\n<p>Excelencia, Embajador Syed Akbaruddin, Representante Permanente de India,<\/p>\n<p>Excelencia, Embajador Luis Gallegos Chiriboga, Representante Permanente del Ecuador,<\/p>\n<p>Excelencia, Embajador Masud Bin Momen, Representante de Bangladesh,<\/p>\n<p>Se\u00f1ora Markie Miller, de la Iniciativa Lake Erie Bill of Rights<\/p>\n<p>Excelencias,<\/p>\n<p>En primer lugar, perm\u00edtanme expresar mi pesar y solidaridad con el Gobierno y el Pueblo de Sri Lanka y con las v\u00edctimas de los atroces ataques terroristas, ocurridos en esta Pascua. Condeno firmemente estos hechos. El terrorismo y la violencia, en cualquiera de sus formas, no tienen justificaci\u00f3n y no pueden quedar impunes.<\/p>\n<p>Se\u00f1oras y se\u00f1ores:<\/p>\n<p>Bienvenidas y bienvenidos a este Di\u00e1logo Interactivo.<\/p>\n<p>Este es un a\u00f1o muy especial, pues conmemoramos el d\u00e9cimo aniversario de la Resoluci\u00f3n 63\/278, por la que la Asamblea General estableci\u00f3 cada 22 de abril como el \u201cD\u00eda Internacional de la Madre Tierra\u201d.<\/p>\n<p>Quiero reconocer a los Estados y a los dem\u00e1s actores relevantes que han trabajado incansablemente para que este tema sea tratado por la Asamblea General, y as\u00ed renovar nuestro compromiso con la necesidad de proteger al planeta y sus ecosistemas.<\/p>\n<p>[\/et_pb_text][\/et_pb_column][\/et_pb_row][et_pb_row][et_pb_column type=\u00bb1_2&#8243;][et_pb_text _builder_version=\u00bb3.19.7&#8243;]<\/p>\n<p>Excelencias,<\/p>\n<p>Hoy es un d\u00eda de reflexi\u00f3n, pero tambi\u00e9n de compromiso.<\/p>\n<p>La acci\u00f3n humana est\u00e1 alterando dram\u00e1ticamente la vida en el planeta.<\/p>\n<p>La degradaci\u00f3n ambiental avanza en todos los pa\u00edses y regiones.<\/p>\n<p>Deforestamos bosques y selvas; represamos r\u00edos; drenamos humedales, contaminamos los oc\u00e9anos, el aire y la atm\u00f3sfera; todo esto mientras cientos de especies se extinguen a\u00f1o a a\u00f1o \u2013se calcula que, desde 1970, el 60% de los animales vertebrados ha desparecido.<\/p>\n<p>Vivimos una crisis clim\u00e1tica, con temperaturas extremas y fen\u00f3menos cada vez m\u00e1s frecuentes y de mayor intensidad, los cuales s\u00f3lo en 2018 afectaron a m\u00e1s de 60 millones de personas alrededor del mundo, as\u00ed como los m\u00e1s recientes como el cicl\u00f3n Idai que azot\u00f3 Mozambique, Malawi y Zimbabue.<\/p>\n<p>[\/et_pb_text][\/et_pb_column][et_pb_column type=\u00bb1_2&#8243;][et_pb_code _builder_version=\u00bb3.19.7&#8243;]\n<!-- iframe plugin v.6.0 wordpress.org\/plugins\/iframe\/ -->\n<iframe loading=\"lazy\" width=\"100%\" height=\"250\" src=\"\/\/www.un.org\/webcast\/1362235914001\/B1J3DDQJf_default\/index.html?videoId=6028718827001\" scrolling=\"yes\" class=\"iframe-class\" frameborder=\"0\"><\/iframe>\n<!-- [et_pb_line_break_holder] --><!-- [et_pb_line_break_holder] -->[\/et_pb_code][\/et_pb_column][\/et_pb_row][et_pb_row][et_pb_column type=\u00bb4_4&#8243;][et_pb_text _builder_version=\u00bb3.19.7&#8243;]<\/p>\n<p>Nuestra Madre Tierra est\u00e1 en grave peligro. Nosotros, los seres humanos, la hemos puesto en grave peligro. Es momento de cuidarla. De reparar los da\u00f1os. De proteger y restaurar sus ciclos vitales. De ayudar a que sane, para que siga floreciendo la vida que en ella se alberga y se reproduce.<\/p>\n<p>En los \u00faltimos a\u00f1os, muchos Estados han reconocido que la naturaleza tiene derechos, como el Ecuador, que as\u00ed lo ha incluido en su Constituci\u00f3n Nacional; mientras que la legislaci\u00f3n en Bolivia recoge el principio del desarrollo integral en armon\u00eda y equilibrio con la Madre Tierra; y un reciente hist\u00f3rico fallo de la Corte Suprema de Justicia de Colombia dispuso que la Amazon\u00eda tiene los mismos derechos que una persona.<\/p>\n<p>Al mismo tiempo, en los \u00faltimos a\u00f1os, hemos visto crecer la idea de que la protecci\u00f3n del medio ambiente y los derechos humanos son interdependientes.<\/p>\n<p>Los Estados deben garantizar un medio ambiente sin riesgos, limpio, saludable y sostenible, para as\u00ed hacer efectivo el pleno disfrute de los derechos humanos, incluidos los derechos a la vida, al m\u00e1s alto nivel posible de salud f\u00edsica y mental, a un nivel de vida adecuado, alimentaci\u00f3n, agua y saneamiento, vivienda, cultura, desarrollo y por supuesto el derecho a un medio ambiente saludable, el cual tambi\u00e9n est\u00e1 recogido en la mayor\u00eda de las legislaciones a nivel mundial y en numerosos instrumentos internacionales y regionales.<\/p>\n<p>El despertar de la conciencia mundial sobre el derecho de la naturaleza a existir y a ser protegida, es cada vez mayor. Esto es esperanzador, para esta y para las pr\u00f3ximas generaciones.<\/p>\n<p>Excelencias,<\/p>\n<p>Un mundo sostenible, como el que aspiramos lograr con la Agenda 2030, requiere que repensemos c\u00f3mo interactuamos con la naturaleza.<\/p>\n<p>Encontrar el balance entre las necesidades del ser humano y los recursos que la Madre Tierra nos proporciona, no significa que no los utilicemos, sino que implica dejar a un lado la explotaci\u00f3n irracional, ilimitada e insostenible de dichos recursos, y construir un modelo de desarrollo en el que se respeten los umbrales que establece la naturaleza, su capacidad de regeneraci\u00f3n, as\u00ed como su derecho a existir y mantenerse.<\/p>\n<p>En ese marco, es fundamental redefinir las relaciones entre econom\u00eda, sociedad y naturaleza. Para lograrlo el cambio cultural es imperioso. Este es uno de los desaf\u00edos quiz\u00e1 m\u00e1s grandes que nuestra generaci\u00f3n enfrenta y es una prueba de solidaridad hacia las generaciones que vendr\u00e1n.<\/p>\n<p>Necesitamos respuestas urgentes, de acci\u00f3n colectiva y de construcci\u00f3n de nuevos pactos para el manejo responsable y justo de los bienes comunes de la humanidad.<\/p>\n<p>[\/et_pb_text][et_pb_testimonial _builder_version=\u00bb3.19.7&#8243; author=\u00bbMar\u00eda Fernanda Espinosa Garc\u00e9s\u00bb portrait_url=\u00bbhttps:\/\/www.un.org\/pga\/73\/wp-content\/uploads\/sites\/53\/2018\/09\/PGA-73084-e1537294481964.jpg\u00bb border_style=\u00bbsolid\u00bb job_title=\u00bbPRESIDENTA DEL 73\u00ba PERIODO DE SESIONES DE LA ASAMBLEA GENERAL\u00bb quote_icon_background_color=\u00bb#f5f5f5&#8243; background_position=\u00bbtop_left\u00bb background_repeat=\u00bbrepeat\u00bb background_size=\u00bbinitial\u00bb quote_icon_color=\u00bb#00aff8&#8243;]<\/p>\n<p><span style=\"color: #0000ff\">Cuidar de la naturaleza es cuidar de las personas tambi\u00e9n. Respetemos sus ciclos vitales y contribuyamos a que la inmensa diversidad biol\u00f3gica del mundo se mantenga y prospere. Retomemos nuestra relaci\u00f3n con la Madre Tierra, de donde procedemos y a la que pertenecemos. Pongamos en pr\u00e1ctica una visi\u00f3n del mundo respetuosa de nuestras herencias, de nuestros patrimonios culturales y naturales.<\/span><\/p>\n<p>[\/et_pb_testimonial][et_pb_text _builder_version=\u00bb3.19.7&#8243; border_style=\u00bbsolid\u00bb background_position=\u00bbtop_left\u00bb background_repeat=\u00bbrepeat\u00bb background_size=\u00bbinitial\u00bb]<\/p>\n<p>Hay dos temas que merecen especial atenci\u00f3n:<\/p>\n<p>En primer lugar, la educaci\u00f3n es un motor clave para la creaci\u00f3n de un futuro mejor y m\u00e1s sostenible. Los j\u00f3venes, los ni\u00f1os y ni\u00f1as deben adquirir los conocimientos, las competencias y los valores necesarios para forjar ese futuro. Temas como el cambio clim\u00e1tico, la conservaci\u00f3n de la biodiversidad, el mantenimiento de los bosques, y la producci\u00f3n y consumo sostenibles deben ser parte de los programas educativos. Necesitamos que las pr\u00f3ximas generaciones asuman tambi\u00e9n su responsabilidad y se sientan, desde ahora, parte de la soluci\u00f3n.<\/p>\n<p>En segundo lugar, debemos reconocer al cambio clim\u00e1tico como la amenaza existencial de nuestros tiempos. El \u00faltimo informe del Grupo Intergubernamental de Expertos sobre el Cambio Clim\u00e1tico (IPCC) nos interpela a realizar cambios\u00a0sin precedentes a nivel social y global para limitar el calentamiento global a 1.5\u00b0C y as\u00ed evitar catastr\u00f3ficas consecuencias humanitarias, econ\u00f3micas y ambientales.<\/p>\n<p>Como dec\u00eda hace pocos d\u00edas la joven activista Greta Thunberg frente al Parlamento Europeo al referirse al tr\u00e1gico incendio de la Catedral de Notre Dame, \u201c<em>esperemos que las bases de nuestra naturaleza y nuestra humanidad sean a\u00fan m\u00e1s s\u00f3lidas, y para ello debemos actuar ahora<\/em>\u201d.<\/p>\n<p>Los Estados deben incrementar de manera significativa su acci\u00f3n clim\u00e1tica y la protecci\u00f3n ambiental, que requiere de los recursos, las capacidades y la tecnolog\u00eda necesarias. Pero, sobre todo, requiere acci\u00f3n y responsabilidad compartida donde los estados, la sociedad, el sector privado hagan su parte. Todos tenemos la obligaci\u00f3n de cuidar y proteger el planeta. Todos debemos cuidar nuestros bienes comunes.<\/p>\n<p>Lo cierto es que solo a trav\u00e9s de una protecci\u00f3n integral de la Madre Tierra podremos cumplir con los compromisos y obligaciones asumidos en la Agenda 2030 para el Desarrollo Sostenible, el Acuerdo de Par\u00eds, la Agenda de Addis Abeba y los numerosos instrumentos internacionales en materia ambiental y de derechos humanos, partiendo del principio 1 de R\u00edo 1992, seg\u00fan el cual todos los seres humanos tenemos derecho a una vida saludable, productiva y en armon\u00eda con la naturaleza.<\/p>\n<p>Excelencias,<\/p>\n<p>Cuidar de la naturaleza es cuidar de las personas tambi\u00e9n. Respetemos sus ciclos vitales y contribuyamos a que la inmensa diversidad biol\u00f3gica del mundo se mantenga y prospere. Retomemos nuestra relaci\u00f3n con la Madre Tierra, de donde procedemos y a la que pertenecemos. Pongamos en pr\u00e1ctica una visi\u00f3n del mundo respetuosa de nuestras herencias, de nuestros patrimonios culturales y naturales.<\/p>\n<p>Como dec\u00eda Albert Camus \u201c<em>la verdadera generosidad para con el futuro, consiste en entregarlo todo al presente<\/em>\u201d.<\/p>\n<p>Muchas gracias.<\/p>\n<p>[\/et_pb_text][\/et_pb_column][\/et_pb_row][\/et_pb_section]<\/p>\n","protected":false},"excerpt":{"rendered":"<p>INTERVENCI\u00d3N DE LA PRESIDENTA DEL 73\u00ba PERIODO DE SESIONES DE LA ASAMBLEA GENERAL, S.E. MARIA FERNANDA ESPINOSA &#8211; Di\u00e1logo Interactivo sobre Armon\u00eda con la Naturaleza, en conmemoraci\u00f3n del D\u00eda Internacional de la Madre Tierra<br \/>\nTema: \u201cEl enfoque de la Madre Tierra en la implementaci\u00f3n de la Educaci\u00f3n y el Cambio Clim\u00e1tico\u201d<\/p>\n","protected":false},"author":266,"featured_media":187017,"comment_status":"closed","ping_status":"closed","sticky":false,"template":"","format":"standard","meta":{"_et_pb_use_builder":"on","_et_pb_old_content":"","_et_gb_content_width":"","footnotes":"","_links_to":"","_links_to_target":""},"categories":[181],"tags":[],"class_list":["post-187026","post","type-post","status-publish","format-standard","has-post-thumbnail","hentry","category-statements-es","et-has-post-format-content","et_post_format-et-post-format-standard"],"yoast_head":"<!-- This site is optimized with the Yoast SEO plugin v28.3 - https:\/\/yoast.com\/product\/yoast-seo-wordpress\/ -->\n<title>Di\u00e1logo Interactivo sobre Armon\u00eda con la Naturaleza, en conmemoraci\u00f3n del D\u00eda Internacional de la Madre Tierra - Asamblea General de las Naciones Unidas<\/title>\n<meta name=\"robots\" content=\"index, follow, max-snippet:-1, max-image-preview:large, max-video-preview:-1\" \/>\n<link rel=\"canonical\" href=\"https:\/\/www.un.org\/pga\/73\/es\/2019\/04\/22\/interactive-dialogue-on-harmony-with-nature-to-commemorate-the-international-mother-earth-day\/\" \/>\n<meta property=\"og:locale\" content=\"es_ES\" \/>\n<meta property=\"og:type\" content=\"article\" \/>\n<meta property=\"og:title\" content=\"Di\u00e1logo Interactivo sobre Armon\u00eda con la Naturaleza, en conmemoraci\u00f3n del D\u00eda Internacional de la Madre Tierra - Asamblea General de las Naciones Unidas\" \/>\n<meta property=\"og:description\" content=\"INTERVENCI\u00d3N DE LA PRESIDENTA DEL 73\u00ba PERIODO DE SESIONES DE LA ASAMBLEA GENERAL, S.E. MARIA FERNANDA ESPINOSA - Di\u00e1logo Interactivo sobre Armon\u00eda con la Naturaleza, en conmemoraci\u00f3n del D\u00eda Internacional de la Madre Tierra Tema: \u201cEl enfoque de la Madre Tierra en la implementaci\u00f3n de la Educaci\u00f3n y el Cambio Clim\u00e1tico\u201d\" \/>\n<meta property=\"og:url\" content=\"https:\/\/www.un.org\/pga\/73\/es\/2019\/04\/22\/interactive-dialogue-on-harmony-with-nature-to-commemorate-the-international-mother-earth-day\/\" \/>\n<meta property=\"og:site_name\" content=\"Asamblea General de las Naciones Unidas\" \/>\n<meta property=\"article:published_time\" content=\"2019-04-22T15:43:18+00:00\" \/>\n<meta property=\"article:modified_time\" content=\"2019-04-22T15:49:56+00:00\" \/>\n<meta property=\"og:image\" content=\"https:\/\/www.un.org\/pga\/wp-content\/uploads\/sites\/53\/2019\/04\/Capture-12.png\" \/>\n\t<meta property=\"og:image:width\" content=\"902\" \/>\n\t<meta property=\"og:image:height\" content=\"591\" \/>\n\t<meta property=\"og:image:type\" content=\"image\/png\" \/>\n<meta name=\"author\" content=\"Denise Kling\" \/>\n<meta name=\"twitter:card\" content=\"summary_large_image\" \/>\n<meta name=\"twitter:label1\" content=\"Escrito por\" \/>\n\t<meta name=\"twitter:data1\" content=\"Denise Kling\" \/>\n\t<meta name=\"twitter:label2\" content=\"Tiempo de lectura\" \/>\n\t<meta name=\"twitter:data2\" content=\"8 minutos\" \/>\n<script type=\"application\/ld+json\" class=\"yoast-schema-graph\">{\"@context\":\"https:\\\/\\\/schema.org\",\"@graph\":[{\"@type\":\"Article\",\"@id\":\"https:\\\/\\\/www.un.org\\\/pga\\\/73\\\/es\\\/2019\\\/04\\\/22\\\/interactive-dialogue-on-harmony-with-nature-to-commemorate-the-international-mother-earth-day\\\/#article\",\"isPartOf\":{\"@id\":\"https:\\\/\\\/www.un.org\\\/pga\\\/73\\\/es\\\/2019\\\/04\\\/22\\\/interactive-dialogue-on-harmony-with-nature-to-commemorate-the-international-mother-earth-day\\\/\"},\"author\":{\"name\":\"Denise Kling\",\"@id\":\"https:\\\/\\\/www.un.org\\\/pga\\\/73\\\/#\\\/schema\\\/person\\\/af470bea9354ed1b453ade6d22b5c9ee\"},\"headline\":\"Di\u00e1logo Interactivo sobre Armon\u00eda con la Naturaleza, en conmemoraci\u00f3n del D\u00eda Internacional de la Madre Tierra\",\"datePublished\":\"2019-04-22T15:43:18+00:00\",\"dateModified\":\"2019-04-22T15:49:56+00:00\",\"mainEntityOfPage\":{\"@id\":\"https:\\\/\\\/www.un.org\\\/pga\\\/73\\\/es\\\/2019\\\/04\\\/22\\\/interactive-dialogue-on-harmony-with-nature-to-commemorate-the-international-mother-earth-day\\\/\"},\"wordCount\":1540,\"publisher\":{\"@id\":\"https:\\\/\\\/www.un.org\\\/pga\\\/73\\\/#organization\"},\"image\":{\"@id\":\"https:\\\/\\\/www.un.org\\\/pga\\\/73\\\/es\\\/2019\\\/04\\\/22\\\/interactive-dialogue-on-harmony-with-nature-to-commemorate-the-international-mother-earth-day\\\/#primaryimage\"},\"thumbnailUrl\":\"https:\\\/\\\/www.un.org\\\/pga\\\/wp-content\\\/uploads\\\/sites\\\/53\\\/2019\\\/04\\\/Capture-12.png\",\"articleSection\":[\"Declaraciones\"],\"inLanguage\":\"es\"},{\"@type\":\"WebPage\",\"@id\":\"https:\\\/\\\/www.un.org\\\/pga\\\/73\\\/es\\\/2019\\\/04\\\/22\\\/interactive-dialogue-on-harmony-with-nature-to-commemorate-the-international-mother-earth-day\\\/\",\"url\":\"https:\\\/\\\/www.un.org\\\/pga\\\/73\\\/es\\\/2019\\\/04\\\/22\\\/interactive-dialogue-on-harmony-with-nature-to-commemorate-the-international-mother-earth-day\\\/\",\"name\":\"Di\u00e1logo Interactivo sobre Armon\u00eda con la Naturaleza, en conmemoraci\u00f3n del D\u00eda Internacional de la Madre Tierra - Asamblea General de las Naciones Unidas\",\"isPartOf\":{\"@id\":\"https:\\\/\\\/www.un.org\\\/pga\\\/73\\\/#website\"},\"primaryImageOfPage\":{\"@id\":\"https:\\\/\\\/www.un.org\\\/pga\\\/73\\\/es\\\/2019\\\/04\\\/22\\\/interactive-dialogue-on-harmony-with-nature-to-commemorate-the-international-mother-earth-day\\\/#primaryimage\"},\"image\":{\"@id\":\"https:\\\/\\\/www.un.org\\\/pga\\\/73\\\/es\\\/2019\\\/04\\\/22\\\/interactive-dialogue-on-harmony-with-nature-to-commemorate-the-international-mother-earth-day\\\/#primaryimage\"},\"thumbnailUrl\":\"https:\\\/\\\/www.un.org\\\/pga\\\/wp-content\\\/uploads\\\/sites\\\/53\\\/2019\\\/04\\\/Capture-12.png\",\"datePublished\":\"2019-04-22T15:43:18+00:00\",\"dateModified\":\"2019-04-22T15:49:56+00:00\",\"breadcrumb\":{\"@id\":\"https:\\\/\\\/www.un.org\\\/pga\\\/73\\\/es\\\/2019\\\/04\\\/22\\\/interactive-dialogue-on-harmony-with-nature-to-commemorate-the-international-mother-earth-day\\\/#breadcrumb\"},\"inLanguage\":\"es\",\"potentialAction\":[{\"@type\":\"ReadAction\",\"target\":[\"https:\\\/\\\/www.un.org\\\/pga\\\/73\\\/es\\\/2019\\\/04\\\/22\\\/interactive-dialogue-on-harmony-with-nature-to-commemorate-the-international-mother-earth-day\\\/\"]}]},{\"@type\":\"ImageObject\",\"inLanguage\":\"es\",\"@id\":\"https:\\\/\\\/www.un.org\\\/pga\\\/73\\\/es\\\/2019\\\/04\\\/22\\\/interactive-dialogue-on-harmony-with-nature-to-commemorate-the-international-mother-earth-day\\\/#primaryimage\",\"url\":\"https:\\\/\\\/www.un.org\\\/pga\\\/wp-content\\\/uploads\\\/sites\\\/53\\\/2019\\\/04\\\/Capture-12.png\",\"contentUrl\":\"https:\\\/\\\/www.un.org\\\/pga\\\/wp-content\\\/uploads\\\/sites\\\/53\\\/2019\\\/04\\\/Capture-12.png\",\"width\":902,\"height\":591},{\"@type\":\"BreadcrumbList\",\"@id\":\"https:\\\/\\\/www.un.org\\\/pga\\\/73\\\/es\\\/2019\\\/04\\\/22\\\/interactive-dialogue-on-harmony-with-nature-to-commemorate-the-international-mother-earth-day\\\/#breadcrumb\",\"itemListElement\":[{\"@type\":\"ListItem\",\"position\":1,\"name\":\"Home\",\"item\":\"https:\\\/\\\/www.un.org\\\/pga\\\/73\\\/es\\\/\"},{\"@type\":\"ListItem\",\"position\":2,\"name\":\"Di\u00e1logo Interactivo sobre Armon\u00eda con la Naturaleza, en conmemoraci\u00f3n del D\u00eda Internacional de la Madre Tierra\"}]},{\"@type\":\"WebSite\",\"@id\":\"https:\\\/\\\/www.un.org\\\/pga\\\/73\\\/#website\",\"url\":\"https:\\\/\\\/www.un.org\\\/pga\\\/73\\\/\",\"name\":\"General Assembly of the United Nations\",\"description\":\"Presidenta del 73\u00b0 per\u00edodo de sesiones\",\"publisher\":{\"@id\":\"https:\\\/\\\/www.un.org\\\/pga\\\/73\\\/#organization\"},\"potentialAction\":[{\"@type\":\"SearchAction\",\"target\":{\"@type\":\"EntryPoint\",\"urlTemplate\":\"https:\\\/\\\/www.un.org\\\/pga\\\/73\\\/?s={search_term_string}\"},\"query-input\":{\"@type\":\"PropertyValueSpecification\",\"valueRequired\":true,\"valueName\":\"search_term_string\"}}],\"inLanguage\":\"es\"},{\"@type\":\"Organization\",\"@id\":\"https:\\\/\\\/www.un.org\\\/pga\\\/73\\\/#organization\",\"name\":\"General Assembly of the United Nations\",\"url\":\"https:\\\/\\\/www.un.org\\\/pga\\\/73\\\/\",\"logo\":{\"@type\":\"ImageObject\",\"inLanguage\":\"es\",\"@id\":\"https:\\\/\\\/www.un.org\\\/pga\\\/73\\\/#\\\/schema\\\/logo\\\/image\\\/\",\"url\":\"https:\\\/\\\/www.un.org\\\/pga\\\/wp-content\\\/uploads\\\/sites\\\/53\\\/2018\\\/07\\\/18-00066a_Ä¢¹½ÊÓÆµGA73_Logos-no-type-04.png\",\"contentUrl\":\"https:\\\/\\\/www.un.org\\\/pga\\\/wp-content\\\/uploads\\\/sites\\\/53\\\/2018\\\/07\\\/18-00066a_Ä¢¹½ÊÓÆµGA73_Logos-no-type-04.png\",\"width\":529,\"height\":601,\"caption\":\"General Assembly of the United Nations\"},\"image\":{\"@id\":\"https:\\\/\\\/www.un.org\\\/pga\\\/73\\\/#\\\/schema\\\/logo\\\/image\\\/\"}},{\"@type\":\"Person\",\"@id\":\"https:\\\/\\\/www.un.org\\\/pga\\\/73\\\/#\\\/schema\\\/person\\\/af470bea9354ed1b453ade6d22b5c9ee\",\"name\":\"Denise Kling\",\"image\":{\"@type\":\"ImageObject\",\"inLanguage\":\"es\",\"@id\":\"https:\\\/\\\/secure.gravatar.com\\\/avatar\\\/b5fdae9d2ae28ca0f434202f2c9b6f29640a2b757fdbaa4592687900a399db3d?s=96&d=mm&r=g\",\"url\":\"https:\\\/\\\/secure.gravatar.com\\\/avatar\\\/b5fdae9d2ae28ca0f434202f2c9b6f29640a2b757fdbaa4592687900a399db3d?s=96&d=mm&r=g\",\"contentUrl\":\"https:\\\/\\\/secure.gravatar.com\\\/avatar\\\/b5fdae9d2ae28ca0f434202f2c9b6f29640a2b757fdbaa4592687900a399db3d?s=96&d=mm&r=g\",\"caption\":\"Denise Kling\"},\"url\":\"https:\\\/\\\/www.un.org\\\/pga\\\/73\\\/es\\\/author\\\/denise-klingun-org\\\/\"}]}<\/script>\n<!-- \/ Yoast SEO plugin. -->","yoast_head_json":{"title":"Di\u00e1logo Interactivo sobre Armon\u00eda con la Naturaleza, en conmemoraci\u00f3n del D\u00eda Internacional de la Madre Tierra - Asamblea General de las Naciones Unidas","robots":{"index":"index","follow":"follow","max-snippet":"max-snippet:-1","max-image-preview":"max-image-preview:large","max-video-preview":"max-video-preview:-1"},"canonical":"https:\/\/www.un.org\/pga\/73\/es\/2019\/04\/22\/interactive-dialogue-on-harmony-with-nature-to-commemorate-the-international-mother-earth-day\/","og_locale":"es_ES","og_type":"article","og_title":"Di\u00e1logo Interactivo sobre Armon\u00eda con la Naturaleza, en conmemoraci\u00f3n del D\u00eda Internacional de la Madre Tierra - Asamblea General de las Naciones Unidas","og_description":"INTERVENCI\u00d3N DE LA PRESIDENTA DEL 73\u00ba PERIODO DE SESIONES DE LA ASAMBLEA GENERAL, S.E. MARIA FERNANDA ESPINOSA - Di\u00e1logo Interactivo sobre Armon\u00eda con la Naturaleza, en conmemoraci\u00f3n del D\u00eda Internacional de la Madre Tierra Tema: \u201cEl enfoque de la Madre Tierra en la implementaci\u00f3n de la Educaci\u00f3n y el Cambio Clim\u00e1tico\u201d","og_url":"https:\/\/www.un.org\/pga\/73\/es\/2019\/04\/22\/interactive-dialogue-on-harmony-with-nature-to-commemorate-the-international-mother-earth-day\/","og_site_name":"Asamblea General de las Naciones Unidas","article_published_time":"2019-04-22T15:43:18+00:00","article_modified_time":"2019-04-22T15:49:56+00:00","og_image":[{"width":902,"height":591,"url":"https:\/\/www.un.org\/pga\/wp-content\/uploads\/sites\/53\/2019\/04\/Capture-12.png","type":"image\/png"}],"author":"Denise Kling","twitter_card":"summary_large_image","twitter_misc":{"Escrito por":"Denise Kling","Tiempo de lectura":"8 minutos"},"schema":{"@context":"https:\/\/schema.org","@graph":[{"@type":"Article","@id":"https:\/\/www.un.org\/pga\/73\/es\/2019\/04\/22\/interactive-dialogue-on-harmony-with-nature-to-commemorate-the-international-mother-earth-day\/#article","isPartOf":{"@id":"https:\/\/www.un.org\/pga\/73\/es\/2019\/04\/22\/interactive-dialogue-on-harmony-with-nature-to-commemorate-the-international-mother-earth-day\/"},"author":{"name":"Denise Kling","@id":"https:\/\/www.un.org\/pga\/73\/#\/schema\/person\/af470bea9354ed1b453ade6d22b5c9ee"},"headline":"Di\u00e1logo Interactivo sobre Armon\u00eda con la Naturaleza, en conmemoraci\u00f3n del D\u00eda Internacional de la Madre Tierra","datePublished":"2019-04-22T15:43:18+00:00","dateModified":"2019-04-22T15:49:56+00:00","mainEntityOfPage":{"@id":"https:\/\/www.un.org\/pga\/73\/es\/2019\/04\/22\/interactive-dialogue-on-harmony-with-nature-to-commemorate-the-international-mother-earth-day\/"},"wordCount":1540,"publisher":{"@id":"https:\/\/www.un.org\/pga\/73\/#organization"},"image":{"@id":"https:\/\/www.un.org\/pga\/73\/es\/2019\/04\/22\/interactive-dialogue-on-harmony-with-nature-to-commemorate-the-international-mother-earth-day\/#primaryimage"},"thumbnailUrl":"https:\/\/www.un.org\/pga\/wp-content\/uploads\/sites\/53\/2019\/04\/Capture-12.png","articleSection":["Declaraciones"],"inLanguage":"es"},{"@type":"WebPage","@id":"https:\/\/www.un.org\/pga\/73\/es\/2019\/04\/22\/interactive-dialogue-on-harmony-with-nature-to-commemorate-the-international-mother-earth-day\/","url":"https:\/\/www.un.org\/pga\/73\/es\/2019\/04\/22\/interactive-dialogue-on-harmony-with-nature-to-commemorate-the-international-mother-earth-day\/","name":"Di\u00e1logo Interactivo sobre Armon\u00eda con la Naturaleza, en conmemoraci\u00f3n del D\u00eda Internacional de la Madre Tierra - Asamblea General de las Naciones Unidas","isPartOf":{"@id":"https:\/\/www.un.org\/pga\/73\/#website"},"primaryImageOfPage":{"@id":"https:\/\/www.un.org\/pga\/73\/es\/2019\/04\/22\/interactive-dialogue-on-harmony-with-nature-to-commemorate-the-international-mother-earth-day\/#primaryimage"},"image":{"@id":"https:\/\/www.un.org\/pga\/73\/es\/2019\/04\/22\/interactive-dialogue-on-harmony-with-nature-to-commemorate-the-international-mother-earth-day\/#primaryimage"},"thumbnailUrl":"https:\/\/www.un.org\/pga\/wp-content\/uploads\/sites\/53\/2019\/04\/Capture-12.png","datePublished":"2019-04-22T15:43:18+00:00","dateModified":"2019-04-22T15:49:56+00:00","breadcrumb":{"@id":"https:\/\/www.un.org\/pga\/73\/es\/2019\/04\/22\/interactive-dialogue-on-harmony-with-nature-to-commemorate-the-international-mother-earth-day\/#breadcrumb"},"inLanguage":"es","potentialAction":[{"@type":"ReadAction","target":["https:\/\/www.un.org\/pga\/73\/es\/2019\/04\/22\/interactive-dialogue-on-harmony-with-nature-to-commemorate-the-international-mother-earth-day\/"]}]},{"@type":"ImageObject","inLanguage":"es","@id":"https:\/\/www.un.org\/pga\/73\/es\/2019\/04\/22\/interactive-dialogue-on-harmony-with-nature-to-commemorate-the-international-mother-earth-day\/#primaryimage","url":"https:\/\/www.un.org\/pga\/wp-content\/uploads\/sites\/53\/2019\/04\/Capture-12.png","contentUrl":"https:\/\/www.un.org\/pga\/wp-content\/uploads\/sites\/53\/2019\/04\/Capture-12.png","width":902,"height":591},{"@type":"BreadcrumbList","@id":"https:\/\/www.un.org\/pga\/73\/es\/2019\/04\/22\/interactive-dialogue-on-harmony-with-nature-to-commemorate-the-international-mother-earth-day\/#breadcrumb","itemListElement":[{"@type":"ListItem","position":1,"name":"Home","item":"https:\/\/www.un.org\/pga\/73\/es\/"},{"@type":"ListItem","position":2,"name":"Di\u00e1logo Interactivo sobre Armon\u00eda con la Naturaleza, en conmemoraci\u00f3n del D\u00eda Internacional de la Madre Tierra"}]},{"@type":"WebSite","@id":"https:\/\/www.un.org\/pga\/73\/#website","url":"https:\/\/www.un.org\/pga\/73\/","name":"General Assembly of the United Nations","description":"Presidenta del 73\u00b0 per\u00edodo de sesiones","publisher":{"@id":"https:\/\/www.un.org\/pga\/73\/#organization"},"potentialAction":[{"@type":"SearchAction","target":{"@type":"EntryPoint","urlTemplate":"https:\/\/www.un.org\/pga\/73\/?s={search_term_string}"},"query-input":{"@type":"PropertyValueSpecification","valueRequired":true,"valueName":"search_term_string"}}],"inLanguage":"es"},{"@type":"Organization","@id":"https:\/\/www.un.org\/pga\/73\/#organization","name":"General Assembly of the United Nations","url":"https:\/\/www.un.org\/pga\/73\/","logo":{"@type":"ImageObject","inLanguage":"es","@id":"https:\/\/www.un.org\/pga\/73\/#\/schema\/logo\/image\/","url":"https:\/\/www.un.org\/pga\/wp-content\/uploads\/sites\/53\/2018\/07\/18-00066a_Ä¢¹½ÊÓÆµGA73_Logos-no-type-04.png","contentUrl":"https:\/\/www.un.org\/pga\/wp-content\/uploads\/sites\/53\/2018\/07\/18-00066a_Ä¢¹½ÊÓÆµGA73_Logos-no-type-04.png","width":529,"height":601,"caption":"General Assembly of the United Nations"},"image":{"@id":"https:\/\/www.un.org\/pga\/73\/#\/schema\/logo\/image\/"}},{"@type":"Person","@id":"https:\/\/www.un.org\/pga\/73\/#\/schema\/person\/af470bea9354ed1b453ade6d22b5c9ee","name":"Denise Kling","image":{"@type":"ImageObject","inLanguage":"es","@id":"https:\/\/secure.gravatar.com\/avatar\/b5fdae9d2ae28ca0f434202f2c9b6f29640a2b757fdbaa4592687900a399db3d?s=96&d=mm&r=g","url":"https:\/\/secure.gravatar.com\/avatar\/b5fdae9d2ae28ca0f434202f2c9b6f29640a2b757fdbaa4592687900a399db3d?s=96&d=mm&r=g","contentUrl":"https:\/\/secure.gravatar.com\/avatar\/b5fdae9d2ae28ca0f434202f2c9b6f29640a2b757fdbaa4592687900a399db3d?s=96&d=mm&r=g","caption":"Denise Kling"},"url":"https:\/\/www.un.org\/pga\/73\/es\/author\/denise-klingun-org\/"}]}},"_links":{"self":[{"href":"https:\/\/www.un.org\/pga\/73\/es\/wp-json\/wp\/v2\/posts\/187026","targetHints":{"allow":["GET"]}}],"collection":[{"href":"https:\/\/www.un.org\/pga\/73\/es\/wp-json\/wp\/v2\/posts"}],"about":[{"href":"https:\/\/www.un.org\/pga\/73\/es\/wp-json\/wp\/v2\/types\/post"}],"author":[{"embeddable":true,"href":"https:\/\/www.un.org\/pga\/73\/es\/wp-json\/wp\/v2\/users\/266"}],"replies":[{"embeddable":true,"href":"https:\/\/www.un.org\/pga\/73\/es\/wp-json\/wp\/v2\/comments?post=187026"}],"version-history":[{"count":0,"href":"https:\/\/www.un.org\/pga\/73\/es\/wp-json\/wp\/v2\/posts\/187026\/revisions"}],"wp:featuredmedia":[{"embeddable":true,"href":"https:\/\/www.un.org\/pga\/73\/es\/wp-json\/wp\/v2\/media\/187017"}],"wp:attachment":[{"href":"https:\/\/www.un.org\/pga\/73\/es\/wp-json\/wp\/v2\/media?parent=187026"}],"wp:term":[{"taxonomy":"category","embeddable":true,"href":"https:\/\/www.un.org\/pga\/73\/es\/wp-json\/wp\/v2\/categories?post=187026"},{"taxonomy":"post_tag","embeddable":true,"href":"https:\/\/www.un.org\/pga\/73\/es\/wp-json\/wp\/v2\/tags?post=187026"}],"curies":[{"name":"wp","href":"https:\/\/api.w.org\/{rel}","templated":true}]}}