  {"id":201558,"date":"2019-08-01T18:24:11","date_gmt":"2019-08-01T22:24:11","guid":{"rendered":"https:\/\/www.un.org\/pga\/73\/2019\/08\/01\/general-assembly-plenary-meeting-in-tribute-to-the-memory-of-his-excellency-beji-caid-essebsi-president-of-the-republic-of-tunisia\/"},"modified":"2019-08-02T18:37:02","modified_gmt":"2019-08-02T22:37:02","slug":"general-assembly-plenary-meeting-in-tribute-to-the-memory-of-his-excellency-beji-caid-essebsi-president-of-the-republic-of-tunisia","status":"publish","type":"post","link":"https:\/\/www.un.org\/pga\/73\/es\/2019\/08\/01\/general-assembly-plenary-meeting-in-tribute-to-the-memory-of-his-excellency-beji-caid-essebsi-president-of-the-republic-of-tunisia\/","title":{"rendered":"Reuni\u00f3n plenaria de la Asamblea General en memoria del Presidente de T\u00fanez"},"content":{"rendered":"<p>[et_pb_section bb_built=\u00bb1&#8243; inner_width=\u00bbauto\u00bb inner_max_width=\u00bbnone\u00bb][et_pb_row][et_pb_column type=\u00bb4_4&#8243; custom_padding__hover=\u00bb|||\u00bb custom_padding=\u00bb|||\u00bb][et_pb_text _builder_version=\u00bb3.26.5&#8243; border_style=\u00bbsolid\u00bb background_position=\u00bbtop_left\u00bb background_repeat=\u00bbrepeat\u00bb background_size=\u00bbinitial\u00bb text_text_shadow_horizontal_length=\u00bbtext_text_shadow_style,%91object Object%93&#8243; text_text_shadow_horizontal_length_tablet=\u00bb0px\u00bb text_text_shadow_vertical_length=\u00bbtext_text_shadow_style,%91object Object%93&#8243; text_text_shadow_vertical_length_tablet=\u00bb0px\u00bb text_text_shadow_blur_strength=\u00bbtext_text_shadow_style,%91object Object%93&#8243; text_text_shadow_blur_strength_tablet=\u00bb1px\u00bb link_text_shadow_horizontal_length=\u00bblink_text_shadow_style,%91object Object%93&#8243; link_text_shadow_horizontal_length_tablet=\u00bb0px\u00bb link_text_shadow_vertical_length=\u00bblink_text_shadow_style,%91object Object%93&#8243; link_text_shadow_vertical_length_tablet=\u00bb0px\u00bb link_text_shadow_blur_strength=\u00bblink_text_shadow_style,%91object Object%93&#8243; link_text_shadow_blur_strength_tablet=\u00bb1px\u00bb ul_text_shadow_horizontal_length=\u00bbul_text_shadow_style,%91object Object%93&#8243; ul_text_shadow_horizontal_length_tablet=\u00bb0px\u00bb ul_text_shadow_vertical_length=\u00bbul_text_shadow_style,%91object Object%93&#8243; ul_text_shadow_vertical_length_tablet=\u00bb0px\u00bb ul_text_shadow_blur_strength=\u00bbul_text_shadow_style,%91object Object%93&#8243; ul_text_shadow_blur_strength_tablet=\u00bb1px\u00bb ol_text_shadow_horizontal_length=\u00bbol_text_shadow_style,%91object Object%93&#8243; ol_text_shadow_horizontal_length_tablet=\u00bb0px\u00bb ol_text_shadow_vertical_length=\u00bbol_text_shadow_style,%91object Object%93&#8243; ol_text_shadow_vertical_length_tablet=\u00bb0px\u00bb ol_text_shadow_blur_strength=\u00bbol_text_shadow_style,%91object Object%93&#8243; ol_text_shadow_blur_strength_tablet=\u00bb1px\u00bb quote_text_shadow_horizontal_length=\u00bbquote_text_shadow_style,%91object Object%93&#8243; quote_text_shadow_horizontal_length_tablet=\u00bb0px\u00bb quote_text_shadow_vertical_length=\u00bbquote_text_shadow_style,%91object Object%93&#8243; quote_text_shadow_vertical_length_tablet=\u00bb0px\u00bb quote_text_shadow_blur_strength=\u00bbquote_text_shadow_style,%91object Object%93&#8243; quote_text_shadow_blur_strength_tablet=\u00bb1px\u00bb header_text_shadow_horizontal_length=\u00bbheader_text_shadow_style,%91object Object%93&#8243; header_text_shadow_horizontal_length_tablet=\u00bb0px\u00bb header_text_shadow_vertical_length=\u00bbheader_text_shadow_style,%91object Object%93&#8243; header_text_shadow_vertical_length_tablet=\u00bb0px\u00bb header_text_shadow_blur_strength=\u00bbheader_text_shadow_style,%91object Object%93&#8243; header_text_shadow_blur_strength_tablet=\u00bb1px\u00bb header_2_text_shadow_horizontal_length=\u00bbheader_2_text_shadow_style,%91object Object%93&#8243; header_2_text_shadow_horizontal_length_tablet=\u00bb0px\u00bb header_2_text_shadow_vertical_length=\u00bbheader_2_text_shadow_style,%91object Object%93&#8243; header_2_text_shadow_vertical_length_tablet=\u00bb0px\u00bb header_2_text_shadow_blur_strength=\u00bbheader_2_text_shadow_style,%91object Object%93&#8243; header_2_text_shadow_blur_strength_tablet=\u00bb1px\u00bb header_3_text_shadow_horizontal_length=\u00bbheader_3_text_shadow_style,%91object Object%93&#8243; header_3_text_shadow_horizontal_length_tablet=\u00bb0px\u00bb header_3_text_shadow_vertical_length=\u00bbheader_3_text_shadow_style,%91object Object%93&#8243; header_3_text_shadow_vertical_length_tablet=\u00bb0px\u00bb header_3_text_shadow_blur_strength=\u00bbheader_3_text_shadow_style,%91object Object%93&#8243; header_3_text_shadow_blur_strength_tablet=\u00bb1px\u00bb header_4_text_shadow_horizontal_length=\u00bbheader_4_text_shadow_style,%91object Object%93&#8243; header_4_text_shadow_horizontal_length_tablet=\u00bb0px\u00bb header_4_text_shadow_vertical_length=\u00bbheader_4_text_shadow_style,%91object Object%93&#8243; header_4_text_shadow_vertical_length_tablet=\u00bb0px\u00bb header_4_text_shadow_blur_strength=\u00bbheader_4_text_shadow_style,%91object Object%93&#8243; header_4_text_shadow_blur_strength_tablet=\u00bb1px\u00bb header_5_text_shadow_horizontal_length=\u00bbheader_5_text_shadow_style,%91object Object%93&#8243; header_5_text_shadow_horizontal_length_tablet=\u00bb0px\u00bb header_5_text_shadow_vertical_length=\u00bbheader_5_text_shadow_style,%91object Object%93&#8243; header_5_text_shadow_vertical_length_tablet=\u00bb0px\u00bb header_5_text_shadow_blur_strength=\u00bbheader_5_text_shadow_style,%91object Object%93&#8243; header_5_text_shadow_blur_strength_tablet=\u00bb1px\u00bb header_6_text_shadow_horizontal_length=\u00bbheader_6_text_shadow_style,%91object Object%93&#8243; header_6_text_shadow_horizontal_length_tablet=\u00bb0px\u00bb header_6_text_shadow_vertical_length=\u00bbheader_6_text_shadow_style,%91object Object%93&#8243; header_6_text_shadow_vertical_length_tablet=\u00bb0px\u00bb header_6_text_shadow_blur_strength=\u00bbheader_6_text_shadow_style,%91object Object%93&#8243; header_6_text_shadow_blur_strength_tablet=\u00bb1px\u00bb box_shadow_horizontal_tablet=\u00bb0px\u00bb box_shadow_vertical_tablet=\u00bb0px\u00bb box_shadow_blur_tablet=\u00bb40px\u00bb box_shadow_spread_tablet=\u00bb0px\u00bb z_index_tablet=\u00bb500&#8243;]<\/p>\n<p style=\"text-align: center\"><strong><em>&#8211; Como Pronunciado &#8211;<\/em><\/strong><\/p>\n<p><strong>PALABRAS DE LA PRESIDENTA DEL 73\u00ba PERIODO DE SESIONES DE LA ASAMBLEA GENERAL, S.E. MAR\u00cdA FERNANDA ESPINOSA<\/strong><\/p>\n<p><strong><span class=\"updated\">1 de agosto 2019<\/span><\/strong><\/p>\n<p><img loading=\"lazy\" decoding=\"async\" class=\"alignleft wp-image-201537 \" src=\"https:\/\/www.un.org\/pga\/73\/wp-content\/uploads\/sites\/53\/2019\/08\/Tweet1-300x200.jpg\" alt=\"\" width=\"365\" height=\"243\" srcset=\"https:\/\/www.un.org\/pga\/wp-content\/uploads\/sites\/53\/2019\/08\/Tweet1-300x200.jpg 300w, https:\/\/www.un.org\/pga\/wp-content\/uploads\/sites\/53\/2019\/08\/Tweet1-150x100.jpg 150w, https:\/\/www.un.org\/pga\/wp-content\/uploads\/sites\/53\/2019\/08\/Tweet1-768x512.jpg 768w, https:\/\/www.un.org\/pga\/wp-content\/uploads\/sites\/53\/2019\/08\/Tweet1-1024x683.jpg 1024w, https:\/\/www.un.org\/pga\/wp-content\/uploads\/sites\/53\/2019\/08\/Tweet1-1080x720.jpg 1080w, https:\/\/www.un.org\/pga\/wp-content\/uploads\/sites\/53\/2019\/08\/Tweet1.jpg 2048w\" sizes=\"(max-width: 365px) 100vw, 365px\" \/><\/p>\n<p>Estimado Ant\u00f3nio Guterres, Secretario General,<\/p>\n<p>Distinguido Embajador Sami Bougacha, Encargado de Negocios de T\u00fanez ante las Naciones Unidas,<\/p>\n<p>Distinguidos Representantes Pemanentes,<\/p>\n<p>Se\u00f1oras y Se\u00f1ores:<\/p>\n<p>En nombre de la Asamblea General y de todos los presentes, extiendo al Gobierno y al pueblo de T\u00fanez las m\u00e1s sentidas condolencias por el deceso del Presidente B\u00e9ji Ca\u00efd Essebsi.<\/p>\n<p>El Presidente Essebsi fue un gran estadista, un hombre que supo liderar con \u00e9xito, y de manera pac\u00edfica, la transici\u00f3n democr\u00e1tica en T\u00fanez, uno de los momentos de mayor relevancia y complejidad para ese pa\u00eds y para su futuro.<\/p>\n<p>Sus valores e ideales en favor de la independencia de T\u00fanez lo acompa\u00f1aron desde muy joven y lo llevaron a elegir la pol\u00edtica como instrumento para servir a sus conciudadanos y conciudadanas.<\/p>\n<p>En los diferentes cargos de responsabilidad pol\u00edtica que le toc\u00f3 asumir fue reconocido por su fortaleza y compromiso con su pa\u00eds y con su regi\u00f3n.<\/p>\n<p>Fue, adem\u00e1s, un firme defensor de los prop\u00f3sitos y principios de la Organizaci\u00f3n de las Naciones Unidas y del multilateralismo.<\/p>\n<p>Su legado para afianzar la democracia, alcanzar el desarrollo sostenible y promover los derechos humanos del pueblo tunecino debe continuar.<\/p>\n<p>Conf\u00edo en que las autoridades de T\u00fanez sabr\u00e1n guiar con responsabilidad los pasos de la Rep\u00fablica en este \u00ednterin hacia las pr\u00f3ximas elecciones presidenciales.<\/p>\n<p>Acompa\u00f1o a la familia y amigos del Se\u00f1or Essebsi en estos momentos de dolor y agradecer\u00eda al Encargado de Negocios de T\u00fanez que tuviera la amabilidad de transmitir este mensaje y este sincero homenaje que la Asamblea General rinde hoy a una figura trascendental para su pa\u00eds, la regi\u00f3n y el mundo.<\/p>\n<p>Muchas gracias.<\/p>\n<p>&nbsp;<\/p>\n<p>[\/et_pb_text][\/et_pb_column][\/et_pb_row][\/et_pb_section]<\/p>\n","protected":false},"excerpt":{"rendered":"<p>PALABRAS DE LA PRESIDENTA DEL 73\u00ba PERIODO DE SESIONES DE LA ASAMBLEA GENERAL, S.E. MAR\u00cdA FERNANDA ESPINOSA &#8211;  Reuni\u00f3n plenaria de la Asamblea General en memoria del Presidente de T\u00fanez<\/p>\n","protected":false},"author":266,"featured_media":201552,"comment_status":"closed","ping_status":"closed","sticky":false,"template":"","format":"standard","meta":{"_et_pb_use_builder":"on","_et_pb_old_content":"","_et_gb_content_width":"","footnotes":"","_links_to":"","_links_to_target":""},"categories":[181],"tags":[],"class_list":["post-201558","post","type-post","status-publish","format-standard","has-post-thumbnail","hentry","category-statements-es","et-has-post-format-content","et_post_format-et-post-format-standard"],"yoast_head":"<!-- This site is optimized with the Yoast SEO plugin v28.3 - https:\/\/yoast.com\/product\/yoast-seo-wordpress\/ -->\n<title>Reuni\u00f3n plenaria de la Asamblea General en memoria del Presidente de T\u00fanez - Asamblea General de las Naciones Unidas<\/title>\n<meta name=\"robots\" content=\"index, follow, max-snippet:-1, max-image-preview:large, max-video-preview:-1\" \/>\n<link rel=\"canonical\" href=\"https:\/\/www.un.org\/pga\/73\/es\/2019\/08\/01\/general-assembly-plenary-meeting-in-tribute-to-the-memory-of-his-excellency-beji-caid-essebsi-president-of-the-republic-of-tunisia\/\" \/>\n<meta property=\"og:locale\" content=\"es_ES\" \/>\n<meta property=\"og:type\" content=\"article\" \/>\n<meta property=\"og:title\" content=\"Reuni\u00f3n plenaria de la Asamblea General en memoria del Presidente de T\u00fanez - Asamblea General de las Naciones Unidas\" \/>\n<meta property=\"og:description\" content=\"PALABRAS DE LA PRESIDENTA DEL 73\u00ba PERIODO DE SESIONES DE LA ASAMBLEA GENERAL, S.E. MAR\u00cdA FERNANDA ESPINOSA - Reuni\u00f3n plenaria de la Asamblea General en memoria del Presidente de T\u00fanez\" \/>\n<meta property=\"og:url\" content=\"https:\/\/www.un.org\/pga\/73\/es\/2019\/08\/01\/general-assembly-plenary-meeting-in-tribute-to-the-memory-of-his-excellency-beji-caid-essebsi-president-of-the-republic-of-tunisia\/\" \/>\n<meta property=\"og:site_name\" content=\"Asamblea General de las Naciones Unidas\" \/>\n<meta property=\"article:published_time\" content=\"2019-08-01T22:24:11+00:00\" \/>\n<meta property=\"article:modified_time\" content=\"2019-08-02T22:37:02+00:00\" \/>\n<meta property=\"og:image\" content=\"https:\/\/www.un.org\/pga\/wp-content\/uploads\/sites\/53\/2019\/08\/Tweet1.jpg\" \/>\n\t<meta property=\"og:image:width\" content=\"6000\" \/>\n\t<meta property=\"og:image:height\" content=\"4000\" \/>\n\t<meta property=\"og:image:type\" content=\"image\/jpeg\" \/>\n<meta name=\"author\" content=\"Denise Kling\" \/>\n<meta name=\"twitter:card\" content=\"summary_large_image\" \/>\n<meta name=\"twitter:label1\" content=\"Escrito por\" \/>\n\t<meta name=\"twitter:data1\" content=\"Denise Kling\" \/>\n\t<meta name=\"twitter:label2\" content=\"Tiempo de lectura\" \/>\n\t<meta name=\"twitter:data2\" content=\"5 minutos\" \/>\n<script type=\"application\/ld+json\" class=\"yoast-schema-graph\">{\"@context\":\"https:\\\/\\\/schema.org\",\"@graph\":[{\"@type\":\"Article\",\"@id\":\"https:\\\/\\\/www.un.org\\\/pga\\\/73\\\/es\\\/2019\\\/08\\\/01\\\/general-assembly-plenary-meeting-in-tribute-to-the-memory-of-his-excellency-beji-caid-essebsi-president-of-the-republic-of-tunisia\\\/#article\",\"isPartOf\":{\"@id\":\"https:\\\/\\\/www.un.org\\\/pga\\\/73\\\/es\\\/2019\\\/08\\\/01\\\/general-assembly-plenary-meeting-in-tribute-to-the-memory-of-his-excellency-beji-caid-essebsi-president-of-the-republic-of-tunisia\\\/\"},\"author\":{\"name\":\"Denise Kling\",\"@id\":\"https:\\\/\\\/www.un.org\\\/pga\\\/73\\\/#\\\/schema\\\/person\\\/af470bea9354ed1b453ade6d22b5c9ee\"},\"headline\":\"Reuni\u00f3n plenaria de la Asamblea General en memoria del Presidente de T\u00fanez\",\"datePublished\":\"2019-08-01T22:24:11+00:00\",\"dateModified\":\"2019-08-02T22:37:02+00:00\",\"mainEntityOfPage\":{\"@id\":\"https:\\\/\\\/www.un.org\\\/pga\\\/73\\\/es\\\/2019\\\/08\\\/01\\\/general-assembly-plenary-meeting-in-tribute-to-the-memory-of-his-excellency-beji-caid-essebsi-president-of-the-republic-of-tunisia\\\/\"},\"wordCount\":1012,\"publisher\":{\"@id\":\"https:\\\/\\\/www.un.org\\\/pga\\\/73\\\/#organization\"},\"image\":{\"@id\":\"https:\\\/\\\/www.un.org\\\/pga\\\/73\\\/es\\\/2019\\\/08\\\/01\\\/general-assembly-plenary-meeting-in-tribute-to-the-memory-of-his-excellency-beji-caid-essebsi-president-of-the-republic-of-tunisia\\\/#primaryimage\"},\"thumbnailUrl\":\"https:\\\/\\\/www.un.org\\\/pga\\\/wp-content\\\/uploads\\\/sites\\\/53\\\/2019\\\/08\\\/Tweet1.jpg\",\"articleSection\":[\"Declaraciones\"],\"inLanguage\":\"es\"},{\"@type\":\"WebPage\",\"@id\":\"https:\\\/\\\/www.un.org\\\/pga\\\/73\\\/es\\\/2019\\\/08\\\/01\\\/general-assembly-plenary-meeting-in-tribute-to-the-memory-of-his-excellency-beji-caid-essebsi-president-of-the-republic-of-tunisia\\\/\",\"url\":\"https:\\\/\\\/www.un.org\\\/pga\\\/73\\\/es\\\/2019\\\/08\\\/01\\\/general-assembly-plenary-meeting-in-tribute-to-the-memory-of-his-excellency-beji-caid-essebsi-president-of-the-republic-of-tunisia\\\/\",\"name\":\"Reuni\u00f3n plenaria de la Asamblea General en memoria del Presidente de T\u00fanez - Asamblea General de las Naciones Unidas\",\"isPartOf\":{\"@id\":\"https:\\\/\\\/www.un.org\\\/pga\\\/73\\\/#website\"},\"primaryImageOfPage\":{\"@id\":\"https:\\\/\\\/www.un.org\\\/pga\\\/73\\\/es\\\/2019\\\/08\\\/01\\\/general-assembly-plenary-meeting-in-tribute-to-the-memory-of-his-excellency-beji-caid-essebsi-president-of-the-republic-of-tunisia\\\/#primaryimage\"},\"image\":{\"@id\":\"https:\\\/\\\/www.un.org\\\/pga\\\/73\\\/es\\\/2019\\\/08\\\/01\\\/general-assembly-plenary-meeting-in-tribute-to-the-memory-of-his-excellency-beji-caid-essebsi-president-of-the-republic-of-tunisia\\\/#primaryimage\"},\"thumbnailUrl\":\"https:\\\/\\\/www.un.org\\\/pga\\\/wp-content\\\/uploads\\\/sites\\\/53\\\/2019\\\/08\\\/Tweet1.jpg\",\"datePublished\":\"2019-08-01T22:24:11+00:00\",\"dateModified\":\"2019-08-02T22:37:02+00:00\",\"breadcrumb\":{\"@id\":\"https:\\\/\\\/www.un.org\\\/pga\\\/73\\\/es\\\/2019\\\/08\\\/01\\\/general-assembly-plenary-meeting-in-tribute-to-the-memory-of-his-excellency-beji-caid-essebsi-president-of-the-republic-of-tunisia\\\/#breadcrumb\"},\"inLanguage\":\"es\",\"potentialAction\":[{\"@type\":\"ReadAction\",\"target\":[\"https:\\\/\\\/www.un.org\\\/pga\\\/73\\\/es\\\/2019\\\/08\\\/01\\\/general-assembly-plenary-meeting-in-tribute-to-the-memory-of-his-excellency-beji-caid-essebsi-president-of-the-republic-of-tunisia\\\/\"]}]},{\"@type\":\"ImageObject\",\"inLanguage\":\"es\",\"@id\":\"https:\\\/\\\/www.un.org\\\/pga\\\/73\\\/es\\\/2019\\\/08\\\/01\\\/general-assembly-plenary-meeting-in-tribute-to-the-memory-of-his-excellency-beji-caid-essebsi-president-of-the-republic-of-tunisia\\\/#primaryimage\",\"url\":\"https:\\\/\\\/www.un.org\\\/pga\\\/wp-content\\\/uploads\\\/sites\\\/53\\\/2019\\\/08\\\/Tweet1.jpg\",\"contentUrl\":\"https:\\\/\\\/www.un.org\\\/pga\\\/wp-content\\\/uploads\\\/sites\\\/53\\\/2019\\\/08\\\/Tweet1.jpg\",\"width\":6000,\"height\":4000},{\"@type\":\"BreadcrumbList\",\"@id\":\"https:\\\/\\\/www.un.org\\\/pga\\\/73\\\/es\\\/2019\\\/08\\\/01\\\/general-assembly-plenary-meeting-in-tribute-to-the-memory-of-his-excellency-beji-caid-essebsi-president-of-the-republic-of-tunisia\\\/#breadcrumb\",\"itemListElement\":[{\"@type\":\"ListItem\",\"position\":1,\"name\":\"Home\",\"item\":\"https:\\\/\\\/www.un.org\\\/pga\\\/73\\\/es\\\/\"},{\"@type\":\"ListItem\",\"position\":2,\"name\":\"Reuni\u00f3n plenaria de la Asamblea General en memoria del Presidente de T\u00fanez\"}]},{\"@type\":\"WebSite\",\"@id\":\"https:\\\/\\\/www.un.org\\\/pga\\\/73\\\/#website\",\"url\":\"https:\\\/\\\/www.un.org\\\/pga\\\/73\\\/\",\"name\":\"General Assembly of the United Nations\",\"description\":\"Presidenta del 73\u00b0 per\u00edodo de sesiones\",\"publisher\":{\"@id\":\"https:\\\/\\\/www.un.org\\\/pga\\\/73\\\/#organization\"},\"potentialAction\":[{\"@type\":\"SearchAction\",\"target\":{\"@type\":\"EntryPoint\",\"urlTemplate\":\"https:\\\/\\\/www.un.org\\\/pga\\\/73\\\/?s={search_term_string}\"},\"query-input\":{\"@type\":\"PropertyValueSpecification\",\"valueRequired\":true,\"valueName\":\"search_term_string\"}}],\"inLanguage\":\"es\"},{\"@type\":\"Organization\",\"@id\":\"https:\\\/\\\/www.un.org\\\/pga\\\/73\\\/#organization\",\"name\":\"General Assembly of the United Nations\",\"url\":\"https:\\\/\\\/www.un.org\\\/pga\\\/73\\\/\",\"logo\":{\"@type\":\"ImageObject\",\"inLanguage\":\"es\",\"@id\":\"https:\\\/\\\/www.un.org\\\/pga\\\/73\\\/#\\\/schema\\\/logo\\\/image\\\/\",\"url\":\"https:\\\/\\\/www.un.org\\\/pga\\\/wp-content\\\/uploads\\\/sites\\\/53\\\/2018\\\/07\\\/18-00066a_Ä¢¹½ÊÓÆµGA73_Logos-no-type-04.png\",\"contentUrl\":\"https:\\\/\\\/www.un.org\\\/pga\\\/wp-content\\\/uploads\\\/sites\\\/53\\\/2018\\\/07\\\/18-00066a_Ä¢¹½ÊÓÆµGA73_Logos-no-type-04.png\",\"width\":529,\"height\":601,\"caption\":\"General Assembly of the United Nations\"},\"image\":{\"@id\":\"https:\\\/\\\/www.un.org\\\/pga\\\/73\\\/#\\\/schema\\\/logo\\\/image\\\/\"}},{\"@type\":\"Person\",\"@id\":\"https:\\\/\\\/www.un.org\\\/pga\\\/73\\\/#\\\/schema\\\/person\\\/af470bea9354ed1b453ade6d22b5c9ee\",\"name\":\"Denise Kling\",\"image\":{\"@type\":\"ImageObject\",\"inLanguage\":\"es\",\"@id\":\"https:\\\/\\\/secure.gravatar.com\\\/avatar\\\/b5fdae9d2ae28ca0f434202f2c9b6f29640a2b757fdbaa4592687900a399db3d?s=96&d=mm&r=g\",\"url\":\"https:\\\/\\\/secure.gravatar.com\\\/avatar\\\/b5fdae9d2ae28ca0f434202f2c9b6f29640a2b757fdbaa4592687900a399db3d?s=96&d=mm&r=g\",\"contentUrl\":\"https:\\\/\\\/secure.gravatar.com\\\/avatar\\\/b5fdae9d2ae28ca0f434202f2c9b6f29640a2b757fdbaa4592687900a399db3d?s=96&d=mm&r=g\",\"caption\":\"Denise Kling\"},\"url\":\"https:\\\/\\\/www.un.org\\\/pga\\\/73\\\/es\\\/author\\\/denise-klingun-org\\\/\"}]}<\/script>\n<!-- \/ Yoast SEO plugin. -->","yoast_head_json":{"title":"Reuni\u00f3n plenaria de la Asamblea General en memoria del Presidente de T\u00fanez - Asamblea General de las Naciones Unidas","robots":{"index":"index","follow":"follow","max-snippet":"max-snippet:-1","max-image-preview":"max-image-preview:large","max-video-preview":"max-video-preview:-1"},"canonical":"https:\/\/www.un.org\/pga\/73\/es\/2019\/08\/01\/general-assembly-plenary-meeting-in-tribute-to-the-memory-of-his-excellency-beji-caid-essebsi-president-of-the-republic-of-tunisia\/","og_locale":"es_ES","og_type":"article","og_title":"Reuni\u00f3n plenaria de la Asamblea General en memoria del Presidente de T\u00fanez - Asamblea General de las Naciones Unidas","og_description":"PALABRAS DE LA PRESIDENTA DEL 73\u00ba PERIODO DE SESIONES DE LA ASAMBLEA GENERAL, S.E. MAR\u00cdA FERNANDA ESPINOSA - Reuni\u00f3n plenaria de la Asamblea General en memoria del Presidente de T\u00fanez","og_url":"https:\/\/www.un.org\/pga\/73\/es\/2019\/08\/01\/general-assembly-plenary-meeting-in-tribute-to-the-memory-of-his-excellency-beji-caid-essebsi-president-of-the-republic-of-tunisia\/","og_site_name":"Asamblea General de las Naciones Unidas","article_published_time":"2019-08-01T22:24:11+00:00","article_modified_time":"2019-08-02T22:37:02+00:00","og_image":[{"width":6000,"height":4000,"url":"https:\/\/www.un.org\/pga\/wp-content\/uploads\/sites\/53\/2019\/08\/Tweet1.jpg","type":"image\/jpeg"}],"author":"Denise Kling","twitter_card":"summary_large_image","twitter_misc":{"Escrito por":"Denise Kling","Tiempo de lectura":"5 minutos"},"schema":{"@context":"https:\/\/schema.org","@graph":[{"@type":"Article","@id":"https:\/\/www.un.org\/pga\/73\/es\/2019\/08\/01\/general-assembly-plenary-meeting-in-tribute-to-the-memory-of-his-excellency-beji-caid-essebsi-president-of-the-republic-of-tunisia\/#article","isPartOf":{"@id":"https:\/\/www.un.org\/pga\/73\/es\/2019\/08\/01\/general-assembly-plenary-meeting-in-tribute-to-the-memory-of-his-excellency-beji-caid-essebsi-president-of-the-republic-of-tunisia\/"},"author":{"name":"Denise Kling","@id":"https:\/\/www.un.org\/pga\/73\/#\/schema\/person\/af470bea9354ed1b453ade6d22b5c9ee"},"headline":"Reuni\u00f3n plenaria de la Asamblea General en memoria del Presidente de T\u00fanez","datePublished":"2019-08-01T22:24:11+00:00","dateModified":"2019-08-02T22:37:02+00:00","mainEntityOfPage":{"@id":"https:\/\/www.un.org\/pga\/73\/es\/2019\/08\/01\/general-assembly-plenary-meeting-in-tribute-to-the-memory-of-his-excellency-beji-caid-essebsi-president-of-the-republic-of-tunisia\/"},"wordCount":1012,"publisher":{"@id":"https:\/\/www.un.org\/pga\/73\/#organization"},"image":{"@id":"https:\/\/www.un.org\/pga\/73\/es\/2019\/08\/01\/general-assembly-plenary-meeting-in-tribute-to-the-memory-of-his-excellency-beji-caid-essebsi-president-of-the-republic-of-tunisia\/#primaryimage"},"thumbnailUrl":"https:\/\/www.un.org\/pga\/wp-content\/uploads\/sites\/53\/2019\/08\/Tweet1.jpg","articleSection":["Declaraciones"],"inLanguage":"es"},{"@type":"WebPage","@id":"https:\/\/www.un.org\/pga\/73\/es\/2019\/08\/01\/general-assembly-plenary-meeting-in-tribute-to-the-memory-of-his-excellency-beji-caid-essebsi-president-of-the-republic-of-tunisia\/","url":"https:\/\/www.un.org\/pga\/73\/es\/2019\/08\/01\/general-assembly-plenary-meeting-in-tribute-to-the-memory-of-his-excellency-beji-caid-essebsi-president-of-the-republic-of-tunisia\/","name":"Reuni\u00f3n plenaria de la Asamblea General en memoria del Presidente de T\u00fanez - Asamblea General de las Naciones Unidas","isPartOf":{"@id":"https:\/\/www.un.org\/pga\/73\/#website"},"primaryImageOfPage":{"@id":"https:\/\/www.un.org\/pga\/73\/es\/2019\/08\/01\/general-assembly-plenary-meeting-in-tribute-to-the-memory-of-his-excellency-beji-caid-essebsi-president-of-the-republic-of-tunisia\/#primaryimage"},"image":{"@id":"https:\/\/www.un.org\/pga\/73\/es\/2019\/08\/01\/general-assembly-plenary-meeting-in-tribute-to-the-memory-of-his-excellency-beji-caid-essebsi-president-of-the-republic-of-tunisia\/#primaryimage"},"thumbnailUrl":"https:\/\/www.un.org\/pga\/wp-content\/uploads\/sites\/53\/2019\/08\/Tweet1.jpg","datePublished":"2019-08-01T22:24:11+00:00","dateModified":"2019-08-02T22:37:02+00:00","breadcrumb":{"@id":"https:\/\/www.un.org\/pga\/73\/es\/2019\/08\/01\/general-assembly-plenary-meeting-in-tribute-to-the-memory-of-his-excellency-beji-caid-essebsi-president-of-the-republic-of-tunisia\/#breadcrumb"},"inLanguage":"es","potentialAction":[{"@type":"ReadAction","target":["https:\/\/www.un.org\/pga\/73\/es\/2019\/08\/01\/general-assembly-plenary-meeting-in-tribute-to-the-memory-of-his-excellency-beji-caid-essebsi-president-of-the-republic-of-tunisia\/"]}]},{"@type":"ImageObject","inLanguage":"es","@id":"https:\/\/www.un.org\/pga\/73\/es\/2019\/08\/01\/general-assembly-plenary-meeting-in-tribute-to-the-memory-of-his-excellency-beji-caid-essebsi-president-of-the-republic-of-tunisia\/#primaryimage","url":"https:\/\/www.un.org\/pga\/wp-content\/uploads\/sites\/53\/2019\/08\/Tweet1.jpg","contentUrl":"https:\/\/www.un.org\/pga\/wp-content\/uploads\/sites\/53\/2019\/08\/Tweet1.jpg","width":6000,"height":4000},{"@type":"BreadcrumbList","@id":"https:\/\/www.un.org\/pga\/73\/es\/2019\/08\/01\/general-assembly-plenary-meeting-in-tribute-to-the-memory-of-his-excellency-beji-caid-essebsi-president-of-the-republic-of-tunisia\/#breadcrumb","itemListElement":[{"@type":"ListItem","position":1,"name":"Home","item":"https:\/\/www.un.org\/pga\/73\/es\/"},{"@type":"ListItem","position":2,"name":"Reuni\u00f3n plenaria de la Asamblea General en memoria del Presidente de T\u00fanez"}]},{"@type":"WebSite","@id":"https:\/\/www.un.org\/pga\/73\/#website","url":"https:\/\/www.un.org\/pga\/73\/","name":"General Assembly of the United Nations","description":"Presidenta del 73\u00b0 per\u00edodo de sesiones","publisher":{"@id":"https:\/\/www.un.org\/pga\/73\/#organization"},"potentialAction":[{"@type":"SearchAction","target":{"@type":"EntryPoint","urlTemplate":"https:\/\/www.un.org\/pga\/73\/?s={search_term_string}"},"query-input":{"@type":"PropertyValueSpecification","valueRequired":true,"valueName":"search_term_string"}}],"inLanguage":"es"},{"@type":"Organization","@id":"https:\/\/www.un.org\/pga\/73\/#organization","name":"General Assembly of the United Nations","url":"https:\/\/www.un.org\/pga\/73\/","logo":{"@type":"ImageObject","inLanguage":"es","@id":"https:\/\/www.un.org\/pga\/73\/#\/schema\/logo\/image\/","url":"https:\/\/www.un.org\/pga\/wp-content\/uploads\/sites\/53\/2018\/07\/18-00066a_Ä¢¹½ÊÓÆµGA73_Logos-no-type-04.png","contentUrl":"https:\/\/www.un.org\/pga\/wp-content\/uploads\/sites\/53\/2018\/07\/18-00066a_Ä¢¹½ÊÓÆµGA73_Logos-no-type-04.png","width":529,"height":601,"caption":"General Assembly of the United Nations"},"image":{"@id":"https:\/\/www.un.org\/pga\/73\/#\/schema\/logo\/image\/"}},{"@type":"Person","@id":"https:\/\/www.un.org\/pga\/73\/#\/schema\/person\/af470bea9354ed1b453ade6d22b5c9ee","name":"Denise Kling","image":{"@type":"ImageObject","inLanguage":"es","@id":"https:\/\/secure.gravatar.com\/avatar\/b5fdae9d2ae28ca0f434202f2c9b6f29640a2b757fdbaa4592687900a399db3d?s=96&d=mm&r=g","url":"https:\/\/secure.gravatar.com\/avatar\/b5fdae9d2ae28ca0f434202f2c9b6f29640a2b757fdbaa4592687900a399db3d?s=96&d=mm&r=g","contentUrl":"https:\/\/secure.gravatar.com\/avatar\/b5fdae9d2ae28ca0f434202f2c9b6f29640a2b757fdbaa4592687900a399db3d?s=96&d=mm&r=g","caption":"Denise Kling"},"url":"https:\/\/www.un.org\/pga\/73\/es\/author\/denise-klingun-org\/"}]}},"_links":{"self":[{"href":"https:\/\/www.un.org\/pga\/73\/es\/wp-json\/wp\/v2\/posts\/201558","targetHints":{"allow":["GET"]}}],"collection":[{"href":"https:\/\/www.un.org\/pga\/73\/es\/wp-json\/wp\/v2\/posts"}],"about":[{"href":"https:\/\/www.un.org\/pga\/73\/es\/wp-json\/wp\/v2\/types\/post"}],"author":[{"embeddable":true,"href":"https:\/\/www.un.org\/pga\/73\/es\/wp-json\/wp\/v2\/users\/266"}],"replies":[{"embeddable":true,"href":"https:\/\/www.un.org\/pga\/73\/es\/wp-json\/wp\/v2\/comments?post=201558"}],"version-history":[{"count":0,"href":"https:\/\/www.un.org\/pga\/73\/es\/wp-json\/wp\/v2\/posts\/201558\/revisions"}],"wp:featuredmedia":[{"embeddable":true,"href":"https:\/\/www.un.org\/pga\/73\/es\/wp-json\/wp\/v2\/media\/201552"}],"wp:attachment":[{"href":"https:\/\/www.un.org\/pga\/73\/es\/wp-json\/wp\/v2\/media?parent=201558"}],"wp:term":[{"taxonomy":"category","embeddable":true,"href":"https:\/\/www.un.org\/pga\/73\/es\/wp-json\/wp\/v2\/categories?post=201558"},{"taxonomy":"post_tag","embeddable":true,"href":"https:\/\/www.un.org\/pga\/73\/es\/wp-json\/wp\/v2\/tags?post=201558"}],"curies":[{"name":"wp","href":"https:\/\/api.w.org\/{rel}","templated":true}]}}