  {"id":128869,"date":"2017-10-20T16:36:10","date_gmt":"2017-10-20T20:36:10","guid":{"rendered":"http:\/\/www.un.org\/pga\/www-2\/?p=128869\/"},"modified":"2017-11-03T17:28:16","modified_gmt":"2017-11-03T21:28:16","slug":"lonu-plaide-en-faveur-dun-partenariat-revitalise-pour-le-developpement-de-lafrique","status":"publish","type":"post","link":"https:\/\/www.un.org\/pga\/73\/fr\/2017\/10\/20\/lonu-plaide-en-faveur-dun-partenariat-revitalise-pour-le-developpement-de-lafrique\/","title":{"rendered":"L&rsquo;ONU plaide en faveur d&rsquo;un partenariat revitalis\u00e9 pour le d\u00e9veloppement de l&rsquo;Afrique"},"content":{"rendered":"<p>Le Pr\u00e9sident de l&rsquo;Assembl\u00e9e g\u00e9n\u00e9rale des Nations Unies, Miroslav Laj\u010d\u00e1k, a estim\u00e9 vendredi que les efforts d\u00e9ploy\u00e9s par l&rsquo;Afrique pour se d\u00e9velopper doivent \u00eatre appuy\u00e9s par un partenariat revitalis\u00e9 avec le reste du monde, lors d&rsquo;une r\u00e9union de l&rsquo;Assembl\u00e9e g\u00e9n\u00e9rale consacr\u00e9e au Nouveau partenariat pour le d\u00e9veloppement de l&rsquo;Afrique (NEPAD).<\/p>\n<p>Selon lui, le NEPAD est une sorte de pr\u00e9curseur qui, avec plus de dix ans d&rsquo;avance, a pr\u00e9c\u00e9d\u00e9 le Programme de d\u00e9veloppement durable \u00e0 l&rsquo;horizon 2030 et l&rsquo;Agenda 2063 de l&rsquo;Union africaine. Beaucoup de priorit\u00e9s du NEPAD figurent dans ces nouveaux cadres de travail dont le d\u00e9veloppement des infrastructures, le d\u00e9veloppement humain, la s\u00e9curit\u00e9 alimentaire, l&rsquo;\u00e9ducation et la formation et la sant\u00e9.<\/p>\n<p>Depuis son adoption en 2001, le NEPAD a men\u00e9 \u00e0 un changement transformateur, a affirm\u00e9 M. Laj\u010d\u00e1k, voulant pour exemple le fait que le Programme global de d\u00e9veloppement de l&rsquo;agriculture a am\u00e9lior\u00e9 la productivit\u00e9 agricole du continent et chang\u00e9 la vie de beaucoup de fermiers africains.<\/p>\n<p>Le NEPAD a permis de grands pas dans l&rsquo;int\u00e9gration du commerce africain et la finalisation, cet \u00e9t\u00e9, de l&rsquo;Accord tripartite de libre-\u00e9change a marqu\u00e9 un jalon car il harmonisera les trois blocs sous- r\u00e9gionaux qui avaient jusqu&rsquo;ici leurs propres r\u00e8gles et mod\u00e8les commerciaux.<\/p>\n<p>M. Laj\u010d\u00e1k a toutefois rappel\u00e9 qu&rsquo;il y a bien des obstacles \u00e0 surmonter et qu&rsquo;il faudrait des progr\u00e8s plus rapides pas seulement dans les deux secteurs de l&rsquo;agriculture et du commerce, mais dans une large gamme de secteurs d\u00e9terminants, y compris les infrastructures, l&rsquo;industrie, la diversification \u00e9conomiques et l&rsquo;\u00e9limination de la pauvret\u00e9. Le NEPAD, le Programme 2030 et l&rsquo;Agenda 2063 ont des plans tr\u00e8s clairs sur les moyens d&rsquo;y parvenir et il est crucial que ces deux cadres soient harmonis\u00e9s et int\u00e9gr\u00e9s, notamment en termes de rapport, de suivi et d&rsquo;examen.<\/p>\n<p>Le Pr\u00e9sident de l&rsquo;Assembl\u00e9e a aussi r\u00e9p\u00e9t\u00e9 un message qu&rsquo;il a fr\u00e9quemment entendu : le d\u00e9veloppement de l&rsquo;Afrique ne deviendra une r\u00e9alit\u00e9 que s&rsquo;il est men\u00e9 de l&rsquo;int\u00e9rieur m\u00eame du continent, comme le confirme d&rsquo;ailleurs l&rsquo;Agenda 2063. Le r\u00f4le de l&rsquo;Union africaine, des communaut\u00e9s \u00e9conomiques r\u00e9gionales et des organisations ont \u00e9t\u00e9 indispensables car ils ont agi comme des \u00ab moteurs \u00bb des progr\u00e8s dans le d\u00e9veloppement durable et le renforcement des capacit\u00e9s africaines dans les domaines de la paix et la s\u00e9curit\u00e9.<\/p>\n<p>Au niveau local, les pays africains ont aussi renforc\u00e9 leurs capacit\u00e9s de mobilisation des ressources domestiques et se sont attaqu\u00e9s aux flux illicites de capitaux.<\/p>\n<p>Mais, a reconnu le Pr\u00e9sident, dans un monde o\u00f9 aucun pays, aucune r\u00e9gion ne peut agir seul, les efforts d\u00e9ploy\u00e9s par l&rsquo;Afrique doivent \u00eatre appuy\u00e9s par un partenariat revitalis\u00e9. L&rsquo;aide publique au d\u00e9veloppement (APD) et les autres formes d&rsquo;engagement, a insist\u00e9 le Pr\u00e9sident, sont essentiels pour augmenter les financements, acc\u00e9l\u00e9rer le transfert des technologies et assurer l&rsquo;acc\u00e8s aux march\u00e9s. Les investissements doivent aussi \u00eatre encourag\u00e9s aux niveaux national, r\u00e9gional et international.<\/p>\n<p>Enfin, le Pr\u00e9sident a soulign\u00e9 que le d\u00e9veloppement de l&rsquo;Afrique n&rsquo;est pas une entreprise isol\u00e9e. Aucun appui au d\u00e9veloppement ne m\u00e8nera au changement sans des efforts pour traiter des causes sous-jacentes des conflits comme aucune violence ne sera \u00e9vit\u00e9e si l&rsquo;on ne traduit pas en actes concrets les promesses du NEPAD.<\/p>\n<p><a href=\"http:\/\/www.un.org\/french\/newscentre\/\">Source : ONU Info<\/a><\/p>\n","protected":false},"excerpt":{"rendered":"<p>Le Pr\u00e9sident de l&rsquo;Assembl\u00e9e g\u00e9n\u00e9rale des Nations Unies, Miroslav Laj\u010d\u00e1k, a estim\u00e9 vendredi que les efforts d\u00e9ploy\u00e9s par l&rsquo;Afrique pour se d\u00e9velopper doivent \u00eatre appuy\u00e9s par un partenariat revitalis\u00e9 avec le reste du monde, lors d&rsquo;une r\u00e9union de l&rsquo;Assembl\u00e9e g\u00e9n\u00e9rale consacr\u00e9e au Nouveau partenariat pour le d\u00e9veloppement de l&rsquo;Afrique (NEPAD).<\/p>\n","protected":false},"author":210,"featured_media":128877,"comment_status":"closed","ping_status":"closed","sticky":false,"template":"","format":"standard","meta":{"_et_pb_use_builder":"","_et_pb_old_content":"","_et_gb_content_width":"","footnotes":"","_links_to":"","_links_to_target":""},"categories":[],"tags":[],"class_list":["post-128869","post","type-post","status-publish","format-standard","has-post-thumbnail","hentry","et-has-post-format-content","et_post_format-et-post-format-standard"],"yoast_head":"<!-- This site is optimized with the Yoast SEO plugin v28.3 - https:\/\/yoast.com\/product\/yoast-seo-wordpress\/ -->\n<title>L&#039;ONU plaide en faveur d&#039;un partenariat revitalis\u00e9 pour le d\u00e9veloppement de l&#039;Afrique - Assembl\u00e9e g\u00e9n\u00e9rale des Nations Unies<\/title>\n<meta name=\"robots\" content=\"index, follow, max-snippet:-1, max-image-preview:large, max-video-preview:-1\" \/>\n<link rel=\"canonical\" href=\"https:\/\/www.un.org\/pga\/73\/fr\/2017\/10\/20\/lonu-plaide-en-faveur-dun-partenariat-revitalise-pour-le-developpement-de-lafrique\/\" \/>\n<meta property=\"og:locale\" content=\"fr_FR\" \/>\n<meta property=\"og:type\" content=\"article\" \/>\n<meta property=\"og:title\" content=\"L&#039;ONU plaide en faveur d&#039;un partenariat revitalis\u00e9 pour le d\u00e9veloppement de l&#039;Afrique - Assembl\u00e9e g\u00e9n\u00e9rale des Nations Unies\" \/>\n<meta property=\"og:description\" content=\"Le Pr\u00e9sident de l&#039;Assembl\u00e9e g\u00e9n\u00e9rale des Nations Unies, Miroslav Laj\u010d\u00e1k, a estim\u00e9 vendredi que les efforts d\u00e9ploy\u00e9s par l&#039;Afrique pour se d\u00e9velopper doivent \u00eatre appuy\u00e9s par un partenariat revitalis\u00e9 avec le reste du monde, lors d&#039;une r\u00e9union de l&#039;Assembl\u00e9e g\u00e9n\u00e9rale consacr\u00e9e au Nouveau partenariat pour le d\u00e9veloppement de l&#039;Afrique (NEPAD).\" \/>\n<meta property=\"og:url\" content=\"https:\/\/www.un.org\/pga\/73\/fr\/2017\/10\/20\/lonu-plaide-en-faveur-dun-partenariat-revitalise-pour-le-developpement-de-lafrique\/\" \/>\n<meta property=\"og:site_name\" content=\"Assembl\u00e9e g\u00e9n\u00e9rale des Nations Unies\" \/>\n<meta property=\"article:published_time\" content=\"2017-10-20T20:36:10+00:00\" \/>\n<meta property=\"article:modified_time\" content=\"2017-11-03T21:28:16+00:00\" \/>\n<meta property=\"og:image\" content=\"https:\/\/www.un.org\/pga\/wp-content\/uploads\/sites\/53\/2017\/11\/GA_PGA_AfricaWeek_738803.jpg\" \/>\n\t<meta property=\"og:image:width\" content=\"1024\" \/>\n\t<meta property=\"og:image:height\" content=\"683\" \/>\n\t<meta property=\"og:image:type\" content=\"image\/jpeg\" \/>\n<meta name=\"author\" content=\"Sophie Farigoul\" \/>\n<meta name=\"twitter:card\" content=\"summary_large_image\" \/>\n<meta name=\"twitter:label1\" content=\"\u00c9crit par\" \/>\n\t<meta name=\"twitter:data1\" content=\"Sophie Farigoul\" \/>\n\t<meta name=\"twitter:label2\" content=\"Dur\u00e9e de lecture estim\u00e9e\" \/>\n\t<meta name=\"twitter:data2\" content=\"3 minutes\" \/>\n<script type=\"application\/ld+json\" class=\"yoast-schema-graph\">{\"@context\":\"https:\\\/\\\/schema.org\",\"@graph\":[{\"@type\":\"Article\",\"@id\":\"https:\\\/\\\/www.un.org\\\/pga\\\/73\\\/fr\\\/2017\\\/10\\\/20\\\/lonu-plaide-en-faveur-dun-partenariat-revitalise-pour-le-developpement-de-lafrique\\\/#article\",\"isPartOf\":{\"@id\":\"https:\\\/\\\/www.un.org\\\/pga\\\/73\\\/fr\\\/2017\\\/10\\\/20\\\/lonu-plaide-en-faveur-dun-partenariat-revitalise-pour-le-developpement-de-lafrique\\\/\"},\"author\":{\"name\":\"Sophie Farigoul\",\"@id\":\"https:\\\/\\\/www.un.org\\\/pga\\\/73\\\/#\\\/schema\\\/person\\\/a8ead7780726e582c2b9afb7daa2d930\"},\"headline\":\"L&rsquo;ONU plaide en faveur d&rsquo;un partenariat revitalis\u00e9 pour le d\u00e9veloppement de l&rsquo;Afrique\",\"datePublished\":\"2017-10-20T20:36:10+00:00\",\"dateModified\":\"2017-11-03T21:28:16+00:00\",\"mainEntityOfPage\":{\"@id\":\"https:\\\/\\\/www.un.org\\\/pga\\\/73\\\/fr\\\/2017\\\/10\\\/20\\\/lonu-plaide-en-faveur-dun-partenariat-revitalise-pour-le-developpement-de-lafrique\\\/\"},\"wordCount\":640,\"publisher\":{\"@id\":\"https:\\\/\\\/www.un.org\\\/pga\\\/73\\\/#organization\"},\"image\":{\"@id\":\"https:\\\/\\\/www.un.org\\\/pga\\\/73\\\/fr\\\/2017\\\/10\\\/20\\\/lonu-plaide-en-faveur-dun-partenariat-revitalise-pour-le-developpement-de-lafrique\\\/#primaryimage\"},\"thumbnailUrl\":\"https:\\\/\\\/www.un.org\\\/pga\\\/wp-content\\\/uploads\\\/sites\\\/53\\\/2017\\\/11\\\/GA_PGA_AfricaWeek_738803.jpg\",\"inLanguage\":\"fr-FR\"},{\"@type\":\"WebPage\",\"@id\":\"https:\\\/\\\/www.un.org\\\/pga\\\/73\\\/fr\\\/2017\\\/10\\\/20\\\/lonu-plaide-en-faveur-dun-partenariat-revitalise-pour-le-developpement-de-lafrique\\\/\",\"url\":\"https:\\\/\\\/www.un.org\\\/pga\\\/73\\\/fr\\\/2017\\\/10\\\/20\\\/lonu-plaide-en-faveur-dun-partenariat-revitalise-pour-le-developpement-de-lafrique\\\/\",\"name\":\"L'ONU plaide en faveur d'un partenariat revitalis\u00e9 pour le d\u00e9veloppement de l'Afrique - Assembl\u00e9e g\u00e9n\u00e9rale des Nations Unies\",\"isPartOf\":{\"@id\":\"https:\\\/\\\/www.un.org\\\/pga\\\/73\\\/#website\"},\"primaryImageOfPage\":{\"@id\":\"https:\\\/\\\/www.un.org\\\/pga\\\/73\\\/fr\\\/2017\\\/10\\\/20\\\/lonu-plaide-en-faveur-dun-partenariat-revitalise-pour-le-developpement-de-lafrique\\\/#primaryimage\"},\"image\":{\"@id\":\"https:\\\/\\\/www.un.org\\\/pga\\\/73\\\/fr\\\/2017\\\/10\\\/20\\\/lonu-plaide-en-faveur-dun-partenariat-revitalise-pour-le-developpement-de-lafrique\\\/#primaryimage\"},\"thumbnailUrl\":\"https:\\\/\\\/www.un.org\\\/pga\\\/wp-content\\\/uploads\\\/sites\\\/53\\\/2017\\\/11\\\/GA_PGA_AfricaWeek_738803.jpg\",\"datePublished\":\"2017-10-20T20:36:10+00:00\",\"dateModified\":\"2017-11-03T21:28:16+00:00\",\"breadcrumb\":{\"@id\":\"https:\\\/\\\/www.un.org\\\/pga\\\/73\\\/fr\\\/2017\\\/10\\\/20\\\/lonu-plaide-en-faveur-dun-partenariat-revitalise-pour-le-developpement-de-lafrique\\\/#breadcrumb\"},\"inLanguage\":\"fr-FR\",\"potentialAction\":[{\"@type\":\"ReadAction\",\"target\":[\"https:\\\/\\\/www.un.org\\\/pga\\\/73\\\/fr\\\/2017\\\/10\\\/20\\\/lonu-plaide-en-faveur-dun-partenariat-revitalise-pour-le-developpement-de-lafrique\\\/\"]}]},{\"@type\":\"ImageObject\",\"inLanguage\":\"fr-FR\",\"@id\":\"https:\\\/\\\/www.un.org\\\/pga\\\/73\\\/fr\\\/2017\\\/10\\\/20\\\/lonu-plaide-en-faveur-dun-partenariat-revitalise-pour-le-developpement-de-lafrique\\\/#primaryimage\",\"url\":\"https:\\\/\\\/www.un.org\\\/pga\\\/wp-content\\\/uploads\\\/sites\\\/53\\\/2017\\\/11\\\/GA_PGA_AfricaWeek_738803.jpg\",\"contentUrl\":\"https:\\\/\\\/www.un.org\\\/pga\\\/wp-content\\\/uploads\\\/sites\\\/53\\\/2017\\\/11\\\/GA_PGA_AfricaWeek_738803.jpg\",\"width\":1024,\"height\":683,\"caption\":\"Le Pr\u00e9sident de l\u2019Assembl\u00e9e g\u00e9n\u00e9rale des Nations Unies, Miroslav Lajcak (\u00e0 gauche).\"},{\"@type\":\"BreadcrumbList\",\"@id\":\"https:\\\/\\\/www.un.org\\\/pga\\\/73\\\/fr\\\/2017\\\/10\\\/20\\\/lonu-plaide-en-faveur-dun-partenariat-revitalise-pour-le-developpement-de-lafrique\\\/#breadcrumb\",\"itemListElement\":[{\"@type\":\"ListItem\",\"position\":1,\"name\":\"Home\",\"item\":\"https:\\\/\\\/www.un.org\\\/pga\\\/73\\\/fr\\\/\"},{\"@type\":\"ListItem\",\"position\":2,\"name\":\"L&#8217;ONU plaide en faveur d&#8217;un partenariat revitalis\u00e9 pour le d\u00e9veloppement de l&#8217;Afrique\"}]},{\"@type\":\"WebSite\",\"@id\":\"https:\\\/\\\/www.un.org\\\/pga\\\/73\\\/#website\",\"url\":\"https:\\\/\\\/www.un.org\\\/pga\\\/73\\\/\",\"name\":\"General Assembly of the United Nations\",\"description\":\"Pr\u00e9sidente de la 73e session\",\"publisher\":{\"@id\":\"https:\\\/\\\/www.un.org\\\/pga\\\/73\\\/#organization\"},\"potentialAction\":[{\"@type\":\"SearchAction\",\"target\":{\"@type\":\"EntryPoint\",\"urlTemplate\":\"https:\\\/\\\/www.un.org\\\/pga\\\/73\\\/?s={search_term_string}\"},\"query-input\":{\"@type\":\"PropertyValueSpecification\",\"valueRequired\":true,\"valueName\":\"search_term_string\"}}],\"inLanguage\":\"fr-FR\"},{\"@type\":\"Organization\",\"@id\":\"https:\\\/\\\/www.un.org\\\/pga\\\/73\\\/#organization\",\"name\":\"General Assembly of the United Nations\",\"url\":\"https:\\\/\\\/www.un.org\\\/pga\\\/73\\\/\",\"logo\":{\"@type\":\"ImageObject\",\"inLanguage\":\"fr-FR\",\"@id\":\"https:\\\/\\\/www.un.org\\\/pga\\\/73\\\/#\\\/schema\\\/logo\\\/image\\\/\",\"url\":\"https:\\\/\\\/www.un.org\\\/pga\\\/wp-content\\\/uploads\\\/sites\\\/53\\\/2018\\\/07\\\/18-00066a_Ä¢¹½ÊÓÆµGA73_Logos-no-type-04.png\",\"contentUrl\":\"https:\\\/\\\/www.un.org\\\/pga\\\/wp-content\\\/uploads\\\/sites\\\/53\\\/2018\\\/07\\\/18-00066a_Ä¢¹½ÊÓÆµGA73_Logos-no-type-04.png\",\"width\":529,\"height\":601,\"caption\":\"General Assembly of the United Nations\"},\"image\":{\"@id\":\"https:\\\/\\\/www.un.org\\\/pga\\\/73\\\/#\\\/schema\\\/logo\\\/image\\\/\"}},{\"@type\":\"Person\",\"@id\":\"https:\\\/\\\/www.un.org\\\/pga\\\/73\\\/#\\\/schema\\\/person\\\/a8ead7780726e582c2b9afb7daa2d930\",\"name\":\"Sophie Farigoul\",\"image\":{\"@type\":\"ImageObject\",\"inLanguage\":\"fr-FR\",\"@id\":\"https:\\\/\\\/secure.gravatar.com\\\/avatar\\\/108bf7056e36e7bc4c0904c6486b1358f9e93fcd7714ef259fc4b7db4d822b40?s=96&d=mm&r=g\",\"url\":\"https:\\\/\\\/secure.gravatar.com\\\/avatar\\\/108bf7056e36e7bc4c0904c6486b1358f9e93fcd7714ef259fc4b7db4d822b40?s=96&d=mm&r=g\",\"contentUrl\":\"https:\\\/\\\/secure.gravatar.com\\\/avatar\\\/108bf7056e36e7bc4c0904c6486b1358f9e93fcd7714ef259fc4b7db4d822b40?s=96&d=mm&r=g\",\"caption\":\"Sophie Farigoul\"},\"url\":\"https:\\\/\\\/www.un.org\\\/pga\\\/73\\\/fr\\\/author\\\/farigoulun-org\\\/\"}]}<\/script>\n<!-- \/ Yoast SEO plugin. -->","yoast_head_json":{"title":"L'ONU plaide en faveur d'un partenariat revitalis\u00e9 pour le d\u00e9veloppement de l'Afrique - Assembl\u00e9e g\u00e9n\u00e9rale des Nations Unies","robots":{"index":"index","follow":"follow","max-snippet":"max-snippet:-1","max-image-preview":"max-image-preview:large","max-video-preview":"max-video-preview:-1"},"canonical":"https:\/\/www.un.org\/pga\/73\/fr\/2017\/10\/20\/lonu-plaide-en-faveur-dun-partenariat-revitalise-pour-le-developpement-de-lafrique\/","og_locale":"fr_FR","og_type":"article","og_title":"L'ONU plaide en faveur d'un partenariat revitalis\u00e9 pour le d\u00e9veloppement de l'Afrique - Assembl\u00e9e g\u00e9n\u00e9rale des Nations Unies","og_description":"Le Pr\u00e9sident de l'Assembl\u00e9e g\u00e9n\u00e9rale des Nations Unies, Miroslav Laj\u010d\u00e1k, a estim\u00e9 vendredi que les efforts d\u00e9ploy\u00e9s par l'Afrique pour se d\u00e9velopper doivent \u00eatre appuy\u00e9s par un partenariat revitalis\u00e9 avec le reste du monde, lors d'une r\u00e9union de l'Assembl\u00e9e g\u00e9n\u00e9rale consacr\u00e9e au Nouveau partenariat pour le d\u00e9veloppement de l'Afrique (NEPAD).","og_url":"https:\/\/www.un.org\/pga\/73\/fr\/2017\/10\/20\/lonu-plaide-en-faveur-dun-partenariat-revitalise-pour-le-developpement-de-lafrique\/","og_site_name":"Assembl\u00e9e g\u00e9n\u00e9rale des Nations Unies","article_published_time":"2017-10-20T20:36:10+00:00","article_modified_time":"2017-11-03T21:28:16+00:00","og_image":[{"width":1024,"height":683,"url":"https:\/\/www.un.org\/pga\/wp-content\/uploads\/sites\/53\/2017\/11\/GA_PGA_AfricaWeek_738803.jpg","type":"image\/jpeg"}],"author":"Sophie Farigoul","twitter_card":"summary_large_image","twitter_misc":{"\u00c9crit par":"Sophie Farigoul","Dur\u00e9e de lecture estim\u00e9e":"3 minutes"},"schema":{"@context":"https:\/\/schema.org","@graph":[{"@type":"Article","@id":"https:\/\/www.un.org\/pga\/73\/fr\/2017\/10\/20\/lonu-plaide-en-faveur-dun-partenariat-revitalise-pour-le-developpement-de-lafrique\/#article","isPartOf":{"@id":"https:\/\/www.un.org\/pga\/73\/fr\/2017\/10\/20\/lonu-plaide-en-faveur-dun-partenariat-revitalise-pour-le-developpement-de-lafrique\/"},"author":{"name":"Sophie Farigoul","@id":"https:\/\/www.un.org\/pga\/73\/#\/schema\/person\/a8ead7780726e582c2b9afb7daa2d930"},"headline":"L&rsquo;ONU plaide en faveur d&rsquo;un partenariat revitalis\u00e9 pour le d\u00e9veloppement de l&rsquo;Afrique","datePublished":"2017-10-20T20:36:10+00:00","dateModified":"2017-11-03T21:28:16+00:00","mainEntityOfPage":{"@id":"https:\/\/www.un.org\/pga\/73\/fr\/2017\/10\/20\/lonu-plaide-en-faveur-dun-partenariat-revitalise-pour-le-developpement-de-lafrique\/"},"wordCount":640,"publisher":{"@id":"https:\/\/www.un.org\/pga\/73\/#organization"},"image":{"@id":"https:\/\/www.un.org\/pga\/73\/fr\/2017\/10\/20\/lonu-plaide-en-faveur-dun-partenariat-revitalise-pour-le-developpement-de-lafrique\/#primaryimage"},"thumbnailUrl":"https:\/\/www.un.org\/pga\/wp-content\/uploads\/sites\/53\/2017\/11\/GA_PGA_AfricaWeek_738803.jpg","inLanguage":"fr-FR"},{"@type":"WebPage","@id":"https:\/\/www.un.org\/pga\/73\/fr\/2017\/10\/20\/lonu-plaide-en-faveur-dun-partenariat-revitalise-pour-le-developpement-de-lafrique\/","url":"https:\/\/www.un.org\/pga\/73\/fr\/2017\/10\/20\/lonu-plaide-en-faveur-dun-partenariat-revitalise-pour-le-developpement-de-lafrique\/","name":"L'ONU plaide en faveur d'un partenariat revitalis\u00e9 pour le d\u00e9veloppement de l'Afrique - Assembl\u00e9e g\u00e9n\u00e9rale des Nations Unies","isPartOf":{"@id":"https:\/\/www.un.org\/pga\/73\/#website"},"primaryImageOfPage":{"@id":"https:\/\/www.un.org\/pga\/73\/fr\/2017\/10\/20\/lonu-plaide-en-faveur-dun-partenariat-revitalise-pour-le-developpement-de-lafrique\/#primaryimage"},"image":{"@id":"https:\/\/www.un.org\/pga\/73\/fr\/2017\/10\/20\/lonu-plaide-en-faveur-dun-partenariat-revitalise-pour-le-developpement-de-lafrique\/#primaryimage"},"thumbnailUrl":"https:\/\/www.un.org\/pga\/wp-content\/uploads\/sites\/53\/2017\/11\/GA_PGA_AfricaWeek_738803.jpg","datePublished":"2017-10-20T20:36:10+00:00","dateModified":"2017-11-03T21:28:16+00:00","breadcrumb":{"@id":"https:\/\/www.un.org\/pga\/73\/fr\/2017\/10\/20\/lonu-plaide-en-faveur-dun-partenariat-revitalise-pour-le-developpement-de-lafrique\/#breadcrumb"},"inLanguage":"fr-FR","potentialAction":[{"@type":"ReadAction","target":["https:\/\/www.un.org\/pga\/73\/fr\/2017\/10\/20\/lonu-plaide-en-faveur-dun-partenariat-revitalise-pour-le-developpement-de-lafrique\/"]}]},{"@type":"ImageObject","inLanguage":"fr-FR","@id":"https:\/\/www.un.org\/pga\/73\/fr\/2017\/10\/20\/lonu-plaide-en-faveur-dun-partenariat-revitalise-pour-le-developpement-de-lafrique\/#primaryimage","url":"https:\/\/www.un.org\/pga\/wp-content\/uploads\/sites\/53\/2017\/11\/GA_PGA_AfricaWeek_738803.jpg","contentUrl":"https:\/\/www.un.org\/pga\/wp-content\/uploads\/sites\/53\/2017\/11\/GA_PGA_AfricaWeek_738803.jpg","width":1024,"height":683,"caption":"Le Pr\u00e9sident de l\u2019Assembl\u00e9e g\u00e9n\u00e9rale des Nations Unies, Miroslav Lajcak (\u00e0 gauche)."},{"@type":"BreadcrumbList","@id":"https:\/\/www.un.org\/pga\/73\/fr\/2017\/10\/20\/lonu-plaide-en-faveur-dun-partenariat-revitalise-pour-le-developpement-de-lafrique\/#breadcrumb","itemListElement":[{"@type":"ListItem","position":1,"name":"Home","item":"https:\/\/www.un.org\/pga\/73\/fr\/"},{"@type":"ListItem","position":2,"name":"L&#8217;ONU plaide en faveur d&#8217;un partenariat revitalis\u00e9 pour le d\u00e9veloppement de l&#8217;Afrique"}]},{"@type":"WebSite","@id":"https:\/\/www.un.org\/pga\/73\/#website","url":"https:\/\/www.un.org\/pga\/73\/","name":"General Assembly of the United Nations","description":"Pr\u00e9sidente de la 73e session","publisher":{"@id":"https:\/\/www.un.org\/pga\/73\/#organization"},"potentialAction":[{"@type":"SearchAction","target":{"@type":"EntryPoint","urlTemplate":"https:\/\/www.un.org\/pga\/73\/?s={search_term_string}"},"query-input":{"@type":"PropertyValueSpecification","valueRequired":true,"valueName":"search_term_string"}}],"inLanguage":"fr-FR"},{"@type":"Organization","@id":"https:\/\/www.un.org\/pga\/73\/#organization","name":"General Assembly of the United Nations","url":"https:\/\/www.un.org\/pga\/73\/","logo":{"@type":"ImageObject","inLanguage":"fr-FR","@id":"https:\/\/www.un.org\/pga\/73\/#\/schema\/logo\/image\/","url":"https:\/\/www.un.org\/pga\/wp-content\/uploads\/sites\/53\/2018\/07\/18-00066a_Ä¢¹½ÊÓÆµGA73_Logos-no-type-04.png","contentUrl":"https:\/\/www.un.org\/pga\/wp-content\/uploads\/sites\/53\/2018\/07\/18-00066a_Ä¢¹½ÊÓÆµGA73_Logos-no-type-04.png","width":529,"height":601,"caption":"General Assembly of the United Nations"},"image":{"@id":"https:\/\/www.un.org\/pga\/73\/#\/schema\/logo\/image\/"}},{"@type":"Person","@id":"https:\/\/www.un.org\/pga\/73\/#\/schema\/person\/a8ead7780726e582c2b9afb7daa2d930","name":"Sophie Farigoul","image":{"@type":"ImageObject","inLanguage":"fr-FR","@id":"https:\/\/secure.gravatar.com\/avatar\/108bf7056e36e7bc4c0904c6486b1358f9e93fcd7714ef259fc4b7db4d822b40?s=96&d=mm&r=g","url":"https:\/\/secure.gravatar.com\/avatar\/108bf7056e36e7bc4c0904c6486b1358f9e93fcd7714ef259fc4b7db4d822b40?s=96&d=mm&r=g","contentUrl":"https:\/\/secure.gravatar.com\/avatar\/108bf7056e36e7bc4c0904c6486b1358f9e93fcd7714ef259fc4b7db4d822b40?s=96&d=mm&r=g","caption":"Sophie Farigoul"},"url":"https:\/\/www.un.org\/pga\/73\/fr\/author\/farigoulun-org\/"}]}},"_links":{"self":[{"href":"https:\/\/www.un.org\/pga\/73\/fr\/wp-json\/wp\/v2\/posts\/128869","targetHints":{"allow":["GET"]}}],"collection":[{"href":"https:\/\/www.un.org\/pga\/73\/fr\/wp-json\/wp\/v2\/posts"}],"about":[{"href":"https:\/\/www.un.org\/pga\/73\/fr\/wp-json\/wp\/v2\/types\/post"}],"author":[{"embeddable":true,"href":"https:\/\/www.un.org\/pga\/73\/fr\/wp-json\/wp\/v2\/users\/210"}],"replies":[{"embeddable":true,"href":"https:\/\/www.un.org\/pga\/73\/fr\/wp-json\/wp\/v2\/comments?post=128869"}],"version-history":[{"count":0,"href":"https:\/\/www.un.org\/pga\/73\/fr\/wp-json\/wp\/v2\/posts\/128869\/revisions"}],"wp:featuredmedia":[{"embeddable":true,"href":"https:\/\/www.un.org\/pga\/73\/fr\/wp-json\/wp\/v2\/media\/128877"}],"wp:attachment":[{"href":"https:\/\/www.un.org\/pga\/73\/fr\/wp-json\/wp\/v2\/media?parent=128869"}],"wp:term":[{"taxonomy":"category","embeddable":true,"href":"https:\/\/www.un.org\/pga\/73\/fr\/wp-json\/wp\/v2\/categories?post=128869"},{"taxonomy":"post_tag","embeddable":true,"href":"https:\/\/www.un.org\/pga\/73\/fr\/wp-json\/wp\/v2\/tags?post=128869"}],"curies":[{"name":"wp","href":"https:\/\/api.w.org\/{rel}","templated":true}]}}