  {"id":165387,"date":"2018-09-26T18:27:28","date_gmt":"2018-09-26T22:27:28","guid":{"rendered":"https:\/\/www.un.org\/pga\/73\/?p=165387"},"modified":"2018-10-16T16:20:52","modified_gmt":"2018-10-16T20:20:52","slug":"readout-meeting-with-minister-of-foreign-affairs-of-the-republic-of-turkey","status":"publish","type":"post","link":"https:\/\/www.un.org\/pga\/73\/2018\/09\/26\/readout-meeting-with-minister-of-foreign-affairs-of-the-republic-of-turkey\/","title":{"rendered":"READOUT: meeting with Minister of Foreign Affairs of the Republic of Turkey"},"content":{"rendered":"<p>[et_pb_section bb_built=&#8221;1&#8243;][et_pb_row][et_pb_column type=&#8221;1_2&#8243;][et_pb_text _builder_version=&#8221;3.12.2&#8243; border_style=&#8221;solid&#8221; background_position=&#8221;top_left&#8221; background_repeat=&#8221;repeat&#8221; background_size=&#8221;initial&#8221;]<\/p>\n<div>\n<div>The President of the 73rd session of the United Nations General Assembly, H.E. Ms. Mar\u00eda Fernanda Espinosa Garc\u00e9s, met with H.E. Mr. Mevl\u00fct \u00c7avu\u015fo\u011flu, Minister of Foreign Affairs of the Republic of Turkey.\u00a0They discussed the priorities during the current session of the General Assembly, including the importance of the\u00a0United\u00a0Nations&#8217; increased focus on youth.<\/div>\n<\/div>\n<p>[\/et_pb_text][\/et_pb_column][et_pb_column type=&#8221;1_2&#8243;][et_pb_image _builder_version=&#8221;3.12.2&#8243; src=&#8221;https:\/\/www.un.org\/pga\/73\/wp-content\/uploads\/sites\/53\/2018\/09\/20180926_AL_PGA-turkey-FM_0R1A8445.jpg&#8221; \/][\/et_pb_column][\/et_pb_row][\/et_pb_section]<\/p>\n","protected":false},"excerpt":{"rendered":"<p>READOUT: meeting with Minister of Foreign Affairs of the Republic of Turkey<\/p>\n","protected":false},"author":202,"featured_media":167204,"comment_status":"closed","ping_status":"closed","sticky":false,"template":"","format":"standard","meta":{"_et_pb_use_builder":"on","_et_pb_old_content":"","_et_gb_content_width":"","footnotes":"","_links_to":"","_links_to_target":""},"categories":[325],"tags":[],"class_list":["post-165387","post","type-post","status-publish","format-standard","has-post-thumbnail","hentry","category-readout","et-has-post-format-content","et_post_format-et-post-format-standard"],"yoast_head":"<!-- This site is optimized with the Yoast SEO plugin v28.3 - https:\/\/yoast.com\/product\/yoast-seo-wordpress\/ -->\n<title>READOUT: meeting with Minister of Foreign Affairs of the Republic of Turkey - General Assembly of the United Nations<\/title>\n<meta name=\"robots\" content=\"index, follow, max-snippet:-1, max-image-preview:large, max-video-preview:-1\" \/>\n<link rel=\"canonical\" href=\"https:\/\/www.un.org\/pga\/73\/2018\/09\/26\/readout-meeting-with-minister-of-foreign-affairs-of-the-republic-of-turkey\/\" \/>\n<meta property=\"og:locale\" content=\"en_US\" \/>\n<meta property=\"og:type\" content=\"article\" \/>\n<meta property=\"og:title\" content=\"READOUT: meeting with Minister of Foreign Affairs of the Republic of Turkey - General Assembly of the United Nations\" \/>\n<meta property=\"og:description\" content=\"READOUT: meeting with Minister of Foreign Affairs of the Republic of Turkey\" \/>\n<meta property=\"og:url\" content=\"https:\/\/www.un.org\/pga\/73\/2018\/09\/26\/readout-meeting-with-minister-of-foreign-affairs-of-the-republic-of-turkey\/\" \/>\n<meta property=\"og:site_name\" content=\"General Assembly of the United Nations\" \/>\n<meta property=\"article:published_time\" content=\"2018-09-26T22:27:28+00:00\" \/>\n<meta property=\"article:modified_time\" content=\"2018-10-16T20:20:52+00:00\" \/>\n<meta property=\"og:image\" content=\"https:\/\/www.un.org\/pga\/wp-content\/uploads\/sites\/53\/2018\/09\/20180926_AL_PGA-turkey-FM_0R1A8445.jpg\" \/>\n\t<meta property=\"og:image:width\" content=\"2048\" \/>\n\t<meta property=\"og:image:height\" content=\"1365\" \/>\n\t<meta property=\"og:image:type\" content=\"image\/jpeg\" \/>\n<meta name=\"author\" content=\"Katharina Kandt\" \/>\n<meta name=\"twitter:card\" content=\"summary_large_image\" \/>\n<meta name=\"twitter:label1\" content=\"Written by\" \/>\n\t<meta name=\"twitter:data1\" content=\"Katharina Kandt\" \/>\n\t<meta name=\"twitter:label2\" content=\"Est. reading time\" \/>\n\t<meta name=\"twitter:data2\" content=\"1 minute\" \/>\n<script type=\"application\/ld+json\" class=\"yoast-schema-graph\">{\"@context\":\"https:\\\/\\\/schema.org\",\"@graph\":[{\"@type\":\"Article\",\"@id\":\"https:\\\/\\\/www.un.org\\\/pga\\\/73\\\/2018\\\/09\\\/26\\\/readout-meeting-with-minister-of-foreign-affairs-of-the-republic-of-turkey\\\/#article\",\"isPartOf\":{\"@id\":\"https:\\\/\\\/www.un.org\\\/pga\\\/73\\\/2018\\\/09\\\/26\\\/readout-meeting-with-minister-of-foreign-affairs-of-the-republic-of-turkey\\\/\"},\"author\":{\"name\":\"Katharina Kandt\",\"@id\":\"https:\\\/\\\/www.un.org\\\/pga\\\/73\\\/#\\\/schema\\\/person\\\/06bf09e43d46846c087701ec99ac8412\"},\"headline\":\"READOUT: meeting with Minister of Foreign Affairs of the Republic of Turkey\",\"datePublished\":\"2018-09-26T22:27:28+00:00\",\"dateModified\":\"2018-10-16T20:20:52+00:00\",\"mainEntityOfPage\":{\"@id\":\"https:\\\/\\\/www.un.org\\\/pga\\\/73\\\/2018\\\/09\\\/26\\\/readout-meeting-with-minister-of-foreign-affairs-of-the-republic-of-turkey\\\/\"},\"wordCount\":143,\"publisher\":{\"@id\":\"https:\\\/\\\/www.un.org\\\/pga\\\/73\\\/#organization\"},\"image\":{\"@id\":\"https:\\\/\\\/www.un.org\\\/pga\\\/73\\\/2018\\\/09\\\/26\\\/readout-meeting-with-minister-of-foreign-affairs-of-the-republic-of-turkey\\\/#primaryimage\"},\"thumbnailUrl\":\"https:\\\/\\\/www.un.org\\\/pga\\\/wp-content\\\/uploads\\\/sites\\\/53\\\/2018\\\/09\\\/20180926_AL_PGA-turkey-FM_0R1A8445.jpg\",\"articleSection\":[\"Readout\"],\"inLanguage\":\"en-US\"},{\"@type\":\"WebPage\",\"@id\":\"https:\\\/\\\/www.un.org\\\/pga\\\/73\\\/2018\\\/09\\\/26\\\/readout-meeting-with-minister-of-foreign-affairs-of-the-republic-of-turkey\\\/\",\"url\":\"https:\\\/\\\/www.un.org\\\/pga\\\/73\\\/2018\\\/09\\\/26\\\/readout-meeting-with-minister-of-foreign-affairs-of-the-republic-of-turkey\\\/\",\"name\":\"READOUT: meeting with Minister of Foreign Affairs of the Republic of Turkey - General Assembly of the United Nations\",\"isPartOf\":{\"@id\":\"https:\\\/\\\/www.un.org\\\/pga\\\/73\\\/#website\"},\"primaryImageOfPage\":{\"@id\":\"https:\\\/\\\/www.un.org\\\/pga\\\/73\\\/2018\\\/09\\\/26\\\/readout-meeting-with-minister-of-foreign-affairs-of-the-republic-of-turkey\\\/#primaryimage\"},\"image\":{\"@id\":\"https:\\\/\\\/www.un.org\\\/pga\\\/73\\\/2018\\\/09\\\/26\\\/readout-meeting-with-minister-of-foreign-affairs-of-the-republic-of-turkey\\\/#primaryimage\"},\"thumbnailUrl\":\"https:\\\/\\\/www.un.org\\\/pga\\\/wp-content\\\/uploads\\\/sites\\\/53\\\/2018\\\/09\\\/20180926_AL_PGA-turkey-FM_0R1A8445.jpg\",\"datePublished\":\"2018-09-26T22:27:28+00:00\",\"dateModified\":\"2018-10-16T20:20:52+00:00\",\"breadcrumb\":{\"@id\":\"https:\\\/\\\/www.un.org\\\/pga\\\/73\\\/2018\\\/09\\\/26\\\/readout-meeting-with-minister-of-foreign-affairs-of-the-republic-of-turkey\\\/#breadcrumb\"},\"inLanguage\":\"en-US\",\"potentialAction\":[{\"@type\":\"ReadAction\",\"target\":[\"https:\\\/\\\/www.un.org\\\/pga\\\/73\\\/2018\\\/09\\\/26\\\/readout-meeting-with-minister-of-foreign-affairs-of-the-republic-of-turkey\\\/\"]}]},{\"@type\":\"ImageObject\",\"inLanguage\":\"en-US\",\"@id\":\"https:\\\/\\\/www.un.org\\\/pga\\\/73\\\/2018\\\/09\\\/26\\\/readout-meeting-with-minister-of-foreign-affairs-of-the-republic-of-turkey\\\/#primaryimage\",\"url\":\"https:\\\/\\\/www.un.org\\\/pga\\\/wp-content\\\/uploads\\\/sites\\\/53\\\/2018\\\/09\\\/20180926_AL_PGA-turkey-FM_0R1A8445.jpg\",\"contentUrl\":\"https:\\\/\\\/www.un.org\\\/pga\\\/wp-content\\\/uploads\\\/sites\\\/53\\\/2018\\\/09\\\/20180926_AL_PGA-turkey-FM_0R1A8445.jpg\",\"width\":2048,\"height\":1365,\"caption\":\"Mar\u00eda Fernanda Espinosa Garc\u00e9s, President of the seventy-third session of the General Assembly meets with Minister of Foreign Affairs for Turkey, Mevl\u00fct \u00c7avu\u015fo\u011flu.\"},{\"@type\":\"BreadcrumbList\",\"@id\":\"https:\\\/\\\/www.un.org\\\/pga\\\/73\\\/2018\\\/09\\\/26\\\/readout-meeting-with-minister-of-foreign-affairs-of-the-republic-of-turkey\\\/#breadcrumb\",\"itemListElement\":[{\"@type\":\"ListItem\",\"position\":1,\"name\":\"Home\",\"item\":\"https:\\\/\\\/www.un.org\\\/pga\\\/73\\\/\"},{\"@type\":\"ListItem\",\"position\":2,\"name\":\"READOUT: meeting with Minister of Foreign Affairs of the Republic of Turkey\"}]},{\"@type\":\"WebSite\",\"@id\":\"https:\\\/\\\/www.un.org\\\/pga\\\/73\\\/#website\",\"url\":\"https:\\\/\\\/www.un.org\\\/pga\\\/73\\\/\",\"name\":\"General Assembly of the United Nations\",\"description\":\"President of the 73rd session\",\"publisher\":{\"@id\":\"https:\\\/\\\/www.un.org\\\/pga\\\/73\\\/#organization\"},\"potentialAction\":[{\"@type\":\"SearchAction\",\"target\":{\"@type\":\"EntryPoint\",\"urlTemplate\":\"https:\\\/\\\/www.un.org\\\/pga\\\/73\\\/?s={search_term_string}\"},\"query-input\":{\"@type\":\"PropertyValueSpecification\",\"valueRequired\":true,\"valueName\":\"search_term_string\"}}],\"inLanguage\":\"en-US\"},{\"@type\":\"Organization\",\"@id\":\"https:\\\/\\\/www.un.org\\\/pga\\\/73\\\/#organization\",\"name\":\"General Assembly of the United Nations\",\"url\":\"https:\\\/\\\/www.un.org\\\/pga\\\/73\\\/\",\"logo\":{\"@type\":\"ImageObject\",\"inLanguage\":\"en-US\",\"@id\":\"https:\\\/\\\/www.un.org\\\/pga\\\/73\\\/#\\\/schema\\\/logo\\\/image\\\/\",\"url\":\"https:\\\/\\\/www.un.org\\\/pga\\\/wp-content\\\/uploads\\\/sites\\\/53\\\/2018\\\/07\\\/18-00066a_Ä¢¹½ÊÓÆµGA73_Logos-no-type-04.png\",\"contentUrl\":\"https:\\\/\\\/www.un.org\\\/pga\\\/wp-content\\\/uploads\\\/sites\\\/53\\\/2018\\\/07\\\/18-00066a_Ä¢¹½ÊÓÆµGA73_Logos-no-type-04.png\",\"width\":529,\"height\":601,\"caption\":\"General Assembly of the United Nations\"},\"image\":{\"@id\":\"https:\\\/\\\/www.un.org\\\/pga\\\/73\\\/#\\\/schema\\\/logo\\\/image\\\/\"}},{\"@type\":\"Person\",\"@id\":\"https:\\\/\\\/www.un.org\\\/pga\\\/73\\\/#\\\/schema\\\/person\\\/06bf09e43d46846c087701ec99ac8412\",\"name\":\"Katharina Kandt\",\"image\":{\"@type\":\"ImageObject\",\"inLanguage\":\"en-US\",\"@id\":\"https:\\\/\\\/secure.gravatar.com\\\/avatar\\\/5e28c19bf52d2ea02ca4d78c4548f4e118fe08e94744f59f7938769a04ae856e?s=96&d=mm&r=g\",\"url\":\"https:\\\/\\\/secure.gravatar.com\\\/avatar\\\/5e28c19bf52d2ea02ca4d78c4548f4e118fe08e94744f59f7938769a04ae856e?s=96&d=mm&r=g\",\"contentUrl\":\"https:\\\/\\\/secure.gravatar.com\\\/avatar\\\/5e28c19bf52d2ea02ca4d78c4548f4e118fe08e94744f59f7938769a04ae856e?s=96&d=mm&r=g\",\"caption\":\"Katharina Kandt\"},\"url\":\"https:\\\/\\\/www.un.org\\\/pga\\\/73\\\/author\\\/kandtun-org\\\/\"}]}<\/script>\n<!-- \/ Yoast SEO plugin. -->","yoast_head_json":{"title":"READOUT: meeting with Minister of Foreign Affairs of the Republic of Turkey - General Assembly of the United Nations","robots":{"index":"index","follow":"follow","max-snippet":"max-snippet:-1","max-image-preview":"max-image-preview:large","max-video-preview":"max-video-preview:-1"},"canonical":"https:\/\/www.un.org\/pga\/73\/2018\/09\/26\/readout-meeting-with-minister-of-foreign-affairs-of-the-republic-of-turkey\/","og_locale":"en_US","og_type":"article","og_title":"READOUT: meeting with Minister of Foreign Affairs of the Republic of Turkey - General Assembly of the United Nations","og_description":"READOUT: meeting with Minister of Foreign Affairs of the Republic of Turkey","og_url":"https:\/\/www.un.org\/pga\/73\/2018\/09\/26\/readout-meeting-with-minister-of-foreign-affairs-of-the-republic-of-turkey\/","og_site_name":"General Assembly of the United Nations","article_published_time":"2018-09-26T22:27:28+00:00","article_modified_time":"2018-10-16T20:20:52+00:00","og_image":[{"width":2048,"height":1365,"url":"https:\/\/www.un.org\/pga\/wp-content\/uploads\/sites\/53\/2018\/09\/20180926_AL_PGA-turkey-FM_0R1A8445.jpg","type":"image\/jpeg"}],"author":"Katharina Kandt","twitter_card":"summary_large_image","twitter_misc":{"Written by":"Katharina Kandt","Est. reading time":"1 minute"},"schema":{"@context":"https:\/\/schema.org","@graph":[{"@type":"Article","@id":"https:\/\/www.un.org\/pga\/73\/2018\/09\/26\/readout-meeting-with-minister-of-foreign-affairs-of-the-republic-of-turkey\/#article","isPartOf":{"@id":"https:\/\/www.un.org\/pga\/73\/2018\/09\/26\/readout-meeting-with-minister-of-foreign-affairs-of-the-republic-of-turkey\/"},"author":{"name":"Katharina Kandt","@id":"https:\/\/www.un.org\/pga\/73\/#\/schema\/person\/06bf09e43d46846c087701ec99ac8412"},"headline":"READOUT: meeting with Minister of Foreign Affairs of the Republic of Turkey","datePublished":"2018-09-26T22:27:28+00:00","dateModified":"2018-10-16T20:20:52+00:00","mainEntityOfPage":{"@id":"https:\/\/www.un.org\/pga\/73\/2018\/09\/26\/readout-meeting-with-minister-of-foreign-affairs-of-the-republic-of-turkey\/"},"wordCount":143,"publisher":{"@id":"https:\/\/www.un.org\/pga\/73\/#organization"},"image":{"@id":"https:\/\/www.un.org\/pga\/73\/2018\/09\/26\/readout-meeting-with-minister-of-foreign-affairs-of-the-republic-of-turkey\/#primaryimage"},"thumbnailUrl":"https:\/\/www.un.org\/pga\/wp-content\/uploads\/sites\/53\/2018\/09\/20180926_AL_PGA-turkey-FM_0R1A8445.jpg","articleSection":["Readout"],"inLanguage":"en-US"},{"@type":"WebPage","@id":"https:\/\/www.un.org\/pga\/73\/2018\/09\/26\/readout-meeting-with-minister-of-foreign-affairs-of-the-republic-of-turkey\/","url":"https:\/\/www.un.org\/pga\/73\/2018\/09\/26\/readout-meeting-with-minister-of-foreign-affairs-of-the-republic-of-turkey\/","name":"READOUT: meeting with Minister of Foreign Affairs of the Republic of Turkey - General Assembly of the United Nations","isPartOf":{"@id":"https:\/\/www.un.org\/pga\/73\/#website"},"primaryImageOfPage":{"@id":"https:\/\/www.un.org\/pga\/73\/2018\/09\/26\/readout-meeting-with-minister-of-foreign-affairs-of-the-republic-of-turkey\/#primaryimage"},"image":{"@id":"https:\/\/www.un.org\/pga\/73\/2018\/09\/26\/readout-meeting-with-minister-of-foreign-affairs-of-the-republic-of-turkey\/#primaryimage"},"thumbnailUrl":"https:\/\/www.un.org\/pga\/wp-content\/uploads\/sites\/53\/2018\/09\/20180926_AL_PGA-turkey-FM_0R1A8445.jpg","datePublished":"2018-09-26T22:27:28+00:00","dateModified":"2018-10-16T20:20:52+00:00","breadcrumb":{"@id":"https:\/\/www.un.org\/pga\/73\/2018\/09\/26\/readout-meeting-with-minister-of-foreign-affairs-of-the-republic-of-turkey\/#breadcrumb"},"inLanguage":"en-US","potentialAction":[{"@type":"ReadAction","target":["https:\/\/www.un.org\/pga\/73\/2018\/09\/26\/readout-meeting-with-minister-of-foreign-affairs-of-the-republic-of-turkey\/"]}]},{"@type":"ImageObject","inLanguage":"en-US","@id":"https:\/\/www.un.org\/pga\/73\/2018\/09\/26\/readout-meeting-with-minister-of-foreign-affairs-of-the-republic-of-turkey\/#primaryimage","url":"https:\/\/www.un.org\/pga\/wp-content\/uploads\/sites\/53\/2018\/09\/20180926_AL_PGA-turkey-FM_0R1A8445.jpg","contentUrl":"https:\/\/www.un.org\/pga\/wp-content\/uploads\/sites\/53\/2018\/09\/20180926_AL_PGA-turkey-FM_0R1A8445.jpg","width":2048,"height":1365,"caption":"Mar\u00eda Fernanda Espinosa Garc\u00e9s, President of the seventy-third session of the General Assembly meets with Minister of Foreign Affairs for Turkey, Mevl\u00fct \u00c7avu\u015fo\u011flu."},{"@type":"BreadcrumbList","@id":"https:\/\/www.un.org\/pga\/73\/2018\/09\/26\/readout-meeting-with-minister-of-foreign-affairs-of-the-republic-of-turkey\/#breadcrumb","itemListElement":[{"@type":"ListItem","position":1,"name":"Home","item":"https:\/\/www.un.org\/pga\/73\/"},{"@type":"ListItem","position":2,"name":"READOUT: meeting with Minister of Foreign Affairs of the Republic of Turkey"}]},{"@type":"WebSite","@id":"https:\/\/www.un.org\/pga\/73\/#website","url":"https:\/\/www.un.org\/pga\/73\/","name":"General Assembly of the United Nations","description":"President of the 73rd session","publisher":{"@id":"https:\/\/www.un.org\/pga\/73\/#organization"},"potentialAction":[{"@type":"SearchAction","target":{"@type":"EntryPoint","urlTemplate":"https:\/\/www.un.org\/pga\/73\/?s={search_term_string}"},"query-input":{"@type":"PropertyValueSpecification","valueRequired":true,"valueName":"search_term_string"}}],"inLanguage":"en-US"},{"@type":"Organization","@id":"https:\/\/www.un.org\/pga\/73\/#organization","name":"General Assembly of the United Nations","url":"https:\/\/www.un.org\/pga\/73\/","logo":{"@type":"ImageObject","inLanguage":"en-US","@id":"https:\/\/www.un.org\/pga\/73\/#\/schema\/logo\/image\/","url":"https:\/\/www.un.org\/pga\/wp-content\/uploads\/sites\/53\/2018\/07\/18-00066a_Ä¢¹½ÊÓÆµGA73_Logos-no-type-04.png","contentUrl":"https:\/\/www.un.org\/pga\/wp-content\/uploads\/sites\/53\/2018\/07\/18-00066a_Ä¢¹½ÊÓÆµGA73_Logos-no-type-04.png","width":529,"height":601,"caption":"General Assembly of the United Nations"},"image":{"@id":"https:\/\/www.un.org\/pga\/73\/#\/schema\/logo\/image\/"}},{"@type":"Person","@id":"https:\/\/www.un.org\/pga\/73\/#\/schema\/person\/06bf09e43d46846c087701ec99ac8412","name":"Katharina Kandt","image":{"@type":"ImageObject","inLanguage":"en-US","@id":"https:\/\/secure.gravatar.com\/avatar\/5e28c19bf52d2ea02ca4d78c4548f4e118fe08e94744f59f7938769a04ae856e?s=96&d=mm&r=g","url":"https:\/\/secure.gravatar.com\/avatar\/5e28c19bf52d2ea02ca4d78c4548f4e118fe08e94744f59f7938769a04ae856e?s=96&d=mm&r=g","contentUrl":"https:\/\/secure.gravatar.com\/avatar\/5e28c19bf52d2ea02ca4d78c4548f4e118fe08e94744f59f7938769a04ae856e?s=96&d=mm&r=g","caption":"Katharina Kandt"},"url":"https:\/\/www.un.org\/pga\/73\/author\/kandtun-org\/"}]}},"_links":{"self":[{"href":"https:\/\/www.un.org\/pga\/73\/wp-json\/wp\/v2\/posts\/165387","targetHints":{"allow":["GET"]}}],"collection":[{"href":"https:\/\/www.un.org\/pga\/73\/wp-json\/wp\/v2\/posts"}],"about":[{"href":"https:\/\/www.un.org\/pga\/73\/wp-json\/wp\/v2\/types\/post"}],"author":[{"embeddable":true,"href":"https:\/\/www.un.org\/pga\/73\/wp-json\/wp\/v2\/users\/202"}],"replies":[{"embeddable":true,"href":"https:\/\/www.un.org\/pga\/73\/wp-json\/wp\/v2\/comments?post=165387"}],"version-history":[{"count":0,"href":"https:\/\/www.un.org\/pga\/73\/wp-json\/wp\/v2\/posts\/165387\/revisions"}],"wp:featuredmedia":[{"embeddable":true,"href":"https:\/\/www.un.org\/pga\/73\/wp-json\/wp\/v2\/media\/167204"}],"wp:attachment":[{"href":"https:\/\/www.un.org\/pga\/73\/wp-json\/wp\/v2\/media?parent=165387"}],"wp:term":[{"taxonomy":"category","embeddable":true,"href":"https:\/\/www.un.org\/pga\/73\/wp-json\/wp\/v2\/categories?post=165387"},{"taxonomy":"post_tag","embeddable":true,"href":"https:\/\/www.un.org\/pga\/73\/wp-json\/wp\/v2\/tags?post=165387"}],"curies":[{"name":"wp","href":"https:\/\/api.w.org\/{rel}","templated":true}]}}