  {"id":170163,"date":"2018-11-08T12:36:23","date_gmt":"2018-11-08T17:36:23","guid":{"rendered":"https:\/\/www.un.org\/pga\/73\/?p=170163"},"modified":"2018-11-08T12:36:23","modified_gmt":"2018-11-08T17:36:23","slug":"note-to-correspondents-assembly-president-to-visit-france","status":"publish","type":"post","link":"https:\/\/www.un.org\/pga\/73\/2018\/11\/08\/note-to-correspondents-assembly-president-to-visit-france\/","title":{"rendered":"NOTE TO CORRESPONDENTS: ASSEMBLY PRESIDENT TO VISIT FRANCE"},"content":{"rendered":"<p>[et_pb_section bb_built=&#8221;1&#8243;][et_pb_row][et_pb_column type=&#8221;4_4&#8243;][et_pb_text _builder_version=&#8221;3.17.4&#8243; border_style=&#8221;solid&#8221;]<\/p>\n<h3 style=\"text-align: right\">NOTE TO CORRESPONDENTS<\/h3>\n<p>\u00a0<\/p>\n<h1 style=\"text-align: center\"><strong>ASSEMB<\/strong>LY PRESIDENT TO VISIT FRANCE<\/h1>\n<p>\u00a0<\/p>\n<h2 style=\"text-align: center\"><strong>Strengthening multilateralism, <\/strong><\/h2>\n<h2 style=\"text-align: center\"><strong>extending international co-operation and pressing for peaceful solutions, to be at the centre of assembly president\u2019s agenda IN PARIS<\/strong><\/h2>\n<div class=\"post-meta vcard\">\u00a0<\/div>\n<p>[\/et_pb_text][et_pb_text _builder_version=&#8221;3.17.4&#8243; border_style=&#8221;solid&#8221;]<\/p>\n<p><strong>United Nations, New York, 8 November 2018\u00a0<\/strong>\u2013 The President of the 73rd session of the United Nations General Assembly, H.E. Ms. Mar\u00eda Fernanda Espinosa, will travel to France from November 8th \u2013 13th\u00a0\u00a0\u00a0 to attend the Centenary of the 1918 Armistice and the Ceremony for the Commemoration of the Armistice.<\/p>\n<p>She will join the President of France, Emmanuel Macron, other global leaders and the Secretary-General of the United Nations, at a major event in Paris to mark the ending of the First World War. She will also speak at the Paris Peace Forum, an event dedicated to advancing collective action and multilateralism in dealing with maintaining peace and countering common challenges.<\/p>\n<p>H.E. Ms. Maria Fernanda Espinosa said:<\/p>\n<p>\u2018The First World War was supposed to be the \u2018war that ended all wars\u2019. But, tragically, it was to prove to be a prelude to another war, the Second World War. From the ashes of that terrible conflict, the destroyed cities of Europe and the devastation arising from a new nuclear age, the United Nations was born, and with it a bold, new system based on international agreement, co-operation, peace and development.\u00a0 Our forefathers and foremothers were far sighted: they were determined to build a better world and one that would have multilateralism at its core. Today, more than ever, we need to champion multilateral solutions to global problems and challenges.\u2019<\/p>\n<p>While in Paris, she will meet with French civic and political leaders. She will also address the Organization for Economic Co-operation and Development (OECD) to discuss and exchange views on the priorities of her Presidency, with a specific focus on migration, climate change and decent work as well as the General Assembly High Level Meeting on middle income countries on 4 December 2018, which the OECD is contributing to.\u00a0 Ms. Espinosa will meet with the Secretary-General of the OECD, Mr. Jos\u00e9 \u00c1ngel Gurr\u00eda.\u00a0 Ms. Espinosa will also meet with Ms. Audrey Azoulay, Director-General of Ä¢¹½ÊÓÆµESCO, to discuss areas of common interest and to explore ways to further strengthen synergies across the Ä¢¹½ÊÓÆµ system. She will also speak at a conference at Paris Science Po, titled; \u2018La Revitalisation des Nations Unies et le renforcement du Multilaterisme\u2019 on 13th November.<\/p>\n<p>To France, the President will travel with her Political Adviser and Special Assistant, Mr. Andres Fiallo Karolys; Communications Team Coordinator, Ms. Nevena Toaso, Coordination Officer, Diego Barreiro; and her Personal Assistant, Ms. Carolina Nazarro.<\/p>\n<p>Travel costs will be covered by the Regular Budget and the Office of the President of the General Assembly<\/p>\n<p>***<\/p>\n<p><strong>For media inquiries &amp; interview requests, please contact:<\/strong><\/p>\n<p>Mark Seddon, Media Adviser to the President of the General Assembly, <a href=\"mailto:seddon@un.org\">seddon@un.org<\/a><\/p>\n<p>Cell: (1) 917 378 1659<\/p>\n<p>\u00a0<\/p>\n<p>\u00a0<\/p>\n<p>[\/et_pb_text][\/et_pb_column][\/et_pb_row][\/et_pb_section]<\/p>\n","protected":false},"excerpt":{"rendered":"<p>NOTE TO CORRESPONDENTS:  ASSEMBLY PRESIDENT TO VISIT FRANCE<br \/>\nSTRENGTHENING MULTILATERALISM, EXTENDING INTERNATIONAL CO-OPERATION AND PRESSING FOR PEACEFUL SOLUTIONS, TO BE AT THE CENTRE OF ASSEMBLY PRESIDENT\u2019S AGENDA IN PARIS<\/p>\n","protected":false},"author":266,"featured_media":0,"comment_status":"closed","ping_status":"closed","sticky":false,"template":"","format":"standard","meta":{"_et_pb_use_builder":"on","_et_pb_old_content":"","_et_gb_content_width":"","footnotes":"","_links_to":"","_links_to_target":""},"categories":[61],"tags":[],"class_list":["post-170163","post","type-post","status-publish","format-standard","hentry","category-pressreleases","et-doesnt-have-format-content","et_post_format-et-post-format-standard"],"yoast_head":"<!-- This site is optimized with the Yoast SEO plugin v28.3 - https:\/\/yoast.com\/product\/yoast-seo-wordpress\/ -->\n<title>NOTE TO CORRESPONDENTS: ASSEMBLY PRESIDENT TO VISIT FRANCE - General Assembly of the United Nations<\/title>\n<meta name=\"robots\" content=\"index, follow, max-snippet:-1, max-image-preview:large, max-video-preview:-1\" \/>\n<link rel=\"canonical\" href=\"https:\/\/www.un.org\/pga\/73\/2018\/11\/08\/note-to-correspondents-assembly-president-to-visit-france\/\" \/>\n<meta property=\"og:locale\" content=\"en_US\" \/>\n<meta property=\"og:type\" content=\"article\" \/>\n<meta property=\"og:title\" content=\"NOTE TO CORRESPONDENTS: ASSEMBLY PRESIDENT TO VISIT FRANCE - General Assembly of the United Nations\" \/>\n<meta property=\"og:description\" content=\"NOTE TO CORRESPONDENTS: ASSEMBLY PRESIDENT TO VISIT FRANCE  STRENGTHENING MULTILATERALISM, EXTENDING INTERNATIONAL CO-OPERATION AND PRESSING FOR PEACEFUL SOLUTIONS, TO BE AT THE CENTRE OF ASSEMBLY PRESIDENT\u2019S AGENDA IN PARIS\" \/>\n<meta property=\"og:url\" content=\"https:\/\/www.un.org\/pga\/73\/2018\/11\/08\/note-to-correspondents-assembly-president-to-visit-france\/\" \/>\n<meta property=\"og:site_name\" content=\"General Assembly of the United Nations\" \/>\n<meta property=\"article:published_time\" content=\"2018-11-08T17:36:23+00:00\" \/>\n<meta name=\"author\" content=\"Denise Kling\" \/>\n<meta name=\"twitter:card\" content=\"summary_large_image\" \/>\n<meta name=\"twitter:label1\" content=\"Written by\" \/>\n\t<meta name=\"twitter:data1\" content=\"Denise Kling\" \/>\n\t<meta name=\"twitter:label2\" content=\"Est. reading time\" \/>\n\t<meta name=\"twitter:data2\" content=\"3 minutes\" \/>\n<script type=\"application\/ld+json\" class=\"yoast-schema-graph\">{\"@context\":\"https:\\\/\\\/schema.org\",\"@graph\":[{\"@type\":\"Article\",\"@id\":\"https:\\\/\\\/www.un.org\\\/pga\\\/73\\\/2018\\\/11\\\/08\\\/note-to-correspondents-assembly-president-to-visit-france\\\/#article\",\"isPartOf\":{\"@id\":\"https:\\\/\\\/www.un.org\\\/pga\\\/73\\\/2018\\\/11\\\/08\\\/note-to-correspondents-assembly-president-to-visit-france\\\/\"},\"author\":{\"name\":\"Denise Kling\",\"@id\":\"https:\\\/\\\/www.un.org\\\/pga\\\/73\\\/#\\\/schema\\\/person\\\/af470bea9354ed1b453ade6d22b5c9ee\"},\"headline\":\"NOTE TO CORRESPONDENTS: ASSEMBLY PRESIDENT TO VISIT FRANCE\",\"datePublished\":\"2018-11-08T17:36:23+00:00\",\"mainEntityOfPage\":{\"@id\":\"https:\\\/\\\/www.un.org\\\/pga\\\/73\\\/2018\\\/11\\\/08\\\/note-to-correspondents-assembly-president-to-visit-france\\\/\"},\"wordCount\":521,\"publisher\":{\"@id\":\"https:\\\/\\\/www.un.org\\\/pga\\\/73\\\/#organization\"},\"articleSection\":[\"Press Releases\"],\"inLanguage\":\"en-US\"},{\"@type\":\"WebPage\",\"@id\":\"https:\\\/\\\/www.un.org\\\/pga\\\/73\\\/2018\\\/11\\\/08\\\/note-to-correspondents-assembly-president-to-visit-france\\\/\",\"url\":\"https:\\\/\\\/www.un.org\\\/pga\\\/73\\\/2018\\\/11\\\/08\\\/note-to-correspondents-assembly-president-to-visit-france\\\/\",\"name\":\"NOTE TO CORRESPONDENTS: ASSEMBLY PRESIDENT TO VISIT FRANCE - General Assembly of the United Nations\",\"isPartOf\":{\"@id\":\"https:\\\/\\\/www.un.org\\\/pga\\\/73\\\/#website\"},\"datePublished\":\"2018-11-08T17:36:23+00:00\",\"breadcrumb\":{\"@id\":\"https:\\\/\\\/www.un.org\\\/pga\\\/73\\\/2018\\\/11\\\/08\\\/note-to-correspondents-assembly-president-to-visit-france\\\/#breadcrumb\"},\"inLanguage\":\"en-US\",\"potentialAction\":[{\"@type\":\"ReadAction\",\"target\":[\"https:\\\/\\\/www.un.org\\\/pga\\\/73\\\/2018\\\/11\\\/08\\\/note-to-correspondents-assembly-president-to-visit-france\\\/\"]}]},{\"@type\":\"BreadcrumbList\",\"@id\":\"https:\\\/\\\/www.un.org\\\/pga\\\/73\\\/2018\\\/11\\\/08\\\/note-to-correspondents-assembly-president-to-visit-france\\\/#breadcrumb\",\"itemListElement\":[{\"@type\":\"ListItem\",\"position\":1,\"name\":\"Home\",\"item\":\"https:\\\/\\\/www.un.org\\\/pga\\\/73\\\/\"},{\"@type\":\"ListItem\",\"position\":2,\"name\":\"NOTE TO CORRESPONDENTS: ASSEMBLY PRESIDENT TO VISIT FRANCE\"}]},{\"@type\":\"WebSite\",\"@id\":\"https:\\\/\\\/www.un.org\\\/pga\\\/73\\\/#website\",\"url\":\"https:\\\/\\\/www.un.org\\\/pga\\\/73\\\/\",\"name\":\"General Assembly of the United Nations\",\"description\":\"President of the 73rd session\",\"publisher\":{\"@id\":\"https:\\\/\\\/www.un.org\\\/pga\\\/73\\\/#organization\"},\"potentialAction\":[{\"@type\":\"SearchAction\",\"target\":{\"@type\":\"EntryPoint\",\"urlTemplate\":\"https:\\\/\\\/www.un.org\\\/pga\\\/73\\\/?s={search_term_string}\"},\"query-input\":{\"@type\":\"PropertyValueSpecification\",\"valueRequired\":true,\"valueName\":\"search_term_string\"}}],\"inLanguage\":\"en-US\"},{\"@type\":\"Organization\",\"@id\":\"https:\\\/\\\/www.un.org\\\/pga\\\/73\\\/#organization\",\"name\":\"General Assembly of the United Nations\",\"url\":\"https:\\\/\\\/www.un.org\\\/pga\\\/73\\\/\",\"logo\":{\"@type\":\"ImageObject\",\"inLanguage\":\"en-US\",\"@id\":\"https:\\\/\\\/www.un.org\\\/pga\\\/73\\\/#\\\/schema\\\/logo\\\/image\\\/\",\"url\":\"https:\\\/\\\/www.un.org\\\/pga\\\/wp-content\\\/uploads\\\/sites\\\/53\\\/2018\\\/07\\\/18-00066a_Ä¢¹½ÊÓÆµGA73_Logos-no-type-04.png\",\"contentUrl\":\"https:\\\/\\\/www.un.org\\\/pga\\\/wp-content\\\/uploads\\\/sites\\\/53\\\/2018\\\/07\\\/18-00066a_Ä¢¹½ÊÓÆµGA73_Logos-no-type-04.png\",\"width\":529,\"height\":601,\"caption\":\"General Assembly of the United Nations\"},\"image\":{\"@id\":\"https:\\\/\\\/www.un.org\\\/pga\\\/73\\\/#\\\/schema\\\/logo\\\/image\\\/\"}},{\"@type\":\"Person\",\"@id\":\"https:\\\/\\\/www.un.org\\\/pga\\\/73\\\/#\\\/schema\\\/person\\\/af470bea9354ed1b453ade6d22b5c9ee\",\"name\":\"Denise Kling\",\"image\":{\"@type\":\"ImageObject\",\"inLanguage\":\"en-US\",\"@id\":\"https:\\\/\\\/secure.gravatar.com\\\/avatar\\\/b5fdae9d2ae28ca0f434202f2c9b6f29640a2b757fdbaa4592687900a399db3d?s=96&d=mm&r=g\",\"url\":\"https:\\\/\\\/secure.gravatar.com\\\/avatar\\\/b5fdae9d2ae28ca0f434202f2c9b6f29640a2b757fdbaa4592687900a399db3d?s=96&d=mm&r=g\",\"contentUrl\":\"https:\\\/\\\/secure.gravatar.com\\\/avatar\\\/b5fdae9d2ae28ca0f434202f2c9b6f29640a2b757fdbaa4592687900a399db3d?s=96&d=mm&r=g\",\"caption\":\"Denise Kling\"},\"url\":\"https:\\\/\\\/www.un.org\\\/pga\\\/73\\\/author\\\/denise-klingun-org\\\/\"}]}<\/script>\n<!-- \/ Yoast SEO plugin. -->","yoast_head_json":{"title":"NOTE TO CORRESPONDENTS: ASSEMBLY PRESIDENT TO VISIT FRANCE - General Assembly of the United Nations","robots":{"index":"index","follow":"follow","max-snippet":"max-snippet:-1","max-image-preview":"max-image-preview:large","max-video-preview":"max-video-preview:-1"},"canonical":"https:\/\/www.un.org\/pga\/73\/2018\/11\/08\/note-to-correspondents-assembly-president-to-visit-france\/","og_locale":"en_US","og_type":"article","og_title":"NOTE TO CORRESPONDENTS: ASSEMBLY PRESIDENT TO VISIT FRANCE - General Assembly of the United Nations","og_description":"NOTE TO CORRESPONDENTS: ASSEMBLY PRESIDENT TO VISIT FRANCE  STRENGTHENING MULTILATERALISM, EXTENDING INTERNATIONAL CO-OPERATION AND PRESSING FOR PEACEFUL SOLUTIONS, TO BE AT THE CENTRE OF ASSEMBLY PRESIDENT\u2019S AGENDA IN PARIS","og_url":"https:\/\/www.un.org\/pga\/73\/2018\/11\/08\/note-to-correspondents-assembly-president-to-visit-france\/","og_site_name":"General Assembly of the United Nations","article_published_time":"2018-11-08T17:36:23+00:00","author":"Denise Kling","twitter_card":"summary_large_image","twitter_misc":{"Written by":"Denise Kling","Est. reading time":"3 minutes"},"schema":{"@context":"https:\/\/schema.org","@graph":[{"@type":"Article","@id":"https:\/\/www.un.org\/pga\/73\/2018\/11\/08\/note-to-correspondents-assembly-president-to-visit-france\/#article","isPartOf":{"@id":"https:\/\/www.un.org\/pga\/73\/2018\/11\/08\/note-to-correspondents-assembly-president-to-visit-france\/"},"author":{"name":"Denise Kling","@id":"https:\/\/www.un.org\/pga\/73\/#\/schema\/person\/af470bea9354ed1b453ade6d22b5c9ee"},"headline":"NOTE TO CORRESPONDENTS: ASSEMBLY PRESIDENT TO VISIT FRANCE","datePublished":"2018-11-08T17:36:23+00:00","mainEntityOfPage":{"@id":"https:\/\/www.un.org\/pga\/73\/2018\/11\/08\/note-to-correspondents-assembly-president-to-visit-france\/"},"wordCount":521,"publisher":{"@id":"https:\/\/www.un.org\/pga\/73\/#organization"},"articleSection":["Press Releases"],"inLanguage":"en-US"},{"@type":"WebPage","@id":"https:\/\/www.un.org\/pga\/73\/2018\/11\/08\/note-to-correspondents-assembly-president-to-visit-france\/","url":"https:\/\/www.un.org\/pga\/73\/2018\/11\/08\/note-to-correspondents-assembly-president-to-visit-france\/","name":"NOTE TO CORRESPONDENTS: ASSEMBLY PRESIDENT TO VISIT FRANCE - General Assembly of the United Nations","isPartOf":{"@id":"https:\/\/www.un.org\/pga\/73\/#website"},"datePublished":"2018-11-08T17:36:23+00:00","breadcrumb":{"@id":"https:\/\/www.un.org\/pga\/73\/2018\/11\/08\/note-to-correspondents-assembly-president-to-visit-france\/#breadcrumb"},"inLanguage":"en-US","potentialAction":[{"@type":"ReadAction","target":["https:\/\/www.un.org\/pga\/73\/2018\/11\/08\/note-to-correspondents-assembly-president-to-visit-france\/"]}]},{"@type":"BreadcrumbList","@id":"https:\/\/www.un.org\/pga\/73\/2018\/11\/08\/note-to-correspondents-assembly-president-to-visit-france\/#breadcrumb","itemListElement":[{"@type":"ListItem","position":1,"name":"Home","item":"https:\/\/www.un.org\/pga\/73\/"},{"@type":"ListItem","position":2,"name":"NOTE TO CORRESPONDENTS: ASSEMBLY PRESIDENT TO VISIT FRANCE"}]},{"@type":"WebSite","@id":"https:\/\/www.un.org\/pga\/73\/#website","url":"https:\/\/www.un.org\/pga\/73\/","name":"General Assembly of the United Nations","description":"President of the 73rd session","publisher":{"@id":"https:\/\/www.un.org\/pga\/73\/#organization"},"potentialAction":[{"@type":"SearchAction","target":{"@type":"EntryPoint","urlTemplate":"https:\/\/www.un.org\/pga\/73\/?s={search_term_string}"},"query-input":{"@type":"PropertyValueSpecification","valueRequired":true,"valueName":"search_term_string"}}],"inLanguage":"en-US"},{"@type":"Organization","@id":"https:\/\/www.un.org\/pga\/73\/#organization","name":"General Assembly of the United Nations","url":"https:\/\/www.un.org\/pga\/73\/","logo":{"@type":"ImageObject","inLanguage":"en-US","@id":"https:\/\/www.un.org\/pga\/73\/#\/schema\/logo\/image\/","url":"https:\/\/www.un.org\/pga\/wp-content\/uploads\/sites\/53\/2018\/07\/18-00066a_Ä¢¹½ÊÓÆµGA73_Logos-no-type-04.png","contentUrl":"https:\/\/www.un.org\/pga\/wp-content\/uploads\/sites\/53\/2018\/07\/18-00066a_Ä¢¹½ÊÓÆµGA73_Logos-no-type-04.png","width":529,"height":601,"caption":"General Assembly of the United Nations"},"image":{"@id":"https:\/\/www.un.org\/pga\/73\/#\/schema\/logo\/image\/"}},{"@type":"Person","@id":"https:\/\/www.un.org\/pga\/73\/#\/schema\/person\/af470bea9354ed1b453ade6d22b5c9ee","name":"Denise Kling","image":{"@type":"ImageObject","inLanguage":"en-US","@id":"https:\/\/secure.gravatar.com\/avatar\/b5fdae9d2ae28ca0f434202f2c9b6f29640a2b757fdbaa4592687900a399db3d?s=96&d=mm&r=g","url":"https:\/\/secure.gravatar.com\/avatar\/b5fdae9d2ae28ca0f434202f2c9b6f29640a2b757fdbaa4592687900a399db3d?s=96&d=mm&r=g","contentUrl":"https:\/\/secure.gravatar.com\/avatar\/b5fdae9d2ae28ca0f434202f2c9b6f29640a2b757fdbaa4592687900a399db3d?s=96&d=mm&r=g","caption":"Denise Kling"},"url":"https:\/\/www.un.org\/pga\/73\/author\/denise-klingun-org\/"}]}},"_links":{"self":[{"href":"https:\/\/www.un.org\/pga\/73\/wp-json\/wp\/v2\/posts\/170163","targetHints":{"allow":["GET"]}}],"collection":[{"href":"https:\/\/www.un.org\/pga\/73\/wp-json\/wp\/v2\/posts"}],"about":[{"href":"https:\/\/www.un.org\/pga\/73\/wp-json\/wp\/v2\/types\/post"}],"author":[{"embeddable":true,"href":"https:\/\/www.un.org\/pga\/73\/wp-json\/wp\/v2\/users\/266"}],"replies":[{"embeddable":true,"href":"https:\/\/www.un.org\/pga\/73\/wp-json\/wp\/v2\/comments?post=170163"}],"version-history":[{"count":0,"href":"https:\/\/www.un.org\/pga\/73\/wp-json\/wp\/v2\/posts\/170163\/revisions"}],"wp:attachment":[{"href":"https:\/\/www.un.org\/pga\/73\/wp-json\/wp\/v2\/media?parent=170163"}],"wp:term":[{"taxonomy":"category","embeddable":true,"href":"https:\/\/www.un.org\/pga\/73\/wp-json\/wp\/v2\/categories?post=170163"},{"taxonomy":"post_tag","embeddable":true,"href":"https:\/\/www.un.org\/pga\/73\/wp-json\/wp\/v2\/tags?post=170163"}],"curies":[{"name":"wp","href":"https:\/\/api.w.org\/{rel}","templated":true}]}}