  {"id":170248,"date":"2018-11-12T13:15:21","date_gmt":"2018-11-12T18:15:21","guid":{"rendered":"https:\/\/www.un.org\/pga\/73\/?p=170248"},"modified":"2018-11-12T13:15:21","modified_gmt":"2018-11-12T18:15:21","slug":"consolidation-et-perennisation-de-la-paix-dans-la-region-du-sahel","status":"publish","type":"post","link":"https:\/\/www.un.org\/pga\/73\/2018\/11\/12\/consolidation-et-perennisation-de-la-paix-dans-la-region-du-sahel\/","title":{"rendered":"Consolidation et p\u00e9rennisation de la paix dans la r\u00e9gion du Sahel"},"content":{"rendered":"<p>[et_pb_section bb_built=&#8221;1&#8243;][et_pb_row][et_pb_column type=&#8221;4_4&#8243;][et_pb_text _builder_version=&#8221;3.17.4&#8243; border_style=&#8221;solid&#8221; background_position=&#8221;top_left&#8221; background_repeat=&#8221;repeat&#8221; background_size=&#8221;initial&#8221;]<\/p>\n<hr \/>\n<p style=\"text-align: center\"><strong><em>&#8211; As delivered &#8211;<\/em><\/strong><\/p>\n<h3>D\u00e9claration de Mme MARI\u0301A FERNANDA ESPINOSA, PR\u00c9SIDENTE DE L\u2019ASSEMBL\u00c9E G\u00c9N\u00c9RALE prononc\u00e9e par S. E. Yemdoago Eric Tiare, Repr\u00e9sentant permanent du Burkina Faso aupr\u00e8s de l\u2019ONU<\/h3>\n<p>12 novembre 2018<\/p>\n<p><em>Excellence, Monsieur Ion Jinga, Repr\u00e9sentant permanent de la Roumanie et Pr\u00e9sident de la Commission de consolidation de la paix,<\/em><\/p>\n<p><em>Excellence, Monsieur Issa Konfourou, Repr\u00e9sentant permanent du Mali, de la part du Repr\u00e9sentant du G5 Sahel,<\/em><\/p>\n<p><em>Excellence, Monsieur Ma Zhaoxu, Repr\u00e9sentant permanent de la Chine et Pr\u00e9sident du Conseil de s\u00e9curit\u00e9,<\/em><\/p>\n<p><em>Excellence, Madame Inga Rhonda King, Repr\u00e9sentante permanente de Saint-Vincent-et-Grenadines et Pr\u00e9sidente du Conseil \u00e9conomique et social,<\/em><\/p>\n<p><em>Madame Amina Mohammed, Vice-Secr\u00e9taire g\u00e9n\u00e9rale,<\/em><\/p>\n<p><em>Excellences, Mesdames et Messieurs,<\/em><\/p>\n<p>\u00a0<\/p>\n<p>Merci pour l\u2019occasion qui m\u2019est ainsi offerte de m\u2019adresser \u00e0 vous aujourd\u2019hui.<\/p>\n<p>La question de la paix et de la s\u00e9curit\u00e9 dans le Sahel ne cesse de gagner en importance.<\/p>\n<p>En nous offrant l\u2019occasion de nous rencontrer et de rapprocher nos positions, la Commission de consolidation de la paix concourt \u00e0 nous permettre de d\u00e9gager une approche strat\u00e9gique et coh\u00e9rente de cette probl\u00e9matique.<\/p>\n<p>Quand on sait que 20 diff\u00e9rentes strat\u00e9gies ont \u00e9t\u00e9 arr\u00eat\u00e9es pour faire face \u00e0 la situation s\u00e9curitaire dans le Sahel, rationaliser notre approche ne pourrait que nous permettre de faire l\u2019\u00e9conomie de toute confusion et d\u2019obtenir les meilleurs r\u00e9sultats possibles.<\/p>\n<p>\u00a0<\/p>\n<p>Chers coll\u00e8gues, le temps nous \u00e9tant compt\u00e9, permettez-moi de faire bri\u00e8vement les deux observations suivantes.<\/p>\n<p>Premi\u00e8rement, il est essentiel de nouer des partenariats pour pouvoir mettre efficacement en \u0153uvre la Strat\u00e9gie int\u00e9gr\u00e9e des Nations Unies pour le Sahel.<\/p>\n<p>Le moins que l\u2019on puisse dire c\u2019est que les d\u00e9fis et maux auxquels la r\u00e9gion du Sahel fait face sont complexes.<\/p>\n<p>L\u2019extr\u00e9misme violent, les in\u00e9galit\u00e9s g\u00e9n\u00e9ralis\u00e9es et la mis\u00e8re profond\u00e9ment enracin\u00e9e, les violences sexistes, les menaces transfrontali\u00e8res et la d\u00e9t\u00e9rioration des conditions climatiques sont autant de fl\u00e9aux qui viennent battre en br\u00e8che le tissu social et rapprocher le spectre de l\u2019instabilit\u00e9.<\/p>\n<p>Les chiffres parlent d\u2019eux-m\u00eames :<\/p>\n<ul>\n<li>Plus de 5 millions de r\u00e9fugi\u00e9s et de personnes d\u00e9plac\u00e9es internes\u00a0;<\/li>\n<li>Au moins 5,8 millions de personnes en proie \u00e0 l\u2019ins\u00e9curit\u00e9 alimentaire\u00a0;<\/li>\n<li>Et 24 millions de candidats \u00e0 l\u2019assistance humanitaire, auxquels sont affect\u00e9s 12\u00a0% de l\u2019enveloppe globale d\u2019aide humanitaire pour 2018.<\/li>\n<\/ul>\n<p>\u00c0 l\u2019\u00e9vidence, il n\u2019y a pas de solution unique \u00e0 une si complexe situation.<\/p>\n<p>D\u2019o\u00f9 l\u2019imp\u00e9ratif pressant d\u2019amener les nombreuses initiatives de consolidation de la paix \u00e0 faire davantage preuve de coop\u00e9ration, de coordination et de coh\u00e9rence dans leur action, l\u2019ONU et ses partenaires, dans le cadre de la Strat\u00e9gie int\u00e9gr\u00e9e des Nations Unies pour le Sahel, devant ainsi notamment \u0153uvrer \u00e0 renforcer les liens entre la paix et la s\u00e9curit\u00e9, l\u2019assistance humanitaire et le d\u00e9veloppement \u00e9conomique.<\/p>\n<p>La pr\u00e9sente session annuelle de la Commission de consolidation de la paix offre l\u2019occasion d\u2019aller de l\u2019avant dans cette entreprise de coordination proprement dite.<\/p>\n<p>J\u2019exhorte les \u00c9tats Membres de la r\u00e9gion du Sahel \u00e0 faire fond sur la vocation de lieu de rencontre qui est celle de la Commission de consolidation de la paix pour nouer de solides et durables partenariats. Il est essentiel de s\u2019assurer des partenaires dans la r\u00e9gion et la sous-r\u00e9gion, ainsi que dans le secteur priv\u00e9. Je me r\u00e9jouis de voir que des repr\u00e9sentants de ces deux sph\u00e8res sont parmi nous aujourd\u2019hui.<\/p>\n<p>Deuxi\u00e8mement, je voudrais \u00e9voquer l\u2019imp\u00e9ratif de pourvoir \u00e0 la pleine et effective participation des jeunes et des femmes, agents de paix, \u00e0 toute entreprise dans ce domaine.<\/p>\n<p>L\u2019autonomisation des femmes est une caract\u00e9ristique bien marqu\u00e9e de mon mandat, encore renforc\u00e9e par ma propre exp\u00e9rience personnelle.<\/p>\n<p>En ma qualit\u00e9 de Ministre de la d\u00e9fense de l\u2019\u00c9quateur, j\u2019ai pu voir de moi-m\u00eame le sort fait \u00e0 la femme en temps de conflit et entendu trop de femmes dire avoir \u00e9t\u00e9 mises \u00e0 l\u2019\u00e9cart en essayant d\u2019apporter leur contribution \u00e0 tel ou tel processus de paix.<\/p>\n<p>Plus jamais. La preuve est faite que tout accord de paix voit ses chances de durer au moins pendant 15 ans augmenter de 35\u00a0% d\u00e8s lors que les femmes sont associ\u00e9es \u00e0 sa conclusion.<\/p>\n<p>Abstraction faite du bien-fond\u00e9 moral de l\u2019exclusion de plus de la moiti\u00e9 de la population de toute contribution \u00e0 l\u2019entreprise de paix et de s\u00e9curit\u00e9, le bilan positif de sa participation se passe de commentaires. Les informations faisant \u00e9tat des efforts d\u00e9ploy\u00e9s par des groupements de femmes et des chefs religieuses de la r\u00e9gion faisant vigoureusement entendre leur voix sont autant de raisons d\u2019esp\u00e9rer.<\/p>\n<p>En ce qui concerne la jeunesse, on retiendra que pr\u00e8s de 65\u00a0% de la population de la r\u00e9gion est \u00e2g\u00e9e de moins de 25\u00a0ans.<\/p>\n<p>Il serait d\u00e8s lors impossible d\u2019asseoir durablement la paix faute d\u2019associer les jeunes \u00e0 la recherche de solutions de paix et de s\u00e9curit\u00e9.<\/p>\n<p>De m\u00eame, accompagner les jeunes tr\u00e8s t\u00f4t, c\u2019est leur \u00e9pargner le fardeau de ressentiments n\u00e9s de d\u00e9cennies de conflit et leur permettre d\u2019agir en champions de la paix, qui viendront jeter des ponts entre les groupes.<\/p>\n<p>Ils sont une g\u00e9n\u00e9ration avide de changement, de chances, p\u00e9trie d\u2019id\u00e9es nouvelles et f\u00e9rue d\u2019innovations. Ce potentiel, nous devons nous interdire de le ruiner.<\/p>\n<p>Il nous faut ouvrir aux jeunes des pistes nouvelles pour leur permettre d\u2019apporter leur solidarit\u00e9, notamment en leur offrant des possibilit\u00e9s d\u2019emploi d\u00e9cent. Le maintien de la paix et de la s\u00e9curit\u00e9 est \u00e0 ce prix.<\/p>\n<p>\u00a0<\/p>\n<p>Excellences, pour terminer, permettez-moi de rappeler ici que l\u2019Assembl\u00e9e g\u00e9n\u00e9rale a donn\u00e9 \u00e0 sa pr\u00e9sente soixante-treizi\u00e8me session le th\u00e8me \u00ab\u00a0Faire de l\u2019ONU une organisation pour tous\u00a0\u00bb.<\/p>\n<p>Pour les populations du Sahel, une ONU pour tous, c\u2019est une ONU qui concourt \u00e0 leur donner les moyens de leur autonomisation, et qui les prot\u00e8ge contre la violence dans leur vie et leurs moyens d\u2019existence.<\/p>\n<p>Les d\u00e9fis complexes de la r\u00e9gion du Sahel transcendent les fronti\u00e8res et font fi de tous ordres institutionnels. D\u2019ampleur r\u00e9gionale, ces d\u00e9fis ne peuvent \u00eatre dompt\u00e9s qu\u2019\u00e0 la faveur d\u2019une approche r\u00e9gionale multilat\u00e9rale. Agissant de concert avec la Commission de consolidation de la paix, l\u2019ONU peut parvenir \u00e0 renforcer la coordination et donner aux populations les moyens de r\u00e9ussir.<\/p>\n<p>Je me r\u00e9jouis par avance de pouvoir travailler avec vous.<\/p>\n<p>Je vous remercie.<\/p>\n<p><a href=\"#_ftnref1\" name=\"_ftn1\"><\/a><\/p>\n<p>[\/et_pb_text][\/et_pb_column][\/et_pb_row][\/et_pb_section]<\/p>\n","protected":false},"excerpt":{"rendered":"<p>Session annuelle de la Commission de consolidation de la paix : \u00ab Consolidation et p\u00e9rennisation de la paix dans la r\u00e9gion du Sahel \u00bb<\/p>\n","protected":false},"author":266,"featured_media":0,"comment_status":"closed","ping_status":"closed","sticky":false,"template":"","format":"standard","meta":{"_et_pb_use_builder":"on","_et_pb_old_content":"","_et_gb_content_width":"","footnotes":"","_links_to":"","_links_to_target":""},"categories":[53],"tags":[],"class_list":["post-170248","post","type-post","status-publish","format-standard","hentry","category-speeches","et-doesnt-have-format-content","et_post_format-et-post-format-standard"],"yoast_head":"<!-- This site is optimized with the Yoast SEO plugin v28.3 - https:\/\/yoast.com\/product\/yoast-seo-wordpress\/ -->\n<title>Consolidation et p\u00e9rennisation de la paix dans la r\u00e9gion du Sahel - General Assembly of the United Nations<\/title>\n<meta name=\"robots\" content=\"index, follow, max-snippet:-1, max-image-preview:large, max-video-preview:-1\" \/>\n<link rel=\"canonical\" href=\"https:\/\/www.un.org\/pga\/73\/2018\/11\/12\/consolidation-et-perennisation-de-la-paix-dans-la-region-du-sahel\/\" \/>\n<meta property=\"og:locale\" content=\"en_US\" \/>\n<meta property=\"og:type\" content=\"article\" \/>\n<meta property=\"og:title\" content=\"Consolidation et p\u00e9rennisation de la paix dans la r\u00e9gion du Sahel - General Assembly of the United Nations\" \/>\n<meta property=\"og:description\" content=\"Session annuelle de la Commission de consolidation de la paix : \u00ab Consolidation et p\u00e9rennisation de la paix dans la r\u00e9gion du Sahel \u00bb\" \/>\n<meta property=\"og:url\" content=\"https:\/\/www.un.org\/pga\/73\/2018\/11\/12\/consolidation-et-perennisation-de-la-paix-dans-la-region-du-sahel\/\" \/>\n<meta property=\"og:site_name\" content=\"General Assembly of the United Nations\" \/>\n<meta property=\"article:published_time\" content=\"2018-11-12T18:15:21+00:00\" \/>\n<meta name=\"author\" content=\"Denise Kling\" \/>\n<meta name=\"twitter:card\" content=\"summary_large_image\" \/>\n<meta name=\"twitter:label1\" content=\"Written by\" \/>\n\t<meta name=\"twitter:data1\" content=\"Denise Kling\" \/>\n\t<meta name=\"twitter:label2\" content=\"Est. reading time\" \/>\n\t<meta name=\"twitter:data2\" content=\"6 minutes\" \/>\n<script type=\"application\/ld+json\" class=\"yoast-schema-graph\">{\"@context\":\"https:\\\/\\\/schema.org\",\"@graph\":[{\"@type\":\"Article\",\"@id\":\"https:\\\/\\\/www.un.org\\\/pga\\\/73\\\/2018\\\/11\\\/12\\\/consolidation-et-perennisation-de-la-paix-dans-la-region-du-sahel\\\/#article\",\"isPartOf\":{\"@id\":\"https:\\\/\\\/www.un.org\\\/pga\\\/73\\\/2018\\\/11\\\/12\\\/consolidation-et-perennisation-de-la-paix-dans-la-region-du-sahel\\\/\"},\"author\":{\"name\":\"Denise Kling\",\"@id\":\"https:\\\/\\\/www.un.org\\\/pga\\\/73\\\/#\\\/schema\\\/person\\\/af470bea9354ed1b453ade6d22b5c9ee\"},\"headline\":\"Consolidation et p\u00e9rennisation de la paix dans la r\u00e9gion du Sahel\",\"datePublished\":\"2018-11-12T18:15:21+00:00\",\"mainEntityOfPage\":{\"@id\":\"https:\\\/\\\/www.un.org\\\/pga\\\/73\\\/2018\\\/11\\\/12\\\/consolidation-et-perennisation-de-la-paix-dans-la-region-du-sahel\\\/\"},\"wordCount\":1198,\"publisher\":{\"@id\":\"https:\\\/\\\/www.un.org\\\/pga\\\/73\\\/#organization\"},\"articleSection\":[\"Speeches\"],\"inLanguage\":\"en-US\"},{\"@type\":\"WebPage\",\"@id\":\"https:\\\/\\\/www.un.org\\\/pga\\\/73\\\/2018\\\/11\\\/12\\\/consolidation-et-perennisation-de-la-paix-dans-la-region-du-sahel\\\/\",\"url\":\"https:\\\/\\\/www.un.org\\\/pga\\\/73\\\/2018\\\/11\\\/12\\\/consolidation-et-perennisation-de-la-paix-dans-la-region-du-sahel\\\/\",\"name\":\"Consolidation et p\u00e9rennisation de la paix dans la r\u00e9gion du Sahel - General Assembly of the United Nations\",\"isPartOf\":{\"@id\":\"https:\\\/\\\/www.un.org\\\/pga\\\/73\\\/#website\"},\"datePublished\":\"2018-11-12T18:15:21+00:00\",\"breadcrumb\":{\"@id\":\"https:\\\/\\\/www.un.org\\\/pga\\\/73\\\/2018\\\/11\\\/12\\\/consolidation-et-perennisation-de-la-paix-dans-la-region-du-sahel\\\/#breadcrumb\"},\"inLanguage\":\"en-US\",\"potentialAction\":[{\"@type\":\"ReadAction\",\"target\":[\"https:\\\/\\\/www.un.org\\\/pga\\\/73\\\/2018\\\/11\\\/12\\\/consolidation-et-perennisation-de-la-paix-dans-la-region-du-sahel\\\/\"]}]},{\"@type\":\"BreadcrumbList\",\"@id\":\"https:\\\/\\\/www.un.org\\\/pga\\\/73\\\/2018\\\/11\\\/12\\\/consolidation-et-perennisation-de-la-paix-dans-la-region-du-sahel\\\/#breadcrumb\",\"itemListElement\":[{\"@type\":\"ListItem\",\"position\":1,\"name\":\"Home\",\"item\":\"https:\\\/\\\/www.un.org\\\/pga\\\/73\\\/\"},{\"@type\":\"ListItem\",\"position\":2,\"name\":\"Consolidation et p\u00e9rennisation de la paix dans la r\u00e9gion du Sahel\"}]},{\"@type\":\"WebSite\",\"@id\":\"https:\\\/\\\/www.un.org\\\/pga\\\/73\\\/#website\",\"url\":\"https:\\\/\\\/www.un.org\\\/pga\\\/73\\\/\",\"name\":\"General Assembly of the United Nations\",\"description\":\"President of the 73rd session\",\"publisher\":{\"@id\":\"https:\\\/\\\/www.un.org\\\/pga\\\/73\\\/#organization\"},\"potentialAction\":[{\"@type\":\"SearchAction\",\"target\":{\"@type\":\"EntryPoint\",\"urlTemplate\":\"https:\\\/\\\/www.un.org\\\/pga\\\/73\\\/?s={search_term_string}\"},\"query-input\":{\"@type\":\"PropertyValueSpecification\",\"valueRequired\":true,\"valueName\":\"search_term_string\"}}],\"inLanguage\":\"en-US\"},{\"@type\":\"Organization\",\"@id\":\"https:\\\/\\\/www.un.org\\\/pga\\\/73\\\/#organization\",\"name\":\"General Assembly of the United Nations\",\"url\":\"https:\\\/\\\/www.un.org\\\/pga\\\/73\\\/\",\"logo\":{\"@type\":\"ImageObject\",\"inLanguage\":\"en-US\",\"@id\":\"https:\\\/\\\/www.un.org\\\/pga\\\/73\\\/#\\\/schema\\\/logo\\\/image\\\/\",\"url\":\"https:\\\/\\\/www.un.org\\\/pga\\\/wp-content\\\/uploads\\\/sites\\\/53\\\/2018\\\/07\\\/18-00066a_Ä¢¹½ÊÓÆµGA73_Logos-no-type-04.png\",\"contentUrl\":\"https:\\\/\\\/www.un.org\\\/pga\\\/wp-content\\\/uploads\\\/sites\\\/53\\\/2018\\\/07\\\/18-00066a_Ä¢¹½ÊÓÆµGA73_Logos-no-type-04.png\",\"width\":529,\"height\":601,\"caption\":\"General Assembly of the United Nations\"},\"image\":{\"@id\":\"https:\\\/\\\/www.un.org\\\/pga\\\/73\\\/#\\\/schema\\\/logo\\\/image\\\/\"}},{\"@type\":\"Person\",\"@id\":\"https:\\\/\\\/www.un.org\\\/pga\\\/73\\\/#\\\/schema\\\/person\\\/af470bea9354ed1b453ade6d22b5c9ee\",\"name\":\"Denise Kling\",\"image\":{\"@type\":\"ImageObject\",\"inLanguage\":\"en-US\",\"@id\":\"https:\\\/\\\/secure.gravatar.com\\\/avatar\\\/b5fdae9d2ae28ca0f434202f2c9b6f29640a2b757fdbaa4592687900a399db3d?s=96&d=mm&r=g\",\"url\":\"https:\\\/\\\/secure.gravatar.com\\\/avatar\\\/b5fdae9d2ae28ca0f434202f2c9b6f29640a2b757fdbaa4592687900a399db3d?s=96&d=mm&r=g\",\"contentUrl\":\"https:\\\/\\\/secure.gravatar.com\\\/avatar\\\/b5fdae9d2ae28ca0f434202f2c9b6f29640a2b757fdbaa4592687900a399db3d?s=96&d=mm&r=g\",\"caption\":\"Denise Kling\"},\"url\":\"https:\\\/\\\/www.un.org\\\/pga\\\/73\\\/author\\\/denise-klingun-org\\\/\"}]}<\/script>\n<!-- \/ Yoast SEO plugin. -->","yoast_head_json":{"title":"Consolidation et p\u00e9rennisation de la paix dans la r\u00e9gion du Sahel - General Assembly of the United Nations","robots":{"index":"index","follow":"follow","max-snippet":"max-snippet:-1","max-image-preview":"max-image-preview:large","max-video-preview":"max-video-preview:-1"},"canonical":"https:\/\/www.un.org\/pga\/73\/2018\/11\/12\/consolidation-et-perennisation-de-la-paix-dans-la-region-du-sahel\/","og_locale":"en_US","og_type":"article","og_title":"Consolidation et p\u00e9rennisation de la paix dans la r\u00e9gion du Sahel - General Assembly of the United Nations","og_description":"Session annuelle de la Commission de consolidation de la paix : \u00ab Consolidation et p\u00e9rennisation de la paix dans la r\u00e9gion du Sahel \u00bb","og_url":"https:\/\/www.un.org\/pga\/73\/2018\/11\/12\/consolidation-et-perennisation-de-la-paix-dans-la-region-du-sahel\/","og_site_name":"General Assembly of the United Nations","article_published_time":"2018-11-12T18:15:21+00:00","author":"Denise Kling","twitter_card":"summary_large_image","twitter_misc":{"Written by":"Denise Kling","Est. reading time":"6 minutes"},"schema":{"@context":"https:\/\/schema.org","@graph":[{"@type":"Article","@id":"https:\/\/www.un.org\/pga\/73\/2018\/11\/12\/consolidation-et-perennisation-de-la-paix-dans-la-region-du-sahel\/#article","isPartOf":{"@id":"https:\/\/www.un.org\/pga\/73\/2018\/11\/12\/consolidation-et-perennisation-de-la-paix-dans-la-region-du-sahel\/"},"author":{"name":"Denise Kling","@id":"https:\/\/www.un.org\/pga\/73\/#\/schema\/person\/af470bea9354ed1b453ade6d22b5c9ee"},"headline":"Consolidation et p\u00e9rennisation de la paix dans la r\u00e9gion du Sahel","datePublished":"2018-11-12T18:15:21+00:00","mainEntityOfPage":{"@id":"https:\/\/www.un.org\/pga\/73\/2018\/11\/12\/consolidation-et-perennisation-de-la-paix-dans-la-region-du-sahel\/"},"wordCount":1198,"publisher":{"@id":"https:\/\/www.un.org\/pga\/73\/#organization"},"articleSection":["Speeches"],"inLanguage":"en-US"},{"@type":"WebPage","@id":"https:\/\/www.un.org\/pga\/73\/2018\/11\/12\/consolidation-et-perennisation-de-la-paix-dans-la-region-du-sahel\/","url":"https:\/\/www.un.org\/pga\/73\/2018\/11\/12\/consolidation-et-perennisation-de-la-paix-dans-la-region-du-sahel\/","name":"Consolidation et p\u00e9rennisation de la paix dans la r\u00e9gion du Sahel - General Assembly of the United Nations","isPartOf":{"@id":"https:\/\/www.un.org\/pga\/73\/#website"},"datePublished":"2018-11-12T18:15:21+00:00","breadcrumb":{"@id":"https:\/\/www.un.org\/pga\/73\/2018\/11\/12\/consolidation-et-perennisation-de-la-paix-dans-la-region-du-sahel\/#breadcrumb"},"inLanguage":"en-US","potentialAction":[{"@type":"ReadAction","target":["https:\/\/www.un.org\/pga\/73\/2018\/11\/12\/consolidation-et-perennisation-de-la-paix-dans-la-region-du-sahel\/"]}]},{"@type":"BreadcrumbList","@id":"https:\/\/www.un.org\/pga\/73\/2018\/11\/12\/consolidation-et-perennisation-de-la-paix-dans-la-region-du-sahel\/#breadcrumb","itemListElement":[{"@type":"ListItem","position":1,"name":"Home","item":"https:\/\/www.un.org\/pga\/73\/"},{"@type":"ListItem","position":2,"name":"Consolidation et p\u00e9rennisation de la paix dans la r\u00e9gion du Sahel"}]},{"@type":"WebSite","@id":"https:\/\/www.un.org\/pga\/73\/#website","url":"https:\/\/www.un.org\/pga\/73\/","name":"General Assembly of the United Nations","description":"President of the 73rd session","publisher":{"@id":"https:\/\/www.un.org\/pga\/73\/#organization"},"potentialAction":[{"@type":"SearchAction","target":{"@type":"EntryPoint","urlTemplate":"https:\/\/www.un.org\/pga\/73\/?s={search_term_string}"},"query-input":{"@type":"PropertyValueSpecification","valueRequired":true,"valueName":"search_term_string"}}],"inLanguage":"en-US"},{"@type":"Organization","@id":"https:\/\/www.un.org\/pga\/73\/#organization","name":"General Assembly of the United Nations","url":"https:\/\/www.un.org\/pga\/73\/","logo":{"@type":"ImageObject","inLanguage":"en-US","@id":"https:\/\/www.un.org\/pga\/73\/#\/schema\/logo\/image\/","url":"https:\/\/www.un.org\/pga\/wp-content\/uploads\/sites\/53\/2018\/07\/18-00066a_Ä¢¹½ÊÓÆµGA73_Logos-no-type-04.png","contentUrl":"https:\/\/www.un.org\/pga\/wp-content\/uploads\/sites\/53\/2018\/07\/18-00066a_Ä¢¹½ÊÓÆµGA73_Logos-no-type-04.png","width":529,"height":601,"caption":"General Assembly of the United Nations"},"image":{"@id":"https:\/\/www.un.org\/pga\/73\/#\/schema\/logo\/image\/"}},{"@type":"Person","@id":"https:\/\/www.un.org\/pga\/73\/#\/schema\/person\/af470bea9354ed1b453ade6d22b5c9ee","name":"Denise Kling","image":{"@type":"ImageObject","inLanguage":"en-US","@id":"https:\/\/secure.gravatar.com\/avatar\/b5fdae9d2ae28ca0f434202f2c9b6f29640a2b757fdbaa4592687900a399db3d?s=96&d=mm&r=g","url":"https:\/\/secure.gravatar.com\/avatar\/b5fdae9d2ae28ca0f434202f2c9b6f29640a2b757fdbaa4592687900a399db3d?s=96&d=mm&r=g","contentUrl":"https:\/\/secure.gravatar.com\/avatar\/b5fdae9d2ae28ca0f434202f2c9b6f29640a2b757fdbaa4592687900a399db3d?s=96&d=mm&r=g","caption":"Denise Kling"},"url":"https:\/\/www.un.org\/pga\/73\/author\/denise-klingun-org\/"}]}},"_links":{"self":[{"href":"https:\/\/www.un.org\/pga\/73\/wp-json\/wp\/v2\/posts\/170248","targetHints":{"allow":["GET"]}}],"collection":[{"href":"https:\/\/www.un.org\/pga\/73\/wp-json\/wp\/v2\/posts"}],"about":[{"href":"https:\/\/www.un.org\/pga\/73\/wp-json\/wp\/v2\/types\/post"}],"author":[{"embeddable":true,"href":"https:\/\/www.un.org\/pga\/73\/wp-json\/wp\/v2\/users\/266"}],"replies":[{"embeddable":true,"href":"https:\/\/www.un.org\/pga\/73\/wp-json\/wp\/v2\/comments?post=170248"}],"version-history":[{"count":0,"href":"https:\/\/www.un.org\/pga\/73\/wp-json\/wp\/v2\/posts\/170248\/revisions"}],"wp:attachment":[{"href":"https:\/\/www.un.org\/pga\/73\/wp-json\/wp\/v2\/media?parent=170248"}],"wp:term":[{"taxonomy":"category","embeddable":true,"href":"https:\/\/www.un.org\/pga\/73\/wp-json\/wp\/v2\/categories?post=170248"},{"taxonomy":"post_tag","embeddable":true,"href":"https:\/\/www.un.org\/pga\/73\/wp-json\/wp\/v2\/tags?post=170248"}],"curies":[{"name":"wp","href":"https:\/\/api.w.org\/{rel}","templated":true}]}}