  {"id":170602,"date":"2018-11-19T15:09:54","date_gmt":"2018-11-19T20:09:54","guid":{"rendered":"https:\/\/www.un.org\/pga\/73\/?p=170602"},"modified":"2018-11-19T16:40:08","modified_gmt":"2018-11-19T21:40:08","slug":"8th-global-forum-of-the-united-nations-alliance-of-civilizations","status":"publish","type":"post","link":"https:\/\/www.un.org\/pga\/73\/2018\/11\/19\/8th-global-forum-of-the-united-nations-alliance-of-civilizations\/","title":{"rendered":"8th Global Forum of the United Nations Alliance of Civilizations"},"content":{"rendered":"<p>[et_pb_section bb_built=&#8221;1&#8243;][et_pb_row][et_pb_column type=&#8221;4_4&#8243;][et_pb_text _builder_version=&#8221;3.17.4&#8243; border_style=&#8221;solid&#8221; background_position=&#8221;top_left&#8221; background_repeat=&#8221;repeat&#8221; background_size=&#8221;initial&#8221;]<\/p>\n<p style=\"text-align: center\"><strong><em>&#8211; As delivered &#8211;<\/em><\/strong><\/p>\n<h3>Statement by H.E. Mrs. Mar\u00eda Fernanda Espinosa Garc\u00e9s, President of the 73<sup>rd<\/sup> Session of the Ä¢¹½ÊÓÆµ General Assembly<\/h3>\n<p><strong><span class=\"updated\">19 November 2018<\/span><\/strong><\/p>\n<div id=\"attachment_170623\" style=\"width: 310px\" class=\"wp-caption alignleft\"><img loading=\"lazy\" decoding=\"async\" aria-describedby=\"caption-attachment-170623\" class=\"wp-image-170623 size-medium\" src=\"https:\/\/www.un.org\/pga\/73\/wp-content\/uploads\/sites\/53\/2018\/11\/786890-Meeting-19_11_2018-11.55.11-300x200.jpg\" alt=\"\" width=\"300\" height=\"200\" srcset=\"https:\/\/www.un.org\/pga\/wp-content\/uploads\/sites\/53\/2018\/11\/786890-Meeting-19_11_2018-11.55.11-300x200.jpg 300w, https:\/\/www.un.org\/pga\/wp-content\/uploads\/sites\/53\/2018\/11\/786890-Meeting-19_11_2018-11.55.11-150x100.jpg 150w, https:\/\/www.un.org\/pga\/wp-content\/uploads\/sites\/53\/2018\/11\/786890-Meeting-19_11_2018-11.55.11-768x512.jpg 768w, https:\/\/www.un.org\/pga\/wp-content\/uploads\/sites\/53\/2018\/11\/786890-Meeting-19_11_2018-11.55.11-1024x683.jpg 1024w, https:\/\/www.un.org\/pga\/wp-content\/uploads\/sites\/53\/2018\/11\/786890-Meeting-19_11_2018-11.55.11-1080x720.jpg 1080w, https:\/\/www.un.org\/pga\/wp-content\/uploads\/sites\/53\/2018\/11\/786890-Meeting-19_11_2018-11.55.11.jpg 2048w\" sizes=\"(max-width: 300px) 100vw, 300px\" \/><p id=\"caption-attachment-170623\" class=\"wp-caption-text\">8th Global Forum of the United Nations Alliance of Civilizations on \u201c#Commit2Dialogue: Partnerships for Prevention and Sustaining Peace\u201d<\/p><\/div>\n<p>H.E. Mr. Nassir\u00a0Abdulaziz Al-Nasser, High Representative for the United Nations Alliance of Civilizations<\/p>\n<p>H.E. Mr. Ant\u00f3nio Guterres, United Nations Secretary-General<\/p>\n<p>H.E. Mr. Mevl\u00fct \u00c7avu\u015fo\u011flu, Minister of Foreign Affairs of Turkey<\/p>\n<p>H.E. Mr. Fernando Martin Valenzuela Marzo, State Secretary for Foreign Affairs of Spain<\/p>\n<p>Distinguished guests,<\/p>\n<p>I would like to thank the Alliance of Civilizations for their efforts to promote intercultural and interreligious dialogue and tolerance, diversity and the culture of peace.<\/p>\n<p>I would also like to acknowledge the great leadership of Spain, Turkey and Qatar in this initiative.<\/p>\n<p>We are currently facing a complex global juncture marked by multiple crisis ranging from poverty and inequality to the devasting effects of climate change or forced migration or the deepening of several conflicts in the world, terrorism, intolerance and hate.<\/p>\n<p>To face this scenario of great complexity, we need a strong collective action and global agreements; and to build those agreements, dialogue is the most powerful mean.<\/p>\n<p>A dialogue that respects diversity and that is based on tolerance and empathy and that acknowledges that, despite religious or cultural differences, we are united by our human condition.<\/p>\n<p>[\/et_pb_text][\/et_pb_column][\/et_pb_row][et_pb_row][et_pb_column type=&#8221;1_2&#8243;][et_pb_text _builder_version=&#8221;3.17.4&#8243;]<\/p>\n<p>Since its creation, the Alliance of Civilizations has promoted dialogue and has become an important platform to bring together nations, cultures and religions.<\/p>\n<p>Therefore, I believe that we should not only preserve this space, but that we should also strengthen it and expand it.<\/p>\n<p>Excellencies,<\/p>\n<p>I am pleased to see that many of the priorities that I have established during my Presidency converge with the pillars of the activities of the Alliance of Civilizations and I would like to briefly focus in some of them.<\/p>\n<p>The first topic I would like to address is the mobilization of political willingness and political action.<\/p>\n<p>This Global Forum is an example of an effective <em>minga<\/em>, of the collective action of Governments, the United Nations, civil society, religious organizations, the media and the private sector to promote more peaceful societies based on the values of cooperation, solidarity and the celebration of diversity.<\/p>\n<p>As representative of the most representative and democratic multilateral forum, the General Assembly of the United Nations, I reiterate my commitment to facilitate dialogue and global action to prevent violence and conflicts and reach collective agreements for the benefit of humanity and the planet.<\/p>\n<p>The second topic I would like to address is focusing on youth.<\/p>\n<p>Young people are architects and agents of change.<\/p>\n<p>Including young people in development policies and in peacekeeping and peacebuilding activities is fundamental to prevent conflicts or to achieve sustainable and lasting solutions.<\/p>\n<p>I have had the opportunity to work in teams in which the various visions and skills of young people have been decisive to find innovative and creative solutions.<\/p>\n<p>One of my seven priorities is, in fact, young people, peace and security.<\/p>\n<p>I am also convinced that, in the General Assembly, the parliament of humanity, we can move forward decisively in topics that affect young people, such as their political participation, decent work, gender equality and the empowerment of women, human rights and the important role that they can play in the achievement of more peaceful societies.<\/p>\n<p>[\/et_pb_text][\/et_pb_column][et_pb_column type=&#8221;1_2&#8243;][et_pb_code _builder_version=&#8221;3.17.4&#8243;]\n<!-- iframe plugin v.6.0 wordpress.org\/plugins\/iframe\/ -->\n<iframe loading=\"lazy\" width=\"100%\" height=\"250\" src=\"\/\/www.un.org\/webcast\/1362235914001\/B1J3DDQJf_default\/index.html?videoId=5969064444001\" scrolling=\"yes\" class=\"iframe-class\" frameborder=\"0\"><\/iframe>\n<!-- [et_pb_line_break_holder] --><!-- [et_pb_line_break_holder] -->[\/et_pb_code][\/et_pb_column][\/et_pb_row][et_pb_row][et_pb_column type=&#8221;4_4&#8243;][et_pb_testimonial _builder_version=&#8221;3.17.4&#8243; author=&#8221;Mar\u00eda Fernanda Espinosa Garc\u00e9s&#8221; portrait_url=&#8221;https:\/\/www.un.org\/pga\/73\/wp-content\/uploads\/sites\/53\/2018\/09\/PGA-73084-e1537294481964.jpg&#8221; border_style=&#8221;solid&#8221; job_title=&#8221;President of the Ä¢¹½ÊÓÆµ General Assembly&#8221; quote_icon_background_color=&#8221;#f5f5f5&#8243; background_position=&#8221;top_left&#8221; background_repeat=&#8221;repeat&#8221; background_size=&#8221;initial&#8221; quote_icon_color=&#8221;#00aff8&#8243;]<\/p>\n<p><span style=\"color: #0000ff\">As representative of the most representative and democratic multilateral forum, the General Assembly of the United Nations, I reiterate my commitment to facilitate dialogue and global action to prevent violence and conflicts and reach collective agreements for the benefit of humanity and the planet.<\/span><\/p>\n<p>[\/et_pb_testimonial][et_pb_text _builder_version=&#8221;3.17.4&#8243; border_style=&#8221;solid&#8221; background_position=&#8221;top_left&#8221; background_repeat=&#8221;repeat&#8221; background_size=&#8221;initial&#8221;]<\/p>\n<p>The third topic that I would like to mention is migration.<\/p>\n<p>The history of humanity has been built through migration. Even though the phenomenon of migration has always existed, today it presents more challenges and it also requires more global responses and agreements.<\/p>\n<p>Next December, we will adopt the Global Compact for Safe, Orderly and Regular Migration, which is the first international cooperation framework that encompasses all aspects of migration from a comprehensive and balance vision.<\/p>\n<p>This Compact will enable cooperation between States, learn from their experiences and best practices and address the root causes of this phenomenon, with the ultimate goal of ensuring that migration benefits everyone and that the decision to migrate is an option and not a necessity.<\/p>\n<p>I believe that the Alliance of Civilizations can contribute to promote dialogue and a better understanding and without prejudice of migration.<\/p>\n<p>Excellencies,<\/p>\n<p>Finally, as representative of 193 States who have different histories, cultures, languages and models of development, but who share the aspiration of coexisting in peace and developing in a sustainable manner, I will be closely following the debates during these two days.<\/p>\n<p>I am sure that these debates will contribute to create innovative solutions to prevent conflicts, maintain peace and promote reconciliation, acknowledging that diversity is the greatest source of wealth that humanity has.<\/p>\n<p>In the words of Italian writer and philosopher Humberto Eco: \u201cThe beauty of the universe consists not only of unity in variety, but also of variety in unity\u201d. This is what defends and promotes this great Alliance of Civilizations in favor of a more humane and peaceful world.<\/p>\n<p>Thank you.<\/p>\n<p>[\/et_pb_text][\/et_pb_column][\/et_pb_row][\/et_pb_section]<\/p>\n","protected":false},"excerpt":{"rendered":"<p>STATEMENT BY H.E. MARA FERNANDA ESPINOSA, PRESIDENT OF THE 73RD SESSION OF TUE Ä¢¹½ÊÓÆµ GENERAL ASSEMBLY at the 8th Global Forum of the United Nations Alliance of Civilizations <\/p>\n","protected":false},"author":266,"featured_media":170677,"comment_status":"closed","ping_status":"closed","sticky":false,"template":"","format":"standard","meta":{"_et_pb_use_builder":"on","_et_pb_old_content":"","_et_gb_content_width":"","footnotes":"","_links_to":"","_links_to_target":""},"categories":[53],"tags":[],"class_list":["post-170602","post","type-post","status-publish","format-standard","has-post-thumbnail","hentry","category-speeches","et-has-post-format-content","et_post_format-et-post-format-standard"],"yoast_head":"<!-- This site is optimized with the Yoast SEO plugin v28.3 - https:\/\/yoast.com\/product\/yoast-seo-wordpress\/ -->\n<title>8th Global Forum of the United Nations Alliance of Civilizations - General Assembly of the United Nations<\/title>\n<meta name=\"robots\" content=\"index, follow, max-snippet:-1, max-image-preview:large, max-video-preview:-1\" \/>\n<link rel=\"canonical\" href=\"https:\/\/www.un.org\/pga\/73\/2018\/11\/19\/8th-global-forum-of-the-united-nations-alliance-of-civilizations\/\" \/>\n<meta property=\"og:locale\" content=\"en_US\" \/>\n<meta property=\"og:type\" content=\"article\" \/>\n<meta property=\"og:title\" content=\"8th Global Forum of the United Nations Alliance of Civilizations - General Assembly of the United Nations\" \/>\n<meta property=\"og:description\" content=\"STATEMENT BY H.E. MARA FERNANDA ESPINOSA, PRESIDENT OF THE 73RD SESSION OF TUE Ä¢¹½ÊÓÆµ GENERAL ASSEMBLY at the 8th Global Forum of the United Nations Alliance of Civilizations\" \/>\n<meta property=\"og:url\" content=\"https:\/\/www.un.org\/pga\/73\/2018\/11\/19\/8th-global-forum-of-the-united-nations-alliance-of-civilizations\/\" \/>\n<meta property=\"og:site_name\" content=\"General Assembly of the United Nations\" \/>\n<meta property=\"article:published_time\" content=\"2018-11-19T20:09:54+00:00\" \/>\n<meta property=\"article:modified_time\" content=\"2018-11-19T21:40:08+00:00\" \/>\n<meta property=\"og:image\" content=\"https:\/\/www.un.org\/pga\/wp-content\/uploads\/sites\/53\/2018\/11\/786893-Meeting-19_11_2018-11.55.15.jpg\" \/>\n\t<meta property=\"og:image:width\" content=\"2048\" \/>\n\t<meta property=\"og:image:height\" content=\"1365\" \/>\n\t<meta property=\"og:image:type\" content=\"image\/jpeg\" \/>\n<meta name=\"author\" content=\"Denise Kling\" \/>\n<meta name=\"twitter:card\" content=\"summary_large_image\" \/>\n<meta name=\"twitter:label1\" content=\"Written by\" \/>\n\t<meta name=\"twitter:data1\" content=\"Denise Kling\" \/>\n\t<meta name=\"twitter:label2\" content=\"Est. reading time\" \/>\n\t<meta name=\"twitter:data2\" content=\"5 minutes\" \/>\n<script type=\"application\/ld+json\" class=\"yoast-schema-graph\">{\"@context\":\"https:\\\/\\\/schema.org\",\"@graph\":[{\"@type\":\"Article\",\"@id\":\"https:\\\/\\\/www.un.org\\\/pga\\\/73\\\/2018\\\/11\\\/19\\\/8th-global-forum-of-the-united-nations-alliance-of-civilizations\\\/#article\",\"isPartOf\":{\"@id\":\"https:\\\/\\\/www.un.org\\\/pga\\\/73\\\/2018\\\/11\\\/19\\\/8th-global-forum-of-the-united-nations-alliance-of-civilizations\\\/\"},\"author\":{\"name\":\"Denise Kling\",\"@id\":\"https:\\\/\\\/www.un.org\\\/pga\\\/73\\\/#\\\/schema\\\/person\\\/af470bea9354ed1b453ade6d22b5c9ee\"},\"headline\":\"8th Global Forum of the United Nations Alliance of Civilizations\",\"datePublished\":\"2018-11-19T20:09:54+00:00\",\"dateModified\":\"2018-11-19T21:40:08+00:00\",\"mainEntityOfPage\":{\"@id\":\"https:\\\/\\\/www.un.org\\\/pga\\\/73\\\/2018\\\/11\\\/19\\\/8th-global-forum-of-the-united-nations-alliance-of-civilizations\\\/\"},\"wordCount\":1084,\"publisher\":{\"@id\":\"https:\\\/\\\/www.un.org\\\/pga\\\/73\\\/#organization\"},\"image\":{\"@id\":\"https:\\\/\\\/www.un.org\\\/pga\\\/73\\\/2018\\\/11\\\/19\\\/8th-global-forum-of-the-united-nations-alliance-of-civilizations\\\/#primaryimage\"},\"thumbnailUrl\":\"https:\\\/\\\/www.un.org\\\/pga\\\/wp-content\\\/uploads\\\/sites\\\/53\\\/2018\\\/11\\\/786893-Meeting-19_11_2018-11.55.15.jpg\",\"articleSection\":[\"Speeches\"],\"inLanguage\":\"en-US\"},{\"@type\":\"WebPage\",\"@id\":\"https:\\\/\\\/www.un.org\\\/pga\\\/73\\\/2018\\\/11\\\/19\\\/8th-global-forum-of-the-united-nations-alliance-of-civilizations\\\/\",\"url\":\"https:\\\/\\\/www.un.org\\\/pga\\\/73\\\/2018\\\/11\\\/19\\\/8th-global-forum-of-the-united-nations-alliance-of-civilizations\\\/\",\"name\":\"8th Global Forum of the United Nations Alliance of Civilizations - General Assembly of the United Nations\",\"isPartOf\":{\"@id\":\"https:\\\/\\\/www.un.org\\\/pga\\\/73\\\/#website\"},\"primaryImageOfPage\":{\"@id\":\"https:\\\/\\\/www.un.org\\\/pga\\\/73\\\/2018\\\/11\\\/19\\\/8th-global-forum-of-the-united-nations-alliance-of-civilizations\\\/#primaryimage\"},\"image\":{\"@id\":\"https:\\\/\\\/www.un.org\\\/pga\\\/73\\\/2018\\\/11\\\/19\\\/8th-global-forum-of-the-united-nations-alliance-of-civilizations\\\/#primaryimage\"},\"thumbnailUrl\":\"https:\\\/\\\/www.un.org\\\/pga\\\/wp-content\\\/uploads\\\/sites\\\/53\\\/2018\\\/11\\\/786893-Meeting-19_11_2018-11.55.15.jpg\",\"datePublished\":\"2018-11-19T20:09:54+00:00\",\"dateModified\":\"2018-11-19T21:40:08+00:00\",\"breadcrumb\":{\"@id\":\"https:\\\/\\\/www.un.org\\\/pga\\\/73\\\/2018\\\/11\\\/19\\\/8th-global-forum-of-the-united-nations-alliance-of-civilizations\\\/#breadcrumb\"},\"inLanguage\":\"en-US\",\"potentialAction\":[{\"@type\":\"ReadAction\",\"target\":[\"https:\\\/\\\/www.un.org\\\/pga\\\/73\\\/2018\\\/11\\\/19\\\/8th-global-forum-of-the-united-nations-alliance-of-civilizations\\\/\"]}]},{\"@type\":\"ImageObject\",\"inLanguage\":\"en-US\",\"@id\":\"https:\\\/\\\/www.un.org\\\/pga\\\/73\\\/2018\\\/11\\\/19\\\/8th-global-forum-of-the-united-nations-alliance-of-civilizations\\\/#primaryimage\",\"url\":\"https:\\\/\\\/www.un.org\\\/pga\\\/wp-content\\\/uploads\\\/sites\\\/53\\\/2018\\\/11\\\/786893-Meeting-19_11_2018-11.55.15.jpg\",\"contentUrl\":\"https:\\\/\\\/www.un.org\\\/pga\\\/wp-content\\\/uploads\\\/sites\\\/53\\\/2018\\\/11\\\/786893-Meeting-19_11_2018-11.55.15.jpg\",\"width\":2048,\"height\":1365,\"caption\":\"8th Global Forum of the United Nations Alliance of Civilizations on \u201c#Commit2Dialogue: Partnerships for Prevention and Sustaining Peace\u201d\"},{\"@type\":\"BreadcrumbList\",\"@id\":\"https:\\\/\\\/www.un.org\\\/pga\\\/73\\\/2018\\\/11\\\/19\\\/8th-global-forum-of-the-united-nations-alliance-of-civilizations\\\/#breadcrumb\",\"itemListElement\":[{\"@type\":\"ListItem\",\"position\":1,\"name\":\"Home\",\"item\":\"https:\\\/\\\/www.un.org\\\/pga\\\/73\\\/\"},{\"@type\":\"ListItem\",\"position\":2,\"name\":\"8th Global Forum of the United Nations Alliance of Civilizations\"}]},{\"@type\":\"WebSite\",\"@id\":\"https:\\\/\\\/www.un.org\\\/pga\\\/73\\\/#website\",\"url\":\"https:\\\/\\\/www.un.org\\\/pga\\\/73\\\/\",\"name\":\"General Assembly of the United Nations\",\"description\":\"President of the 73rd session\",\"publisher\":{\"@id\":\"https:\\\/\\\/www.un.org\\\/pga\\\/73\\\/#organization\"},\"potentialAction\":[{\"@type\":\"SearchAction\",\"target\":{\"@type\":\"EntryPoint\",\"urlTemplate\":\"https:\\\/\\\/www.un.org\\\/pga\\\/73\\\/?s={search_term_string}\"},\"query-input\":{\"@type\":\"PropertyValueSpecification\",\"valueRequired\":true,\"valueName\":\"search_term_string\"}}],\"inLanguage\":\"en-US\"},{\"@type\":\"Organization\",\"@id\":\"https:\\\/\\\/www.un.org\\\/pga\\\/73\\\/#organization\",\"name\":\"General Assembly of the United Nations\",\"url\":\"https:\\\/\\\/www.un.org\\\/pga\\\/73\\\/\",\"logo\":{\"@type\":\"ImageObject\",\"inLanguage\":\"en-US\",\"@id\":\"https:\\\/\\\/www.un.org\\\/pga\\\/73\\\/#\\\/schema\\\/logo\\\/image\\\/\",\"url\":\"https:\\\/\\\/www.un.org\\\/pga\\\/wp-content\\\/uploads\\\/sites\\\/53\\\/2018\\\/07\\\/18-00066a_Ä¢¹½ÊÓÆµGA73_Logos-no-type-04.png\",\"contentUrl\":\"https:\\\/\\\/www.un.org\\\/pga\\\/wp-content\\\/uploads\\\/sites\\\/53\\\/2018\\\/07\\\/18-00066a_Ä¢¹½ÊÓÆµGA73_Logos-no-type-04.png\",\"width\":529,\"height\":601,\"caption\":\"General Assembly of the United Nations\"},\"image\":{\"@id\":\"https:\\\/\\\/www.un.org\\\/pga\\\/73\\\/#\\\/schema\\\/logo\\\/image\\\/\"}},{\"@type\":\"Person\",\"@id\":\"https:\\\/\\\/www.un.org\\\/pga\\\/73\\\/#\\\/schema\\\/person\\\/af470bea9354ed1b453ade6d22b5c9ee\",\"name\":\"Denise Kling\",\"image\":{\"@type\":\"ImageObject\",\"inLanguage\":\"en-US\",\"@id\":\"https:\\\/\\\/secure.gravatar.com\\\/avatar\\\/b5fdae9d2ae28ca0f434202f2c9b6f29640a2b757fdbaa4592687900a399db3d?s=96&d=mm&r=g\",\"url\":\"https:\\\/\\\/secure.gravatar.com\\\/avatar\\\/b5fdae9d2ae28ca0f434202f2c9b6f29640a2b757fdbaa4592687900a399db3d?s=96&d=mm&r=g\",\"contentUrl\":\"https:\\\/\\\/secure.gravatar.com\\\/avatar\\\/b5fdae9d2ae28ca0f434202f2c9b6f29640a2b757fdbaa4592687900a399db3d?s=96&d=mm&r=g\",\"caption\":\"Denise Kling\"},\"url\":\"https:\\\/\\\/www.un.org\\\/pga\\\/73\\\/author\\\/denise-klingun-org\\\/\"}]}<\/script>\n<!-- \/ Yoast SEO plugin. -->","yoast_head_json":{"title":"8th Global Forum of the United Nations Alliance of Civilizations - General Assembly of the United Nations","robots":{"index":"index","follow":"follow","max-snippet":"max-snippet:-1","max-image-preview":"max-image-preview:large","max-video-preview":"max-video-preview:-1"},"canonical":"https:\/\/www.un.org\/pga\/73\/2018\/11\/19\/8th-global-forum-of-the-united-nations-alliance-of-civilizations\/","og_locale":"en_US","og_type":"article","og_title":"8th Global Forum of the United Nations Alliance of Civilizations - General Assembly of the United Nations","og_description":"STATEMENT BY H.E. MARA FERNANDA ESPINOSA, PRESIDENT OF THE 73RD SESSION OF TUE Ä¢¹½ÊÓÆµ GENERAL ASSEMBLY at the 8th Global Forum of the United Nations Alliance of Civilizations","og_url":"https:\/\/www.un.org\/pga\/73\/2018\/11\/19\/8th-global-forum-of-the-united-nations-alliance-of-civilizations\/","og_site_name":"General Assembly of the United Nations","article_published_time":"2018-11-19T20:09:54+00:00","article_modified_time":"2018-11-19T21:40:08+00:00","og_image":[{"width":2048,"height":1365,"url":"https:\/\/www.un.org\/pga\/wp-content\/uploads\/sites\/53\/2018\/11\/786893-Meeting-19_11_2018-11.55.15.jpg","type":"image\/jpeg"}],"author":"Denise Kling","twitter_card":"summary_large_image","twitter_misc":{"Written by":"Denise Kling","Est. reading time":"5 minutes"},"schema":{"@context":"https:\/\/schema.org","@graph":[{"@type":"Article","@id":"https:\/\/www.un.org\/pga\/73\/2018\/11\/19\/8th-global-forum-of-the-united-nations-alliance-of-civilizations\/#article","isPartOf":{"@id":"https:\/\/www.un.org\/pga\/73\/2018\/11\/19\/8th-global-forum-of-the-united-nations-alliance-of-civilizations\/"},"author":{"name":"Denise Kling","@id":"https:\/\/www.un.org\/pga\/73\/#\/schema\/person\/af470bea9354ed1b453ade6d22b5c9ee"},"headline":"8th Global Forum of the United Nations Alliance of Civilizations","datePublished":"2018-11-19T20:09:54+00:00","dateModified":"2018-11-19T21:40:08+00:00","mainEntityOfPage":{"@id":"https:\/\/www.un.org\/pga\/73\/2018\/11\/19\/8th-global-forum-of-the-united-nations-alliance-of-civilizations\/"},"wordCount":1084,"publisher":{"@id":"https:\/\/www.un.org\/pga\/73\/#organization"},"image":{"@id":"https:\/\/www.un.org\/pga\/73\/2018\/11\/19\/8th-global-forum-of-the-united-nations-alliance-of-civilizations\/#primaryimage"},"thumbnailUrl":"https:\/\/www.un.org\/pga\/wp-content\/uploads\/sites\/53\/2018\/11\/786893-Meeting-19_11_2018-11.55.15.jpg","articleSection":["Speeches"],"inLanguage":"en-US"},{"@type":"WebPage","@id":"https:\/\/www.un.org\/pga\/73\/2018\/11\/19\/8th-global-forum-of-the-united-nations-alliance-of-civilizations\/","url":"https:\/\/www.un.org\/pga\/73\/2018\/11\/19\/8th-global-forum-of-the-united-nations-alliance-of-civilizations\/","name":"8th Global Forum of the United Nations Alliance of Civilizations - General Assembly of the United Nations","isPartOf":{"@id":"https:\/\/www.un.org\/pga\/73\/#website"},"primaryImageOfPage":{"@id":"https:\/\/www.un.org\/pga\/73\/2018\/11\/19\/8th-global-forum-of-the-united-nations-alliance-of-civilizations\/#primaryimage"},"image":{"@id":"https:\/\/www.un.org\/pga\/73\/2018\/11\/19\/8th-global-forum-of-the-united-nations-alliance-of-civilizations\/#primaryimage"},"thumbnailUrl":"https:\/\/www.un.org\/pga\/wp-content\/uploads\/sites\/53\/2018\/11\/786893-Meeting-19_11_2018-11.55.15.jpg","datePublished":"2018-11-19T20:09:54+00:00","dateModified":"2018-11-19T21:40:08+00:00","breadcrumb":{"@id":"https:\/\/www.un.org\/pga\/73\/2018\/11\/19\/8th-global-forum-of-the-united-nations-alliance-of-civilizations\/#breadcrumb"},"inLanguage":"en-US","potentialAction":[{"@type":"ReadAction","target":["https:\/\/www.un.org\/pga\/73\/2018\/11\/19\/8th-global-forum-of-the-united-nations-alliance-of-civilizations\/"]}]},{"@type":"ImageObject","inLanguage":"en-US","@id":"https:\/\/www.un.org\/pga\/73\/2018\/11\/19\/8th-global-forum-of-the-united-nations-alliance-of-civilizations\/#primaryimage","url":"https:\/\/www.un.org\/pga\/wp-content\/uploads\/sites\/53\/2018\/11\/786893-Meeting-19_11_2018-11.55.15.jpg","contentUrl":"https:\/\/www.un.org\/pga\/wp-content\/uploads\/sites\/53\/2018\/11\/786893-Meeting-19_11_2018-11.55.15.jpg","width":2048,"height":1365,"caption":"8th Global Forum of the United Nations Alliance of Civilizations on \u201c#Commit2Dialogue: Partnerships for Prevention and Sustaining Peace\u201d"},{"@type":"BreadcrumbList","@id":"https:\/\/www.un.org\/pga\/73\/2018\/11\/19\/8th-global-forum-of-the-united-nations-alliance-of-civilizations\/#breadcrumb","itemListElement":[{"@type":"ListItem","position":1,"name":"Home","item":"https:\/\/www.un.org\/pga\/73\/"},{"@type":"ListItem","position":2,"name":"8th Global Forum of the United Nations Alliance of Civilizations"}]},{"@type":"WebSite","@id":"https:\/\/www.un.org\/pga\/73\/#website","url":"https:\/\/www.un.org\/pga\/73\/","name":"General Assembly of the United Nations","description":"President of the 73rd session","publisher":{"@id":"https:\/\/www.un.org\/pga\/73\/#organization"},"potentialAction":[{"@type":"SearchAction","target":{"@type":"EntryPoint","urlTemplate":"https:\/\/www.un.org\/pga\/73\/?s={search_term_string}"},"query-input":{"@type":"PropertyValueSpecification","valueRequired":true,"valueName":"search_term_string"}}],"inLanguage":"en-US"},{"@type":"Organization","@id":"https:\/\/www.un.org\/pga\/73\/#organization","name":"General Assembly of the United Nations","url":"https:\/\/www.un.org\/pga\/73\/","logo":{"@type":"ImageObject","inLanguage":"en-US","@id":"https:\/\/www.un.org\/pga\/73\/#\/schema\/logo\/image\/","url":"https:\/\/www.un.org\/pga\/wp-content\/uploads\/sites\/53\/2018\/07\/18-00066a_Ä¢¹½ÊÓÆµGA73_Logos-no-type-04.png","contentUrl":"https:\/\/www.un.org\/pga\/wp-content\/uploads\/sites\/53\/2018\/07\/18-00066a_Ä¢¹½ÊÓÆµGA73_Logos-no-type-04.png","width":529,"height":601,"caption":"General Assembly of the United Nations"},"image":{"@id":"https:\/\/www.un.org\/pga\/73\/#\/schema\/logo\/image\/"}},{"@type":"Person","@id":"https:\/\/www.un.org\/pga\/73\/#\/schema\/person\/af470bea9354ed1b453ade6d22b5c9ee","name":"Denise Kling","image":{"@type":"ImageObject","inLanguage":"en-US","@id":"https:\/\/secure.gravatar.com\/avatar\/b5fdae9d2ae28ca0f434202f2c9b6f29640a2b757fdbaa4592687900a399db3d?s=96&d=mm&r=g","url":"https:\/\/secure.gravatar.com\/avatar\/b5fdae9d2ae28ca0f434202f2c9b6f29640a2b757fdbaa4592687900a399db3d?s=96&d=mm&r=g","contentUrl":"https:\/\/secure.gravatar.com\/avatar\/b5fdae9d2ae28ca0f434202f2c9b6f29640a2b757fdbaa4592687900a399db3d?s=96&d=mm&r=g","caption":"Denise Kling"},"url":"https:\/\/www.un.org\/pga\/73\/author\/denise-klingun-org\/"}]}},"_links":{"self":[{"href":"https:\/\/www.un.org\/pga\/73\/wp-json\/wp\/v2\/posts\/170602","targetHints":{"allow":["GET"]}}],"collection":[{"href":"https:\/\/www.un.org\/pga\/73\/wp-json\/wp\/v2\/posts"}],"about":[{"href":"https:\/\/www.un.org\/pga\/73\/wp-json\/wp\/v2\/types\/post"}],"author":[{"embeddable":true,"href":"https:\/\/www.un.org\/pga\/73\/wp-json\/wp\/v2\/users\/266"}],"replies":[{"embeddable":true,"href":"https:\/\/www.un.org\/pga\/73\/wp-json\/wp\/v2\/comments?post=170602"}],"version-history":[{"count":0,"href":"https:\/\/www.un.org\/pga\/73\/wp-json\/wp\/v2\/posts\/170602\/revisions"}],"wp:featuredmedia":[{"embeddable":true,"href":"https:\/\/www.un.org\/pga\/73\/wp-json\/wp\/v2\/media\/170677"}],"wp:attachment":[{"href":"https:\/\/www.un.org\/pga\/73\/wp-json\/wp\/v2\/media?parent=170602"}],"wp:term":[{"taxonomy":"category","embeddable":true,"href":"https:\/\/www.un.org\/pga\/73\/wp-json\/wp\/v2\/categories?post=170602"},{"taxonomy":"post_tag","embeddable":true,"href":"https:\/\/www.un.org\/pga\/73\/wp-json\/wp\/v2\/tags?post=170602"}],"curies":[{"name":"wp","href":"https:\/\/api.w.org\/{rel}","templated":true}]}}