  {"id":173037,"date":"2018-12-10T05:14:12","date_gmt":"2018-12-10T10:14:12","guid":{"rendered":"https:\/\/www.un.org\/pga\/73\/?p=173037"},"modified":"2018-12-11T04:30:25","modified_gmt":"2018-12-11T09:30:25","slug":"conferencia-intergubernamental-para-la-adopcion-del-pacto-mundial-para-una-migracion-segura-y-regular","status":"publish","type":"post","link":"https:\/\/www.un.org\/pga\/73\/2018\/12\/10\/conferencia-intergubernamental-para-la-adopcion-del-pacto-mundial-para-una-migracion-segura-y-regular\/","title":{"rendered":"Intergovernmental Conference to adopt the Global Compact for a Safe, Orderly and Regular Migration"},"content":{"rendered":"<p>[et_pb_section bb_built=&#8221;1&#8243;][et_pb_row][et_pb_column type=&#8221;4_4&#8243;][et_pb_text _builder_version=&#8221;3.17.4&#8243; border_style=&#8221;solid&#8221; background_position=&#8221;top_left&#8221; background_repeat=&#8221;repeat&#8221; background_size=&#8221;initial&#8221;]<\/p>\n<p style=\"text-align: center\"><strong><em>&#8211; As Delivered-<\/em><\/strong><\/p>\n<h2 style=\"text-align: center\"><strong>STATEMENT BY H.E. MAR\u00cdA FERNANDA ESPINOSA, PRESIDENT OF THE 73RD GENERAL ASSEMBLY <\/strong><\/h2>\n<p style=\"text-align: center\"><strong>December 10, 2018<\/strong><\/p>\n<p><img loading=\"lazy\" decoding=\"async\" class=\"alignleft wp-image-173067 size-medium\" src=\"https:\/\/www.un.org\/pga\/73\/wp-content\/uploads\/sites\/53\/2018\/12\/Capture-1-300x188.png\" alt=\"\" width=\"300\" height=\"188\" srcset=\"https:\/\/www.un.org\/pga\/wp-content\/uploads\/sites\/53\/2018\/12\/Capture-1-300x188.png 300w, https:\/\/www.un.org\/pga\/wp-content\/uploads\/sites\/53\/2018\/12\/Capture-1-150x94.png 150w, https:\/\/www.un.org\/pga\/wp-content\/uploads\/sites\/53\/2018\/12\/Capture-1-768x482.png 768w, https:\/\/www.un.org\/pga\/wp-content\/uploads\/sites\/53\/2018\/12\/Capture-1-400x250.png 400w, https:\/\/www.un.org\/pga\/wp-content\/uploads\/sites\/53\/2018\/12\/Capture-1.png 1016w\" sizes=\"(max-width: 300px) 100vw, 300px\" \/><\/p>\n<p>Excellency Nasser Bourita, Foreign Affairs Minister of the Kingdom of Morocco, President of the Conference,<\/p>\n<p>Secretary General and Special Representative of the Secretary General,<\/p>\n<p>Heads of State and Government,<\/p>\n<p>Ladies and Gentlemen,<\/p>\n<p>I would like to begin by thanking the Kingdom and the People of Morocco for their generous hospitality as hosts of this Conference.<\/p>\n<p>Morocco, in the Berber language means \u201cthe Land of God.\u201d A \u201cLand of God\u201d that today witnesses a milestone in the history of the United Nations. This Conference is clear proof of the full validity of multilateralism, as the most efficient tool to face one of the most important challenges of today: international migration.<\/p>\n<p>Excellencies,<\/p>\n<p>Migration is part of the history of humanity. This phenomenon has always existed. There is no country or people in the world that has not been transformed by it.<\/p>\n<p>In recent years, we have witnessed great migratory movements that have caused thousands of deaths. Let us bear in mind that no one leaves their family, their land, their affections behind if they do not have a powerful reason to do so. That is why migrant persons are brave, creative, and enterprising but above all, they are human beings.<\/p>\n<p>Today is a historic moment: we are giving migration a human face and, by means of this Compact, we will establish an agreement and a commitment to cooperate, exchange and learn from each other on all of the dimensions of migration and the challenges faced by the countries of origin, transit and destination.<\/p>\n<p>[\/et_pb_text][et_pb_text _builder_version=&#8221;3.17.4&#8243;]<\/p>\n<p>Excellencies,<\/p>\n<p>This Compact is a guide, an instrument with a set of standards, a reference for our public policies in the subject of migration. The Compact is a global response to a reality that we can only face together, because international migration is, by its own nature, a global, cross-border phenomenon.<\/p>\n<p>Excellencies,<\/p>\n<p>Yesterday was the day to commemorate the international day against genocide. T<\/p>\n<p>he Compact that gathers us here today also represents a common vision to put an end to xenophobic and discriminatory discourses and concepts that can lead to tragic stories that we do not wish to repeat ever again.<\/p>\n<p>The Compact that we will adopt today is a flexible Instrument that can adapt to the needs, visions and priorities of each country. It stimulates joint work and cooperation at all levels: States, local governments, the United Nations system, civil society, the private sector and the communities of the Diaspora.<\/p>\n<p>Let there be no doubt: the Compact does not affect the sovereignty of any State.<\/p>\n<p>On the contrary, it reinforces it. No State, no matter how powerful, can solve -by itself- the challenges of migration. The good practices promoted by the Compact are -in fact- already being implemented in several places around the world.<\/p>\n<p>As an example, in my recent official visits to France and Canada, last November, I had the chance to see, first hand, wonderful examples of inclusion, reception and good practices. This shows us that we are not starting the implementation from scratch.<\/p>\n<p>[\/et_pb_text][\/et_pb_column][\/et_pb_row][et_pb_row][et_pb_column type=&#8221;4_4&#8243;][et_pb_text _builder_version=&#8221;3.17.4&#8243;]<\/p>\n<p>Excellencies,<\/p>\n<p>The negotiations have been long, exhausting and definitely hard. But they have been worthwhile. The efforts have brought us here.<\/p>\n<p>I wish to express my acknowledgement to all States for participating in the negotiations with an open mind and constructiveness. I would like to emphasize the great work, tenacity and diplomatic abilities of the Permanent Representatives of Mexico and Switzerland to the United Nations -Ambassadors Juan Jos\u00e9 G\u00f3mez Camacho and J\u00fcrg Lauber-, who facilitated the negotiations under the leadership of the former president of the General Assembly, Miroslav Laj\u010d\u00e1k, to whom I extend my gratitude.<\/p>\n<p>I also wish to acknowledge the profound commitment of the Secretary General and his Special Representative, Louise Harbor, who have followed this intergovernmental process.<\/p>\n<p>Excellencies,<\/p>\n<p>Today, seventy years ago, the international community was adopting the Universal Declaration of Human Rights, which acknowledges that all persons, without discrimination, are born free and equal in dignity and rights.<\/p>\n<p>Adopting the Global Compact is the best homage that we can pay to the 70<sup>th<\/sup> anniversary of the Universal Declaration.<\/p>\n<p>The fact that people leave their country of origin, cross one or several borders and settle in a country, whichever it might be, makes guaranteeing the fundamental rights of migrant persons even more necessary.<\/p>\n<p>Whether it is a mother from Mali that crosses the desert to get to Niger; a college student from India who studies at Canada; or a retired American who decides to live in Vilcabamba or in Cuenca del Ecuador: all, absolutely all are looking for better and greater opportunities; opening the doors of new worlds; enriching cultural diversity and contributing to development of both the communities that embrace them and the ones that they departed from.<\/p>\n<p>The Global Compact that we will adopt today put those persons at the center, addressing the root causes of migration.<\/p>\n<p>The Compact also gives us new opportunities to work effectively and jointly on one of the worst scourges of this century, which is trafficking in persons and smuggling of migrants. More than 70 percent of the victims are women and girls.<\/p>\n<p>Excellencies,<\/p>\n<p>To conclude, I would like to leave you a message: migration, the movement of persons across borders, countries and regions will continue to happen and will continue to transform us. Therefore, we must have a shared navigational chart. Cooperation, solidarity with responsibility is the very thing that this Compact offers us.<\/p>\n<p>Perhaps there is no other place in the world that is more appropriate than the African continent, specially the Kingdom of Morocco, to sign this Compact, which from this day forward, will be the Compact of Marrakesh.<\/p>\n<p>I say this because it was Africa where the first great expansion of humanity begun, the first great migration that populated the earth. Africa is our birthplace as a species. It is our birthplace and now it is also the destination that embraces us to go into a future that has enough space for all of us.<\/p>\n<p>Thank you.<\/p>\n<p>[\/et_pb_text][\/et_pb_column][\/et_pb_row][\/et_pb_section]<\/p>\n","protected":false},"excerpt":{"rendered":"<p>STATEMENT BY H.E. MAR\u00cdA FERNANDA ESPINOSA, PRESIDENT OF THE 73RD GENERAL ASSEMBLY<br \/>\nIntergovernmental Conference to adopt the Global Compact for a Safe, Orderly and Regular Migration<br \/>\nOpening &#8211; December 10, 2018<\/p>\n","protected":false},"author":266,"featured_media":173094,"comment_status":"closed","ping_status":"closed","sticky":false,"template":"","format":"standard","meta":{"_et_pb_use_builder":"on","_et_pb_old_content":"<p>[et_pb_section bb_built=\"1\"][et_pb_row][et_pb_column type=\"4_4\"][et_pb_text _builder_version=\"3.17.4\" border_style=\"solid\" background_position=\"top_left\" background_repeat=\"repeat\" background_size=\"initial\"]<\/p><p style=\"text-align: center;\"><strong><em>- Como Pronunciado -<\/em><\/strong><\/p><h3 style=\"text-align: center;\">INTERVENCI\u00d3N DE LA PRESIDENTA DEL 73 PERIODO DE SESIONES DE LA ASAMBLEA GENERAL, S.E. MARIA FERNANDA ESPINOSA<\/h3><h3 style=\"text-align: center;\">Conferencia Intergubernamental para la adopci\u00f3n del Pacto Mundial para una Migraci\u00f3n, Segura y Regular<\/h3><h3 style=\"text-align: center;\">\u00a0<\/h3><p><strong><span class=\"updated\">10 de diciembre 2018<\/span><\/strong><\/p><p><img class=\"alignleft wp-image-173067 size-medium\" src=\"https:\/\/www.un.org\/pga\/73\/wp-content\/uploads\/sites\/53\/2018\/12\/Capture-1-300x188.png\" alt=\"\" width=\"300\" height=\"188\" \/><\/p><p>Excelencia Nasser Bourita,<\/p><p>Ministro de Relaciones Exteriores del Reino de Marruecos,<\/p><p>Presidente de la Conferencia,<\/p><p>Se\u00f1or Secretario General y\u00a0Se\u00f1ora Representante Especial del Secretario General,<\/p><p>Jefes de Estado y Gobinerno<\/p><p>Se\u00f1oras y Se\u00f1ores,<\/p><p>Quiero iniciar agradeciendo al Reino y al Pueblo de Marruecos por su generosa hospitalidad, como anfitriones de esta Conferencia.<\/p><p>Marruecos, quiere decir en lengua Bereber, \u201cla Tierra De Dios\u201d.\u201cTierra De Dios\u201d que acoge hoy un hito en la historia de las Naciones Unidas. Esta Conferencia es una prueba clara de la plena vigencia del multilateralismo, como la herramienta m\u00e1s eficaz para enfrentar uno de los desaf\u00edos m\u00e1s importantes de la actualidad: la migraci\u00f3n internacional.<\/p><p>Excelencias,<\/p><p>La migraci\u00f3n es parte de la historia de la humanidad. Este fen\u00f3meno ha existido siempre. No hay pa\u00eds ni pueblo en el mundo que no haya sido transformado por ella.<\/p><p>En los \u00faltimos a\u00f1os, hemos sido testigos de grandes movimientos migratorios que han causado miles de muertes. Tengamos presente que, ninguna persona deja atr\u00e1s su familia, su tierra, sus afectos, si no tiene una raz\u00f3n poderosa para hacerlo. Por eso, las personas migrantes son valientes, son creativas, emprendedoras, pero sobretodo, son seres humanos.<\/p><p>Hoy es un momento hist\u00f3rico, porque le estamos poniendo un rostro humano a la migraci\u00f3n y porque estableceremos, con este Pacto, un acuerdo y un compromiso para cooperar, intercambiar, aprender unos de otros, sobre todas las dimensiones de la migraci\u00f3n y los retos que enfrentan los pa\u00edses de origen, tr\u00e1nsito y destino.<\/p><p>Excelencias,<\/p><p>El Pacto es una gu\u00eda. Es un instrumento con un conjunto de est\u00e1ndares. Es un referente para nuestras pol\u00edticas p\u00fablicas en materia migratoria. El pacto es una respuesta global a una realidad que s\u00f3lo podemos enfrentar juntos, porque la migraci\u00f3n internacional es por naturaleza un fen\u00f3meno transfronterizo y global.<\/p><p>Excelencias,<\/p><p>Ayer precisamente se conmemoraba el d\u00eda internacional contra el genocidio.<\/p><p>El Pacto que nos convoca, representa tambi\u00e9n una visi\u00f3n com\u00fan para poner freno a discursos y concepciones xen\u00f3fobas y discriminatorias que pueden derivar en historias tr\u00e1gicas que no deseamos vivir nunca m\u00e1s<strong>. <\/strong><\/p><p>El Pacto que adoptaremos hoy es un Instrumento flexible, que se puede adaptar a las necesidades, visiones y prioridades de cada pa\u00eds. Estimula el trabajo conjunto y la cooperaci\u00f3n en todos los niveles: los Estados, los gobiernos locales, el sistema de las Naciones Unidas, la sociedad civil, el sector privado y las comunidades de la di\u00e1spora.<\/p><p>Que no quede duda: el Pacto no afecta a la soberan\u00eda de ning\u00fan Estado. Por el contrario, la refuerza. Ning\u00fan Estado por m\u00e1s poderoso que sea, podr\u00e1 resolver -por s\u00ed solo- los retos que presenta la migraci\u00f3n.<\/p><p>Las buenas pr\u00e1cticas que promueve el Pacto \u2013 en realidad \u2013 ya se implementan en varios lugares del mundo. Por ejemplo, en mis recientes visitas oficiales a Francia y Canad\u00e1, en noviembre pasado, pude conocer de primera mano, ejemplos maravillosos de inclusi\u00f3n, de acogida, y de buenas pr\u00e1cticas. Esto nos muestra que para la implementaci\u00f3n no partimos de cero.<\/p><p>Excelencias,<\/p><p>Las negociaciones han sido largas, extenuantes y, sin duda, dif\u00edciles. Pero han valido la pena. Los esfuerzos nos han tra\u00eddo hasta aqu\u00ed.<\/p><p>Expreso mi reconocimiento a todos los Estados, por haber participado en las negociaciones con apertura y esp\u00edritu constructivo.\u00a0 Destaco el gran trabajo, la tenacidad y habilidad diplom\u00e1tica de los Representantes Permanentes de M\u00e9xico y Suiza ante las Naciones Unidas - Embajadores Juan Jos\u00e9 G\u00f3mez Camacho y J\u00fcrg Lauber-, quienes facilitaron\u00a0 las negociaciones, bajo el liderazgo del ex-Presidente de la Asamblea General, Miroslav Laj\u010d\u00e1k, a quien transmito nuestra gratitud.<\/p><p>Deseo reconocer aqu\u00ed tambi\u00e9n, el profundo compromiso del Secretario General y de su Representante Especial, Louise Harbor, que han acompa\u00f1ado este proceso intergubernamental.<\/p><p>Excelencias,<\/p><p>Hoy hace setenta a\u00f1os, la comunidad internacional adoptaba la Declaraci\u00f3n Universal de los Derechos Humanos, que reconoce, que todas las personas, sin discriminaci\u00f3n alguna, nacen libres e iguales en dignidad y en derechos.<\/p><p>La adopci\u00f3n del Pacto Mundial es el mejor homenaje que podemos brindar a los 70 a\u00f1os de la Declaraci\u00f3n Universal.<\/p><p>Dejar el pa\u00eds de origen, cruzar una o varias fronteras y asentarse en un pa\u00eds, el que sea, hace m\u00e1s necesaria a\u00fan la garant\u00eda de los derechos fundamentales de las personas migrantes.<\/p><p>As\u00ed se trate de una madre de Mali que cruza el desierto para llegar a N\u00edger; un universitario de la India que estudia en Canad\u00e1; o un estadounidense jubilado que decide vivir en Vilcabamba o en Cuenca del Ecuador: todos, absolutamente todos, est\u00e1n buscando mejores y mayores oportunidades; abriendo las puertas de mundos nuevos; enriqueciendo la diversidad cultural y contribuyendo al desarrollo, tanto de las comunidades que los acogen, como de aquellas que los vieron partir.<\/p><p>El Pacto Mundial que adoptaremos hoy, pone en el centro a esas personas, atendiendo las causas de fondo de la migraci\u00f3n.<\/p><p>El Pacto tambi\u00e9n nos abre oportunidades para trabajar de manera efectiva y coordinada sobre uno de los peores flagelos del siglo, que es la trata y el tr\u00e1fico de personas. M\u00e1s del 70 por ciento de las v\u00edctimas son mujeres y ni\u00f1as.<\/p><p>Excelencias,<\/p><p>Para concluir, quiero dejarles un mensaje: la migraci\u00f3n, el movimiento de las personas a trav\u00e9s de fronteras, de pa\u00edses y regiones, seguir\u00e1 sucediendo y nos seguir\u00e1 transformando. Por ello, es imprescindible que tengamos una carta de navegaci\u00f3n com\u00fan. Cooperaci\u00f3n, solidaridad con responsabilidad es justamente, lo que nos ofrece este Pacto.<\/p><p>Quiz\u00e1 no exista otro lugar en el mundo m\u00e1s apropiado que el continente Africano y especialmente el Reino de Marruecos para suscribir este Pacto, que desde hoy, ser\u00e1 el Pacto de Marrakech.<\/p><p>Lo digo porque justamente en Africa inici\u00f3 la primera gran expansi\u00f3n de la humanidad, la primera gran emigraci\u00f3n que pobl\u00f3 la tierra. Africa, es nuestro lugar de origen como especie. Es nuestro lugar de origen y ahora de destino que nos acoge para continuar un futuro que tenga espacio para todos.<\/p><p>Muchas gracias.<\/p><p><strong>\u00a0<\/strong><\/p><p><strong>\u00a0<\/strong><\/p><p>Muchas gracias.<\/p><p>[\/et_pb_text][\/et_pb_column][\/et_pb_row][\/et_pb_section]<\/p>","_et_gb_content_width":"","footnotes":"","_links_to":"","_links_to_target":""},"categories":[53],"tags":[],"class_list":["post-173037","post","type-post","status-publish","format-standard","has-post-thumbnail","hentry","category-speeches","et-has-post-format-content","et_post_format-et-post-format-standard"],"yoast_head":"<!-- This site is optimized with the Yoast SEO plugin v28.3 - https:\/\/yoast.com\/product\/yoast-seo-wordpress\/ -->\n<title>Intergovernmental Conference to adopt the Global Compact for a Safe, Orderly and Regular Migration - General Assembly of the United Nations<\/title>\n<meta name=\"robots\" content=\"index, follow, max-snippet:-1, max-image-preview:large, max-video-preview:-1\" \/>\n<link rel=\"canonical\" href=\"https:\/\/www.un.org\/pga\/73\/2018\/12\/10\/conferencia-intergubernamental-para-la-adopcion-del-pacto-mundial-para-una-migracion-segura-y-regular\/\" \/>\n<meta property=\"og:locale\" content=\"en_US\" \/>\n<meta property=\"og:type\" content=\"article\" \/>\n<meta property=\"og:title\" content=\"Intergovernmental Conference to adopt the Global Compact for a Safe, Orderly and Regular Migration - General Assembly of the United Nations\" \/>\n<meta property=\"og:description\" content=\"STATEMENT BY H.E. MAR\u00cdA FERNANDA ESPINOSA, PRESIDENT OF THE 73RD GENERAL ASSEMBLY  Intergovernmental Conference to adopt the Global Compact for a Safe, Orderly and Regular Migration  Opening - December 10, 2018\" \/>\n<meta property=\"og:url\" content=\"https:\/\/www.un.org\/pga\/73\/2018\/12\/10\/conferencia-intergubernamental-para-la-adopcion-del-pacto-mundial-para-una-migracion-segura-y-regular\/\" \/>\n<meta property=\"og:site_name\" content=\"General Assembly of the United Nations\" \/>\n<meta property=\"article:published_time\" content=\"2018-12-10T10:14:12+00:00\" \/>\n<meta property=\"article:modified_time\" content=\"2018-12-11T09:30:25+00:00\" \/>\n<meta property=\"og:image\" content=\"https:\/\/www.un.org\/pga\/wp-content\/uploads\/sites\/53\/2018\/12\/Capture-2.png\" \/>\n\t<meta property=\"og:image:width\" content=\"1016\" \/>\n\t<meta property=\"og:image:height\" content=\"638\" \/>\n\t<meta property=\"og:image:type\" content=\"image\/png\" \/>\n<meta name=\"author\" content=\"Denise Kling\" \/>\n<meta name=\"twitter:card\" content=\"summary_large_image\" \/>\n<meta name=\"twitter:label1\" content=\"Written by\" \/>\n\t<meta name=\"twitter:data1\" content=\"Denise Kling\" \/>\n\t<meta name=\"twitter:label2\" content=\"Est. reading time\" \/>\n\t<meta name=\"twitter:data2\" content=\"5 minutes\" \/>\n<script type=\"application\/ld+json\" class=\"yoast-schema-graph\">{\"@context\":\"https:\\\/\\\/schema.org\",\"@graph\":[{\"@type\":\"Article\",\"@id\":\"https:\\\/\\\/www.un.org\\\/pga\\\/73\\\/2018\\\/12\\\/10\\\/conferencia-intergubernamental-para-la-adopcion-del-pacto-mundial-para-una-migracion-segura-y-regular\\\/#article\",\"isPartOf\":{\"@id\":\"https:\\\/\\\/www.un.org\\\/pga\\\/73\\\/2018\\\/12\\\/10\\\/conferencia-intergubernamental-para-la-adopcion-del-pacto-mundial-para-una-migracion-segura-y-regular\\\/\"},\"author\":{\"name\":\"Denise Kling\",\"@id\":\"https:\\\/\\\/www.un.org\\\/pga\\\/73\\\/#\\\/schema\\\/person\\\/af470bea9354ed1b453ade6d22b5c9ee\"},\"headline\":\"Intergovernmental Conference to adopt the Global Compact for a Safe, Orderly and Regular Migration\",\"datePublished\":\"2018-12-10T10:14:12+00:00\",\"dateModified\":\"2018-12-11T09:30:25+00:00\",\"mainEntityOfPage\":{\"@id\":\"https:\\\/\\\/www.un.org\\\/pga\\\/73\\\/2018\\\/12\\\/10\\\/conferencia-intergubernamental-para-la-adopcion-del-pacto-mundial-para-una-migracion-segura-y-regular\\\/\"},\"wordCount\":1095,\"publisher\":{\"@id\":\"https:\\\/\\\/www.un.org\\\/pga\\\/73\\\/#organization\"},\"image\":{\"@id\":\"https:\\\/\\\/www.un.org\\\/pga\\\/73\\\/2018\\\/12\\\/10\\\/conferencia-intergubernamental-para-la-adopcion-del-pacto-mundial-para-una-migracion-segura-y-regular\\\/#primaryimage\"},\"thumbnailUrl\":\"https:\\\/\\\/www.un.org\\\/pga\\\/wp-content\\\/uploads\\\/sites\\\/53\\\/2018\\\/12\\\/Capture-2.png\",\"articleSection\":[\"Speeches\"],\"inLanguage\":\"en-US\"},{\"@type\":\"WebPage\",\"@id\":\"https:\\\/\\\/www.un.org\\\/pga\\\/73\\\/2018\\\/12\\\/10\\\/conferencia-intergubernamental-para-la-adopcion-del-pacto-mundial-para-una-migracion-segura-y-regular\\\/\",\"url\":\"https:\\\/\\\/www.un.org\\\/pga\\\/73\\\/2018\\\/12\\\/10\\\/conferencia-intergubernamental-para-la-adopcion-del-pacto-mundial-para-una-migracion-segura-y-regular\\\/\",\"name\":\"Intergovernmental Conference to adopt the Global Compact for a Safe, Orderly and Regular Migration - General Assembly of the United Nations\",\"isPartOf\":{\"@id\":\"https:\\\/\\\/www.un.org\\\/pga\\\/73\\\/#website\"},\"primaryImageOfPage\":{\"@id\":\"https:\\\/\\\/www.un.org\\\/pga\\\/73\\\/2018\\\/12\\\/10\\\/conferencia-intergubernamental-para-la-adopcion-del-pacto-mundial-para-una-migracion-segura-y-regular\\\/#primaryimage\"},\"image\":{\"@id\":\"https:\\\/\\\/www.un.org\\\/pga\\\/73\\\/2018\\\/12\\\/10\\\/conferencia-intergubernamental-para-la-adopcion-del-pacto-mundial-para-una-migracion-segura-y-regular\\\/#primaryimage\"},\"thumbnailUrl\":\"https:\\\/\\\/www.un.org\\\/pga\\\/wp-content\\\/uploads\\\/sites\\\/53\\\/2018\\\/12\\\/Capture-2.png\",\"datePublished\":\"2018-12-10T10:14:12+00:00\",\"dateModified\":\"2018-12-11T09:30:25+00:00\",\"breadcrumb\":{\"@id\":\"https:\\\/\\\/www.un.org\\\/pga\\\/73\\\/2018\\\/12\\\/10\\\/conferencia-intergubernamental-para-la-adopcion-del-pacto-mundial-para-una-migracion-segura-y-regular\\\/#breadcrumb\"},\"inLanguage\":\"en-US\",\"potentialAction\":[{\"@type\":\"ReadAction\",\"target\":[\"https:\\\/\\\/www.un.org\\\/pga\\\/73\\\/2018\\\/12\\\/10\\\/conferencia-intergubernamental-para-la-adopcion-del-pacto-mundial-para-una-migracion-segura-y-regular\\\/\"]}]},{\"@type\":\"ImageObject\",\"inLanguage\":\"en-US\",\"@id\":\"https:\\\/\\\/www.un.org\\\/pga\\\/73\\\/2018\\\/12\\\/10\\\/conferencia-intergubernamental-para-la-adopcion-del-pacto-mundial-para-una-migracion-segura-y-regular\\\/#primaryimage\",\"url\":\"https:\\\/\\\/www.un.org\\\/pga\\\/wp-content\\\/uploads\\\/sites\\\/53\\\/2018\\\/12\\\/Capture-2.png\",\"contentUrl\":\"https:\\\/\\\/www.un.org\\\/pga\\\/wp-content\\\/uploads\\\/sites\\\/53\\\/2018\\\/12\\\/Capture-2.png\",\"width\":1016,\"height\":638},{\"@type\":\"BreadcrumbList\",\"@id\":\"https:\\\/\\\/www.un.org\\\/pga\\\/73\\\/2018\\\/12\\\/10\\\/conferencia-intergubernamental-para-la-adopcion-del-pacto-mundial-para-una-migracion-segura-y-regular\\\/#breadcrumb\",\"itemListElement\":[{\"@type\":\"ListItem\",\"position\":1,\"name\":\"Home\",\"item\":\"https:\\\/\\\/www.un.org\\\/pga\\\/73\\\/\"},{\"@type\":\"ListItem\",\"position\":2,\"name\":\"Intergovernmental Conference to adopt the Global Compact for a Safe, Orderly and Regular Migration\"}]},{\"@type\":\"WebSite\",\"@id\":\"https:\\\/\\\/www.un.org\\\/pga\\\/73\\\/#website\",\"url\":\"https:\\\/\\\/www.un.org\\\/pga\\\/73\\\/\",\"name\":\"General Assembly of the United Nations\",\"description\":\"President of the 73rd session\",\"publisher\":{\"@id\":\"https:\\\/\\\/www.un.org\\\/pga\\\/73\\\/#organization\"},\"potentialAction\":[{\"@type\":\"SearchAction\",\"target\":{\"@type\":\"EntryPoint\",\"urlTemplate\":\"https:\\\/\\\/www.un.org\\\/pga\\\/73\\\/?s={search_term_string}\"},\"query-input\":{\"@type\":\"PropertyValueSpecification\",\"valueRequired\":true,\"valueName\":\"search_term_string\"}}],\"inLanguage\":\"en-US\"},{\"@type\":\"Organization\",\"@id\":\"https:\\\/\\\/www.un.org\\\/pga\\\/73\\\/#organization\",\"name\":\"General Assembly of the United Nations\",\"url\":\"https:\\\/\\\/www.un.org\\\/pga\\\/73\\\/\",\"logo\":{\"@type\":\"ImageObject\",\"inLanguage\":\"en-US\",\"@id\":\"https:\\\/\\\/www.un.org\\\/pga\\\/73\\\/#\\\/schema\\\/logo\\\/image\\\/\",\"url\":\"https:\\\/\\\/www.un.org\\\/pga\\\/wp-content\\\/uploads\\\/sites\\\/53\\\/2018\\\/07\\\/18-00066a_Ä¢¹½ÊÓÆµGA73_Logos-no-type-04.png\",\"contentUrl\":\"https:\\\/\\\/www.un.org\\\/pga\\\/wp-content\\\/uploads\\\/sites\\\/53\\\/2018\\\/07\\\/18-00066a_Ä¢¹½ÊÓÆµGA73_Logos-no-type-04.png\",\"width\":529,\"height\":601,\"caption\":\"General Assembly of the United Nations\"},\"image\":{\"@id\":\"https:\\\/\\\/www.un.org\\\/pga\\\/73\\\/#\\\/schema\\\/logo\\\/image\\\/\"}},{\"@type\":\"Person\",\"@id\":\"https:\\\/\\\/www.un.org\\\/pga\\\/73\\\/#\\\/schema\\\/person\\\/af470bea9354ed1b453ade6d22b5c9ee\",\"name\":\"Denise Kling\",\"image\":{\"@type\":\"ImageObject\",\"inLanguage\":\"en-US\",\"@id\":\"https:\\\/\\\/secure.gravatar.com\\\/avatar\\\/b5fdae9d2ae28ca0f434202f2c9b6f29640a2b757fdbaa4592687900a399db3d?s=96&d=mm&r=g\",\"url\":\"https:\\\/\\\/secure.gravatar.com\\\/avatar\\\/b5fdae9d2ae28ca0f434202f2c9b6f29640a2b757fdbaa4592687900a399db3d?s=96&d=mm&r=g\",\"contentUrl\":\"https:\\\/\\\/secure.gravatar.com\\\/avatar\\\/b5fdae9d2ae28ca0f434202f2c9b6f29640a2b757fdbaa4592687900a399db3d?s=96&d=mm&r=g\",\"caption\":\"Denise Kling\"},\"url\":\"https:\\\/\\\/www.un.org\\\/pga\\\/73\\\/author\\\/denise-klingun-org\\\/\"}]}<\/script>\n<!-- \/ Yoast SEO plugin. -->","yoast_head_json":{"title":"Intergovernmental Conference to adopt the Global Compact for a Safe, Orderly and Regular Migration - General Assembly of the United Nations","robots":{"index":"index","follow":"follow","max-snippet":"max-snippet:-1","max-image-preview":"max-image-preview:large","max-video-preview":"max-video-preview:-1"},"canonical":"https:\/\/www.un.org\/pga\/73\/2018\/12\/10\/conferencia-intergubernamental-para-la-adopcion-del-pacto-mundial-para-una-migracion-segura-y-regular\/","og_locale":"en_US","og_type":"article","og_title":"Intergovernmental Conference to adopt the Global Compact for a Safe, Orderly and Regular Migration - General Assembly of the United Nations","og_description":"STATEMENT BY H.E. MAR\u00cdA FERNANDA ESPINOSA, PRESIDENT OF THE 73RD GENERAL ASSEMBLY  Intergovernmental Conference to adopt the Global Compact for a Safe, Orderly and Regular Migration  Opening - December 10, 2018","og_url":"https:\/\/www.un.org\/pga\/73\/2018\/12\/10\/conferencia-intergubernamental-para-la-adopcion-del-pacto-mundial-para-una-migracion-segura-y-regular\/","og_site_name":"General Assembly of the United Nations","article_published_time":"2018-12-10T10:14:12+00:00","article_modified_time":"2018-12-11T09:30:25+00:00","og_image":[{"width":1016,"height":638,"url":"https:\/\/www.un.org\/pga\/wp-content\/uploads\/sites\/53\/2018\/12\/Capture-2.png","type":"image\/png"}],"author":"Denise Kling","twitter_card":"summary_large_image","twitter_misc":{"Written by":"Denise Kling","Est. reading time":"5 minutes"},"schema":{"@context":"https:\/\/schema.org","@graph":[{"@type":"Article","@id":"https:\/\/www.un.org\/pga\/73\/2018\/12\/10\/conferencia-intergubernamental-para-la-adopcion-del-pacto-mundial-para-una-migracion-segura-y-regular\/#article","isPartOf":{"@id":"https:\/\/www.un.org\/pga\/73\/2018\/12\/10\/conferencia-intergubernamental-para-la-adopcion-del-pacto-mundial-para-una-migracion-segura-y-regular\/"},"author":{"name":"Denise Kling","@id":"https:\/\/www.un.org\/pga\/73\/#\/schema\/person\/af470bea9354ed1b453ade6d22b5c9ee"},"headline":"Intergovernmental Conference to adopt the Global Compact for a Safe, Orderly and Regular Migration","datePublished":"2018-12-10T10:14:12+00:00","dateModified":"2018-12-11T09:30:25+00:00","mainEntityOfPage":{"@id":"https:\/\/www.un.org\/pga\/73\/2018\/12\/10\/conferencia-intergubernamental-para-la-adopcion-del-pacto-mundial-para-una-migracion-segura-y-regular\/"},"wordCount":1095,"publisher":{"@id":"https:\/\/www.un.org\/pga\/73\/#organization"},"image":{"@id":"https:\/\/www.un.org\/pga\/73\/2018\/12\/10\/conferencia-intergubernamental-para-la-adopcion-del-pacto-mundial-para-una-migracion-segura-y-regular\/#primaryimage"},"thumbnailUrl":"https:\/\/www.un.org\/pga\/wp-content\/uploads\/sites\/53\/2018\/12\/Capture-2.png","articleSection":["Speeches"],"inLanguage":"en-US"},{"@type":"WebPage","@id":"https:\/\/www.un.org\/pga\/73\/2018\/12\/10\/conferencia-intergubernamental-para-la-adopcion-del-pacto-mundial-para-una-migracion-segura-y-regular\/","url":"https:\/\/www.un.org\/pga\/73\/2018\/12\/10\/conferencia-intergubernamental-para-la-adopcion-del-pacto-mundial-para-una-migracion-segura-y-regular\/","name":"Intergovernmental Conference to adopt the Global Compact for a Safe, Orderly and Regular Migration - General Assembly of the United Nations","isPartOf":{"@id":"https:\/\/www.un.org\/pga\/73\/#website"},"primaryImageOfPage":{"@id":"https:\/\/www.un.org\/pga\/73\/2018\/12\/10\/conferencia-intergubernamental-para-la-adopcion-del-pacto-mundial-para-una-migracion-segura-y-regular\/#primaryimage"},"image":{"@id":"https:\/\/www.un.org\/pga\/73\/2018\/12\/10\/conferencia-intergubernamental-para-la-adopcion-del-pacto-mundial-para-una-migracion-segura-y-regular\/#primaryimage"},"thumbnailUrl":"https:\/\/www.un.org\/pga\/wp-content\/uploads\/sites\/53\/2018\/12\/Capture-2.png","datePublished":"2018-12-10T10:14:12+00:00","dateModified":"2018-12-11T09:30:25+00:00","breadcrumb":{"@id":"https:\/\/www.un.org\/pga\/73\/2018\/12\/10\/conferencia-intergubernamental-para-la-adopcion-del-pacto-mundial-para-una-migracion-segura-y-regular\/#breadcrumb"},"inLanguage":"en-US","potentialAction":[{"@type":"ReadAction","target":["https:\/\/www.un.org\/pga\/73\/2018\/12\/10\/conferencia-intergubernamental-para-la-adopcion-del-pacto-mundial-para-una-migracion-segura-y-regular\/"]}]},{"@type":"ImageObject","inLanguage":"en-US","@id":"https:\/\/www.un.org\/pga\/73\/2018\/12\/10\/conferencia-intergubernamental-para-la-adopcion-del-pacto-mundial-para-una-migracion-segura-y-regular\/#primaryimage","url":"https:\/\/www.un.org\/pga\/wp-content\/uploads\/sites\/53\/2018\/12\/Capture-2.png","contentUrl":"https:\/\/www.un.org\/pga\/wp-content\/uploads\/sites\/53\/2018\/12\/Capture-2.png","width":1016,"height":638},{"@type":"BreadcrumbList","@id":"https:\/\/www.un.org\/pga\/73\/2018\/12\/10\/conferencia-intergubernamental-para-la-adopcion-del-pacto-mundial-para-una-migracion-segura-y-regular\/#breadcrumb","itemListElement":[{"@type":"ListItem","position":1,"name":"Home","item":"https:\/\/www.un.org\/pga\/73\/"},{"@type":"ListItem","position":2,"name":"Intergovernmental Conference to adopt the Global Compact for a Safe, Orderly and Regular Migration"}]},{"@type":"WebSite","@id":"https:\/\/www.un.org\/pga\/73\/#website","url":"https:\/\/www.un.org\/pga\/73\/","name":"General Assembly of the United Nations","description":"President of the 73rd session","publisher":{"@id":"https:\/\/www.un.org\/pga\/73\/#organization"},"potentialAction":[{"@type":"SearchAction","target":{"@type":"EntryPoint","urlTemplate":"https:\/\/www.un.org\/pga\/73\/?s={search_term_string}"},"query-input":{"@type":"PropertyValueSpecification","valueRequired":true,"valueName":"search_term_string"}}],"inLanguage":"en-US"},{"@type":"Organization","@id":"https:\/\/www.un.org\/pga\/73\/#organization","name":"General Assembly of the United Nations","url":"https:\/\/www.un.org\/pga\/73\/","logo":{"@type":"ImageObject","inLanguage":"en-US","@id":"https:\/\/www.un.org\/pga\/73\/#\/schema\/logo\/image\/","url":"https:\/\/www.un.org\/pga\/wp-content\/uploads\/sites\/53\/2018\/07\/18-00066a_Ä¢¹½ÊÓÆµGA73_Logos-no-type-04.png","contentUrl":"https:\/\/www.un.org\/pga\/wp-content\/uploads\/sites\/53\/2018\/07\/18-00066a_Ä¢¹½ÊÓÆµGA73_Logos-no-type-04.png","width":529,"height":601,"caption":"General Assembly of the United Nations"},"image":{"@id":"https:\/\/www.un.org\/pga\/73\/#\/schema\/logo\/image\/"}},{"@type":"Person","@id":"https:\/\/www.un.org\/pga\/73\/#\/schema\/person\/af470bea9354ed1b453ade6d22b5c9ee","name":"Denise Kling","image":{"@type":"ImageObject","inLanguage":"en-US","@id":"https:\/\/secure.gravatar.com\/avatar\/b5fdae9d2ae28ca0f434202f2c9b6f29640a2b757fdbaa4592687900a399db3d?s=96&d=mm&r=g","url":"https:\/\/secure.gravatar.com\/avatar\/b5fdae9d2ae28ca0f434202f2c9b6f29640a2b757fdbaa4592687900a399db3d?s=96&d=mm&r=g","contentUrl":"https:\/\/secure.gravatar.com\/avatar\/b5fdae9d2ae28ca0f434202f2c9b6f29640a2b757fdbaa4592687900a399db3d?s=96&d=mm&r=g","caption":"Denise Kling"},"url":"https:\/\/www.un.org\/pga\/73\/author\/denise-klingun-org\/"}]}},"_links":{"self":[{"href":"https:\/\/www.un.org\/pga\/73\/wp-json\/wp\/v2\/posts\/173037","targetHints":{"allow":["GET"]}}],"collection":[{"href":"https:\/\/www.un.org\/pga\/73\/wp-json\/wp\/v2\/posts"}],"about":[{"href":"https:\/\/www.un.org\/pga\/73\/wp-json\/wp\/v2\/types\/post"}],"author":[{"embeddable":true,"href":"https:\/\/www.un.org\/pga\/73\/wp-json\/wp\/v2\/users\/266"}],"replies":[{"embeddable":true,"href":"https:\/\/www.un.org\/pga\/73\/wp-json\/wp\/v2\/comments?post=173037"}],"version-history":[{"count":0,"href":"https:\/\/www.un.org\/pga\/73\/wp-json\/wp\/v2\/posts\/173037\/revisions"}],"wp:featuredmedia":[{"embeddable":true,"href":"https:\/\/www.un.org\/pga\/73\/wp-json\/wp\/v2\/media\/173094"}],"wp:attachment":[{"href":"https:\/\/www.un.org\/pga\/73\/wp-json\/wp\/v2\/media?parent=173037"}],"wp:term":[{"taxonomy":"category","embeddable":true,"href":"https:\/\/www.un.org\/pga\/73\/wp-json\/wp\/v2\/categories?post=173037"},{"taxonomy":"post_tag","embeddable":true,"href":"https:\/\/www.un.org\/pga\/73\/wp-json\/wp\/v2\/tags?post=173037"}],"curies":[{"name":"wp","href":"https:\/\/api.w.org\/{rel}","templated":true}]}}