  {"id":174899,"date":"2018-10-08T12:47:01","date_gmt":"2018-10-08T16:47:01","guid":{"rendered":"https:\/\/www.un.org\/pga\/73\/?p=174899"},"modified":"2019-01-09T16:38:34","modified_gmt":"2019-01-09T21:38:34","slug":"op-ed-7-prioridades-para-la-asamblea-general-de-las-naciones-unidas","status":"publish","type":"post","link":"https:\/\/www.un.org\/pga\/73\/2018\/10\/08\/op-ed-7-prioridades-para-la-asamblea-general-de-las-naciones-unidas\/","title":{"rendered":"Op-Ed: 7 prioridades para la Asamblea General de las Naciones Unidas"},"content":{"rendered":"<p>[et_pb_section bb_built=&#8221;1&#8243; specialty=&#8221;on&#8221; _builder_version=&#8221;3.17.4&#8243; module_class=&#8221;category-op-ed&#8221;][et_pb_column type=&#8221;3_4&#8243; specialty_columns=&#8221;3&#8243;][et_pb_row_inner admin_label=&#8221;Row&#8221;][et_pb_column_inner type=&#8221;4_4&#8243; saved_specialty_column_type=&#8221;3_4&#8243;][et_pb_text admin_label=&#8221;subtitle (italics)&#8221; _builder_version=&#8221;3.17.4&#8243; module_id=&#8221;leadin&#8221; text_font=&#8221;|700|on||||||&#8221; text_font_size=&#8221;17px&#8221;]<\/p>\n<p><strong><em>Cuando fui elegida presidenta de la Asamblea General de las Naciones Unidas, promet\u00ed hacer que la ONU tuviera m\u00e1s relevancia y fuera m\u00e1s accesible para todos. No puedo pretender ni un segundo que esto ser\u00e1 una tarea f\u00e1cil.<\/em><\/strong><\/p>\n<p>[\/et_pb_text][et_pb_text admin_label=&#8221;Body Text&#8221; _builder_version=&#8221;3.17.4&#8243; module_class=&#8221;oped_body&#8221;]<\/p>\n<p><strong>DATE: <\/strong>8 octubre, 2018<br \/>\n<em><a href=\"https:\/\/cnnespanol.cnn.com\/2018\/10\/08\/7-prioridades-para-la-asamblea-general-de-las-naciones-unidas\/\">Originally Published by CNN Espa\u00f1ol<\/a><\/em><\/p>\n<p><strong>By\u00a0Mar\u00eda Fernanda Espinosa Garc\u00e9s, President of the 73rd Session of the United Nations General Assembly<\/strong><\/p>\n<p>Cuando fui elegida presidenta de la Asamblea General de las Naciones Unidas, promet\u00ed hacer que la ONU tuviera m\u00e1s relevancia y fuera m\u00e1s accesible para todos. No puedo pretender ni un segundo que esto ser\u00e1 una tarea f\u00e1cil.<\/p>\n<p><span id=\"more-575617\"><\/span>Sin embargo, es muy importante que nos dirijamos en especial a la gente joven; no podr\u00eda ser m\u00e1s clara nuestra misi\u00f3n. Tenemos que informarles sobre lo que hace la ONU; tenemos que involucrarlos y escuchar las ideas y las soluciones que tengan, porque nadie tiene el monopolio de la sabidur\u00eda. Cuando la gente se identifica con los compromisos que sus l\u00edderes han hecho en los foros multilaterales, queda asegurado el apoyo pol\u00edtico para la implementaci\u00f3n.<\/p>\n<p>La magnitud de la tarea se hizo m\u00e1s clara durante mi primera entrevista como presidenta, que fue retransmitida por televisi\u00f3n. En ella, uno de los temas principales no era el cambio clim\u00e1tico, sino c\u00f3mo los atascos de tr\u00e1fico causados por la Asamblea General en Manhattan iban a trastornar la vida de los neoyorquinos. Aparte de los embotellamientos de tr\u00e1fico, antes de que la Asamblea General pase a ser solo un recuerdo, quisiera reflexionar sobre lo que hemos conseguido y mirar brevemente hacia el futuro con los retos que tenemos.<\/p>\n<p>Me gusta referirme a la Asamblea General como el &#8220;Parlamento del\u00a0mundo&#8221;. Este a\u00f1o, 77 jefes de estado y 44 jefes de gobierno acudieron a la Asamblea General de las Naciones Unidas. Cada uno de los 193 estados miembros, adem\u00e1s de tres estados con estatus de observadores, tomaron la palabra. Yo me reun\u00ed personalmente con l\u00edderes de 50 pa\u00edses, entre las cuales hab\u00eda siete mujeres jefes de Estado y de Gobierno.<\/p>\n<p>Esto quiz\u00e1s no sea\u00a0noticia\u00a0de primera plana, pero una de las cosas que m\u00e1s me ha llamado la atenci\u00f3n de estas reuniones con los l\u00edderes mundiales fue el amplio temario de las conversaciones: cambio clim\u00e1tico, resoluci\u00f3n de conflictos, cumplir con las metas del desarrollo sustentable y la importancia crucial del multilateralismo.<\/p>\n<p>Utilizar\u00e9 cada oportunidad que tenga para apoyar los acuerdos internacionales para los cuales hemos trabajado y se han hecho realidad gracias a la cooperaci\u00f3n de todos los estados miembros. Hubo un inmenso inter\u00e9s a nivel mundial en los medios por la Asamblea General. Muestra de ello es que aprobamos unas 3.300 acreditaciones para la prensa.<\/p>\n<p>Puesto que una de mis siete prioridades es la igualdad de g\u00e9nero, tuve el gusto de reunirme con mujeres que son l\u00edderes mundiales, as\u00ed como con algunas de las 44 embajadoras de estados miembros en las Naciones Unidas.<\/p>\n<p>Para m\u00ed, el momento m\u00e1s destacado de la semana pasada fue la cumbre Mandela de la Paz, que marc\u00f3 el centenario del natalicio del hijo m\u00e1s querido de Sud\u00e1frica, Nelson Mandela. Personalmente, me conmovi\u00f3 tambi\u00e9n la ceremonia en la que conmemoramos el reciente fallecimiento del exsecretario general, Kofi Annan. Personalmente le rindo homenaje por su trabajo en favor de la paz y del desarrollo.<\/p>\n<p>Estuve en una reuni\u00f3n de alto nivel para la firma y ratificaci\u00f3n del tratado sobre la Prohibici\u00f3n de Armas Nucleares (TPAN). Siete pa\u00edses (Antigua y Barbuda, Ben\u00edn, Myanmar, Brunei, Guinea-Bissau, Timor Oriental y las Seychelles) lo firmaron, mientras otros cuatro (San Marino, Vanuatu, Samoa, Gambia) lo ratificaron. Fue un gran momento para el multilateralismo y el desarme.<\/p>\n<p>Tambi\u00e9n aprobamos dos declaraciones finales muy importantes que buscan mejorar las opciones de salud para millones de personas; una es sobre los esfuerzos para acabar con la tuberculosis, una dolencia prevenible y tratable que hoy d\u00eda todav\u00eda se cobra la vida de 1,6 millones de personas cada a\u00f1o. La segunda declaraci\u00f3n que se adopt\u00f3 fue sobre c\u00f3mo derrotar a las enfermedades no contagiosas, tales como el c\u00e1ncer y la diabetes. Es alentador saber que el 70% de las\u00a0muertes\u00a0que ocurren hoy en d\u00eda se deben a este tipo de enfermedades. Tenemos que implementar todos los pasos necesarios para que estas muertes evitables sean cosa del pasado.<\/p>\n<p>Tambi\u00e9n particip\u00e9 en otros eventos en los que anticipamos y planeamos para lo que llamamos &#8220;Camino a Marrakech&#8221;, una conferencia internacional en Marruecos para el mes de diciembre donde el acuerdo mundial para una migraci\u00f3n segura, ordenada y uniforme ser\u00e1 adoptado. Plasmar un nuevo acuerdo mundial sobre los\u00a0migrantes\u00a0y refugiados es una de mis m\u00e1ximas prioridades.<\/p>\n<p>Tambi\u00e9n tuve el privilegio de asistir a una reuni\u00f3n sobre el desarrollo econ\u00f3mico y las migraciones en\u00a0\u00c1frica. Tom\u00e9 la palabra en otros eventos tales como el del G-77 de los pa\u00edses en desarrollo, el de ASEAN, las reuniones de los pa\u00edses de menor desarrollo, el CARICOMO (la comunidad caribe\u00f1a), de los pa\u00edses de ingreso medio y el de los pa\u00edses en desarrollo sin salida al mar, o los LLDC, como se suelen llamar.<\/p>\n<p>Un momento muy emocionante fue el del evento con los j\u00f3venes sobre c\u00f3mo podemos atenderlos mejor, en el marco de la agenda 2030 de estrategia para la juventud. Incluso tuve la oportunidad de salir del edificio para acudir a la Cumbre Mundial de los Pueblos y el Festival de los Ciudadanos del Mundo. Fueron eventos muy importantes y alentadores, y excelentes plataformas para millones de j\u00f3venes.<\/p>\n<p>De ahora en adelante, mis siete prioridades, las cuales se decidieron tras consultas con los estados miembros, ser\u00e1n el motor de nuestra agenda.<\/p>\n<p>De hecho, los discursos dados durante el debate general fueron de mucho apoyo.<\/p>\n<p>Estas prioridades son: igualdad de g\u00e9nero, migraci\u00f3n y refugiados, empleos decentes, personas discapacitadas, iniciativas para el\u00a0medio ambiente, la juventud, la paz y la seguridad y la revitalizaci\u00f3n de las Naciones Unidas. Muchas de estas iniciativas se solapan y pretendemos implementarlas con campa\u00f1as y medidas concretas, como por ejemplo una campa\u00f1a de participaci\u00f3n mundial que busca cambiar la tendencia de la contaminaci\u00f3n por los pl\u00e1sticos, incluyendo los 8 millones de toneladas de pl\u00e1sticos que acaban en los oc\u00e9anos cada a\u00f1o. El \u00e9xito en cada una de estas prioridades depender\u00e1 no s\u00f3lo del apoyo de los l\u00edderes mundiales sino tambi\u00e9n de la sociedad civil y de todas las personas.<\/p>\n<p>[\/et_pb_text][\/et_pb_column_inner][\/et_pb_row_inner][\/et_pb_column][et_pb_column type=&#8221;1_4&#8243;][et_pb_text _builder_version=&#8221;3.17.4&#8243;]<\/p>\n<h3 class=\"et_pb_module_header\">Related Posts<\/h3>\n<p>[\/et_pb_text][et_pb_blog admin_label=&#8221;Recent Op Eds Listing&#8221; _builder_version=&#8221;3.17.4&#8243; posts_number=&#8221;4&#8243; show_thumbnail=&#8221;off&#8221; show_author=&#8221;off&#8221; show_categories=&#8221;off&#8221; show_pagination=&#8221;off&#8221; include_categories=&#8221;401&#8243; show_more=&#8221;on&#8221; \/][et_pb_social_media_follow _builder_version=&#8221;3.17.4&#8243; url_new_window=&#8221;off&#8221; follow_button=&#8221;on&#8221;][et_pb_social_media_follow_network _builder_version=&#8221;3.17.4&#8243; social_network=&#8221;twitter&#8221; skype_action=&#8221;call&#8221; url=&#8221;https:\/\/twitter.com\/Ä¢¹½ÊÓÆµ_PGA&#8221; background_color=&#8221;#00aced&#8221; use_background_color_gradient=&#8221;off&#8221; background_color_gradient_start=&#8221;#2b87da&#8221; background_color_gradient_end=&#8221;#29c4a9&#8243; background_color_gradient_type=&#8221;linear&#8221; background_color_gradient_direction=&#8221;180deg&#8221; background_color_gradient_direction_radial=&#8221;center&#8221; background_color_gradient_start_position=&#8221;0%&#8221; background_color_gradient_end_position=&#8221;100%&#8221; background_color_gradient_overlays_image=&#8221;off&#8221; parallax=&#8221;off&#8221; parallax_method=&#8221;on&#8221; background_size=&#8221;cover&#8221; background_position=&#8221;center&#8221; background_repeat=&#8221;no-repeat&#8221; background_blend=&#8221;normal&#8221; allow_player_pause=&#8221;off&#8221; background_video_pause_outside_viewport=&#8221;on&#8221; box_shadow_style=&#8221;none&#8221; hover_transition_duration=&#8221;300ms&#8221; hover_transition_delay=&#8221;0ms&#8221; hover_transition_speed_curve=&#8221;ease&#8221;]<\/p>\n<p>Twitter<\/p>\n<p>[\/et_pb_social_media_follow_network][et_pb_social_media_follow_network _builder_version=&#8221;3.17.4&#8243; social_network=&#8221;instagram&#8221; skype_action=&#8221;call&#8221; url=&#8221;https:\/\/www.instagram.com\/unpga\/&#8221; background_color=&#8221;#ea2c59&#8243; use_background_color_gradient=&#8221;off&#8221; background_color_gradient_start=&#8221;#2b87da&#8221; background_color_gradient_end=&#8221;#29c4a9&#8243; background_color_gradient_type=&#8221;linear&#8221; background_color_gradient_direction=&#8221;180deg&#8221; background_color_gradient_direction_radial=&#8221;center&#8221; background_color_gradient_start_position=&#8221;0%&#8221; background_color_gradient_end_position=&#8221;100%&#8221; background_color_gradient_overlays_image=&#8221;off&#8221; parallax=&#8221;off&#8221; parallax_method=&#8221;on&#8221; background_size=&#8221;cover&#8221; background_position=&#8221;center&#8221; background_repeat=&#8221;no-repeat&#8221; background_blend=&#8221;normal&#8221; allow_player_pause=&#8221;off&#8221; background_video_pause_outside_viewport=&#8221;on&#8221; box_shadow_style=&#8221;none&#8221; hover_transition_duration=&#8221;300ms&#8221; hover_transition_delay=&#8221;0ms&#8221; hover_transition_speed_curve=&#8221;ease&#8221;]<\/p>\n<p>Instagram<\/p>\n<p>[\/et_pb_social_media_follow_network][et_pb_social_media_follow_network _builder_version=&#8221;3.17.4&#8243; social_network=&#8221;youtube&#8221; skype_action=&#8221;call&#8221; url=&#8221;https:\/\/www.instagram.com\/unpga\/&#8221; background_color=&#8221;#a82400&#8243; use_background_color_gradient=&#8221;off&#8221; background_color_gradient_start=&#8221;#2b87da&#8221; background_color_gradient_end=&#8221;#29c4a9&#8243; background_color_gradient_type=&#8221;linear&#8221; background_color_gradient_direction=&#8221;180deg&#8221; background_color_gradient_direction_radial=&#8221;center&#8221; background_color_gradient_start_position=&#8221;0%&#8221; background_color_gradient_end_position=&#8221;100%&#8221; background_color_gradient_overlays_image=&#8221;off&#8221; parallax=&#8221;off&#8221; parallax_method=&#8221;on&#8221; background_size=&#8221;cover&#8221; background_position=&#8221;center&#8221; background_repeat=&#8221;no-repeat&#8221; background_blend=&#8221;normal&#8221; allow_player_pause=&#8221;off&#8221; background_video_pause_outside_viewport=&#8221;on&#8221; box_shadow_style=&#8221;none&#8221; hover_transition_duration=&#8221;300ms&#8221; hover_transition_delay=&#8221;0ms&#8221; hover_transition_speed_curve=&#8221;ease&#8221;]<\/p>\n<p>Youtube<\/p>\n<p>[\/et_pb_social_media_follow_network][et_pb_social_media_follow_network _builder_version=&#8221;3.17.4&#8243; social_network=&#8221;flikr&#8221; skype_action=&#8221;call&#8221; url=&#8221;https:\/\/www.flickr.com\/photos\/pga73\/&#8221; background_color=&#8221;#ff0084&#8243; use_background_color_gradient=&#8221;off&#8221; background_color_gradient_start=&#8221;#2b87da&#8221; background_color_gradient_end=&#8221;#29c4a9&#8243; background_color_gradient_type=&#8221;linear&#8221; background_color_gradient_direction=&#8221;180deg&#8221; background_color_gradient_direction_radial=&#8221;center&#8221; background_color_gradient_start_position=&#8221;0%&#8221; background_color_gradient_end_position=&#8221;100%&#8221; background_color_gradient_overlays_image=&#8221;off&#8221; parallax=&#8221;off&#8221; parallax_method=&#8221;on&#8221; background_size=&#8221;cover&#8221; background_position=&#8221;center&#8221; background_repeat=&#8221;no-repeat&#8221; background_blend=&#8221;normal&#8221; allow_player_pause=&#8221;off&#8221; background_video_pause_outside_viewport=&#8221;on&#8221; box_shadow_style=&#8221;none&#8221; hover_transition_duration=&#8221;300ms&#8221; hover_transition_delay=&#8221;0ms&#8221; hover_transition_speed_curve=&#8221;ease&#8221;]<\/p>\n<p>Flickr<\/p>\n<p>[\/et_pb_social_media_follow_network][\/et_pb_social_media_follow][\/et_pb_column][\/et_pb_section]<\/p>\n","protected":false},"excerpt":{"rendered":"<p>Cuando fui elegida presidenta de la Asamblea General de las Naciones Unidas, promet\u00ed hacer que la ONU tuviera m\u00e1s relevancia y fuera m\u00e1s accesible para todos. No puedo pretender ni [&hellip;]<\/p>\n","protected":false},"author":266,"featured_media":174917,"comment_status":"closed","ping_status":"closed","sticky":false,"template":"","format":"standard","meta":{"_et_pb_use_builder":"on","_et_pb_old_content":"[et_pb_section bb_built=\"1\" specialty=\"on\" _builder_version=\"3.17.4\" module_class=\"category-op-ed\"][et_pb_column type=\"3_4\" specialty_columns=\"3\"][et_pb_row_inner admin_label=\"Row\"][et_pb_column_inner type=\"4_4\" saved_specialty_column_type=\"3_4\"][et_pb_text admin_label=\"subtitle (italics)\" _builder_version=\"3.17.4\" module_id=\"leadin\" text_font=\"|700|on||||||\" text_font_size=\"17px\"]\r\n\r\n<strong><em>Cuando fui elegida presidenta de la Asamblea General de las Naciones Unidas, promet\u00ed hacer que la ONU tuviera m\u00e1s relevancia y fuera m\u00e1s accesible para todos. No puedo pretender ni un segundo que esto ser\u00e1 una tarea f\u00e1cil.<\/em><\/strong>\r\n\r\n[\/et_pb_text][et_pb_text admin_label=\"Body Text\" _builder_version=\"3.17.4\" module_class=\"oped_body\"]\r\n\r\n<strong>DATE: <\/strong>8 octubre, 2018\r\n<em><a href=\"https:\/\/cnnespanol.cnn.com\/2018\/10\/08\/7-prioridades-para-la-asamblea-general-de-las-naciones-unidas\/\">Originally Published by CNN Espa\u00f1ol<\/a><\/em>\r\n\r\n<strong>By\u00a0Mar\u00eda Fernanda Espinosa Garc\u00e9s, President of the 73rd Session of the United Nations General Assembly<\/strong>\r\n\r\nCuando fui elegida presidenta de la Asamblea General de las Naciones Unidas, promet\u00ed hacer que la ONU tuviera m\u00e1s relevancia y fuera m\u00e1s accesible para todos. No puedo pretender ni un segundo que esto ser\u00e1 una tarea f\u00e1cil.\r\n\r\n<span id=\"more-575617\"><\/span>Sin embargo, es muy importante que nos dirijamos en especial a la gente joven; no podr\u00eda ser m\u00e1s clara nuestra misi\u00f3n. Tenemos que informarles sobre lo que hace la ONU; tenemos que involucrarlos y escuchar las ideas y las soluciones que tengan, porque nadie tiene el monopolio de la sabidur\u00eda. Cuando la gente se identifica con los compromisos que sus l\u00edderes han hecho en los foros multilaterales, queda asegurado el apoyo pol\u00edtico para la implementaci\u00f3n.\r\n\r\nLa magnitud de la tarea se hizo m\u00e1s clara durante mi primera entrevista como presidenta, que fue retransmitida por televisi\u00f3n. En ella, uno de los temas principales no era el cambio clim\u00e1tico, sino c\u00f3mo los atascos de tr\u00e1fico causados por la Asamblea General en Manhattan iban a trastornar la vida de los neoyorquinos. Aparte de los embotellamientos de tr\u00e1fico, antes de que la Asamblea General pase a ser solo un recuerdo, quisiera reflexionar sobre lo que hemos conseguido y mirar brevemente hacia el futuro con los retos que tenemos.\r\n\r\nMe gusta referirme a la Asamblea General como el \"Parlamento del\u00a0mundo\". Este a\u00f1o, 77 jefes de estado y 44 jefes de gobierno acudieron a la Asamblea General de las Naciones Unidas. Cada uno de los 193 estados miembros, adem\u00e1s de tres estados con estatus de observadores, tomaron la palabra. Yo me reun\u00ed personalmente con l\u00edderes de 50 pa\u00edses, entre las cuales hab\u00eda siete mujeres jefes de Estado y de Gobierno.\r\n\r\nEsto quiz\u00e1s no sea\u00a0noticia\u00a0de primera plana, pero una de las cosas que m\u00e1s me ha llamado la atenci\u00f3n de estas reuniones con los l\u00edderes mundiales fue el amplio temario de las conversaciones: cambio clim\u00e1tico, resoluci\u00f3n de conflictos, cumplir con las metas del desarrollo sustentable y la importancia crucial del multilateralismo.\r\n\r\nUtilizar\u00e9 cada oportunidad que tenga para apoyar los acuerdos internacionales para los cuales hemos trabajado y se han hecho realidad gracias a la cooperaci\u00f3n de todos los estados miembros. Hubo un inmenso inter\u00e9s a nivel mundial en los medios por la Asamblea General. Muestra de ello es que aprobamos unas 3.300 acreditaciones para la prensa.\r\n\r\nPuesto que una de mis siete prioridades es la igualdad de g\u00e9nero, tuve el gusto de reunirme con mujeres que son l\u00edderes mundiales, as\u00ed como con algunas de las 44 embajadoras de estados miembros en las Naciones Unidas.\r\n\r\nPara m\u00ed, el momento m\u00e1s destacado de la semana pasada fue la cumbre Mandela de la Paz, que marc\u00f3 el centenario del natalicio del hijo m\u00e1s querido de Sud\u00e1frica, Nelson Mandela. Personalmente, me conmovi\u00f3 tambi\u00e9n la ceremonia en la que conmemoramos el reciente fallecimiento del exsecretario general, Kofi Annan. Personalmente le rindo homenaje por su trabajo en favor de la paz y del desarrollo.\r\n\r\nEstuve en una reuni\u00f3n de alto nivel para la firma y ratificaci\u00f3n del tratado sobre la Prohibici\u00f3n de Armas Nucleares (TPAN). Siete pa\u00edses (Antigua y Barbuda, Ben\u00edn, Myanmar, Brunei, Guinea-Bissau, Timor Oriental y las Seychelles) lo firmaron, mientras otros cuatro (San Marino, Vanuatu, Samoa, Gambia) lo ratificaron. Fue un gran momento para el multilateralismo y el desarme.\r\n\r\nTambi\u00e9n aprobamos dos declaraciones finales muy importantes que buscan mejorar las opciones de salud para millones de personas; una es sobre los esfuerzos para acabar con la tuberculosis, una dolencia prevenible y tratable que hoy d\u00eda todav\u00eda se cobra la vida de 1,6 millones de personas cada a\u00f1o. La segunda declaraci\u00f3n que se adopt\u00f3 fue sobre c\u00f3mo derrotar a las enfermedades no contagiosas, tales como el c\u00e1ncer y la diabetes. Es alentador saber que el 70% de las\u00a0muertes\u00a0que ocurren hoy en d\u00eda se deben a este tipo de enfermedades. Tenemos que implementar todos los pasos necesarios para que estas muertes evitables sean cosa del pasado.\r\n\r\nTambi\u00e9n particip\u00e9 en otros eventos en los que anticipamos y planeamos para lo que llamamos \"Camino a Marrakech\", una conferencia internacional en Marruecos para el mes de diciembre donde el acuerdo mundial para una migraci\u00f3n segura, ordenada y uniforme ser\u00e1 adoptado. Plasmar un nuevo acuerdo mundial sobre los\u00a0migrantes\u00a0y refugiados es una de mis m\u00e1ximas prioridades.\r\n\r\nTambi\u00e9n tuve el privilegio de asistir a una reuni\u00f3n sobre el desarrollo econ\u00f3mico y las migraciones en\u00a0\u00c1frica. Tom\u00e9 la palabra en otros eventos tales como el del G-77 de los pa\u00edses en desarrollo, el de ASEAN, las reuniones de los pa\u00edses de menor desarrollo, el CARICOMO (la comunidad caribe\u00f1a), de los pa\u00edses de ingreso medio y el de los pa\u00edses en desarrollo sin salida al mar, o los LLDC, como se suelen llamar.\r\n\r\nUn momento muy emocionante fue el del evento con los j\u00f3venes sobre c\u00f3mo podemos atenderlos mejor, en el marco de la agenda 2030 de estrategia para la juventud. Incluso tuve la oportunidad de salir del edificio para acudir a la Cumbre Mundial de los Pueblos y el Festival de los Ciudadanos del Mundo. Fueron eventos muy importantes y alentadores, y excelentes plataformas para millones de j\u00f3venes.\r\n\r\nDe ahora en adelante, mis siete prioridades, las cuales se decidieron tras consultas con los estados miembros, ser\u00e1n el motor de nuestra agenda.\r\n\r\nDe hecho, los discursos dados durante el debate general fueron de mucho apoyo.\r\n\r\nEstas prioridades son: igualdad de g\u00e9nero, migraci\u00f3n y refugiados, empleos decentes, personas discapacitadas, iniciativas para el\u00a0medio ambiente, la juventud, la paz y la seguridad y la revitalizaci\u00f3n de las Naciones Unidas. Muchas de estas iniciativas se solapan y pretendemos implementarlas con campa\u00f1as y medidas concretas, como por ejemplo una campa\u00f1a de participaci\u00f3n mundial que busca cambiar la tendencia de la contaminaci\u00f3n por los pl\u00e1sticos, incluyendo los 8 millones de toneladas de pl\u00e1sticos que acaban en los oc\u00e9anos cada a\u00f1o. El \u00e9xito en cada una de estas prioridades depender\u00e1 no s\u00f3lo del apoyo de los l\u00edderes mundiales sino tambi\u00e9n de la sociedad civil y de todas las personas.\r\n\r\n[\/et_pb_text][\/et_pb_column_inner][\/et_pb_row_inner][\/et_pb_column][et_pb_column type=\"1_4\"][et_pb_blog admin_label=\"Recent Op Eds Listing\" _builder_version=\"3.17.4\" posts_number=\"8\" show_thumbnail=\"off\" show_author=\"off\" show_categories=\"off\" show_pagination=\"off\" \/][et_pb_social_media_follow _builder_version=\"3.17.4\" url_new_window=\"off\" follow_button=\"on\"][et_pb_social_media_follow_network _builder_version=\"3.17.4\" social_network=\"twitter\" skype_action=\"call\" url=\"https:\/\/twitter.com\/Ä¢¹½ÊÓÆµ_PGA\" background_color=\"#00aced\" use_background_color_gradient=\"off\" background_color_gradient_start=\"#2b87da\" background_color_gradient_end=\"#29c4a9\" background_color_gradient_type=\"linear\" background_color_gradient_direction=\"180deg\" background_color_gradient_direction_radial=\"center\" background_color_gradient_start_position=\"0%\" background_color_gradient_end_position=\"100%\" background_color_gradient_overlays_image=\"off\" parallax=\"off\" parallax_method=\"on\" background_size=\"cover\" background_position=\"center\" background_repeat=\"no-repeat\" background_blend=\"normal\" allow_player_pause=\"off\" background_video_pause_outside_viewport=\"on\" box_shadow_style=\"none\" hover_transition_duration=\"300ms\" hover_transition_delay=\"0ms\" hover_transition_speed_curve=\"ease\"]\r\n\r\nTwitter\r\n\r\n[\/et_pb_social_media_follow_network][et_pb_social_media_follow_network _builder_version=\"3.17.4\" social_network=\"instagram\" skype_action=\"call\" url=\"https:\/\/www.instagram.com\/unpga\/\" background_color=\"#ea2c59\" use_background_color_gradient=\"off\" background_color_gradient_start=\"#2b87da\" background_color_gradient_end=\"#29c4a9\" background_color_gradient_type=\"linear\" background_color_gradient_direction=\"180deg\" background_color_gradient_direction_radial=\"center\" background_color_gradient_start_position=\"0%\" background_color_gradient_end_position=\"100%\" background_color_gradient_overlays_image=\"off\" parallax=\"off\" parallax_method=\"on\" background_size=\"cover\" background_position=\"center\" background_repeat=\"no-repeat\" background_blend=\"normal\" allow_player_pause=\"off\" background_video_pause_outside_viewport=\"on\" box_shadow_style=\"none\" hover_transition_duration=\"300ms\" hover_transition_delay=\"0ms\" hover_transition_speed_curve=\"ease\"]\r\n\r\nInstagram\r\n\r\n[\/et_pb_social_media_follow_network][et_pb_social_media_follow_network _builder_version=\"3.17.4\" social_network=\"youtube\" skype_action=\"call\" url=\"https:\/\/www.instagram.com\/unpga\/\" background_color=\"#a82400\" use_background_color_gradient=\"off\" background_color_gradient_start=\"#2b87da\" background_color_gradient_end=\"#29c4a9\" background_color_gradient_type=\"linear\" background_color_gradient_direction=\"180deg\" background_color_gradient_direction_radial=\"center\" background_color_gradient_start_position=\"0%\" background_color_gradient_end_position=\"100%\" background_color_gradient_overlays_image=\"off\" parallax=\"off\" parallax_method=\"on\" background_size=\"cover\" background_position=\"center\" background_repeat=\"no-repeat\" background_blend=\"normal\" allow_player_pause=\"off\" background_video_pause_outside_viewport=\"on\" box_shadow_style=\"none\" hover_transition_duration=\"300ms\" hover_transition_delay=\"0ms\" hover_transition_speed_curve=\"ease\"]\r\n\r\nYoutube\r\n\r\n[\/et_pb_social_media_follow_network][et_pb_social_media_follow_network _builder_version=\"3.17.4\" social_network=\"flikr\" skype_action=\"call\" url=\"https:\/\/www.flickr.com\/photos\/pga73\/\" background_color=\"#ff0084\" use_background_color_gradient=\"off\" background_color_gradient_start=\"#2b87da\" background_color_gradient_end=\"#29c4a9\" background_color_gradient_type=\"linear\" background_color_gradient_direction=\"180deg\" background_color_gradient_direction_radial=\"center\" background_color_gradient_start_position=\"0%\" background_color_gradient_end_position=\"100%\" background_color_gradient_overlays_image=\"off\" parallax=\"off\" parallax_method=\"on\" background_size=\"cover\" background_position=\"center\" background_repeat=\"no-repeat\" background_blend=\"normal\" allow_player_pause=\"off\" background_video_pause_outside_viewport=\"on\" box_shadow_style=\"none\" hover_transition_duration=\"300ms\" hover_transition_delay=\"0ms\" hover_transition_speed_curve=\"ease\"]\r\n\r\nFlickr\r\n\r\n[\/et_pb_social_media_follow_network][\/et_pb_social_media_follow][\/et_pb_column][\/et_pb_section]","_et_gb_content_width":"","footnotes":"","_links_to":"","_links_to_target":""},"categories":[401],"tags":[],"class_list":["post-174899","post","type-post","status-publish","format-standard","has-post-thumbnail","hentry","category-op-ed","et-has-post-format-content","et_post_format-et-post-format-standard"],"yoast_head":"<!-- This site is optimized with the Yoast SEO plugin v28.3 - https:\/\/yoast.com\/product\/yoast-seo-wordpress\/ -->\n<title>Op-Ed: 7 prioridades para la Asamblea General de las Naciones Unidas - General Assembly of the United Nations<\/title>\n<meta name=\"robots\" content=\"index, follow, max-snippet:-1, max-image-preview:large, max-video-preview:-1\" \/>\n<link rel=\"canonical\" href=\"https:\/\/www.un.org\/pga\/73\/2018\/10\/08\/op-ed-7-prioridades-para-la-asamblea-general-de-las-naciones-unidas\/\" \/>\n<meta property=\"og:locale\" content=\"en_US\" \/>\n<meta property=\"og:type\" content=\"article\" \/>\n<meta property=\"og:title\" content=\"Op-Ed: 7 prioridades para la Asamblea General de las Naciones Unidas - General Assembly of the United Nations\" \/>\n<meta property=\"og:description\" content=\"Cuando fui elegida presidenta de la Asamblea General de las Naciones Unidas, promet\u00ed hacer que la ONU tuviera m\u00e1s relevancia y fuera m\u00e1s accesible para todos. No puedo pretender ni [&hellip;]\" \/>\n<meta property=\"og:url\" content=\"https:\/\/www.un.org\/pga\/73\/2018\/10\/08\/op-ed-7-prioridades-para-la-asamblea-general-de-las-naciones-unidas\/\" \/>\n<meta property=\"og:site_name\" content=\"General Assembly of the United Nations\" \/>\n<meta property=\"article:published_time\" content=\"2018-10-08T16:47:01+00:00\" \/>\n<meta property=\"article:modified_time\" content=\"2019-01-09T21:38:34+00:00\" \/>\n<meta property=\"og:image\" content=\"https:\/\/www.un.org\/pga\/wp-content\/uploads\/sites\/53\/2018\/10\/CNN-Espanol-Op-Ed.png\" \/>\n\t<meta property=\"og:image:width\" content=\"812\" \/>\n\t<meta property=\"og:image:height\" content=\"577\" \/>\n\t<meta property=\"og:image:type\" content=\"image\/png\" \/>\n<meta name=\"author\" content=\"Denise Kling\" \/>\n<meta name=\"twitter:card\" content=\"summary_large_image\" \/>\n<meta name=\"twitter:label1\" content=\"Written by\" \/>\n\t<meta name=\"twitter:data1\" content=\"Denise Kling\" \/>\n\t<meta name=\"twitter:label2\" content=\"Est. reading time\" \/>\n\t<meta name=\"twitter:data2\" content=\"9 minutes\" \/>\n<script type=\"application\/ld+json\" class=\"yoast-schema-graph\">{\"@context\":\"https:\\\/\\\/schema.org\",\"@graph\":[{\"@type\":\"Article\",\"@id\":\"https:\\\/\\\/www.un.org\\\/pga\\\/73\\\/2018\\\/10\\\/08\\\/op-ed-7-prioridades-para-la-asamblea-general-de-las-naciones-unidas\\\/#article\",\"isPartOf\":{\"@id\":\"https:\\\/\\\/www.un.org\\\/pga\\\/73\\\/2018\\\/10\\\/08\\\/op-ed-7-prioridades-para-la-asamblea-general-de-las-naciones-unidas\\\/\"},\"author\":{\"name\":\"Denise Kling\",\"@id\":\"https:\\\/\\\/www.un.org\\\/pga\\\/73\\\/#\\\/schema\\\/person\\\/af470bea9354ed1b453ade6d22b5c9ee\"},\"headline\":\"Op-Ed: 7 prioridades para la Asamblea General de las Naciones Unidas\",\"datePublished\":\"2018-10-08T16:47:01+00:00\",\"dateModified\":\"2019-01-09T21:38:34+00:00\",\"mainEntityOfPage\":{\"@id\":\"https:\\\/\\\/www.un.org\\\/pga\\\/73\\\/2018\\\/10\\\/08\\\/op-ed-7-prioridades-para-la-asamblea-general-de-las-naciones-unidas\\\/\"},\"wordCount\":1777,\"publisher\":{\"@id\":\"https:\\\/\\\/www.un.org\\\/pga\\\/73\\\/#organization\"},\"image\":{\"@id\":\"https:\\\/\\\/www.un.org\\\/pga\\\/73\\\/2018\\\/10\\\/08\\\/op-ed-7-prioridades-para-la-asamblea-general-de-las-naciones-unidas\\\/#primaryimage\"},\"thumbnailUrl\":\"https:\\\/\\\/www.un.org\\\/pga\\\/wp-content\\\/uploads\\\/sites\\\/53\\\/2018\\\/10\\\/CNN-Espanol-Op-Ed.png\",\"articleSection\":[\"Op-ed\"],\"inLanguage\":\"en-US\"},{\"@type\":\"WebPage\",\"@id\":\"https:\\\/\\\/www.un.org\\\/pga\\\/73\\\/2018\\\/10\\\/08\\\/op-ed-7-prioridades-para-la-asamblea-general-de-las-naciones-unidas\\\/\",\"url\":\"https:\\\/\\\/www.un.org\\\/pga\\\/73\\\/2018\\\/10\\\/08\\\/op-ed-7-prioridades-para-la-asamblea-general-de-las-naciones-unidas\\\/\",\"name\":\"Op-Ed: 7 prioridades para la Asamblea General de las Naciones Unidas - General Assembly of the United Nations\",\"isPartOf\":{\"@id\":\"https:\\\/\\\/www.un.org\\\/pga\\\/73\\\/#website\"},\"primaryImageOfPage\":{\"@id\":\"https:\\\/\\\/www.un.org\\\/pga\\\/73\\\/2018\\\/10\\\/08\\\/op-ed-7-prioridades-para-la-asamblea-general-de-las-naciones-unidas\\\/#primaryimage\"},\"image\":{\"@id\":\"https:\\\/\\\/www.un.org\\\/pga\\\/73\\\/2018\\\/10\\\/08\\\/op-ed-7-prioridades-para-la-asamblea-general-de-las-naciones-unidas\\\/#primaryimage\"},\"thumbnailUrl\":\"https:\\\/\\\/www.un.org\\\/pga\\\/wp-content\\\/uploads\\\/sites\\\/53\\\/2018\\\/10\\\/CNN-Espanol-Op-Ed.png\",\"datePublished\":\"2018-10-08T16:47:01+00:00\",\"dateModified\":\"2019-01-09T21:38:34+00:00\",\"breadcrumb\":{\"@id\":\"https:\\\/\\\/www.un.org\\\/pga\\\/73\\\/2018\\\/10\\\/08\\\/op-ed-7-prioridades-para-la-asamblea-general-de-las-naciones-unidas\\\/#breadcrumb\"},\"inLanguage\":\"en-US\",\"potentialAction\":[{\"@type\":\"ReadAction\",\"target\":[\"https:\\\/\\\/www.un.org\\\/pga\\\/73\\\/2018\\\/10\\\/08\\\/op-ed-7-prioridades-para-la-asamblea-general-de-las-naciones-unidas\\\/\"]}]},{\"@type\":\"ImageObject\",\"inLanguage\":\"en-US\",\"@id\":\"https:\\\/\\\/www.un.org\\\/pga\\\/73\\\/2018\\\/10\\\/08\\\/op-ed-7-prioridades-para-la-asamblea-general-de-las-naciones-unidas\\\/#primaryimage\",\"url\":\"https:\\\/\\\/www.un.org\\\/pga\\\/wp-content\\\/uploads\\\/sites\\\/53\\\/2018\\\/10\\\/CNN-Espanol-Op-Ed.png\",\"contentUrl\":\"https:\\\/\\\/www.un.org\\\/pga\\\/wp-content\\\/uploads\\\/sites\\\/53\\\/2018\\\/10\\\/CNN-Espanol-Op-Ed.png\",\"width\":812,\"height\":577},{\"@type\":\"BreadcrumbList\",\"@id\":\"https:\\\/\\\/www.un.org\\\/pga\\\/73\\\/2018\\\/10\\\/08\\\/op-ed-7-prioridades-para-la-asamblea-general-de-las-naciones-unidas\\\/#breadcrumb\",\"itemListElement\":[{\"@type\":\"ListItem\",\"position\":1,\"name\":\"Home\",\"item\":\"https:\\\/\\\/www.un.org\\\/pga\\\/73\\\/\"},{\"@type\":\"ListItem\",\"position\":2,\"name\":\"Op-Ed: 7 prioridades para la Asamblea General de las Naciones Unidas\"}]},{\"@type\":\"WebSite\",\"@id\":\"https:\\\/\\\/www.un.org\\\/pga\\\/73\\\/#website\",\"url\":\"https:\\\/\\\/www.un.org\\\/pga\\\/73\\\/\",\"name\":\"General Assembly of the United Nations\",\"description\":\"President of the 73rd session\",\"publisher\":{\"@id\":\"https:\\\/\\\/www.un.org\\\/pga\\\/73\\\/#organization\"},\"potentialAction\":[{\"@type\":\"SearchAction\",\"target\":{\"@type\":\"EntryPoint\",\"urlTemplate\":\"https:\\\/\\\/www.un.org\\\/pga\\\/73\\\/?s={search_term_string}\"},\"query-input\":{\"@type\":\"PropertyValueSpecification\",\"valueRequired\":true,\"valueName\":\"search_term_string\"}}],\"inLanguage\":\"en-US\"},{\"@type\":\"Organization\",\"@id\":\"https:\\\/\\\/www.un.org\\\/pga\\\/73\\\/#organization\",\"name\":\"General Assembly of the United Nations\",\"url\":\"https:\\\/\\\/www.un.org\\\/pga\\\/73\\\/\",\"logo\":{\"@type\":\"ImageObject\",\"inLanguage\":\"en-US\",\"@id\":\"https:\\\/\\\/www.un.org\\\/pga\\\/73\\\/#\\\/schema\\\/logo\\\/image\\\/\",\"url\":\"https:\\\/\\\/www.un.org\\\/pga\\\/wp-content\\\/uploads\\\/sites\\\/53\\\/2018\\\/07\\\/18-00066a_Ä¢¹½ÊÓÆµGA73_Logos-no-type-04.png\",\"contentUrl\":\"https:\\\/\\\/www.un.org\\\/pga\\\/wp-content\\\/uploads\\\/sites\\\/53\\\/2018\\\/07\\\/18-00066a_Ä¢¹½ÊÓÆµGA73_Logos-no-type-04.png\",\"width\":529,\"height\":601,\"caption\":\"General Assembly of the United Nations\"},\"image\":{\"@id\":\"https:\\\/\\\/www.un.org\\\/pga\\\/73\\\/#\\\/schema\\\/logo\\\/image\\\/\"}},{\"@type\":\"Person\",\"@id\":\"https:\\\/\\\/www.un.org\\\/pga\\\/73\\\/#\\\/schema\\\/person\\\/af470bea9354ed1b453ade6d22b5c9ee\",\"name\":\"Denise Kling\",\"image\":{\"@type\":\"ImageObject\",\"inLanguage\":\"en-US\",\"@id\":\"https:\\\/\\\/secure.gravatar.com\\\/avatar\\\/b5fdae9d2ae28ca0f434202f2c9b6f29640a2b757fdbaa4592687900a399db3d?s=96&d=mm&r=g\",\"url\":\"https:\\\/\\\/secure.gravatar.com\\\/avatar\\\/b5fdae9d2ae28ca0f434202f2c9b6f29640a2b757fdbaa4592687900a399db3d?s=96&d=mm&r=g\",\"contentUrl\":\"https:\\\/\\\/secure.gravatar.com\\\/avatar\\\/b5fdae9d2ae28ca0f434202f2c9b6f29640a2b757fdbaa4592687900a399db3d?s=96&d=mm&r=g\",\"caption\":\"Denise Kling\"},\"url\":\"https:\\\/\\\/www.un.org\\\/pga\\\/73\\\/author\\\/denise-klingun-org\\\/\"}]}<\/script>\n<!-- \/ Yoast SEO plugin. -->","yoast_head_json":{"title":"Op-Ed: 7 prioridades para la Asamblea General de las Naciones Unidas - General Assembly of the United Nations","robots":{"index":"index","follow":"follow","max-snippet":"max-snippet:-1","max-image-preview":"max-image-preview:large","max-video-preview":"max-video-preview:-1"},"canonical":"https:\/\/www.un.org\/pga\/73\/2018\/10\/08\/op-ed-7-prioridades-para-la-asamblea-general-de-las-naciones-unidas\/","og_locale":"en_US","og_type":"article","og_title":"Op-Ed: 7 prioridades para la Asamblea General de las Naciones Unidas - General Assembly of the United Nations","og_description":"Cuando fui elegida presidenta de la Asamblea General de las Naciones Unidas, promet\u00ed hacer que la ONU tuviera m\u00e1s relevancia y fuera m\u00e1s accesible para todos. No puedo pretender ni [&hellip;]","og_url":"https:\/\/www.un.org\/pga\/73\/2018\/10\/08\/op-ed-7-prioridades-para-la-asamblea-general-de-las-naciones-unidas\/","og_site_name":"General Assembly of the United Nations","article_published_time":"2018-10-08T16:47:01+00:00","article_modified_time":"2019-01-09T21:38:34+00:00","og_image":[{"width":812,"height":577,"url":"https:\/\/www.un.org\/pga\/wp-content\/uploads\/sites\/53\/2018\/10\/CNN-Espanol-Op-Ed.png","type":"image\/png"}],"author":"Denise Kling","twitter_card":"summary_large_image","twitter_misc":{"Written by":"Denise Kling","Est. reading time":"9 minutes"},"schema":{"@context":"https:\/\/schema.org","@graph":[{"@type":"Article","@id":"https:\/\/www.un.org\/pga\/73\/2018\/10\/08\/op-ed-7-prioridades-para-la-asamblea-general-de-las-naciones-unidas\/#article","isPartOf":{"@id":"https:\/\/www.un.org\/pga\/73\/2018\/10\/08\/op-ed-7-prioridades-para-la-asamblea-general-de-las-naciones-unidas\/"},"author":{"name":"Denise Kling","@id":"https:\/\/www.un.org\/pga\/73\/#\/schema\/person\/af470bea9354ed1b453ade6d22b5c9ee"},"headline":"Op-Ed: 7 prioridades para la Asamblea General de las Naciones Unidas","datePublished":"2018-10-08T16:47:01+00:00","dateModified":"2019-01-09T21:38:34+00:00","mainEntityOfPage":{"@id":"https:\/\/www.un.org\/pga\/73\/2018\/10\/08\/op-ed-7-prioridades-para-la-asamblea-general-de-las-naciones-unidas\/"},"wordCount":1777,"publisher":{"@id":"https:\/\/www.un.org\/pga\/73\/#organization"},"image":{"@id":"https:\/\/www.un.org\/pga\/73\/2018\/10\/08\/op-ed-7-prioridades-para-la-asamblea-general-de-las-naciones-unidas\/#primaryimage"},"thumbnailUrl":"https:\/\/www.un.org\/pga\/wp-content\/uploads\/sites\/53\/2018\/10\/CNN-Espanol-Op-Ed.png","articleSection":["Op-ed"],"inLanguage":"en-US"},{"@type":"WebPage","@id":"https:\/\/www.un.org\/pga\/73\/2018\/10\/08\/op-ed-7-prioridades-para-la-asamblea-general-de-las-naciones-unidas\/","url":"https:\/\/www.un.org\/pga\/73\/2018\/10\/08\/op-ed-7-prioridades-para-la-asamblea-general-de-las-naciones-unidas\/","name":"Op-Ed: 7 prioridades para la Asamblea General de las Naciones Unidas - General Assembly of the United Nations","isPartOf":{"@id":"https:\/\/www.un.org\/pga\/73\/#website"},"primaryImageOfPage":{"@id":"https:\/\/www.un.org\/pga\/73\/2018\/10\/08\/op-ed-7-prioridades-para-la-asamblea-general-de-las-naciones-unidas\/#primaryimage"},"image":{"@id":"https:\/\/www.un.org\/pga\/73\/2018\/10\/08\/op-ed-7-prioridades-para-la-asamblea-general-de-las-naciones-unidas\/#primaryimage"},"thumbnailUrl":"https:\/\/www.un.org\/pga\/wp-content\/uploads\/sites\/53\/2018\/10\/CNN-Espanol-Op-Ed.png","datePublished":"2018-10-08T16:47:01+00:00","dateModified":"2019-01-09T21:38:34+00:00","breadcrumb":{"@id":"https:\/\/www.un.org\/pga\/73\/2018\/10\/08\/op-ed-7-prioridades-para-la-asamblea-general-de-las-naciones-unidas\/#breadcrumb"},"inLanguage":"en-US","potentialAction":[{"@type":"ReadAction","target":["https:\/\/www.un.org\/pga\/73\/2018\/10\/08\/op-ed-7-prioridades-para-la-asamblea-general-de-las-naciones-unidas\/"]}]},{"@type":"ImageObject","inLanguage":"en-US","@id":"https:\/\/www.un.org\/pga\/73\/2018\/10\/08\/op-ed-7-prioridades-para-la-asamblea-general-de-las-naciones-unidas\/#primaryimage","url":"https:\/\/www.un.org\/pga\/wp-content\/uploads\/sites\/53\/2018\/10\/CNN-Espanol-Op-Ed.png","contentUrl":"https:\/\/www.un.org\/pga\/wp-content\/uploads\/sites\/53\/2018\/10\/CNN-Espanol-Op-Ed.png","width":812,"height":577},{"@type":"BreadcrumbList","@id":"https:\/\/www.un.org\/pga\/73\/2018\/10\/08\/op-ed-7-prioridades-para-la-asamblea-general-de-las-naciones-unidas\/#breadcrumb","itemListElement":[{"@type":"ListItem","position":1,"name":"Home","item":"https:\/\/www.un.org\/pga\/73\/"},{"@type":"ListItem","position":2,"name":"Op-Ed: 7 prioridades para la Asamblea General de las Naciones Unidas"}]},{"@type":"WebSite","@id":"https:\/\/www.un.org\/pga\/73\/#website","url":"https:\/\/www.un.org\/pga\/73\/","name":"General Assembly of the United Nations","description":"President of the 73rd session","publisher":{"@id":"https:\/\/www.un.org\/pga\/73\/#organization"},"potentialAction":[{"@type":"SearchAction","target":{"@type":"EntryPoint","urlTemplate":"https:\/\/www.un.org\/pga\/73\/?s={search_term_string}"},"query-input":{"@type":"PropertyValueSpecification","valueRequired":true,"valueName":"search_term_string"}}],"inLanguage":"en-US"},{"@type":"Organization","@id":"https:\/\/www.un.org\/pga\/73\/#organization","name":"General Assembly of the United Nations","url":"https:\/\/www.un.org\/pga\/73\/","logo":{"@type":"ImageObject","inLanguage":"en-US","@id":"https:\/\/www.un.org\/pga\/73\/#\/schema\/logo\/image\/","url":"https:\/\/www.un.org\/pga\/wp-content\/uploads\/sites\/53\/2018\/07\/18-00066a_Ä¢¹½ÊÓÆµGA73_Logos-no-type-04.png","contentUrl":"https:\/\/www.un.org\/pga\/wp-content\/uploads\/sites\/53\/2018\/07\/18-00066a_Ä¢¹½ÊÓÆµGA73_Logos-no-type-04.png","width":529,"height":601,"caption":"General Assembly of the United Nations"},"image":{"@id":"https:\/\/www.un.org\/pga\/73\/#\/schema\/logo\/image\/"}},{"@type":"Person","@id":"https:\/\/www.un.org\/pga\/73\/#\/schema\/person\/af470bea9354ed1b453ade6d22b5c9ee","name":"Denise Kling","image":{"@type":"ImageObject","inLanguage":"en-US","@id":"https:\/\/secure.gravatar.com\/avatar\/b5fdae9d2ae28ca0f434202f2c9b6f29640a2b757fdbaa4592687900a399db3d?s=96&d=mm&r=g","url":"https:\/\/secure.gravatar.com\/avatar\/b5fdae9d2ae28ca0f434202f2c9b6f29640a2b757fdbaa4592687900a399db3d?s=96&d=mm&r=g","contentUrl":"https:\/\/secure.gravatar.com\/avatar\/b5fdae9d2ae28ca0f434202f2c9b6f29640a2b757fdbaa4592687900a399db3d?s=96&d=mm&r=g","caption":"Denise Kling"},"url":"https:\/\/www.un.org\/pga\/73\/author\/denise-klingun-org\/"}]}},"_links":{"self":[{"href":"https:\/\/www.un.org\/pga\/73\/wp-json\/wp\/v2\/posts\/174899","targetHints":{"allow":["GET"]}}],"collection":[{"href":"https:\/\/www.un.org\/pga\/73\/wp-json\/wp\/v2\/posts"}],"about":[{"href":"https:\/\/www.un.org\/pga\/73\/wp-json\/wp\/v2\/types\/post"}],"author":[{"embeddable":true,"href":"https:\/\/www.un.org\/pga\/73\/wp-json\/wp\/v2\/users\/266"}],"replies":[{"embeddable":true,"href":"https:\/\/www.un.org\/pga\/73\/wp-json\/wp\/v2\/comments?post=174899"}],"version-history":[{"count":0,"href":"https:\/\/www.un.org\/pga\/73\/wp-json\/wp\/v2\/posts\/174899\/revisions"}],"wp:featuredmedia":[{"embeddable":true,"href":"https:\/\/www.un.org\/pga\/73\/wp-json\/wp\/v2\/media\/174917"}],"wp:attachment":[{"href":"https:\/\/www.un.org\/pga\/73\/wp-json\/wp\/v2\/media?parent=174899"}],"wp:term":[{"taxonomy":"category","embeddable":true,"href":"https:\/\/www.un.org\/pga\/73\/wp-json\/wp\/v2\/categories?post=174899"},{"taxonomy":"post_tag","embeddable":true,"href":"https:\/\/www.un.org\/pga\/73\/wp-json\/wp\/v2\/tags?post=174899"}],"curies":[{"name":"wp","href":"https:\/\/api.w.org\/{rel}","templated":true}]}}