  {"id":185832,"date":"2018-09-25T15:45:03","date_gmt":"2018-09-25T19:45:03","guid":{"rendered":"https:\/\/www.un.org\/pga\/73\/?p=185832"},"modified":"2019-04-15T15:47:36","modified_gmt":"2019-04-15T19:47:36","slug":"telesur-espinosa-la-forma-de-resolver-problemas-globales-el-multilateralismo","status":"publish","type":"post","link":"https:\/\/www.un.org\/pga\/73\/2018\/09\/25\/telesur-espinosa-la-forma-de-resolver-problemas-globales-el-multilateralismo\/","title":{"rendered":"TeleSUR &#8211; Espinosa: La forma de resolver problemas globales, el multilateralismo"},"content":{"rendered":"<p>[et_pb_section bb_built=&#8221;1&#8243;][et_pb_row][\/et_pb_row][\/et_pb_section]<\/p>\n","protected":false},"excerpt":{"rendered":"<p>La presidenta de la Asamblea General de la Organizaci\u00f3n de Naciones Unidas (ONU), la ecuatoriana, Mar\u00eda Fernanda Espinosa, se\u00f1al\u00f3 a teleSUR que cree que en un mundo interconectado, la multilateralidad &#8220;es la \u00fanica forma&#8221; que permitir\u00e1 afrontar los retos globales. En ese sentido, Espinosa, primera latinoamericana en ocupar ese cargo, se dijo segura de entablar un di\u00e1logo fruct\u00edfero con el presidente estadounidense Donald Trump, con quien se reunir\u00e1 en breve. teleSUR<\/p>\n","protected":false},"author":266,"featured_media":0,"comment_status":"closed","ping_status":"closed","sticky":false,"template":"","format":"standard","meta":{"_et_pb_use_builder":"on","_et_pb_old_content":"","_et_gb_content_width":"","footnotes":"","_links_to":"","_links_to_target":""},"categories":[774],"tags":[],"class_list":["post-185832","post","type-post","status-publish","format-standard","hentry","category-media-highlights","et_post_format-et-post-format-video","et-has-post-format-content"],"yoast_head":"<!-- This site is optimized with the Yoast SEO plugin v28.3 - https:\/\/yoast.com\/product\/yoast-seo-wordpress\/ -->\n<title>TeleSUR - Espinosa: La forma de resolver problemas globales, el multilateralismo - General Assembly of the United Nations<\/title>\n<meta name=\"robots\" content=\"index, follow, max-snippet:-1, max-image-preview:large, max-video-preview:-1\" \/>\n<link rel=\"canonical\" href=\"https:\/\/www.un.org\/pga\/73\/2018\/09\/25\/telesur-espinosa-la-forma-de-resolver-problemas-globales-el-multilateralismo\/\" \/>\n<meta property=\"og:locale\" content=\"en_US\" \/>\n<meta property=\"og:type\" content=\"article\" \/>\n<meta property=\"og:title\" content=\"TeleSUR - Espinosa: La forma de resolver problemas globales, el multilateralismo - General Assembly of the United Nations\" \/>\n<meta property=\"og:description\" content=\"La presidenta de la Asamblea General de la Organizaci\u00f3n de Naciones Unidas (ONU), la ecuatoriana, Mar\u00eda Fernanda Espinosa, se\u00f1al\u00f3 a teleSUR que cree que en un mundo interconectado, la multilateralidad &quot;es la \u00fanica forma&quot; que permitir\u00e1 afrontar los retos globales. En ese sentido, Espinosa, primera latinoamericana en ocupar ese cargo, se dijo segura de entablar un di\u00e1logo fruct\u00edfero con el presidente estadounidense Donald Trump, con quien se reunir\u00e1 en breve. teleSUR\" \/>\n<meta property=\"og:url\" content=\"https:\/\/www.un.org\/pga\/73\/2018\/09\/25\/telesur-espinosa-la-forma-de-resolver-problemas-globales-el-multilateralismo\/\" \/>\n<meta property=\"og:site_name\" content=\"General Assembly of the United Nations\" \/>\n<meta property=\"article:published_time\" content=\"2018-09-25T19:45:03+00:00\" \/>\n<meta property=\"article:modified_time\" content=\"2019-04-15T19:47:36+00:00\" \/>\n<meta name=\"author\" content=\"Denise Kling\" \/>\n<meta name=\"twitter:card\" content=\"summary_large_image\" \/>\n<meta name=\"twitter:label1\" content=\"Written by\" \/>\n\t<meta name=\"twitter:data1\" content=\"Denise Kling\" \/>\n<script type=\"application\/ld+json\" class=\"yoast-schema-graph\">{\"@context\":\"https:\\\/\\\/schema.org\",\"@graph\":[{\"@type\":\"Article\",\"@id\":\"https:\\\/\\\/www.un.org\\\/pga\\\/73\\\/2018\\\/09\\\/25\\\/telesur-espinosa-la-forma-de-resolver-problemas-globales-el-multilateralismo\\\/#article\",\"isPartOf\":{\"@id\":\"https:\\\/\\\/www.un.org\\\/pga\\\/73\\\/2018\\\/09\\\/25\\\/telesur-espinosa-la-forma-de-resolver-problemas-globales-el-multilateralismo\\\/\"},\"author\":{\"name\":\"Denise Kling\",\"@id\":\"https:\\\/\\\/www.un.org\\\/pga\\\/73\\\/#\\\/schema\\\/person\\\/af470bea9354ed1b453ade6d22b5c9ee\"},\"headline\":\"TeleSUR &#8211; Espinosa: La forma de resolver problemas globales, el multilateralismo\",\"datePublished\":\"2018-09-25T19:45:03+00:00\",\"dateModified\":\"2019-04-15T19:47:36+00:00\",\"mainEntityOfPage\":{\"@id\":\"https:\\\/\\\/www.un.org\\\/pga\\\/73\\\/2018\\\/09\\\/25\\\/telesur-espinosa-la-forma-de-resolver-problemas-globales-el-multilateralismo\\\/\"},\"wordCount\":25,\"publisher\":{\"@id\":\"https:\\\/\\\/www.un.org\\\/pga\\\/73\\\/#organization\"},\"articleSection\":[\"Media Highlights\"],\"inLanguage\":\"en-US\"},{\"@type\":\"WebPage\",\"@id\":\"https:\\\/\\\/www.un.org\\\/pga\\\/73\\\/2018\\\/09\\\/25\\\/telesur-espinosa-la-forma-de-resolver-problemas-globales-el-multilateralismo\\\/\",\"url\":\"https:\\\/\\\/www.un.org\\\/pga\\\/73\\\/2018\\\/09\\\/25\\\/telesur-espinosa-la-forma-de-resolver-problemas-globales-el-multilateralismo\\\/\",\"name\":\"TeleSUR - Espinosa: La forma de resolver problemas globales, el multilateralismo - General Assembly of the United Nations\",\"isPartOf\":{\"@id\":\"https:\\\/\\\/www.un.org\\\/pga\\\/73\\\/#website\"},\"datePublished\":\"2018-09-25T19:45:03+00:00\",\"dateModified\":\"2019-04-15T19:47:36+00:00\",\"breadcrumb\":{\"@id\":\"https:\\\/\\\/www.un.org\\\/pga\\\/73\\\/2018\\\/09\\\/25\\\/telesur-espinosa-la-forma-de-resolver-problemas-globales-el-multilateralismo\\\/#breadcrumb\"},\"inLanguage\":\"en-US\",\"potentialAction\":[{\"@type\":\"ReadAction\",\"target\":[\"https:\\\/\\\/www.un.org\\\/pga\\\/73\\\/2018\\\/09\\\/25\\\/telesur-espinosa-la-forma-de-resolver-problemas-globales-el-multilateralismo\\\/\"]}]},{\"@type\":\"BreadcrumbList\",\"@id\":\"https:\\\/\\\/www.un.org\\\/pga\\\/73\\\/2018\\\/09\\\/25\\\/telesur-espinosa-la-forma-de-resolver-problemas-globales-el-multilateralismo\\\/#breadcrumb\",\"itemListElement\":[{\"@type\":\"ListItem\",\"position\":1,\"name\":\"Home\",\"item\":\"https:\\\/\\\/www.un.org\\\/pga\\\/73\\\/\"},{\"@type\":\"ListItem\",\"position\":2,\"name\":\"TeleSUR &#8211; Espinosa: La forma de resolver problemas globales, el multilateralismo\"}]},{\"@type\":\"WebSite\",\"@id\":\"https:\\\/\\\/www.un.org\\\/pga\\\/73\\\/#website\",\"url\":\"https:\\\/\\\/www.un.org\\\/pga\\\/73\\\/\",\"name\":\"General Assembly of the United Nations\",\"description\":\"President of the 73rd session\",\"publisher\":{\"@id\":\"https:\\\/\\\/www.un.org\\\/pga\\\/73\\\/#organization\"},\"potentialAction\":[{\"@type\":\"SearchAction\",\"target\":{\"@type\":\"EntryPoint\",\"urlTemplate\":\"https:\\\/\\\/www.un.org\\\/pga\\\/73\\\/?s={search_term_string}\"},\"query-input\":{\"@type\":\"PropertyValueSpecification\",\"valueRequired\":true,\"valueName\":\"search_term_string\"}}],\"inLanguage\":\"en-US\"},{\"@type\":\"Organization\",\"@id\":\"https:\\\/\\\/www.un.org\\\/pga\\\/73\\\/#organization\",\"name\":\"General Assembly of the United Nations\",\"url\":\"https:\\\/\\\/www.un.org\\\/pga\\\/73\\\/\",\"logo\":{\"@type\":\"ImageObject\",\"inLanguage\":\"en-US\",\"@id\":\"https:\\\/\\\/www.un.org\\\/pga\\\/73\\\/#\\\/schema\\\/logo\\\/image\\\/\",\"url\":\"https:\\\/\\\/www.un.org\\\/pga\\\/wp-content\\\/uploads\\\/sites\\\/53\\\/2018\\\/07\\\/18-00066a_Ä¢¹½ÊÓÆµGA73_Logos-no-type-04.png\",\"contentUrl\":\"https:\\\/\\\/www.un.org\\\/pga\\\/wp-content\\\/uploads\\\/sites\\\/53\\\/2018\\\/07\\\/18-00066a_Ä¢¹½ÊÓÆµGA73_Logos-no-type-04.png\",\"width\":529,\"height\":601,\"caption\":\"General Assembly of the United Nations\"},\"image\":{\"@id\":\"https:\\\/\\\/www.un.org\\\/pga\\\/73\\\/#\\\/schema\\\/logo\\\/image\\\/\"}},{\"@type\":\"Person\",\"@id\":\"https:\\\/\\\/www.un.org\\\/pga\\\/73\\\/#\\\/schema\\\/person\\\/af470bea9354ed1b453ade6d22b5c9ee\",\"name\":\"Denise Kling\",\"image\":{\"@type\":\"ImageObject\",\"inLanguage\":\"en-US\",\"@id\":\"https:\\\/\\\/secure.gravatar.com\\\/avatar\\\/b5fdae9d2ae28ca0f434202f2c9b6f29640a2b757fdbaa4592687900a399db3d?s=96&d=mm&r=g\",\"url\":\"https:\\\/\\\/secure.gravatar.com\\\/avatar\\\/b5fdae9d2ae28ca0f434202f2c9b6f29640a2b757fdbaa4592687900a399db3d?s=96&d=mm&r=g\",\"contentUrl\":\"https:\\\/\\\/secure.gravatar.com\\\/avatar\\\/b5fdae9d2ae28ca0f434202f2c9b6f29640a2b757fdbaa4592687900a399db3d?s=96&d=mm&r=g\",\"caption\":\"Denise Kling\"},\"url\":\"https:\\\/\\\/www.un.org\\\/pga\\\/73\\\/author\\\/denise-klingun-org\\\/\"}]}<\/script>\n<!-- \/ Yoast SEO plugin. -->","yoast_head_json":{"title":"TeleSUR - Espinosa: La forma de resolver problemas globales, el multilateralismo - General Assembly of the United Nations","robots":{"index":"index","follow":"follow","max-snippet":"max-snippet:-1","max-image-preview":"max-image-preview:large","max-video-preview":"max-video-preview:-1"},"canonical":"https:\/\/www.un.org\/pga\/73\/2018\/09\/25\/telesur-espinosa-la-forma-de-resolver-problemas-globales-el-multilateralismo\/","og_locale":"en_US","og_type":"article","og_title":"TeleSUR - Espinosa: La forma de resolver problemas globales, el multilateralismo - General Assembly of the United Nations","og_description":"La presidenta de la Asamblea General de la Organizaci\u00f3n de Naciones Unidas (ONU), la ecuatoriana, Mar\u00eda Fernanda Espinosa, se\u00f1al\u00f3 a teleSUR que cree que en un mundo interconectado, la multilateralidad \"es la \u00fanica forma\" que permitir\u00e1 afrontar los retos globales. En ese sentido, Espinosa, primera latinoamericana en ocupar ese cargo, se dijo segura de entablar un di\u00e1logo fruct\u00edfero con el presidente estadounidense Donald Trump, con quien se reunir\u00e1 en breve. teleSUR","og_url":"https:\/\/www.un.org\/pga\/73\/2018\/09\/25\/telesur-espinosa-la-forma-de-resolver-problemas-globales-el-multilateralismo\/","og_site_name":"General Assembly of the United Nations","article_published_time":"2018-09-25T19:45:03+00:00","article_modified_time":"2019-04-15T19:47:36+00:00","author":"Denise Kling","twitter_card":"summary_large_image","twitter_misc":{"Written by":"Denise Kling"},"schema":{"@context":"https:\/\/schema.org","@graph":[{"@type":"Article","@id":"https:\/\/www.un.org\/pga\/73\/2018\/09\/25\/telesur-espinosa-la-forma-de-resolver-problemas-globales-el-multilateralismo\/#article","isPartOf":{"@id":"https:\/\/www.un.org\/pga\/73\/2018\/09\/25\/telesur-espinosa-la-forma-de-resolver-problemas-globales-el-multilateralismo\/"},"author":{"name":"Denise Kling","@id":"https:\/\/www.un.org\/pga\/73\/#\/schema\/person\/af470bea9354ed1b453ade6d22b5c9ee"},"headline":"TeleSUR &#8211; Espinosa: La forma de resolver problemas globales, el multilateralismo","datePublished":"2018-09-25T19:45:03+00:00","dateModified":"2019-04-15T19:47:36+00:00","mainEntityOfPage":{"@id":"https:\/\/www.un.org\/pga\/73\/2018\/09\/25\/telesur-espinosa-la-forma-de-resolver-problemas-globales-el-multilateralismo\/"},"wordCount":25,"publisher":{"@id":"https:\/\/www.un.org\/pga\/73\/#organization"},"articleSection":["Media Highlights"],"inLanguage":"en-US"},{"@type":"WebPage","@id":"https:\/\/www.un.org\/pga\/73\/2018\/09\/25\/telesur-espinosa-la-forma-de-resolver-problemas-globales-el-multilateralismo\/","url":"https:\/\/www.un.org\/pga\/73\/2018\/09\/25\/telesur-espinosa-la-forma-de-resolver-problemas-globales-el-multilateralismo\/","name":"TeleSUR - Espinosa: La forma de resolver problemas globales, el multilateralismo - General Assembly of the United Nations","isPartOf":{"@id":"https:\/\/www.un.org\/pga\/73\/#website"},"datePublished":"2018-09-25T19:45:03+00:00","dateModified":"2019-04-15T19:47:36+00:00","breadcrumb":{"@id":"https:\/\/www.un.org\/pga\/73\/2018\/09\/25\/telesur-espinosa-la-forma-de-resolver-problemas-globales-el-multilateralismo\/#breadcrumb"},"inLanguage":"en-US","potentialAction":[{"@type":"ReadAction","target":["https:\/\/www.un.org\/pga\/73\/2018\/09\/25\/telesur-espinosa-la-forma-de-resolver-problemas-globales-el-multilateralismo\/"]}]},{"@type":"BreadcrumbList","@id":"https:\/\/www.un.org\/pga\/73\/2018\/09\/25\/telesur-espinosa-la-forma-de-resolver-problemas-globales-el-multilateralismo\/#breadcrumb","itemListElement":[{"@type":"ListItem","position":1,"name":"Home","item":"https:\/\/www.un.org\/pga\/73\/"},{"@type":"ListItem","position":2,"name":"TeleSUR &#8211; Espinosa: La forma de resolver problemas globales, el multilateralismo"}]},{"@type":"WebSite","@id":"https:\/\/www.un.org\/pga\/73\/#website","url":"https:\/\/www.un.org\/pga\/73\/","name":"General Assembly of the United Nations","description":"President of the 73rd session","publisher":{"@id":"https:\/\/www.un.org\/pga\/73\/#organization"},"potentialAction":[{"@type":"SearchAction","target":{"@type":"EntryPoint","urlTemplate":"https:\/\/www.un.org\/pga\/73\/?s={search_term_string}"},"query-input":{"@type":"PropertyValueSpecification","valueRequired":true,"valueName":"search_term_string"}}],"inLanguage":"en-US"},{"@type":"Organization","@id":"https:\/\/www.un.org\/pga\/73\/#organization","name":"General Assembly of the United Nations","url":"https:\/\/www.un.org\/pga\/73\/","logo":{"@type":"ImageObject","inLanguage":"en-US","@id":"https:\/\/www.un.org\/pga\/73\/#\/schema\/logo\/image\/","url":"https:\/\/www.un.org\/pga\/wp-content\/uploads\/sites\/53\/2018\/07\/18-00066a_Ä¢¹½ÊÓÆµGA73_Logos-no-type-04.png","contentUrl":"https:\/\/www.un.org\/pga\/wp-content\/uploads\/sites\/53\/2018\/07\/18-00066a_Ä¢¹½ÊÓÆµGA73_Logos-no-type-04.png","width":529,"height":601,"caption":"General Assembly of the United Nations"},"image":{"@id":"https:\/\/www.un.org\/pga\/73\/#\/schema\/logo\/image\/"}},{"@type":"Person","@id":"https:\/\/www.un.org\/pga\/73\/#\/schema\/person\/af470bea9354ed1b453ade6d22b5c9ee","name":"Denise Kling","image":{"@type":"ImageObject","inLanguage":"en-US","@id":"https:\/\/secure.gravatar.com\/avatar\/b5fdae9d2ae28ca0f434202f2c9b6f29640a2b757fdbaa4592687900a399db3d?s=96&d=mm&r=g","url":"https:\/\/secure.gravatar.com\/avatar\/b5fdae9d2ae28ca0f434202f2c9b6f29640a2b757fdbaa4592687900a399db3d?s=96&d=mm&r=g","contentUrl":"https:\/\/secure.gravatar.com\/avatar\/b5fdae9d2ae28ca0f434202f2c9b6f29640a2b757fdbaa4592687900a399db3d?s=96&d=mm&r=g","caption":"Denise Kling"},"url":"https:\/\/www.un.org\/pga\/73\/author\/denise-klingun-org\/"}]}},"_links":{"self":[{"href":"https:\/\/www.un.org\/pga\/73\/wp-json\/wp\/v2\/posts\/185832","targetHints":{"allow":["GET"]}}],"collection":[{"href":"https:\/\/www.un.org\/pga\/73\/wp-json\/wp\/v2\/posts"}],"about":[{"href":"https:\/\/www.un.org\/pga\/73\/wp-json\/wp\/v2\/types\/post"}],"author":[{"embeddable":true,"href":"https:\/\/www.un.org\/pga\/73\/wp-json\/wp\/v2\/users\/266"}],"replies":[{"embeddable":true,"href":"https:\/\/www.un.org\/pga\/73\/wp-json\/wp\/v2\/comments?post=185832"}],"version-history":[{"count":0,"href":"https:\/\/www.un.org\/pga\/73\/wp-json\/wp\/v2\/posts\/185832\/revisions"}],"wp:attachment":[{"href":"https:\/\/www.un.org\/pga\/73\/wp-json\/wp\/v2\/media?parent=185832"}],"wp:term":[{"taxonomy":"category","embeddable":true,"href":"https:\/\/www.un.org\/pga\/73\/wp-json\/wp\/v2\/categories?post=185832"},{"taxonomy":"post_tag","embeddable":true,"href":"https:\/\/www.un.org\/pga\/73\/wp-json\/wp\/v2\/tags?post=185832"}],"curies":[{"name":"wp","href":"https:\/\/api.w.org\/{rel}","templated":true}]}}