  {"id":187206,"date":"2019-04-22T18:17:07","date_gmt":"2019-04-22T22:17:07","guid":{"rendered":"https:\/\/www.un.org\/pga\/73\/?p=187206"},"modified":"2019-04-25T15:22:50","modified_gmt":"2019-04-25T19:22:50","slug":"achieving-the-promise-of-the-international-year-of-indigenous-languages-outcomes-legacies-and-future-work","status":"publish","type":"post","link":"https:\/\/www.un.org\/pga\/73\/2019\/04\/22\/achieving-the-promise-of-the-international-year-of-indigenous-languages-outcomes-legacies-and-future-work\/","title":{"rendered":"Achieving the Promise of the International Year of Indigenous Languages: Outcomes, Legacies and Future Work"},"content":{"rendered":"<p>[et_pb_section bb_built=&#8221;1&#8243;][et_pb_row][et_pb_column type=&#8221;4_4&#8243;][et_pb_text _builder_version=&#8221;3.19.7&#8243; border_style=&#8221;solid&#8221; background_position=&#8221;top_left&#8221; background_repeat=&#8221;repeat&#8221; background_size=&#8221;initial&#8221;]<\/p>\n<p style=\"text-align: center\"><strong><em>&#8211; As delivered &#8211;<\/em><\/strong><\/p>\n<h3>Statement by H.E. Mrs. Mar\u00eda Fernanda Espinosa Garc\u00e9s, President of the 73<sup>rd<\/sup> Session of the Ä¢¹½ÊÓÆµ General Assembly<\/h3>\n<p><strong><span class=\"updated\">22 April 2019<\/span><\/strong><\/p>\n<p><img loading=\"lazy\" decoding=\"async\" class=\"alignleft wp-image-187209 \" src=\"https:\/\/www.un.org\/pga\/73\/wp-content\/uploads\/sites\/53\/2019\/04\/3-1-300x166.png\" alt=\"\" width=\"347\" height=\"192\" srcset=\"https:\/\/www.un.org\/pga\/wp-content\/uploads\/sites\/53\/2019\/04\/3-1-300x166.png 300w, https:\/\/www.un.org\/pga\/wp-content\/uploads\/sites\/53\/2019\/04\/3-1-150x83.png 150w, https:\/\/www.un.org\/pga\/wp-content\/uploads\/sites\/53\/2019\/04\/3-1-768x425.png 768w, https:\/\/www.un.org\/pga\/wp-content\/uploads\/sites\/53\/2019\/04\/3-1.png 883w\" sizes=\"(max-width: 347px) 100vw, 347px\" \/><\/p>\n<p>Grand Chief Wilton Littlechild, Assembly of First Nations,<\/p>\n<p>Excellency, Carolyn Bennett, Minister of Crown-Indigenous Relations, Canada,<\/p>\n<p>Su Excelencia, Embajador Luis Gallegos, Representante Permanente del Ecuador ante las Naciones Unidas.<\/p>\n<p>Mr Marc Miller, Parliamentary Secretary to the Minister of Crown-Indigenous Relations of Canada,<\/p>\n<p>Grand Chief Edward John and Aili Keskitalo, Indigenous Co-Chairs of the Ä¢¹½ÊÓÆµESCO International Year of Indigenous Languages Steering Committee,<\/p>\n<p>Ms Chandra Roy-Henrikson, our Moderator today,<\/p>\n<p>Haana Edenshaw and Amaya Pilla, representatives of indigenous youth also here on the podium,<\/p>\n<p>Dear Elders,<\/p>\n<p>Representatives of Indigenous Peoples,<\/p>\n<p>Excellencies,<\/p>\n<p>Ladies and Gentlemen,<\/p>\n<p>I am deeply grateful to the Assembly of First Nations, and the Permanent Missions of Canada and Ecuador, Australia and Norway, for organizing this important event on: achieving the <u>promise<\/u> of the International Year of Indigenous Languages.<\/p>\n<p>As a poet and long-time advocate for the rights of Indigenous Peoples, I am delighted to deliver keynote remarks this afternoon.<\/p>\n<p>Dear friends: <em>\u201cLanguage is inseparable from our way of being, our thoughts, our feelings, our joys &#8230; It is through our language that we show who we are. If our language disappears, the whole socio-cultural foundation of our community is put at risk.\u201d<\/em><\/p>\n<p>These powerful words by Maria Virginia Haoa, writing about the Rapa Nui language, capture the importance of language to identity and wellbeing, <u>and<\/u> to the history and future of societies.<\/p>\n<p>This relationship is particularly intense for indigenous peoples.<\/p>\n<p>Indigenous languages are rich and evolving repositories of knowledge and culture \u2013 passed on through generations; preserving values, customs, narratives and histories; and defining relationships, not just within communities but with the world outside.<\/p>\n<p>For indigenous peoples, language is intertwined with survival.\u00a0The Cordillera in the Philippines have developed a vocabulary to reflect their processes for cultivating rice. And this knowledge is of great significance to all of humanity.<\/p>\n<p>[\/et_pb_text][\/et_pb_column][\/et_pb_row][et_pb_row][et_pb_column type=&#8221;4_4&#8243;][et_pb_text _builder_version=&#8221;3.19.7&#8243;]<\/p>\n<p>Se\u00f1oras y Se\u00f1ores,<\/p>\n<p>Los Pueblos Ind\u00edgenas sufren en todo el mundo, desproporcionadamente, los efectos del Cambio Clim\u00e1tico. Pero no solo son v\u00edctimas, tambi\u00e9n son defensores medioambientales.<\/p>\n<p>Los Pueblos ind\u00edgenas mantienen cerca del 18% de la diversidad planetaria, y 85% de las \u00e1reas protegidas en el mundo. La importancia de su sabidur\u00eda se refleja en el Acuerdo Clim\u00e1tico de Par\u00eds.<\/p>\n<p>La preservaci\u00f3n de las lenguas ind\u00edgenas es clave para lograr los Objetivos de Desarrollo Sostenible.<\/p>\n<p>[\/et_pb_text][et_pb_testimonial _builder_version=&#8221;3.19.7&#8243; author=&#8221;Mar\u00eda Fernanda Espinosa Garc\u00e9s&#8221; portrait_url=&#8221;https:\/\/www.un.org\/pga\/73\/wp-content\/uploads\/sites\/53\/2018\/09\/PGA-73084-e1537294481964.jpg&#8221; border_style=&#8221;solid&#8221; job_title=&#8221;President of the Ä¢¹½ÊÓÆµ General Assembly&#8221; quote_icon_background_color=&#8221;#f5f5f5&#8243; background_position=&#8221;top_left&#8221; background_repeat=&#8221;repeat&#8221; background_size=&#8221;initial&#8221; quote_icon_color=&#8221;#00aff8&#8243;]<\/p>\n<p><span style=\"color: #0000ff\">Language is the basis of identity. It is what makes us human; what makes us, <u>us<\/u>. It is essential to freedom of thought, opinion and expression; to the exercise of economic, social and cultural rights.<\/span><\/p>\n<p>[\/et_pb_testimonial][et_pb_text _builder_version=&#8221;3.19.7&#8243; border_style=&#8221;solid&#8221; background_position=&#8221;top_left&#8221; background_repeat=&#8221;repeat&#8221; background_size=&#8221;initial&#8221;]<\/p>\n<p>Dear friends,<\/p>\n<p>In many indigenous communities, detailed knowledge of ecosystems is embedded in their vocabulary. Rural communities in India are using knowledge and practices developed centuries ago to conserve thousands of varieties of rice for example. And there are similar gains to be made across the 2030 Agenda, from indigenous use of medicinal plants to indigenous approaches to peace and reconciliation.<\/p>\n<p>It is therefore extremely concerning that indigenous languages are disappearing.<\/p>\n<p>An estimated forty percent of the 6,700 languages spoken in the world are under threat. Most are indigenous. If we were talking about a species of animal, we would be sounding the alarm about extinction.<\/p>\n<p>Their loss, the loss of indigenous languages, would be a tragic blow for humanity \u2013 and for the planet. For indigenous peoples themselves \u2013 who have endured so-called \u201cre-education\u201d programmes, who have been dispossessed and slaughtered \u2013 loss of language is a fundamental human rights issue.<\/p>\n<p>Language is the basis of identity. It is what makes us human; what makes us, <u>us<\/u>. It is essential to freedom of thought, opinion and expression; to the exercise of economic, social and cultural rights.<\/p>\n<p>I am often reminded of a poem by Mikeas Sanchez, who writes in Zoque \u2013 and I quote:<\/p>\n<p><em>\u201cMy grandmother never learned Spanish,<\/em><\/p>\n<p><em>was afraid of forgetting her gods,<\/em><\/p>\n<p><em>was afraid of waking up in the morning.\u201d<\/em><\/p>\n<p>Chers amis.<\/p>\n<p>Les menaces pesant sur les langues des Peuples Autochtones font partie des probl\u00e8mes des droits humains auxquels ils sont confront\u00e9s : marginalisation, discrimination, racisme, assimilation culturelle, effacement de l\u2019identit\u00e9 &#8211; colonisation par d\u2019autres moyens.<\/p>\n<p>Je suis d\u2019ailleurs tr\u00e8s consciente du fait que je m&#8217;adresse \u00e0 vous aujourd&#8217;hui en anglais, en fran\u00e7ais et en espagnol.<\/p>\n<p>C\u2019est pourquoi l\u2019ann\u00e9e internationale des langues autochtones &#8211; et les mesures visant \u00e0 prot\u00e9ger et \u00e0 autonomiser les peuples autochtones &#8211; devrait \u00eatre replac\u00e9e dans un contexte beaucoup plus large, \u00e0 savoir :<\/p>\n<p>&#8211; r\u00e9alisation du programme 2030,<\/p>\n<p>&#8211; mise en \u0153uvre de l&#8217;accord de Paris sur le climat,<\/p>\n<p>&#8211; la d\u00e9fense des droits humains et<\/p>\n<p>&#8211; continuer \u00e0 faire face aux effets du colonialisme.<\/p>\n<p>Dear friends,<\/p>\n<p>As we hold meetings this year on climate change, on sustainable development, on financing for development, on the culture of peace \u2013 let us ensure that: indigenous issues are prominent; indigenous peoples are present; and indigenous voices are heard.<\/p>\n<p>This side event is about outcomes and future steps. Indigenous peoples are already involved in a host of initiatives to protect their languages and knowledge \u2013 from the Indian rice databases I referred to earlier, to ongoing action to prevent indigenous intellectual property from being mis-appropriated.<\/p>\n<p>Ä¢¹½ÊÓÆµ, with Ä¢¹½ÊÓÆµESCO in the lead, has also developed several platforms to strengthen the interface between science and indigenous knowledge; and to encourage creative use of digital technologies \u2013 to capture indigenous languages and encourage the next generation to speak them.<\/p>\n<p>The Yuelu proclamation includes recommendations for actions by Member States \u2013 such as language institutions and legal protections, which could include support to the Ä¢¹½ÊÓÆµ Special Rapporteur on the Rights of Indigenous Peoples. It also recommends the adoption of an International Decade of indigenous languages \u2013 to reflect the need for sustained efforts in this regard.<\/p>\n<p>Dear friends,<\/p>\n<p>We all need to work together to promote and protect the rights of indigenous peoples \u2013 who have struggled so long for their voices to be heard, including in this building. I hope you will attend the hearing I am convening on Thursday on the participation of indigenous peoples in the work of the United Nations.<\/p>\n<p>And we all need to work together to preserve indigenous languages. Indeed, we would be foolish not to do so, given the crucial knowledge embedded in them.<\/p>\n<p>So I wish you every success in your discussions today, and I encourage you all to remain actively engaged with this issue beyond this International Year.<\/p>\n<p>I would like to end with a quote about the Lakota language:<\/p>\n<p><em>\u201cOur language comes from the song of our heartbeat. It is not something that can quickly be put into words. It is a feeling, a prayer, a thought, an emotion \u2013 all of these things are in the language.\u201d<\/em><\/p>\n<p>Thank you.<\/p>\n<p>[\/et_pb_text][\/et_pb_column][\/et_pb_row][\/et_pb_section]<\/p>\n","protected":false},"excerpt":{"rendered":"<p>REMARKS BY THE PRESIDENT OF THE GENERAL ASSEMBLY, MARI\u0301A FERNANDA ESPINOSA GARC\u00c9S &#8211; Achieving the Promise of the International Year of Indigenous Languages: Outcomes, Legacies and Future Work<br \/>\nOrganized by the Assembly of First Nations and the Missions of Ecuador and Canada<\/p>\n","protected":false},"author":266,"featured_media":187209,"comment_status":"closed","ping_status":"closed","sticky":false,"template":"","format":"standard","meta":{"_et_pb_use_builder":"on","_et_pb_old_content":"","_et_gb_content_width":"","footnotes":"","_links_to":"","_links_to_target":""},"categories":[53],"tags":[],"class_list":["post-187206","post","type-post","status-publish","format-standard","has-post-thumbnail","hentry","category-speeches","et-has-post-format-content","et_post_format-et-post-format-standard"],"yoast_head":"<!-- This site is optimized with the Yoast SEO plugin v28.3 - https:\/\/yoast.com\/product\/yoast-seo-wordpress\/ -->\n<title>Achieving the Promise of the International Year of Indigenous Languages: Outcomes, Legacies and Future Work - General Assembly of the United Nations<\/title>\n<meta name=\"robots\" content=\"index, follow, max-snippet:-1, max-image-preview:large, max-video-preview:-1\" \/>\n<link rel=\"canonical\" href=\"https:\/\/www.un.org\/pga\/73\/2019\/04\/22\/achieving-the-promise-of-the-international-year-of-indigenous-languages-outcomes-legacies-and-future-work\/\" \/>\n<meta property=\"og:locale\" content=\"en_US\" \/>\n<meta property=\"og:type\" content=\"article\" \/>\n<meta property=\"og:title\" content=\"Achieving the Promise of the International Year of Indigenous Languages: Outcomes, Legacies and Future Work - General Assembly of the United Nations\" \/>\n<meta property=\"og:description\" content=\"REMARKS BY THE PRESIDENT OF THE GENERAL ASSEMBLY, MARI\u0301A FERNANDA ESPINOSA GARC\u00c9S - Achieving the Promise of the International Year of Indigenous Languages: Outcomes, Legacies and Future Work Organized by the Assembly of First Nations and the Missions of Ecuador and Canada\" \/>\n<meta property=\"og:url\" content=\"https:\/\/www.un.org\/pga\/73\/2019\/04\/22\/achieving-the-promise-of-the-international-year-of-indigenous-languages-outcomes-legacies-and-future-work\/\" \/>\n<meta property=\"og:site_name\" content=\"General Assembly of the United Nations\" \/>\n<meta property=\"article:published_time\" content=\"2019-04-22T22:17:07+00:00\" \/>\n<meta property=\"article:modified_time\" content=\"2019-04-25T19:22:50+00:00\" \/>\n<meta property=\"og:image\" content=\"https:\/\/www.un.org\/pga\/wp-content\/uploads\/sites\/53\/2019\/04\/3-1.png\" \/>\n\t<meta property=\"og:image:width\" content=\"883\" \/>\n\t<meta property=\"og:image:height\" content=\"489\" \/>\n\t<meta property=\"og:image:type\" content=\"image\/png\" \/>\n<meta name=\"author\" content=\"Denise Kling\" \/>\n<meta name=\"twitter:card\" content=\"summary_large_image\" \/>\n<meta name=\"twitter:label1\" content=\"Written by\" \/>\n\t<meta name=\"twitter:data1\" content=\"Denise Kling\" \/>\n\t<meta name=\"twitter:label2\" content=\"Est. reading time\" \/>\n\t<meta name=\"twitter:data2\" content=\"6 minutes\" \/>\n<script type=\"application\/ld+json\" class=\"yoast-schema-graph\">{\"@context\":\"https:\\\/\\\/schema.org\",\"@graph\":[{\"@type\":\"Article\",\"@id\":\"https:\\\/\\\/www.un.org\\\/pga\\\/73\\\/2019\\\/04\\\/22\\\/achieving-the-promise-of-the-international-year-of-indigenous-languages-outcomes-legacies-and-future-work\\\/#article\",\"isPartOf\":{\"@id\":\"https:\\\/\\\/www.un.org\\\/pga\\\/73\\\/2019\\\/04\\\/22\\\/achieving-the-promise-of-the-international-year-of-indigenous-languages-outcomes-legacies-and-future-work\\\/\"},\"author\":{\"name\":\"Denise Kling\",\"@id\":\"https:\\\/\\\/www.un.org\\\/pga\\\/73\\\/#\\\/schema\\\/person\\\/af470bea9354ed1b453ade6d22b5c9ee\"},\"headline\":\"Achieving the Promise of the International Year of Indigenous Languages: Outcomes, Legacies and Future Work\",\"datePublished\":\"2019-04-22T22:17:07+00:00\",\"dateModified\":\"2019-04-25T19:22:50+00:00\",\"mainEntityOfPage\":{\"@id\":\"https:\\\/\\\/www.un.org\\\/pga\\\/73\\\/2019\\\/04\\\/22\\\/achieving-the-promise-of-the-international-year-of-indigenous-languages-outcomes-legacies-and-future-work\\\/\"},\"wordCount\":1292,\"publisher\":{\"@id\":\"https:\\\/\\\/www.un.org\\\/pga\\\/73\\\/#organization\"},\"image\":{\"@id\":\"https:\\\/\\\/www.un.org\\\/pga\\\/73\\\/2019\\\/04\\\/22\\\/achieving-the-promise-of-the-international-year-of-indigenous-languages-outcomes-legacies-and-future-work\\\/#primaryimage\"},\"thumbnailUrl\":\"https:\\\/\\\/www.un.org\\\/pga\\\/wp-content\\\/uploads\\\/sites\\\/53\\\/2019\\\/04\\\/3-1.png\",\"articleSection\":[\"Speeches\"],\"inLanguage\":\"en-US\"},{\"@type\":\"WebPage\",\"@id\":\"https:\\\/\\\/www.un.org\\\/pga\\\/73\\\/2019\\\/04\\\/22\\\/achieving-the-promise-of-the-international-year-of-indigenous-languages-outcomes-legacies-and-future-work\\\/\",\"url\":\"https:\\\/\\\/www.un.org\\\/pga\\\/73\\\/2019\\\/04\\\/22\\\/achieving-the-promise-of-the-international-year-of-indigenous-languages-outcomes-legacies-and-future-work\\\/\",\"name\":\"Achieving the Promise of the International Year of Indigenous Languages: Outcomes, Legacies and Future Work - General Assembly of the United Nations\",\"isPartOf\":{\"@id\":\"https:\\\/\\\/www.un.org\\\/pga\\\/73\\\/#website\"},\"primaryImageOfPage\":{\"@id\":\"https:\\\/\\\/www.un.org\\\/pga\\\/73\\\/2019\\\/04\\\/22\\\/achieving-the-promise-of-the-international-year-of-indigenous-languages-outcomes-legacies-and-future-work\\\/#primaryimage\"},\"image\":{\"@id\":\"https:\\\/\\\/www.un.org\\\/pga\\\/73\\\/2019\\\/04\\\/22\\\/achieving-the-promise-of-the-international-year-of-indigenous-languages-outcomes-legacies-and-future-work\\\/#primaryimage\"},\"thumbnailUrl\":\"https:\\\/\\\/www.un.org\\\/pga\\\/wp-content\\\/uploads\\\/sites\\\/53\\\/2019\\\/04\\\/3-1.png\",\"datePublished\":\"2019-04-22T22:17:07+00:00\",\"dateModified\":\"2019-04-25T19:22:50+00:00\",\"breadcrumb\":{\"@id\":\"https:\\\/\\\/www.un.org\\\/pga\\\/73\\\/2019\\\/04\\\/22\\\/achieving-the-promise-of-the-international-year-of-indigenous-languages-outcomes-legacies-and-future-work\\\/#breadcrumb\"},\"inLanguage\":\"en-US\",\"potentialAction\":[{\"@type\":\"ReadAction\",\"target\":[\"https:\\\/\\\/www.un.org\\\/pga\\\/73\\\/2019\\\/04\\\/22\\\/achieving-the-promise-of-the-international-year-of-indigenous-languages-outcomes-legacies-and-future-work\\\/\"]}]},{\"@type\":\"ImageObject\",\"inLanguage\":\"en-US\",\"@id\":\"https:\\\/\\\/www.un.org\\\/pga\\\/73\\\/2019\\\/04\\\/22\\\/achieving-the-promise-of-the-international-year-of-indigenous-languages-outcomes-legacies-and-future-work\\\/#primaryimage\",\"url\":\"https:\\\/\\\/www.un.org\\\/pga\\\/wp-content\\\/uploads\\\/sites\\\/53\\\/2019\\\/04\\\/3-1.png\",\"contentUrl\":\"https:\\\/\\\/www.un.org\\\/pga\\\/wp-content\\\/uploads\\\/sites\\\/53\\\/2019\\\/04\\\/3-1.png\",\"width\":883,\"height\":489},{\"@type\":\"BreadcrumbList\",\"@id\":\"https:\\\/\\\/www.un.org\\\/pga\\\/73\\\/2019\\\/04\\\/22\\\/achieving-the-promise-of-the-international-year-of-indigenous-languages-outcomes-legacies-and-future-work\\\/#breadcrumb\",\"itemListElement\":[{\"@type\":\"ListItem\",\"position\":1,\"name\":\"Home\",\"item\":\"https:\\\/\\\/www.un.org\\\/pga\\\/73\\\/\"},{\"@type\":\"ListItem\",\"position\":2,\"name\":\"Achieving the Promise of the International Year of Indigenous Languages: Outcomes, Legacies and Future Work\"}]},{\"@type\":\"WebSite\",\"@id\":\"https:\\\/\\\/www.un.org\\\/pga\\\/73\\\/#website\",\"url\":\"https:\\\/\\\/www.un.org\\\/pga\\\/73\\\/\",\"name\":\"General Assembly of the United Nations\",\"description\":\"President of the 73rd session\",\"publisher\":{\"@id\":\"https:\\\/\\\/www.un.org\\\/pga\\\/73\\\/#organization\"},\"potentialAction\":[{\"@type\":\"SearchAction\",\"target\":{\"@type\":\"EntryPoint\",\"urlTemplate\":\"https:\\\/\\\/www.un.org\\\/pga\\\/73\\\/?s={search_term_string}\"},\"query-input\":{\"@type\":\"PropertyValueSpecification\",\"valueRequired\":true,\"valueName\":\"search_term_string\"}}],\"inLanguage\":\"en-US\"},{\"@type\":\"Organization\",\"@id\":\"https:\\\/\\\/www.un.org\\\/pga\\\/73\\\/#organization\",\"name\":\"General Assembly of the United Nations\",\"url\":\"https:\\\/\\\/www.un.org\\\/pga\\\/73\\\/\",\"logo\":{\"@type\":\"ImageObject\",\"inLanguage\":\"en-US\",\"@id\":\"https:\\\/\\\/www.un.org\\\/pga\\\/73\\\/#\\\/schema\\\/logo\\\/image\\\/\",\"url\":\"https:\\\/\\\/www.un.org\\\/pga\\\/wp-content\\\/uploads\\\/sites\\\/53\\\/2018\\\/07\\\/18-00066a_Ä¢¹½ÊÓÆµGA73_Logos-no-type-04.png\",\"contentUrl\":\"https:\\\/\\\/www.un.org\\\/pga\\\/wp-content\\\/uploads\\\/sites\\\/53\\\/2018\\\/07\\\/18-00066a_Ä¢¹½ÊÓÆµGA73_Logos-no-type-04.png\",\"width\":529,\"height\":601,\"caption\":\"General Assembly of the United Nations\"},\"image\":{\"@id\":\"https:\\\/\\\/www.un.org\\\/pga\\\/73\\\/#\\\/schema\\\/logo\\\/image\\\/\"}},{\"@type\":\"Person\",\"@id\":\"https:\\\/\\\/www.un.org\\\/pga\\\/73\\\/#\\\/schema\\\/person\\\/af470bea9354ed1b453ade6d22b5c9ee\",\"name\":\"Denise Kling\",\"image\":{\"@type\":\"ImageObject\",\"inLanguage\":\"en-US\",\"@id\":\"https:\\\/\\\/secure.gravatar.com\\\/avatar\\\/b5fdae9d2ae28ca0f434202f2c9b6f29640a2b757fdbaa4592687900a399db3d?s=96&d=mm&r=g\",\"url\":\"https:\\\/\\\/secure.gravatar.com\\\/avatar\\\/b5fdae9d2ae28ca0f434202f2c9b6f29640a2b757fdbaa4592687900a399db3d?s=96&d=mm&r=g\",\"contentUrl\":\"https:\\\/\\\/secure.gravatar.com\\\/avatar\\\/b5fdae9d2ae28ca0f434202f2c9b6f29640a2b757fdbaa4592687900a399db3d?s=96&d=mm&r=g\",\"caption\":\"Denise Kling\"},\"url\":\"https:\\\/\\\/www.un.org\\\/pga\\\/73\\\/author\\\/denise-klingun-org\\\/\"}]}<\/script>\n<!-- \/ Yoast SEO plugin. -->","yoast_head_json":{"title":"Achieving the Promise of the International Year of Indigenous Languages: Outcomes, Legacies and Future Work - General Assembly of the United Nations","robots":{"index":"index","follow":"follow","max-snippet":"max-snippet:-1","max-image-preview":"max-image-preview:large","max-video-preview":"max-video-preview:-1"},"canonical":"https:\/\/www.un.org\/pga\/73\/2019\/04\/22\/achieving-the-promise-of-the-international-year-of-indigenous-languages-outcomes-legacies-and-future-work\/","og_locale":"en_US","og_type":"article","og_title":"Achieving the Promise of the International Year of Indigenous Languages: Outcomes, Legacies and Future Work - General Assembly of the United Nations","og_description":"REMARKS BY THE PRESIDENT OF THE GENERAL ASSEMBLY, MARI\u0301A FERNANDA ESPINOSA GARC\u00c9S - Achieving the Promise of the International Year of Indigenous Languages: Outcomes, Legacies and Future Work Organized by the Assembly of First Nations and the Missions of Ecuador and Canada","og_url":"https:\/\/www.un.org\/pga\/73\/2019\/04\/22\/achieving-the-promise-of-the-international-year-of-indigenous-languages-outcomes-legacies-and-future-work\/","og_site_name":"General Assembly of the United Nations","article_published_time":"2019-04-22T22:17:07+00:00","article_modified_time":"2019-04-25T19:22:50+00:00","og_image":[{"width":883,"height":489,"url":"https:\/\/www.un.org\/pga\/wp-content\/uploads\/sites\/53\/2019\/04\/3-1.png","type":"image\/png"}],"author":"Denise Kling","twitter_card":"summary_large_image","twitter_misc":{"Written by":"Denise Kling","Est. reading time":"6 minutes"},"schema":{"@context":"https:\/\/schema.org","@graph":[{"@type":"Article","@id":"https:\/\/www.un.org\/pga\/73\/2019\/04\/22\/achieving-the-promise-of-the-international-year-of-indigenous-languages-outcomes-legacies-and-future-work\/#article","isPartOf":{"@id":"https:\/\/www.un.org\/pga\/73\/2019\/04\/22\/achieving-the-promise-of-the-international-year-of-indigenous-languages-outcomes-legacies-and-future-work\/"},"author":{"name":"Denise Kling","@id":"https:\/\/www.un.org\/pga\/73\/#\/schema\/person\/af470bea9354ed1b453ade6d22b5c9ee"},"headline":"Achieving the Promise of the International Year of Indigenous Languages: Outcomes, Legacies and Future Work","datePublished":"2019-04-22T22:17:07+00:00","dateModified":"2019-04-25T19:22:50+00:00","mainEntityOfPage":{"@id":"https:\/\/www.un.org\/pga\/73\/2019\/04\/22\/achieving-the-promise-of-the-international-year-of-indigenous-languages-outcomes-legacies-and-future-work\/"},"wordCount":1292,"publisher":{"@id":"https:\/\/www.un.org\/pga\/73\/#organization"},"image":{"@id":"https:\/\/www.un.org\/pga\/73\/2019\/04\/22\/achieving-the-promise-of-the-international-year-of-indigenous-languages-outcomes-legacies-and-future-work\/#primaryimage"},"thumbnailUrl":"https:\/\/www.un.org\/pga\/wp-content\/uploads\/sites\/53\/2019\/04\/3-1.png","articleSection":["Speeches"],"inLanguage":"en-US"},{"@type":"WebPage","@id":"https:\/\/www.un.org\/pga\/73\/2019\/04\/22\/achieving-the-promise-of-the-international-year-of-indigenous-languages-outcomes-legacies-and-future-work\/","url":"https:\/\/www.un.org\/pga\/73\/2019\/04\/22\/achieving-the-promise-of-the-international-year-of-indigenous-languages-outcomes-legacies-and-future-work\/","name":"Achieving the Promise of the International Year of Indigenous Languages: Outcomes, Legacies and Future Work - General Assembly of the United Nations","isPartOf":{"@id":"https:\/\/www.un.org\/pga\/73\/#website"},"primaryImageOfPage":{"@id":"https:\/\/www.un.org\/pga\/73\/2019\/04\/22\/achieving-the-promise-of-the-international-year-of-indigenous-languages-outcomes-legacies-and-future-work\/#primaryimage"},"image":{"@id":"https:\/\/www.un.org\/pga\/73\/2019\/04\/22\/achieving-the-promise-of-the-international-year-of-indigenous-languages-outcomes-legacies-and-future-work\/#primaryimage"},"thumbnailUrl":"https:\/\/www.un.org\/pga\/wp-content\/uploads\/sites\/53\/2019\/04\/3-1.png","datePublished":"2019-04-22T22:17:07+00:00","dateModified":"2019-04-25T19:22:50+00:00","breadcrumb":{"@id":"https:\/\/www.un.org\/pga\/73\/2019\/04\/22\/achieving-the-promise-of-the-international-year-of-indigenous-languages-outcomes-legacies-and-future-work\/#breadcrumb"},"inLanguage":"en-US","potentialAction":[{"@type":"ReadAction","target":["https:\/\/www.un.org\/pga\/73\/2019\/04\/22\/achieving-the-promise-of-the-international-year-of-indigenous-languages-outcomes-legacies-and-future-work\/"]}]},{"@type":"ImageObject","inLanguage":"en-US","@id":"https:\/\/www.un.org\/pga\/73\/2019\/04\/22\/achieving-the-promise-of-the-international-year-of-indigenous-languages-outcomes-legacies-and-future-work\/#primaryimage","url":"https:\/\/www.un.org\/pga\/wp-content\/uploads\/sites\/53\/2019\/04\/3-1.png","contentUrl":"https:\/\/www.un.org\/pga\/wp-content\/uploads\/sites\/53\/2019\/04\/3-1.png","width":883,"height":489},{"@type":"BreadcrumbList","@id":"https:\/\/www.un.org\/pga\/73\/2019\/04\/22\/achieving-the-promise-of-the-international-year-of-indigenous-languages-outcomes-legacies-and-future-work\/#breadcrumb","itemListElement":[{"@type":"ListItem","position":1,"name":"Home","item":"https:\/\/www.un.org\/pga\/73\/"},{"@type":"ListItem","position":2,"name":"Achieving the Promise of the International Year of Indigenous Languages: Outcomes, Legacies and Future Work"}]},{"@type":"WebSite","@id":"https:\/\/www.un.org\/pga\/73\/#website","url":"https:\/\/www.un.org\/pga\/73\/","name":"General Assembly of the United Nations","description":"President of the 73rd session","publisher":{"@id":"https:\/\/www.un.org\/pga\/73\/#organization"},"potentialAction":[{"@type":"SearchAction","target":{"@type":"EntryPoint","urlTemplate":"https:\/\/www.un.org\/pga\/73\/?s={search_term_string}"},"query-input":{"@type":"PropertyValueSpecification","valueRequired":true,"valueName":"search_term_string"}}],"inLanguage":"en-US"},{"@type":"Organization","@id":"https:\/\/www.un.org\/pga\/73\/#organization","name":"General Assembly of the United Nations","url":"https:\/\/www.un.org\/pga\/73\/","logo":{"@type":"ImageObject","inLanguage":"en-US","@id":"https:\/\/www.un.org\/pga\/73\/#\/schema\/logo\/image\/","url":"https:\/\/www.un.org\/pga\/wp-content\/uploads\/sites\/53\/2018\/07\/18-00066a_Ä¢¹½ÊÓÆµGA73_Logos-no-type-04.png","contentUrl":"https:\/\/www.un.org\/pga\/wp-content\/uploads\/sites\/53\/2018\/07\/18-00066a_Ä¢¹½ÊÓÆµGA73_Logos-no-type-04.png","width":529,"height":601,"caption":"General Assembly of the United Nations"},"image":{"@id":"https:\/\/www.un.org\/pga\/73\/#\/schema\/logo\/image\/"}},{"@type":"Person","@id":"https:\/\/www.un.org\/pga\/73\/#\/schema\/person\/af470bea9354ed1b453ade6d22b5c9ee","name":"Denise Kling","image":{"@type":"ImageObject","inLanguage":"en-US","@id":"https:\/\/secure.gravatar.com\/avatar\/b5fdae9d2ae28ca0f434202f2c9b6f29640a2b757fdbaa4592687900a399db3d?s=96&d=mm&r=g","url":"https:\/\/secure.gravatar.com\/avatar\/b5fdae9d2ae28ca0f434202f2c9b6f29640a2b757fdbaa4592687900a399db3d?s=96&d=mm&r=g","contentUrl":"https:\/\/secure.gravatar.com\/avatar\/b5fdae9d2ae28ca0f434202f2c9b6f29640a2b757fdbaa4592687900a399db3d?s=96&d=mm&r=g","caption":"Denise Kling"},"url":"https:\/\/www.un.org\/pga\/73\/author\/denise-klingun-org\/"}]}},"_links":{"self":[{"href":"https:\/\/www.un.org\/pga\/73\/wp-json\/wp\/v2\/posts\/187206","targetHints":{"allow":["GET"]}}],"collection":[{"href":"https:\/\/www.un.org\/pga\/73\/wp-json\/wp\/v2\/posts"}],"about":[{"href":"https:\/\/www.un.org\/pga\/73\/wp-json\/wp\/v2\/types\/post"}],"author":[{"embeddable":true,"href":"https:\/\/www.un.org\/pga\/73\/wp-json\/wp\/v2\/users\/266"}],"replies":[{"embeddable":true,"href":"https:\/\/www.un.org\/pga\/73\/wp-json\/wp\/v2\/comments?post=187206"}],"version-history":[{"count":0,"href":"https:\/\/www.un.org\/pga\/73\/wp-json\/wp\/v2\/posts\/187206\/revisions"}],"wp:featuredmedia":[{"embeddable":true,"href":"https:\/\/www.un.org\/pga\/73\/wp-json\/wp\/v2\/media\/187209"}],"wp:attachment":[{"href":"https:\/\/www.un.org\/pga\/73\/wp-json\/wp\/v2\/media?parent=187206"}],"wp:term":[{"taxonomy":"category","embeddable":true,"href":"https:\/\/www.un.org\/pga\/73\/wp-json\/wp\/v2\/categories?post=187206"},{"taxonomy":"post_tag","embeddable":true,"href":"https:\/\/www.un.org\/pga\/73\/wp-json\/wp\/v2\/tags?post=187206"}],"curies":[{"name":"wp","href":"https:\/\/api.w.org\/{rel}","templated":true}]}}