  {"id":189984,"date":"2019-04-30T17:42:26","date_gmt":"2019-04-30T21:42:26","guid":{"rendered":"https:\/\/www.un.org\/pga\/73\/?p=189984"},"modified":"2019-05-02T10:04:17","modified_gmt":"2019-05-02T14:04:17","slug":"readout-meeting-the-minister-for-foreign-affairs-of-sweden","status":"publish","type":"post","link":"https:\/\/www.un.org\/pga\/73\/2019\/04\/30\/readout-meeting-the-minister-for-foreign-affairs-of-sweden\/","title":{"rendered":"READOUT: meeting with the Minister for Foreign Affairs of Sweden"},"content":{"rendered":"<p>[et_pb_section bb_built=&#8221;1&#8243;][et_pb_row][et_pb_column type=&#8221;1_2&#8243;][et_pb_text _builder_version=&#8221;3.19.7&#8243; border_style=&#8221;solid&#8221; background_position=&#8221;top_left&#8221; background_repeat=&#8221;repeat&#8221; background_size=&#8221;initial&#8221;]<\/p>\n<p>The President of the 73rd session of the United Nations General Assembly, H.E. Ms. Mar\u00eda Fernanda Espinosa Garc\u00e9s, met with H.E. Ms. Margot Wallstr\u00f6m, Minister for Foreign Affairs of Sweden. The President of the General Assembly and the Foreign Minister agreed on the importance of enhancing the political participation of women, which is essential to address discrimination and violence against women, and of ensuring that the international community delivers on the SDGs.\u00a0\u00a0<\/p>\n<p>[\/et_pb_text][\/et_pb_column][et_pb_column type=&#8221;1_2&#8243;][et_pb_image _builder_version=&#8221;3.19.7&#8243; src=&#8221;https:\/\/www.un.org\/pga\/73\/wp-content\/uploads\/sites\/53\/2019\/04\/IMG_E7453-1.jpg&#8221; \/][\/et_pb_column][\/et_pb_row][\/et_pb_section]<\/p>\n","protected":false},"excerpt":{"rendered":"<p><div class=\"et_pb_row et_pb_row_0 et_pb_row_empty\">\n\t\t\t\t\n\t\t\t\t\n\t\t\t\t\n\t\t\t\t\n\t\t\t\t\n\t\t\t<\/div> The President of the 73rd session of the United Nations General Assembly, H.E. Ms. Mar\u00eda Fernanda Espinosa Garc\u00e9s, met with H.E. Ms. Margot Wallstr\u00f6m, Minister for Foreign Affairs of [&hellip;]<\/p>\n","protected":false},"author":266,"featured_media":189993,"comment_status":"closed","ping_status":"closed","sticky":false,"template":"","format":"standard","meta":{"_et_pb_use_builder":"on","_et_pb_old_content":"","_et_gb_content_width":"","footnotes":"","_links_to":"","_links_to_target":""},"categories":[325],"tags":[],"class_list":["post-189984","post","type-post","status-publish","format-standard","has-post-thumbnail","hentry","category-readout","et-has-post-format-content","et_post_format-et-post-format-standard"],"yoast_head":"<!-- This site is optimized with the Yoast SEO plugin v28.3 - https:\/\/yoast.com\/product\/yoast-seo-wordpress\/ -->\n<title>READOUT: meeting with the Minister for Foreign Affairs of Sweden - General Assembly of the United Nations<\/title>\n<meta name=\"robots\" content=\"index, follow, max-snippet:-1, max-image-preview:large, max-video-preview:-1\" \/>\n<link rel=\"canonical\" href=\"https:\/\/www.un.org\/pga\/73\/2019\/04\/30\/readout-meeting-the-minister-for-foreign-affairs-of-sweden\/\" \/>\n<meta property=\"og:locale\" content=\"en_US\" \/>\n<meta property=\"og:type\" content=\"article\" \/>\n<meta property=\"og:title\" content=\"READOUT: meeting with the Minister for Foreign Affairs of Sweden - General Assembly of the United Nations\" \/>\n<meta property=\"og:description\" content=\"The President of the 73rd session of the United Nations General Assembly, H.E. Ms. Mar\u00eda Fernanda Espinosa Garc\u00e9s, met with H.E. Ms. Margot Wallstr\u00f6m, Minister for Foreign Affairs of [&hellip;]\" \/>\n<meta property=\"og:url\" content=\"https:\/\/www.un.org\/pga\/73\/2019\/04\/30\/readout-meeting-the-minister-for-foreign-affairs-of-sweden\/\" \/>\n<meta property=\"og:site_name\" content=\"General Assembly of the United Nations\" \/>\n<meta property=\"article:published_time\" content=\"2019-04-30T21:42:26+00:00\" \/>\n<meta property=\"article:modified_time\" content=\"2019-05-02T14:04:17+00:00\" \/>\n<meta property=\"og:image\" content=\"https:\/\/www.un.org\/pga\/wp-content\/uploads\/sites\/53\/2019\/04\/IMG_E7453-1.jpg\" \/>\n\t<meta property=\"og:image:width\" content=\"2048\" \/>\n\t<meta property=\"og:image:height\" content=\"1536\" \/>\n\t<meta property=\"og:image:type\" content=\"image\/jpeg\" \/>\n<meta name=\"author\" content=\"Denise Kling\" \/>\n<meta name=\"twitter:card\" content=\"summary_large_image\" \/>\n<meta name=\"twitter:label1\" content=\"Written by\" \/>\n\t<meta name=\"twitter:data1\" content=\"Denise Kling\" \/>\n\t<meta name=\"twitter:label2\" content=\"Est. reading time\" \/>\n\t<meta name=\"twitter:data2\" content=\"1 minute\" \/>\n<script type=\"application\/ld+json\" class=\"yoast-schema-graph\">{\"@context\":\"https:\\\/\\\/schema.org\",\"@graph\":[{\"@type\":\"Article\",\"@id\":\"https:\\\/\\\/www.un.org\\\/pga\\\/73\\\/2019\\\/04\\\/30\\\/readout-meeting-the-minister-for-foreign-affairs-of-sweden\\\/#article\",\"isPartOf\":{\"@id\":\"https:\\\/\\\/www.un.org\\\/pga\\\/73\\\/2019\\\/04\\\/30\\\/readout-meeting-the-minister-for-foreign-affairs-of-sweden\\\/\"},\"author\":{\"name\":\"Denise Kling\",\"@id\":\"https:\\\/\\\/www.un.org\\\/pga\\\/73\\\/#\\\/schema\\\/person\\\/af470bea9354ed1b453ade6d22b5c9ee\"},\"headline\":\"READOUT: meeting with the Minister for Foreign Affairs of Sweden\",\"datePublished\":\"2019-04-30T21:42:26+00:00\",\"dateModified\":\"2019-05-02T14:04:17+00:00\",\"mainEntityOfPage\":{\"@id\":\"https:\\\/\\\/www.un.org\\\/pga\\\/73\\\/2019\\\/04\\\/30\\\/readout-meeting-the-minister-for-foreign-affairs-of-sweden\\\/\"},\"wordCount\":154,\"publisher\":{\"@id\":\"https:\\\/\\\/www.un.org\\\/pga\\\/73\\\/#organization\"},\"image\":{\"@id\":\"https:\\\/\\\/www.un.org\\\/pga\\\/73\\\/2019\\\/04\\\/30\\\/readout-meeting-the-minister-for-foreign-affairs-of-sweden\\\/#primaryimage\"},\"thumbnailUrl\":\"https:\\\/\\\/www.un.org\\\/pga\\\/wp-content\\\/uploads\\\/sites\\\/53\\\/2019\\\/04\\\/IMG_E7453-1.jpg\",\"articleSection\":[\"Readout\"],\"inLanguage\":\"en-US\"},{\"@type\":\"WebPage\",\"@id\":\"https:\\\/\\\/www.un.org\\\/pga\\\/73\\\/2019\\\/04\\\/30\\\/readout-meeting-the-minister-for-foreign-affairs-of-sweden\\\/\",\"url\":\"https:\\\/\\\/www.un.org\\\/pga\\\/73\\\/2019\\\/04\\\/30\\\/readout-meeting-the-minister-for-foreign-affairs-of-sweden\\\/\",\"name\":\"READOUT: meeting with the Minister for Foreign Affairs of Sweden - General Assembly of the United Nations\",\"isPartOf\":{\"@id\":\"https:\\\/\\\/www.un.org\\\/pga\\\/73\\\/#website\"},\"primaryImageOfPage\":{\"@id\":\"https:\\\/\\\/www.un.org\\\/pga\\\/73\\\/2019\\\/04\\\/30\\\/readout-meeting-the-minister-for-foreign-affairs-of-sweden\\\/#primaryimage\"},\"image\":{\"@id\":\"https:\\\/\\\/www.un.org\\\/pga\\\/73\\\/2019\\\/04\\\/30\\\/readout-meeting-the-minister-for-foreign-affairs-of-sweden\\\/#primaryimage\"},\"thumbnailUrl\":\"https:\\\/\\\/www.un.org\\\/pga\\\/wp-content\\\/uploads\\\/sites\\\/53\\\/2019\\\/04\\\/IMG_E7453-1.jpg\",\"datePublished\":\"2019-04-30T21:42:26+00:00\",\"dateModified\":\"2019-05-02T14:04:17+00:00\",\"breadcrumb\":{\"@id\":\"https:\\\/\\\/www.un.org\\\/pga\\\/73\\\/2019\\\/04\\\/30\\\/readout-meeting-the-minister-for-foreign-affairs-of-sweden\\\/#breadcrumb\"},\"inLanguage\":\"en-US\",\"potentialAction\":[{\"@type\":\"ReadAction\",\"target\":[\"https:\\\/\\\/www.un.org\\\/pga\\\/73\\\/2019\\\/04\\\/30\\\/readout-meeting-the-minister-for-foreign-affairs-of-sweden\\\/\"]}]},{\"@type\":\"ImageObject\",\"inLanguage\":\"en-US\",\"@id\":\"https:\\\/\\\/www.un.org\\\/pga\\\/73\\\/2019\\\/04\\\/30\\\/readout-meeting-the-minister-for-foreign-affairs-of-sweden\\\/#primaryimage\",\"url\":\"https:\\\/\\\/www.un.org\\\/pga\\\/wp-content\\\/uploads\\\/sites\\\/53\\\/2019\\\/04\\\/IMG_E7453-1.jpg\",\"contentUrl\":\"https:\\\/\\\/www.un.org\\\/pga\\\/wp-content\\\/uploads\\\/sites\\\/53\\\/2019\\\/04\\\/IMG_E7453-1.jpg\",\"width\":2048,\"height\":1536},{\"@type\":\"BreadcrumbList\",\"@id\":\"https:\\\/\\\/www.un.org\\\/pga\\\/73\\\/2019\\\/04\\\/30\\\/readout-meeting-the-minister-for-foreign-affairs-of-sweden\\\/#breadcrumb\",\"itemListElement\":[{\"@type\":\"ListItem\",\"position\":1,\"name\":\"Home\",\"item\":\"https:\\\/\\\/www.un.org\\\/pga\\\/73\\\/\"},{\"@type\":\"ListItem\",\"position\":2,\"name\":\"READOUT: meeting with the Minister for Foreign Affairs of Sweden\"}]},{\"@type\":\"WebSite\",\"@id\":\"https:\\\/\\\/www.un.org\\\/pga\\\/73\\\/#website\",\"url\":\"https:\\\/\\\/www.un.org\\\/pga\\\/73\\\/\",\"name\":\"General Assembly of the United Nations\",\"description\":\"President of the 73rd session\",\"publisher\":{\"@id\":\"https:\\\/\\\/www.un.org\\\/pga\\\/73\\\/#organization\"},\"potentialAction\":[{\"@type\":\"SearchAction\",\"target\":{\"@type\":\"EntryPoint\",\"urlTemplate\":\"https:\\\/\\\/www.un.org\\\/pga\\\/73\\\/?s={search_term_string}\"},\"query-input\":{\"@type\":\"PropertyValueSpecification\",\"valueRequired\":true,\"valueName\":\"search_term_string\"}}],\"inLanguage\":\"en-US\"},{\"@type\":\"Organization\",\"@id\":\"https:\\\/\\\/www.un.org\\\/pga\\\/73\\\/#organization\",\"name\":\"General Assembly of the United Nations\",\"url\":\"https:\\\/\\\/www.un.org\\\/pga\\\/73\\\/\",\"logo\":{\"@type\":\"ImageObject\",\"inLanguage\":\"en-US\",\"@id\":\"https:\\\/\\\/www.un.org\\\/pga\\\/73\\\/#\\\/schema\\\/logo\\\/image\\\/\",\"url\":\"https:\\\/\\\/www.un.org\\\/pga\\\/wp-content\\\/uploads\\\/sites\\\/53\\\/2018\\\/07\\\/18-00066a_Ä¢¹½ÊÓÆµGA73_Logos-no-type-04.png\",\"contentUrl\":\"https:\\\/\\\/www.un.org\\\/pga\\\/wp-content\\\/uploads\\\/sites\\\/53\\\/2018\\\/07\\\/18-00066a_Ä¢¹½ÊÓÆµGA73_Logos-no-type-04.png\",\"width\":529,\"height\":601,\"caption\":\"General Assembly of the United Nations\"},\"image\":{\"@id\":\"https:\\\/\\\/www.un.org\\\/pga\\\/73\\\/#\\\/schema\\\/logo\\\/image\\\/\"}},{\"@type\":\"Person\",\"@id\":\"https:\\\/\\\/www.un.org\\\/pga\\\/73\\\/#\\\/schema\\\/person\\\/af470bea9354ed1b453ade6d22b5c9ee\",\"name\":\"Denise Kling\",\"image\":{\"@type\":\"ImageObject\",\"inLanguage\":\"en-US\",\"@id\":\"https:\\\/\\\/secure.gravatar.com\\\/avatar\\\/b5fdae9d2ae28ca0f434202f2c9b6f29640a2b757fdbaa4592687900a399db3d?s=96&d=mm&r=g\",\"url\":\"https:\\\/\\\/secure.gravatar.com\\\/avatar\\\/b5fdae9d2ae28ca0f434202f2c9b6f29640a2b757fdbaa4592687900a399db3d?s=96&d=mm&r=g\",\"contentUrl\":\"https:\\\/\\\/secure.gravatar.com\\\/avatar\\\/b5fdae9d2ae28ca0f434202f2c9b6f29640a2b757fdbaa4592687900a399db3d?s=96&d=mm&r=g\",\"caption\":\"Denise Kling\"},\"url\":\"https:\\\/\\\/www.un.org\\\/pga\\\/73\\\/author\\\/denise-klingun-org\\\/\"}]}<\/script>\n<!-- \/ Yoast SEO plugin. -->","yoast_head_json":{"title":"READOUT: meeting with the Minister for Foreign Affairs of Sweden - General Assembly of the United Nations","robots":{"index":"index","follow":"follow","max-snippet":"max-snippet:-1","max-image-preview":"max-image-preview:large","max-video-preview":"max-video-preview:-1"},"canonical":"https:\/\/www.un.org\/pga\/73\/2019\/04\/30\/readout-meeting-the-minister-for-foreign-affairs-of-sweden\/","og_locale":"en_US","og_type":"article","og_title":"READOUT: meeting with the Minister for Foreign Affairs of Sweden - General Assembly of the United Nations","og_description":"The President of the 73rd session of the United Nations General Assembly, H.E. Ms. Mar\u00eda Fernanda Espinosa Garc\u00e9s, met with H.E. Ms. Margot Wallstr\u00f6m, Minister for Foreign Affairs of [&hellip;]","og_url":"https:\/\/www.un.org\/pga\/73\/2019\/04\/30\/readout-meeting-the-minister-for-foreign-affairs-of-sweden\/","og_site_name":"General Assembly of the United Nations","article_published_time":"2019-04-30T21:42:26+00:00","article_modified_time":"2019-05-02T14:04:17+00:00","og_image":[{"width":2048,"height":1536,"url":"https:\/\/www.un.org\/pga\/wp-content\/uploads\/sites\/53\/2019\/04\/IMG_E7453-1.jpg","type":"image\/jpeg"}],"author":"Denise Kling","twitter_card":"summary_large_image","twitter_misc":{"Written by":"Denise Kling","Est. reading time":"1 minute"},"schema":{"@context":"https:\/\/schema.org","@graph":[{"@type":"Article","@id":"https:\/\/www.un.org\/pga\/73\/2019\/04\/30\/readout-meeting-the-minister-for-foreign-affairs-of-sweden\/#article","isPartOf":{"@id":"https:\/\/www.un.org\/pga\/73\/2019\/04\/30\/readout-meeting-the-minister-for-foreign-affairs-of-sweden\/"},"author":{"name":"Denise Kling","@id":"https:\/\/www.un.org\/pga\/73\/#\/schema\/person\/af470bea9354ed1b453ade6d22b5c9ee"},"headline":"READOUT: meeting with the Minister for Foreign Affairs of Sweden","datePublished":"2019-04-30T21:42:26+00:00","dateModified":"2019-05-02T14:04:17+00:00","mainEntityOfPage":{"@id":"https:\/\/www.un.org\/pga\/73\/2019\/04\/30\/readout-meeting-the-minister-for-foreign-affairs-of-sweden\/"},"wordCount":154,"publisher":{"@id":"https:\/\/www.un.org\/pga\/73\/#organization"},"image":{"@id":"https:\/\/www.un.org\/pga\/73\/2019\/04\/30\/readout-meeting-the-minister-for-foreign-affairs-of-sweden\/#primaryimage"},"thumbnailUrl":"https:\/\/www.un.org\/pga\/wp-content\/uploads\/sites\/53\/2019\/04\/IMG_E7453-1.jpg","articleSection":["Readout"],"inLanguage":"en-US"},{"@type":"WebPage","@id":"https:\/\/www.un.org\/pga\/73\/2019\/04\/30\/readout-meeting-the-minister-for-foreign-affairs-of-sweden\/","url":"https:\/\/www.un.org\/pga\/73\/2019\/04\/30\/readout-meeting-the-minister-for-foreign-affairs-of-sweden\/","name":"READOUT: meeting with the Minister for Foreign Affairs of Sweden - General Assembly of the United Nations","isPartOf":{"@id":"https:\/\/www.un.org\/pga\/73\/#website"},"primaryImageOfPage":{"@id":"https:\/\/www.un.org\/pga\/73\/2019\/04\/30\/readout-meeting-the-minister-for-foreign-affairs-of-sweden\/#primaryimage"},"image":{"@id":"https:\/\/www.un.org\/pga\/73\/2019\/04\/30\/readout-meeting-the-minister-for-foreign-affairs-of-sweden\/#primaryimage"},"thumbnailUrl":"https:\/\/www.un.org\/pga\/wp-content\/uploads\/sites\/53\/2019\/04\/IMG_E7453-1.jpg","datePublished":"2019-04-30T21:42:26+00:00","dateModified":"2019-05-02T14:04:17+00:00","breadcrumb":{"@id":"https:\/\/www.un.org\/pga\/73\/2019\/04\/30\/readout-meeting-the-minister-for-foreign-affairs-of-sweden\/#breadcrumb"},"inLanguage":"en-US","potentialAction":[{"@type":"ReadAction","target":["https:\/\/www.un.org\/pga\/73\/2019\/04\/30\/readout-meeting-the-minister-for-foreign-affairs-of-sweden\/"]}]},{"@type":"ImageObject","inLanguage":"en-US","@id":"https:\/\/www.un.org\/pga\/73\/2019\/04\/30\/readout-meeting-the-minister-for-foreign-affairs-of-sweden\/#primaryimage","url":"https:\/\/www.un.org\/pga\/wp-content\/uploads\/sites\/53\/2019\/04\/IMG_E7453-1.jpg","contentUrl":"https:\/\/www.un.org\/pga\/wp-content\/uploads\/sites\/53\/2019\/04\/IMG_E7453-1.jpg","width":2048,"height":1536},{"@type":"BreadcrumbList","@id":"https:\/\/www.un.org\/pga\/73\/2019\/04\/30\/readout-meeting-the-minister-for-foreign-affairs-of-sweden\/#breadcrumb","itemListElement":[{"@type":"ListItem","position":1,"name":"Home","item":"https:\/\/www.un.org\/pga\/73\/"},{"@type":"ListItem","position":2,"name":"READOUT: meeting with the Minister for Foreign Affairs of Sweden"}]},{"@type":"WebSite","@id":"https:\/\/www.un.org\/pga\/73\/#website","url":"https:\/\/www.un.org\/pga\/73\/","name":"General Assembly of the United Nations","description":"President of the 73rd session","publisher":{"@id":"https:\/\/www.un.org\/pga\/73\/#organization"},"potentialAction":[{"@type":"SearchAction","target":{"@type":"EntryPoint","urlTemplate":"https:\/\/www.un.org\/pga\/73\/?s={search_term_string}"},"query-input":{"@type":"PropertyValueSpecification","valueRequired":true,"valueName":"search_term_string"}}],"inLanguage":"en-US"},{"@type":"Organization","@id":"https:\/\/www.un.org\/pga\/73\/#organization","name":"General Assembly of the United Nations","url":"https:\/\/www.un.org\/pga\/73\/","logo":{"@type":"ImageObject","inLanguage":"en-US","@id":"https:\/\/www.un.org\/pga\/73\/#\/schema\/logo\/image\/","url":"https:\/\/www.un.org\/pga\/wp-content\/uploads\/sites\/53\/2018\/07\/18-00066a_Ä¢¹½ÊÓÆµGA73_Logos-no-type-04.png","contentUrl":"https:\/\/www.un.org\/pga\/wp-content\/uploads\/sites\/53\/2018\/07\/18-00066a_Ä¢¹½ÊÓÆµGA73_Logos-no-type-04.png","width":529,"height":601,"caption":"General Assembly of the United Nations"},"image":{"@id":"https:\/\/www.un.org\/pga\/73\/#\/schema\/logo\/image\/"}},{"@type":"Person","@id":"https:\/\/www.un.org\/pga\/73\/#\/schema\/person\/af470bea9354ed1b453ade6d22b5c9ee","name":"Denise Kling","image":{"@type":"ImageObject","inLanguage":"en-US","@id":"https:\/\/secure.gravatar.com\/avatar\/b5fdae9d2ae28ca0f434202f2c9b6f29640a2b757fdbaa4592687900a399db3d?s=96&d=mm&r=g","url":"https:\/\/secure.gravatar.com\/avatar\/b5fdae9d2ae28ca0f434202f2c9b6f29640a2b757fdbaa4592687900a399db3d?s=96&d=mm&r=g","contentUrl":"https:\/\/secure.gravatar.com\/avatar\/b5fdae9d2ae28ca0f434202f2c9b6f29640a2b757fdbaa4592687900a399db3d?s=96&d=mm&r=g","caption":"Denise Kling"},"url":"https:\/\/www.un.org\/pga\/73\/author\/denise-klingun-org\/"}]}},"_links":{"self":[{"href":"https:\/\/www.un.org\/pga\/73\/wp-json\/wp\/v2\/posts\/189984","targetHints":{"allow":["GET"]}}],"collection":[{"href":"https:\/\/www.un.org\/pga\/73\/wp-json\/wp\/v2\/posts"}],"about":[{"href":"https:\/\/www.un.org\/pga\/73\/wp-json\/wp\/v2\/types\/post"}],"author":[{"embeddable":true,"href":"https:\/\/www.un.org\/pga\/73\/wp-json\/wp\/v2\/users\/266"}],"replies":[{"embeddable":true,"href":"https:\/\/www.un.org\/pga\/73\/wp-json\/wp\/v2\/comments?post=189984"}],"version-history":[{"count":0,"href":"https:\/\/www.un.org\/pga\/73\/wp-json\/wp\/v2\/posts\/189984\/revisions"}],"wp:featuredmedia":[{"embeddable":true,"href":"https:\/\/www.un.org\/pga\/73\/wp-json\/wp\/v2\/media\/189993"}],"wp:attachment":[{"href":"https:\/\/www.un.org\/pga\/73\/wp-json\/wp\/v2\/media?parent=189984"}],"wp:term":[{"taxonomy":"category","embeddable":true,"href":"https:\/\/www.un.org\/pga\/73\/wp-json\/wp\/v2\/categories?post=189984"},{"taxonomy":"post_tag","embeddable":true,"href":"https:\/\/www.un.org\/pga\/73\/wp-json\/wp\/v2\/tags?post=189984"}],"curies":[{"name":"wp","href":"https:\/\/api.w.org\/{rel}","templated":true}]}}