  {"id":199331,"date":"2019-04-03T17:30:56","date_gmt":"2019-04-03T21:30:56","guid":{"rendered":"https:\/\/www.un.org\/pga\/73\/?p=199331"},"modified":"2019-07-11T17:34:55","modified_gmt":"2019-07-11T21:34:55","slug":"maria-fernanda-espinosa-presidenta-de-la-asamblea-general-de-la-onu-detalla-a-forbes-mexico-los-alcances-del-pacto-sobre-migracion-y-el-acuerdo-de-cooperacion-del-triangulo-norte-de-ca","status":"publish","type":"post","link":"https:\/\/www.un.org\/pga\/73\/2019\/04\/03\/maria-fernanda-espinosa-presidenta-de-la-asamblea-general-de-la-onu-detalla-a-forbes-mexico-los-alcances-del-pacto-sobre-migracion-y-el-acuerdo-de-cooperacion-del-triangulo-norte-de-ca\/","title":{"rendered":"Mar\u00eda Fernanda Espinosa, presidenta de la Asamblea General de la ONU, detalla a Forbes M\u00e9xico los alcances del Pacto Sobre Migraci\u00f3n y el acuerdo de cooperaci\u00f3n del Tri\u00e1ngulo Norte de CA."},"content":{"rendered":"<p>[et_pb_section bb_built=&#8221;1&#8243;][et_pb_row][et_pb_column type=&#8221;4_4&#8243;][et_pb_text _builder_version=&#8221;3.24&#8243; text_text_shadow_horizontal_length=&#8221;text_text_shadow_style,%91object Object%93&#8243; text_text_shadow_horizontal_length_tablet=&#8221;0px&#8221; text_text_shadow_vertical_length=&#8221;text_text_shadow_style,%91object Object%93&#8243; text_text_shadow_vertical_length_tablet=&#8221;0px&#8221; text_text_shadow_blur_strength=&#8221;text_text_shadow_style,%91object Object%93&#8243; text_text_shadow_blur_strength_tablet=&#8221;1px&#8221; link_text_shadow_horizontal_length=&#8221;link_text_shadow_style,%91object Object%93&#8243; link_text_shadow_horizontal_length_tablet=&#8221;0px&#8221; link_text_shadow_vertical_length=&#8221;link_text_shadow_style,%91object Object%93&#8243; link_text_shadow_vertical_length_tablet=&#8221;0px&#8221; link_text_shadow_blur_strength=&#8221;link_text_shadow_style,%91object Object%93&#8243; link_text_shadow_blur_strength_tablet=&#8221;1px&#8221; ul_text_shadow_horizontal_length=&#8221;ul_text_shadow_style,%91object Object%93&#8243; ul_text_shadow_horizontal_length_tablet=&#8221;0px&#8221; ul_text_shadow_vertical_length=&#8221;ul_text_shadow_style,%91object Object%93&#8243; ul_text_shadow_vertical_length_tablet=&#8221;0px&#8221; ul_text_shadow_blur_strength=&#8221;ul_text_shadow_style,%91object Object%93&#8243; ul_text_shadow_blur_strength_tablet=&#8221;1px&#8221; ol_text_shadow_horizontal_length=&#8221;ol_text_shadow_style,%91object Object%93&#8243; ol_text_shadow_horizontal_length_tablet=&#8221;0px&#8221; ol_text_shadow_vertical_length=&#8221;ol_text_shadow_style,%91object Object%93&#8243; ol_text_shadow_vertical_length_tablet=&#8221;0px&#8221; ol_text_shadow_blur_strength=&#8221;ol_text_shadow_style,%91object Object%93&#8243; ol_text_shadow_blur_strength_tablet=&#8221;1px&#8221; quote_text_shadow_horizontal_length=&#8221;quote_text_shadow_style,%91object Object%93&#8243; quote_text_shadow_horizontal_length_tablet=&#8221;0px&#8221; quote_text_shadow_vertical_length=&#8221;quote_text_shadow_style,%91object Object%93&#8243; quote_text_shadow_vertical_length_tablet=&#8221;0px&#8221; quote_text_shadow_blur_strength=&#8221;quote_text_shadow_style,%91object Object%93&#8243; quote_text_shadow_blur_strength_tablet=&#8221;1px&#8221; header_text_shadow_horizontal_length=&#8221;header_text_shadow_style,%91object Object%93&#8243; header_text_shadow_horizontal_length_tablet=&#8221;0px&#8221; header_text_shadow_vertical_length=&#8221;header_text_shadow_style,%91object Object%93&#8243; header_text_shadow_vertical_length_tablet=&#8221;0px&#8221; header_text_shadow_blur_strength=&#8221;header_text_shadow_style,%91object Object%93&#8243; header_text_shadow_blur_strength_tablet=&#8221;1px&#8221; header_2_text_shadow_horizontal_length=&#8221;header_2_text_shadow_style,%91object Object%93&#8243; header_2_text_shadow_horizontal_length_tablet=&#8221;0px&#8221; header_2_text_shadow_vertical_length=&#8221;header_2_text_shadow_style,%91object Object%93&#8243; header_2_text_shadow_vertical_length_tablet=&#8221;0px&#8221; header_2_text_shadow_blur_strength=&#8221;header_2_text_shadow_style,%91object Object%93&#8243; header_2_text_shadow_blur_strength_tablet=&#8221;1px&#8221; header_3_text_shadow_horizontal_length=&#8221;header_3_text_shadow_style,%91object Object%93&#8243; header_3_text_shadow_horizontal_length_tablet=&#8221;0px&#8221; header_3_text_shadow_vertical_length=&#8221;header_3_text_shadow_style,%91object Object%93&#8243; header_3_text_shadow_vertical_length_tablet=&#8221;0px&#8221; header_3_text_shadow_blur_strength=&#8221;header_3_text_shadow_style,%91object Object%93&#8243; header_3_text_shadow_blur_strength_tablet=&#8221;1px&#8221; header_4_text_shadow_horizontal_length=&#8221;header_4_text_shadow_style,%91object Object%93&#8243; header_4_text_shadow_horizontal_length_tablet=&#8221;0px&#8221; header_4_text_shadow_vertical_length=&#8221;header_4_text_shadow_style,%91object Object%93&#8243; header_4_text_shadow_vertical_length_tablet=&#8221;0px&#8221; header_4_text_shadow_blur_strength=&#8221;header_4_text_shadow_style,%91object Object%93&#8243; header_4_text_shadow_blur_strength_tablet=&#8221;1px&#8221; header_5_text_shadow_horizontal_length=&#8221;header_5_text_shadow_style,%91object Object%93&#8243; header_5_text_shadow_horizontal_length_tablet=&#8221;0px&#8221; header_5_text_shadow_vertical_length=&#8221;header_5_text_shadow_style,%91object Object%93&#8243; header_5_text_shadow_vertical_length_tablet=&#8221;0px&#8221; header_5_text_shadow_blur_strength=&#8221;header_5_text_shadow_style,%91object Object%93&#8243; header_5_text_shadow_blur_strength_tablet=&#8221;1px&#8221; header_6_text_shadow_horizontal_length=&#8221;header_6_text_shadow_style,%91object Object%93&#8243; header_6_text_shadow_horizontal_length_tablet=&#8221;0px&#8221; header_6_text_shadow_vertical_length=&#8221;header_6_text_shadow_style,%91object Object%93&#8243; header_6_text_shadow_vertical_length_tablet=&#8221;0px&#8221; header_6_text_shadow_blur_strength=&#8221;header_6_text_shadow_style,%91object Object%93&#8243; header_6_text_shadow_blur_strength_tablet=&#8221;1px&#8221; box_shadow_horizontal_tablet=&#8221;0px&#8221; box_shadow_vertical_tablet=&#8221;0px&#8221; box_shadow_blur_tablet=&#8221;40px&#8221; box_shadow_spread_tablet=&#8221;0px&#8221; z_index_tablet=&#8221;500&#8243;]<\/p>\n<p><a href=\"https:\/\/www.forbes.com.mx\/invertir-en-desarrollo-para-frenar-la-migracion\/\"><img loading=\"lazy\" decoding=\"async\" class=\"aligncenter  wp-image-199334\" src=\"https:\/\/www.un.org\/pga\/73\/wp-content\/uploads\/sites\/53\/2019\/07\/forbes-mexico-300x259.png\" alt=\"\" width=\"535\" height=\"462\" srcset=\"https:\/\/www.un.org\/pga\/wp-content\/uploads\/sites\/53\/2019\/07\/forbes-mexico-300x259.png 300w, https:\/\/www.un.org\/pga\/wp-content\/uploads\/sites\/53\/2019\/07\/forbes-mexico-150x129.png 150w, https:\/\/www.un.org\/pga\/wp-content\/uploads\/sites\/53\/2019\/07\/forbes-mexico-768x662.png 768w, https:\/\/www.un.org\/pga\/wp-content\/uploads\/sites\/53\/2019\/07\/forbes-mexico.png 999w\" sizes=\"(max-width: 535px) 100vw, 535px\" \/><\/a><\/p>\n<p>La violencia y el cambio clim\u00e1tico han agravado la migraci\u00f3n en el mundo, en tanto que la respuesta de la ONU a este fen\u00f3meno, el Pacto Global sobre Migraci\u00f3n, ha sido blanco de una campa\u00f1a de desinformaci\u00f3n en redes sociales por parte de grupos conservadores de distintas regiones del mundo para desalentar la adhesi\u00f3n de pa\u00edses al acuerdo, se\u00f1ala Mar\u00eda Fernanda Espinosa, presidenta de la Asamblea General de Naciones Unidas. No obstante, el Pacto fue signado por la mayor\u00eda de los pa\u00edses y entr\u00f3 en vigencia de inmediato, agrega la funcionaria.<\/p>\n<p>[\/et_pb_text][\/et_pb_column][\/et_pb_row][\/et_pb_section]<\/p>\n","protected":false},"excerpt":{"rendered":"<p>Ser un pa\u00eds de contenci\u00f3n de migrantes no resuelve el problema &#8211;  Mar\u00eda Fernanda Espinosa, presidenta de la Asamblea General de la ONU, detalla a Forbes M\u00e9xico los alcances del Pacto Sobre Migraci\u00f3n y el acuerdo de cooperaci\u00f3n del Tri\u00e1ngulo Norte de CA.<\/p>\n","protected":false},"author":266,"featured_media":199334,"comment_status":"closed","ping_status":"closed","sticky":false,"template":"","format":"standard","meta":{"_et_pb_use_builder":"on","_et_pb_old_content":"","_et_gb_content_width":"","footnotes":"","_links_to":"","_links_to_target":""},"categories":[774],"tags":[],"class_list":["post-199331","post","type-post","status-publish","format-standard","has-post-thumbnail","hentry","category-media-highlights","et-has-post-format-content","et_post_format-et-post-format-standard"],"yoast_head":"<!-- This site is optimized with the Yoast SEO plugin v28.3 - https:\/\/yoast.com\/product\/yoast-seo-wordpress\/ -->\n<title>Mar\u00eda Fernanda Espinosa, presidenta de la Asamblea General de la ONU, detalla a Forbes M\u00e9xico los alcances del Pacto Sobre Migraci\u00f3n y el acuerdo de cooperaci\u00f3n del Tri\u00e1ngulo Norte de CA. - General Assembly of the United Nations<\/title>\n<meta name=\"robots\" content=\"index, follow, max-snippet:-1, max-image-preview:large, max-video-preview:-1\" \/>\n<link rel=\"canonical\" href=\"https:\/\/www.un.org\/pga\/73\/2019\/04\/03\/maria-fernanda-espinosa-presidenta-de-la-asamblea-general-de-la-onu-detalla-a-forbes-mexico-los-alcances-del-pacto-sobre-migracion-y-el-acuerdo-de-cooperacion-del-triangulo-norte-de-ca\/\" \/>\n<meta property=\"og:locale\" content=\"en_US\" \/>\n<meta property=\"og:type\" content=\"article\" \/>\n<meta property=\"og:title\" content=\"Mar\u00eda Fernanda Espinosa, presidenta de la Asamblea General de la ONU, detalla a Forbes M\u00e9xico los alcances del Pacto Sobre Migraci\u00f3n y el acuerdo de cooperaci\u00f3n del Tri\u00e1ngulo Norte de CA. - General Assembly of the United Nations\" \/>\n<meta property=\"og:description\" content=\"Ser un pa\u00eds de contenci\u00f3n de migrantes no resuelve el problema - Mar\u00eda Fernanda Espinosa, presidenta de la Asamblea General de la ONU, detalla a Forbes M\u00e9xico los alcances del Pacto Sobre Migraci\u00f3n y el acuerdo de cooperaci\u00f3n del Tri\u00e1ngulo Norte de CA.\" \/>\n<meta property=\"og:url\" content=\"https:\/\/www.un.org\/pga\/73\/2019\/04\/03\/maria-fernanda-espinosa-presidenta-de-la-asamblea-general-de-la-onu-detalla-a-forbes-mexico-los-alcances-del-pacto-sobre-migracion-y-el-acuerdo-de-cooperacion-del-triangulo-norte-de-ca\/\" \/>\n<meta property=\"og:site_name\" content=\"General Assembly of the United Nations\" \/>\n<meta property=\"article:published_time\" content=\"2019-04-03T21:30:56+00:00\" \/>\n<meta property=\"article:modified_time\" content=\"2019-07-11T21:34:55+00:00\" \/>\n<meta property=\"og:image\" content=\"https:\/\/www.un.org\/pga\/wp-content\/uploads\/sites\/53\/2019\/07\/forbes-mexico.png\" \/>\n\t<meta property=\"og:image:width\" content=\"999\" \/>\n\t<meta property=\"og:image:height\" content=\"861\" \/>\n\t<meta property=\"og:image:type\" content=\"image\/png\" \/>\n<meta name=\"author\" content=\"Denise Kling\" \/>\n<meta name=\"twitter:card\" content=\"summary_large_image\" \/>\n<meta name=\"twitter:label1\" content=\"Written by\" \/>\n\t<meta name=\"twitter:data1\" content=\"Denise Kling\" \/>\n\t<meta name=\"twitter:label2\" content=\"Est. reading time\" \/>\n\t<meta name=\"twitter:data2\" content=\"4 minutes\" \/>\n<script type=\"application\/ld+json\" class=\"yoast-schema-graph\">{\"@context\":\"https:\\\/\\\/schema.org\",\"@graph\":[{\"@type\":\"Article\",\"@id\":\"https:\\\/\\\/www.un.org\\\/pga\\\/73\\\/2019\\\/04\\\/03\\\/maria-fernanda-espinosa-presidenta-de-la-asamblea-general-de-la-onu-detalla-a-forbes-mexico-los-alcances-del-pacto-sobre-migracion-y-el-acuerdo-de-cooperacion-del-triangulo-norte-de-ca\\\/#article\",\"isPartOf\":{\"@id\":\"https:\\\/\\\/www.un.org\\\/pga\\\/73\\\/2019\\\/04\\\/03\\\/maria-fernanda-espinosa-presidenta-de-la-asamblea-general-de-la-onu-detalla-a-forbes-mexico-los-alcances-del-pacto-sobre-migracion-y-el-acuerdo-de-cooperacion-del-triangulo-norte-de-ca\\\/\"},\"author\":{\"name\":\"Denise Kling\",\"@id\":\"https:\\\/\\\/www.un.org\\\/pga\\\/73\\\/#\\\/schema\\\/person\\\/af470bea9354ed1b453ade6d22b5c9ee\"},\"headline\":\"Mar\u00eda Fernanda Espinosa, presidenta de la Asamblea General de la ONU, detalla a Forbes M\u00e9xico los alcances del Pacto Sobre Migraci\u00f3n y el acuerdo de cooperaci\u00f3n del Tri\u00e1ngulo Norte de CA.\",\"datePublished\":\"2019-04-03T21:30:56+00:00\",\"dateModified\":\"2019-07-11T21:34:55+00:00\",\"mainEntityOfPage\":{\"@id\":\"https:\\\/\\\/www.un.org\\\/pga\\\/73\\\/2019\\\/04\\\/03\\\/maria-fernanda-espinosa-presidenta-de-la-asamblea-general-de-la-onu-detalla-a-forbes-mexico-los-alcances-del-pacto-sobre-migracion-y-el-acuerdo-de-cooperacion-del-triangulo-norte-de-ca\\\/\"},\"wordCount\":785,\"publisher\":{\"@id\":\"https:\\\/\\\/www.un.org\\\/pga\\\/73\\\/#organization\"},\"image\":{\"@id\":\"https:\\\/\\\/www.un.org\\\/pga\\\/73\\\/2019\\\/04\\\/03\\\/maria-fernanda-espinosa-presidenta-de-la-asamblea-general-de-la-onu-detalla-a-forbes-mexico-los-alcances-del-pacto-sobre-migracion-y-el-acuerdo-de-cooperacion-del-triangulo-norte-de-ca\\\/#primaryimage\"},\"thumbnailUrl\":\"https:\\\/\\\/www.un.org\\\/pga\\\/wp-content\\\/uploads\\\/sites\\\/53\\\/2019\\\/07\\\/forbes-mexico.png\",\"articleSection\":[\"Media Highlights\"],\"inLanguage\":\"en-US\"},{\"@type\":\"WebPage\",\"@id\":\"https:\\\/\\\/www.un.org\\\/pga\\\/73\\\/2019\\\/04\\\/03\\\/maria-fernanda-espinosa-presidenta-de-la-asamblea-general-de-la-onu-detalla-a-forbes-mexico-los-alcances-del-pacto-sobre-migracion-y-el-acuerdo-de-cooperacion-del-triangulo-norte-de-ca\\\/\",\"url\":\"https:\\\/\\\/www.un.org\\\/pga\\\/73\\\/2019\\\/04\\\/03\\\/maria-fernanda-espinosa-presidenta-de-la-asamblea-general-de-la-onu-detalla-a-forbes-mexico-los-alcances-del-pacto-sobre-migracion-y-el-acuerdo-de-cooperacion-del-triangulo-norte-de-ca\\\/\",\"name\":\"Mar\u00eda Fernanda Espinosa, presidenta de la Asamblea General de la ONU, detalla a Forbes M\u00e9xico los alcances del Pacto Sobre Migraci\u00f3n y el acuerdo de cooperaci\u00f3n del Tri\u00e1ngulo Norte de CA. - General Assembly of the United Nations\",\"isPartOf\":{\"@id\":\"https:\\\/\\\/www.un.org\\\/pga\\\/73\\\/#website\"},\"primaryImageOfPage\":{\"@id\":\"https:\\\/\\\/www.un.org\\\/pga\\\/73\\\/2019\\\/04\\\/03\\\/maria-fernanda-espinosa-presidenta-de-la-asamblea-general-de-la-onu-detalla-a-forbes-mexico-los-alcances-del-pacto-sobre-migracion-y-el-acuerdo-de-cooperacion-del-triangulo-norte-de-ca\\\/#primaryimage\"},\"image\":{\"@id\":\"https:\\\/\\\/www.un.org\\\/pga\\\/73\\\/2019\\\/04\\\/03\\\/maria-fernanda-espinosa-presidenta-de-la-asamblea-general-de-la-onu-detalla-a-forbes-mexico-los-alcances-del-pacto-sobre-migracion-y-el-acuerdo-de-cooperacion-del-triangulo-norte-de-ca\\\/#primaryimage\"},\"thumbnailUrl\":\"https:\\\/\\\/www.un.org\\\/pga\\\/wp-content\\\/uploads\\\/sites\\\/53\\\/2019\\\/07\\\/forbes-mexico.png\",\"datePublished\":\"2019-04-03T21:30:56+00:00\",\"dateModified\":\"2019-07-11T21:34:55+00:00\",\"breadcrumb\":{\"@id\":\"https:\\\/\\\/www.un.org\\\/pga\\\/73\\\/2019\\\/04\\\/03\\\/maria-fernanda-espinosa-presidenta-de-la-asamblea-general-de-la-onu-detalla-a-forbes-mexico-los-alcances-del-pacto-sobre-migracion-y-el-acuerdo-de-cooperacion-del-triangulo-norte-de-ca\\\/#breadcrumb\"},\"inLanguage\":\"en-US\",\"potentialAction\":[{\"@type\":\"ReadAction\",\"target\":[\"https:\\\/\\\/www.un.org\\\/pga\\\/73\\\/2019\\\/04\\\/03\\\/maria-fernanda-espinosa-presidenta-de-la-asamblea-general-de-la-onu-detalla-a-forbes-mexico-los-alcances-del-pacto-sobre-migracion-y-el-acuerdo-de-cooperacion-del-triangulo-norte-de-ca\\\/\"]}]},{\"@type\":\"ImageObject\",\"inLanguage\":\"en-US\",\"@id\":\"https:\\\/\\\/www.un.org\\\/pga\\\/73\\\/2019\\\/04\\\/03\\\/maria-fernanda-espinosa-presidenta-de-la-asamblea-general-de-la-onu-detalla-a-forbes-mexico-los-alcances-del-pacto-sobre-migracion-y-el-acuerdo-de-cooperacion-del-triangulo-norte-de-ca\\\/#primaryimage\",\"url\":\"https:\\\/\\\/www.un.org\\\/pga\\\/wp-content\\\/uploads\\\/sites\\\/53\\\/2019\\\/07\\\/forbes-mexico.png\",\"contentUrl\":\"https:\\\/\\\/www.un.org\\\/pga\\\/wp-content\\\/uploads\\\/sites\\\/53\\\/2019\\\/07\\\/forbes-mexico.png\",\"width\":999,\"height\":861},{\"@type\":\"BreadcrumbList\",\"@id\":\"https:\\\/\\\/www.un.org\\\/pga\\\/73\\\/2019\\\/04\\\/03\\\/maria-fernanda-espinosa-presidenta-de-la-asamblea-general-de-la-onu-detalla-a-forbes-mexico-los-alcances-del-pacto-sobre-migracion-y-el-acuerdo-de-cooperacion-del-triangulo-norte-de-ca\\\/#breadcrumb\",\"itemListElement\":[{\"@type\":\"ListItem\",\"position\":1,\"name\":\"Home\",\"item\":\"https:\\\/\\\/www.un.org\\\/pga\\\/73\\\/\"},{\"@type\":\"ListItem\",\"position\":2,\"name\":\"Mar\u00eda Fernanda Espinosa, presidenta de la Asamblea General de la ONU, detalla a Forbes M\u00e9xico los alcances del Pacto Sobre Migraci\u00f3n y el acuerdo de cooperaci\u00f3n del Tri\u00e1ngulo Norte de CA.\"}]},{\"@type\":\"WebSite\",\"@id\":\"https:\\\/\\\/www.un.org\\\/pga\\\/73\\\/#website\",\"url\":\"https:\\\/\\\/www.un.org\\\/pga\\\/73\\\/\",\"name\":\"General Assembly of the United Nations\",\"description\":\"President of the 73rd session\",\"publisher\":{\"@id\":\"https:\\\/\\\/www.un.org\\\/pga\\\/73\\\/#organization\"},\"potentialAction\":[{\"@type\":\"SearchAction\",\"target\":{\"@type\":\"EntryPoint\",\"urlTemplate\":\"https:\\\/\\\/www.un.org\\\/pga\\\/73\\\/?s={search_term_string}\"},\"query-input\":{\"@type\":\"PropertyValueSpecification\",\"valueRequired\":true,\"valueName\":\"search_term_string\"}}],\"inLanguage\":\"en-US\"},{\"@type\":\"Organization\",\"@id\":\"https:\\\/\\\/www.un.org\\\/pga\\\/73\\\/#organization\",\"name\":\"General Assembly of the United Nations\",\"url\":\"https:\\\/\\\/www.un.org\\\/pga\\\/73\\\/\",\"logo\":{\"@type\":\"ImageObject\",\"inLanguage\":\"en-US\",\"@id\":\"https:\\\/\\\/www.un.org\\\/pga\\\/73\\\/#\\\/schema\\\/logo\\\/image\\\/\",\"url\":\"https:\\\/\\\/www.un.org\\\/pga\\\/wp-content\\\/uploads\\\/sites\\\/53\\\/2018\\\/07\\\/18-00066a_Ä¢¹½ÊÓÆµGA73_Logos-no-type-04.png\",\"contentUrl\":\"https:\\\/\\\/www.un.org\\\/pga\\\/wp-content\\\/uploads\\\/sites\\\/53\\\/2018\\\/07\\\/18-00066a_Ä¢¹½ÊÓÆµGA73_Logos-no-type-04.png\",\"width\":529,\"height\":601,\"caption\":\"General Assembly of the United Nations\"},\"image\":{\"@id\":\"https:\\\/\\\/www.un.org\\\/pga\\\/73\\\/#\\\/schema\\\/logo\\\/image\\\/\"}},{\"@type\":\"Person\",\"@id\":\"https:\\\/\\\/www.un.org\\\/pga\\\/73\\\/#\\\/schema\\\/person\\\/af470bea9354ed1b453ade6d22b5c9ee\",\"name\":\"Denise Kling\",\"image\":{\"@type\":\"ImageObject\",\"inLanguage\":\"en-US\",\"@id\":\"https:\\\/\\\/secure.gravatar.com\\\/avatar\\\/b5fdae9d2ae28ca0f434202f2c9b6f29640a2b757fdbaa4592687900a399db3d?s=96&d=mm&r=g\",\"url\":\"https:\\\/\\\/secure.gravatar.com\\\/avatar\\\/b5fdae9d2ae28ca0f434202f2c9b6f29640a2b757fdbaa4592687900a399db3d?s=96&d=mm&r=g\",\"contentUrl\":\"https:\\\/\\\/secure.gravatar.com\\\/avatar\\\/b5fdae9d2ae28ca0f434202f2c9b6f29640a2b757fdbaa4592687900a399db3d?s=96&d=mm&r=g\",\"caption\":\"Denise Kling\"},\"url\":\"https:\\\/\\\/www.un.org\\\/pga\\\/73\\\/author\\\/denise-klingun-org\\\/\"}]}<\/script>\n<!-- \/ Yoast SEO plugin. -->","yoast_head_json":{"title":"Mar\u00eda Fernanda Espinosa, presidenta de la Asamblea General de la ONU, detalla a Forbes M\u00e9xico los alcances del Pacto Sobre Migraci\u00f3n y el acuerdo de cooperaci\u00f3n del Tri\u00e1ngulo Norte de CA. - General Assembly of the United Nations","robots":{"index":"index","follow":"follow","max-snippet":"max-snippet:-1","max-image-preview":"max-image-preview:large","max-video-preview":"max-video-preview:-1"},"canonical":"https:\/\/www.un.org\/pga\/73\/2019\/04\/03\/maria-fernanda-espinosa-presidenta-de-la-asamblea-general-de-la-onu-detalla-a-forbes-mexico-los-alcances-del-pacto-sobre-migracion-y-el-acuerdo-de-cooperacion-del-triangulo-norte-de-ca\/","og_locale":"en_US","og_type":"article","og_title":"Mar\u00eda Fernanda Espinosa, presidenta de la Asamblea General de la ONU, detalla a Forbes M\u00e9xico los alcances del Pacto Sobre Migraci\u00f3n y el acuerdo de cooperaci\u00f3n del Tri\u00e1ngulo Norte de CA. - General Assembly of the United Nations","og_description":"Ser un pa\u00eds de contenci\u00f3n de migrantes no resuelve el problema - Mar\u00eda Fernanda Espinosa, presidenta de la Asamblea General de la ONU, detalla a Forbes M\u00e9xico los alcances del Pacto Sobre Migraci\u00f3n y el acuerdo de cooperaci\u00f3n del Tri\u00e1ngulo Norte de CA.","og_url":"https:\/\/www.un.org\/pga\/73\/2019\/04\/03\/maria-fernanda-espinosa-presidenta-de-la-asamblea-general-de-la-onu-detalla-a-forbes-mexico-los-alcances-del-pacto-sobre-migracion-y-el-acuerdo-de-cooperacion-del-triangulo-norte-de-ca\/","og_site_name":"General Assembly of the United Nations","article_published_time":"2019-04-03T21:30:56+00:00","article_modified_time":"2019-07-11T21:34:55+00:00","og_image":[{"width":999,"height":861,"url":"https:\/\/www.un.org\/pga\/wp-content\/uploads\/sites\/53\/2019\/07\/forbes-mexico.png","type":"image\/png"}],"author":"Denise Kling","twitter_card":"summary_large_image","twitter_misc":{"Written by":"Denise Kling","Est. reading time":"4 minutes"},"schema":{"@context":"https:\/\/schema.org","@graph":[{"@type":"Article","@id":"https:\/\/www.un.org\/pga\/73\/2019\/04\/03\/maria-fernanda-espinosa-presidenta-de-la-asamblea-general-de-la-onu-detalla-a-forbes-mexico-los-alcances-del-pacto-sobre-migracion-y-el-acuerdo-de-cooperacion-del-triangulo-norte-de-ca\/#article","isPartOf":{"@id":"https:\/\/www.un.org\/pga\/73\/2019\/04\/03\/maria-fernanda-espinosa-presidenta-de-la-asamblea-general-de-la-onu-detalla-a-forbes-mexico-los-alcances-del-pacto-sobre-migracion-y-el-acuerdo-de-cooperacion-del-triangulo-norte-de-ca\/"},"author":{"name":"Denise Kling","@id":"https:\/\/www.un.org\/pga\/73\/#\/schema\/person\/af470bea9354ed1b453ade6d22b5c9ee"},"headline":"Mar\u00eda Fernanda Espinosa, presidenta de la Asamblea General de la ONU, detalla a Forbes M\u00e9xico los alcances del Pacto Sobre Migraci\u00f3n y el acuerdo de cooperaci\u00f3n del Tri\u00e1ngulo Norte de CA.","datePublished":"2019-04-03T21:30:56+00:00","dateModified":"2019-07-11T21:34:55+00:00","mainEntityOfPage":{"@id":"https:\/\/www.un.org\/pga\/73\/2019\/04\/03\/maria-fernanda-espinosa-presidenta-de-la-asamblea-general-de-la-onu-detalla-a-forbes-mexico-los-alcances-del-pacto-sobre-migracion-y-el-acuerdo-de-cooperacion-del-triangulo-norte-de-ca\/"},"wordCount":785,"publisher":{"@id":"https:\/\/www.un.org\/pga\/73\/#organization"},"image":{"@id":"https:\/\/www.un.org\/pga\/73\/2019\/04\/03\/maria-fernanda-espinosa-presidenta-de-la-asamblea-general-de-la-onu-detalla-a-forbes-mexico-los-alcances-del-pacto-sobre-migracion-y-el-acuerdo-de-cooperacion-del-triangulo-norte-de-ca\/#primaryimage"},"thumbnailUrl":"https:\/\/www.un.org\/pga\/wp-content\/uploads\/sites\/53\/2019\/07\/forbes-mexico.png","articleSection":["Media Highlights"],"inLanguage":"en-US"},{"@type":"WebPage","@id":"https:\/\/www.un.org\/pga\/73\/2019\/04\/03\/maria-fernanda-espinosa-presidenta-de-la-asamblea-general-de-la-onu-detalla-a-forbes-mexico-los-alcances-del-pacto-sobre-migracion-y-el-acuerdo-de-cooperacion-del-triangulo-norte-de-ca\/","url":"https:\/\/www.un.org\/pga\/73\/2019\/04\/03\/maria-fernanda-espinosa-presidenta-de-la-asamblea-general-de-la-onu-detalla-a-forbes-mexico-los-alcances-del-pacto-sobre-migracion-y-el-acuerdo-de-cooperacion-del-triangulo-norte-de-ca\/","name":"Mar\u00eda Fernanda Espinosa, presidenta de la Asamblea General de la ONU, detalla a Forbes M\u00e9xico los alcances del Pacto Sobre Migraci\u00f3n y el acuerdo de cooperaci\u00f3n del Tri\u00e1ngulo Norte de CA. - General Assembly of the United Nations","isPartOf":{"@id":"https:\/\/www.un.org\/pga\/73\/#website"},"primaryImageOfPage":{"@id":"https:\/\/www.un.org\/pga\/73\/2019\/04\/03\/maria-fernanda-espinosa-presidenta-de-la-asamblea-general-de-la-onu-detalla-a-forbes-mexico-los-alcances-del-pacto-sobre-migracion-y-el-acuerdo-de-cooperacion-del-triangulo-norte-de-ca\/#primaryimage"},"image":{"@id":"https:\/\/www.un.org\/pga\/73\/2019\/04\/03\/maria-fernanda-espinosa-presidenta-de-la-asamblea-general-de-la-onu-detalla-a-forbes-mexico-los-alcances-del-pacto-sobre-migracion-y-el-acuerdo-de-cooperacion-del-triangulo-norte-de-ca\/#primaryimage"},"thumbnailUrl":"https:\/\/www.un.org\/pga\/wp-content\/uploads\/sites\/53\/2019\/07\/forbes-mexico.png","datePublished":"2019-04-03T21:30:56+00:00","dateModified":"2019-07-11T21:34:55+00:00","breadcrumb":{"@id":"https:\/\/www.un.org\/pga\/73\/2019\/04\/03\/maria-fernanda-espinosa-presidenta-de-la-asamblea-general-de-la-onu-detalla-a-forbes-mexico-los-alcances-del-pacto-sobre-migracion-y-el-acuerdo-de-cooperacion-del-triangulo-norte-de-ca\/#breadcrumb"},"inLanguage":"en-US","potentialAction":[{"@type":"ReadAction","target":["https:\/\/www.un.org\/pga\/73\/2019\/04\/03\/maria-fernanda-espinosa-presidenta-de-la-asamblea-general-de-la-onu-detalla-a-forbes-mexico-los-alcances-del-pacto-sobre-migracion-y-el-acuerdo-de-cooperacion-del-triangulo-norte-de-ca\/"]}]},{"@type":"ImageObject","inLanguage":"en-US","@id":"https:\/\/www.un.org\/pga\/73\/2019\/04\/03\/maria-fernanda-espinosa-presidenta-de-la-asamblea-general-de-la-onu-detalla-a-forbes-mexico-los-alcances-del-pacto-sobre-migracion-y-el-acuerdo-de-cooperacion-del-triangulo-norte-de-ca\/#primaryimage","url":"https:\/\/www.un.org\/pga\/wp-content\/uploads\/sites\/53\/2019\/07\/forbes-mexico.png","contentUrl":"https:\/\/www.un.org\/pga\/wp-content\/uploads\/sites\/53\/2019\/07\/forbes-mexico.png","width":999,"height":861},{"@type":"BreadcrumbList","@id":"https:\/\/www.un.org\/pga\/73\/2019\/04\/03\/maria-fernanda-espinosa-presidenta-de-la-asamblea-general-de-la-onu-detalla-a-forbes-mexico-los-alcances-del-pacto-sobre-migracion-y-el-acuerdo-de-cooperacion-del-triangulo-norte-de-ca\/#breadcrumb","itemListElement":[{"@type":"ListItem","position":1,"name":"Home","item":"https:\/\/www.un.org\/pga\/73\/"},{"@type":"ListItem","position":2,"name":"Mar\u00eda Fernanda Espinosa, presidenta de la Asamblea General de la ONU, detalla a Forbes M\u00e9xico los alcances del Pacto Sobre Migraci\u00f3n y el acuerdo de cooperaci\u00f3n del Tri\u00e1ngulo Norte de CA."}]},{"@type":"WebSite","@id":"https:\/\/www.un.org\/pga\/73\/#website","url":"https:\/\/www.un.org\/pga\/73\/","name":"General Assembly of the United Nations","description":"President of the 73rd session","publisher":{"@id":"https:\/\/www.un.org\/pga\/73\/#organization"},"potentialAction":[{"@type":"SearchAction","target":{"@type":"EntryPoint","urlTemplate":"https:\/\/www.un.org\/pga\/73\/?s={search_term_string}"},"query-input":{"@type":"PropertyValueSpecification","valueRequired":true,"valueName":"search_term_string"}}],"inLanguage":"en-US"},{"@type":"Organization","@id":"https:\/\/www.un.org\/pga\/73\/#organization","name":"General Assembly of the United Nations","url":"https:\/\/www.un.org\/pga\/73\/","logo":{"@type":"ImageObject","inLanguage":"en-US","@id":"https:\/\/www.un.org\/pga\/73\/#\/schema\/logo\/image\/","url":"https:\/\/www.un.org\/pga\/wp-content\/uploads\/sites\/53\/2018\/07\/18-00066a_Ä¢¹½ÊÓÆµGA73_Logos-no-type-04.png","contentUrl":"https:\/\/www.un.org\/pga\/wp-content\/uploads\/sites\/53\/2018\/07\/18-00066a_Ä¢¹½ÊÓÆµGA73_Logos-no-type-04.png","width":529,"height":601,"caption":"General Assembly of the United Nations"},"image":{"@id":"https:\/\/www.un.org\/pga\/73\/#\/schema\/logo\/image\/"}},{"@type":"Person","@id":"https:\/\/www.un.org\/pga\/73\/#\/schema\/person\/af470bea9354ed1b453ade6d22b5c9ee","name":"Denise Kling","image":{"@type":"ImageObject","inLanguage":"en-US","@id":"https:\/\/secure.gravatar.com\/avatar\/b5fdae9d2ae28ca0f434202f2c9b6f29640a2b757fdbaa4592687900a399db3d?s=96&d=mm&r=g","url":"https:\/\/secure.gravatar.com\/avatar\/b5fdae9d2ae28ca0f434202f2c9b6f29640a2b757fdbaa4592687900a399db3d?s=96&d=mm&r=g","contentUrl":"https:\/\/secure.gravatar.com\/avatar\/b5fdae9d2ae28ca0f434202f2c9b6f29640a2b757fdbaa4592687900a399db3d?s=96&d=mm&r=g","caption":"Denise Kling"},"url":"https:\/\/www.un.org\/pga\/73\/author\/denise-klingun-org\/"}]}},"_links":{"self":[{"href":"https:\/\/www.un.org\/pga\/73\/wp-json\/wp\/v2\/posts\/199331","targetHints":{"allow":["GET"]}}],"collection":[{"href":"https:\/\/www.un.org\/pga\/73\/wp-json\/wp\/v2\/posts"}],"about":[{"href":"https:\/\/www.un.org\/pga\/73\/wp-json\/wp\/v2\/types\/post"}],"author":[{"embeddable":true,"href":"https:\/\/www.un.org\/pga\/73\/wp-json\/wp\/v2\/users\/266"}],"replies":[{"embeddable":true,"href":"https:\/\/www.un.org\/pga\/73\/wp-json\/wp\/v2\/comments?post=199331"}],"version-history":[{"count":0,"href":"https:\/\/www.un.org\/pga\/73\/wp-json\/wp\/v2\/posts\/199331\/revisions"}],"wp:featuredmedia":[{"embeddable":true,"href":"https:\/\/www.un.org\/pga\/73\/wp-json\/wp\/v2\/media\/199334"}],"wp:attachment":[{"href":"https:\/\/www.un.org\/pga\/73\/wp-json\/wp\/v2\/media?parent=199331"}],"wp:term":[{"taxonomy":"category","embeddable":true,"href":"https:\/\/www.un.org\/pga\/73\/wp-json\/wp\/v2\/categories?post=199331"},{"taxonomy":"post_tag","embeddable":true,"href":"https:\/\/www.un.org\/pga\/73\/wp-json\/wp\/v2\/tags?post=199331"}],"curies":[{"name":"wp","href":"https:\/\/api.w.org\/{rel}","templated":true}]}}