  {"id":201534,"date":"2019-08-01T18:24:11","date_gmt":"2019-08-01T22:24:11","guid":{"rendered":"https:\/\/www.un.org\/pga\/73\/?p=201534"},"modified":"2019-08-02T18:33:45","modified_gmt":"2019-08-02T22:33:45","slug":"general-assembly-plenary-meeting-in-tribute-to-the-memory-of-his-excellency-beji-caid-essebsi-president-of-the-republic-of-tunisia","status":"publish","type":"post","link":"https:\/\/www.un.org\/pga\/73\/2019\/08\/01\/general-assembly-plenary-meeting-in-tribute-to-the-memory-of-his-excellency-beji-caid-essebsi-president-of-the-republic-of-tunisia\/","title":{"rendered":"General Assembly Plenary Meeting in Tribute to the memory of His Excellency B\u00e9ji Ca\u00efd Essebsi, President of the Republic of Tunisia"},"content":{"rendered":"<p>[et_pb_section bb_built=&#8221;1&#8243; inner_width=&#8221;auto&#8221; inner_max_width=&#8221;none&#8221;][et_pb_row][et_pb_column type=&#8221;4_4&#8243; custom_padding__hover=&#8221;|||&#8221; custom_padding=&#8221;|||&#8221;][et_pb_text _builder_version=&#8221;3.26.5&#8243; border_style=&#8221;solid&#8221; background_position=&#8221;top_left&#8221; background_repeat=&#8221;repeat&#8221; background_size=&#8221;initial&#8221; text_text_shadow_horizontal_length=&#8221;text_text_shadow_style,%91object Object%93&#8243; text_text_shadow_horizontal_length_tablet=&#8221;0px&#8221; text_text_shadow_vertical_length=&#8221;text_text_shadow_style,%91object Object%93&#8243; text_text_shadow_vertical_length_tablet=&#8221;0px&#8221; text_text_shadow_blur_strength=&#8221;text_text_shadow_style,%91object Object%93&#8243; text_text_shadow_blur_strength_tablet=&#8221;1px&#8221; link_text_shadow_horizontal_length=&#8221;link_text_shadow_style,%91object Object%93&#8243; link_text_shadow_horizontal_length_tablet=&#8221;0px&#8221; link_text_shadow_vertical_length=&#8221;link_text_shadow_style,%91object Object%93&#8243; link_text_shadow_vertical_length_tablet=&#8221;0px&#8221; link_text_shadow_blur_strength=&#8221;link_text_shadow_style,%91object Object%93&#8243; link_text_shadow_blur_strength_tablet=&#8221;1px&#8221; ul_text_shadow_horizontal_length=&#8221;ul_text_shadow_style,%91object Object%93&#8243; ul_text_shadow_horizontal_length_tablet=&#8221;0px&#8221; ul_text_shadow_vertical_length=&#8221;ul_text_shadow_style,%91object Object%93&#8243; ul_text_shadow_vertical_length_tablet=&#8221;0px&#8221; ul_text_shadow_blur_strength=&#8221;ul_text_shadow_style,%91object Object%93&#8243; ul_text_shadow_blur_strength_tablet=&#8221;1px&#8221; ol_text_shadow_horizontal_length=&#8221;ol_text_shadow_style,%91object Object%93&#8243; ol_text_shadow_horizontal_length_tablet=&#8221;0px&#8221; ol_text_shadow_vertical_length=&#8221;ol_text_shadow_style,%91object Object%93&#8243; ol_text_shadow_vertical_length_tablet=&#8221;0px&#8221; ol_text_shadow_blur_strength=&#8221;ol_text_shadow_style,%91object Object%93&#8243; ol_text_shadow_blur_strength_tablet=&#8221;1px&#8221; quote_text_shadow_horizontal_length=&#8221;quote_text_shadow_style,%91object Object%93&#8243; quote_text_shadow_horizontal_length_tablet=&#8221;0px&#8221; quote_text_shadow_vertical_length=&#8221;quote_text_shadow_style,%91object Object%93&#8243; quote_text_shadow_vertical_length_tablet=&#8221;0px&#8221; quote_text_shadow_blur_strength=&#8221;quote_text_shadow_style,%91object Object%93&#8243; quote_text_shadow_blur_strength_tablet=&#8221;1px&#8221; header_text_shadow_horizontal_length=&#8221;header_text_shadow_style,%91object Object%93&#8243; header_text_shadow_horizontal_length_tablet=&#8221;0px&#8221; header_text_shadow_vertical_length=&#8221;header_text_shadow_style,%91object Object%93&#8243; header_text_shadow_vertical_length_tablet=&#8221;0px&#8221; header_text_shadow_blur_strength=&#8221;header_text_shadow_style,%91object Object%93&#8243; header_text_shadow_blur_strength_tablet=&#8221;1px&#8221; header_2_text_shadow_horizontal_length=&#8221;header_2_text_shadow_style,%91object Object%93&#8243; header_2_text_shadow_horizontal_length_tablet=&#8221;0px&#8221; header_2_text_shadow_vertical_length=&#8221;header_2_text_shadow_style,%91object Object%93&#8243; header_2_text_shadow_vertical_length_tablet=&#8221;0px&#8221; header_2_text_shadow_blur_strength=&#8221;header_2_text_shadow_style,%91object Object%93&#8243; header_2_text_shadow_blur_strength_tablet=&#8221;1px&#8221; header_3_text_shadow_horizontal_length=&#8221;header_3_text_shadow_style,%91object Object%93&#8243; header_3_text_shadow_horizontal_length_tablet=&#8221;0px&#8221; header_3_text_shadow_vertical_length=&#8221;header_3_text_shadow_style,%91object Object%93&#8243; header_3_text_shadow_vertical_length_tablet=&#8221;0px&#8221; header_3_text_shadow_blur_strength=&#8221;header_3_text_shadow_style,%91object Object%93&#8243; header_3_text_shadow_blur_strength_tablet=&#8221;1px&#8221; header_4_text_shadow_horizontal_length=&#8221;header_4_text_shadow_style,%91object Object%93&#8243; header_4_text_shadow_horizontal_length_tablet=&#8221;0px&#8221; header_4_text_shadow_vertical_length=&#8221;header_4_text_shadow_style,%91object Object%93&#8243; header_4_text_shadow_vertical_length_tablet=&#8221;0px&#8221; header_4_text_shadow_blur_strength=&#8221;header_4_text_shadow_style,%91object Object%93&#8243; header_4_text_shadow_blur_strength_tablet=&#8221;1px&#8221; header_5_text_shadow_horizontal_length=&#8221;header_5_text_shadow_style,%91object Object%93&#8243; header_5_text_shadow_horizontal_length_tablet=&#8221;0px&#8221; header_5_text_shadow_vertical_length=&#8221;header_5_text_shadow_style,%91object Object%93&#8243; header_5_text_shadow_vertical_length_tablet=&#8221;0px&#8221; header_5_text_shadow_blur_strength=&#8221;header_5_text_shadow_style,%91object Object%93&#8243; header_5_text_shadow_blur_strength_tablet=&#8221;1px&#8221; header_6_text_shadow_horizontal_length=&#8221;header_6_text_shadow_style,%91object Object%93&#8243; header_6_text_shadow_horizontal_length_tablet=&#8221;0px&#8221; header_6_text_shadow_vertical_length=&#8221;header_6_text_shadow_style,%91object Object%93&#8243; header_6_text_shadow_vertical_length_tablet=&#8221;0px&#8221; header_6_text_shadow_blur_strength=&#8221;header_6_text_shadow_style,%91object Object%93&#8243; header_6_text_shadow_blur_strength_tablet=&#8221;1px&#8221; box_shadow_horizontal_tablet=&#8221;0px&#8221; box_shadow_vertical_tablet=&#8221;0px&#8221; box_shadow_blur_tablet=&#8221;40px&#8221; box_shadow_spread_tablet=&#8221;0px&#8221; z_index_tablet=&#8221;500&#8243;]<\/p>\n<p style=\"text-align: center\"><strong><em>&#8211; As delivered &#8211;<\/em><\/strong><\/p>\n<h3>Statement by H.E. Mrs. Mar\u00eda Fernanda Espinosa Garc\u00e9s, President of the 73<sup>rd<\/sup> Session of the Ä¢¹½ÊÓÆµ General Assembly<\/h3>\n<p><strong><span class=\"updated\">1 August 2019<\/span><\/strong><\/p>\n<p><img loading=\"lazy\" decoding=\"async\" class=\"alignleft wp-image-201537 \" src=\"https:\/\/www.un.org\/pga\/73\/wp-content\/uploads\/sites\/53\/2019\/08\/Tweet1-300x200.jpg\" alt=\"\" width=\"365\" height=\"243\" srcset=\"https:\/\/www.un.org\/pga\/wp-content\/uploads\/sites\/53\/2019\/08\/Tweet1-300x200.jpg 300w, https:\/\/www.un.org\/pga\/wp-content\/uploads\/sites\/53\/2019\/08\/Tweet1-150x100.jpg 150w, https:\/\/www.un.org\/pga\/wp-content\/uploads\/sites\/53\/2019\/08\/Tweet1-768x512.jpg 768w, https:\/\/www.un.org\/pga\/wp-content\/uploads\/sites\/53\/2019\/08\/Tweet1-1024x683.jpg 1024w, https:\/\/www.un.org\/pga\/wp-content\/uploads\/sites\/53\/2019\/08\/Tweet1-1080x720.jpg 1080w, https:\/\/www.un.org\/pga\/wp-content\/uploads\/sites\/53\/2019\/08\/Tweet1.jpg 2048w\" sizes=\"(max-width: 365px) 100vw, 365px\" \/><\/p>\n<p>Esteemed Ant\u00f3nio Guterres, Secretary General,<\/p>\n<p>Distinguished Ambassador Sami Bougacha, Charg\u00e9 D\u2019affaires of Tunisia to the United Nations,<\/p>\n<p>Distinguished Permanent Representatives,<\/p>\n<p>Ladies and Gentlemen:<\/p>\n<p>On behalf of the General Assembly and all representatives, I extend the Government of Tunisia my deepest condolences for the passing of President B\u00e9ji Ca\u00efd Essebsi.<\/p>\n<p>President Essebsi was a great statesperson, a man who knew how to lead, in a peaceful manner, the democratic transition of Tunisia, one of the most relevant and complex moments for that country and its future.<\/p>\n<p>The values and ideals he had in favor of the Independence of Tunisia since he was young, led him to choose politics as an instrument to serve his fellow citizens.<\/p>\n<p>In the various political capacities he worked in, he was known for his strength and commitment to his country and region.<\/p>\n<p>He was also a resolute advocate of the purposes and principles of our Organization and of multilateralism.<\/p>\n<p>His legacy to secure democracy, attain sustainable development and promote the human rights of the people of Tunisia must be continued.<\/p>\n<p>I trust that the Tunisian authorities will guide the steps of the Republic responsibly during this interim until the next presidential elections.<\/p>\n<p>I share the pain of the family and friends of Mister Essebsi, and I would thank the Charg\u00e9 D\u2019affaires of Tunisia if he would be so kind as to convey this message and the sincere tribute that the General Assembly is paying today to such a transcendental figure for his country, his region and the world.<\/p>\n<p>Thank you.<\/p>\n<p>[\/et_pb_text][\/et_pb_column][\/et_pb_row][\/et_pb_section]<\/p>\n","protected":false},"excerpt":{"rendered":"<p>STATEMENT OF THE PRESIDENT OF THE 73RD GENERAL ASSEMBLY, H.E. MAR\u00cdA FERNANDA ESPINOSA &#8211; General Assembly Plenary Meeting in Tribute to the memory of His Excellency B\u00e9ji Ca\u00efd Essebsi, President of the Republic of Tunisia<\/p>\n","protected":false},"author":266,"featured_media":201537,"comment_status":"closed","ping_status":"closed","sticky":false,"template":"","format":"standard","meta":{"_et_pb_use_builder":"on","_et_pb_old_content":"","_et_gb_content_width":"","footnotes":"","_links_to":"","_links_to_target":""},"categories":[53],"tags":[],"class_list":["post-201534","post","type-post","status-publish","format-standard","has-post-thumbnail","hentry","category-speeches","et-has-post-format-content","et_post_format-et-post-format-standard"],"yoast_head":"<!-- This site is optimized with the Yoast SEO plugin v28.3 - https:\/\/yoast.com\/product\/yoast-seo-wordpress\/ -->\n<title>General Assembly Plenary Meeting in Tribute to the memory of His Excellency B\u00e9ji Ca\u00efd Essebsi, President of the Republic of Tunisia - General Assembly of the United Nations<\/title>\n<meta name=\"robots\" content=\"index, follow, max-snippet:-1, max-image-preview:large, max-video-preview:-1\" \/>\n<link rel=\"canonical\" href=\"https:\/\/www.un.org\/pga\/73\/2019\/08\/01\/general-assembly-plenary-meeting-in-tribute-to-the-memory-of-his-excellency-beji-caid-essebsi-president-of-the-republic-of-tunisia\/\" \/>\n<meta property=\"og:locale\" content=\"en_US\" \/>\n<meta property=\"og:type\" content=\"article\" \/>\n<meta property=\"og:title\" content=\"General Assembly Plenary Meeting in Tribute to the memory of His Excellency B\u00e9ji Ca\u00efd Essebsi, President of the Republic of Tunisia - General Assembly of the United Nations\" \/>\n<meta property=\"og:description\" content=\"STATEMENT OF THE PRESIDENT OF THE 73RD GENERAL ASSEMBLY, H.E. MAR\u00cdA FERNANDA ESPINOSA - General Assembly Plenary Meeting in Tribute to the memory of His Excellency B\u00e9ji Ca\u00efd Essebsi, President of the Republic of Tunisia\" \/>\n<meta property=\"og:url\" content=\"https:\/\/www.un.org\/pga\/73\/2019\/08\/01\/general-assembly-plenary-meeting-in-tribute-to-the-memory-of-his-excellency-beji-caid-essebsi-president-of-the-republic-of-tunisia\/\" \/>\n<meta property=\"og:site_name\" content=\"General Assembly of the United Nations\" \/>\n<meta property=\"article:published_time\" content=\"2019-08-01T22:24:11+00:00\" \/>\n<meta property=\"article:modified_time\" content=\"2019-08-02T22:33:45+00:00\" \/>\n<meta property=\"og:image\" content=\"https:\/\/www.un.org\/pga\/wp-content\/uploads\/sites\/53\/2019\/08\/Tweet1.jpg\" \/>\n\t<meta property=\"og:image:width\" content=\"2048\" \/>\n\t<meta property=\"og:image:height\" content=\"1365\" \/>\n\t<meta property=\"og:image:type\" content=\"image\/jpeg\" \/>\n<meta name=\"author\" content=\"Denise Kling\" \/>\n<meta name=\"twitter:card\" content=\"summary_large_image\" \/>\n<meta name=\"twitter:label1\" content=\"Written by\" \/>\n\t<meta name=\"twitter:data1\" content=\"Denise Kling\" \/>\n\t<meta name=\"twitter:label2\" content=\"Est. reading time\" \/>\n\t<meta name=\"twitter:data2\" content=\"5 minutes\" \/>\n<script type=\"application\/ld+json\" class=\"yoast-schema-graph\">{\"@context\":\"https:\\\/\\\/schema.org\",\"@graph\":[{\"@type\":\"Article\",\"@id\":\"https:\\\/\\\/www.un.org\\\/pga\\\/73\\\/2019\\\/08\\\/01\\\/general-assembly-plenary-meeting-in-tribute-to-the-memory-of-his-excellency-beji-caid-essebsi-president-of-the-republic-of-tunisia\\\/#article\",\"isPartOf\":{\"@id\":\"https:\\\/\\\/www.un.org\\\/pga\\\/73\\\/2019\\\/08\\\/01\\\/general-assembly-plenary-meeting-in-tribute-to-the-memory-of-his-excellency-beji-caid-essebsi-president-of-the-republic-of-tunisia\\\/\"},\"author\":{\"name\":\"Denise Kling\",\"@id\":\"https:\\\/\\\/www.un.org\\\/pga\\\/73\\\/#\\\/schema\\\/person\\\/af470bea9354ed1b453ade6d22b5c9ee\"},\"headline\":\"General Assembly Plenary Meeting in Tribute to the memory of His Excellency B\u00e9ji Ca\u00efd Essebsi, President of the Republic of Tunisia\",\"datePublished\":\"2019-08-01T22:24:11+00:00\",\"dateModified\":\"2019-08-02T22:33:45+00:00\",\"mainEntityOfPage\":{\"@id\":\"https:\\\/\\\/www.un.org\\\/pga\\\/73\\\/2019\\\/08\\\/01\\\/general-assembly-plenary-meeting-in-tribute-to-the-memory-of-his-excellency-beji-caid-essebsi-president-of-the-republic-of-tunisia\\\/\"},\"wordCount\":979,\"publisher\":{\"@id\":\"https:\\\/\\\/www.un.org\\\/pga\\\/73\\\/#organization\"},\"image\":{\"@id\":\"https:\\\/\\\/www.un.org\\\/pga\\\/73\\\/2019\\\/08\\\/01\\\/general-assembly-plenary-meeting-in-tribute-to-the-memory-of-his-excellency-beji-caid-essebsi-president-of-the-republic-of-tunisia\\\/#primaryimage\"},\"thumbnailUrl\":\"https:\\\/\\\/www.un.org\\\/pga\\\/wp-content\\\/uploads\\\/sites\\\/53\\\/2019\\\/08\\\/Tweet1.jpg\",\"articleSection\":[\"Speeches\"],\"inLanguage\":\"en-US\"},{\"@type\":\"WebPage\",\"@id\":\"https:\\\/\\\/www.un.org\\\/pga\\\/73\\\/2019\\\/08\\\/01\\\/general-assembly-plenary-meeting-in-tribute-to-the-memory-of-his-excellency-beji-caid-essebsi-president-of-the-republic-of-tunisia\\\/\",\"url\":\"https:\\\/\\\/www.un.org\\\/pga\\\/73\\\/2019\\\/08\\\/01\\\/general-assembly-plenary-meeting-in-tribute-to-the-memory-of-his-excellency-beji-caid-essebsi-president-of-the-republic-of-tunisia\\\/\",\"name\":\"General Assembly Plenary Meeting in Tribute to the memory of His Excellency B\u00e9ji Ca\u00efd Essebsi, President of the Republic of Tunisia - General Assembly of the United Nations\",\"isPartOf\":{\"@id\":\"https:\\\/\\\/www.un.org\\\/pga\\\/73\\\/#website\"},\"primaryImageOfPage\":{\"@id\":\"https:\\\/\\\/www.un.org\\\/pga\\\/73\\\/2019\\\/08\\\/01\\\/general-assembly-plenary-meeting-in-tribute-to-the-memory-of-his-excellency-beji-caid-essebsi-president-of-the-republic-of-tunisia\\\/#primaryimage\"},\"image\":{\"@id\":\"https:\\\/\\\/www.un.org\\\/pga\\\/73\\\/2019\\\/08\\\/01\\\/general-assembly-plenary-meeting-in-tribute-to-the-memory-of-his-excellency-beji-caid-essebsi-president-of-the-republic-of-tunisia\\\/#primaryimage\"},\"thumbnailUrl\":\"https:\\\/\\\/www.un.org\\\/pga\\\/wp-content\\\/uploads\\\/sites\\\/53\\\/2019\\\/08\\\/Tweet1.jpg\",\"datePublished\":\"2019-08-01T22:24:11+00:00\",\"dateModified\":\"2019-08-02T22:33:45+00:00\",\"breadcrumb\":{\"@id\":\"https:\\\/\\\/www.un.org\\\/pga\\\/73\\\/2019\\\/08\\\/01\\\/general-assembly-plenary-meeting-in-tribute-to-the-memory-of-his-excellency-beji-caid-essebsi-president-of-the-republic-of-tunisia\\\/#breadcrumb\"},\"inLanguage\":\"en-US\",\"potentialAction\":[{\"@type\":\"ReadAction\",\"target\":[\"https:\\\/\\\/www.un.org\\\/pga\\\/73\\\/2019\\\/08\\\/01\\\/general-assembly-plenary-meeting-in-tribute-to-the-memory-of-his-excellency-beji-caid-essebsi-president-of-the-republic-of-tunisia\\\/\"]}]},{\"@type\":\"ImageObject\",\"inLanguage\":\"en-US\",\"@id\":\"https:\\\/\\\/www.un.org\\\/pga\\\/73\\\/2019\\\/08\\\/01\\\/general-assembly-plenary-meeting-in-tribute-to-the-memory-of-his-excellency-beji-caid-essebsi-president-of-the-republic-of-tunisia\\\/#primaryimage\",\"url\":\"https:\\\/\\\/www.un.org\\\/pga\\\/wp-content\\\/uploads\\\/sites\\\/53\\\/2019\\\/08\\\/Tweet1.jpg\",\"contentUrl\":\"https:\\\/\\\/www.un.org\\\/pga\\\/wp-content\\\/uploads\\\/sites\\\/53\\\/2019\\\/08\\\/Tweet1.jpg\",\"width\":2048,\"height\":1365},{\"@type\":\"BreadcrumbList\",\"@id\":\"https:\\\/\\\/www.un.org\\\/pga\\\/73\\\/2019\\\/08\\\/01\\\/general-assembly-plenary-meeting-in-tribute-to-the-memory-of-his-excellency-beji-caid-essebsi-president-of-the-republic-of-tunisia\\\/#breadcrumb\",\"itemListElement\":[{\"@type\":\"ListItem\",\"position\":1,\"name\":\"Home\",\"item\":\"https:\\\/\\\/www.un.org\\\/pga\\\/73\\\/\"},{\"@type\":\"ListItem\",\"position\":2,\"name\":\"General Assembly Plenary Meeting in Tribute to the memory of His Excellency B\u00e9ji Ca\u00efd Essebsi, President of the Republic of Tunisia\"}]},{\"@type\":\"WebSite\",\"@id\":\"https:\\\/\\\/www.un.org\\\/pga\\\/73\\\/#website\",\"url\":\"https:\\\/\\\/www.un.org\\\/pga\\\/73\\\/\",\"name\":\"General Assembly of the United Nations\",\"description\":\"President of the 73rd session\",\"publisher\":{\"@id\":\"https:\\\/\\\/www.un.org\\\/pga\\\/73\\\/#organization\"},\"potentialAction\":[{\"@type\":\"SearchAction\",\"target\":{\"@type\":\"EntryPoint\",\"urlTemplate\":\"https:\\\/\\\/www.un.org\\\/pga\\\/73\\\/?s={search_term_string}\"},\"query-input\":{\"@type\":\"PropertyValueSpecification\",\"valueRequired\":true,\"valueName\":\"search_term_string\"}}],\"inLanguage\":\"en-US\"},{\"@type\":\"Organization\",\"@id\":\"https:\\\/\\\/www.un.org\\\/pga\\\/73\\\/#organization\",\"name\":\"General Assembly of the United Nations\",\"url\":\"https:\\\/\\\/www.un.org\\\/pga\\\/73\\\/\",\"logo\":{\"@type\":\"ImageObject\",\"inLanguage\":\"en-US\",\"@id\":\"https:\\\/\\\/www.un.org\\\/pga\\\/73\\\/#\\\/schema\\\/logo\\\/image\\\/\",\"url\":\"https:\\\/\\\/www.un.org\\\/pga\\\/wp-content\\\/uploads\\\/sites\\\/53\\\/2018\\\/07\\\/18-00066a_Ä¢¹½ÊÓÆµGA73_Logos-no-type-04.png\",\"contentUrl\":\"https:\\\/\\\/www.un.org\\\/pga\\\/wp-content\\\/uploads\\\/sites\\\/53\\\/2018\\\/07\\\/18-00066a_Ä¢¹½ÊÓÆµGA73_Logos-no-type-04.png\",\"width\":529,\"height\":601,\"caption\":\"General Assembly of the United Nations\"},\"image\":{\"@id\":\"https:\\\/\\\/www.un.org\\\/pga\\\/73\\\/#\\\/schema\\\/logo\\\/image\\\/\"}},{\"@type\":\"Person\",\"@id\":\"https:\\\/\\\/www.un.org\\\/pga\\\/73\\\/#\\\/schema\\\/person\\\/af470bea9354ed1b453ade6d22b5c9ee\",\"name\":\"Denise Kling\",\"image\":{\"@type\":\"ImageObject\",\"inLanguage\":\"en-US\",\"@id\":\"https:\\\/\\\/secure.gravatar.com\\\/avatar\\\/b5fdae9d2ae28ca0f434202f2c9b6f29640a2b757fdbaa4592687900a399db3d?s=96&d=mm&r=g\",\"url\":\"https:\\\/\\\/secure.gravatar.com\\\/avatar\\\/b5fdae9d2ae28ca0f434202f2c9b6f29640a2b757fdbaa4592687900a399db3d?s=96&d=mm&r=g\",\"contentUrl\":\"https:\\\/\\\/secure.gravatar.com\\\/avatar\\\/b5fdae9d2ae28ca0f434202f2c9b6f29640a2b757fdbaa4592687900a399db3d?s=96&d=mm&r=g\",\"caption\":\"Denise Kling\"},\"url\":\"https:\\\/\\\/www.un.org\\\/pga\\\/73\\\/author\\\/denise-klingun-org\\\/\"}]}<\/script>\n<!-- \/ Yoast SEO plugin. -->","yoast_head_json":{"title":"General Assembly Plenary Meeting in Tribute to the memory of His Excellency B\u00e9ji Ca\u00efd Essebsi, President of the Republic of Tunisia - General Assembly of the United Nations","robots":{"index":"index","follow":"follow","max-snippet":"max-snippet:-1","max-image-preview":"max-image-preview:large","max-video-preview":"max-video-preview:-1"},"canonical":"https:\/\/www.un.org\/pga\/73\/2019\/08\/01\/general-assembly-plenary-meeting-in-tribute-to-the-memory-of-his-excellency-beji-caid-essebsi-president-of-the-republic-of-tunisia\/","og_locale":"en_US","og_type":"article","og_title":"General Assembly Plenary Meeting in Tribute to the memory of His Excellency B\u00e9ji Ca\u00efd Essebsi, President of the Republic of Tunisia - General Assembly of the United Nations","og_description":"STATEMENT OF THE PRESIDENT OF THE 73RD GENERAL ASSEMBLY, H.E. MAR\u00cdA FERNANDA ESPINOSA - General Assembly Plenary Meeting in Tribute to the memory of His Excellency B\u00e9ji Ca\u00efd Essebsi, President of the Republic of Tunisia","og_url":"https:\/\/www.un.org\/pga\/73\/2019\/08\/01\/general-assembly-plenary-meeting-in-tribute-to-the-memory-of-his-excellency-beji-caid-essebsi-president-of-the-republic-of-tunisia\/","og_site_name":"General Assembly of the United Nations","article_published_time":"2019-08-01T22:24:11+00:00","article_modified_time":"2019-08-02T22:33:45+00:00","og_image":[{"width":2048,"height":1365,"url":"https:\/\/www.un.org\/pga\/wp-content\/uploads\/sites\/53\/2019\/08\/Tweet1.jpg","type":"image\/jpeg"}],"author":"Denise Kling","twitter_card":"summary_large_image","twitter_misc":{"Written by":"Denise Kling","Est. reading time":"5 minutes"},"schema":{"@context":"https:\/\/schema.org","@graph":[{"@type":"Article","@id":"https:\/\/www.un.org\/pga\/73\/2019\/08\/01\/general-assembly-plenary-meeting-in-tribute-to-the-memory-of-his-excellency-beji-caid-essebsi-president-of-the-republic-of-tunisia\/#article","isPartOf":{"@id":"https:\/\/www.un.org\/pga\/73\/2019\/08\/01\/general-assembly-plenary-meeting-in-tribute-to-the-memory-of-his-excellency-beji-caid-essebsi-president-of-the-republic-of-tunisia\/"},"author":{"name":"Denise Kling","@id":"https:\/\/www.un.org\/pga\/73\/#\/schema\/person\/af470bea9354ed1b453ade6d22b5c9ee"},"headline":"General Assembly Plenary Meeting in Tribute to the memory of His Excellency B\u00e9ji Ca\u00efd Essebsi, President of the Republic of Tunisia","datePublished":"2019-08-01T22:24:11+00:00","dateModified":"2019-08-02T22:33:45+00:00","mainEntityOfPage":{"@id":"https:\/\/www.un.org\/pga\/73\/2019\/08\/01\/general-assembly-plenary-meeting-in-tribute-to-the-memory-of-his-excellency-beji-caid-essebsi-president-of-the-republic-of-tunisia\/"},"wordCount":979,"publisher":{"@id":"https:\/\/www.un.org\/pga\/73\/#organization"},"image":{"@id":"https:\/\/www.un.org\/pga\/73\/2019\/08\/01\/general-assembly-plenary-meeting-in-tribute-to-the-memory-of-his-excellency-beji-caid-essebsi-president-of-the-republic-of-tunisia\/#primaryimage"},"thumbnailUrl":"https:\/\/www.un.org\/pga\/wp-content\/uploads\/sites\/53\/2019\/08\/Tweet1.jpg","articleSection":["Speeches"],"inLanguage":"en-US"},{"@type":"WebPage","@id":"https:\/\/www.un.org\/pga\/73\/2019\/08\/01\/general-assembly-plenary-meeting-in-tribute-to-the-memory-of-his-excellency-beji-caid-essebsi-president-of-the-republic-of-tunisia\/","url":"https:\/\/www.un.org\/pga\/73\/2019\/08\/01\/general-assembly-plenary-meeting-in-tribute-to-the-memory-of-his-excellency-beji-caid-essebsi-president-of-the-republic-of-tunisia\/","name":"General Assembly Plenary Meeting in Tribute to the memory of His Excellency B\u00e9ji Ca\u00efd Essebsi, President of the Republic of Tunisia - General Assembly of the United Nations","isPartOf":{"@id":"https:\/\/www.un.org\/pga\/73\/#website"},"primaryImageOfPage":{"@id":"https:\/\/www.un.org\/pga\/73\/2019\/08\/01\/general-assembly-plenary-meeting-in-tribute-to-the-memory-of-his-excellency-beji-caid-essebsi-president-of-the-republic-of-tunisia\/#primaryimage"},"image":{"@id":"https:\/\/www.un.org\/pga\/73\/2019\/08\/01\/general-assembly-plenary-meeting-in-tribute-to-the-memory-of-his-excellency-beji-caid-essebsi-president-of-the-republic-of-tunisia\/#primaryimage"},"thumbnailUrl":"https:\/\/www.un.org\/pga\/wp-content\/uploads\/sites\/53\/2019\/08\/Tweet1.jpg","datePublished":"2019-08-01T22:24:11+00:00","dateModified":"2019-08-02T22:33:45+00:00","breadcrumb":{"@id":"https:\/\/www.un.org\/pga\/73\/2019\/08\/01\/general-assembly-plenary-meeting-in-tribute-to-the-memory-of-his-excellency-beji-caid-essebsi-president-of-the-republic-of-tunisia\/#breadcrumb"},"inLanguage":"en-US","potentialAction":[{"@type":"ReadAction","target":["https:\/\/www.un.org\/pga\/73\/2019\/08\/01\/general-assembly-plenary-meeting-in-tribute-to-the-memory-of-his-excellency-beji-caid-essebsi-president-of-the-republic-of-tunisia\/"]}]},{"@type":"ImageObject","inLanguage":"en-US","@id":"https:\/\/www.un.org\/pga\/73\/2019\/08\/01\/general-assembly-plenary-meeting-in-tribute-to-the-memory-of-his-excellency-beji-caid-essebsi-president-of-the-republic-of-tunisia\/#primaryimage","url":"https:\/\/www.un.org\/pga\/wp-content\/uploads\/sites\/53\/2019\/08\/Tweet1.jpg","contentUrl":"https:\/\/www.un.org\/pga\/wp-content\/uploads\/sites\/53\/2019\/08\/Tweet1.jpg","width":2048,"height":1365},{"@type":"BreadcrumbList","@id":"https:\/\/www.un.org\/pga\/73\/2019\/08\/01\/general-assembly-plenary-meeting-in-tribute-to-the-memory-of-his-excellency-beji-caid-essebsi-president-of-the-republic-of-tunisia\/#breadcrumb","itemListElement":[{"@type":"ListItem","position":1,"name":"Home","item":"https:\/\/www.un.org\/pga\/73\/"},{"@type":"ListItem","position":2,"name":"General Assembly Plenary Meeting in Tribute to the memory of His Excellency B\u00e9ji Ca\u00efd Essebsi, President of the Republic of Tunisia"}]},{"@type":"WebSite","@id":"https:\/\/www.un.org\/pga\/73\/#website","url":"https:\/\/www.un.org\/pga\/73\/","name":"General Assembly of the United Nations","description":"President of the 73rd session","publisher":{"@id":"https:\/\/www.un.org\/pga\/73\/#organization"},"potentialAction":[{"@type":"SearchAction","target":{"@type":"EntryPoint","urlTemplate":"https:\/\/www.un.org\/pga\/73\/?s={search_term_string}"},"query-input":{"@type":"PropertyValueSpecification","valueRequired":true,"valueName":"search_term_string"}}],"inLanguage":"en-US"},{"@type":"Organization","@id":"https:\/\/www.un.org\/pga\/73\/#organization","name":"General Assembly of the United Nations","url":"https:\/\/www.un.org\/pga\/73\/","logo":{"@type":"ImageObject","inLanguage":"en-US","@id":"https:\/\/www.un.org\/pga\/73\/#\/schema\/logo\/image\/","url":"https:\/\/www.un.org\/pga\/wp-content\/uploads\/sites\/53\/2018\/07\/18-00066a_Ä¢¹½ÊÓÆµGA73_Logos-no-type-04.png","contentUrl":"https:\/\/www.un.org\/pga\/wp-content\/uploads\/sites\/53\/2018\/07\/18-00066a_Ä¢¹½ÊÓÆµGA73_Logos-no-type-04.png","width":529,"height":601,"caption":"General Assembly of the United Nations"},"image":{"@id":"https:\/\/www.un.org\/pga\/73\/#\/schema\/logo\/image\/"}},{"@type":"Person","@id":"https:\/\/www.un.org\/pga\/73\/#\/schema\/person\/af470bea9354ed1b453ade6d22b5c9ee","name":"Denise Kling","image":{"@type":"ImageObject","inLanguage":"en-US","@id":"https:\/\/secure.gravatar.com\/avatar\/b5fdae9d2ae28ca0f434202f2c9b6f29640a2b757fdbaa4592687900a399db3d?s=96&d=mm&r=g","url":"https:\/\/secure.gravatar.com\/avatar\/b5fdae9d2ae28ca0f434202f2c9b6f29640a2b757fdbaa4592687900a399db3d?s=96&d=mm&r=g","contentUrl":"https:\/\/secure.gravatar.com\/avatar\/b5fdae9d2ae28ca0f434202f2c9b6f29640a2b757fdbaa4592687900a399db3d?s=96&d=mm&r=g","caption":"Denise Kling"},"url":"https:\/\/www.un.org\/pga\/73\/author\/denise-klingun-org\/"}]}},"_links":{"self":[{"href":"https:\/\/www.un.org\/pga\/73\/wp-json\/wp\/v2\/posts\/201534","targetHints":{"allow":["GET"]}}],"collection":[{"href":"https:\/\/www.un.org\/pga\/73\/wp-json\/wp\/v2\/posts"}],"about":[{"href":"https:\/\/www.un.org\/pga\/73\/wp-json\/wp\/v2\/types\/post"}],"author":[{"embeddable":true,"href":"https:\/\/www.un.org\/pga\/73\/wp-json\/wp\/v2\/users\/266"}],"replies":[{"embeddable":true,"href":"https:\/\/www.un.org\/pga\/73\/wp-json\/wp\/v2\/comments?post=201534"}],"version-history":[{"count":0,"href":"https:\/\/www.un.org\/pga\/73\/wp-json\/wp\/v2\/posts\/201534\/revisions"}],"wp:featuredmedia":[{"embeddable":true,"href":"https:\/\/www.un.org\/pga\/73\/wp-json\/wp\/v2\/media\/201537"}],"wp:attachment":[{"href":"https:\/\/www.un.org\/pga\/73\/wp-json\/wp\/v2\/media?parent=201534"}],"wp:term":[{"taxonomy":"category","embeddable":true,"href":"https:\/\/www.un.org\/pga\/73\/wp-json\/wp\/v2\/categories?post=201534"},{"taxonomy":"post_tag","embeddable":true,"href":"https:\/\/www.un.org\/pga\/73\/wp-json\/wp\/v2\/tags?post=201534"}],"curies":[{"name":"wp","href":"https:\/\/api.w.org\/{rel}","templated":true}]}}