  {"id":229786,"date":"2020-03-27T17:31:24","date_gmt":"2020-03-27T21:31:24","guid":{"rendered":"https:\/\/www.un.org\/pga\/74\/?p=229786"},"modified":"2020-09-04T13:00:56","modified_gmt":"2020-09-04T17:00:56","slug":"joint-briefing-by-the-president-of-the-general-assembly-the-president-of-the-security-council-the-president-of-the-economic-and-social-council-and-the-secretary-general-on-covid-19","status":"publish","type":"post","link":"https:\/\/www.un.org\/pga\/74\/es\/2020\/03\/27\/joint-briefing-by-the-president-of-the-general-assembly-the-president-of-the-security-council-the-president-of-the-economic-and-social-council-and-the-secretary-general-on-covid-19\/","title":{"rendered":"SESI\u00d3N INFORMATIVA CONJÄ¢¹½ÊÓÆµTA DEL PRESIDENTE  DE LA ASAMBLEA GENERAL, EL PRESIDENTE DEL CONSEJO DE SEGURIDAD, LA PRESIDENTA DEL  CONSEJO ECON\u00d3MICO Y SOCIAL Y EL SECRETARIO GENERAL SOBRE LA COVID-19"},"content":{"rendered":"<p>[et_pb_section bb_built=\u00bb1&#8243; _builder_version=\u00bb3.22&#8243; hover_enabled=\u00bb0&#8243; locked=\u00bboff\u00bb collapsed=\u00bboff\u00bb][et_pb_row _builder_version=\u00bb3.25&#8243; background_size=\u00bbinitial\u00bb background_position=\u00bbtop_left\u00bb background_repeat=\u00bbrepeat\u00bb][et_pb_column type=\u00bb4_4&#8243; _builder_version=\u00bb3.25&#8243; custom_padding=\u00bb|||\u00bb custom_padding__hover=\u00bb|||\u00bb][et_pb_text _builder_version=\u00bb4.5.3&#8243; background_size=\u00bbinitial\u00bb background_position=\u00bbtop_left\u00bb background_repeat=\u00bbrepeat\u00bb border_style=\u00bbsolid\u00bb text_text_shadow_horizontal_length=\u00bbtext_text_shadow_style,%91object Object%93&#8243; text_text_shadow_horizontal_length_tablet=\u00bb0px\u00bb text_text_shadow_vertical_length=\u00bbtext_text_shadow_style,%91object Object%93&#8243; text_text_shadow_vertical_length_tablet=\u00bb0px\u00bb text_text_shadow_blur_strength=\u00bbtext_text_shadow_style,%91object Object%93&#8243; text_text_shadow_blur_strength_tablet=\u00bb1px\u00bb link_text_shadow_horizontal_length=\u00bblink_text_shadow_style,%91object Object%93&#8243; link_text_shadow_horizontal_length_tablet=\u00bb0px\u00bb link_text_shadow_vertical_length=\u00bblink_text_shadow_style,%91object Object%93&#8243; link_text_shadow_vertical_length_tablet=\u00bb0px\u00bb link_text_shadow_blur_strength=\u00bblink_text_shadow_style,%91object Object%93&#8243; link_text_shadow_blur_strength_tablet=\u00bb1px\u00bb ul_text_shadow_horizontal_length=\u00bbul_text_shadow_style,%91object Object%93&#8243; ul_text_shadow_horizontal_length_tablet=\u00bb0px\u00bb ul_text_shadow_vertical_length=\u00bbul_text_shadow_style,%91object Object%93&#8243; ul_text_shadow_vertical_length_tablet=\u00bb0px\u00bb ul_text_shadow_blur_strength=\u00bbul_text_shadow_style,%91object Object%93&#8243; ul_text_shadow_blur_strength_tablet=\u00bb1px\u00bb ol_text_shadow_horizontal_length=\u00bbol_text_shadow_style,%91object Object%93&#8243; ol_text_shadow_horizontal_length_tablet=\u00bb0px\u00bb ol_text_shadow_vertical_length=\u00bbol_text_shadow_style,%91object Object%93&#8243; ol_text_shadow_vertical_length_tablet=\u00bb0px\u00bb ol_text_shadow_blur_strength=\u00bbol_text_shadow_style,%91object Object%93&#8243; ol_text_shadow_blur_strength_tablet=\u00bb1px\u00bb quote_text_shadow_horizontal_length=\u00bbquote_text_shadow_style,%91object Object%93&#8243; quote_text_shadow_horizontal_length_tablet=\u00bb0px\u00bb quote_text_shadow_vertical_length=\u00bbquote_text_shadow_style,%91object Object%93&#8243; quote_text_shadow_vertical_length_tablet=\u00bb0px\u00bb quote_text_shadow_blur_strength=\u00bbquote_text_shadow_style,%91object Object%93&#8243; quote_text_shadow_blur_strength_tablet=\u00bb1px\u00bb header_text_shadow_horizontal_length=\u00bbheader_text_shadow_style,%91object Object%93&#8243; header_text_shadow_horizontal_length_tablet=\u00bb0px\u00bb header_text_shadow_vertical_length=\u00bbheader_text_shadow_style,%91object Object%93&#8243; header_text_shadow_vertical_length_tablet=\u00bb0px\u00bb header_text_shadow_blur_strength=\u00bbheader_text_shadow_style,%91object Object%93&#8243; header_text_shadow_blur_strength_tablet=\u00bb1px\u00bb header_2_text_shadow_horizontal_length=\u00bbheader_2_text_shadow_style,%91object Object%93&#8243; header_2_text_shadow_horizontal_length_tablet=\u00bb0px\u00bb header_2_text_shadow_vertical_length=\u00bbheader_2_text_shadow_style,%91object Object%93&#8243; header_2_text_shadow_vertical_length_tablet=\u00bb0px\u00bb header_2_text_shadow_blur_strength=\u00bbheader_2_text_shadow_style,%91object Object%93&#8243; header_2_text_shadow_blur_strength_tablet=\u00bb1px\u00bb header_3_text_shadow_horizontal_length=\u00bbheader_3_text_shadow_style,%91object Object%93&#8243; header_3_text_shadow_horizontal_length_tablet=\u00bb0px\u00bb header_3_text_shadow_vertical_length=\u00bbheader_3_text_shadow_style,%91object Object%93&#8243; header_3_text_shadow_vertical_length_tablet=\u00bb0px\u00bb header_3_text_shadow_blur_strength=\u00bbheader_3_text_shadow_style,%91object Object%93&#8243; header_3_text_shadow_blur_strength_tablet=\u00bb1px\u00bb header_4_text_shadow_horizontal_length=\u00bbheader_4_text_shadow_style,%91object Object%93&#8243; header_4_text_shadow_horizontal_length_tablet=\u00bb0px\u00bb header_4_text_shadow_vertical_length=\u00bbheader_4_text_shadow_style,%91object Object%93&#8243; header_4_text_shadow_vertical_length_tablet=\u00bb0px\u00bb header_4_text_shadow_blur_strength=\u00bbheader_4_text_shadow_style,%91object Object%93&#8243; header_4_text_shadow_blur_strength_tablet=\u00bb1px\u00bb header_5_text_shadow_horizontal_length=\u00bbheader_5_text_shadow_style,%91object Object%93&#8243; header_5_text_shadow_horizontal_length_tablet=\u00bb0px\u00bb header_5_text_shadow_vertical_length=\u00bbheader_5_text_shadow_style,%91object Object%93&#8243; header_5_text_shadow_vertical_length_tablet=\u00bb0px\u00bb header_5_text_shadow_blur_strength=\u00bbheader_5_text_shadow_style,%91object Object%93&#8243; header_5_text_shadow_blur_strength_tablet=\u00bb1px\u00bb header_6_text_shadow_horizontal_length=\u00bbheader_6_text_shadow_style,%91object Object%93&#8243; header_6_text_shadow_horizontal_length_tablet=\u00bb0px\u00bb header_6_text_shadow_vertical_length=\u00bbheader_6_text_shadow_style,%91object Object%93&#8243; header_6_text_shadow_vertical_length_tablet=\u00bb0px\u00bb header_6_text_shadow_blur_strength=\u00bbheader_6_text_shadow_style,%91object Object%93&#8243; header_6_text_shadow_blur_strength_tablet=\u00bb1px\u00bb box_shadow_horizontal_tablet=\u00bb0px\u00bb box_shadow_vertical_tablet=\u00bb0px\u00bb box_shadow_blur_tablet=\u00bb40px\u00bb box_shadow_spread_tablet=\u00bb0px\u00bb vertical_offset_tablet=\u00bb0&#8243; horizontal_offset_tablet=\u00bb0&#8243; z_index_tablet=\u00bb0&#8243;]<\/p>\n<p style=\"text-align: center\">\u00a0<\/p>\n<p>\u00a0<\/p>\n<p>\u00a0<\/p>\n<p>\u00a0<\/p>\n<p>\u00a0<\/p>\n<p>\u00a0<\/p>\n<p>\u00a0<\/p>\n<p style=\"text-align: center\"><strong><em>Transcripci\u00f3n del discurso pronunciado <\/em><\/strong><\/p>\n<p>\u00a0<\/p>\n<h3>Declaraci\u00f3n del Excmo. Sr. Tijjani Muhammad Bande, Presidente del septuag\u00e9simo cuarto per\u00edodo de sesiones de la Asamblea General de las Naciones Unidas<\/h3>\n<p>\u00a0<\/p>\n<p><strong><span class=\"updated\">27 de marzo de 2020<\/span><\/strong><\/p>\n<p>\u00a0<\/p>\n<p><img loading=\"lazy\" decoding=\"async\" class=\"alignleft wp-image-207072 \" src=\"https:\/\/www.un.org\/pga\/74\/wp-content\/uploads\/sites\/99\/2020\/03\/Capture3-2-300x165.png\" alt=\"\" width=\"346\" height=\"190\" srcset=\"https:\/\/www.un.org\/pga\/wp-content\/uploads\/sites\/99\/2020\/03\/Capture3-2-300x165.png 300w, https:\/\/www.un.org\/pga\/wp-content\/uploads\/sites\/99\/2020\/03\/Capture3-2-768x423.png 768w, https:\/\/www.un.org\/pga\/wp-content\/uploads\/sites\/99\/2020\/03\/Capture3-2.png 844w\" sizes=\"(max-width: 346px) 100vw, 346px\" \/><\/p>\n<p><em>Excelencias:<\/em><\/p>\n<p>Les doy la bienvenida a esta hist\u00f3rica sesi\u00f3n informativa conjunta con el Presidente del Consejo de Seguridad, la Presidenta del Consejo Econ\u00f3mico y Social y el Secretario General.<\/p>\n<p>Aunque no nos sentemos juntos, tengan la seguridad de que estamos juntos en esto. La solidaridad es nuestra primera l\u00ednea de defensa contra la pandemia de la enfermedad por coronavirus (COVID-19). Debemos armarnos de informaci\u00f3n para detener la propagaci\u00f3n del miedo y el odio en nuestro esfuerzo por derrotar a la COVID-19, nuestro m\u00e1s reciente desaf\u00edo.<\/p>\n<p>\u00a0Las Naciones Unidas est\u00e1n en la mejor posici\u00f3n para dirigir la respuesta multilateral y lo han hecho desde la aparici\u00f3n de este desaf\u00edo mundial.\u00a0<\/p>\n<p>Excelencias:<\/p>\n<p>Juntos seguiremos velando por que la Asamblea General contin\u00fae su vital labor y desempe\u00f1e funciones esenciales en estas extraordinarias circunstancias. Todos los facilitadores han estado ocupados con sus importantes tareas. Sabemos, por ejemplo, que la Asamblea General debe tomar medidas sobre las decisiones presupuestarias. En este sentido, felicitamos a la Quinta Comisi\u00f3n por utilizar eficazmente la tecnolog\u00eda para garantizar que se puedan tomar decisiones urgentes sobre el presupuesto.<\/p>\n<p>La Organizaci\u00f3n Mundial de la Salud ha estado muy atenta a esta pandemia desde el comienzo de este brote, ofreciendo informaci\u00f3n fiable y asegur\u00e1ndonos constantemente que podemos derrotar este virus. No solo debemos derrotar la propagaci\u00f3n del virus, sino tambi\u00e9n mitigar el impacto social y econ\u00f3mico de esta cat\u00e1strofe.<\/p>\n<p>Me complace la creaci\u00f3n del plan de respuesta humanitaria global de las Naciones Unidas COVID-19, que coordinar\u00e1 la respuesta de los principales organismos de las Naciones Unidas para ayudar a las personas en los contextos m\u00e1s fr\u00e1giles. Adem\u00e1s, aplaudo el llamamiento del Secretario General en favor de un alto el fuego a nivel mundial.<\/p>\n<p>Los Estados Miembros han demostrado un liderazgo encomiable trabajando incesantemente en iniciativas de las Naciones Unidas para ayudar a los pa\u00edses en desarrollo a abordar la cuesti\u00f3n de la COVID-19.<\/p>\n<p>Exhorto a los Estados Miembros a que cumplan los compromisos contra\u00eddos en el marco de la Agenda de Acci\u00f3n de Addis Abeba de la Tercera Conferencia Internacional sobre la Financiaci\u00f3n para el Desarrollo para generar resiliencia y evitar que se agudicen las desigualdades.\u00a0<\/p>\n<p><em>Excelencias:<\/em>\u00a0<\/p>\n<p>La primera reuni\u00f3n de alto nivel del 74\u00ba per\u00edodo de sesiones de la Asamblea General se centr\u00f3 en la salud mundial. En una hist\u00f3rica declaraci\u00f3n pol\u00edtica sobre la cobertura sanitaria universal, los Jefes y las Jefas de Estado y de Gobierno se comprometieron a intensificar los esfuerzos nacionales y mundiales para construir un mundo m\u00e1s sano para todos.<\/p>\n<p>Las comunidades de todo el mundo est\u00e1n experimentando ahora a un nivel m\u00e1s profundo el mensaje expresado por los l\u00edderes mundiales en septiembre: que la salud supone una inversi\u00f3n en el desarrollo del capital humano, y el desarrollo social y econ\u00f3mico, con miras a la plena realizaci\u00f3n del potencial de las personas.<\/p>\n<p>De hecho, el nuevo coronavirus es un recordatorio de que la humanidad solo est\u00e1 a salvo si lo est\u00e1n sus grupos m\u00e1s vulnerables. Las consecuencias sociales y econ\u00f3micas de la COVID-19 amenazan con sumir a\u00fan m\u00e1s a las personas en la pobreza.<\/p>\n<p>Es necesario impulsar ahora la acci\u00f3n multilateral para proteger los logros alcanzados en la erradicaci\u00f3n de la pobreza y el hambre cero, ya que esta crisis ejerce presi\u00f3n sobre la producci\u00f3n de alimentos y las cadenas de suministro, entre otras cosas.<\/p>\n<p>Tambi\u00e9n debemos aplicar una respuesta espec\u00edfica para salvaguardar el futuro de esta generaci\u00f3n que cuya educaci\u00f3n se ha visto alterada, con las escuelas cerradas en m\u00e1s de 130 Estados Miembros; muchos carecen de la conectividad necesaria para continuar la educaci\u00f3n a distancia utilizando las tecnolog\u00edas de la informaci\u00f3n y las comunicaciones.<\/p>\n<p><em>Excelencias:<\/em><\/p>\n<p>La lucha contra la COVID-19 es una responsabilidad colectiva. Por nuestras acciones nos conocer\u00e1n, ya sean individuales o colectivas. Debemos predicar con el ejemplo. Debemos quedarnos en casa, cumplir con las recomendaciones de distanciamiento social, lavarnos las manos y cuidarnos unos a otros. Rindo homenaje a nuestros trabajadores sanitarios y a los que est\u00e1n en primera l\u00ednea combatiendo esta enfermedad.<\/p>\n<p>El nuevo coronavirus no reconoce las fronteras, por lo que debemos enfrentarnos a este desaf\u00edo como naciones, unidas. Saldremos de esta.<\/p>\n<p><em>Excelencias:<\/em><\/p>\n<p>En este septuag\u00e9simo quinto a\u00f1o de las Naciones Unidas, los pueblos a los que servimos conf\u00edan en nosotros, quiz\u00e1s ahora m\u00e1s que nunca. Luchemos juntos por superar el \u00faltimo desaf\u00edo de la humanidad. Estoy seguro de que podemos hacerlo.<\/p>\n<p>Muchas gracias.<\/p>\n<p>\u00a0<\/p>\n<p><a href=\"https:\/\/www.un.org\/pga\/74\/wp-content\/uploads\/sites\/99\/2020\/09\/2007351S.COVID19.pdf\">Puede descargarse la declaraci\u00f3n en formato PDF\u00a0<\/a>.<\/p>\n<p>\u00a0<\/p>\n<p>\u00a0<\/p>\n<p>\u00a0<\/p>\n<p>\u00a0<\/p>\n<p>\u00a0<\/p>\n<p>\u00a0<\/p>\n<p>\u00a0<\/p>\n<p>\u00a0<\/p>\n<p>\u00a0<\/p>\n<p>\u00a0<\/p>\n<p>\u00a0<\/p>\n<p>\u00a0<\/p>\n<p>\u00a0<\/p>\n<p>\u00a0<\/p>\n<p>\u00a0<\/p>\n<p>\u00a0<\/p>\n<p>\u00a0<\/p>\n<p>\u00a0<\/p>\n<p>\u00a0<\/p>\n<p>\u00a0<\/p>\n<p>\u00a0<\/p>\n<p>\u00a0<\/p>\n<p>\u00a0<\/p>\n<p>[\/et_pb_text][\/et_pb_column][\/et_pb_row][\/et_pb_section]<\/p>\n","protected":false},"excerpt":{"rendered":"<p>Declaraci\u00f3n del Excmo. Sr. Tijjani Muhammad Bande, Presidente del septuag\u00e9simo cuarto per\u00edodo de sesiones de la Asamblea General de las Naciones Unidas <\/p>\n","protected":false},"author":230,"featured_media":207087,"comment_status":"closed","ping_status":"closed","sticky":false,"template":"","format":"standard","meta":{"_et_pb_use_builder":"on","_et_pb_old_content":"","_et_gb_content_width":"","footnotes":"","_links_to":"","_links_to_target":""},"categories":[18],"tags":[],"class_list":["post-229786","post","type-post","status-publish","format-standard","has-post-thumbnail","hentry","category-sin-categorizar","et-has-post-format-content","et_post_format-et-post-format-standard"],"yoast_head":"<!-- This site is optimized with the Yoast SEO plugin v28.3 - https:\/\/yoast.com\/product\/yoast-seo-wordpress\/ -->\n<title>SESI\u00d3N INFORMATIVA CONJÄ¢¹½ÊÓÆµTA DEL PRESIDENTE DE LA ASAMBLEA GENERAL, EL PRESIDENTE DEL CONSEJO DE SEGURIDAD, LA PRESIDENTA DEL CONSEJO ECON\u00d3MICO Y SOCIAL Y EL SECRETARIO GENERAL SOBRE LA COVID-19 - Asamblea General de las Naciones Unidas<\/title>\n<meta name=\"robots\" content=\"index, follow, max-snippet:-1, max-image-preview:large, max-video-preview:-1\" \/>\n<link rel=\"canonical\" href=\"https:\/\/www.un.org\/pga\/74\/?p=229784\" \/>\n<meta property=\"og:locale\" content=\"es_ES\" \/>\n<meta property=\"og:type\" content=\"article\" \/>\n<meta property=\"og:title\" content=\"SESI\u00d3N INFORMATIVA CONJÄ¢¹½ÊÓÆµTA DEL PRESIDENTE DE LA ASAMBLEA GENERAL, EL PRESIDENTE DEL CONSEJO DE SEGURIDAD, LA PRESIDENTA DEL CONSEJO ECON\u00d3MICO Y SOCIAL Y EL SECRETARIO GENERAL SOBRE LA COVID-19 - Asamblea General de las Naciones Unidas\" \/>\n<meta property=\"og:description\" content=\"Declaraci\u00f3n del Excmo. Sr. Tijjani Muhammad Bande, Presidente del septuag\u00e9simo cuarto per\u00edodo de sesiones de la Asamblea General de las Naciones Unidas\" \/>\n<meta property=\"og:url\" content=\"https:\/\/www.un.org\/pga\/74\/?p=229784\" \/>\n<meta property=\"og:site_name\" content=\"Asamblea General de las Naciones Unidas\" \/>\n<meta property=\"article:published_time\" content=\"2020-03-27T21:31:24+00:00\" \/>\n<meta property=\"article:modified_time\" content=\"2020-09-04T17:00:56+00:00\" \/>\n<meta property=\"og:image\" content=\"https:\/\/www.un.org\/pga\/wp-content\/uploads\/sites\/99\/2020\/03\/Capture3-2.png\" \/>\n\t<meta property=\"og:image:width\" content=\"844\" \/>\n\t<meta property=\"og:image:height\" content=\"465\" \/>\n\t<meta property=\"og:image:type\" content=\"image\/png\" \/>\n<meta name=\"author\" content=\"Montserrat Belver Garcia\" \/>\n<meta name=\"twitter:card\" content=\"summary_large_image\" \/>\n<meta name=\"twitter:label1\" content=\"Escrito por\" \/>\n\t<meta name=\"twitter:data1\" content=\"Montserrat Belver Garcia\" \/>\n\t<meta name=\"twitter:label2\" content=\"Tiempo de lectura\" \/>\n\t<meta name=\"twitter:data2\" content=\"8 minutos\" \/>\n<script type=\"application\/ld+json\" class=\"yoast-schema-graph\">{\"@context\":\"https:\\\/\\\/schema.org\",\"@graph\":[{\"@type\":\"Article\",\"@id\":\"https:\\\/\\\/www.un.org\\\/pga\\\/74\\\/?p=229784#article\",\"isPartOf\":{\"@id\":\"https:\\\/\\\/www.un.org\\\/pga\\\/74\\\/?p=229784\"},\"author\":{\"name\":\"Montserrat Belver Garcia\",\"@id\":\"https:\\\/\\\/www.un.org\\\/pga\\\/74\\\/#\\\/schema\\\/person\\\/d261d6f9620ec6d1989e9a87e5c15255\"},\"headline\":\"SESI\u00d3N INFORMATIVA CONJÄ¢¹½ÊÓÆµTA DEL PRESIDENTE DE LA ASAMBLEA GENERAL, EL PRESIDENTE DEL CONSEJO DE SEGURIDAD, LA PRESIDENTA DEL CONSEJO ECON\u00d3MICO Y SOCIAL Y EL SECRETARIO GENERAL SOBRE LA COVID-19\",\"datePublished\":\"2020-03-27T21:31:24+00:00\",\"dateModified\":\"2020-09-04T17:00:56+00:00\",\"mainEntityOfPage\":{\"@id\":\"https:\\\/\\\/www.un.org\\\/pga\\\/74\\\/?p=229784\"},\"wordCount\":1556,\"image\":{\"@id\":\"https:\\\/\\\/www.un.org\\\/pga\\\/74\\\/?p=229784#primaryimage\"},\"thumbnailUrl\":\"https:\\\/\\\/www.un.org\\\/pga\\\/wp-content\\\/uploads\\\/sites\\\/99\\\/2020\\\/03\\\/Capture3-2.png\",\"articleSection\":[\"Sin categorizar\"],\"inLanguage\":\"es\"},{\"@type\":\"WebPage\",\"@id\":\"https:\\\/\\\/www.un.org\\\/pga\\\/74\\\/?p=229784\",\"url\":\"https:\\\/\\\/www.un.org\\\/pga\\\/74\\\/?p=229784\",\"name\":\"SESI\u00d3N INFORMATIVA CONJÄ¢¹½ÊÓÆµTA DEL PRESIDENTE DE LA ASAMBLEA GENERAL, EL PRESIDENTE DEL CONSEJO DE SEGURIDAD, LA PRESIDENTA DEL CONSEJO ECON\u00d3MICO Y SOCIAL Y EL SECRETARIO GENERAL SOBRE LA COVID-19 - Asamblea General de las Naciones Unidas\",\"isPartOf\":{\"@id\":\"https:\\\/\\\/www.un.org\\\/pga\\\/74\\\/#website\"},\"primaryImageOfPage\":{\"@id\":\"https:\\\/\\\/www.un.org\\\/pga\\\/74\\\/?p=229784#primaryimage\"},\"image\":{\"@id\":\"https:\\\/\\\/www.un.org\\\/pga\\\/74\\\/?p=229784#primaryimage\"},\"thumbnailUrl\":\"https:\\\/\\\/www.un.org\\\/pga\\\/wp-content\\\/uploads\\\/sites\\\/99\\\/2020\\\/03\\\/Capture3-2.png\",\"datePublished\":\"2020-03-27T21:31:24+00:00\",\"dateModified\":\"2020-09-04T17:00:56+00:00\",\"author\":{\"@id\":\"https:\\\/\\\/www.un.org\\\/pga\\\/74\\\/#\\\/schema\\\/person\\\/d261d6f9620ec6d1989e9a87e5c15255\"},\"breadcrumb\":{\"@id\":\"https:\\\/\\\/www.un.org\\\/pga\\\/74\\\/?p=229784#breadcrumb\"},\"inLanguage\":\"es\",\"potentialAction\":[{\"@type\":\"ReadAction\",\"target\":[\"https:\\\/\\\/www.un.org\\\/pga\\\/74\\\/?p=229784\"]}]},{\"@type\":\"ImageObject\",\"inLanguage\":\"es\",\"@id\":\"https:\\\/\\\/www.un.org\\\/pga\\\/74\\\/?p=229784#primaryimage\",\"url\":\"https:\\\/\\\/www.un.org\\\/pga\\\/wp-content\\\/uploads\\\/sites\\\/99\\\/2020\\\/03\\\/Capture3-2.png\",\"contentUrl\":\"https:\\\/\\\/www.un.org\\\/pga\\\/wp-content\\\/uploads\\\/sites\\\/99\\\/2020\\\/03\\\/Capture3-2.png\",\"width\":844,\"height\":465},{\"@type\":\"BreadcrumbList\",\"@id\":\"https:\\\/\\\/www.un.org\\\/pga\\\/74\\\/?p=229784#breadcrumb\",\"itemListElement\":[{\"@type\":\"ListItem\",\"position\":1,\"name\":\"Home\",\"item\":\"https:\\\/\\\/www.un.org\\\/pga\\\/74\\\/es\\\/\"},{\"@type\":\"ListItem\",\"position\":2,\"name\":\"SESI\u00d3N INFORMATIVA CONJÄ¢¹½ÊÓÆµTA DEL PRESIDENTE DE LA ASAMBLEA GENERAL, EL PRESIDENTE DEL CONSEJO DE SEGURIDAD, LA PRESIDENTA DEL CONSEJO ECON\u00d3MICO Y SOCIAL Y EL SECRETARIO GENERAL SOBRE LA COVID-19\"}]},{\"@type\":\"WebSite\",\"@id\":\"https:\\\/\\\/www.un.org\\\/pga\\\/74\\\/#website\",\"url\":\"https:\\\/\\\/www.un.org\\\/pga\\\/74\\\/\",\"name\":\"Asamblea General de las Naciones Unidas\",\"description\":\"Presidente del 74\u00b0 per\u00edodo de sesiones\",\"potentialAction\":[{\"@type\":\"SearchAction\",\"target\":{\"@type\":\"EntryPoint\",\"urlTemplate\":\"https:\\\/\\\/www.un.org\\\/pga\\\/74\\\/?s={search_term_string}\"},\"query-input\":{\"@type\":\"PropertyValueSpecification\",\"valueRequired\":true,\"valueName\":\"search_term_string\"}}],\"inLanguage\":\"es\"},{\"@type\":\"Person\",\"@id\":\"https:\\\/\\\/www.un.org\\\/pga\\\/74\\\/#\\\/schema\\\/person\\\/d261d6f9620ec6d1989e9a87e5c15255\",\"name\":\"Montserrat Belver Garcia\",\"image\":{\"@type\":\"ImageObject\",\"inLanguage\":\"es\",\"@id\":\"https:\\\/\\\/secure.gravatar.com\\\/avatar\\\/e65d87b5dc896748df892ce54d979fb55c19c1703a35019909e1b75b784fb4c4?s=96&d=mm&r=g\",\"url\":\"https:\\\/\\\/secure.gravatar.com\\\/avatar\\\/e65d87b5dc896748df892ce54d979fb55c19c1703a35019909e1b75b784fb4c4?s=96&d=mm&r=g\",\"contentUrl\":\"https:\\\/\\\/secure.gravatar.com\\\/avatar\\\/e65d87b5dc896748df892ce54d979fb55c19c1703a35019909e1b75b784fb4c4?s=96&d=mm&r=g\",\"caption\":\"Montserrat Belver Garcia\"},\"url\":\"https:\\\/\\\/www.un.org\\\/pga\\\/74\\\/es\\\/author\\\/montse-belverun-org\\\/\"}]}<\/script>\n<!-- \/ Yoast SEO plugin. -->","yoast_head_json":{"title":"SESI\u00d3N INFORMATIVA CONJÄ¢¹½ÊÓÆµTA DEL PRESIDENTE DE LA ASAMBLEA GENERAL, EL PRESIDENTE DEL CONSEJO DE SEGURIDAD, LA PRESIDENTA DEL CONSEJO ECON\u00d3MICO Y SOCIAL Y EL SECRETARIO GENERAL SOBRE LA COVID-19 - Asamblea General de las Naciones Unidas","robots":{"index":"index","follow":"follow","max-snippet":"max-snippet:-1","max-image-preview":"max-image-preview:large","max-video-preview":"max-video-preview:-1"},"canonical":"https:\/\/www.un.org\/pga\/74\/?p=229784","og_locale":"es_ES","og_type":"article","og_title":"SESI\u00d3N INFORMATIVA CONJÄ¢¹½ÊÓÆµTA DEL PRESIDENTE DE LA ASAMBLEA GENERAL, EL PRESIDENTE DEL CONSEJO DE SEGURIDAD, LA PRESIDENTA DEL CONSEJO ECON\u00d3MICO Y SOCIAL Y EL SECRETARIO GENERAL SOBRE LA COVID-19 - Asamblea General de las Naciones Unidas","og_description":"Declaraci\u00f3n del Excmo. Sr. Tijjani Muhammad Bande, Presidente del septuag\u00e9simo cuarto per\u00edodo de sesiones de la Asamblea General de las Naciones Unidas","og_url":"https:\/\/www.un.org\/pga\/74\/?p=229784","og_site_name":"Asamblea General de las Naciones Unidas","article_published_time":"2020-03-27T21:31:24+00:00","article_modified_time":"2020-09-04T17:00:56+00:00","og_image":[{"width":844,"height":465,"url":"https:\/\/www.un.org\/pga\/wp-content\/uploads\/sites\/99\/2020\/03\/Capture3-2.png","type":"image\/png"}],"author":"Montserrat Belver Garcia","twitter_card":"summary_large_image","twitter_misc":{"Escrito por":"Montserrat Belver Garcia","Tiempo de lectura":"8 minutos"},"schema":{"@context":"https:\/\/schema.org","@graph":[{"@type":"Article","@id":"https:\/\/www.un.org\/pga\/74\/?p=229784#article","isPartOf":{"@id":"https:\/\/www.un.org\/pga\/74\/?p=229784"},"author":{"name":"Montserrat Belver Garcia","@id":"https:\/\/www.un.org\/pga\/74\/#\/schema\/person\/d261d6f9620ec6d1989e9a87e5c15255"},"headline":"SESI\u00d3N INFORMATIVA CONJÄ¢¹½ÊÓÆµTA DEL PRESIDENTE DE LA ASAMBLEA GENERAL, EL PRESIDENTE DEL CONSEJO DE SEGURIDAD, LA PRESIDENTA DEL CONSEJO ECON\u00d3MICO Y SOCIAL Y EL SECRETARIO GENERAL SOBRE LA COVID-19","datePublished":"2020-03-27T21:31:24+00:00","dateModified":"2020-09-04T17:00:56+00:00","mainEntityOfPage":{"@id":"https:\/\/www.un.org\/pga\/74\/?p=229784"},"wordCount":1556,"image":{"@id":"https:\/\/www.un.org\/pga\/74\/?p=229784#primaryimage"},"thumbnailUrl":"https:\/\/www.un.org\/pga\/wp-content\/uploads\/sites\/99\/2020\/03\/Capture3-2.png","articleSection":["Sin categorizar"],"inLanguage":"es"},{"@type":"WebPage","@id":"https:\/\/www.un.org\/pga\/74\/?p=229784","url":"https:\/\/www.un.org\/pga\/74\/?p=229784","name":"SESI\u00d3N INFORMATIVA CONJÄ¢¹½ÊÓÆµTA DEL PRESIDENTE DE LA ASAMBLEA GENERAL, EL PRESIDENTE DEL CONSEJO DE SEGURIDAD, LA PRESIDENTA DEL CONSEJO ECON\u00d3MICO Y SOCIAL Y EL SECRETARIO GENERAL SOBRE LA COVID-19 - Asamblea General de las Naciones Unidas","isPartOf":{"@id":"https:\/\/www.un.org\/pga\/74\/#website"},"primaryImageOfPage":{"@id":"https:\/\/www.un.org\/pga\/74\/?p=229784#primaryimage"},"image":{"@id":"https:\/\/www.un.org\/pga\/74\/?p=229784#primaryimage"},"thumbnailUrl":"https:\/\/www.un.org\/pga\/wp-content\/uploads\/sites\/99\/2020\/03\/Capture3-2.png","datePublished":"2020-03-27T21:31:24+00:00","dateModified":"2020-09-04T17:00:56+00:00","author":{"@id":"https:\/\/www.un.org\/pga\/74\/#\/schema\/person\/d261d6f9620ec6d1989e9a87e5c15255"},"breadcrumb":{"@id":"https:\/\/www.un.org\/pga\/74\/?p=229784#breadcrumb"},"inLanguage":"es","potentialAction":[{"@type":"ReadAction","target":["https:\/\/www.un.org\/pga\/74\/?p=229784"]}]},{"@type":"ImageObject","inLanguage":"es","@id":"https:\/\/www.un.org\/pga\/74\/?p=229784#primaryimage","url":"https:\/\/www.un.org\/pga\/wp-content\/uploads\/sites\/99\/2020\/03\/Capture3-2.png","contentUrl":"https:\/\/www.un.org\/pga\/wp-content\/uploads\/sites\/99\/2020\/03\/Capture3-2.png","width":844,"height":465},{"@type":"BreadcrumbList","@id":"https:\/\/www.un.org\/pga\/74\/?p=229784#breadcrumb","itemListElement":[{"@type":"ListItem","position":1,"name":"Home","item":"https:\/\/www.un.org\/pga\/74\/es\/"},{"@type":"ListItem","position":2,"name":"SESI\u00d3N INFORMATIVA CONJÄ¢¹½ÊÓÆµTA DEL PRESIDENTE DE LA ASAMBLEA GENERAL, EL PRESIDENTE DEL CONSEJO DE SEGURIDAD, LA PRESIDENTA DEL CONSEJO ECON\u00d3MICO Y SOCIAL Y EL SECRETARIO GENERAL SOBRE LA COVID-19"}]},{"@type":"WebSite","@id":"https:\/\/www.un.org\/pga\/74\/#website","url":"https:\/\/www.un.org\/pga\/74\/","name":"Asamblea General de las Naciones Unidas","description":"Presidente del 74\u00b0 per\u00edodo de sesiones","potentialAction":[{"@type":"SearchAction","target":{"@type":"EntryPoint","urlTemplate":"https:\/\/www.un.org\/pga\/74\/?s={search_term_string}"},"query-input":{"@type":"PropertyValueSpecification","valueRequired":true,"valueName":"search_term_string"}}],"inLanguage":"es"},{"@type":"Person","@id":"https:\/\/www.un.org\/pga\/74\/#\/schema\/person\/d261d6f9620ec6d1989e9a87e5c15255","name":"Montserrat Belver Garcia","image":{"@type":"ImageObject","inLanguage":"es","@id":"https:\/\/secure.gravatar.com\/avatar\/e65d87b5dc896748df892ce54d979fb55c19c1703a35019909e1b75b784fb4c4?s=96&d=mm&r=g","url":"https:\/\/secure.gravatar.com\/avatar\/e65d87b5dc896748df892ce54d979fb55c19c1703a35019909e1b75b784fb4c4?s=96&d=mm&r=g","contentUrl":"https:\/\/secure.gravatar.com\/avatar\/e65d87b5dc896748df892ce54d979fb55c19c1703a35019909e1b75b784fb4c4?s=96&d=mm&r=g","caption":"Montserrat Belver Garcia"},"url":"https:\/\/www.un.org\/pga\/74\/es\/author\/montse-belverun-org\/"}]}},"_links":{"self":[{"href":"https:\/\/www.un.org\/pga\/74\/es\/wp-json\/wp\/v2\/posts\/229786","targetHints":{"allow":["GET"]}}],"collection":[{"href":"https:\/\/www.un.org\/pga\/74\/es\/wp-json\/wp\/v2\/posts"}],"about":[{"href":"https:\/\/www.un.org\/pga\/74\/es\/wp-json\/wp\/v2\/types\/post"}],"author":[{"embeddable":true,"href":"https:\/\/www.un.org\/pga\/74\/es\/wp-json\/wp\/v2\/users\/230"}],"replies":[{"embeddable":true,"href":"https:\/\/www.un.org\/pga\/74\/es\/wp-json\/wp\/v2\/comments?post=229786"}],"version-history":[{"count":0,"href":"https:\/\/www.un.org\/pga\/74\/es\/wp-json\/wp\/v2\/posts\/229786\/revisions"}],"wp:featuredmedia":[{"embeddable":true,"href":"https:\/\/www.un.org\/pga\/74\/es\/wp-json\/wp\/v2\/media\/207087"}],"wp:attachment":[{"href":"https:\/\/www.un.org\/pga\/74\/es\/wp-json\/wp\/v2\/media?parent=229786"}],"wp:term":[{"taxonomy":"category","embeddable":true,"href":"https:\/\/www.un.org\/pga\/74\/es\/wp-json\/wp\/v2\/categories?post=229786"},{"taxonomy":"post_tag","embeddable":true,"href":"https:\/\/www.un.org\/pga\/74\/es\/wp-json\/wp\/v2\/tags?post=229786"}],"curies":[{"name":"wp","href":"https:\/\/api.w.org\/{rel}","templated":true}]}}