  {"id":229845,"date":"2020-05-04T13:36:22","date_gmt":"2020-05-04T17:36:22","guid":{"rendered":"https:\/\/www.un.org\/pga\/74\/2020\/09\/04\/high-level-contact-group-meeting-of-the-heads-of-state-and-government-of-the-non-aligned-movement\/"},"modified":"2020-09-10T11:23:08","modified_gmt":"2020-09-10T15:23:08","slug":"high-level-contact-group-meeting-of-the-heads-of-state-and-government-of-the-non-aligned-movement","status":"publish","type":"post","link":"https:\/\/www.un.org\/pga\/74\/es\/2020\/05\/04\/high-level-contact-group-meeting-of-the-heads-of-state-and-government-of-the-non-aligned-movement\/","title":{"rendered":"REÄ¢¹½ÊÓÆµI\u00d3N DE ALTO NIVEL DEL GRUPO DE CONTACTO DE LOS JEFES DE ESTADO Y DE GOBIERNO DEL MOVIMIENTO DE PA\u00cdSES NO ALINEADOS"},"content":{"rendered":"<p>[et_pb_section bb_built=\u00bb1&#8243; _builder_version=\u00bb3.22&#8243; _i=\u00bb0&#8243; _address=\u00bb0&#8243; collapsed=\u00bboff\u00bb locked=\u00bboff\u00bb][et_pb_row _builder_version=\u00bb3.25&#8243; background_size=\u00bbinitial\u00bb background_position=\u00bbtop_left\u00bb background_repeat=\u00bbrepeat\u00bb _i=\u00bb0&#8243; _address=\u00bb0.0&#8243;][et_pb_column type=\u00bb4_4&#8243; _builder_version=\u00bb3.25&#8243; custom_padding=\u00bb|||\u00bb _i=\u00bb0&#8243; _address=\u00bb0.0.0&#8243; custom_padding__hover=\u00bb|||\u00bb][et_pb_text _builder_version=\u00bb4.4.5&#8243; background_size=\u00bbinitial\u00bb background_position=\u00bbtop_left\u00bb background_repeat=\u00bbrepeat\u00bb hover_enabled=\u00bb0&#8243; border_style=\u00bbsolid\u00bb _i=\u00bb0&#8243; _address=\u00bb0.0.0.0&#8243; text_text_shadow_horizontal_length=\u00bbtext_text_shadow_style,%91object Object%93&#8243; text_text_shadow_horizontal_length_tablet=\u00bb0px\u00bb text_text_shadow_vertical_length=\u00bbtext_text_shadow_style,%91object Object%93&#8243; text_text_shadow_vertical_length_tablet=\u00bb0px\u00bb text_text_shadow_blur_strength=\u00bbtext_text_shadow_style,%91object Object%93&#8243; text_text_shadow_blur_strength_tablet=\u00bb1px\u00bb link_text_shadow_horizontal_length=\u00bblink_text_shadow_style,%91object Object%93&#8243; link_text_shadow_horizontal_length_tablet=\u00bb0px\u00bb link_text_shadow_vertical_length=\u00bblink_text_shadow_style,%91object Object%93&#8243; link_text_shadow_vertical_length_tablet=\u00bb0px\u00bb link_text_shadow_blur_strength=\u00bblink_text_shadow_style,%91object Object%93&#8243; link_text_shadow_blur_strength_tablet=\u00bb1px\u00bb ul_text_shadow_horizontal_length=\u00bbul_text_shadow_style,%91object Object%93&#8243; ul_text_shadow_horizontal_length_tablet=\u00bb0px\u00bb ul_text_shadow_vertical_length=\u00bbul_text_shadow_style,%91object Object%93&#8243; ul_text_shadow_vertical_length_tablet=\u00bb0px\u00bb ul_text_shadow_blur_strength=\u00bbul_text_shadow_style,%91object Object%93&#8243; ul_text_shadow_blur_strength_tablet=\u00bb1px\u00bb ol_text_shadow_horizontal_length=\u00bbol_text_shadow_style,%91object Object%93&#8243; ol_text_shadow_horizontal_length_tablet=\u00bb0px\u00bb ol_text_shadow_vertical_length=\u00bbol_text_shadow_style,%91object Object%93&#8243; ol_text_shadow_vertical_length_tablet=\u00bb0px\u00bb ol_text_shadow_blur_strength=\u00bbol_text_shadow_style,%91object Object%93&#8243; ol_text_shadow_blur_strength_tablet=\u00bb1px\u00bb quote_text_shadow_horizontal_length=\u00bbquote_text_shadow_style,%91object Object%93&#8243; quote_text_shadow_horizontal_length_tablet=\u00bb0px\u00bb quote_text_shadow_vertical_length=\u00bbquote_text_shadow_style,%91object Object%93&#8243; quote_text_shadow_vertical_length_tablet=\u00bb0px\u00bb quote_text_shadow_blur_strength=\u00bbquote_text_shadow_style,%91object Object%93&#8243; quote_text_shadow_blur_strength_tablet=\u00bb1px\u00bb header_text_shadow_horizontal_length=\u00bbheader_text_shadow_style,%91object Object%93&#8243; header_text_shadow_horizontal_length_tablet=\u00bb0px\u00bb header_text_shadow_vertical_length=\u00bbheader_text_shadow_style,%91object Object%93&#8243; header_text_shadow_vertical_length_tablet=\u00bb0px\u00bb header_text_shadow_blur_strength=\u00bbheader_text_shadow_style,%91object Object%93&#8243; header_text_shadow_blur_strength_tablet=\u00bb1px\u00bb header_2_text_shadow_horizontal_length=\u00bbheader_2_text_shadow_style,%91object Object%93&#8243; header_2_text_shadow_horizontal_length_tablet=\u00bb0px\u00bb header_2_text_shadow_vertical_length=\u00bbheader_2_text_shadow_style,%91object Object%93&#8243; header_2_text_shadow_vertical_length_tablet=\u00bb0px\u00bb header_2_text_shadow_blur_strength=\u00bbheader_2_text_shadow_style,%91object Object%93&#8243; header_2_text_shadow_blur_strength_tablet=\u00bb1px\u00bb header_3_text_shadow_horizontal_length=\u00bbheader_3_text_shadow_style,%91object Object%93&#8243; header_3_text_shadow_horizontal_length_tablet=\u00bb0px\u00bb header_3_text_shadow_vertical_length=\u00bbheader_3_text_shadow_style,%91object Object%93&#8243; header_3_text_shadow_vertical_length_tablet=\u00bb0px\u00bb header_3_text_shadow_blur_strength=\u00bbheader_3_text_shadow_style,%91object Object%93&#8243; header_3_text_shadow_blur_strength_tablet=\u00bb1px\u00bb header_4_text_shadow_horizontal_length=\u00bbheader_4_text_shadow_style,%91object Object%93&#8243; header_4_text_shadow_horizontal_length_tablet=\u00bb0px\u00bb header_4_text_shadow_vertical_length=\u00bbheader_4_text_shadow_style,%91object Object%93&#8243; header_4_text_shadow_vertical_length_tablet=\u00bb0px\u00bb header_4_text_shadow_blur_strength=\u00bbheader_4_text_shadow_style,%91object Object%93&#8243; header_4_text_shadow_blur_strength_tablet=\u00bb1px\u00bb header_5_text_shadow_horizontal_length=\u00bbheader_5_text_shadow_style,%91object Object%93&#8243; header_5_text_shadow_horizontal_length_tablet=\u00bb0px\u00bb header_5_text_shadow_vertical_length=\u00bbheader_5_text_shadow_style,%91object Object%93&#8243; header_5_text_shadow_vertical_length_tablet=\u00bb0px\u00bb header_5_text_shadow_blur_strength=\u00bbheader_5_text_shadow_style,%91object Object%93&#8243; header_5_text_shadow_blur_strength_tablet=\u00bb1px\u00bb header_6_text_shadow_horizontal_length=\u00bbheader_6_text_shadow_style,%91object Object%93&#8243; header_6_text_shadow_horizontal_length_tablet=\u00bb0px\u00bb header_6_text_shadow_vertical_length=\u00bbheader_6_text_shadow_style,%91object Object%93&#8243; header_6_text_shadow_vertical_length_tablet=\u00bb0px\u00bb header_6_text_shadow_blur_strength=\u00bbheader_6_text_shadow_style,%91object Object%93&#8243; header_6_text_shadow_blur_strength_tablet=\u00bb1px\u00bb box_shadow_horizontal_tablet=\u00bb0px\u00bb box_shadow_vertical_tablet=\u00bb0px\u00bb box_shadow_blur_tablet=\u00bb40px\u00bb box_shadow_spread_tablet=\u00bb0px\u00bb vertical_offset_tablet=\u00bb0&#8243; horizontal_offset_tablet=\u00bb0&#8243; z_index_tablet=\u00bb0&#8243;]<\/p>\n<p style=\"text-align: center\"><strong><em>Transcripci\u00f3n del discurso pronunciado<\/em><\/strong><\/p>\n<h3>Declaraci\u00f3n del Excmo. Sr. Tijjani Muhammad Bande, Presidente del septuag\u00e9simo cuarto per\u00edodo de sesiones de la Asamblea General de las Naciones Unidas<\/h3>\n<p><strong><span class=\"updated\">4 de mayo de 2020<\/span><\/strong><\/p>\n<p>Sr. Presidente del Movimiento de Pa\u00edses No Alineados,<\/p>\n<p>Jefes y Jefas de Estado y de Gobierno,<\/p>\n<p>Ministros y ministras,<\/p>\n<p>Excelencias, se\u00f1oras y se\u00f1ores:<\/p>\n<p>Agradezco al Presidente del Movimiento de Pa\u00edses No Alineados, el Excmo. Sr. Ilham Aliyev, Presidente de la Rep\u00fablica de Azerbaiy\u00e1n, que haya convocado esta importante reuni\u00f3n virtual de alto nivel en respuesta a la amenaza sin precedentes que supone la pandemia de enfermedad por coronavirus (COVID-19), de r\u00e1pida evoluci\u00f3n.<br \/>\nQuisiera transmitir mi m\u00e1s sentido p\u00e9same a quienes hayan perdido a seres queridos, y deseo una r\u00e1pida recuperaci\u00f3n a los que sufren la enfermedad. Transmito mi agradecimiento a los trabajadores sanitarios y a los que est\u00e1n en la primera l\u00ednea de lucha contra esta enfermedad, manteniendo as\u00ed nuestras comunidades sanas y salvas.<br \/>\nFelicito a la Organizaci\u00f3n Mundial de la Salud (OMS), a los Estados miembros del Movimiento de Pa\u00edses No Alineados, a la sociedad civil y al sector privado por proporcionar apoyo y servicios vitales en la lucha para derrotar la pandemia. Ante los crecientes retos, recordemos el car\u00e1cter indispensable de las alianzas multinacionales, que desde el principio de este desaf\u00edo mundial han coordinado la respuesta global. Debemos seguir apoyando a la OMS y debemos seguir apoy\u00e1ndonos mutuamente entre nosotros para superar este desaf\u00edo y prevenir futuras pandemias. Tambi\u00e9n hago un llamamiento a todos aquellos que tienen la capacidad de apoyar financieramente el plan de respuesta humanitaria global de las Naciones Unidas COVID-19 para que lo hagan.<br \/>\nExcelencias:<br \/>\nLa COVID-19 ha trastornado miles de millones de vidas con enormes repercusiones en la salud y los medios de subsistencia de las personas. La Organizaci\u00f3n Internacional del Trabajo calcula que los trabajadores perder\u00e1n hasta 3,4 billones de d\u00f3lares en ingresos para finales de 2020. Los sistemas de salud mundiales est\u00e1n sometidos a una enorme presi\u00f3n y los desplazamientos internacionales se han visto gravemente afectados. Los Estados, las empresas y las familias ya est\u00e1n sufriendo p\u00e9rdidas que solo podr\u00edan imaginarse en un estado de guerra.<\/p>\n<p>Si bien ning\u00fan pa\u00eds est\u00e1 a salvo del flagelo de esta pandemia o de sus repercusiones socioecon\u00f3micas, las naciones en desarrollo son las que m\u00e1s sufren, aunque en ellas no haya brotes de COVID-19. Esta pandemia est\u00e1 agudizando las desigualdades que ya exist\u00edan entre los pa\u00edses, sometiendo a una inmensa presi\u00f3n a los sistemas m\u00e1s fr\u00e1giles y sumiendo a los que se encuentran en las situaciones m\u00e1s precarias en una pobreza y un hambre m\u00e1s profundas.<br \/>\nAl mismo tiempo, el aumento de los niveles de deuda limita gravemente la capacidad de los pa\u00edses en desarrollo para prestar servicios p\u00fablicos esenciales como la atenci\u00f3n de la salud y la protecci\u00f3n social.<\/p>\n<p>[\/et_pb_text][\/et_pb_column][\/et_pb_row][et_pb_row _builder_version=\u00bb3.25&#8243; background_size=\u00bbinitial\u00bb background_position=\u00bbtop_left\u00bb background_repeat=\u00bbrepeat\u00bb _i=\u00bb0&#8243; _address=\u00bb0.0&#8243;][et_pb_column type=\u00bb1_2&#8243; custom_padding__hover=\u00bb|||\u00bb custom_padding=\u00bb|||\u00bb][et_pb_text _builder_version=\u00bb4.3.2&#8243; text_text_shadow_horizontal_length=\u00bbtext_text_shadow_style,%91object Object%93&#8243; text_text_shadow_horizontal_length_tablet=\u00bb0px\u00bb text_text_shadow_vertical_length=\u00bbtext_text_shadow_style,%91object Object%93&#8243; text_text_shadow_vertical_length_tablet=\u00bb0px\u00bb text_text_shadow_blur_strength=\u00bbtext_text_shadow_style,%91object Object%93&#8243; text_text_shadow_blur_strength_tablet=\u00bb1px\u00bb link_text_shadow_horizontal_length=\u00bblink_text_shadow_style,%91object Object%93&#8243; link_text_shadow_horizontal_length_tablet=\u00bb0px\u00bb link_text_shadow_vertical_length=\u00bblink_text_shadow_style,%91object Object%93&#8243; link_text_shadow_vertical_length_tablet=\u00bb0px\u00bb link_text_shadow_blur_strength=\u00bblink_text_shadow_style,%91object Object%93&#8243; link_text_shadow_blur_strength_tablet=\u00bb1px\u00bb ul_text_shadow_horizontal_length=\u00bbul_text_shadow_style,%91object Object%93&#8243; ul_text_shadow_horizontal_length_tablet=\u00bb0px\u00bb ul_text_shadow_vertical_length=\u00bbul_text_shadow_style,%91object Object%93&#8243; ul_text_shadow_vertical_length_tablet=\u00bb0px\u00bb ul_text_shadow_blur_strength=\u00bbul_text_shadow_style,%91object Object%93&#8243; ul_text_shadow_blur_strength_tablet=\u00bb1px\u00bb ol_text_shadow_horizontal_length=\u00bbol_text_shadow_style,%91object Object%93&#8243; ol_text_shadow_horizontal_length_tablet=\u00bb0px\u00bb ol_text_shadow_vertical_length=\u00bbol_text_shadow_style,%91object Object%93&#8243; ol_text_shadow_vertical_length_tablet=\u00bb0px\u00bb ol_text_shadow_blur_strength=\u00bbol_text_shadow_style,%91object Object%93&#8243; ol_text_shadow_blur_strength_tablet=\u00bb1px\u00bb quote_text_shadow_horizontal_length=\u00bbquote_text_shadow_style,%91object Object%93&#8243; quote_text_shadow_horizontal_length_tablet=\u00bb0px\u00bb quote_text_shadow_vertical_length=\u00bbquote_text_shadow_style,%91object Object%93&#8243; quote_text_shadow_vertical_length_tablet=\u00bb0px\u00bb quote_text_shadow_blur_strength=\u00bbquote_text_shadow_style,%91object Object%93&#8243; quote_text_shadow_blur_strength_tablet=\u00bb1px\u00bb header_text_shadow_horizontal_length=\u00bbheader_text_shadow_style,%91object Object%93&#8243; header_text_shadow_horizontal_length_tablet=\u00bb0px\u00bb header_text_shadow_vertical_length=\u00bbheader_text_shadow_style,%91object Object%93&#8243; header_text_shadow_vertical_length_tablet=\u00bb0px\u00bb header_text_shadow_blur_strength=\u00bbheader_text_shadow_style,%91object Object%93&#8243; header_text_shadow_blur_strength_tablet=\u00bb1px\u00bb header_2_text_shadow_horizontal_length=\u00bbheader_2_text_shadow_style,%91object Object%93&#8243; header_2_text_shadow_horizontal_length_tablet=\u00bb0px\u00bb header_2_text_shadow_vertical_length=\u00bbheader_2_text_shadow_style,%91object Object%93&#8243; header_2_text_shadow_vertical_length_tablet=\u00bb0px\u00bb header_2_text_shadow_blur_strength=\u00bbheader_2_text_shadow_style,%91object Object%93&#8243; header_2_text_shadow_blur_strength_tablet=\u00bb1px\u00bb header_3_text_shadow_horizontal_length=\u00bbheader_3_text_shadow_style,%91object Object%93&#8243; header_3_text_shadow_horizontal_length_tablet=\u00bb0px\u00bb header_3_text_shadow_vertical_length=\u00bbheader_3_text_shadow_style,%91object Object%93&#8243; header_3_text_shadow_vertical_length_tablet=\u00bb0px\u00bb header_3_text_shadow_blur_strength=\u00bbheader_3_text_shadow_style,%91object Object%93&#8243; header_3_text_shadow_blur_strength_tablet=\u00bb1px\u00bb header_4_text_shadow_horizontal_length=\u00bbheader_4_text_shadow_style,%91object Object%93&#8243; header_4_text_shadow_horizontal_length_tablet=\u00bb0px\u00bb header_4_text_shadow_vertical_length=\u00bbheader_4_text_shadow_style,%91object Object%93&#8243; header_4_text_shadow_vertical_length_tablet=\u00bb0px\u00bb header_4_text_shadow_blur_strength=\u00bbheader_4_text_shadow_style,%91object Object%93&#8243; header_4_text_shadow_blur_strength_tablet=\u00bb1px\u00bb header_5_text_shadow_horizontal_length=\u00bbheader_5_text_shadow_style,%91object Object%93&#8243; header_5_text_shadow_horizontal_length_tablet=\u00bb0px\u00bb header_5_text_shadow_vertical_length=\u00bbheader_5_text_shadow_style,%91object Object%93&#8243; header_5_text_shadow_vertical_length_tablet=\u00bb0px\u00bb header_5_text_shadow_blur_strength=\u00bbheader_5_text_shadow_style,%91object Object%93&#8243; header_5_text_shadow_blur_strength_tablet=\u00bb1px\u00bb header_6_text_shadow_horizontal_length=\u00bbheader_6_text_shadow_style,%91object Object%93&#8243; header_6_text_shadow_horizontal_length_tablet=\u00bb0px\u00bb header_6_text_shadow_vertical_length=\u00bbheader_6_text_shadow_style,%91object Object%93&#8243; header_6_text_shadow_vertical_length_tablet=\u00bb0px\u00bb header_6_text_shadow_blur_strength=\u00bbheader_6_text_shadow_style,%91object Object%93&#8243; header_6_text_shadow_blur_strength_tablet=\u00bb1px\u00bb box_shadow_horizontal_tablet=\u00bb0px\u00bb box_shadow_vertical_tablet=\u00bb0px\u00bb box_shadow_blur_tablet=\u00bb40px\u00bb box_shadow_spread_tablet=\u00bb0px\u00bb vertical_offset_tablet=\u00bb0&#8243; horizontal_offset_tablet=\u00bb0&#8243; z_index_tablet=\u00bb0&#8243;]<\/p>\n<p>A esto se suma que, en medio de la crisis actual, hay demasiados pa\u00edses que viven conflictos armados prolongados. Hago un llamamiento a todos los pa\u00edses y partes en conflicto para que apoyen el llamamiento del Secretario General de las Naciones Unidas en favor de un alto el fuego en todo el mundo. Debemos reforzar la cooperaci\u00f3n internacional para crear condiciones de di\u00e1logo y garantizar el acceso a los alimentos y a los suministros sanitarios esenciales a quienes los necesitan durante este per\u00edodo de incertidumbre.<\/p>\n<p>[\/et_pb_text][\/et_pb_column][et_pb_column type=\u00bb1_2&#8243; custom_padding__hover=\u00bb|||\u00bb custom_padding=\u00bb|||\u00bb][et_pb_code _builder_version=\u00bb4.3.2&#8243; vertical_offset_tablet=\u00bb0&#8243; horizontal_offset_tablet=\u00bb0&#8243; z_index_tablet=\u00bb0&#8243;]\n<!-- iframe plugin v.6.0 wordpress.org\/plugins\/iframe\/ -->\n<iframe loading=\"lazy\" width=\"100%\" height=\"250\" src=\"\/\/www.un.org\/webcast\/1362235914001\/B1J3DDQJf_default\/index.html?videoId=6154455615001\" scrolling=\"yes\" class=\"iframe-class\" frameborder=\"0\"><\/iframe>\n[\/et_pb_code][\/et_pb_column][\/et_pb_row][et_pb_row _builder_version=\u00bb3.25&#8243; background_size=\u00bbinitial\u00bb background_position=\u00bbtop_left\u00bb background_repeat=\u00bbrepeat\u00bb _i=\u00bb2&#8243; _address=\u00bb0.2&#8243;][et_pb_column type=\u00bb4_4&#8243; _builder_version=\u00bb3.25&#8243; custom_padding=\u00bb|||\u00bb _i=\u00bb0&#8243; _address=\u00bb0.2.0&#8243; custom_padding__hover=\u00bb|||\u00bb][et_pb_text _builder_version=\u00bb4.4.5&#8243; _i=\u00bb0&#8243; _address=\u00bb0.2.0.0&#8243; text_text_shadow_horizontal_length=\u00bbtext_text_shadow_style,%91object Object%93&#8243; text_text_shadow_horizontal_length_tablet=\u00bb0px\u00bb text_text_shadow_vertical_length=\u00bbtext_text_shadow_style,%91object Object%93&#8243; text_text_shadow_vertical_length_tablet=\u00bb0px\u00bb text_text_shadow_blur_strength=\u00bbtext_text_shadow_style,%91object Object%93&#8243; text_text_shadow_blur_strength_tablet=\u00bb1px\u00bb link_text_shadow_horizontal_length=\u00bblink_text_shadow_style,%91object Object%93&#8243; link_text_shadow_horizontal_length_tablet=\u00bb0px\u00bb link_text_shadow_vertical_length=\u00bblink_text_shadow_style,%91object Object%93&#8243; link_text_shadow_vertical_length_tablet=\u00bb0px\u00bb link_text_shadow_blur_strength=\u00bblink_text_shadow_style,%91object Object%93&#8243; link_text_shadow_blur_strength_tablet=\u00bb1px\u00bb ul_text_shadow_horizontal_length=\u00bbul_text_shadow_style,%91object Object%93&#8243; ul_text_shadow_horizontal_length_tablet=\u00bb0px\u00bb ul_text_shadow_vertical_length=\u00bbul_text_shadow_style,%91object Object%93&#8243; ul_text_shadow_vertical_length_tablet=\u00bb0px\u00bb ul_text_shadow_blur_strength=\u00bbul_text_shadow_style,%91object Object%93&#8243; ul_text_shadow_blur_strength_tablet=\u00bb1px\u00bb ol_text_shadow_horizontal_length=\u00bbol_text_shadow_style,%91object Object%93&#8243; ol_text_shadow_horizontal_length_tablet=\u00bb0px\u00bb ol_text_shadow_vertical_length=\u00bbol_text_shadow_style,%91object Object%93&#8243; ol_text_shadow_vertical_length_tablet=\u00bb0px\u00bb ol_text_shadow_blur_strength=\u00bbol_text_shadow_style,%91object Object%93&#8243; ol_text_shadow_blur_strength_tablet=\u00bb1px\u00bb quote_text_shadow_horizontal_length=\u00bbquote_text_shadow_style,%91object Object%93&#8243; quote_text_shadow_horizontal_length_tablet=\u00bb0px\u00bb quote_text_shadow_vertical_length=\u00bbquote_text_shadow_style,%91object Object%93&#8243; quote_text_shadow_vertical_length_tablet=\u00bb0px\u00bb quote_text_shadow_blur_strength=\u00bbquote_text_shadow_style,%91object Object%93&#8243; quote_text_shadow_blur_strength_tablet=\u00bb1px\u00bb header_text_shadow_horizontal_length=\u00bbheader_text_shadow_style,%91object Object%93&#8243; header_text_shadow_horizontal_length_tablet=\u00bb0px\u00bb header_text_shadow_vertical_length=\u00bbheader_text_shadow_style,%91object Object%93&#8243; header_text_shadow_vertical_length_tablet=\u00bb0px\u00bb header_text_shadow_blur_strength=\u00bbheader_text_shadow_style,%91object Object%93&#8243; header_text_shadow_blur_strength_tablet=\u00bb1px\u00bb header_2_text_shadow_horizontal_length=\u00bbheader_2_text_shadow_style,%91object Object%93&#8243; header_2_text_shadow_horizontal_length_tablet=\u00bb0px\u00bb header_2_text_shadow_vertical_length=\u00bbheader_2_text_shadow_style,%91object Object%93&#8243; header_2_text_shadow_vertical_length_tablet=\u00bb0px\u00bb header_2_text_shadow_blur_strength=\u00bbheader_2_text_shadow_style,%91object Object%93&#8243; header_2_text_shadow_blur_strength_tablet=\u00bb1px\u00bb header_3_text_shadow_horizontal_length=\u00bbheader_3_text_shadow_style,%91object Object%93&#8243; header_3_text_shadow_horizontal_length_tablet=\u00bb0px\u00bb header_3_text_shadow_vertical_length=\u00bbheader_3_text_shadow_style,%91object Object%93&#8243; header_3_text_shadow_vertical_length_tablet=\u00bb0px\u00bb header_3_text_shadow_blur_strength=\u00bbheader_3_text_shadow_style,%91object Object%93&#8243; header_3_text_shadow_blur_strength_tablet=\u00bb1px\u00bb header_4_text_shadow_horizontal_length=\u00bbheader_4_text_shadow_style,%91object Object%93&#8243; header_4_text_shadow_horizontal_length_tablet=\u00bb0px\u00bb header_4_text_shadow_vertical_length=\u00bbheader_4_text_shadow_style,%91object Object%93&#8243; header_4_text_shadow_vertical_length_tablet=\u00bb0px\u00bb header_4_text_shadow_blur_strength=\u00bbheader_4_text_shadow_style,%91object Object%93&#8243; header_4_text_shadow_blur_strength_tablet=\u00bb1px\u00bb header_5_text_shadow_horizontal_length=\u00bbheader_5_text_shadow_style,%91object Object%93&#8243; header_5_text_shadow_horizontal_length_tablet=\u00bb0px\u00bb header_5_text_shadow_vertical_length=\u00bbheader_5_text_shadow_style,%91object Object%93&#8243; header_5_text_shadow_vertical_length_tablet=\u00bb0px\u00bb header_5_text_shadow_blur_strength=\u00bbheader_5_text_shadow_style,%91object Object%93&#8243; header_5_text_shadow_blur_strength_tablet=\u00bb1px\u00bb header_6_text_shadow_horizontal_length=\u00bbheader_6_text_shadow_style,%91object Object%93&#8243; header_6_text_shadow_horizontal_length_tablet=\u00bb0px\u00bb header_6_text_shadow_vertical_length=\u00bbheader_6_text_shadow_style,%91object Object%93&#8243; header_6_text_shadow_vertical_length_tablet=\u00bb0px\u00bb header_6_text_shadow_blur_strength=\u00bbheader_6_text_shadow_style,%91object Object%93&#8243; header_6_text_shadow_blur_strength_tablet=\u00bb1px\u00bb box_shadow_horizontal_tablet=\u00bb0px\u00bb box_shadow_vertical_tablet=\u00bb0px\u00bb box_shadow_blur_tablet=\u00bb40px\u00bb box_shadow_spread_tablet=\u00bb0px\u00bb vertical_offset_tablet=\u00bb0&#8243; horizontal_offset_tablet=\u00bb0&#8243; z_index_tablet=\u00bb0&#8243;]<\/p>\n<p>Esta crisis llega cuando nos embarcamos en el decenio de acci\u00f3n y resultados en favor del desarrollo sostenible para aplicar los Objetivos de Desarrollo Sostenible, y corremos el riesgo de perder los logros que hemos conseguido. Cuando aprobamos la Agenda 2030 para el Desarrollo Sostenible, nos comprometimos a no dejar a nadie atr\u00e1s. Debemos mantenernos firmes en nuestro compromiso de implementar la Agenda 2030 y la Agenda de Acci\u00f3n de Addis Abeba de la Tercera Conferencia Internacional sobre la Financiaci\u00f3n para el Desarrollo demostrando una mayor determinaci\u00f3n e impulsando con urgencia la acci\u00f3n multilateral necesaria.<br \/>\nExcelencias:<br \/>\nAl igual que las Naciones Unidas, el Movimiento de Pa\u00edses No Alineados se fund\u00f3 tras un per\u00edodo de desconfianza. Era otra \u00e9poca, pero la situaci\u00f3n era muy similar a la de hoy. Los pa\u00edses se dieron cuenta de que los desaf\u00edos a los que se enfrentaban requer\u00edan mucho m\u00e1s que esfuerzos nacionales. Les pido que trabajen de la misma manera hoy para encontrar soluciones a nuestro m\u00e1s reciente desaf\u00edo com\u00fan.<br \/>\nPara luchar eficazmente contra la COVID-19 y mitigar sus amplios efectos, nuestros esfuerzos de recuperaci\u00f3n y las acciones para lograr los Objetivos de Desarrollo Sostenible deben estar alineados. Debemos involucrar a todos los interesados, incluidos los gobiernos, las instituciones multilaterales, el sector privado y la sociedad civil, para asegurarnos de que respondemos a las necesidades espec\u00edficas de las comunidades, entre otras cosas garantizando la igualdad de acceso a los tratamientos y a las vacunas sin discriminaci\u00f3n. Tambi\u00e9n debemos salvaguardar a los m\u00e1s vulnerables entre nosotros, como las personas de edad, las personas con enfermedades preexistentes, los trabajadores de primera l\u00ednea y los miembros m\u00e1s pobres de nuestras comunidades.<\/p>\n<p>[\/et_pb_text][et_pb_testimonial author=\u00bbTijjani Muhammad Bande \u00bb job_title=\u00bbPresidente de la Asamblea General de las Naciones Unidas\u00bb portrait_url=\u00bbhttps:\/\/www.un.org\/pga\/74\/wp-content\/uploads\/sites\/99\/2019\/07\/Offical-Portrait-PGA-elect.jpg\u00bb quote_icon_color=\u00bb#00aff8&#8243; _builder_version=\u00bb4.3.2&#8243; background_size=\u00bbinitial\u00bb background_position=\u00bbtop_left\u00bb background_repeat=\u00bbrepeat\u00bb border_style=\u00bbsolid\u00bb _i=\u00bb1&#8243; _address=\u00bb0.2.0.1&#8243; quote_icon_background_color=\u00bb#f5f5f5&#8243; box_shadow_horizontal_image_tablet=\u00bb0px\u00bb box_shadow_vertical_image_tablet=\u00bb0px\u00bb box_shadow_blur_image_tablet=\u00bb40px\u00bb box_shadow_spread_image_tablet=\u00bb0px\u00bb text_shadow_horizontal_length=\u00bbtext_shadow_style,%91object Object%93&#8243; text_shadow_horizontal_length_tablet=\u00bb0px\u00bb text_shadow_vertical_length=\u00bbtext_shadow_style,%91object Object%93&#8243; text_shadow_vertical_length_tablet=\u00bb0px\u00bb text_shadow_blur_strength=\u00bbtext_shadow_style,%91object Object%93&#8243; text_shadow_blur_strength_tablet=\u00bb1px\u00bb body_link_text_shadow_horizontal_length=\u00bbbody_link_text_shadow_style,%91object Object%93&#8243; body_link_text_shadow_horizontal_length_tablet=\u00bb0px\u00bb body_link_text_shadow_vertical_length=\u00bbbody_link_text_shadow_style,%91object Object%93&#8243; body_link_text_shadow_vertical_length_tablet=\u00bb0px\u00bb body_link_text_shadow_blur_strength=\u00bbbody_link_text_shadow_style,%91object Object%93&#8243; body_link_text_shadow_blur_strength_tablet=\u00bb1px\u00bb body_ul_text_shadow_horizontal_length=\u00bbbody_ul_text_shadow_style,%91object Object%93&#8243; body_ul_text_shadow_horizontal_length_tablet=\u00bb0px\u00bb body_ul_text_shadow_vertical_length=\u00bbbody_ul_text_shadow_style,%91object Object%93&#8243; body_ul_text_shadow_vertical_length_tablet=\u00bb0px\u00bb body_ul_text_shadow_blur_strength=\u00bbbody_ul_text_shadow_style,%91object Object%93&#8243; body_ul_text_shadow_blur_strength_tablet=\u00bb1px\u00bb body_ol_text_shadow_horizontal_length=\u00bbbody_ol_text_shadow_style,%91object Object%93&#8243; body_ol_text_shadow_horizontal_length_tablet=\u00bb0px\u00bb body_ol_text_shadow_vertical_length=\u00bbbody_ol_text_shadow_style,%91object Object%93&#8243; body_ol_text_shadow_vertical_length_tablet=\u00bb0px\u00bb body_ol_text_shadow_blur_strength=\u00bbbody_ol_text_shadow_style,%91object Object%93&#8243; body_ol_text_shadow_blur_strength_tablet=\u00bb1px\u00bb body_quote_text_shadow_horizontal_length=\u00bbbody_quote_text_shadow_style,%91object Object%93&#8243; body_quote_text_shadow_horizontal_length_tablet=\u00bb0px\u00bb body_quote_text_shadow_vertical_length=\u00bbbody_quote_text_shadow_style,%91object Object%93&#8243; body_quote_text_shadow_vertical_length_tablet=\u00bb0px\u00bb body_quote_text_shadow_blur_strength=\u00bbbody_quote_text_shadow_style,%91object Object%93&#8243; body_quote_text_shadow_blur_strength_tablet=\u00bb1px\u00bb author_text_shadow_horizontal_length=\u00bbauthor_text_shadow_style,%91object Object%93&#8243; author_text_shadow_horizontal_length_tablet=\u00bb0px\u00bb author_text_shadow_vertical_length=\u00bbauthor_text_shadow_style,%91object Object%93&#8243; author_text_shadow_vertical_length_tablet=\u00bb0px\u00bb author_text_shadow_blur_strength=\u00bbauthor_text_shadow_style,%91object Object%93&#8243; author_text_shadow_blur_strength_tablet=\u00bb1px\u00bb position_text_shadow_horizontal_length=\u00bbposition_text_shadow_style,%91object Object%93&#8243; position_text_shadow_horizontal_length_tablet=\u00bb0px\u00bb position_text_shadow_vertical_length=\u00bbposition_text_shadow_style,%91object Object%93&#8243; position_text_shadow_vertical_length_tablet=\u00bb0px\u00bb position_text_shadow_blur_strength=\u00bbposition_text_shadow_style,%91object Object%93&#8243; position_text_shadow_blur_strength_tablet=\u00bb1px\u00bb company_text_shadow_horizontal_length=\u00bbcompany_text_shadow_style,%91object Object%93&#8243; company_text_shadow_horizontal_length_tablet=\u00bb0px\u00bb company_text_shadow_vertical_length=\u00bbcompany_text_shadow_style,%91object Object%93&#8243; company_text_shadow_vertical_length_tablet=\u00bb0px\u00bb company_text_shadow_blur_strength=\u00bbcompany_text_shadow_style,%91object Object%93&#8243; company_text_shadow_blur_strength_tablet=\u00bb1px\u00bb box_shadow_horizontal_tablet=\u00bb0px\u00bb box_shadow_vertical_tablet=\u00bb0px\u00bb box_shadow_blur_tablet=\u00bb40px\u00bb box_shadow_spread_tablet=\u00bb0px\u00bb vertical_offset_tablet=\u00bb0&#8243; horizontal_offset_tablet=\u00bb0&#8243; z_index_tablet=\u00bb0&#8243;]<\/p>\n<p><strong>Para luchar eficazmente contra la COVID-19 y mitigar sus amplios efectos, nuestros esfuerzos de recuperaci\u00f3n y las acciones para lograr los Objetivos de Desarrollo Sostenible deben estar alineados. Debemos involucrar a todos los interesados, incluidos los gobiernos, las instituciones multilaterales, el sector privado y la sociedad civil, para asegurarnos de que respondemos a las necesidades espec\u00edficas de las comunidades, entre otras cosas garantizando la igualdad de acceso a los tratamientos y a las vacunas sin discriminaci\u00f3n. Tambi\u00e9n debemos salvaguardar a los m\u00e1s vulnerables entre nosotros, como las personas de edad, las personas con enfermedades preexistentes, los trabajadores de primera l\u00ednea y los miembros m\u00e1s pobres de nuestras comunidades.<\/strong><\/p>\n<p>[\/et_pb_testimonial][et_pb_text _builder_version=\u00bb4.4.5&#8243; background_size=\u00bbinitial\u00bb background_position=\u00bbtop_left\u00bb background_repeat=\u00bbrepeat\u00bb border_style=\u00bbsolid\u00bb _i=\u00bb2&#8243; _address=\u00bb0.2.0.2&#8243; text_text_shadow_horizontal_length=\u00bbtext_text_shadow_style,%91object Object%93&#8243; text_text_shadow_horizontal_length_tablet=\u00bb0px\u00bb text_text_shadow_vertical_length=\u00bbtext_text_shadow_style,%91object Object%93&#8243; text_text_shadow_vertical_length_tablet=\u00bb0px\u00bb text_text_shadow_blur_strength=\u00bbtext_text_shadow_style,%91object Object%93&#8243; text_text_shadow_blur_strength_tablet=\u00bb1px\u00bb link_text_shadow_horizontal_length=\u00bblink_text_shadow_style,%91object Object%93&#8243; link_text_shadow_horizontal_length_tablet=\u00bb0px\u00bb link_text_shadow_vertical_length=\u00bblink_text_shadow_style,%91object Object%93&#8243; link_text_shadow_vertical_length_tablet=\u00bb0px\u00bb link_text_shadow_blur_strength=\u00bblink_text_shadow_style,%91object Object%93&#8243; link_text_shadow_blur_strength_tablet=\u00bb1px\u00bb ul_text_shadow_horizontal_length=\u00bbul_text_shadow_style,%91object Object%93&#8243; ul_text_shadow_horizontal_length_tablet=\u00bb0px\u00bb ul_text_shadow_vertical_length=\u00bbul_text_shadow_style,%91object Object%93&#8243; ul_text_shadow_vertical_length_tablet=\u00bb0px\u00bb ul_text_shadow_blur_strength=\u00bbul_text_shadow_style,%91object Object%93&#8243; ul_text_shadow_blur_strength_tablet=\u00bb1px\u00bb ol_text_shadow_horizontal_length=\u00bbol_text_shadow_style,%91object Object%93&#8243; ol_text_shadow_horizontal_length_tablet=\u00bb0px\u00bb ol_text_shadow_vertical_length=\u00bbol_text_shadow_style,%91object Object%93&#8243; ol_text_shadow_vertical_length_tablet=\u00bb0px\u00bb ol_text_shadow_blur_strength=\u00bbol_text_shadow_style,%91object Object%93&#8243; ol_text_shadow_blur_strength_tablet=\u00bb1px\u00bb quote_text_shadow_horizontal_length=\u00bbquote_text_shadow_style,%91object Object%93&#8243; quote_text_shadow_horizontal_length_tablet=\u00bb0px\u00bb quote_text_shadow_vertical_length=\u00bbquote_text_shadow_style,%91object Object%93&#8243; quote_text_shadow_vertical_length_tablet=\u00bb0px\u00bb quote_text_shadow_blur_strength=\u00bbquote_text_shadow_style,%91object Object%93&#8243; quote_text_shadow_blur_strength_tablet=\u00bb1px\u00bb header_text_shadow_horizontal_length=\u00bbheader_text_shadow_style,%91object Object%93&#8243; header_text_shadow_horizontal_length_tablet=\u00bb0px\u00bb header_text_shadow_vertical_length=\u00bbheader_text_shadow_style,%91object Object%93&#8243; header_text_shadow_vertical_length_tablet=\u00bb0px\u00bb header_text_shadow_blur_strength=\u00bbheader_text_shadow_style,%91object Object%93&#8243; header_text_shadow_blur_strength_tablet=\u00bb1px\u00bb header_2_text_shadow_horizontal_length=\u00bbheader_2_text_shadow_style,%91object Object%93&#8243; header_2_text_shadow_horizontal_length_tablet=\u00bb0px\u00bb header_2_text_shadow_vertical_length=\u00bbheader_2_text_shadow_style,%91object Object%93&#8243; header_2_text_shadow_vertical_length_tablet=\u00bb0px\u00bb header_2_text_shadow_blur_strength=\u00bbheader_2_text_shadow_style,%91object Object%93&#8243; header_2_text_shadow_blur_strength_tablet=\u00bb1px\u00bb header_3_text_shadow_horizontal_length=\u00bbheader_3_text_shadow_style,%91object Object%93&#8243; header_3_text_shadow_horizontal_length_tablet=\u00bb0px\u00bb header_3_text_shadow_vertical_length=\u00bbheader_3_text_shadow_style,%91object Object%93&#8243; header_3_text_shadow_vertical_length_tablet=\u00bb0px\u00bb header_3_text_shadow_blur_strength=\u00bbheader_3_text_shadow_style,%91object Object%93&#8243; header_3_text_shadow_blur_strength_tablet=\u00bb1px\u00bb header_4_text_shadow_horizontal_length=\u00bbheader_4_text_shadow_style,%91object Object%93&#8243; header_4_text_shadow_horizontal_length_tablet=\u00bb0px\u00bb header_4_text_shadow_vertical_length=\u00bbheader_4_text_shadow_style,%91object Object%93&#8243; header_4_text_shadow_vertical_length_tablet=\u00bb0px\u00bb header_4_text_shadow_blur_strength=\u00bbheader_4_text_shadow_style,%91object Object%93&#8243; header_4_text_shadow_blur_strength_tablet=\u00bb1px\u00bb header_5_text_shadow_horizontal_length=\u00bbheader_5_text_shadow_style,%91object Object%93&#8243; header_5_text_shadow_horizontal_length_tablet=\u00bb0px\u00bb header_5_text_shadow_vertical_length=\u00bbheader_5_text_shadow_style,%91object Object%93&#8243; header_5_text_shadow_vertical_length_tablet=\u00bb0px\u00bb header_5_text_shadow_blur_strength=\u00bbheader_5_text_shadow_style,%91object Object%93&#8243; header_5_text_shadow_blur_strength_tablet=\u00bb1px\u00bb header_6_text_shadow_horizontal_length=\u00bbheader_6_text_shadow_style,%91object Object%93&#8243; header_6_text_shadow_horizontal_length_tablet=\u00bb0px\u00bb header_6_text_shadow_vertical_length=\u00bbheader_6_text_shadow_style,%91object Object%93&#8243; header_6_text_shadow_vertical_length_tablet=\u00bb0px\u00bb header_6_text_shadow_blur_strength=\u00bbheader_6_text_shadow_style,%91object Object%93&#8243; header_6_text_shadow_blur_strength_tablet=\u00bb1px\u00bb box_shadow_horizontal_tablet=\u00bb0px\u00bb box_shadow_vertical_tablet=\u00bb0px\u00bb box_shadow_blur_tablet=\u00bb40px\u00bb box_shadow_spread_tablet=\u00bb0px\u00bb vertical_offset_tablet=\u00bb0&#8243; horizontal_offset_tablet=\u00bb0&#8243; z_index_tablet=\u00bb0&#8243;]<\/p>\n<p>Excelencias:<br \/>\nDada la importancia de la educaci\u00f3n en el cumplimiento de la Agenda 2030, debemos asegurarnos de tratar con car\u00e1cter de urgencia las perturbaciones que la pandemia ya ha causado en la educaci\u00f3n en todo el mundo. Los cierres de las escuelas afectan a m\u00e1s del 90 % de los estudiantes del mundo y, por lo tanto, debemos coordinarnos con eficacia y apoyarnos mutuamente para asegurar que los estudiantes de todo el mundo tengan acceso a una educaci\u00f3n de calidad a trav\u00e9s del aprendizaje a distancia.<br \/>\nSi bien para los pa\u00edses desarrollados ha sido m\u00e1s f\u00e1cil el cambio hacia la ense\u00f1anza a distancia, para muchos gobiernos de todo el mundo esto ha sido dif\u00edcil o imposible, debido a cuestiones como la penetraci\u00f3n de Internet o la falta de programas inform\u00e1ticos, equipos y otra infraestructura necesaria. No podemos permitir que esta pandemia ampl\u00ede la brecha educativa que ya existe, y les pido a todos ustedes que incluyan la cooperaci\u00f3n como un elemento clave en el sector de la educaci\u00f3n.<br \/>\nAdem\u00e1s, como muchas personas en todo el mundo dependen de la agricultura para obtener alimentos e ingresos, debemos hacer todo lo posible para garantizar que los trabajadores agr\u00edcolas puedan trabajar con un m\u00ednimo de disrupciones. Los insto a que garanticen un aumento de la inversi\u00f3n en sistemas alimentarios inclusivos y resilientes que reflejen nuestra nueva realidad y nos permitan afrontar mejor los desaf\u00edos que presentan, incluidos los riesgos desproporcionados a los que se enfrentan los peque\u00f1os Estados insulares en desarrollo, los pa\u00edses menos adelantados y los pa\u00edses exportadores de productos b\u00e1sicos. Mientras luchamos contra la pandemia de COVID-19 debemos volver a comprometernos a acabar con el hambre y la pobreza.<br \/>\nExcelencias:<br \/>\nDebemos actuar r\u00e1pidamente en las cuestiones relacionadas con el alivio de la deuda y la financiaci\u00f3n en condiciones favorables para que los pa\u00edses vulnerables puedan ampliar las respuestas en materia de salud y proporcionar protecci\u00f3n social, pero al mismo tiempo debemos recordar que la generaci\u00f3n eficaz de ingresos p\u00fablicos ser\u00e1 fundamental para financiar sistemas resistentes, ahora y en el futuro. Por consiguiente, debemos seguir adoptando medidas concretas para luchar contra los flujos financieros il\u00edcitos, y en otros casos para movilizar fondos para gastos p\u00fablicos esenciales. Debemos derrotar esta amenaza y construir sistemas financieros que puedan soportar los efectos de la COVID-19 y las futuras crisis.<br \/>\nExcelencias:<br \/>\nEncomio el liderazgo del Movimiento de Pa\u00edses No Alineados y sus Estados miembros, que desde el comienzo de esta pandemia han demostrado su solidaridad con los pa\u00edses hermanos del Sur Global mediante el intercambio de mejores pr\u00e1cticas, la donaci\u00f3n de equipo y suministros m\u00e9dicos, as\u00ed como el suministro de alimentos y asistencia humanitaria de otro tipo. Insto al Movimiento a que siga abogando por la existencia de un espacio econ\u00f3mico internacional mutuamente beneficioso mediante la creaci\u00f3n, el desarrollo y la difusi\u00f3n de nuevas tecnolog\u00edas e innovaciones, en el marco de la cooperaci\u00f3n Sur-Sur.<br \/>\nEstoy agradecido al Movimiento de Pa\u00edses No Alineados por las numerosas maneras en que refuerza los principios de la Carta de las Naciones Unidas, como ha quedado demostrado en la actuaci\u00f3n de los Estados miembros del Movimiento en las recientes resoluciones aprobadas por la Asamblea General de las Naciones Unidas sobre la solidaridad y el acceso a los medicamentos y las vacunas. Conf\u00edo en que seguir\u00e1 siendo una voz de la raz\u00f3n y la moderaci\u00f3n y continuar\u00e1 trabajando, en el marco de la Carta de las Naciones Unidas y los Principios de Bandung, en pro de la paz y la seguridad internacionales, el estado de derecho, la justicia y el desarrollo sostenible.<br \/>\nSeguir\u00e9 trabajando con ustedes para promover las alianzas e impulsar el compromiso necesario para derrotar a la COVID-19 y reducir su impacto en todos nosotros. En el pasado, superamos desaf\u00edos que parec\u00edan insalvables, y, juntos, volveremos a lograrlo.<br \/>\nMuchas gracias.<\/p>\n<p><a href=\"https:\/\/www.un.org\/pga\/74\/wp-content\/uploads\/sites\/99\/2020\/09\/2007229S.NAM_.pdf\">Puede descargarse la declaraci\u00f3n en formato PDF<\/a>.<\/p>\n<p>[\/et_pb_text][\/et_pb_column][\/et_pb_row][\/et_pb_section]<\/p>\n","protected":false},"excerpt":{"rendered":"<p>Declaraci\u00f3n del Excmo. Sr. Tijjani Muhammad Bande, Presidente del septuag\u00e9simo cuarto per\u00edodo de sesiones de la Asamblea General de las Naciones Unidas<\/p>\n","protected":false},"author":266,"featured_media":0,"comment_status":"closed","ping_status":"closed","sticky":false,"template":"","format":"standard","meta":{"_et_pb_use_builder":"on","_et_pb_old_content":"","_et_gb_content_width":"","footnotes":"","_links_to":"","_links_to_target":""},"categories":[418],"tags":[],"class_list":["post-229845","post","type-post","status-publish","format-standard","hentry","category-statements-es","et-doesnt-have-format-content","et_post_format-et-post-format-standard"],"yoast_head":"<!-- This site is optimized with the Yoast SEO plugin v28.3 - https:\/\/yoast.com\/product\/yoast-seo-wordpress\/ -->\n<title>REÄ¢¹½ÊÓÆµI\u00d3N DE ALTO NIVEL DEL GRUPO DE CONTACTO DE LOS JEFES DE ESTADO Y DE GOBIERNO DEL MOVIMIENTO DE PA\u00cdSES NO ALINEADOS - Asamblea General de las Naciones Unidas<\/title>\n<meta name=\"robots\" content=\"index, follow, max-snippet:-1, max-image-preview:large, max-video-preview:-1\" \/>\n<link rel=\"canonical\" href=\"https:\/\/www.un.org\/pga\/74\/2020\/05\/04\/high-level-contact-group-meeting-of-the-heads-of-state-and-government-of-the-non-aligned-movement\/\" \/>\n<meta property=\"og:locale\" content=\"es_ES\" \/>\n<meta property=\"og:type\" content=\"article\" \/>\n<meta property=\"og:title\" content=\"REÄ¢¹½ÊÓÆµI\u00d3N DE ALTO NIVEL DEL GRUPO DE CONTACTO DE LOS JEFES DE ESTADO Y DE GOBIERNO DEL MOVIMIENTO DE PA\u00cdSES NO ALINEADOS - Asamblea General de las Naciones Unidas\" \/>\n<meta property=\"og:description\" content=\"Declaraci\u00f3n del Excmo. Sr. Tijjani Muhammad Bande, Presidente del septuag\u00e9simo cuarto per\u00edodo de sesiones de la Asamblea General de las Naciones Unidas\" \/>\n<meta property=\"og:url\" content=\"https:\/\/www.un.org\/pga\/74\/2020\/05\/04\/high-level-contact-group-meeting-of-the-heads-of-state-and-government-of-the-non-aligned-movement\/\" \/>\n<meta property=\"og:site_name\" content=\"Asamblea General de las Naciones Unidas\" \/>\n<meta property=\"article:published_time\" content=\"2020-05-04T17:36:22+00:00\" \/>\n<meta property=\"article:modified_time\" content=\"2020-09-10T15:23:08+00:00\" \/>\n<meta name=\"author\" content=\"Denise Kling\" \/>\n<meta name=\"twitter:card\" content=\"summary_large_image\" \/>\n<meta name=\"twitter:label1\" content=\"Escrito por\" \/>\n\t<meta name=\"twitter:data1\" content=\"Denise Kling\" \/>\n\t<meta name=\"twitter:label2\" content=\"Tiempo de lectura\" \/>\n\t<meta name=\"twitter:data2\" content=\"25 minutos\" \/>\n<script type=\"application\/ld+json\" class=\"yoast-schema-graph\">{\"@context\":\"https:\\\/\\\/schema.org\",\"@graph\":[{\"@type\":\"Article\",\"@id\":\"https:\\\/\\\/www.un.org\\\/pga\\\/74\\\/2020\\\/05\\\/04\\\/high-level-contact-group-meeting-of-the-heads-of-state-and-government-of-the-non-aligned-movement\\\/#article\",\"isPartOf\":{\"@id\":\"https:\\\/\\\/www.un.org\\\/pga\\\/74\\\/2020\\\/05\\\/04\\\/high-level-contact-group-meeting-of-the-heads-of-state-and-government-of-the-non-aligned-movement\\\/\"},\"author\":{\"name\":\"Denise Kling\",\"@id\":\"https:\\\/\\\/www.un.org\\\/pga\\\/74\\\/#\\\/schema\\\/person\\\/af470bea9354ed1b453ade6d22b5c9ee\"},\"headline\":\"REÄ¢¹½ÊÓÆµI\u00d3N DE ALTO NIVEL DEL GRUPO DE CONTACTO DE LOS JEFES DE ESTADO Y DE GOBIERNO DEL MOVIMIENTO DE PA\u00cdSES NO ALINEADOS\",\"datePublished\":\"2020-05-04T17:36:22+00:00\",\"dateModified\":\"2020-09-10T15:23:08+00:00\",\"mainEntityOfPage\":{\"@id\":\"https:\\\/\\\/www.un.org\\\/pga\\\/74\\\/2020\\\/05\\\/04\\\/high-level-contact-group-meeting-of-the-heads-of-state-and-government-of-the-non-aligned-movement\\\/\"},\"wordCount\":5014,\"articleSection\":[\"Statements\"],\"inLanguage\":\"es\"},{\"@type\":\"WebPage\",\"@id\":\"https:\\\/\\\/www.un.org\\\/pga\\\/74\\\/2020\\\/05\\\/04\\\/high-level-contact-group-meeting-of-the-heads-of-state-and-government-of-the-non-aligned-movement\\\/\",\"url\":\"https:\\\/\\\/www.un.org\\\/pga\\\/74\\\/2020\\\/05\\\/04\\\/high-level-contact-group-meeting-of-the-heads-of-state-and-government-of-the-non-aligned-movement\\\/\",\"name\":\"REÄ¢¹½ÊÓÆµI\u00d3N DE ALTO NIVEL DEL GRUPO DE CONTACTO DE LOS JEFES DE ESTADO Y DE GOBIERNO DEL MOVIMIENTO DE PA\u00cdSES NO ALINEADOS - Asamblea General de las Naciones Unidas\",\"isPartOf\":{\"@id\":\"https:\\\/\\\/www.un.org\\\/pga\\\/74\\\/#website\"},\"datePublished\":\"2020-05-04T17:36:22+00:00\",\"dateModified\":\"2020-09-10T15:23:08+00:00\",\"author\":{\"@id\":\"https:\\\/\\\/www.un.org\\\/pga\\\/74\\\/#\\\/schema\\\/person\\\/af470bea9354ed1b453ade6d22b5c9ee\"},\"breadcrumb\":{\"@id\":\"https:\\\/\\\/www.un.org\\\/pga\\\/74\\\/2020\\\/05\\\/04\\\/high-level-contact-group-meeting-of-the-heads-of-state-and-government-of-the-non-aligned-movement\\\/#breadcrumb\"},\"inLanguage\":\"es\",\"potentialAction\":[{\"@type\":\"ReadAction\",\"target\":[\"https:\\\/\\\/www.un.org\\\/pga\\\/74\\\/2020\\\/05\\\/04\\\/high-level-contact-group-meeting-of-the-heads-of-state-and-government-of-the-non-aligned-movement\\\/\"]}]},{\"@type\":\"BreadcrumbList\",\"@id\":\"https:\\\/\\\/www.un.org\\\/pga\\\/74\\\/2020\\\/05\\\/04\\\/high-level-contact-group-meeting-of-the-heads-of-state-and-government-of-the-non-aligned-movement\\\/#breadcrumb\",\"itemListElement\":[{\"@type\":\"ListItem\",\"position\":1,\"name\":\"Home\",\"item\":\"https:\\\/\\\/www.un.org\\\/pga\\\/74\\\/es\\\/\"},{\"@type\":\"ListItem\",\"position\":2,\"name\":\"REÄ¢¹½ÊÓÆµI\u00d3N DE ALTO NIVEL DEL GRUPO DE CONTACTO DE LOS JEFES DE ESTADO Y DE GOBIERNO DEL MOVIMIENTO DE PA\u00cdSES NO ALINEADOS\"}]},{\"@type\":\"WebSite\",\"@id\":\"https:\\\/\\\/www.un.org\\\/pga\\\/74\\\/#website\",\"url\":\"https:\\\/\\\/www.un.org\\\/pga\\\/74\\\/\",\"name\":\"Asamblea General de las Naciones Unidas\",\"description\":\"Presidente del 74\u00b0 per\u00edodo de sesiones\",\"potentialAction\":[{\"@type\":\"SearchAction\",\"target\":{\"@type\":\"EntryPoint\",\"urlTemplate\":\"https:\\\/\\\/www.un.org\\\/pga\\\/74\\\/?s={search_term_string}\"},\"query-input\":{\"@type\":\"PropertyValueSpecification\",\"valueRequired\":true,\"valueName\":\"search_term_string\"}}],\"inLanguage\":\"es\"},{\"@type\":\"Person\",\"@id\":\"https:\\\/\\\/www.un.org\\\/pga\\\/74\\\/#\\\/schema\\\/person\\\/af470bea9354ed1b453ade6d22b5c9ee\",\"name\":\"Denise Kling\",\"image\":{\"@type\":\"ImageObject\",\"inLanguage\":\"es\",\"@id\":\"https:\\\/\\\/secure.gravatar.com\\\/avatar\\\/b5fdae9d2ae28ca0f434202f2c9b6f29640a2b757fdbaa4592687900a399db3d?s=96&d=mm&r=g\",\"url\":\"https:\\\/\\\/secure.gravatar.com\\\/avatar\\\/b5fdae9d2ae28ca0f434202f2c9b6f29640a2b757fdbaa4592687900a399db3d?s=96&d=mm&r=g\",\"contentUrl\":\"https:\\\/\\\/secure.gravatar.com\\\/avatar\\\/b5fdae9d2ae28ca0f434202f2c9b6f29640a2b757fdbaa4592687900a399db3d?s=96&d=mm&r=g\",\"caption\":\"Denise Kling\"},\"url\":\"https:\\\/\\\/www.un.org\\\/pga\\\/74\\\/es\\\/author\\\/denise-klingun-org\\\/\"}]}<\/script>\n<!-- \/ Yoast SEO plugin. -->","yoast_head_json":{"title":"REÄ¢¹½ÊÓÆµI\u00d3N DE ALTO NIVEL DEL GRUPO DE CONTACTO DE LOS JEFES DE ESTADO Y DE GOBIERNO DEL MOVIMIENTO DE PA\u00cdSES NO ALINEADOS - Asamblea General de las Naciones Unidas","robots":{"index":"index","follow":"follow","max-snippet":"max-snippet:-1","max-image-preview":"max-image-preview:large","max-video-preview":"max-video-preview:-1"},"canonical":"https:\/\/www.un.org\/pga\/74\/2020\/05\/04\/high-level-contact-group-meeting-of-the-heads-of-state-and-government-of-the-non-aligned-movement\/","og_locale":"es_ES","og_type":"article","og_title":"REÄ¢¹½ÊÓÆµI\u00d3N DE ALTO NIVEL DEL GRUPO DE CONTACTO DE LOS JEFES DE ESTADO Y DE GOBIERNO DEL MOVIMIENTO DE PA\u00cdSES NO ALINEADOS - Asamblea General de las Naciones Unidas","og_description":"Declaraci\u00f3n del Excmo. Sr. Tijjani Muhammad Bande, Presidente del septuag\u00e9simo cuarto per\u00edodo de sesiones de la Asamblea General de las Naciones Unidas","og_url":"https:\/\/www.un.org\/pga\/74\/2020\/05\/04\/high-level-contact-group-meeting-of-the-heads-of-state-and-government-of-the-non-aligned-movement\/","og_site_name":"Asamblea General de las Naciones Unidas","article_published_time":"2020-05-04T17:36:22+00:00","article_modified_time":"2020-09-10T15:23:08+00:00","author":"Denise Kling","twitter_card":"summary_large_image","twitter_misc":{"Escrito por":"Denise Kling","Tiempo de lectura":"25 minutos"},"schema":{"@context":"https:\/\/schema.org","@graph":[{"@type":"Article","@id":"https:\/\/www.un.org\/pga\/74\/2020\/05\/04\/high-level-contact-group-meeting-of-the-heads-of-state-and-government-of-the-non-aligned-movement\/#article","isPartOf":{"@id":"https:\/\/www.un.org\/pga\/74\/2020\/05\/04\/high-level-contact-group-meeting-of-the-heads-of-state-and-government-of-the-non-aligned-movement\/"},"author":{"name":"Denise Kling","@id":"https:\/\/www.un.org\/pga\/74\/#\/schema\/person\/af470bea9354ed1b453ade6d22b5c9ee"},"headline":"REÄ¢¹½ÊÓÆµI\u00d3N DE ALTO NIVEL DEL GRUPO DE CONTACTO DE LOS JEFES DE ESTADO Y DE GOBIERNO DEL MOVIMIENTO DE PA\u00cdSES NO ALINEADOS","datePublished":"2020-05-04T17:36:22+00:00","dateModified":"2020-09-10T15:23:08+00:00","mainEntityOfPage":{"@id":"https:\/\/www.un.org\/pga\/74\/2020\/05\/04\/high-level-contact-group-meeting-of-the-heads-of-state-and-government-of-the-non-aligned-movement\/"},"wordCount":5014,"articleSection":["Statements"],"inLanguage":"es"},{"@type":"WebPage","@id":"https:\/\/www.un.org\/pga\/74\/2020\/05\/04\/high-level-contact-group-meeting-of-the-heads-of-state-and-government-of-the-non-aligned-movement\/","url":"https:\/\/www.un.org\/pga\/74\/2020\/05\/04\/high-level-contact-group-meeting-of-the-heads-of-state-and-government-of-the-non-aligned-movement\/","name":"REÄ¢¹½ÊÓÆµI\u00d3N DE ALTO NIVEL DEL GRUPO DE CONTACTO DE LOS JEFES DE ESTADO Y DE GOBIERNO DEL MOVIMIENTO DE PA\u00cdSES NO ALINEADOS - Asamblea General de las Naciones Unidas","isPartOf":{"@id":"https:\/\/www.un.org\/pga\/74\/#website"},"datePublished":"2020-05-04T17:36:22+00:00","dateModified":"2020-09-10T15:23:08+00:00","author":{"@id":"https:\/\/www.un.org\/pga\/74\/#\/schema\/person\/af470bea9354ed1b453ade6d22b5c9ee"},"breadcrumb":{"@id":"https:\/\/www.un.org\/pga\/74\/2020\/05\/04\/high-level-contact-group-meeting-of-the-heads-of-state-and-government-of-the-non-aligned-movement\/#breadcrumb"},"inLanguage":"es","potentialAction":[{"@type":"ReadAction","target":["https:\/\/www.un.org\/pga\/74\/2020\/05\/04\/high-level-contact-group-meeting-of-the-heads-of-state-and-government-of-the-non-aligned-movement\/"]}]},{"@type":"BreadcrumbList","@id":"https:\/\/www.un.org\/pga\/74\/2020\/05\/04\/high-level-contact-group-meeting-of-the-heads-of-state-and-government-of-the-non-aligned-movement\/#breadcrumb","itemListElement":[{"@type":"ListItem","position":1,"name":"Home","item":"https:\/\/www.un.org\/pga\/74\/es\/"},{"@type":"ListItem","position":2,"name":"REÄ¢¹½ÊÓÆµI\u00d3N DE ALTO NIVEL DEL GRUPO DE CONTACTO DE LOS JEFES DE ESTADO Y DE GOBIERNO DEL MOVIMIENTO DE PA\u00cdSES NO ALINEADOS"}]},{"@type":"WebSite","@id":"https:\/\/www.un.org\/pga\/74\/#website","url":"https:\/\/www.un.org\/pga\/74\/","name":"Asamblea General de las Naciones Unidas","description":"Presidente del 74\u00b0 per\u00edodo de sesiones","potentialAction":[{"@type":"SearchAction","target":{"@type":"EntryPoint","urlTemplate":"https:\/\/www.un.org\/pga\/74\/?s={search_term_string}"},"query-input":{"@type":"PropertyValueSpecification","valueRequired":true,"valueName":"search_term_string"}}],"inLanguage":"es"},{"@type":"Person","@id":"https:\/\/www.un.org\/pga\/74\/#\/schema\/person\/af470bea9354ed1b453ade6d22b5c9ee","name":"Denise Kling","image":{"@type":"ImageObject","inLanguage":"es","@id":"https:\/\/secure.gravatar.com\/avatar\/b5fdae9d2ae28ca0f434202f2c9b6f29640a2b757fdbaa4592687900a399db3d?s=96&d=mm&r=g","url":"https:\/\/secure.gravatar.com\/avatar\/b5fdae9d2ae28ca0f434202f2c9b6f29640a2b757fdbaa4592687900a399db3d?s=96&d=mm&r=g","contentUrl":"https:\/\/secure.gravatar.com\/avatar\/b5fdae9d2ae28ca0f434202f2c9b6f29640a2b757fdbaa4592687900a399db3d?s=96&d=mm&r=g","caption":"Denise Kling"},"url":"https:\/\/www.un.org\/pga\/74\/es\/author\/denise-klingun-org\/"}]}},"_links":{"self":[{"href":"https:\/\/www.un.org\/pga\/74\/es\/wp-json\/wp\/v2\/posts\/229845","targetHints":{"allow":["GET"]}}],"collection":[{"href":"https:\/\/www.un.org\/pga\/74\/es\/wp-json\/wp\/v2\/posts"}],"about":[{"href":"https:\/\/www.un.org\/pga\/74\/es\/wp-json\/wp\/v2\/types\/post"}],"author":[{"embeddable":true,"href":"https:\/\/www.un.org\/pga\/74\/es\/wp-json\/wp\/v2\/users\/266"}],"replies":[{"embeddable":true,"href":"https:\/\/www.un.org\/pga\/74\/es\/wp-json\/wp\/v2\/comments?post=229845"}],"version-history":[{"count":0,"href":"https:\/\/www.un.org\/pga\/74\/es\/wp-json\/wp\/v2\/posts\/229845\/revisions"}],"wp:attachment":[{"href":"https:\/\/www.un.org\/pga\/74\/es\/wp-json\/wp\/v2\/media?parent=229845"}],"wp:term":[{"taxonomy":"category","embeddable":true,"href":"https:\/\/www.un.org\/pga\/74\/es\/wp-json\/wp\/v2\/categories?post=229845"},{"taxonomy":"post_tag","embeddable":true,"href":"https:\/\/www.un.org\/pga\/74\/es\/wp-json\/wp\/v2\/tags?post=229845"}],"curies":[{"name":"wp","href":"https:\/\/api.w.org\/{rel}","templated":true}]}}