  {"id":230106,"date":"2020-02-24T14:25:35","date_gmt":"2020-02-24T19:25:35","guid":{"rendered":"https:\/\/www.un.org\/pga\/74\/2020\/09\/09\/address-to-the-43rd-session-of-the-human-rights-council-plenary\/"},"modified":"2020-09-10T12:06:41","modified_gmt":"2020-09-10T16:06:41","slug":"address-to-the-43rd-session-of-the-human-rights-council-plenary","status":"publish","type":"post","link":"https:\/\/www.un.org\/pga\/74\/es\/2020\/02\/24\/address-to-the-43rd-session-of-the-human-rights-council-plenary\/","title":{"rendered":"DISCURSO PRONÄ¢¹½ÊÓÆµCIADO CON MOTIVO DEL  43\u00ba PER\u00cdODO DE SESIONES DEL CONSEJO  DE DERECHOS HUMANOS (SESI\u00d3N PLENARIA)"},"content":{"rendered":"<p>[et_pb_section bb_built=\u00bb1&#8243; _builder_version=\u00bb3.22&#8243; _i=\u00bb0&#8243; _address=\u00bb0&#8243; collapsed=\u00bboff\u00bb locked=\u00bboff\u00bb][et_pb_row _builder_version=\u00bb3.25&#8243; background_size=\u00bbinitial\u00bb background_position=\u00bbtop_left\u00bb background_repeat=\u00bbrepeat\u00bb _i=\u00bb0&#8243; _address=\u00bb0.0&#8243;][et_pb_column type=\u00bb4_4&#8243; _builder_version=\u00bb3.25&#8243; custom_padding=\u00bb|||\u00bb _i=\u00bb0&#8243; _address=\u00bb0.0.0&#8243; custom_padding__hover=\u00bb|||\u00bb][et_pb_text _builder_version=\u00bb4.3.2&#8243; background_size=\u00bbinitial\u00bb background_position=\u00bbtop_left\u00bb background_repeat=\u00bbrepeat\u00bb hover_enabled=\u00bb0&#8243; border_style=\u00bbsolid\u00bb _i=\u00bb0&#8243; _address=\u00bb0.0.0.0&#8243; text_text_shadow_horizontal_length=\u00bbtext_text_shadow_style,%91object Object%93&#8243; text_text_shadow_horizontal_length_tablet=\u00bb0px\u00bb text_text_shadow_vertical_length=\u00bbtext_text_shadow_style,%91object Object%93&#8243; text_text_shadow_vertical_length_tablet=\u00bb0px\u00bb text_text_shadow_blur_strength=\u00bbtext_text_shadow_style,%91object Object%93&#8243; text_text_shadow_blur_strength_tablet=\u00bb1px\u00bb link_text_shadow_horizontal_length=\u00bblink_text_shadow_style,%91object Object%93&#8243; link_text_shadow_horizontal_length_tablet=\u00bb0px\u00bb link_text_shadow_vertical_length=\u00bblink_text_shadow_style,%91object Object%93&#8243; link_text_shadow_vertical_length_tablet=\u00bb0px\u00bb link_text_shadow_blur_strength=\u00bblink_text_shadow_style,%91object Object%93&#8243; link_text_shadow_blur_strength_tablet=\u00bb1px\u00bb ul_text_shadow_horizontal_length=\u00bbul_text_shadow_style,%91object Object%93&#8243; ul_text_shadow_horizontal_length_tablet=\u00bb0px\u00bb ul_text_shadow_vertical_length=\u00bbul_text_shadow_style,%91object Object%93&#8243; ul_text_shadow_vertical_length_tablet=\u00bb0px\u00bb ul_text_shadow_blur_strength=\u00bbul_text_shadow_style,%91object Object%93&#8243; ul_text_shadow_blur_strength_tablet=\u00bb1px\u00bb ol_text_shadow_horizontal_length=\u00bbol_text_shadow_style,%91object Object%93&#8243; ol_text_shadow_horizontal_length_tablet=\u00bb0px\u00bb ol_text_shadow_vertical_length=\u00bbol_text_shadow_style,%91object Object%93&#8243; ol_text_shadow_vertical_length_tablet=\u00bb0px\u00bb ol_text_shadow_blur_strength=\u00bbol_text_shadow_style,%91object Object%93&#8243; ol_text_shadow_blur_strength_tablet=\u00bb1px\u00bb quote_text_shadow_horizontal_length=\u00bbquote_text_shadow_style,%91object Object%93&#8243; quote_text_shadow_horizontal_length_tablet=\u00bb0px\u00bb quote_text_shadow_vertical_length=\u00bbquote_text_shadow_style,%91object Object%93&#8243; quote_text_shadow_vertical_length_tablet=\u00bb0px\u00bb quote_text_shadow_blur_strength=\u00bbquote_text_shadow_style,%91object Object%93&#8243; quote_text_shadow_blur_strength_tablet=\u00bb1px\u00bb header_text_shadow_horizontal_length=\u00bbheader_text_shadow_style,%91object Object%93&#8243; header_text_shadow_horizontal_length_tablet=\u00bb0px\u00bb header_text_shadow_vertical_length=\u00bbheader_text_shadow_style,%91object Object%93&#8243; header_text_shadow_vertical_length_tablet=\u00bb0px\u00bb header_text_shadow_blur_strength=\u00bbheader_text_shadow_style,%91object Object%93&#8243; header_text_shadow_blur_strength_tablet=\u00bb1px\u00bb header_2_text_shadow_horizontal_length=\u00bbheader_2_text_shadow_style,%91object Object%93&#8243; header_2_text_shadow_horizontal_length_tablet=\u00bb0px\u00bb header_2_text_shadow_vertical_length=\u00bbheader_2_text_shadow_style,%91object Object%93&#8243; header_2_text_shadow_vertical_length_tablet=\u00bb0px\u00bb header_2_text_shadow_blur_strength=\u00bbheader_2_text_shadow_style,%91object Object%93&#8243; header_2_text_shadow_blur_strength_tablet=\u00bb1px\u00bb header_3_text_shadow_horizontal_length=\u00bbheader_3_text_shadow_style,%91object Object%93&#8243; header_3_text_shadow_horizontal_length_tablet=\u00bb0px\u00bb header_3_text_shadow_vertical_length=\u00bbheader_3_text_shadow_style,%91object Object%93&#8243; header_3_text_shadow_vertical_length_tablet=\u00bb0px\u00bb header_3_text_shadow_blur_strength=\u00bbheader_3_text_shadow_style,%91object Object%93&#8243; header_3_text_shadow_blur_strength_tablet=\u00bb1px\u00bb header_4_text_shadow_horizontal_length=\u00bbheader_4_text_shadow_style,%91object Object%93&#8243; header_4_text_shadow_horizontal_length_tablet=\u00bb0px\u00bb header_4_text_shadow_vertical_length=\u00bbheader_4_text_shadow_style,%91object Object%93&#8243; header_4_text_shadow_vertical_length_tablet=\u00bb0px\u00bb header_4_text_shadow_blur_strength=\u00bbheader_4_text_shadow_style,%91object Object%93&#8243; header_4_text_shadow_blur_strength_tablet=\u00bb1px\u00bb header_5_text_shadow_horizontal_length=\u00bbheader_5_text_shadow_style,%91object Object%93&#8243; header_5_text_shadow_horizontal_length_tablet=\u00bb0px\u00bb header_5_text_shadow_vertical_length=\u00bbheader_5_text_shadow_style,%91object Object%93&#8243; header_5_text_shadow_vertical_length_tablet=\u00bb0px\u00bb header_5_text_shadow_blur_strength=\u00bbheader_5_text_shadow_style,%91object Object%93&#8243; header_5_text_shadow_blur_strength_tablet=\u00bb1px\u00bb header_6_text_shadow_horizontal_length=\u00bbheader_6_text_shadow_style,%91object Object%93&#8243; header_6_text_shadow_horizontal_length_tablet=\u00bb0px\u00bb header_6_text_shadow_vertical_length=\u00bbheader_6_text_shadow_style,%91object Object%93&#8243; header_6_text_shadow_vertical_length_tablet=\u00bb0px\u00bb header_6_text_shadow_blur_strength=\u00bbheader_6_text_shadow_style,%91object Object%93&#8243; header_6_text_shadow_blur_strength_tablet=\u00bb1px\u00bb box_shadow_horizontal_tablet=\u00bb0px\u00bb box_shadow_vertical_tablet=\u00bb0px\u00bb box_shadow_blur_tablet=\u00bb40px\u00bb box_shadow_spread_tablet=\u00bb0px\u00bb vertical_offset_tablet=\u00bb0&#8243; horizontal_offset_tablet=\u00bb0&#8243; z_index_tablet=\u00bb0&#8243;]<\/p>\n<p style=\"text-align: center\"><em>Transcripci\u00f3n del discurso pronunciado<\/em><\/p>\n<h3>Declaraci\u00f3n del Excmo. Sr. Tijjani Muhammad Bande, Presidente del septuag\u00e9simo cuarto per\u00edodo de sesiones de la Asamblea General de las Naciones Unidas<\/h3>\n<p><strong><span class=\"updated\">24 de febrero de 2020<\/span><\/strong><\/p>\n<p><img loading=\"lazy\" decoding=\"async\" class=\"alignleft wp-image-199736 \" src=\"https:\/\/www.un.org\/pga\/74\/wp-content\/uploads\/sites\/99\/2020\/02\/hrc-300x168.png\" alt=\"\" width=\"346\" height=\"194\" srcset=\"https:\/\/www.un.org\/pga\/wp-content\/uploads\/sites\/99\/2020\/02\/hrc-300x168.png 300w, https:\/\/www.un.org\/pga\/wp-content\/uploads\/sites\/99\/2020\/02\/hrc-768x431.png 768w, https:\/\/www.un.org\/pga\/wp-content\/uploads\/sites\/99\/2020\/02\/hrc.png 846w\" sizes=\"(max-width: 346px) 100vw, 346px\" \/><\/p>\n<p>Jefes y Jefas de Estado y de Gobierno,<\/p>\n<p>Ministros y ministras,<br \/>\nSecretario General de las Naciones Unidas,<\/p>\n<p>Presidenta del Consejo de Derechos Humanos,<\/p>\n<p>Alta Comisionada para los Derechos Humanos,<\/p>\n<p>Excelencias,<\/p>\n<p>Se\u00f1oras y se\u00f1ores:<\/p>\n<p>Agradezco a la Presidenta del Consejo de Derechos Humanos que me haya invitado a intervenir durante la apertura del 43er per\u00edodo de sesiones del Consejo de Derechos Humanos. Doy las gracias a todos los que se unen a nosotros para renovar su compromiso con la promoci\u00f3n de los derechos humanos, as\u00ed como para prestar nuestra voz a las cuestiones relacionadas con las violaciones de los derechos humanos en todo el mundo.<\/p>\n<p>Excelencias, no hay nada m\u00e1s urgente que garantizar una vida digna para todos los seres humanos, sean cuales sean sus creencias, su g\u00e9nero, su condici\u00f3n econ\u00f3mica o de cualquier otro tipo. Precisamente para ello es crucial el trabajo de las Naciones Unidas. Es una tarea en la que participan no solo los Estados Miembros, sino tambi\u00e9n la sociedad civil y el sector privado.<\/p>\n<p>La relaci\u00f3n institucional entre el Consejo de Derechos Humanos y la Asamblea General de las Naciones Unidas, especialmente la Tercera Comisi\u00f3n, ha garantizado la participaci\u00f3n constante de los Estados Miembros en las cuestiones de derechos humanos, como se consagra en la Declaraci\u00f3n Universal de Derechos Humanos. Esa participaci\u00f3n es importante para fortalecer el sistema internacional de derechos humanos y salvaguardar a las poblaciones m\u00e1s vulnerables, encarando las situaciones de violaciones de los derechos humanos y asegurando la rendici\u00f3n de cuentas.<\/p>\n<p>[\/et_pb_text][\/et_pb_column][\/et_pb_row][et_pb_row][et_pb_column type=\u00bb1_2&#8243;][et_pb_text _builder_version=\u00bb4.3.2&#8243; text_text_shadow_horizontal_length=\u00bbtext_text_shadow_style,%91object Object%93&#8243; text_text_shadow_horizontal_length_tablet=\u00bb0px\u00bb text_text_shadow_vertical_length=\u00bbtext_text_shadow_style,%91object Object%93&#8243; text_text_shadow_vertical_length_tablet=\u00bb0px\u00bb text_text_shadow_blur_strength=\u00bbtext_text_shadow_style,%91object Object%93&#8243; text_text_shadow_blur_strength_tablet=\u00bb1px\u00bb link_text_shadow_horizontal_length=\u00bblink_text_shadow_style,%91object Object%93&#8243; link_text_shadow_horizontal_length_tablet=\u00bb0px\u00bb link_text_shadow_vertical_length=\u00bblink_text_shadow_style,%91object Object%93&#8243; link_text_shadow_vertical_length_tablet=\u00bb0px\u00bb link_text_shadow_blur_strength=\u00bblink_text_shadow_style,%91object Object%93&#8243; link_text_shadow_blur_strength_tablet=\u00bb1px\u00bb ul_text_shadow_horizontal_length=\u00bbul_text_shadow_style,%91object Object%93&#8243; ul_text_shadow_horizontal_length_tablet=\u00bb0px\u00bb ul_text_shadow_vertical_length=\u00bbul_text_shadow_style,%91object Object%93&#8243; ul_text_shadow_vertical_length_tablet=\u00bb0px\u00bb ul_text_shadow_blur_strength=\u00bbul_text_shadow_style,%91object Object%93&#8243; ul_text_shadow_blur_strength_tablet=\u00bb1px\u00bb ol_text_shadow_horizontal_length=\u00bbol_text_shadow_style,%91object Object%93&#8243; ol_text_shadow_horizontal_length_tablet=\u00bb0px\u00bb ol_text_shadow_vertical_length=\u00bbol_text_shadow_style,%91object Object%93&#8243; ol_text_shadow_vertical_length_tablet=\u00bb0px\u00bb ol_text_shadow_blur_strength=\u00bbol_text_shadow_style,%91object Object%93&#8243; ol_text_shadow_blur_strength_tablet=\u00bb1px\u00bb quote_text_shadow_horizontal_length=\u00bbquote_text_shadow_style,%91object Object%93&#8243; quote_text_shadow_horizontal_length_tablet=\u00bb0px\u00bb quote_text_shadow_vertical_length=\u00bbquote_text_shadow_style,%91object Object%93&#8243; quote_text_shadow_vertical_length_tablet=\u00bb0px\u00bb quote_text_shadow_blur_strength=\u00bbquote_text_shadow_style,%91object Object%93&#8243; quote_text_shadow_blur_strength_tablet=\u00bb1px\u00bb header_text_shadow_horizontal_length=\u00bbheader_text_shadow_style,%91object Object%93&#8243; header_text_shadow_horizontal_length_tablet=\u00bb0px\u00bb header_text_shadow_vertical_length=\u00bbheader_text_shadow_style,%91object Object%93&#8243; header_text_shadow_vertical_length_tablet=\u00bb0px\u00bb header_text_shadow_blur_strength=\u00bbheader_text_shadow_style,%91object Object%93&#8243; header_text_shadow_blur_strength_tablet=\u00bb1px\u00bb header_2_text_shadow_horizontal_length=\u00bbheader_2_text_shadow_style,%91object Object%93&#8243; header_2_text_shadow_horizontal_length_tablet=\u00bb0px\u00bb header_2_text_shadow_vertical_length=\u00bbheader_2_text_shadow_style,%91object Object%93&#8243; header_2_text_shadow_vertical_length_tablet=\u00bb0px\u00bb header_2_text_shadow_blur_strength=\u00bbheader_2_text_shadow_style,%91object Object%93&#8243; header_2_text_shadow_blur_strength_tablet=\u00bb1px\u00bb header_3_text_shadow_horizontal_length=\u00bbheader_3_text_shadow_style,%91object Object%93&#8243; header_3_text_shadow_horizontal_length_tablet=\u00bb0px\u00bb header_3_text_shadow_vertical_length=\u00bbheader_3_text_shadow_style,%91object Object%93&#8243; header_3_text_shadow_vertical_length_tablet=\u00bb0px\u00bb header_3_text_shadow_blur_strength=\u00bbheader_3_text_shadow_style,%91object Object%93&#8243; header_3_text_shadow_blur_strength_tablet=\u00bb1px\u00bb header_4_text_shadow_horizontal_length=\u00bbheader_4_text_shadow_style,%91object Object%93&#8243; header_4_text_shadow_horizontal_length_tablet=\u00bb0px\u00bb header_4_text_shadow_vertical_length=\u00bbheader_4_text_shadow_style,%91object Object%93&#8243; header_4_text_shadow_vertical_length_tablet=\u00bb0px\u00bb header_4_text_shadow_blur_strength=\u00bbheader_4_text_shadow_style,%91object Object%93&#8243; header_4_text_shadow_blur_strength_tablet=\u00bb1px\u00bb header_5_text_shadow_horizontal_length=\u00bbheader_5_text_shadow_style,%91object Object%93&#8243; header_5_text_shadow_horizontal_length_tablet=\u00bb0px\u00bb header_5_text_shadow_vertical_length=\u00bbheader_5_text_shadow_style,%91object Object%93&#8243; header_5_text_shadow_vertical_length_tablet=\u00bb0px\u00bb header_5_text_shadow_blur_strength=\u00bbheader_5_text_shadow_style,%91object Object%93&#8243; header_5_text_shadow_blur_strength_tablet=\u00bb1px\u00bb header_6_text_shadow_horizontal_length=\u00bbheader_6_text_shadow_style,%91object Object%93&#8243; header_6_text_shadow_horizontal_length_tablet=\u00bb0px\u00bb header_6_text_shadow_vertical_length=\u00bbheader_6_text_shadow_style,%91object Object%93&#8243; header_6_text_shadow_vertical_length_tablet=\u00bb0px\u00bb header_6_text_shadow_blur_strength=\u00bbheader_6_text_shadow_style,%91object Object%93&#8243; header_6_text_shadow_blur_strength_tablet=\u00bb1px\u00bb box_shadow_horizontal_tablet=\u00bb0px\u00bb box_shadow_vertical_tablet=\u00bb0px\u00bb box_shadow_blur_tablet=\u00bb40px\u00bb box_shadow_spread_tablet=\u00bb0px\u00bb vertical_offset_tablet=\u00bb0&#8243; horizontal_offset_tablet=\u00bb0&#8243; z_index_tablet=\u00bb0&#8243;]<\/p>\n<p>Excelencias:<\/p>\n<p>Hay muchas personas en todo el mundo cuya supervivencia depende de la capacidad del sistema de las Naciones Unidas para coordinar y armonizar los tres pilares principales de la paz y la seguridad, los derechos humanos y el desarrollo. Algunas de estas personas viven en sociedades relativamente pac\u00edficas, mientras que muchas est\u00e1n atrapadas en zonas de conflicto y tienen dificultades. No podemos seguir ignorando la situaci\u00f3n de los derechos humanos en esas zonas de conflicto, ni las dificultades a las que se enfrentan muchos de los que escaparon de los conflictos y buscaron seguridad en otros lugares.<\/p>\n<p>Es importante que los Estados Miembros y otros interesados sigan prestando la debida atenci\u00f3n a todas las cuestiones relacionadas con los derechos humanos, en particular las siguientes:<\/p>\n<p><strong>Derechos de la infancia<\/strong><\/p>\n<p>Hace 30 a\u00f1os, avanzamos con la adopci\u00f3n de la Convenci\u00f3n sobre los Derechos del Ni\u00f1o. La vida de millones de ni\u00f1os y ni\u00f1as de todo el mundo mejor\u00f3 gracias a que se dio efectividad a los derechos y se cumplieron las obligaciones que figuran en la Convenci\u00f3n y sus protocolos facultativos.<\/p>\n<p>A pesar de ello, sigue existiendo una enorme brecha en la creaci\u00f3n de un entorno propicio que garantice los derechos de la infancia. Un ejemplo de ello ser\u00eda actuar con determinaci\u00f3n y persistencia respecto de las vulnerabilidades educativas, humanitarias e inducidas por el clima que amenazan los derechos de la infancia.<\/p>\n<p>[\/et_pb_text][\/et_pb_column][et_pb_column type=\u00bb1_2&#8243;][et_pb_code _builder_version=\u00bb4.3.2&#8243; vertical_offset_tablet=\u00bb0&#8243; horizontal_offset_tablet=\u00bb0&#8243; z_index_tablet=\u00bb0&#8243;]\n<!-- iframe plugin v.6.0 wordpress.org\/plugins\/iframe\/ -->\n<iframe loading=\"lazy\" width=\"100%\" height=\"250\" src=\"\/\/www.un.org\/webcast\/1362235914001\/B1J3DDQJf_default\/index.html?videoId=6135341932001\" scrolling=\"yes\" class=\"iframe-class\" frameborder=\"0\"><\/iframe>\n<!-- [et_pb_line_break_holder] -->[\/et_pb_code][\/et_pb_column][\/et_pb_row][et_pb_row _builder_version=\u00bb3.25&#8243; background_size=\u00bbinitial\u00bb background_position=\u00bbtop_left\u00bb background_repeat=\u00bbrepeat\u00bb _i=\u00bb2&#8243; _address=\u00bb0.2&#8243;][et_pb_column type=\u00bb4_4&#8243; _builder_version=\u00bb3.25&#8243; custom_padding=\u00bb|||\u00bb _i=\u00bb0&#8243; _address=\u00bb0.2.0&#8243; custom_padding__hover=\u00bb|||\u00bb][et_pb_text _builder_version=\u00bb4.3.2&#8243; _i=\u00bb0&#8243; _address=\u00bb0.2.0.0&#8243; text_text_shadow_horizontal_length=\u00bbtext_text_shadow_style,%91object Object%93&#8243; text_text_shadow_horizontal_length_tablet=\u00bb0px\u00bb text_text_shadow_vertical_length=\u00bbtext_text_shadow_style,%91object Object%93&#8243; text_text_shadow_vertical_length_tablet=\u00bb0px\u00bb text_text_shadow_blur_strength=\u00bbtext_text_shadow_style,%91object Object%93&#8243; text_text_shadow_blur_strength_tablet=\u00bb1px\u00bb link_text_shadow_horizontal_length=\u00bblink_text_shadow_style,%91object Object%93&#8243; link_text_shadow_horizontal_length_tablet=\u00bb0px\u00bb link_text_shadow_vertical_length=\u00bblink_text_shadow_style,%91object Object%93&#8243; link_text_shadow_vertical_length_tablet=\u00bb0px\u00bb link_text_shadow_blur_strength=\u00bblink_text_shadow_style,%91object Object%93&#8243; link_text_shadow_blur_strength_tablet=\u00bb1px\u00bb ul_text_shadow_horizontal_length=\u00bbul_text_shadow_style,%91object Object%93&#8243; ul_text_shadow_horizontal_length_tablet=\u00bb0px\u00bb ul_text_shadow_vertical_length=\u00bbul_text_shadow_style,%91object Object%93&#8243; ul_text_shadow_vertical_length_tablet=\u00bb0px\u00bb ul_text_shadow_blur_strength=\u00bbul_text_shadow_style,%91object Object%93&#8243; ul_text_shadow_blur_strength_tablet=\u00bb1px\u00bb ol_text_shadow_horizontal_length=\u00bbol_text_shadow_style,%91object Object%93&#8243; ol_text_shadow_horizontal_length_tablet=\u00bb0px\u00bb ol_text_shadow_vertical_length=\u00bbol_text_shadow_style,%91object Object%93&#8243; ol_text_shadow_vertical_length_tablet=\u00bb0px\u00bb ol_text_shadow_blur_strength=\u00bbol_text_shadow_style,%91object Object%93&#8243; ol_text_shadow_blur_strength_tablet=\u00bb1px\u00bb quote_text_shadow_horizontal_length=\u00bbquote_text_shadow_style,%91object Object%93&#8243; quote_text_shadow_horizontal_length_tablet=\u00bb0px\u00bb quote_text_shadow_vertical_length=\u00bbquote_text_shadow_style,%91object Object%93&#8243; quote_text_shadow_vertical_length_tablet=\u00bb0px\u00bb quote_text_shadow_blur_strength=\u00bbquote_text_shadow_style,%91object Object%93&#8243; quote_text_shadow_blur_strength_tablet=\u00bb1px\u00bb header_text_shadow_horizontal_length=\u00bbheader_text_shadow_style,%91object Object%93&#8243; header_text_shadow_horizontal_length_tablet=\u00bb0px\u00bb header_text_shadow_vertical_length=\u00bbheader_text_shadow_style,%91object Object%93&#8243; header_text_shadow_vertical_length_tablet=\u00bb0px\u00bb header_text_shadow_blur_strength=\u00bbheader_text_shadow_style,%91object Object%93&#8243; header_text_shadow_blur_strength_tablet=\u00bb1px\u00bb header_2_text_shadow_horizontal_length=\u00bbheader_2_text_shadow_style,%91object Object%93&#8243; header_2_text_shadow_horizontal_length_tablet=\u00bb0px\u00bb header_2_text_shadow_vertical_length=\u00bbheader_2_text_shadow_style,%91object Object%93&#8243; header_2_text_shadow_vertical_length_tablet=\u00bb0px\u00bb header_2_text_shadow_blur_strength=\u00bbheader_2_text_shadow_style,%91object Object%93&#8243; header_2_text_shadow_blur_strength_tablet=\u00bb1px\u00bb header_3_text_shadow_horizontal_length=\u00bbheader_3_text_shadow_style,%91object Object%93&#8243; header_3_text_shadow_horizontal_length_tablet=\u00bb0px\u00bb header_3_text_shadow_vertical_length=\u00bbheader_3_text_shadow_style,%91object Object%93&#8243; header_3_text_shadow_vertical_length_tablet=\u00bb0px\u00bb header_3_text_shadow_blur_strength=\u00bbheader_3_text_shadow_style,%91object Object%93&#8243; header_3_text_shadow_blur_strength_tablet=\u00bb1px\u00bb header_4_text_shadow_horizontal_length=\u00bbheader_4_text_shadow_style,%91object Object%93&#8243; header_4_text_shadow_horizontal_length_tablet=\u00bb0px\u00bb header_4_text_shadow_vertical_length=\u00bbheader_4_text_shadow_style,%91object Object%93&#8243; header_4_text_shadow_vertical_length_tablet=\u00bb0px\u00bb header_4_text_shadow_blur_strength=\u00bbheader_4_text_shadow_style,%91object Object%93&#8243; header_4_text_shadow_blur_strength_tablet=\u00bb1px\u00bb header_5_text_shadow_horizontal_length=\u00bbheader_5_text_shadow_style,%91object Object%93&#8243; header_5_text_shadow_horizontal_length_tablet=\u00bb0px\u00bb header_5_text_shadow_vertical_length=\u00bbheader_5_text_shadow_style,%91object Object%93&#8243; header_5_text_shadow_vertical_length_tablet=\u00bb0px\u00bb header_5_text_shadow_blur_strength=\u00bbheader_5_text_shadow_style,%91object Object%93&#8243; header_5_text_shadow_blur_strength_tablet=\u00bb1px\u00bb header_6_text_shadow_horizontal_length=\u00bbheader_6_text_shadow_style,%91object Object%93&#8243; header_6_text_shadow_horizontal_length_tablet=\u00bb0px\u00bb header_6_text_shadow_vertical_length=\u00bbheader_6_text_shadow_style,%91object Object%93&#8243; header_6_text_shadow_vertical_length_tablet=\u00bb0px\u00bb header_6_text_shadow_blur_strength=\u00bbheader_6_text_shadow_style,%91object Object%93&#8243; header_6_text_shadow_blur_strength_tablet=\u00bb1px\u00bb box_shadow_horizontal_tablet=\u00bb0px\u00bb box_shadow_vertical_tablet=\u00bb0px\u00bb box_shadow_blur_tablet=\u00bb40px\u00bb box_shadow_spread_tablet=\u00bb0px\u00bb vertical_offset_tablet=\u00bb0&#8243; horizontal_offset_tablet=\u00bb0&#8243; z_index_tablet=\u00bb0&#8243;]<\/p>\n<p>Por consiguiente, debemos obligar a que se adopten medidas para poner fin a la explotaci\u00f3n infantil en todas sus formas, proteger a los ni\u00f1os y las ni\u00f1as en situaci\u00f3n de conflicto y garantizar que tengan acceso a instalaciones sanitarias, a alimentos, a protecci\u00f3n y a educaci\u00f3n de calidad.<\/p>\n<p><strong>Educaci\u00f3n<\/strong><\/p>\n<p>Seg\u00fan el Instituto de Estad\u00edstica de la Ä¢¹½ÊÓÆµESCO, en el mundo hay alrededor de 258 millones de ni\u00f1os, adolescentes y j\u00f3venes que no asisten a la escuela. Esto es inaceptable y, si ahora no actuamos en el inter\u00e9s superior del ni\u00f1o, fallaremos a generaciones enteras y abandonaremos nuestro compromiso con la Convenci\u00f3n. Por lo tanto, debemos forjar alianzas que ayuden a superar la crisis del aprendizaje y a lograr un aumento de los niveles de matriculaci\u00f3n y retenci\u00f3n escolar.<\/p>\n<p>La educaci\u00f3n es un ecualizador, empodera a los ni\u00f1os y las ni\u00f1as para que alcancen su pleno potencial y puede sacarlos de la pobreza; en general, los prepara mejor para ser adultos y ciudadanos valiosos. Por lo tanto, es importante que, independientemente de las circunstancias, el derecho de los ni\u00f1os y las ni\u00f1as a la educaci\u00f3n nunca se vea comprometido.<\/p>\n<p>Para destacar la importancia de la educaci\u00f3n, en enero de este a\u00f1o mi Oficina organiz\u00f3 un acto con motivo del D\u00eda Internacional de la Educaci\u00f3n, en el que nos centramos en las brechas actuales y en lo que hace falta para mejorar la calidad de la educaci\u00f3n. En abril de este a\u00f1o tambi\u00e9n celebrar\u00e9 una reuni\u00f3n de alto nivel para hablar sobre la dif\u00edcil situaci\u00f3n de los ni\u00f1os en situaci\u00f3n de crisis. Espero que nos pongamos de acuerdo en cuanto a mecanismos para prohibir los ataques contra la infraestructura educativa, hacer que los autores rindan cuentas y movilizar recursos para la reconstrucci\u00f3n, a fin de garantizar el acceso ininterrumpido al aprendizaje.<\/p>\n<p><strong>Igualdad de g\u00e9nero<\/strong><\/p>\n<p>La igualdad de g\u00e9nero es un derecho humano fundamental que todos debemos defender. La perpetuaci\u00f3n de las pr\u00e1cticas discriminatorias por motivos de g\u00e9nero perjudica a las ni\u00f1as y las mujeres, y nos afecta a todos negativamente. Por consiguiente, es esencial que impulsemos una acci\u00f3n colectiva para garantizar la igualdad de oportunidades y la plena participaci\u00f3n de la mujer en los puestos de direcci\u00f3n y de toma de decisiones. Esto se ajusta a la prioridad que defin\u00ed en cuanto a la inclusi\u00f3n, que tambi\u00e9n engloba a las personas con discapacidades y otros grupos minoritarios.<\/p>\n<p>Adem\u00e1s, tenemos el deber de poner fin a todas las formas de violencia de g\u00e9nero, ya que socava el bienestar general y es menoscabo para todos. Debemos poner fin a la cultura de silencio en torno a los ataques contra las mujeres creando espacios seguros y haciendo que los autores de la violencia de g\u00e9nero tambi\u00e9n rindan cuentas.<\/p>\n<p>[\/et_pb_text][et_pb_testimonial author=\u00bbTijjani Muhammad Bande \u00bb job_title=\u00bbPresidente del septuag\u00e9simo cuarto per\u00edodo de sesiones de la Asamblea General de las Naciones Unidas\u00bb portrait_url=\u00bbhttps:\/\/www.un.org\/pga\/74\/wp-content\/uploads\/sites\/99\/2019\/07\/Offical-Portrait-PGA-elect.jpg\u00bb quote_icon_color=\u00bb#00aff8&#8243; _builder_version=\u00bb4.3.2&#8243; background_size=\u00bbinitial\u00bb background_position=\u00bbtop_left\u00bb background_repeat=\u00bbrepeat\u00bb border_style=\u00bbsolid\u00bb _i=\u00bb1&#8243; _address=\u00bb0.2.0.1&#8243; quote_icon_background_color=\u00bb#f5f5f5&#8243; box_shadow_horizontal_image_tablet=\u00bb0px\u00bb box_shadow_vertical_image_tablet=\u00bb0px\u00bb box_shadow_blur_image_tablet=\u00bb40px\u00bb box_shadow_spread_image_tablet=\u00bb0px\u00bb text_shadow_horizontal_length=\u00bbtext_shadow_style,%91object Object%93&#8243; text_shadow_horizontal_length_tablet=\u00bb0px\u00bb text_shadow_vertical_length=\u00bbtext_shadow_style,%91object Object%93&#8243; text_shadow_vertical_length_tablet=\u00bb0px\u00bb text_shadow_blur_strength=\u00bbtext_shadow_style,%91object Object%93&#8243; text_shadow_blur_strength_tablet=\u00bb1px\u00bb body_link_text_shadow_horizontal_length=\u00bbbody_link_text_shadow_style,%91object Object%93&#8243; body_link_text_shadow_horizontal_length_tablet=\u00bb0px\u00bb body_link_text_shadow_vertical_length=\u00bbbody_link_text_shadow_style,%91object Object%93&#8243; body_link_text_shadow_vertical_length_tablet=\u00bb0px\u00bb body_link_text_shadow_blur_strength=\u00bbbody_link_text_shadow_style,%91object Object%93&#8243; body_link_text_shadow_blur_strength_tablet=\u00bb1px\u00bb body_ul_text_shadow_horizontal_length=\u00bbbody_ul_text_shadow_style,%91object Object%93&#8243; body_ul_text_shadow_horizontal_length_tablet=\u00bb0px\u00bb body_ul_text_shadow_vertical_length=\u00bbbody_ul_text_shadow_style,%91object Object%93&#8243; body_ul_text_shadow_vertical_length_tablet=\u00bb0px\u00bb body_ul_text_shadow_blur_strength=\u00bbbody_ul_text_shadow_style,%91object Object%93&#8243; body_ul_text_shadow_blur_strength_tablet=\u00bb1px\u00bb body_ol_text_shadow_horizontal_length=\u00bbbody_ol_text_shadow_style,%91object Object%93&#8243; body_ol_text_shadow_horizontal_length_tablet=\u00bb0px\u00bb body_ol_text_shadow_vertical_length=\u00bbbody_ol_text_shadow_style,%91object Object%93&#8243; body_ol_text_shadow_vertical_length_tablet=\u00bb0px\u00bb body_ol_text_shadow_blur_strength=\u00bbbody_ol_text_shadow_style,%91object Object%93&#8243; body_ol_text_shadow_blur_strength_tablet=\u00bb1px\u00bb body_quote_text_shadow_horizontal_length=\u00bbbody_quote_text_shadow_style,%91object Object%93&#8243; body_quote_text_shadow_horizontal_length_tablet=\u00bb0px\u00bb body_quote_text_shadow_vertical_length=\u00bbbody_quote_text_shadow_style,%91object Object%93&#8243; body_quote_text_shadow_vertical_length_tablet=\u00bb0px\u00bb body_quote_text_shadow_blur_strength=\u00bbbody_quote_text_shadow_style,%91object Object%93&#8243; body_quote_text_shadow_blur_strength_tablet=\u00bb1px\u00bb author_text_shadow_horizontal_length=\u00bbauthor_text_shadow_style,%91object Object%93&#8243; author_text_shadow_horizontal_length_tablet=\u00bb0px\u00bb author_text_shadow_vertical_length=\u00bbauthor_text_shadow_style,%91object Object%93&#8243; author_text_shadow_vertical_length_tablet=\u00bb0px\u00bb author_text_shadow_blur_strength=\u00bbauthor_text_shadow_style,%91object Object%93&#8243; author_text_shadow_blur_strength_tablet=\u00bb1px\u00bb position_text_shadow_horizontal_length=\u00bbposition_text_shadow_style,%91object Object%93&#8243; position_text_shadow_horizontal_length_tablet=\u00bb0px\u00bb position_text_shadow_vertical_length=\u00bbposition_text_shadow_style,%91object Object%93&#8243; position_text_shadow_vertical_length_tablet=\u00bb0px\u00bb position_text_shadow_blur_strength=\u00bbposition_text_shadow_style,%91object Object%93&#8243; position_text_shadow_blur_strength_tablet=\u00bb1px\u00bb company_text_shadow_horizontal_length=\u00bbcompany_text_shadow_style,%91object Object%93&#8243; company_text_shadow_horizontal_length_tablet=\u00bb0px\u00bb company_text_shadow_vertical_length=\u00bbcompany_text_shadow_style,%91object Object%93&#8243; company_text_shadow_vertical_length_tablet=\u00bb0px\u00bb company_text_shadow_blur_strength=\u00bbcompany_text_shadow_style,%91object Object%93&#8243; company_text_shadow_blur_strength_tablet=\u00bb1px\u00bb box_shadow_horizontal_tablet=\u00bb0px\u00bb box_shadow_vertical_tablet=\u00bb0px\u00bb box_shadow_blur_tablet=\u00bb40px\u00bb box_shadow_spread_tablet=\u00bb0px\u00bb vertical_offset_tablet=\u00bb0&#8243; horizontal_offset_tablet=\u00bb0&#8243; z_index_tablet=\u00bb0&#8243;]<\/p>\n<p><strong>No hay nada m\u00e1s urgente que garantizar una vida digna para todos los seres humanos, sean cuales sean sus creencias, su g\u00e9nero, su condici\u00f3n econ\u00f3mica o de cualquier otro tipo. Precisamente para ello es crucial el trabajo de las Naciones Unidas. <\/strong><\/p>\n<p>[\/et_pb_testimonial][et_pb_text _builder_version=\u00bb4.3.2&#8243; background_size=\u00bbinitial\u00bb background_position=\u00bbtop_left\u00bb background_repeat=\u00bbrepeat\u00bb border_style=\u00bbsolid\u00bb _i=\u00bb2&#8243; _address=\u00bb0.2.0.2&#8243; text_text_shadow_horizontal_length=\u00bbtext_text_shadow_style,%91object Object%93&#8243; text_text_shadow_horizontal_length_tablet=\u00bb0px\u00bb text_text_shadow_vertical_length=\u00bbtext_text_shadow_style,%91object Object%93&#8243; text_text_shadow_vertical_length_tablet=\u00bb0px\u00bb text_text_shadow_blur_strength=\u00bbtext_text_shadow_style,%91object Object%93&#8243; text_text_shadow_blur_strength_tablet=\u00bb1px\u00bb link_text_shadow_horizontal_length=\u00bblink_text_shadow_style,%91object Object%93&#8243; link_text_shadow_horizontal_length_tablet=\u00bb0px\u00bb link_text_shadow_vertical_length=\u00bblink_text_shadow_style,%91object Object%93&#8243; link_text_shadow_vertical_length_tablet=\u00bb0px\u00bb link_text_shadow_blur_strength=\u00bblink_text_shadow_style,%91object Object%93&#8243; link_text_shadow_blur_strength_tablet=\u00bb1px\u00bb ul_text_shadow_horizontal_length=\u00bbul_text_shadow_style,%91object Object%93&#8243; ul_text_shadow_horizontal_length_tablet=\u00bb0px\u00bb ul_text_shadow_vertical_length=\u00bbul_text_shadow_style,%91object Object%93&#8243; ul_text_shadow_vertical_length_tablet=\u00bb0px\u00bb ul_text_shadow_blur_strength=\u00bbul_text_shadow_style,%91object Object%93&#8243; ul_text_shadow_blur_strength_tablet=\u00bb1px\u00bb ol_text_shadow_horizontal_length=\u00bbol_text_shadow_style,%91object Object%93&#8243; ol_text_shadow_horizontal_length_tablet=\u00bb0px\u00bb ol_text_shadow_vertical_length=\u00bbol_text_shadow_style,%91object Object%93&#8243; ol_text_shadow_vertical_length_tablet=\u00bb0px\u00bb ol_text_shadow_blur_strength=\u00bbol_text_shadow_style,%91object Object%93&#8243; ol_text_shadow_blur_strength_tablet=\u00bb1px\u00bb quote_text_shadow_horizontal_length=\u00bbquote_text_shadow_style,%91object Object%93&#8243; quote_text_shadow_horizontal_length_tablet=\u00bb0px\u00bb quote_text_shadow_vertical_length=\u00bbquote_text_shadow_style,%91object Object%93&#8243; quote_text_shadow_vertical_length_tablet=\u00bb0px\u00bb quote_text_shadow_blur_strength=\u00bbquote_text_shadow_style,%91object Object%93&#8243; quote_text_shadow_blur_strength_tablet=\u00bb1px\u00bb header_text_shadow_horizontal_length=\u00bbheader_text_shadow_style,%91object Object%93&#8243; header_text_shadow_horizontal_length_tablet=\u00bb0px\u00bb header_text_shadow_vertical_length=\u00bbheader_text_shadow_style,%91object Object%93&#8243; header_text_shadow_vertical_length_tablet=\u00bb0px\u00bb header_text_shadow_blur_strength=\u00bbheader_text_shadow_style,%91object Object%93&#8243; header_text_shadow_blur_strength_tablet=\u00bb1px\u00bb header_2_text_shadow_horizontal_length=\u00bbheader_2_text_shadow_style,%91object Object%93&#8243; header_2_text_shadow_horizontal_length_tablet=\u00bb0px\u00bb header_2_text_shadow_vertical_length=\u00bbheader_2_text_shadow_style,%91object Object%93&#8243; header_2_text_shadow_vertical_length_tablet=\u00bb0px\u00bb header_2_text_shadow_blur_strength=\u00bbheader_2_text_shadow_style,%91object Object%93&#8243; header_2_text_shadow_blur_strength_tablet=\u00bb1px\u00bb header_3_text_shadow_horizontal_length=\u00bbheader_3_text_shadow_style,%91object Object%93&#8243; header_3_text_shadow_horizontal_length_tablet=\u00bb0px\u00bb header_3_text_shadow_vertical_length=\u00bbheader_3_text_shadow_style,%91object Object%93&#8243; header_3_text_shadow_vertical_length_tablet=\u00bb0px\u00bb header_3_text_shadow_blur_strength=\u00bbheader_3_text_shadow_style,%91object Object%93&#8243; header_3_text_shadow_blur_strength_tablet=\u00bb1px\u00bb header_4_text_shadow_horizontal_length=\u00bbheader_4_text_shadow_style,%91object Object%93&#8243; header_4_text_shadow_horizontal_length_tablet=\u00bb0px\u00bb header_4_text_shadow_vertical_length=\u00bbheader_4_text_shadow_style,%91object Object%93&#8243; header_4_text_shadow_vertical_length_tablet=\u00bb0px\u00bb header_4_text_shadow_blur_strength=\u00bbheader_4_text_shadow_style,%91object Object%93&#8243; header_4_text_shadow_blur_strength_tablet=\u00bb1px\u00bb header_5_text_shadow_horizontal_length=\u00bbheader_5_text_shadow_style,%91object Object%93&#8243; header_5_text_shadow_horizontal_length_tablet=\u00bb0px\u00bb header_5_text_shadow_vertical_length=\u00bbheader_5_text_shadow_style,%91object Object%93&#8243; header_5_text_shadow_vertical_length_tablet=\u00bb0px\u00bb header_5_text_shadow_blur_strength=\u00bbheader_5_text_shadow_style,%91object Object%93&#8243; header_5_text_shadow_blur_strength_tablet=\u00bb1px\u00bb header_6_text_shadow_horizontal_length=\u00bbheader_6_text_shadow_style,%91object Object%93&#8243; header_6_text_shadow_horizontal_length_tablet=\u00bb0px\u00bb header_6_text_shadow_vertical_length=\u00bbheader_6_text_shadow_style,%91object Object%93&#8243; header_6_text_shadow_vertical_length_tablet=\u00bb0px\u00bb header_6_text_shadow_blur_strength=\u00bbheader_6_text_shadow_style,%91object Object%93&#8243; header_6_text_shadow_blur_strength_tablet=\u00bb1px\u00bb box_shadow_horizontal_tablet=\u00bb0px\u00bb box_shadow_vertical_tablet=\u00bb0px\u00bb box_shadow_blur_tablet=\u00bb40px\u00bb box_shadow_spread_tablet=\u00bb0px\u00bb vertical_offset_tablet=\u00bb0&#8243; horizontal_offset_tablet=\u00bb0&#8243; z_index_tablet=\u00bb0&#8243;]<\/p>\n<p>Excelencias:<\/p>\n<p>En este decenio de acci\u00f3n y resultados para aplicar los Objetivos de Desarrollo Sostenible, debemos adoptar un enfoque basado en los derechos para la observancia y la incorporaci\u00f3n de la igualdad entre los g\u00e9neros. Si bien la Convenci\u00f3n sobre la Eliminaci\u00f3n de Todas las Formas de Discriminaci\u00f3n contra la Mujer ha mejorado significativamente la vida de las mujeres en los \u00faltimos 40 a\u00f1os, debemos aprovechar la oportunidad que nos brinda la conmemoraci\u00f3n de los 25 a\u00f1os de la adopci\u00f3n de la Declaraci\u00f3n y Plataforma de Acci\u00f3n de Beijing para mejorar lo que hemos logrado hasta ahora.<\/p>\n<p><strong>Refugiados<\/strong><\/p>\n<p>Los derechos humanos tienen una importancia cr\u00edtica para las personas que viven en zonas de conflicto, especialmente para las que se encuentran en situaciones de desplazamiento prolongado. Los esfuerzos del Alto Comisionado de las Naciones Unidas para los Refugiados por remediar la situaci\u00f3n son fundamentales, al igual que la labor del Consejo de Derechos Humanos y de otros mecanismos de derechos humanos que trabajan para prevenir y afrontar las violaciones de los derechos. Por lo tanto, debemos apoyar este trabajo. El pacto mundial sobre los refugiados es un instrumento valioso para ayudar a promover los derechos humanos de las personas desplazadas y ap\u00e1tridas, y debemos seguir implicados en la resoluci\u00f3n de nuestras diferencias relacionadas con la cuesti\u00f3n de los refugiados. Es bien sabido que, al hablar de refugiados y desplazados internos, los m\u00e1s afectados son los ni\u00f1os y las mujeres.<\/p>\n<p>Excelencias:<\/p>\n<p>En conclusi\u00f3n, cuando se trata de derechos humanos, no hay excepciones a los que est\u00e1n protegidos por la Declaraci\u00f3n Universal de Derechos Humanos. Por lo tanto, es importante fortalecer las alianzas para garantizar que podamos defender los derechos humanos para todos y librar al mundo del abuso, la explotaci\u00f3n, la marginaci\u00f3n, el racismo, la tortura y toda exclusi\u00f3n.<\/p>\n<p>Mientras nos preparamos para conmemorar el septuag\u00e9simo quinto aniversario de nuestra Organizaci\u00f3n, es pertinente que, por encima de todo, hagamos que los derechos los ni\u00f1os y las ni\u00f1as sean una prioridad principal.<\/p>\n<p>Muchas gracias.<\/p>\n<p><a href=\"https:\/\/www.un.org\/pga\/74\/wp-content\/uploads\/sites\/99\/2020\/09\/2007351S.43_HRC.pdf\"><em>Puede descargarse la declaraci\u00f3n en formato PDF<\/em><\/a>.<\/p>\n<p>&nbsp;<\/p>\n<p>[\/et_pb_text][\/et_pb_column][\/et_pb_row][\/et_pb_section]<\/p>\n","protected":false},"excerpt":{"rendered":"<p>Declaraci\u00f3n del Excmo. Sr. Tijjani Muhammad Bande, Presidente del septuag\u00e9simo cuarto per\u00edodo de sesiones de la Asamblea General de las Naciones Unidas<\/p>\n","protected":false},"author":266,"featured_media":199751,"comment_status":"closed","ping_status":"closed","sticky":false,"template":"","format":"standard","meta":{"_et_pb_use_builder":"on","_et_pb_old_content":"","_et_gb_content_width":"","footnotes":"","_links_to":"","_links_to_target":""},"categories":[418],"tags":[],"class_list":["post-230106","post","type-post","status-publish","format-standard","has-post-thumbnail","hentry","category-statements-es","et-has-post-format-content","et_post_format-et-post-format-standard"],"yoast_head":"<!-- This site is optimized with the Yoast SEO plugin v28.3 - https:\/\/yoast.com\/product\/yoast-seo-wordpress\/ -->\n<title>DISCURSO PRONÄ¢¹½ÊÓÆµCIADO CON MOTIVO DEL 43\u00ba PER\u00cdODO DE SESIONES DEL CONSEJO DE DERECHOS HUMANOS (SESI\u00d3N PLENARIA) - Asamblea General de las Naciones Unidas<\/title>\n<meta name=\"robots\" content=\"index, follow, max-snippet:-1, max-image-preview:large, max-video-preview:-1\" \/>\n<link rel=\"canonical\" href=\"https:\/\/www.un.org\/pga\/74\/2020\/02\/24\/address-to-the-43rd-session-of-the-human-rights-council-plenary\/\" \/>\n<meta property=\"og:locale\" content=\"es_ES\" \/>\n<meta property=\"og:type\" content=\"article\" \/>\n<meta property=\"og:title\" content=\"DISCURSO PRONÄ¢¹½ÊÓÆµCIADO CON MOTIVO DEL 43\u00ba PER\u00cdODO DE SESIONES DEL CONSEJO DE DERECHOS HUMANOS (SESI\u00d3N PLENARIA) - Asamblea General de las Naciones Unidas\" \/>\n<meta property=\"og:description\" content=\"Declaraci\u00f3n del Excmo. Sr. Tijjani Muhammad Bande, Presidente del septuag\u00e9simo cuarto per\u00edodo de sesiones de la Asamblea General de las Naciones Unidas\" \/>\n<meta property=\"og:url\" content=\"https:\/\/www.un.org\/pga\/74\/2020\/02\/24\/address-to-the-43rd-session-of-the-human-rights-council-plenary\/\" \/>\n<meta property=\"og:site_name\" content=\"Asamblea General de las Naciones Unidas\" \/>\n<meta property=\"article:published_time\" content=\"2020-02-24T19:25:35+00:00\" \/>\n<meta property=\"article:modified_time\" content=\"2020-09-10T16:06:41+00:00\" \/>\n<meta property=\"og:image\" content=\"https:\/\/www.un.org\/pga\/wp-content\/uploads\/sites\/99\/2020\/02\/hrc.png\" \/>\n\t<meta property=\"og:image:width\" content=\"846\" \/>\n\t<meta property=\"og:image:height\" content=\"475\" \/>\n\t<meta property=\"og:image:type\" content=\"image\/png\" \/>\n<meta name=\"author\" content=\"Denise Kling\" \/>\n<meta name=\"twitter:card\" content=\"summary_large_image\" \/>\n<meta name=\"twitter:label1\" content=\"Escrito por\" \/>\n\t<meta name=\"twitter:data1\" content=\"Denise Kling\" \/>\n\t<meta name=\"twitter:label2\" content=\"Tiempo de lectura\" \/>\n\t<meta name=\"twitter:data2\" content=\"24 minutos\" \/>\n<script type=\"application\/ld+json\" class=\"yoast-schema-graph\">{\"@context\":\"https:\\\/\\\/schema.org\",\"@graph\":[{\"@type\":\"Article\",\"@id\":\"https:\\\/\\\/www.un.org\\\/pga\\\/74\\\/2020\\\/02\\\/24\\\/address-to-the-43rd-session-of-the-human-rights-council-plenary\\\/#article\",\"isPartOf\":{\"@id\":\"https:\\\/\\\/www.un.org\\\/pga\\\/74\\\/2020\\\/02\\\/24\\\/address-to-the-43rd-session-of-the-human-rights-council-plenary\\\/\"},\"author\":{\"name\":\"Denise Kling\",\"@id\":\"https:\\\/\\\/www.un.org\\\/pga\\\/74\\\/#\\\/schema\\\/person\\\/af470bea9354ed1b453ade6d22b5c9ee\"},\"headline\":\"DISCURSO PRONÄ¢¹½ÊÓÆµCIADO CON MOTIVO DEL 43\u00ba PER\u00cdODO DE SESIONES DEL CONSEJO DE DERECHOS HUMANOS (SESI\u00d3N PLENARIA)\",\"datePublished\":\"2020-02-24T19:25:35+00:00\",\"dateModified\":\"2020-09-10T16:06:41+00:00\",\"mainEntityOfPage\":{\"@id\":\"https:\\\/\\\/www.un.org\\\/pga\\\/74\\\/2020\\\/02\\\/24\\\/address-to-the-43rd-session-of-the-human-rights-council-plenary\\\/\"},\"wordCount\":4750,\"image\":{\"@id\":\"https:\\\/\\\/www.un.org\\\/pga\\\/74\\\/2020\\\/02\\\/24\\\/address-to-the-43rd-session-of-the-human-rights-council-plenary\\\/#primaryimage\"},\"thumbnailUrl\":\"https:\\\/\\\/www.un.org\\\/pga\\\/wp-content\\\/uploads\\\/sites\\\/99\\\/2020\\\/02\\\/hrc.png\",\"articleSection\":[\"Statements\"],\"inLanguage\":\"es\"},{\"@type\":\"WebPage\",\"@id\":\"https:\\\/\\\/www.un.org\\\/pga\\\/74\\\/2020\\\/02\\\/24\\\/address-to-the-43rd-session-of-the-human-rights-council-plenary\\\/\",\"url\":\"https:\\\/\\\/www.un.org\\\/pga\\\/74\\\/2020\\\/02\\\/24\\\/address-to-the-43rd-session-of-the-human-rights-council-plenary\\\/\",\"name\":\"DISCURSO PRONÄ¢¹½ÊÓÆµCIADO CON MOTIVO DEL 43\u00ba PER\u00cdODO DE SESIONES DEL CONSEJO DE DERECHOS HUMANOS (SESI\u00d3N PLENARIA) - Asamblea General de las Naciones Unidas\",\"isPartOf\":{\"@id\":\"https:\\\/\\\/www.un.org\\\/pga\\\/74\\\/#website\"},\"primaryImageOfPage\":{\"@id\":\"https:\\\/\\\/www.un.org\\\/pga\\\/74\\\/2020\\\/02\\\/24\\\/address-to-the-43rd-session-of-the-human-rights-council-plenary\\\/#primaryimage\"},\"image\":{\"@id\":\"https:\\\/\\\/www.un.org\\\/pga\\\/74\\\/2020\\\/02\\\/24\\\/address-to-the-43rd-session-of-the-human-rights-council-plenary\\\/#primaryimage\"},\"thumbnailUrl\":\"https:\\\/\\\/www.un.org\\\/pga\\\/wp-content\\\/uploads\\\/sites\\\/99\\\/2020\\\/02\\\/hrc.png\",\"datePublished\":\"2020-02-24T19:25:35+00:00\",\"dateModified\":\"2020-09-10T16:06:41+00:00\",\"author\":{\"@id\":\"https:\\\/\\\/www.un.org\\\/pga\\\/74\\\/#\\\/schema\\\/person\\\/af470bea9354ed1b453ade6d22b5c9ee\"},\"breadcrumb\":{\"@id\":\"https:\\\/\\\/www.un.org\\\/pga\\\/74\\\/2020\\\/02\\\/24\\\/address-to-the-43rd-session-of-the-human-rights-council-plenary\\\/#breadcrumb\"},\"inLanguage\":\"es\",\"potentialAction\":[{\"@type\":\"ReadAction\",\"target\":[\"https:\\\/\\\/www.un.org\\\/pga\\\/74\\\/2020\\\/02\\\/24\\\/address-to-the-43rd-session-of-the-human-rights-council-plenary\\\/\"]}]},{\"@type\":\"ImageObject\",\"inLanguage\":\"es\",\"@id\":\"https:\\\/\\\/www.un.org\\\/pga\\\/74\\\/2020\\\/02\\\/24\\\/address-to-the-43rd-session-of-the-human-rights-council-plenary\\\/#primaryimage\",\"url\":\"https:\\\/\\\/www.un.org\\\/pga\\\/wp-content\\\/uploads\\\/sites\\\/99\\\/2020\\\/02\\\/hrc.png\",\"contentUrl\":\"https:\\\/\\\/www.un.org\\\/pga\\\/wp-content\\\/uploads\\\/sites\\\/99\\\/2020\\\/02\\\/hrc.png\",\"width\":846,\"height\":475},{\"@type\":\"BreadcrumbList\",\"@id\":\"https:\\\/\\\/www.un.org\\\/pga\\\/74\\\/2020\\\/02\\\/24\\\/address-to-the-43rd-session-of-the-human-rights-council-plenary\\\/#breadcrumb\",\"itemListElement\":[{\"@type\":\"ListItem\",\"position\":1,\"name\":\"Home\",\"item\":\"https:\\\/\\\/www.un.org\\\/pga\\\/74\\\/es\\\/\"},{\"@type\":\"ListItem\",\"position\":2,\"name\":\"DISCURSO PRONÄ¢¹½ÊÓÆµCIADO CON MOTIVO DEL 43\u00ba PER\u00cdODO DE SESIONES DEL CONSEJO DE DERECHOS HUMANOS (SESI\u00d3N PLENARIA)\"}]},{\"@type\":\"WebSite\",\"@id\":\"https:\\\/\\\/www.un.org\\\/pga\\\/74\\\/#website\",\"url\":\"https:\\\/\\\/www.un.org\\\/pga\\\/74\\\/\",\"name\":\"Asamblea General de las Naciones Unidas\",\"description\":\"Presidente del 74\u00b0 per\u00edodo de sesiones\",\"potentialAction\":[{\"@type\":\"SearchAction\",\"target\":{\"@type\":\"EntryPoint\",\"urlTemplate\":\"https:\\\/\\\/www.un.org\\\/pga\\\/74\\\/?s={search_term_string}\"},\"query-input\":{\"@type\":\"PropertyValueSpecification\",\"valueRequired\":true,\"valueName\":\"search_term_string\"}}],\"inLanguage\":\"es\"},{\"@type\":\"Person\",\"@id\":\"https:\\\/\\\/www.un.org\\\/pga\\\/74\\\/#\\\/schema\\\/person\\\/af470bea9354ed1b453ade6d22b5c9ee\",\"name\":\"Denise Kling\",\"image\":{\"@type\":\"ImageObject\",\"inLanguage\":\"es\",\"@id\":\"https:\\\/\\\/secure.gravatar.com\\\/avatar\\\/b5fdae9d2ae28ca0f434202f2c9b6f29640a2b757fdbaa4592687900a399db3d?s=96&d=mm&r=g\",\"url\":\"https:\\\/\\\/secure.gravatar.com\\\/avatar\\\/b5fdae9d2ae28ca0f434202f2c9b6f29640a2b757fdbaa4592687900a399db3d?s=96&d=mm&r=g\",\"contentUrl\":\"https:\\\/\\\/secure.gravatar.com\\\/avatar\\\/b5fdae9d2ae28ca0f434202f2c9b6f29640a2b757fdbaa4592687900a399db3d?s=96&d=mm&r=g\",\"caption\":\"Denise Kling\"},\"url\":\"https:\\\/\\\/www.un.org\\\/pga\\\/74\\\/es\\\/author\\\/denise-klingun-org\\\/\"}]}<\/script>\n<!-- \/ Yoast SEO plugin. -->","yoast_head_json":{"title":"DISCURSO PRONÄ¢¹½ÊÓÆµCIADO CON MOTIVO DEL 43\u00ba PER\u00cdODO DE SESIONES DEL CONSEJO DE DERECHOS HUMANOS (SESI\u00d3N PLENARIA) - Asamblea General de las Naciones Unidas","robots":{"index":"index","follow":"follow","max-snippet":"max-snippet:-1","max-image-preview":"max-image-preview:large","max-video-preview":"max-video-preview:-1"},"canonical":"https:\/\/www.un.org\/pga\/74\/2020\/02\/24\/address-to-the-43rd-session-of-the-human-rights-council-plenary\/","og_locale":"es_ES","og_type":"article","og_title":"DISCURSO PRONÄ¢¹½ÊÓÆµCIADO CON MOTIVO DEL 43\u00ba PER\u00cdODO DE SESIONES DEL CONSEJO DE DERECHOS HUMANOS (SESI\u00d3N PLENARIA) - Asamblea General de las Naciones Unidas","og_description":"Declaraci\u00f3n del Excmo. Sr. Tijjani Muhammad Bande, Presidente del septuag\u00e9simo cuarto per\u00edodo de sesiones de la Asamblea General de las Naciones Unidas","og_url":"https:\/\/www.un.org\/pga\/74\/2020\/02\/24\/address-to-the-43rd-session-of-the-human-rights-council-plenary\/","og_site_name":"Asamblea General de las Naciones Unidas","article_published_time":"2020-02-24T19:25:35+00:00","article_modified_time":"2020-09-10T16:06:41+00:00","og_image":[{"width":846,"height":475,"url":"https:\/\/www.un.org\/pga\/wp-content\/uploads\/sites\/99\/2020\/02\/hrc.png","type":"image\/png"}],"author":"Denise Kling","twitter_card":"summary_large_image","twitter_misc":{"Escrito por":"Denise Kling","Tiempo de lectura":"24 minutos"},"schema":{"@context":"https:\/\/schema.org","@graph":[{"@type":"Article","@id":"https:\/\/www.un.org\/pga\/74\/2020\/02\/24\/address-to-the-43rd-session-of-the-human-rights-council-plenary\/#article","isPartOf":{"@id":"https:\/\/www.un.org\/pga\/74\/2020\/02\/24\/address-to-the-43rd-session-of-the-human-rights-council-plenary\/"},"author":{"name":"Denise Kling","@id":"https:\/\/www.un.org\/pga\/74\/#\/schema\/person\/af470bea9354ed1b453ade6d22b5c9ee"},"headline":"DISCURSO PRONÄ¢¹½ÊÓÆµCIADO CON MOTIVO DEL 43\u00ba PER\u00cdODO DE SESIONES DEL CONSEJO DE DERECHOS HUMANOS (SESI\u00d3N PLENARIA)","datePublished":"2020-02-24T19:25:35+00:00","dateModified":"2020-09-10T16:06:41+00:00","mainEntityOfPage":{"@id":"https:\/\/www.un.org\/pga\/74\/2020\/02\/24\/address-to-the-43rd-session-of-the-human-rights-council-plenary\/"},"wordCount":4750,"image":{"@id":"https:\/\/www.un.org\/pga\/74\/2020\/02\/24\/address-to-the-43rd-session-of-the-human-rights-council-plenary\/#primaryimage"},"thumbnailUrl":"https:\/\/www.un.org\/pga\/wp-content\/uploads\/sites\/99\/2020\/02\/hrc.png","articleSection":["Statements"],"inLanguage":"es"},{"@type":"WebPage","@id":"https:\/\/www.un.org\/pga\/74\/2020\/02\/24\/address-to-the-43rd-session-of-the-human-rights-council-plenary\/","url":"https:\/\/www.un.org\/pga\/74\/2020\/02\/24\/address-to-the-43rd-session-of-the-human-rights-council-plenary\/","name":"DISCURSO PRONÄ¢¹½ÊÓÆµCIADO CON MOTIVO DEL 43\u00ba PER\u00cdODO DE SESIONES DEL CONSEJO DE DERECHOS HUMANOS (SESI\u00d3N PLENARIA) - Asamblea General de las Naciones Unidas","isPartOf":{"@id":"https:\/\/www.un.org\/pga\/74\/#website"},"primaryImageOfPage":{"@id":"https:\/\/www.un.org\/pga\/74\/2020\/02\/24\/address-to-the-43rd-session-of-the-human-rights-council-plenary\/#primaryimage"},"image":{"@id":"https:\/\/www.un.org\/pga\/74\/2020\/02\/24\/address-to-the-43rd-session-of-the-human-rights-council-plenary\/#primaryimage"},"thumbnailUrl":"https:\/\/www.un.org\/pga\/wp-content\/uploads\/sites\/99\/2020\/02\/hrc.png","datePublished":"2020-02-24T19:25:35+00:00","dateModified":"2020-09-10T16:06:41+00:00","author":{"@id":"https:\/\/www.un.org\/pga\/74\/#\/schema\/person\/af470bea9354ed1b453ade6d22b5c9ee"},"breadcrumb":{"@id":"https:\/\/www.un.org\/pga\/74\/2020\/02\/24\/address-to-the-43rd-session-of-the-human-rights-council-plenary\/#breadcrumb"},"inLanguage":"es","potentialAction":[{"@type":"ReadAction","target":["https:\/\/www.un.org\/pga\/74\/2020\/02\/24\/address-to-the-43rd-session-of-the-human-rights-council-plenary\/"]}]},{"@type":"ImageObject","inLanguage":"es","@id":"https:\/\/www.un.org\/pga\/74\/2020\/02\/24\/address-to-the-43rd-session-of-the-human-rights-council-plenary\/#primaryimage","url":"https:\/\/www.un.org\/pga\/wp-content\/uploads\/sites\/99\/2020\/02\/hrc.png","contentUrl":"https:\/\/www.un.org\/pga\/wp-content\/uploads\/sites\/99\/2020\/02\/hrc.png","width":846,"height":475},{"@type":"BreadcrumbList","@id":"https:\/\/www.un.org\/pga\/74\/2020\/02\/24\/address-to-the-43rd-session-of-the-human-rights-council-plenary\/#breadcrumb","itemListElement":[{"@type":"ListItem","position":1,"name":"Home","item":"https:\/\/www.un.org\/pga\/74\/es\/"},{"@type":"ListItem","position":2,"name":"DISCURSO PRONÄ¢¹½ÊÓÆµCIADO CON MOTIVO DEL 43\u00ba PER\u00cdODO DE SESIONES DEL CONSEJO DE DERECHOS HUMANOS (SESI\u00d3N PLENARIA)"}]},{"@type":"WebSite","@id":"https:\/\/www.un.org\/pga\/74\/#website","url":"https:\/\/www.un.org\/pga\/74\/","name":"Asamblea General de las Naciones Unidas","description":"Presidente del 74\u00b0 per\u00edodo de sesiones","potentialAction":[{"@type":"SearchAction","target":{"@type":"EntryPoint","urlTemplate":"https:\/\/www.un.org\/pga\/74\/?s={search_term_string}"},"query-input":{"@type":"PropertyValueSpecification","valueRequired":true,"valueName":"search_term_string"}}],"inLanguage":"es"},{"@type":"Person","@id":"https:\/\/www.un.org\/pga\/74\/#\/schema\/person\/af470bea9354ed1b453ade6d22b5c9ee","name":"Denise Kling","image":{"@type":"ImageObject","inLanguage":"es","@id":"https:\/\/secure.gravatar.com\/avatar\/b5fdae9d2ae28ca0f434202f2c9b6f29640a2b757fdbaa4592687900a399db3d?s=96&d=mm&r=g","url":"https:\/\/secure.gravatar.com\/avatar\/b5fdae9d2ae28ca0f434202f2c9b6f29640a2b757fdbaa4592687900a399db3d?s=96&d=mm&r=g","contentUrl":"https:\/\/secure.gravatar.com\/avatar\/b5fdae9d2ae28ca0f434202f2c9b6f29640a2b757fdbaa4592687900a399db3d?s=96&d=mm&r=g","caption":"Denise Kling"},"url":"https:\/\/www.un.org\/pga\/74\/es\/author\/denise-klingun-org\/"}]}},"_links":{"self":[{"href":"https:\/\/www.un.org\/pga\/74\/es\/wp-json\/wp\/v2\/posts\/230106","targetHints":{"allow":["GET"]}}],"collection":[{"href":"https:\/\/www.un.org\/pga\/74\/es\/wp-json\/wp\/v2\/posts"}],"about":[{"href":"https:\/\/www.un.org\/pga\/74\/es\/wp-json\/wp\/v2\/types\/post"}],"author":[{"embeddable":true,"href":"https:\/\/www.un.org\/pga\/74\/es\/wp-json\/wp\/v2\/users\/266"}],"replies":[{"embeddable":true,"href":"https:\/\/www.un.org\/pga\/74\/es\/wp-json\/wp\/v2\/comments?post=230106"}],"version-history":[{"count":0,"href":"https:\/\/www.un.org\/pga\/74\/es\/wp-json\/wp\/v2\/posts\/230106\/revisions"}],"wp:featuredmedia":[{"embeddable":true,"href":"https:\/\/www.un.org\/pga\/74\/es\/wp-json\/wp\/v2\/media\/199751"}],"wp:attachment":[{"href":"https:\/\/www.un.org\/pga\/74\/es\/wp-json\/wp\/v2\/media?parent=230106"}],"wp:term":[{"taxonomy":"category","embeddable":true,"href":"https:\/\/www.un.org\/pga\/74\/es\/wp-json\/wp\/v2\/categories?post=230106"},{"taxonomy":"post_tag","embeddable":true,"href":"https:\/\/www.un.org\/pga\/74\/es\/wp-json\/wp\/v2\/tags?post=230106"}],"curies":[{"name":"wp","href":"https:\/\/api.w.org\/{rel}","templated":true}]}}