  {"id":230160,"date":"2019-12-10T07:41:00","date_gmt":"2019-12-10T12:41:00","guid":{"rendered":"https:\/\/www.un.org\/pga\/74\/2020\/09\/10\/25th-conference-of-the-parties-to-the-united-nations-framework-convention-on-climate-change-cop-25\/"},"modified":"2020-09-10T07:44:56","modified_gmt":"2020-09-10T11:44:56","slug":"25th-conference-of-the-parties-to-the-united-nations-framework-convention-on-climate-change-cop-25","status":"publish","type":"post","link":"https:\/\/www.un.org\/pga\/74\/es\/2019\/12\/10\/25th-conference-of-the-parties-to-the-united-nations-framework-convention-on-climate-change-cop-25\/","title":{"rendered":"APERTURA DE LA SERIE DE SESIONES DE ALTO NIVEL \t25\u00aa CONFERENCIA DE LAS PARTES EN LA CONVENCI\u00d3N MARCO DE LAS NACIONES Ä¢¹½ÊÓÆµIDAS SOBRE EL CAMBIO CLIM\u00c1TICO (CP 25)"},"content":{"rendered":"<p>[et_pb_section bb_built=\u00bb1&#8243; _builder_version=\u00bb3.22&#8243; _i=\u00bb0&#8243; _address=\u00bb0&#8243; collapsed=\u00bboff\u00bb locked=\u00bboff\u00bb][et_pb_row _builder_version=\u00bb3.25&#8243; background_size=\u00bbinitial\u00bb background_position=\u00bbtop_left\u00bb background_repeat=\u00bbrepeat\u00bb _i=\u00bb0&#8243; _address=\u00bb0.0&#8243;][et_pb_column type=\u00bb4_4&#8243; _builder_version=\u00bb3.25&#8243; custom_padding=\u00bb|||\u00bb _i=\u00bb0&#8243; _address=\u00bb0.0.0&#8243; custom_padding__hover=\u00bb|||\u00bb][et_pb_text _builder_version=\u00bb3.27.4&#8243; background_size=\u00bbinitial\u00bb background_position=\u00bbtop_left\u00bb background_repeat=\u00bbrepeat\u00bb hover_enabled=\u00bb0&#8243; border_style=\u00bbsolid\u00bb _i=\u00bb0&#8243; _address=\u00bb0.0.0.0&#8243; text_text_shadow_horizontal_length=\u00bbtext_text_shadow_style,%91object Object%93&#8243; text_text_shadow_horizontal_length_tablet=\u00bb0px\u00bb text_text_shadow_vertical_length=\u00bbtext_text_shadow_style,%91object Object%93&#8243; text_text_shadow_vertical_length_tablet=\u00bb0px\u00bb text_text_shadow_blur_strength=\u00bbtext_text_shadow_style,%91object Object%93&#8243; text_text_shadow_blur_strength_tablet=\u00bb1px\u00bb link_text_shadow_horizontal_length=\u00bblink_text_shadow_style,%91object Object%93&#8243; link_text_shadow_horizontal_length_tablet=\u00bb0px\u00bb link_text_shadow_vertical_length=\u00bblink_text_shadow_style,%91object Object%93&#8243; link_text_shadow_vertical_length_tablet=\u00bb0px\u00bb link_text_shadow_blur_strength=\u00bblink_text_shadow_style,%91object Object%93&#8243; link_text_shadow_blur_strength_tablet=\u00bb1px\u00bb ul_text_shadow_horizontal_length=\u00bbul_text_shadow_style,%91object Object%93&#8243; ul_text_shadow_horizontal_length_tablet=\u00bb0px\u00bb ul_text_shadow_vertical_length=\u00bbul_text_shadow_style,%91object Object%93&#8243; ul_text_shadow_vertical_length_tablet=\u00bb0px\u00bb ul_text_shadow_blur_strength=\u00bbul_text_shadow_style,%91object Object%93&#8243; ul_text_shadow_blur_strength_tablet=\u00bb1px\u00bb ol_text_shadow_horizontal_length=\u00bbol_text_shadow_style,%91object Object%93&#8243; ol_text_shadow_horizontal_length_tablet=\u00bb0px\u00bb ol_text_shadow_vertical_length=\u00bbol_text_shadow_style,%91object Object%93&#8243; ol_text_shadow_vertical_length_tablet=\u00bb0px\u00bb ol_text_shadow_blur_strength=\u00bbol_text_shadow_style,%91object Object%93&#8243; ol_text_shadow_blur_strength_tablet=\u00bb1px\u00bb quote_text_shadow_horizontal_length=\u00bbquote_text_shadow_style,%91object Object%93&#8243; quote_text_shadow_horizontal_length_tablet=\u00bb0px\u00bb quote_text_shadow_vertical_length=\u00bbquote_text_shadow_style,%91object Object%93&#8243; quote_text_shadow_vertical_length_tablet=\u00bb0px\u00bb quote_text_shadow_blur_strength=\u00bbquote_text_shadow_style,%91object Object%93&#8243; quote_text_shadow_blur_strength_tablet=\u00bb1px\u00bb header_text_shadow_horizontal_length=\u00bbheader_text_shadow_style,%91object Object%93&#8243; header_text_shadow_horizontal_length_tablet=\u00bb0px\u00bb header_text_shadow_vertical_length=\u00bbheader_text_shadow_style,%91object Object%93&#8243; header_text_shadow_vertical_length_tablet=\u00bb0px\u00bb header_text_shadow_blur_strength=\u00bbheader_text_shadow_style,%91object Object%93&#8243; header_text_shadow_blur_strength_tablet=\u00bb1px\u00bb header_2_text_shadow_horizontal_length=\u00bbheader_2_text_shadow_style,%91object Object%93&#8243; header_2_text_shadow_horizontal_length_tablet=\u00bb0px\u00bb header_2_text_shadow_vertical_length=\u00bbheader_2_text_shadow_style,%91object Object%93&#8243; header_2_text_shadow_vertical_length_tablet=\u00bb0px\u00bb header_2_text_shadow_blur_strength=\u00bbheader_2_text_shadow_style,%91object Object%93&#8243; header_2_text_shadow_blur_strength_tablet=\u00bb1px\u00bb header_3_text_shadow_horizontal_length=\u00bbheader_3_text_shadow_style,%91object Object%93&#8243; header_3_text_shadow_horizontal_length_tablet=\u00bb0px\u00bb header_3_text_shadow_vertical_length=\u00bbheader_3_text_shadow_style,%91object Object%93&#8243; header_3_text_shadow_vertical_length_tablet=\u00bb0px\u00bb header_3_text_shadow_blur_strength=\u00bbheader_3_text_shadow_style,%91object Object%93&#8243; header_3_text_shadow_blur_strength_tablet=\u00bb1px\u00bb header_4_text_shadow_horizontal_length=\u00bbheader_4_text_shadow_style,%91object Object%93&#8243; header_4_text_shadow_horizontal_length_tablet=\u00bb0px\u00bb header_4_text_shadow_vertical_length=\u00bbheader_4_text_shadow_style,%91object Object%93&#8243; header_4_text_shadow_vertical_length_tablet=\u00bb0px\u00bb header_4_text_shadow_blur_strength=\u00bbheader_4_text_shadow_style,%91object Object%93&#8243; header_4_text_shadow_blur_strength_tablet=\u00bb1px\u00bb header_5_text_shadow_horizontal_length=\u00bbheader_5_text_shadow_style,%91object Object%93&#8243; header_5_text_shadow_horizontal_length_tablet=\u00bb0px\u00bb header_5_text_shadow_vertical_length=\u00bbheader_5_text_shadow_style,%91object Object%93&#8243; header_5_text_shadow_vertical_length_tablet=\u00bb0px\u00bb header_5_text_shadow_blur_strength=\u00bbheader_5_text_shadow_style,%91object Object%93&#8243; header_5_text_shadow_blur_strength_tablet=\u00bb1px\u00bb header_6_text_shadow_horizontal_length=\u00bbheader_6_text_shadow_style,%91object Object%93&#8243; header_6_text_shadow_horizontal_length_tablet=\u00bb0px\u00bb header_6_text_shadow_vertical_length=\u00bbheader_6_text_shadow_style,%91object Object%93&#8243; header_6_text_shadow_vertical_length_tablet=\u00bb0px\u00bb header_6_text_shadow_blur_strength=\u00bbheader_6_text_shadow_style,%91object Object%93&#8243; header_6_text_shadow_blur_strength_tablet=\u00bb1px\u00bb box_shadow_horizontal_tablet=\u00bb0px\u00bb box_shadow_vertical_tablet=\u00bb0px\u00bb box_shadow_blur_tablet=\u00bb40px\u00bb box_shadow_spread_tablet=\u00bb0px\u00bb z_index_tablet=\u00bb500&#8243;]<\/p>\n<p style=\"text-align: center\"><em>Transcripci\u00f3n del discurso pronunciado<\/em><\/p>\n<h3>Observaciones del Excmo. Sr. Tijjani Muhammad-Bande, Presidente de la Asamblea General<\/h3>\n<p><strong><span class=\"updated\">10 de diciembre de 2019<\/span><\/strong><\/p>\n<p><img loading=\"lazy\" decoding=\"async\" class=\"alignleft wp-image-194730 size-medium\" src=\"https:\/\/www.un.org\/pga\/74\/wp-content\/uploads\/sites\/99\/2019\/12\/cop25-300x174.jpg\" alt=\"\" width=\"300\" height=\"174\" srcset=\"https:\/\/www.un.org\/pga\/wp-content\/uploads\/sites\/99\/2019\/12\/cop25-300x174.jpg 300w, https:\/\/www.un.org\/pga\/wp-content\/uploads\/sites\/99\/2019\/12\/cop25-768x445.jpg 768w, https:\/\/www.un.org\/pga\/wp-content\/uploads\/sites\/99\/2019\/12\/cop25.jpg 1024w\" sizes=\"(max-width: 300px) 100vw, 300px\" \/><\/p>\n<p>Excma. Sra. Carolina Schmidt, Ministra de Medio Ambiente de Chile y Presidenta de la CP 25,<\/p>\n<p>Excma. Sra. Teresa Ribera Rodr\u00edguez, Ministra de Transici\u00f3n Ecol\u00f3gica,<\/p>\n<p>Excma. Sra. Patricia Espinosa, Secretaria Ejecutiva de la Convenci\u00f3n Marco de las Naciones Unidas sobre el Cambio Clim\u00e1tico,<\/p>\n<p>Sr. Petteri Taalas, Director Cient\u00edfico de la Organizaci\u00f3n Meteorol\u00f3gica Mundial,<\/p>\n<p>Sr. Alejandro Sanz,<\/p>\n<p>Excelencias, Jefes y Jefas de Estado y de Gobierno,<\/p>\n<p>Honorables Ministros y Ministras,<\/p>\n<p>Excelencias,<\/p>\n<p>Distinguidas delegaciones:<\/p>\n<p>Es un honor para m\u00ed dirigirme a la 25\u00aa Conferencia de las Partes en la Convenci\u00f3n Marco de las Naciones Unidas sobre el Cambio Clim\u00e1tico (CP 25).<\/p>\n<p>Felicito a la Ministra Schmidt por su h\u00e1bil liderazgo en la direcci\u00f3n de nuestras deliberaciones. Doy las gracias al Gobierno de Espa\u00f1a por la magn\u00edfica acogida que ha dispensado a la Conferencia con tan poco tiempo de antelaci\u00f3n y tambi\u00e9n doy las gracias a la Secretar\u00eda de la Convenci\u00f3n Marco de las Naciones Unidas sobre el Cambio Clim\u00e1tico por haberla organizado.<\/p>\n<p>Excelencias:<\/p>\n<p>Hace cuatro a\u00f1os, los l\u00edderes mundiales adoptaron el \u00fanico acuerdo universalmente vinculante para hacer frente a la amenaza clim\u00e1tica. Fue una haza\u00f1a del multilateralismo cuyo origen se remonta a una resoluci\u00f3n de la Asamblea General. El desarrollo normativo de la acci\u00f3n clim\u00e1tica lleg\u00f3 a su punto \u00e1lgido en Par\u00eds. Al adoptar el Acuerdo Clim\u00e1tico de Par\u00eds, nos comprometimos a limitar el calentamiento global.<\/p>\n<p>Llegamos a un consenso para limitar el aumento de la temperatura a 2 \u00baC por encima de los niveles preindustriales y nos comprometimos a seguir esforz\u00e1ndonos para mantenerlo en 1,5 \u00baC.<\/p>\n<p>Las tendencias actuales de las emisiones mundiales causar\u00e1n un mayor calentamiento, y los seres humanos se enfrentar\u00e1n a fen\u00f3menos meteorol\u00f3gicos extremos y violentos. Los desastres clim\u00e1ticos recurrentes se est\u00e1n volviendo globales y est\u00e1 claro que no tienen fronteras, y ya est\u00e1n causando costos humanos y socioecon\u00f3micos sin precedentes. Los progresos realizados en la reducci\u00f3n de la pobreza mundial y en la mejora de la vida y los medios de subsistencia de las personas se ven amenazados.<\/p>\n<p>Estamos viendo c\u00f3mo se degradan las tierras y c\u00f3mo desaparecen bosques y ecosistemas y se pierde diversidad biol\u00f3gica. Nuestros oc\u00e9anos se enfrentan a la contaminaci\u00f3n, la acidificaci\u00f3n y la p\u00e9rdida de h\u00e1bitats costeros.<\/p>\n<p>Excelencias:<\/p>\n<p>Seg\u00fan el informe m\u00e1s reciente de la Organizaci\u00f3n Meteorol\u00f3gica Mundial, la temperatura media mundial ya ha aumentado en 1,1 \u00b0C desde el per\u00edodo preindustrial.<\/p>\n<p>Sabemos que los compromisos contra\u00eddos en el contexto de las contribuciones determinadas a nivel nacional no son suficientes para mantener la temperatura mundial en el l\u00edmite acordado. Si no aumentamos el nivel de expectativas globales, estaremos hablando de un aumento de temperatura de 3 a 4 \u00b0C. Esto ser\u00eda una cat\u00e1strofe.<\/p>\n<p>Urge que logremos resultados significativos ahora. Las emisiones globales deben alcanzar el pico r\u00e1pidamente y reducirse de inmediato de manera considerable.<\/p>\n<p>De hecho, la ciencia no deja lugar a dudas en cuanto a la urgencia de actuar, tanto a nivel mundial como nacional.<\/p>\n<p>Seg\u00fan el Grupo Intergubernamental de Expertos sobre el Cambio Clim\u00e1tico (IPCC), sigue habiendo soluciones si actuamos con rapidez y con decisi\u00f3n. Cualquier retraso tendr\u00e1 un costo elevado: para todos, en todas partes. En los \u00faltimos cinco a\u00f1os, las p\u00e9rdidas econ\u00f3micas por condiciones clim\u00e1ticas extremas se estimaron en unos 572.000 millones de d\u00f3lares. Este a\u00f1o, el hurac\u00e1n Dorian caus\u00f3 da\u00f1os por un valor estimado de 3.400 millones de d\u00f3lares en las Bahamas.<\/p>\n<p>Debemos adoptar medidas preventivas, ahora. Debemos asociarnos con los dirigentes de las ciudades y las autoridades locales, las empresas, las organizaciones no gubernamentales, los grupos ind\u00edgenas y la sociedad civil para adoptar medidas sobre el clima a nivel nacional y mundial.<\/p>\n<p>Debemos salvar la brecha de la mitigaci\u00f3n y examinar nuestras contribuciones determinadas a nivel nacional individuales y colectivas para asegurarnos de que se integren en las pol\u00edticas y presupuestos de todos los sectores.<\/p>\n<p>Muchos pa\u00edses demostraron su liderazgo en la Cumbre sobre la Acci\u00f3n Clim\u00e1tica al comprometerse a ampliar sus contribuciones determinadas a nivel nacional para el a\u00f1o 2020 y a lograr la neutralidad en carbono para mediados de siglo.<\/p>\n<p>Aliento a todos los dem\u00e1s Estados Miembros a que hagan lo mismo para asegurar un mundo mejor para todos.<\/p>\n<p>[\/et_pb_text][\/et_pb_column][\/et_pb_row][et_pb_row _builder_version=\u00bb3.25&#8243; background_size=\u00bbinitial\u00bb background_position=\u00bbtop_left\u00bb background_repeat=\u00bbrepeat\u00bb _i=\u00bb2&#8243; _address=\u00bb0.2&#8243;][et_pb_column type=\u00bb4_4&#8243; _builder_version=\u00bb3.25&#8243; custom_padding=\u00bb|||\u00bb _i=\u00bb0&#8243; _address=\u00bb0.2.0&#8243; custom_padding__hover=\u00bb|||\u00bb][et_pb_text _builder_version=\u00bb3.27.4&#8243; _i=\u00bb0&#8243; _address=\u00bb0.2.0.0&#8243; text_text_shadow_horizontal_length=\u00bbtext_text_shadow_style,%91object Object%93&#8243; text_text_shadow_horizontal_length_tablet=\u00bb0px\u00bb text_text_shadow_vertical_length=\u00bbtext_text_shadow_style,%91object Object%93&#8243; text_text_shadow_vertical_length_tablet=\u00bb0px\u00bb text_text_shadow_blur_strength=\u00bbtext_text_shadow_style,%91object Object%93&#8243; text_text_shadow_blur_strength_tablet=\u00bb1px\u00bb link_text_shadow_horizontal_length=\u00bblink_text_shadow_style,%91object Object%93&#8243; link_text_shadow_horizontal_length_tablet=\u00bb0px\u00bb link_text_shadow_vertical_length=\u00bblink_text_shadow_style,%91object Object%93&#8243; link_text_shadow_vertical_length_tablet=\u00bb0px\u00bb link_text_shadow_blur_strength=\u00bblink_text_shadow_style,%91object Object%93&#8243; link_text_shadow_blur_strength_tablet=\u00bb1px\u00bb ul_text_shadow_horizontal_length=\u00bbul_text_shadow_style,%91object Object%93&#8243; ul_text_shadow_horizontal_length_tablet=\u00bb0px\u00bb ul_text_shadow_vertical_length=\u00bbul_text_shadow_style,%91object Object%93&#8243; ul_text_shadow_vertical_length_tablet=\u00bb0px\u00bb ul_text_shadow_blur_strength=\u00bbul_text_shadow_style,%91object Object%93&#8243; ul_text_shadow_blur_strength_tablet=\u00bb1px\u00bb ol_text_shadow_horizontal_length=\u00bbol_text_shadow_style,%91object Object%93&#8243; ol_text_shadow_horizontal_length_tablet=\u00bb0px\u00bb ol_text_shadow_vertical_length=\u00bbol_text_shadow_style,%91object Object%93&#8243; ol_text_shadow_vertical_length_tablet=\u00bb0px\u00bb ol_text_shadow_blur_strength=\u00bbol_text_shadow_style,%91object Object%93&#8243; ol_text_shadow_blur_strength_tablet=\u00bb1px\u00bb quote_text_shadow_horizontal_length=\u00bbquote_text_shadow_style,%91object Object%93&#8243; quote_text_shadow_horizontal_length_tablet=\u00bb0px\u00bb quote_text_shadow_vertical_length=\u00bbquote_text_shadow_style,%91object Object%93&#8243; quote_text_shadow_vertical_length_tablet=\u00bb0px\u00bb quote_text_shadow_blur_strength=\u00bbquote_text_shadow_style,%91object Object%93&#8243; quote_text_shadow_blur_strength_tablet=\u00bb1px\u00bb header_text_shadow_horizontal_length=\u00bbheader_text_shadow_style,%91object Object%93&#8243; header_text_shadow_horizontal_length_tablet=\u00bb0px\u00bb header_text_shadow_vertical_length=\u00bbheader_text_shadow_style,%91object Object%93&#8243; header_text_shadow_vertical_length_tablet=\u00bb0px\u00bb header_text_shadow_blur_strength=\u00bbheader_text_shadow_style,%91object Object%93&#8243; header_text_shadow_blur_strength_tablet=\u00bb1px\u00bb header_2_text_shadow_horizontal_length=\u00bbheader_2_text_shadow_style,%91object Object%93&#8243; header_2_text_shadow_horizontal_length_tablet=\u00bb0px\u00bb header_2_text_shadow_vertical_length=\u00bbheader_2_text_shadow_style,%91object Object%93&#8243; header_2_text_shadow_vertical_length_tablet=\u00bb0px\u00bb header_2_text_shadow_blur_strength=\u00bbheader_2_text_shadow_style,%91object Object%93&#8243; header_2_text_shadow_blur_strength_tablet=\u00bb1px\u00bb header_3_text_shadow_horizontal_length=\u00bbheader_3_text_shadow_style,%91object Object%93&#8243; header_3_text_shadow_horizontal_length_tablet=\u00bb0px\u00bb header_3_text_shadow_vertical_length=\u00bbheader_3_text_shadow_style,%91object Object%93&#8243; header_3_text_shadow_vertical_length_tablet=\u00bb0px\u00bb header_3_text_shadow_blur_strength=\u00bbheader_3_text_shadow_style,%91object Object%93&#8243; header_3_text_shadow_blur_strength_tablet=\u00bb1px\u00bb header_4_text_shadow_horizontal_length=\u00bbheader_4_text_shadow_style,%91object Object%93&#8243; header_4_text_shadow_horizontal_length_tablet=\u00bb0px\u00bb header_4_text_shadow_vertical_length=\u00bbheader_4_text_shadow_style,%91object Object%93&#8243; header_4_text_shadow_vertical_length_tablet=\u00bb0px\u00bb header_4_text_shadow_blur_strength=\u00bbheader_4_text_shadow_style,%91object Object%93&#8243; header_4_text_shadow_blur_strength_tablet=\u00bb1px\u00bb header_5_text_shadow_horizontal_length=\u00bbheader_5_text_shadow_style,%91object Object%93&#8243; header_5_text_shadow_horizontal_length_tablet=\u00bb0px\u00bb header_5_text_shadow_vertical_length=\u00bbheader_5_text_shadow_style,%91object Object%93&#8243; header_5_text_shadow_vertical_length_tablet=\u00bb0px\u00bb header_5_text_shadow_blur_strength=\u00bbheader_5_text_shadow_style,%91object Object%93&#8243; header_5_text_shadow_blur_strength_tablet=\u00bb1px\u00bb header_6_text_shadow_horizontal_length=\u00bbheader_6_text_shadow_style,%91object Object%93&#8243; header_6_text_shadow_horizontal_length_tablet=\u00bb0px\u00bb header_6_text_shadow_vertical_length=\u00bbheader_6_text_shadow_style,%91object Object%93&#8243; header_6_text_shadow_vertical_length_tablet=\u00bb0px\u00bb header_6_text_shadow_blur_strength=\u00bbheader_6_text_shadow_style,%91object Object%93&#8243; header_6_text_shadow_blur_strength_tablet=\u00bb1px\u00bb box_shadow_horizontal_tablet=\u00bb0px\u00bb box_shadow_vertical_tablet=\u00bb0px\u00bb box_shadow_blur_tablet=\u00bb40px\u00bb box_shadow_spread_tablet=\u00bb0px\u00bb z_index_tablet=\u00bb500&#8243;]<\/p>\n<p>Excelencias, distinguidas delegaciones:<\/p>\n<p>Necesitamos un modelo econ\u00f3mico que ofrezca prosperidad para todos, al tiempo que desvincule el crecimiento econ\u00f3mico de la degradaci\u00f3n del medio ambiente.<\/p>\n<p>Para cambiar dr\u00e1sticamente nuestros patrones de consumo y producci\u00f3n, debemos invertir en un cambio estructural en los sistemas mundiales urbanos, de energ\u00eda, transporte y producci\u00f3n de alimentos.<\/p>\n<p>Las ciudades son el origen de m\u00e1s del 70 % de las emisiones mundiales. En lo que respecta a nuestras ciudades y nuestra infraestructura urbana, debemos tener en cuenta el clima a la hora de tomar decisiones relativas a la planificaci\u00f3n, el transporte y la eficiencia energ\u00e9tica.<\/p>\n<p>Tenemos que aprovechar las fuentes de energ\u00eda baja en carbono que se est\u00e1n desarrollando en todo el mundo.<\/p>\n<p>Estoy dedicado a la causa de alcanzar el hambre cero, y es una de las prioridades para el septuag\u00e9simo cuarto per\u00edodo de sesiones de la Asamblea General. En ese sentido, hablamos no solo de producci\u00f3n y de consumo, sino tambi\u00e9n de solidaridad. Me preocupa que el cambio clim\u00e1tico afecte significativamente a una de cada cuatro mujeres econ\u00f3micamente activas que trabajan en la agricultura. Sus problemas son nuestros problemas, y debemos incorporarlos en todo lo que hacemos. Los problemas de las mujeres no pueden quedar relegados a un segundo plano.<\/p>\n<p>Necesitamos mejorar nuestros sistemas alimentarios para que sean sostenibles e inclusivos. El punto de partida son los sistemas agr\u00edcolas clim\u00e1ticamente inteligentes que puedan soportar crisis clim\u00e1ticas.<\/p>\n<p>La inversi\u00f3n en medidas de resiliencia y adaptaci\u00f3n es crucial, en particular para los pa\u00edses y comunidades m\u00e1s vulnerables. Algunas de estas comunidades ya han sufrido los efectos devastadores del cambio clim\u00e1tico y sabemos que existe el riesgo inminente de que se repitan.<\/p>\n<p>Debemos actuar ahora, para salvaguardar las vidas, los medios de subsistencia y los hogares de las personas a las que servimos.<\/p>\n<p>Excelencias:<\/p>\n<p>La aplicaci\u00f3n del Acuerdo de Par\u00eds y la garant\u00eda de una transici\u00f3n hacia econom\u00edas resilientes con bajas emisiones de carbono requieren la movilizaci\u00f3n de una amplia gama de recursos financieros e inversiones p\u00fablicas, privadas, internacionales y nacionales.<\/p>\n<p>Los pa\u00edses desarrollados acordaron apoyar la acci\u00f3n clim\u00e1tica en los pa\u00edses en desarrollo movilizando 100.000 millones de d\u00f3lares anuales para el a\u00f1o 2020.<\/p>\n<p>La fecha l\u00edmite se acerca r\u00e1pidamente. Felicito a los que se han comprometido a favor de la financiaci\u00f3n para el clima; sin embargo, los fondos siguen siendo escasos. Debemos catalizar todas las corrientes de financiaci\u00f3n para satisfacer el aumento de las exigencias tanto de adaptaci\u00f3n como de mitigaci\u00f3n.<\/p>\n<p>Ha habido tendencias positivas en las inversiones verdes, ya que las energ\u00edas renovables se est\u00e1n volviendo mucho m\u00e1s baratas y accesibles. Debemos aprovechar ese impulso. La acci\u00f3n clim\u00e1tica no es un esfuerzo filantr\u00f3pico; tambi\u00e9n es un medio para impulsar el crecimiento econ\u00f3mico, crear empleos y mejorar los medios de vida en todo el mundo.<\/p>\n<p>La acci\u00f3n clim\u00e1tica puede traducirse en una ganancia econ\u00f3mica neta de 26 billones de d\u00f3lares para 2030. Seg\u00fan el informe de la Agencia Internacional de Energ\u00edas Renovables (IRENA) sobre la transformaci\u00f3n de la energ\u00eda mundial, la transformaci\u00f3n de la energ\u00eda por s\u00ed sola dar\u00eda lugar a 11,6 millones de puestos de trabajo.<\/p>\n<p>[\/et_pb_text][et_pb_testimonial author=\u00bbTijjani Muhammad Bande \u00bb job_title=\u00bbPresidente de la Asamblea General\u00bb portrait_url=\u00bbhttps:\/\/www.un.org\/pga\/74\/wp-content\/uploads\/sites\/99\/2019\/07\/Offical-Portrait-PGA-elect.jpg\u00bb quote_icon_color=\u00bb#00aff8&#8243; _builder_version=\u00bb3.27.4&#8243; background_size=\u00bbinitial\u00bb background_position=\u00bbtop_left\u00bb background_repeat=\u00bbrepeat\u00bb border_style=\u00bbsolid\u00bb _i=\u00bb1&#8243; _address=\u00bb0.2.0.1&#8243; quote_icon_background_color=\u00bb#f5f5f5&#8243; box_shadow_horizontal_image_tablet=\u00bb0px\u00bb box_shadow_vertical_image_tablet=\u00bb0px\u00bb box_shadow_blur_image_tablet=\u00bb40px\u00bb box_shadow_spread_image_tablet=\u00bb0px\u00bb text_shadow_horizontal_length=\u00bbtext_shadow_style,%91object Object%93&#8243; text_shadow_horizontal_length_tablet=\u00bb0px\u00bb text_shadow_vertical_length=\u00bbtext_shadow_style,%91object Object%93&#8243; text_shadow_vertical_length_tablet=\u00bb0px\u00bb text_shadow_blur_strength=\u00bbtext_shadow_style,%91object Object%93&#8243; text_shadow_blur_strength_tablet=\u00bb1px\u00bb body_link_text_shadow_horizontal_length=\u00bbbody_link_text_shadow_style,%91object Object%93&#8243; body_link_text_shadow_horizontal_length_tablet=\u00bb0px\u00bb body_link_text_shadow_vertical_length=\u00bbbody_link_text_shadow_style,%91object Object%93&#8243; body_link_text_shadow_vertical_length_tablet=\u00bb0px\u00bb body_link_text_shadow_blur_strength=\u00bbbody_link_text_shadow_style,%91object Object%93&#8243; body_link_text_shadow_blur_strength_tablet=\u00bb1px\u00bb body_ul_text_shadow_horizontal_length=\u00bbbody_ul_text_shadow_style,%91object Object%93&#8243; body_ul_text_shadow_horizontal_length_tablet=\u00bb0px\u00bb body_ul_text_shadow_vertical_length=\u00bbbody_ul_text_shadow_style,%91object Object%93&#8243; body_ul_text_shadow_vertical_length_tablet=\u00bb0px\u00bb body_ul_text_shadow_blur_strength=\u00bbbody_ul_text_shadow_style,%91object Object%93&#8243; body_ul_text_shadow_blur_strength_tablet=\u00bb1px\u00bb body_ol_text_shadow_horizontal_length=\u00bbbody_ol_text_shadow_style,%91object Object%93&#8243; body_ol_text_shadow_horizontal_length_tablet=\u00bb0px\u00bb body_ol_text_shadow_vertical_length=\u00bbbody_ol_text_shadow_style,%91object Object%93&#8243; body_ol_text_shadow_vertical_length_tablet=\u00bb0px\u00bb body_ol_text_shadow_blur_strength=\u00bbbody_ol_text_shadow_style,%91object Object%93&#8243; body_ol_text_shadow_blur_strength_tablet=\u00bb1px\u00bb body_quote_text_shadow_horizontal_length=\u00bbbody_quote_text_shadow_style,%91object Object%93&#8243; body_quote_text_shadow_horizontal_length_tablet=\u00bb0px\u00bb body_quote_text_shadow_vertical_length=\u00bbbody_quote_text_shadow_style,%91object Object%93&#8243; body_quote_text_shadow_vertical_length_tablet=\u00bb0px\u00bb body_quote_text_shadow_blur_strength=\u00bbbody_quote_text_shadow_style,%91object Object%93&#8243; body_quote_text_shadow_blur_strength_tablet=\u00bb1px\u00bb author_text_shadow_horizontal_length=\u00bbauthor_text_shadow_style,%91object Object%93&#8243; author_text_shadow_horizontal_length_tablet=\u00bb0px\u00bb author_text_shadow_vertical_length=\u00bbauthor_text_shadow_style,%91object Object%93&#8243; author_text_shadow_vertical_length_tablet=\u00bb0px\u00bb author_text_shadow_blur_strength=\u00bbauthor_text_shadow_style,%91object Object%93&#8243; author_text_shadow_blur_strength_tablet=\u00bb1px\u00bb position_text_shadow_horizontal_length=\u00bbposition_text_shadow_style,%91object Object%93&#8243; position_text_shadow_horizontal_length_tablet=\u00bb0px\u00bb position_text_shadow_vertical_length=\u00bbposition_text_shadow_style,%91object Object%93&#8243; position_text_shadow_vertical_length_tablet=\u00bb0px\u00bb position_text_shadow_blur_strength=\u00bbposition_text_shadow_style,%91object Object%93&#8243; position_text_shadow_blur_strength_tablet=\u00bb1px\u00bb company_text_shadow_horizontal_length=\u00bbcompany_text_shadow_style,%91object Object%93&#8243; company_text_shadow_horizontal_length_tablet=\u00bb0px\u00bb company_text_shadow_vertical_length=\u00bbcompany_text_shadow_style,%91object Object%93&#8243; company_text_shadow_vertical_length_tablet=\u00bb0px\u00bb company_text_shadow_blur_strength=\u00bbcompany_text_shadow_style,%91object Object%93&#8243; company_text_shadow_blur_strength_tablet=\u00bb1px\u00bb box_shadow_horizontal_tablet=\u00bb0px\u00bb box_shadow_vertical_tablet=\u00bb0px\u00bb box_shadow_blur_tablet=\u00bb40px\u00bb box_shadow_spread_tablet=\u00bb0px\u00bb z_index_tablet=\u00bb500&#8243;]<\/p>\n<p><strong>Debemos adoptar medidas preventivas, ahora. Debemos asociarnos con los dirigentes de las ciudades y las autoridades locales, las empresas, las organizaciones no gubernamentales, los grupos ind\u00edgenas y la sociedad civil para adoptar medidas sobre el clima a nivel nacional y mundial. <\/strong><\/p>\n<p>[\/et_pb_testimonial][et_pb_text _builder_version=\u00bb3.27.4&#8243; background_size=\u00bbinitial\u00bb background_position=\u00bbtop_left\u00bb background_repeat=\u00bbrepeat\u00bb border_style=\u00bbsolid\u00bb _i=\u00bb2&#8243; _address=\u00bb0.2.0.2&#8243; text_text_shadow_horizontal_length=\u00bbtext_text_shadow_style,%91object Object%93&#8243; text_text_shadow_horizontal_length_tablet=\u00bb0px\u00bb text_text_shadow_vertical_length=\u00bbtext_text_shadow_style,%91object Object%93&#8243; text_text_shadow_vertical_length_tablet=\u00bb0px\u00bb text_text_shadow_blur_strength=\u00bbtext_text_shadow_style,%91object Object%93&#8243; text_text_shadow_blur_strength_tablet=\u00bb1px\u00bb link_text_shadow_horizontal_length=\u00bblink_text_shadow_style,%91object Object%93&#8243; link_text_shadow_horizontal_length_tablet=\u00bb0px\u00bb link_text_shadow_vertical_length=\u00bblink_text_shadow_style,%91object Object%93&#8243; link_text_shadow_vertical_length_tablet=\u00bb0px\u00bb link_text_shadow_blur_strength=\u00bblink_text_shadow_style,%91object Object%93&#8243; link_text_shadow_blur_strength_tablet=\u00bb1px\u00bb ul_text_shadow_horizontal_length=\u00bbul_text_shadow_style,%91object Object%93&#8243; ul_text_shadow_horizontal_length_tablet=\u00bb0px\u00bb ul_text_shadow_vertical_length=\u00bbul_text_shadow_style,%91object Object%93&#8243; ul_text_shadow_vertical_length_tablet=\u00bb0px\u00bb ul_text_shadow_blur_strength=\u00bbul_text_shadow_style,%91object Object%93&#8243; ul_text_shadow_blur_strength_tablet=\u00bb1px\u00bb ol_text_shadow_horizontal_length=\u00bbol_text_shadow_style,%91object Object%93&#8243; ol_text_shadow_horizontal_length_tablet=\u00bb0px\u00bb ol_text_shadow_vertical_length=\u00bbol_text_shadow_style,%91object Object%93&#8243; ol_text_shadow_vertical_length_tablet=\u00bb0px\u00bb ol_text_shadow_blur_strength=\u00bbol_text_shadow_style,%91object Object%93&#8243; ol_text_shadow_blur_strength_tablet=\u00bb1px\u00bb quote_text_shadow_horizontal_length=\u00bbquote_text_shadow_style,%91object Object%93&#8243; quote_text_shadow_horizontal_length_tablet=\u00bb0px\u00bb quote_text_shadow_vertical_length=\u00bbquote_text_shadow_style,%91object Object%93&#8243; quote_text_shadow_vertical_length_tablet=\u00bb0px\u00bb quote_text_shadow_blur_strength=\u00bbquote_text_shadow_style,%91object Object%93&#8243; quote_text_shadow_blur_strength_tablet=\u00bb1px\u00bb header_text_shadow_horizontal_length=\u00bbheader_text_shadow_style,%91object Object%93&#8243; header_text_shadow_horizontal_length_tablet=\u00bb0px\u00bb header_text_shadow_vertical_length=\u00bbheader_text_shadow_style,%91object Object%93&#8243; header_text_shadow_vertical_length_tablet=\u00bb0px\u00bb header_text_shadow_blur_strength=\u00bbheader_text_shadow_style,%91object Object%93&#8243; header_text_shadow_blur_strength_tablet=\u00bb1px\u00bb header_2_text_shadow_horizontal_length=\u00bbheader_2_text_shadow_style,%91object Object%93&#8243; header_2_text_shadow_horizontal_length_tablet=\u00bb0px\u00bb header_2_text_shadow_vertical_length=\u00bbheader_2_text_shadow_style,%91object Object%93&#8243; header_2_text_shadow_vertical_length_tablet=\u00bb0px\u00bb header_2_text_shadow_blur_strength=\u00bbheader_2_text_shadow_style,%91object Object%93&#8243; header_2_text_shadow_blur_strength_tablet=\u00bb1px\u00bb header_3_text_shadow_horizontal_length=\u00bbheader_3_text_shadow_style,%91object Object%93&#8243; header_3_text_shadow_horizontal_length_tablet=\u00bb0px\u00bb header_3_text_shadow_vertical_length=\u00bbheader_3_text_shadow_style,%91object Object%93&#8243; header_3_text_shadow_vertical_length_tablet=\u00bb0px\u00bb header_3_text_shadow_blur_strength=\u00bbheader_3_text_shadow_style,%91object Object%93&#8243; header_3_text_shadow_blur_strength_tablet=\u00bb1px\u00bb header_4_text_shadow_horizontal_length=\u00bbheader_4_text_shadow_style,%91object Object%93&#8243; header_4_text_shadow_horizontal_length_tablet=\u00bb0px\u00bb header_4_text_shadow_vertical_length=\u00bbheader_4_text_shadow_style,%91object Object%93&#8243; header_4_text_shadow_vertical_length_tablet=\u00bb0px\u00bb header_4_text_shadow_blur_strength=\u00bbheader_4_text_shadow_style,%91object Object%93&#8243; header_4_text_shadow_blur_strength_tablet=\u00bb1px\u00bb header_5_text_shadow_horizontal_length=\u00bbheader_5_text_shadow_style,%91object Object%93&#8243; header_5_text_shadow_horizontal_length_tablet=\u00bb0px\u00bb header_5_text_shadow_vertical_length=\u00bbheader_5_text_shadow_style,%91object Object%93&#8243; header_5_text_shadow_vertical_length_tablet=\u00bb0px\u00bb header_5_text_shadow_blur_strength=\u00bbheader_5_text_shadow_style,%91object Object%93&#8243; header_5_text_shadow_blur_strength_tablet=\u00bb1px\u00bb header_6_text_shadow_horizontal_length=\u00bbheader_6_text_shadow_style,%91object Object%93&#8243; header_6_text_shadow_horizontal_length_tablet=\u00bb0px\u00bb header_6_text_shadow_vertical_length=\u00bbheader_6_text_shadow_style,%91object Object%93&#8243; header_6_text_shadow_vertical_length_tablet=\u00bb0px\u00bb header_6_text_shadow_blur_strength=\u00bbheader_6_text_shadow_style,%91object Object%93&#8243; header_6_text_shadow_blur_strength_tablet=\u00bb1px\u00bb box_shadow_horizontal_tablet=\u00bb0px\u00bb box_shadow_vertical_tablet=\u00bb0px\u00bb box_shadow_blur_tablet=\u00bb40px\u00bb box_shadow_spread_tablet=\u00bb0px\u00bb z_index_tablet=\u00bb500&#8243;]<\/p>\n<p>Excelencias:<\/p>\n<p>La Conferencia de las Naciones Unidas sobre el Cambio Clim\u00e1tico nos brinda la oportunidad de forjar alianzas y afianzarlas y crear impulso en una coyuntura crucial en el camino hacia 2030.<\/p>\n<p>Tanto la Cumbre sobre la Acci\u00f3n Clim\u00e1tica de septiembre de 2019 convocada por el Secretario General como la cumbre sobre los Objetivos de Desarrollo Sostenible (ODS) convocada bajo los auspicios de la Asamblea General de las Naciones Unidas nos ofrecieron la oportunidad de evaluar el nivel de progreso alcanzado y de movilizar el apoyo al m\u00e1s alto nivel pol\u00edtico.<\/p>\n<p>Tambi\u00e9n han marcado el ritmo del decenio de acci\u00f3n y resultados. Debemos trabajar juntos para asegurarnos de que nadie se quede atr\u00e1s, especialmente los m\u00e1s rezagados.<\/p>\n<p>Hago un llamamiento a todos los l\u00edderes mundiales para que trabajen a fin de revertir la p\u00e9rdida de diversidad biol\u00f3gica y para proteger y restaurar la naturaleza.<\/p>\n<p>Seg\u00fan los informes m\u00e1s recientes del IPCC y de la Plataforma Intergubernamental Cient\u00edfico-Normativa sobre Diversidad Biol\u00f3gica y Servicios de los Ecosistemas, la p\u00e9rdida de diversidad biol\u00f3gica se est\u00e1 acelerando notablemente; hay un mill\u00f3n de especies en peligro de extinci\u00f3n en las pr\u00f3ximas d\u00e9cadas.<\/p>\n<p>Las tendencias actuales en materia de diversidad biol\u00f3gica y ecosistemas socavar\u00e1n la resiliencia a largo plazo de los pueblos m\u00e1s vulnerables del mundo, ya que no se est\u00e1 avanzando hacia el 80 % de las metas de los ODS evaluadas en relaci\u00f3n con la pobreza, el hambre, la salud, el agua, el clima y la tierra.<\/p>\n<p>En 2020, la Asamblea General de las Naciones Unidas convocar\u00e1 una importante Cumbre sobre la Diversidad Biol\u00f3gica, antes de que se celebre en China el 15\u00ba per\u00edodo de sesiones de la Conferencia de las Partes en la Convenci\u00f3n. Estamos sentando las bases y espero que actuemos.<\/p>\n<p>Excelencias:<\/p>\n<p>Las actividades humanas, como la contaminaci\u00f3n, la sobrepesca y la p\u00e9rdida de h\u00e1bitats costeros y la acidificaci\u00f3n, afectan enormemente a nuestros oc\u00e9anos.<\/p>\n<p>En junio de 2020, la Asamblea General celebrar\u00e1 la segunda Conferencia sobre los Oc\u00e9anos en Lisboa, con el objeto de impulsar la acci\u00f3n multilateral para invertir las actuales tendencias negativas y proteger la salud de nuestros oc\u00e9anos y medios de vida.<\/p>\n<p>Convocar\u00e9 un di\u00e1logo de alto nivel para evaluar los avances en la lucha contra la desertificaci\u00f3n, la degradaci\u00f3n de las tierras y la sequ\u00eda. Es alarmante que cada a\u00f1o el mundo pierda 24.000 millones de toneladas de suelo f\u00e9rtil. Debemos tomar medidas para rehabilitar las tierras degradadas.<\/p>\n<p>Estos actos ser\u00e1n el germen para que sus pa\u00edses inviertan en soluciones basadas en la naturaleza que contribuyan a reducir las emisiones, aumentar la resistencia y mejorar los medios de vida. Estas acciones ofrecen beneficios secundarios cruciales dentro de la estrategia general para alcanzar la Agenda 2030.<\/p>\n<p>Excelencias:<\/p>\n<p>Las Naciones Unidas celebrar\u00e1n su septuag\u00e9simo quinto aniversario en 2020. Como siempre, la Organizaci\u00f3n sigue comprometida con la tarea de asegurar la paz y el desarrollo, y la protecci\u00f3n de los derechos humanos en todo el mundo.<\/p>\n<p>Tenemos el deber de erradicar la pobreza, reducir las desigualdades, hacer frente al cambio clim\u00e1tico, prevenir los conflictos, mantener la paz y defender los derechos humanos en nombre de las personas a las que servimos.<\/p>\n<p>Al celebrar el septuag\u00e9simo quinto aniversario de las Naciones Unidas debemos fortalecer nuestro orden internacional regido por unas normas. Es evidente que las soluciones a los desaf\u00edos actuales, incluida la emergencia clim\u00e1tica, solo se encontrar\u00e1n a trav\u00e9s de la acci\u00f3n colectiva y la participaci\u00f3n equitativa.<\/p>\n<p>Excelencias:<\/p>\n<p>La responsabilidad de encontrar soluciones recae en todos y cada uno de nosotros. Ignorar los impactos del cambio clim\u00e1tico ser\u00eda fallar a los pueblos del mundo, y a las futuras generaciones.<\/p>\n<p>Ni un peque\u00f1o Estado insular en desarrollo ni un gran Estado Miembro pueden contener la ola del cambio clim\u00e1tico por s\u00ed solos. Debemos actuar colectivamente.<\/p>\n<p>Las medidas de reducci\u00f3n de riesgos pueden proteger a 280 millones de personas en riesgo de desplazamiento debido al aumento del nivel del mar. Es nuestra decisi\u00f3n: hundirnos con esta nave o cambiar de rumbo inmediatamente. Ha llegado el momento de actuar.<\/p>\n<p>Nuestras acciones nos definen, y cada d\u00eda tenemos la obligaci\u00f3n moral de actuar en favor de la pr\u00f3xima generaci\u00f3n y las que vengan despu\u00e9s. Estoy convencido de que estaremos a la altura de este desaf\u00edo.<\/p>\n<p>Muchas gracias.<\/p>\n<p><a href=\"https:\/\/www.un.org\/pga\/74\/wp-content\/uploads\/sites\/99\/2020\/09\/2007229S.COP25.pdf\"><em>Puede descargarse la declaraci\u00f3n en formato PDF.<\/em><\/a><\/p>\n<p>[\/et_pb_text][\/et_pb_column][\/et_pb_row][\/et_pb_section]<\/p>\n","protected":false},"excerpt":{"rendered":"<p>Observaciones del Excmo. Sr. Tijjani Muhammad-Bande, Presidente de la Asamblea General: 25\u00aa CONFERENCIA DE LAS PARTES EN LA CONVENCI\u00d3N MARCO DE LAS NACIONES Ä¢¹½ÊÓÆµIDAS SOBRE EL CAMBIO CLIM\u00c1TICO (CP 25)<\/p>\n","protected":false},"author":266,"featured_media":194745,"comment_status":"closed","ping_status":"closed","sticky":false,"template":"","format":"standard","meta":{"_et_pb_use_builder":"on","_et_pb_old_content":"","_et_gb_content_width":"","footnotes":"","_links_to":"","_links_to_target":""},"categories":[418],"tags":[],"class_list":["post-230160","post","type-post","status-publish","format-standard","has-post-thumbnail","hentry","category-statements-es","et-has-post-format-content","et_post_format-et-post-format-standard"],"yoast_head":"<!-- This site is optimized with the Yoast SEO plugin v28.3 - https:\/\/yoast.com\/product\/yoast-seo-wordpress\/ -->\n<title>APERTURA DE LA SERIE DE SESIONES DE ALTO NIVEL 25\u00aa CONFERENCIA DE LAS PARTES EN LA CONVENCI\u00d3N MARCO DE LAS NACIONES Ä¢¹½ÊÓÆµIDAS SOBRE EL CAMBIO CLIM\u00c1TICO (CP 25) - Asamblea General de las Naciones Unidas<\/title>\n<meta name=\"robots\" content=\"index, follow, max-snippet:-1, max-image-preview:large, max-video-preview:-1\" \/>\n<link rel=\"canonical\" href=\"https:\/\/www.un.org\/pga\/74\/2019\/12\/10\/25th-conference-of-the-parties-to-the-united-nations-framework-convention-on-climate-change-cop-25\/\" \/>\n<meta property=\"og:locale\" content=\"es_ES\" \/>\n<meta property=\"og:type\" content=\"article\" \/>\n<meta property=\"og:title\" content=\"APERTURA DE LA SERIE DE SESIONES DE ALTO NIVEL 25\u00aa CONFERENCIA DE LAS PARTES EN LA CONVENCI\u00d3N MARCO DE LAS NACIONES Ä¢¹½ÊÓÆµIDAS SOBRE EL CAMBIO CLIM\u00c1TICO (CP 25) - Asamblea General de las Naciones Unidas\" \/>\n<meta property=\"og:description\" content=\"Observaciones del Excmo. Sr. Tijjani Muhammad-Bande, Presidente de la Asamblea General: 25\u00aa CONFERENCIA DE LAS PARTES EN LA CONVENCI\u00d3N MARCO DE LAS NACIONES Ä¢¹½ÊÓÆµIDAS SOBRE EL CAMBIO CLIM\u00c1TICO (CP 25)\" \/>\n<meta property=\"og:url\" content=\"https:\/\/www.un.org\/pga\/74\/2019\/12\/10\/25th-conference-of-the-parties-to-the-united-nations-framework-convention-on-climate-change-cop-25\/\" \/>\n<meta property=\"og:site_name\" content=\"Asamblea General de las Naciones Unidas\" \/>\n<meta property=\"article:published_time\" content=\"2019-12-10T12:41:00+00:00\" \/>\n<meta property=\"article:modified_time\" content=\"2020-09-10T11:44:56+00:00\" \/>\n<meta property=\"og:image\" content=\"https:\/\/www.un.org\/pga\/wp-content\/uploads\/sites\/99\/2019\/12\/cop25.jpg\" \/>\n\t<meta property=\"og:image:width\" content=\"1024\" \/>\n\t<meta property=\"og:image:height\" content=\"593\" \/>\n\t<meta property=\"og:image:type\" content=\"image\/jpeg\" \/>\n<meta name=\"author\" content=\"Denise Kling\" \/>\n<meta name=\"twitter:card\" content=\"summary_large_image\" \/>\n<meta name=\"twitter:label1\" content=\"Escrito por\" \/>\n\t<meta name=\"twitter:data1\" content=\"Denise Kling\" \/>\n\t<meta name=\"twitter:label2\" content=\"Tiempo de lectura\" \/>\n\t<meta name=\"twitter:data2\" content=\"24 minutos\" \/>\n<script type=\"application\/ld+json\" class=\"yoast-schema-graph\">{\"@context\":\"https:\\\/\\\/schema.org\",\"@graph\":[{\"@type\":\"Article\",\"@id\":\"https:\\\/\\\/www.un.org\\\/pga\\\/74\\\/2019\\\/12\\\/10\\\/25th-conference-of-the-parties-to-the-united-nations-framework-convention-on-climate-change-cop-25\\\/#article\",\"isPartOf\":{\"@id\":\"https:\\\/\\\/www.un.org\\\/pga\\\/74\\\/2019\\\/12\\\/10\\\/25th-conference-of-the-parties-to-the-united-nations-framework-convention-on-climate-change-cop-25\\\/\"},\"author\":{\"name\":\"Denise Kling\",\"@id\":\"https:\\\/\\\/www.un.org\\\/pga\\\/74\\\/#\\\/schema\\\/person\\\/af470bea9354ed1b453ade6d22b5c9ee\"},\"headline\":\"APERTURA DE LA SERIE DE SESIONES DE ALTO NIVEL 25\u00aa CONFERENCIA DE LAS PARTES EN LA CONVENCI\u00d3N MARCO DE LAS NACIONES Ä¢¹½ÊÓÆµIDAS SOBRE EL CAMBIO CLIM\u00c1TICO (CP 25)\",\"datePublished\":\"2019-12-10T12:41:00+00:00\",\"dateModified\":\"2020-09-10T11:44:56+00:00\",\"mainEntityOfPage\":{\"@id\":\"https:\\\/\\\/www.un.org\\\/pga\\\/74\\\/2019\\\/12\\\/10\\\/25th-conference-of-the-parties-to-the-united-nations-framework-convention-on-climate-change-cop-25\\\/\"},\"wordCount\":4734,\"image\":{\"@id\":\"https:\\\/\\\/www.un.org\\\/pga\\\/74\\\/2019\\\/12\\\/10\\\/25th-conference-of-the-parties-to-the-united-nations-framework-convention-on-climate-change-cop-25\\\/#primaryimage\"},\"thumbnailUrl\":\"https:\\\/\\\/www.un.org\\\/pga\\\/wp-content\\\/uploads\\\/sites\\\/99\\\/2019\\\/12\\\/cop25.jpg\",\"articleSection\":[\"Statements\"],\"inLanguage\":\"es\"},{\"@type\":\"WebPage\",\"@id\":\"https:\\\/\\\/www.un.org\\\/pga\\\/74\\\/2019\\\/12\\\/10\\\/25th-conference-of-the-parties-to-the-united-nations-framework-convention-on-climate-change-cop-25\\\/\",\"url\":\"https:\\\/\\\/www.un.org\\\/pga\\\/74\\\/2019\\\/12\\\/10\\\/25th-conference-of-the-parties-to-the-united-nations-framework-convention-on-climate-change-cop-25\\\/\",\"name\":\"APERTURA DE LA SERIE DE SESIONES DE ALTO NIVEL 25\u00aa CONFERENCIA DE LAS PARTES EN LA CONVENCI\u00d3N MARCO DE LAS NACIONES Ä¢¹½ÊÓÆµIDAS SOBRE EL CAMBIO CLIM\u00c1TICO (CP 25) - Asamblea General de las Naciones Unidas\",\"isPartOf\":{\"@id\":\"https:\\\/\\\/www.un.org\\\/pga\\\/74\\\/#website\"},\"primaryImageOfPage\":{\"@id\":\"https:\\\/\\\/www.un.org\\\/pga\\\/74\\\/2019\\\/12\\\/10\\\/25th-conference-of-the-parties-to-the-united-nations-framework-convention-on-climate-change-cop-25\\\/#primaryimage\"},\"image\":{\"@id\":\"https:\\\/\\\/www.un.org\\\/pga\\\/74\\\/2019\\\/12\\\/10\\\/25th-conference-of-the-parties-to-the-united-nations-framework-convention-on-climate-change-cop-25\\\/#primaryimage\"},\"thumbnailUrl\":\"https:\\\/\\\/www.un.org\\\/pga\\\/wp-content\\\/uploads\\\/sites\\\/99\\\/2019\\\/12\\\/cop25.jpg\",\"datePublished\":\"2019-12-10T12:41:00+00:00\",\"dateModified\":\"2020-09-10T11:44:56+00:00\",\"author\":{\"@id\":\"https:\\\/\\\/www.un.org\\\/pga\\\/74\\\/#\\\/schema\\\/person\\\/af470bea9354ed1b453ade6d22b5c9ee\"},\"breadcrumb\":{\"@id\":\"https:\\\/\\\/www.un.org\\\/pga\\\/74\\\/2019\\\/12\\\/10\\\/25th-conference-of-the-parties-to-the-united-nations-framework-convention-on-climate-change-cop-25\\\/#breadcrumb\"},\"inLanguage\":\"es\",\"potentialAction\":[{\"@type\":\"ReadAction\",\"target\":[\"https:\\\/\\\/www.un.org\\\/pga\\\/74\\\/2019\\\/12\\\/10\\\/25th-conference-of-the-parties-to-the-united-nations-framework-convention-on-climate-change-cop-25\\\/\"]}]},{\"@type\":\"ImageObject\",\"inLanguage\":\"es\",\"@id\":\"https:\\\/\\\/www.un.org\\\/pga\\\/74\\\/2019\\\/12\\\/10\\\/25th-conference-of-the-parties-to-the-united-nations-framework-convention-on-climate-change-cop-25\\\/#primaryimage\",\"url\":\"https:\\\/\\\/www.un.org\\\/pga\\\/wp-content\\\/uploads\\\/sites\\\/99\\\/2019\\\/12\\\/cop25.jpg\",\"contentUrl\":\"https:\\\/\\\/www.un.org\\\/pga\\\/wp-content\\\/uploads\\\/sites\\\/99\\\/2019\\\/12\\\/cop25.jpg\",\"width\":1024,\"height\":593},{\"@type\":\"BreadcrumbList\",\"@id\":\"https:\\\/\\\/www.un.org\\\/pga\\\/74\\\/2019\\\/12\\\/10\\\/25th-conference-of-the-parties-to-the-united-nations-framework-convention-on-climate-change-cop-25\\\/#breadcrumb\",\"itemListElement\":[{\"@type\":\"ListItem\",\"position\":1,\"name\":\"Home\",\"item\":\"https:\\\/\\\/www.un.org\\\/pga\\\/74\\\/es\\\/\"},{\"@type\":\"ListItem\",\"position\":2,\"name\":\"APERTURA DE LA SERIE DE SESIONES DE ALTO NIVEL 25\u00aa CONFERENCIA DE LAS PARTES EN LA CONVENCI\u00d3N MARCO DE LAS NACIONES Ä¢¹½ÊÓÆµIDAS SOBRE EL CAMBIO CLIM\u00c1TICO (CP 25)\"}]},{\"@type\":\"WebSite\",\"@id\":\"https:\\\/\\\/www.un.org\\\/pga\\\/74\\\/#website\",\"url\":\"https:\\\/\\\/www.un.org\\\/pga\\\/74\\\/\",\"name\":\"Asamblea General de las Naciones Unidas\",\"description\":\"Presidente del 74\u00b0 per\u00edodo de sesiones\",\"potentialAction\":[{\"@type\":\"SearchAction\",\"target\":{\"@type\":\"EntryPoint\",\"urlTemplate\":\"https:\\\/\\\/www.un.org\\\/pga\\\/74\\\/?s={search_term_string}\"},\"query-input\":{\"@type\":\"PropertyValueSpecification\",\"valueRequired\":true,\"valueName\":\"search_term_string\"}}],\"inLanguage\":\"es\"},{\"@type\":\"Person\",\"@id\":\"https:\\\/\\\/www.un.org\\\/pga\\\/74\\\/#\\\/schema\\\/person\\\/af470bea9354ed1b453ade6d22b5c9ee\",\"name\":\"Denise Kling\",\"image\":{\"@type\":\"ImageObject\",\"inLanguage\":\"es\",\"@id\":\"https:\\\/\\\/secure.gravatar.com\\\/avatar\\\/b5fdae9d2ae28ca0f434202f2c9b6f29640a2b757fdbaa4592687900a399db3d?s=96&d=mm&r=g\",\"url\":\"https:\\\/\\\/secure.gravatar.com\\\/avatar\\\/b5fdae9d2ae28ca0f434202f2c9b6f29640a2b757fdbaa4592687900a399db3d?s=96&d=mm&r=g\",\"contentUrl\":\"https:\\\/\\\/secure.gravatar.com\\\/avatar\\\/b5fdae9d2ae28ca0f434202f2c9b6f29640a2b757fdbaa4592687900a399db3d?s=96&d=mm&r=g\",\"caption\":\"Denise Kling\"},\"url\":\"https:\\\/\\\/www.un.org\\\/pga\\\/74\\\/es\\\/author\\\/denise-klingun-org\\\/\"}]}<\/script>\n<!-- \/ Yoast SEO plugin. -->","yoast_head_json":{"title":"APERTURA DE LA SERIE DE SESIONES DE ALTO NIVEL 25\u00aa CONFERENCIA DE LAS PARTES EN LA CONVENCI\u00d3N MARCO DE LAS NACIONES Ä¢¹½ÊÓÆµIDAS SOBRE EL CAMBIO CLIM\u00c1TICO (CP 25) - Asamblea General de las Naciones Unidas","robots":{"index":"index","follow":"follow","max-snippet":"max-snippet:-1","max-image-preview":"max-image-preview:large","max-video-preview":"max-video-preview:-1"},"canonical":"https:\/\/www.un.org\/pga\/74\/2019\/12\/10\/25th-conference-of-the-parties-to-the-united-nations-framework-convention-on-climate-change-cop-25\/","og_locale":"es_ES","og_type":"article","og_title":"APERTURA DE LA SERIE DE SESIONES DE ALTO NIVEL 25\u00aa CONFERENCIA DE LAS PARTES EN LA CONVENCI\u00d3N MARCO DE LAS NACIONES Ä¢¹½ÊÓÆµIDAS SOBRE EL CAMBIO CLIM\u00c1TICO (CP 25) - Asamblea General de las Naciones Unidas","og_description":"Observaciones del Excmo. Sr. Tijjani Muhammad-Bande, Presidente de la Asamblea General: 25\u00aa CONFERENCIA DE LAS PARTES EN LA CONVENCI\u00d3N MARCO DE LAS NACIONES Ä¢¹½ÊÓÆµIDAS SOBRE EL CAMBIO CLIM\u00c1TICO (CP 25)","og_url":"https:\/\/www.un.org\/pga\/74\/2019\/12\/10\/25th-conference-of-the-parties-to-the-united-nations-framework-convention-on-climate-change-cop-25\/","og_site_name":"Asamblea General de las Naciones Unidas","article_published_time":"2019-12-10T12:41:00+00:00","article_modified_time":"2020-09-10T11:44:56+00:00","og_image":[{"width":1024,"height":593,"url":"https:\/\/www.un.org\/pga\/wp-content\/uploads\/sites\/99\/2019\/12\/cop25.jpg","type":"image\/jpeg"}],"author":"Denise Kling","twitter_card":"summary_large_image","twitter_misc":{"Escrito por":"Denise Kling","Tiempo de lectura":"24 minutos"},"schema":{"@context":"https:\/\/schema.org","@graph":[{"@type":"Article","@id":"https:\/\/www.un.org\/pga\/74\/2019\/12\/10\/25th-conference-of-the-parties-to-the-united-nations-framework-convention-on-climate-change-cop-25\/#article","isPartOf":{"@id":"https:\/\/www.un.org\/pga\/74\/2019\/12\/10\/25th-conference-of-the-parties-to-the-united-nations-framework-convention-on-climate-change-cop-25\/"},"author":{"name":"Denise Kling","@id":"https:\/\/www.un.org\/pga\/74\/#\/schema\/person\/af470bea9354ed1b453ade6d22b5c9ee"},"headline":"APERTURA DE LA SERIE DE SESIONES DE ALTO NIVEL 25\u00aa CONFERENCIA DE LAS PARTES EN LA CONVENCI\u00d3N MARCO DE LAS NACIONES Ä¢¹½ÊÓÆµIDAS SOBRE EL CAMBIO CLIM\u00c1TICO (CP 25)","datePublished":"2019-12-10T12:41:00+00:00","dateModified":"2020-09-10T11:44:56+00:00","mainEntityOfPage":{"@id":"https:\/\/www.un.org\/pga\/74\/2019\/12\/10\/25th-conference-of-the-parties-to-the-united-nations-framework-convention-on-climate-change-cop-25\/"},"wordCount":4734,"image":{"@id":"https:\/\/www.un.org\/pga\/74\/2019\/12\/10\/25th-conference-of-the-parties-to-the-united-nations-framework-convention-on-climate-change-cop-25\/#primaryimage"},"thumbnailUrl":"https:\/\/www.un.org\/pga\/wp-content\/uploads\/sites\/99\/2019\/12\/cop25.jpg","articleSection":["Statements"],"inLanguage":"es"},{"@type":"WebPage","@id":"https:\/\/www.un.org\/pga\/74\/2019\/12\/10\/25th-conference-of-the-parties-to-the-united-nations-framework-convention-on-climate-change-cop-25\/","url":"https:\/\/www.un.org\/pga\/74\/2019\/12\/10\/25th-conference-of-the-parties-to-the-united-nations-framework-convention-on-climate-change-cop-25\/","name":"APERTURA DE LA SERIE DE SESIONES DE ALTO NIVEL 25\u00aa CONFERENCIA DE LAS PARTES EN LA CONVENCI\u00d3N MARCO DE LAS NACIONES Ä¢¹½ÊÓÆµIDAS SOBRE EL CAMBIO CLIM\u00c1TICO (CP 25) - Asamblea General de las Naciones Unidas","isPartOf":{"@id":"https:\/\/www.un.org\/pga\/74\/#website"},"primaryImageOfPage":{"@id":"https:\/\/www.un.org\/pga\/74\/2019\/12\/10\/25th-conference-of-the-parties-to-the-united-nations-framework-convention-on-climate-change-cop-25\/#primaryimage"},"image":{"@id":"https:\/\/www.un.org\/pga\/74\/2019\/12\/10\/25th-conference-of-the-parties-to-the-united-nations-framework-convention-on-climate-change-cop-25\/#primaryimage"},"thumbnailUrl":"https:\/\/www.un.org\/pga\/wp-content\/uploads\/sites\/99\/2019\/12\/cop25.jpg","datePublished":"2019-12-10T12:41:00+00:00","dateModified":"2020-09-10T11:44:56+00:00","author":{"@id":"https:\/\/www.un.org\/pga\/74\/#\/schema\/person\/af470bea9354ed1b453ade6d22b5c9ee"},"breadcrumb":{"@id":"https:\/\/www.un.org\/pga\/74\/2019\/12\/10\/25th-conference-of-the-parties-to-the-united-nations-framework-convention-on-climate-change-cop-25\/#breadcrumb"},"inLanguage":"es","potentialAction":[{"@type":"ReadAction","target":["https:\/\/www.un.org\/pga\/74\/2019\/12\/10\/25th-conference-of-the-parties-to-the-united-nations-framework-convention-on-climate-change-cop-25\/"]}]},{"@type":"ImageObject","inLanguage":"es","@id":"https:\/\/www.un.org\/pga\/74\/2019\/12\/10\/25th-conference-of-the-parties-to-the-united-nations-framework-convention-on-climate-change-cop-25\/#primaryimage","url":"https:\/\/www.un.org\/pga\/wp-content\/uploads\/sites\/99\/2019\/12\/cop25.jpg","contentUrl":"https:\/\/www.un.org\/pga\/wp-content\/uploads\/sites\/99\/2019\/12\/cop25.jpg","width":1024,"height":593},{"@type":"BreadcrumbList","@id":"https:\/\/www.un.org\/pga\/74\/2019\/12\/10\/25th-conference-of-the-parties-to-the-united-nations-framework-convention-on-climate-change-cop-25\/#breadcrumb","itemListElement":[{"@type":"ListItem","position":1,"name":"Home","item":"https:\/\/www.un.org\/pga\/74\/es\/"},{"@type":"ListItem","position":2,"name":"APERTURA DE LA SERIE DE SESIONES DE ALTO NIVEL 25\u00aa CONFERENCIA DE LAS PARTES EN LA CONVENCI\u00d3N MARCO DE LAS NACIONES Ä¢¹½ÊÓÆµIDAS SOBRE EL CAMBIO CLIM\u00c1TICO (CP 25)"}]},{"@type":"WebSite","@id":"https:\/\/www.un.org\/pga\/74\/#website","url":"https:\/\/www.un.org\/pga\/74\/","name":"Asamblea General de las Naciones Unidas","description":"Presidente del 74\u00b0 per\u00edodo de sesiones","potentialAction":[{"@type":"SearchAction","target":{"@type":"EntryPoint","urlTemplate":"https:\/\/www.un.org\/pga\/74\/?s={search_term_string}"},"query-input":{"@type":"PropertyValueSpecification","valueRequired":true,"valueName":"search_term_string"}}],"inLanguage":"es"},{"@type":"Person","@id":"https:\/\/www.un.org\/pga\/74\/#\/schema\/person\/af470bea9354ed1b453ade6d22b5c9ee","name":"Denise Kling","image":{"@type":"ImageObject","inLanguage":"es","@id":"https:\/\/secure.gravatar.com\/avatar\/b5fdae9d2ae28ca0f434202f2c9b6f29640a2b757fdbaa4592687900a399db3d?s=96&d=mm&r=g","url":"https:\/\/secure.gravatar.com\/avatar\/b5fdae9d2ae28ca0f434202f2c9b6f29640a2b757fdbaa4592687900a399db3d?s=96&d=mm&r=g","contentUrl":"https:\/\/secure.gravatar.com\/avatar\/b5fdae9d2ae28ca0f434202f2c9b6f29640a2b757fdbaa4592687900a399db3d?s=96&d=mm&r=g","caption":"Denise Kling"},"url":"https:\/\/www.un.org\/pga\/74\/es\/author\/denise-klingun-org\/"}]}},"_links":{"self":[{"href":"https:\/\/www.un.org\/pga\/74\/es\/wp-json\/wp\/v2\/posts\/230160","targetHints":{"allow":["GET"]}}],"collection":[{"href":"https:\/\/www.un.org\/pga\/74\/es\/wp-json\/wp\/v2\/posts"}],"about":[{"href":"https:\/\/www.un.org\/pga\/74\/es\/wp-json\/wp\/v2\/types\/post"}],"author":[{"embeddable":true,"href":"https:\/\/www.un.org\/pga\/74\/es\/wp-json\/wp\/v2\/users\/266"}],"replies":[{"embeddable":true,"href":"https:\/\/www.un.org\/pga\/74\/es\/wp-json\/wp\/v2\/comments?post=230160"}],"version-history":[{"count":0,"href":"https:\/\/www.un.org\/pga\/74\/es\/wp-json\/wp\/v2\/posts\/230160\/revisions"}],"wp:featuredmedia":[{"embeddable":true,"href":"https:\/\/www.un.org\/pga\/74\/es\/wp-json\/wp\/v2\/media\/194745"}],"wp:attachment":[{"href":"https:\/\/www.un.org\/pga\/74\/es\/wp-json\/wp\/v2\/media?parent=230160"}],"wp:term":[{"taxonomy":"category","embeddable":true,"href":"https:\/\/www.un.org\/pga\/74\/es\/wp-json\/wp\/v2\/categories?post=230160"},{"taxonomy":"post_tag","embeddable":true,"href":"https:\/\/www.un.org\/pga\/74\/es\/wp-json\/wp\/v2\/tags?post=230160"}],"curies":[{"name":"wp","href":"https:\/\/api.w.org\/{rel}","templated":true}]}}