  {"id":230169,"date":"2019-09-23T08:40:39","date_gmt":"2019-09-23T12:40:39","guid":{"rendered":"https:\/\/www.un.org\/pga\/74\/2020\/09\/10\/closing-segment-of-the-high-level-event-on-universal-health-coverage\/"},"modified":"2020-09-10T10:41:43","modified_gmt":"2020-09-10T14:41:43","slug":"closing-segment-of-the-high-level-event-on-universal-health-coverage","status":"publish","type":"post","link":"https:\/\/www.un.org\/pga\/74\/es\/2019\/09\/23\/closing-segment-of-the-high-level-event-on-universal-health-coverage\/","title":{"rendered":"SESI\u00d3N DE CLAUSURA DE LA REÄ¢¹½ÊÓÆµI\u00d3N DE ALTO NIVEL SOBRE LA COBERTURA SANITARIA Ä¢¹½ÊÓÆµIVERSAL"},"content":{"rendered":"<p>[et_pb_section bb_built=\u00bb1&#8243; _builder_version=\u00bb3.22&#8243; _i=\u00bb0&#8243; _address=\u00bb0&#8243; collapsed=\u00bboff\u00bb locked=\u00bboff\u00bb][et_pb_row _builder_version=\u00bb3.25&#8243; background_size=\u00bbinitial\u00bb background_position=\u00bbtop_left\u00bb background_repeat=\u00bbrepeat\u00bb _i=\u00bb0&#8243; _address=\u00bb0.0&#8243;][et_pb_column type=\u00bb4_4&#8243; _builder_version=\u00bb3.25&#8243; custom_padding=\u00bb|||\u00bb _i=\u00bb0&#8243; _address=\u00bb0.0.0&#8243; custom_padding__hover=\u00bb|||\u00bb][et_pb_text _builder_version=\u00bb3.27.4&#8243; background_size=\u00bbinitial\u00bb background_position=\u00bbtop_left\u00bb background_repeat=\u00bbrepeat\u00bb hover_enabled=\u00bb0&#8243; border_style=\u00bbsolid\u00bb _i=\u00bb0&#8243; _address=\u00bb0.0.0.0&#8243; text_text_shadow_horizontal_length=\u00bbtext_text_shadow_style,%91object Object%93&#8243; text_text_shadow_horizontal_length_tablet=\u00bb0px\u00bb text_text_shadow_vertical_length=\u00bbtext_text_shadow_style,%91object Object%93&#8243; text_text_shadow_vertical_length_tablet=\u00bb0px\u00bb text_text_shadow_blur_strength=\u00bbtext_text_shadow_style,%91object Object%93&#8243; text_text_shadow_blur_strength_tablet=\u00bb1px\u00bb link_text_shadow_horizontal_length=\u00bblink_text_shadow_style,%91object Object%93&#8243; link_text_shadow_horizontal_length_tablet=\u00bb0px\u00bb link_text_shadow_vertical_length=\u00bblink_text_shadow_style,%91object Object%93&#8243; link_text_shadow_vertical_length_tablet=\u00bb0px\u00bb link_text_shadow_blur_strength=\u00bblink_text_shadow_style,%91object Object%93&#8243; link_text_shadow_blur_strength_tablet=\u00bb1px\u00bb ul_text_shadow_horizontal_length=\u00bbul_text_shadow_style,%91object Object%93&#8243; ul_text_shadow_horizontal_length_tablet=\u00bb0px\u00bb ul_text_shadow_vertical_length=\u00bbul_text_shadow_style,%91object Object%93&#8243; ul_text_shadow_vertical_length_tablet=\u00bb0px\u00bb ul_text_shadow_blur_strength=\u00bbul_text_shadow_style,%91object Object%93&#8243; ul_text_shadow_blur_strength_tablet=\u00bb1px\u00bb ol_text_shadow_horizontal_length=\u00bbol_text_shadow_style,%91object Object%93&#8243; ol_text_shadow_horizontal_length_tablet=\u00bb0px\u00bb ol_text_shadow_vertical_length=\u00bbol_text_shadow_style,%91object Object%93&#8243; ol_text_shadow_vertical_length_tablet=\u00bb0px\u00bb ol_text_shadow_blur_strength=\u00bbol_text_shadow_style,%91object Object%93&#8243; ol_text_shadow_blur_strength_tablet=\u00bb1px\u00bb quote_text_shadow_horizontal_length=\u00bbquote_text_shadow_style,%91object Object%93&#8243; quote_text_shadow_horizontal_length_tablet=\u00bb0px\u00bb quote_text_shadow_vertical_length=\u00bbquote_text_shadow_style,%91object Object%93&#8243; quote_text_shadow_vertical_length_tablet=\u00bb0px\u00bb quote_text_shadow_blur_strength=\u00bbquote_text_shadow_style,%91object Object%93&#8243; quote_text_shadow_blur_strength_tablet=\u00bb1px\u00bb header_text_shadow_horizontal_length=\u00bbheader_text_shadow_style,%91object Object%93&#8243; header_text_shadow_horizontal_length_tablet=\u00bb0px\u00bb header_text_shadow_vertical_length=\u00bbheader_text_shadow_style,%91object Object%93&#8243; header_text_shadow_vertical_length_tablet=\u00bb0px\u00bb header_text_shadow_blur_strength=\u00bbheader_text_shadow_style,%91object Object%93&#8243; header_text_shadow_blur_strength_tablet=\u00bb1px\u00bb header_2_text_shadow_horizontal_length=\u00bbheader_2_text_shadow_style,%91object Object%93&#8243; header_2_text_shadow_horizontal_length_tablet=\u00bb0px\u00bb header_2_text_shadow_vertical_length=\u00bbheader_2_text_shadow_style,%91object Object%93&#8243; header_2_text_shadow_vertical_length_tablet=\u00bb0px\u00bb header_2_text_shadow_blur_strength=\u00bbheader_2_text_shadow_style,%91object Object%93&#8243; header_2_text_shadow_blur_strength_tablet=\u00bb1px\u00bb header_3_text_shadow_horizontal_length=\u00bbheader_3_text_shadow_style,%91object Object%93&#8243; header_3_text_shadow_horizontal_length_tablet=\u00bb0px\u00bb header_3_text_shadow_vertical_length=\u00bbheader_3_text_shadow_style,%91object Object%93&#8243; header_3_text_shadow_vertical_length_tablet=\u00bb0px\u00bb header_3_text_shadow_blur_strength=\u00bbheader_3_text_shadow_style,%91object Object%93&#8243; header_3_text_shadow_blur_strength_tablet=\u00bb1px\u00bb header_4_text_shadow_horizontal_length=\u00bbheader_4_text_shadow_style,%91object Object%93&#8243; header_4_text_shadow_horizontal_length_tablet=\u00bb0px\u00bb header_4_text_shadow_vertical_length=\u00bbheader_4_text_shadow_style,%91object Object%93&#8243; header_4_text_shadow_vertical_length_tablet=\u00bb0px\u00bb header_4_text_shadow_blur_strength=\u00bbheader_4_text_shadow_style,%91object Object%93&#8243; header_4_text_shadow_blur_strength_tablet=\u00bb1px\u00bb header_5_text_shadow_horizontal_length=\u00bbheader_5_text_shadow_style,%91object Object%93&#8243; header_5_text_shadow_horizontal_length_tablet=\u00bb0px\u00bb header_5_text_shadow_vertical_length=\u00bbheader_5_text_shadow_style,%91object Object%93&#8243; header_5_text_shadow_vertical_length_tablet=\u00bb0px\u00bb header_5_text_shadow_blur_strength=\u00bbheader_5_text_shadow_style,%91object Object%93&#8243; header_5_text_shadow_blur_strength_tablet=\u00bb1px\u00bb header_6_text_shadow_horizontal_length=\u00bbheader_6_text_shadow_style,%91object Object%93&#8243; header_6_text_shadow_horizontal_length_tablet=\u00bb0px\u00bb header_6_text_shadow_vertical_length=\u00bbheader_6_text_shadow_style,%91object Object%93&#8243; header_6_text_shadow_vertical_length_tablet=\u00bb0px\u00bb header_6_text_shadow_blur_strength=\u00bbheader_6_text_shadow_style,%91object Object%93&#8243; header_6_text_shadow_blur_strength_tablet=\u00bb1px\u00bb box_shadow_horizontal_tablet=\u00bb0px\u00bb box_shadow_vertical_tablet=\u00bb0px\u00bb box_shadow_blur_tablet=\u00bb40px\u00bb box_shadow_spread_tablet=\u00bb0px\u00bb z_index_tablet=\u00bb500&#8243;]<\/p>\n<p style=\"text-align: center\"><em>Transcripci\u00f3n del discurso pronunciado<\/em><\/p>\n<p style=\"text-align: center\"><strong><em>\u00a0<\/em><\/strong><\/p>\n<h3>Declaraci\u00f3n del Excmo. Sr. Tijjani Muhammad Bande, Presidente del septuag\u00e9simo cuarto per\u00edodo de sesiones de la Asamblea General de las Naciones Unidas<\/h3>\n<p><strong><span class=\"updated\">23 de septiembre de 2019<\/span><\/strong><\/p>\n<p><img loading=\"lazy\" decoding=\"async\" class=\"alignleft wp-image-187435 \" src=\"https:\/\/www.un.org\/pga\/74\/wp-content\/uploads\/sites\/99\/2019\/09\/Capture-9-1024x677.png\" alt=\"\" width=\"400\" height=\"264\" srcset=\"https:\/\/www.un.org\/pga\/wp-content\/uploads\/sites\/99\/2019\/09\/Capture-9-1024x677.png 1024w, https:\/\/www.un.org\/pga\/wp-content\/uploads\/sites\/99\/2019\/09\/Capture-9-300x198.png 300w, https:\/\/www.un.org\/pga\/wp-content\/uploads\/sites\/99\/2019\/09\/Capture-9-768x508.png 768w, https:\/\/www.un.org\/pga\/wp-content\/uploads\/sites\/99\/2019\/09\/Capture-9-1080x714.png 1080w, https:\/\/www.un.org\/pga\/wp-content\/uploads\/sites\/99\/2019\/09\/Capture-9.png 1254w\" sizes=\"(max-width: 400px) 100vw, 400px\" \/><\/p>\n<p>Jefes y Jefas de Estado y de Gobierno,<\/p>\n<p>Secretario General de las Naciones Unidas,<\/p>\n<p>Director General de la Organizaci\u00f3n Mundial de la Salud,<\/p>\n<p>Presidente del Grupo Banco Mundial,<\/p>\n<p>Palad\u00edn de alto nivel de la cobertura sanitaria universal,<\/p>\n<p>Excelencias,<\/p>\n<p>Distinguidas delegaciones:<\/p>\n<p>Me complace darles la bienvenida esta ma\u00f1ana al evento de alto nivel sobre la cobertura sanitaria universal y espero con inter\u00e9s escuchar sus opiniones sobre este tema esencial.<\/p>\n<p>El acceso a servicios de salud de calidad debe ser un derecho universal y no un privilegio. Es bien sabido que la inversi\u00f3n en salud aportar\u00e1 importantes beneficios econ\u00f3micos a las personas y las sociedades, y debemos hacer todo lo posible para que las naciones de todo el mundo se beneficien mutuamente de la formaci\u00f3n m\u00e9dica y la provisi\u00f3n de infraestructura m\u00e9dica, entre otras cosas, si queremos lograr los Objetivos de Desarrollo Sostenible que hemos acordado.<\/p>\n<p>El objetivo de la cobertura sanitaria universal es fortalecer nuestros sistemas de salud, empezando por la atenci\u00f3n primaria. Debemos seguir trabajando para garantizar que todas las personas gocen de una vida m\u00e1s sana, velando por que tengan acceso, entre otras cosas, a servicios asequibles de salud preventiva, curativa y de rehabilitaci\u00f3n. Por lo tanto, debemos seguir centr\u00e1ndonos en la prevenci\u00f3n de enfermedades y en la accesibilidad y disponibilidad de diagn\u00f3sticos, medicamentos y vacunas.<\/p>\n<p>Si bien cada naci\u00f3n tiene sus propias prioridades y necesidades, estas \u00faltimas se atienden mejor cuando la cooperaci\u00f3n internacional es s\u00f3lida. La cooperaci\u00f3n, por ejemplo, como la que dirigen la Organizaci\u00f3n Mundial de la Salud y sus asociados, ha dado magn\u00edficos resultados. Los gobiernos de todo el mundo deben alentar tambi\u00e9n a las organizaciones locales dedicadas a llevar los beneficios de la atenci\u00f3n sanitaria a la poblaci\u00f3n. Para ello, es importante que la atenci\u00f3n se centre en la calidad y la financiaci\u00f3n de la atenci\u00f3n sanitaria para garantizar que los servicios prestados se traduzcan en sociedades m\u00e1s sanas, algo esencial para reforzar la econom\u00eda, en particular a trav\u00e9s del capital humano m\u00e1s sano que puede ofrecer.<br \/>\nExcelencias,<br \/>\nDistinguidas delegaciones:<\/p>\n<p>Los Estados Miembros deben seguir apoy\u00e1ndose mutuamente para lograr servicios de salud de calidad, incluido el acceso a una atenci\u00f3n integrada, eficiente, segura y centrada en las personas. No cabe duda de que la erradicaci\u00f3n de la viruela sigue siendo uno de los mayores triunfos de la humanidad. Uno de los logros destacados ha sido la campa\u00f1a de inmunizaci\u00f3n infantil en los pa\u00edses en desarrollo contra las temidas enfermedades de la infancia, en particular la difteria, la tosferina y la poliomielitis. Tal vez el mayor efecto se haya logrado gracias a la influencia en la medicina de salud p\u00fablica, en particular el \u00e9nfasis en las soluciones comunitarias, que ofrecen m\u00e1s flexibilidad que la atenci\u00f3n sanitaria hospitalaria, a la que, al mismo tiempo, sirven de apoyo; esto ha revolucionado el dise\u00f1o de los servicios de salud en todo el mundo.<\/p>\n<p>No hay duda de que han surgido nuevos desaf\u00edos que complican los ya existentes. Hay cambios demogr\u00e1ficos, como el envejecimiento de la poblaci\u00f3n acompa\u00f1ado de un aumento masivo del n\u00famero de ni\u00f1os y ni\u00f1as, que supone un nuevo reto al que debemos enfrentarnos. Adem\u00e1s, hay factores sociales y ambientales como la calidad del agua, la contaminaci\u00f3n, la vivienda deficiente y el suministro de medicinas con enormes repercusiones para la vida y que deben examinarse.<\/p>\n<p>Los efectos del cambio clim\u00e1tico y sus consecuencias en cuanto a la prestaci\u00f3n de servicios de salud son ingentes y merecen una atenci\u00f3n especial. La mayor resistencia a los antibi\u00f3ticos y la aparici\u00f3n de las bacterias superresistentes son tambi\u00e9n motivo de preocupaci\u00f3n. De hecho, est\u00e1 cada vez m\u00e1s difundida la opini\u00f3n de que esto puede suponer, en \u00faltima instancia, una amenaza a\u00fan mayor para la humanidad. Es fundamental actuar urgentemente, por lo tanto, y no debemos dejar de hacer lo correcto.<\/p>\n<p>Solo lograremos correctamente la verdadera atenci\u00f3n sanitaria universal si seguimos cooperando y haciendo lo necesario, como mejorar la infraestructura, por ejemplo, el transporte, para que las personas puedan llegar a los centros m\u00e9dicos con relativa facilidad. Las oportunidades que brindan los avances en la tecnolog\u00eda, as\u00ed como la revoluci\u00f3n de la informaci\u00f3n, tambi\u00e9n deben aprovecharse plenamente tanto en la educaci\u00f3n sanitaria como en la provisi\u00f3n de servicios de salud.<\/p>\n<p>El viejo adagio m\u00e9dico de que m\u00e1s vale prevenir que lamentar sigue siendo v\u00e1lido hoy, m\u00e1s que nunca si cabe. Por lo tanto, debemos seguir invirtiendo en la investigaci\u00f3n para estar mejor preparados en cuanto a la prevenci\u00f3n de enfermedades, entre otras mejoras.<br \/>\nExcelencias, se\u00f1oras y se\u00f1ores:<\/p>\n<p>En conclusi\u00f3n, los desaf\u00edos a los que nos enfrentamos son enormes y no deben ser subestimados, pero conf\u00edo en que, si mantenemos y reforzamos la cooperaci\u00f3n internacional y aprovechamos las oportunidades ya disponibles, creando al mismo tiempo otras nuevas, podremos superarlos \u2013 JÄ¢¹½ÊÓÆµTOS.<\/p>\n<p>Muchas gracias.<\/p>\n<p><a href=\"https:\/\/www.un.org\/pga\/74\/wp-content\/uploads\/sites\/99\/2020\/09\/2007351S.UCH_.pdf\"><em>Puede descargarse la declaraci\u00f3n en formato PDF<\/em><\/a><\/p>\n<p>[\/et_pb_text][\/et_pb_column][\/et_pb_row][\/et_pb_section]<\/p>\n","protected":false},"excerpt":{"rendered":"<p>Declaraci\u00f3n del Excmo. Sr. Tijjani Muhammad Bande, Presidente del septuag\u00e9simo cuarto per\u00edodo de sesiones de la Asamblea General de las Naciones Unidas: SESI\u00d3N DE CLAUSURA DE LA REÄ¢¹½ÊÓÆµI\u00d3N DE ALTO NIVEL SOBRE LA COBERTURA SANITARIA Ä¢¹½ÊÓÆµIVERSAL<\/p>\n","protected":false},"author":266,"featured_media":187450,"comment_status":"closed","ping_status":"closed","sticky":false,"template":"","format":"standard","meta":{"_et_pb_use_builder":"on","_et_pb_old_content":"","_et_gb_content_width":"","footnotes":"","_links_to":"","_links_to_target":""},"categories":[418],"tags":[],"class_list":["post-230169","post","type-post","status-publish","format-standard","has-post-thumbnail","hentry","category-statements-es","et-has-post-format-content","et_post_format-et-post-format-standard"],"yoast_head":"<!-- This site is optimized with the Yoast SEO plugin v28.3 - https:\/\/yoast.com\/product\/yoast-seo-wordpress\/ -->\n<title>SESI\u00d3N DE CLAUSURA DE LA REÄ¢¹½ÊÓÆµI\u00d3N DE ALTO NIVEL SOBRE LA COBERTURA SANITARIA Ä¢¹½ÊÓÆµIVERSAL - Asamblea General de las Naciones Unidas<\/title>\n<meta name=\"robots\" content=\"index, follow, max-snippet:-1, max-image-preview:large, max-video-preview:-1\" \/>\n<link rel=\"canonical\" href=\"https:\/\/www.un.org\/pga\/74\/2019\/09\/23\/closing-segment-of-the-high-level-event-on-universal-health-coverage\/\" \/>\n<meta property=\"og:locale\" content=\"es_ES\" \/>\n<meta property=\"og:type\" content=\"article\" \/>\n<meta property=\"og:title\" content=\"SESI\u00d3N DE CLAUSURA DE LA REÄ¢¹½ÊÓÆµI\u00d3N DE ALTO NIVEL SOBRE LA COBERTURA SANITARIA Ä¢¹½ÊÓÆµIVERSAL - Asamblea General de las Naciones Unidas\" \/>\n<meta property=\"og:description\" content=\"Declaraci\u00f3n del Excmo. Sr. Tijjani Muhammad Bande, Presidente del septuag\u00e9simo cuarto per\u00edodo de sesiones de la Asamblea General de las Naciones Unidas: SESI\u00d3N DE CLAUSURA DE LA REÄ¢¹½ÊÓÆµI\u00d3N DE ALTO NIVEL SOBRE LA COBERTURA SANITARIA Ä¢¹½ÊÓÆµIVERSAL\" \/>\n<meta property=\"og:url\" content=\"https:\/\/www.un.org\/pga\/74\/2019\/09\/23\/closing-segment-of-the-high-level-event-on-universal-health-coverage\/\" \/>\n<meta property=\"og:site_name\" content=\"Asamblea General de las Naciones Unidas\" \/>\n<meta property=\"article:published_time\" content=\"2019-09-23T12:40:39+00:00\" \/>\n<meta property=\"article:modified_time\" content=\"2020-09-10T14:41:43+00:00\" \/>\n<meta property=\"og:image\" content=\"https:\/\/www.un.org\/pga\/wp-content\/uploads\/sites\/99\/2019\/09\/Capture-9-1024x677.png\" \/>\n\t<meta property=\"og:image:width\" content=\"1024\" \/>\n\t<meta property=\"og:image:height\" content=\"677\" \/>\n\t<meta property=\"og:image:type\" content=\"image\/png\" \/>\n<meta name=\"author\" content=\"Denise Kling\" \/>\n<meta name=\"twitter:card\" content=\"summary_large_image\" \/>\n<meta name=\"twitter:label1\" content=\"Escrito por\" \/>\n\t<meta name=\"twitter:data1\" content=\"Denise Kling\" \/>\n\t<meta name=\"twitter:label2\" content=\"Tiempo de lectura\" \/>\n\t<meta name=\"twitter:data2\" content=\"8 minutos\" \/>\n<script type=\"application\/ld+json\" class=\"yoast-schema-graph\">{\"@context\":\"https:\\\/\\\/schema.org\",\"@graph\":[{\"@type\":\"Article\",\"@id\":\"https:\\\/\\\/www.un.org\\\/pga\\\/74\\\/2019\\\/09\\\/23\\\/closing-segment-of-the-high-level-event-on-universal-health-coverage\\\/#article\",\"isPartOf\":{\"@id\":\"https:\\\/\\\/www.un.org\\\/pga\\\/74\\\/2019\\\/09\\\/23\\\/closing-segment-of-the-high-level-event-on-universal-health-coverage\\\/\"},\"author\":{\"name\":\"Denise Kling\",\"@id\":\"https:\\\/\\\/www.un.org\\\/pga\\\/74\\\/#\\\/schema\\\/person\\\/af470bea9354ed1b453ade6d22b5c9ee\"},\"headline\":\"SESI\u00d3N DE CLAUSURA DE LA REÄ¢¹½ÊÓÆµI\u00d3N DE ALTO NIVEL SOBRE LA COBERTURA SANITARIA Ä¢¹½ÊÓÆµIVERSAL\",\"datePublished\":\"2019-09-23T12:40:39+00:00\",\"dateModified\":\"2020-09-10T14:41:43+00:00\",\"mainEntityOfPage\":{\"@id\":\"https:\\\/\\\/www.un.org\\\/pga\\\/74\\\/2019\\\/09\\\/23\\\/closing-segment-of-the-high-level-event-on-universal-health-coverage\\\/\"},\"wordCount\":1622,\"image\":{\"@id\":\"https:\\\/\\\/www.un.org\\\/pga\\\/74\\\/2019\\\/09\\\/23\\\/closing-segment-of-the-high-level-event-on-universal-health-coverage\\\/#primaryimage\"},\"thumbnailUrl\":\"https:\\\/\\\/www.un.org\\\/pga\\\/wp-content\\\/uploads\\\/sites\\\/99\\\/2019\\\/09\\\/Capture-9.png\",\"articleSection\":[\"Statements\"],\"inLanguage\":\"es\"},{\"@type\":\"WebPage\",\"@id\":\"https:\\\/\\\/www.un.org\\\/pga\\\/74\\\/2019\\\/09\\\/23\\\/closing-segment-of-the-high-level-event-on-universal-health-coverage\\\/\",\"url\":\"https:\\\/\\\/www.un.org\\\/pga\\\/74\\\/2019\\\/09\\\/23\\\/closing-segment-of-the-high-level-event-on-universal-health-coverage\\\/\",\"name\":\"SESI\u00d3N DE CLAUSURA DE LA REÄ¢¹½ÊÓÆµI\u00d3N DE ALTO NIVEL SOBRE LA COBERTURA SANITARIA Ä¢¹½ÊÓÆµIVERSAL - Asamblea General de las Naciones Unidas\",\"isPartOf\":{\"@id\":\"https:\\\/\\\/www.un.org\\\/pga\\\/74\\\/#website\"},\"primaryImageOfPage\":{\"@id\":\"https:\\\/\\\/www.un.org\\\/pga\\\/74\\\/2019\\\/09\\\/23\\\/closing-segment-of-the-high-level-event-on-universal-health-coverage\\\/#primaryimage\"},\"image\":{\"@id\":\"https:\\\/\\\/www.un.org\\\/pga\\\/74\\\/2019\\\/09\\\/23\\\/closing-segment-of-the-high-level-event-on-universal-health-coverage\\\/#primaryimage\"},\"thumbnailUrl\":\"https:\\\/\\\/www.un.org\\\/pga\\\/wp-content\\\/uploads\\\/sites\\\/99\\\/2019\\\/09\\\/Capture-9.png\",\"datePublished\":\"2019-09-23T12:40:39+00:00\",\"dateModified\":\"2020-09-10T14:41:43+00:00\",\"author\":{\"@id\":\"https:\\\/\\\/www.un.org\\\/pga\\\/74\\\/#\\\/schema\\\/person\\\/af470bea9354ed1b453ade6d22b5c9ee\"},\"breadcrumb\":{\"@id\":\"https:\\\/\\\/www.un.org\\\/pga\\\/74\\\/2019\\\/09\\\/23\\\/closing-segment-of-the-high-level-event-on-universal-health-coverage\\\/#breadcrumb\"},\"inLanguage\":\"es\",\"potentialAction\":[{\"@type\":\"ReadAction\",\"target\":[\"https:\\\/\\\/www.un.org\\\/pga\\\/74\\\/2019\\\/09\\\/23\\\/closing-segment-of-the-high-level-event-on-universal-health-coverage\\\/\"]}]},{\"@type\":\"ImageObject\",\"inLanguage\":\"es\",\"@id\":\"https:\\\/\\\/www.un.org\\\/pga\\\/74\\\/2019\\\/09\\\/23\\\/closing-segment-of-the-high-level-event-on-universal-health-coverage\\\/#primaryimage\",\"url\":\"https:\\\/\\\/www.un.org\\\/pga\\\/wp-content\\\/uploads\\\/sites\\\/99\\\/2019\\\/09\\\/Capture-9.png\",\"contentUrl\":\"https:\\\/\\\/www.un.org\\\/pga\\\/wp-content\\\/uploads\\\/sites\\\/99\\\/2019\\\/09\\\/Capture-9.png\",\"width\":1254,\"height\":829},{\"@type\":\"BreadcrumbList\",\"@id\":\"https:\\\/\\\/www.un.org\\\/pga\\\/74\\\/2019\\\/09\\\/23\\\/closing-segment-of-the-high-level-event-on-universal-health-coverage\\\/#breadcrumb\",\"itemListElement\":[{\"@type\":\"ListItem\",\"position\":1,\"name\":\"Home\",\"item\":\"https:\\\/\\\/www.un.org\\\/pga\\\/74\\\/es\\\/\"},{\"@type\":\"ListItem\",\"position\":2,\"name\":\"SESI\u00d3N DE CLAUSURA DE LA REÄ¢¹½ÊÓÆµI\u00d3N DE ALTO NIVEL SOBRE LA COBERTURA SANITARIA Ä¢¹½ÊÓÆµIVERSAL\"}]},{\"@type\":\"WebSite\",\"@id\":\"https:\\\/\\\/www.un.org\\\/pga\\\/74\\\/#website\",\"url\":\"https:\\\/\\\/www.un.org\\\/pga\\\/74\\\/\",\"name\":\"Asamblea General de las Naciones Unidas\",\"description\":\"Presidente del 74\u00b0 per\u00edodo de sesiones\",\"potentialAction\":[{\"@type\":\"SearchAction\",\"target\":{\"@type\":\"EntryPoint\",\"urlTemplate\":\"https:\\\/\\\/www.un.org\\\/pga\\\/74\\\/?s={search_term_string}\"},\"query-input\":{\"@type\":\"PropertyValueSpecification\",\"valueRequired\":true,\"valueName\":\"search_term_string\"}}],\"inLanguage\":\"es\"},{\"@type\":\"Person\",\"@id\":\"https:\\\/\\\/www.un.org\\\/pga\\\/74\\\/#\\\/schema\\\/person\\\/af470bea9354ed1b453ade6d22b5c9ee\",\"name\":\"Denise Kling\",\"image\":{\"@type\":\"ImageObject\",\"inLanguage\":\"es\",\"@id\":\"https:\\\/\\\/secure.gravatar.com\\\/avatar\\\/b5fdae9d2ae28ca0f434202f2c9b6f29640a2b757fdbaa4592687900a399db3d?s=96&d=mm&r=g\",\"url\":\"https:\\\/\\\/secure.gravatar.com\\\/avatar\\\/b5fdae9d2ae28ca0f434202f2c9b6f29640a2b757fdbaa4592687900a399db3d?s=96&d=mm&r=g\",\"contentUrl\":\"https:\\\/\\\/secure.gravatar.com\\\/avatar\\\/b5fdae9d2ae28ca0f434202f2c9b6f29640a2b757fdbaa4592687900a399db3d?s=96&d=mm&r=g\",\"caption\":\"Denise Kling\"},\"url\":\"https:\\\/\\\/www.un.org\\\/pga\\\/74\\\/es\\\/author\\\/denise-klingun-org\\\/\"}]}<\/script>\n<!-- \/ Yoast SEO plugin. -->","yoast_head_json":{"title":"SESI\u00d3N DE CLAUSURA DE LA REÄ¢¹½ÊÓÆµI\u00d3N DE ALTO NIVEL SOBRE LA COBERTURA SANITARIA Ä¢¹½ÊÓÆµIVERSAL - Asamblea General de las Naciones Unidas","robots":{"index":"index","follow":"follow","max-snippet":"max-snippet:-1","max-image-preview":"max-image-preview:large","max-video-preview":"max-video-preview:-1"},"canonical":"https:\/\/www.un.org\/pga\/74\/2019\/09\/23\/closing-segment-of-the-high-level-event-on-universal-health-coverage\/","og_locale":"es_ES","og_type":"article","og_title":"SESI\u00d3N DE CLAUSURA DE LA REÄ¢¹½ÊÓÆµI\u00d3N DE ALTO NIVEL SOBRE LA COBERTURA SANITARIA Ä¢¹½ÊÓÆµIVERSAL - Asamblea General de las Naciones Unidas","og_description":"Declaraci\u00f3n del Excmo. Sr. Tijjani Muhammad Bande, Presidente del septuag\u00e9simo cuarto per\u00edodo de sesiones de la Asamblea General de las Naciones Unidas: SESI\u00d3N DE CLAUSURA DE LA REÄ¢¹½ÊÓÆµI\u00d3N DE ALTO NIVEL SOBRE LA COBERTURA SANITARIA Ä¢¹½ÊÓÆµIVERSAL","og_url":"https:\/\/www.un.org\/pga\/74\/2019\/09\/23\/closing-segment-of-the-high-level-event-on-universal-health-coverage\/","og_site_name":"Asamblea General de las Naciones Unidas","article_published_time":"2019-09-23T12:40:39+00:00","article_modified_time":"2020-09-10T14:41:43+00:00","og_image":[{"width":1024,"height":677,"url":"https:\/\/www.un.org\/pga\/wp-content\/uploads\/sites\/99\/2019\/09\/Capture-9-1024x677.png","type":"image\/png"}],"author":"Denise Kling","twitter_card":"summary_large_image","twitter_misc":{"Escrito por":"Denise Kling","Tiempo de lectura":"8 minutos"},"schema":{"@context":"https:\/\/schema.org","@graph":[{"@type":"Article","@id":"https:\/\/www.un.org\/pga\/74\/2019\/09\/23\/closing-segment-of-the-high-level-event-on-universal-health-coverage\/#article","isPartOf":{"@id":"https:\/\/www.un.org\/pga\/74\/2019\/09\/23\/closing-segment-of-the-high-level-event-on-universal-health-coverage\/"},"author":{"name":"Denise Kling","@id":"https:\/\/www.un.org\/pga\/74\/#\/schema\/person\/af470bea9354ed1b453ade6d22b5c9ee"},"headline":"SESI\u00d3N DE CLAUSURA DE LA REÄ¢¹½ÊÓÆµI\u00d3N DE ALTO NIVEL SOBRE LA COBERTURA SANITARIA Ä¢¹½ÊÓÆµIVERSAL","datePublished":"2019-09-23T12:40:39+00:00","dateModified":"2020-09-10T14:41:43+00:00","mainEntityOfPage":{"@id":"https:\/\/www.un.org\/pga\/74\/2019\/09\/23\/closing-segment-of-the-high-level-event-on-universal-health-coverage\/"},"wordCount":1622,"image":{"@id":"https:\/\/www.un.org\/pga\/74\/2019\/09\/23\/closing-segment-of-the-high-level-event-on-universal-health-coverage\/#primaryimage"},"thumbnailUrl":"https:\/\/www.un.org\/pga\/wp-content\/uploads\/sites\/99\/2019\/09\/Capture-9.png","articleSection":["Statements"],"inLanguage":"es"},{"@type":"WebPage","@id":"https:\/\/www.un.org\/pga\/74\/2019\/09\/23\/closing-segment-of-the-high-level-event-on-universal-health-coverage\/","url":"https:\/\/www.un.org\/pga\/74\/2019\/09\/23\/closing-segment-of-the-high-level-event-on-universal-health-coverage\/","name":"SESI\u00d3N DE CLAUSURA DE LA REÄ¢¹½ÊÓÆµI\u00d3N DE ALTO NIVEL SOBRE LA COBERTURA SANITARIA Ä¢¹½ÊÓÆµIVERSAL - Asamblea General de las Naciones Unidas","isPartOf":{"@id":"https:\/\/www.un.org\/pga\/74\/#website"},"primaryImageOfPage":{"@id":"https:\/\/www.un.org\/pga\/74\/2019\/09\/23\/closing-segment-of-the-high-level-event-on-universal-health-coverage\/#primaryimage"},"image":{"@id":"https:\/\/www.un.org\/pga\/74\/2019\/09\/23\/closing-segment-of-the-high-level-event-on-universal-health-coverage\/#primaryimage"},"thumbnailUrl":"https:\/\/www.un.org\/pga\/wp-content\/uploads\/sites\/99\/2019\/09\/Capture-9.png","datePublished":"2019-09-23T12:40:39+00:00","dateModified":"2020-09-10T14:41:43+00:00","author":{"@id":"https:\/\/www.un.org\/pga\/74\/#\/schema\/person\/af470bea9354ed1b453ade6d22b5c9ee"},"breadcrumb":{"@id":"https:\/\/www.un.org\/pga\/74\/2019\/09\/23\/closing-segment-of-the-high-level-event-on-universal-health-coverage\/#breadcrumb"},"inLanguage":"es","potentialAction":[{"@type":"ReadAction","target":["https:\/\/www.un.org\/pga\/74\/2019\/09\/23\/closing-segment-of-the-high-level-event-on-universal-health-coverage\/"]}]},{"@type":"ImageObject","inLanguage":"es","@id":"https:\/\/www.un.org\/pga\/74\/2019\/09\/23\/closing-segment-of-the-high-level-event-on-universal-health-coverage\/#primaryimage","url":"https:\/\/www.un.org\/pga\/wp-content\/uploads\/sites\/99\/2019\/09\/Capture-9.png","contentUrl":"https:\/\/www.un.org\/pga\/wp-content\/uploads\/sites\/99\/2019\/09\/Capture-9.png","width":1254,"height":829},{"@type":"BreadcrumbList","@id":"https:\/\/www.un.org\/pga\/74\/2019\/09\/23\/closing-segment-of-the-high-level-event-on-universal-health-coverage\/#breadcrumb","itemListElement":[{"@type":"ListItem","position":1,"name":"Home","item":"https:\/\/www.un.org\/pga\/74\/es\/"},{"@type":"ListItem","position":2,"name":"SESI\u00d3N DE CLAUSURA DE LA REÄ¢¹½ÊÓÆµI\u00d3N DE ALTO NIVEL SOBRE LA COBERTURA SANITARIA Ä¢¹½ÊÓÆµIVERSAL"}]},{"@type":"WebSite","@id":"https:\/\/www.un.org\/pga\/74\/#website","url":"https:\/\/www.un.org\/pga\/74\/","name":"Asamblea General de las Naciones Unidas","description":"Presidente del 74\u00b0 per\u00edodo de sesiones","potentialAction":[{"@type":"SearchAction","target":{"@type":"EntryPoint","urlTemplate":"https:\/\/www.un.org\/pga\/74\/?s={search_term_string}"},"query-input":{"@type":"PropertyValueSpecification","valueRequired":true,"valueName":"search_term_string"}}],"inLanguage":"es"},{"@type":"Person","@id":"https:\/\/www.un.org\/pga\/74\/#\/schema\/person\/af470bea9354ed1b453ade6d22b5c9ee","name":"Denise Kling","image":{"@type":"ImageObject","inLanguage":"es","@id":"https:\/\/secure.gravatar.com\/avatar\/b5fdae9d2ae28ca0f434202f2c9b6f29640a2b757fdbaa4592687900a399db3d?s=96&d=mm&r=g","url":"https:\/\/secure.gravatar.com\/avatar\/b5fdae9d2ae28ca0f434202f2c9b6f29640a2b757fdbaa4592687900a399db3d?s=96&d=mm&r=g","contentUrl":"https:\/\/secure.gravatar.com\/avatar\/b5fdae9d2ae28ca0f434202f2c9b6f29640a2b757fdbaa4592687900a399db3d?s=96&d=mm&r=g","caption":"Denise Kling"},"url":"https:\/\/www.un.org\/pga\/74\/es\/author\/denise-klingun-org\/"}]}},"_links":{"self":[{"href":"https:\/\/www.un.org\/pga\/74\/es\/wp-json\/wp\/v2\/posts\/230169","targetHints":{"allow":["GET"]}}],"collection":[{"href":"https:\/\/www.un.org\/pga\/74\/es\/wp-json\/wp\/v2\/posts"}],"about":[{"href":"https:\/\/www.un.org\/pga\/74\/es\/wp-json\/wp\/v2\/types\/post"}],"author":[{"embeddable":true,"href":"https:\/\/www.un.org\/pga\/74\/es\/wp-json\/wp\/v2\/users\/266"}],"replies":[{"embeddable":true,"href":"https:\/\/www.un.org\/pga\/74\/es\/wp-json\/wp\/v2\/comments?post=230169"}],"version-history":[{"count":0,"href":"https:\/\/www.un.org\/pga\/74\/es\/wp-json\/wp\/v2\/posts\/230169\/revisions"}],"wp:featuredmedia":[{"embeddable":true,"href":"https:\/\/www.un.org\/pga\/74\/es\/wp-json\/wp\/v2\/media\/187450"}],"wp:attachment":[{"href":"https:\/\/www.un.org\/pga\/74\/es\/wp-json\/wp\/v2\/media?parent=230169"}],"wp:term":[{"taxonomy":"category","embeddable":true,"href":"https:\/\/www.un.org\/pga\/74\/es\/wp-json\/wp\/v2\/categories?post=230169"},{"taxonomy":"post_tag","embeddable":true,"href":"https:\/\/www.un.org\/pga\/74\/es\/wp-json\/wp\/v2\/tags?post=230169"}],"curies":[{"name":"wp","href":"https:\/\/api.w.org\/{rel}","templated":true}]}}