  {"id":230175,"date":"2019-11-20T09:00:38","date_gmt":"2019-11-20T14:00:38","guid":{"rendered":"https:\/\/www.un.org\/pga\/74\/2020\/09\/10\/thirtieth-anniversary-of-the-convention-on-the-rights-of-the-child-2\/"},"modified":"2020-09-10T10:40:16","modified_gmt":"2020-09-10T14:40:16","slug":"thirtieth-anniversary-of-the-convention-on-the-rights-of-the-child-2","status":"publish","type":"post","link":"https:\/\/www.un.org\/pga\/74\/es\/2019\/11\/20\/thirtieth-anniversary-of-the-convention-on-the-rights-of-the-child-2\/","title":{"rendered":"DISCURSO PRONÄ¢¹½ÊÓÆµCIADO CON MOTIVO DEL 30\u00ba ANIVERSARIO DE LA CONVENCI\u00d3N SOBRE LOS DERECHOS DEL NI\u00d1O"},"content":{"rendered":"<p>[et_pb_section bb_built=\u00bb1&#8243; _builder_version=\u00bb4.5.3&#8243; box_shadow_horizontal_tablet=\u00bb0px\u00bb box_shadow_vertical_tablet=\u00bb0px\u00bb box_shadow_blur_tablet=\u00bb40px\u00bb box_shadow_spread_tablet=\u00bb0px\u00bb vertical_offset_tablet=\u00bb0&#8243; horizontal_offset_tablet=\u00bb0&#8243; z_index_tablet=\u00bb0&#8243;][et_pb_row][\/et_pb_row][\/et_pb_section]<\/p>\n","protected":false},"excerpt":{"rendered":"<p>Declaraci\u00f3n del Excmo. Sr. Tijjani Muhammad Bande, Presidente del septuag\u00e9simo cuarto per\u00edodo de sesiones de la Asamblea General de las Naciones Unidas: DISCURSO PRONÄ¢¹½ÊÓÆµCIADO CON MOTIVO DEL 30\u00ba ANIVERSARIO DE LA CONVENCI\u00d3N SOBRE LOS DERECHOS DEL NI\u00d1O<\/p>\n","protected":false},"author":266,"featured_media":193848,"comment_status":"closed","ping_status":"closed","sticky":false,"template":"","format":"standard","meta":{"_et_pb_use_builder":"on","_et_pb_old_content":"","_et_gb_content_width":"","footnotes":"","_links_to":"","_links_to_target":""},"categories":[418],"tags":[],"class_list":["post-230175","post","type-post","status-publish","format-standard","has-post-thumbnail","hentry","category-statements-es","et-has-post-format-content","et_post_format-et-post-format-standard"],"yoast_head":"<!-- This site is optimized with the Yoast SEO plugin v28.3 - https:\/\/yoast.com\/product\/yoast-seo-wordpress\/ -->\n<title>DISCURSO PRONÄ¢¹½ÊÓÆµCIADO CON MOTIVO DEL 30\u00ba ANIVERSARIO DE LA CONVENCI\u00d3N SOBRE LOS DERECHOS DEL NI\u00d1O - Asamblea General de las Naciones Unidas<\/title>\n<meta name=\"robots\" content=\"index, follow, max-snippet:-1, max-image-preview:large, max-video-preview:-1\" \/>\n<link rel=\"canonical\" href=\"https:\/\/www.un.org\/pga\/74\/2019\/11\/20\/thirtieth-anniversary-of-the-convention-on-the-rights-of-the-child-2\/\" \/>\n<meta property=\"og:locale\" content=\"es_ES\" \/>\n<meta property=\"og:type\" content=\"article\" \/>\n<meta property=\"og:title\" content=\"DISCURSO PRONÄ¢¹½ÊÓÆµCIADO CON MOTIVO DEL 30\u00ba ANIVERSARIO DE LA CONVENCI\u00d3N SOBRE LOS DERECHOS DEL NI\u00d1O - Asamblea General de las Naciones Unidas\" \/>\n<meta property=\"og:description\" content=\"Declaraci\u00f3n del Excmo. Sr. Tijjani Muhammad Bande, Presidente del septuag\u00e9simo cuarto per\u00edodo de sesiones de la Asamblea General de las Naciones Unidas: DISCURSO PRONÄ¢¹½ÊÓÆµCIADO CON MOTIVO DEL 30\u00ba ANIVERSARIO DE LA CONVENCI\u00d3N SOBRE LOS DERECHOS DEL NI\u00d1O\" \/>\n<meta property=\"og:url\" content=\"https:\/\/www.un.org\/pga\/74\/2019\/11\/20\/thirtieth-anniversary-of-the-convention-on-the-rights-of-the-child-2\/\" \/>\n<meta property=\"og:site_name\" content=\"Asamblea General de las Naciones Unidas\" \/>\n<meta property=\"article:published_time\" content=\"2019-11-20T14:00:38+00:00\" \/>\n<meta property=\"article:modified_time\" content=\"2020-09-10T14:40:16+00:00\" \/>\n<meta property=\"og:image\" content=\"https:\/\/www.un.org\/pga\/wp-content\/uploads\/sites\/99\/2019\/11\/CRC-1024x676.png\" \/>\n\t<meta property=\"og:image:width\" content=\"1024\" \/>\n\t<meta property=\"og:image:height\" content=\"676\" \/>\n\t<meta property=\"og:image:type\" content=\"image\/png\" \/>\n<meta name=\"author\" content=\"Denise Kling\" \/>\n<meta name=\"twitter:card\" content=\"summary_large_image\" \/>\n<meta name=\"twitter:label1\" content=\"Escrito por\" \/>\n\t<meta name=\"twitter:data1\" content=\"Denise Kling\" \/>\n<script type=\"application\/ld+json\" class=\"yoast-schema-graph\">{\"@context\":\"https:\\\/\\\/schema.org\",\"@graph\":[{\"@type\":\"Article\",\"@id\":\"https:\\\/\\\/www.un.org\\\/pga\\\/74\\\/2019\\\/11\\\/20\\\/thirtieth-anniversary-of-the-convention-on-the-rights-of-the-child-2\\\/#article\",\"isPartOf\":{\"@id\":\"https:\\\/\\\/www.un.org\\\/pga\\\/74\\\/2019\\\/11\\\/20\\\/thirtieth-anniversary-of-the-convention-on-the-rights-of-the-child-2\\\/\"},\"author\":{\"name\":\"Denise Kling\",\"@id\":\"https:\\\/\\\/www.un.org\\\/pga\\\/74\\\/#\\\/schema\\\/person\\\/af470bea9354ed1b453ade6d22b5c9ee\"},\"headline\":\"DISCURSO PRONÄ¢¹½ÊÓÆµCIADO CON MOTIVO DEL 30\u00ba ANIVERSARIO DE LA CONVENCI\u00d3N SOBRE LOS DERECHOS DEL NI\u00d1O\",\"datePublished\":\"2019-11-20T14:00:38+00:00\",\"dateModified\":\"2020-09-10T14:40:16+00:00\",\"mainEntityOfPage\":{\"@id\":\"https:\\\/\\\/www.un.org\\\/pga\\\/74\\\/2019\\\/11\\\/20\\\/thirtieth-anniversary-of-the-convention-on-the-rights-of-the-child-2\\\/\"},\"wordCount\":61,\"image\":{\"@id\":\"https:\\\/\\\/www.un.org\\\/pga\\\/74\\\/2019\\\/11\\\/20\\\/thirtieth-anniversary-of-the-convention-on-the-rights-of-the-child-2\\\/#primaryimage\"},\"thumbnailUrl\":\"https:\\\/\\\/www.un.org\\\/pga\\\/wp-content\\\/uploads\\\/sites\\\/99\\\/2019\\\/11\\\/CRC.png\",\"articleSection\":[\"Statements\"],\"inLanguage\":\"es\"},{\"@type\":\"WebPage\",\"@id\":\"https:\\\/\\\/www.un.org\\\/pga\\\/74\\\/2019\\\/11\\\/20\\\/thirtieth-anniversary-of-the-convention-on-the-rights-of-the-child-2\\\/\",\"url\":\"https:\\\/\\\/www.un.org\\\/pga\\\/74\\\/2019\\\/11\\\/20\\\/thirtieth-anniversary-of-the-convention-on-the-rights-of-the-child-2\\\/\",\"name\":\"DISCURSO PRONÄ¢¹½ÊÓÆµCIADO CON MOTIVO DEL 30\u00ba ANIVERSARIO DE LA CONVENCI\u00d3N SOBRE LOS DERECHOS DEL NI\u00d1O - Asamblea General de las Naciones Unidas\",\"isPartOf\":{\"@id\":\"https:\\\/\\\/www.un.org\\\/pga\\\/74\\\/#website\"},\"primaryImageOfPage\":{\"@id\":\"https:\\\/\\\/www.un.org\\\/pga\\\/74\\\/2019\\\/11\\\/20\\\/thirtieth-anniversary-of-the-convention-on-the-rights-of-the-child-2\\\/#primaryimage\"},\"image\":{\"@id\":\"https:\\\/\\\/www.un.org\\\/pga\\\/74\\\/2019\\\/11\\\/20\\\/thirtieth-anniversary-of-the-convention-on-the-rights-of-the-child-2\\\/#primaryimage\"},\"thumbnailUrl\":\"https:\\\/\\\/www.un.org\\\/pga\\\/wp-content\\\/uploads\\\/sites\\\/99\\\/2019\\\/11\\\/CRC.png\",\"datePublished\":\"2019-11-20T14:00:38+00:00\",\"dateModified\":\"2020-09-10T14:40:16+00:00\",\"author\":{\"@id\":\"https:\\\/\\\/www.un.org\\\/pga\\\/74\\\/#\\\/schema\\\/person\\\/af470bea9354ed1b453ade6d22b5c9ee\"},\"breadcrumb\":{\"@id\":\"https:\\\/\\\/www.un.org\\\/pga\\\/74\\\/2019\\\/11\\\/20\\\/thirtieth-anniversary-of-the-convention-on-the-rights-of-the-child-2\\\/#breadcrumb\"},\"inLanguage\":\"es\",\"potentialAction\":[{\"@type\":\"ReadAction\",\"target\":[\"https:\\\/\\\/www.un.org\\\/pga\\\/74\\\/2019\\\/11\\\/20\\\/thirtieth-anniversary-of-the-convention-on-the-rights-of-the-child-2\\\/\"]}]},{\"@type\":\"ImageObject\",\"inLanguage\":\"es\",\"@id\":\"https:\\\/\\\/www.un.org\\\/pga\\\/74\\\/2019\\\/11\\\/20\\\/thirtieth-anniversary-of-the-convention-on-the-rights-of-the-child-2\\\/#primaryimage\",\"url\":\"https:\\\/\\\/www.un.org\\\/pga\\\/wp-content\\\/uploads\\\/sites\\\/99\\\/2019\\\/11\\\/CRC.png\",\"contentUrl\":\"https:\\\/\\\/www.un.org\\\/pga\\\/wp-content\\\/uploads\\\/sites\\\/99\\\/2019\\\/11\\\/CRC.png\",\"width\":1553,\"height\":1025},{\"@type\":\"BreadcrumbList\",\"@id\":\"https:\\\/\\\/www.un.org\\\/pga\\\/74\\\/2019\\\/11\\\/20\\\/thirtieth-anniversary-of-the-convention-on-the-rights-of-the-child-2\\\/#breadcrumb\",\"itemListElement\":[{\"@type\":\"ListItem\",\"position\":1,\"name\":\"Home\",\"item\":\"https:\\\/\\\/www.un.org\\\/pga\\\/74\\\/es\\\/\"},{\"@type\":\"ListItem\",\"position\":2,\"name\":\"DISCURSO PRONÄ¢¹½ÊÓÆµCIADO CON MOTIVO DEL 30\u00ba ANIVERSARIO DE LA CONVENCI\u00d3N SOBRE LOS DERECHOS DEL NI\u00d1O\"}]},{\"@type\":\"WebSite\",\"@id\":\"https:\\\/\\\/www.un.org\\\/pga\\\/74\\\/#website\",\"url\":\"https:\\\/\\\/www.un.org\\\/pga\\\/74\\\/\",\"name\":\"Asamblea General de las Naciones Unidas\",\"description\":\"Presidente del 74\u00b0 per\u00edodo de sesiones\",\"potentialAction\":[{\"@type\":\"SearchAction\",\"target\":{\"@type\":\"EntryPoint\",\"urlTemplate\":\"https:\\\/\\\/www.un.org\\\/pga\\\/74\\\/?s={search_term_string}\"},\"query-input\":{\"@type\":\"PropertyValueSpecification\",\"valueRequired\":true,\"valueName\":\"search_term_string\"}}],\"inLanguage\":\"es\"},{\"@type\":\"Person\",\"@id\":\"https:\\\/\\\/www.un.org\\\/pga\\\/74\\\/#\\\/schema\\\/person\\\/af470bea9354ed1b453ade6d22b5c9ee\",\"name\":\"Denise Kling\",\"image\":{\"@type\":\"ImageObject\",\"inLanguage\":\"es\",\"@id\":\"https:\\\/\\\/secure.gravatar.com\\\/avatar\\\/b5fdae9d2ae28ca0f434202f2c9b6f29640a2b757fdbaa4592687900a399db3d?s=96&d=mm&r=g\",\"url\":\"https:\\\/\\\/secure.gravatar.com\\\/avatar\\\/b5fdae9d2ae28ca0f434202f2c9b6f29640a2b757fdbaa4592687900a399db3d?s=96&d=mm&r=g\",\"contentUrl\":\"https:\\\/\\\/secure.gravatar.com\\\/avatar\\\/b5fdae9d2ae28ca0f434202f2c9b6f29640a2b757fdbaa4592687900a399db3d?s=96&d=mm&r=g\",\"caption\":\"Denise Kling\"},\"url\":\"https:\\\/\\\/www.un.org\\\/pga\\\/74\\\/es\\\/author\\\/denise-klingun-org\\\/\"}]}<\/script>\n<!-- \/ Yoast SEO plugin. -->","yoast_head_json":{"title":"DISCURSO PRONÄ¢¹½ÊÓÆµCIADO CON MOTIVO DEL 30\u00ba ANIVERSARIO DE LA CONVENCI\u00d3N SOBRE LOS DERECHOS DEL NI\u00d1O - Asamblea General de las Naciones Unidas","robots":{"index":"index","follow":"follow","max-snippet":"max-snippet:-1","max-image-preview":"max-image-preview:large","max-video-preview":"max-video-preview:-1"},"canonical":"https:\/\/www.un.org\/pga\/74\/2019\/11\/20\/thirtieth-anniversary-of-the-convention-on-the-rights-of-the-child-2\/","og_locale":"es_ES","og_type":"article","og_title":"DISCURSO PRONÄ¢¹½ÊÓÆµCIADO CON MOTIVO DEL 30\u00ba ANIVERSARIO DE LA CONVENCI\u00d3N SOBRE LOS DERECHOS DEL NI\u00d1O - Asamblea General de las Naciones Unidas","og_description":"Declaraci\u00f3n del Excmo. Sr. Tijjani Muhammad Bande, Presidente del septuag\u00e9simo cuarto per\u00edodo de sesiones de la Asamblea General de las Naciones Unidas: DISCURSO PRONÄ¢¹½ÊÓÆµCIADO CON MOTIVO DEL 30\u00ba ANIVERSARIO DE LA CONVENCI\u00d3N SOBRE LOS DERECHOS DEL NI\u00d1O","og_url":"https:\/\/www.un.org\/pga\/74\/2019\/11\/20\/thirtieth-anniversary-of-the-convention-on-the-rights-of-the-child-2\/","og_site_name":"Asamblea General de las Naciones Unidas","article_published_time":"2019-11-20T14:00:38+00:00","article_modified_time":"2020-09-10T14:40:16+00:00","og_image":[{"width":1024,"height":676,"url":"https:\/\/www.un.org\/pga\/wp-content\/uploads\/sites\/99\/2019\/11\/CRC-1024x676.png","type":"image\/png"}],"author":"Denise Kling","twitter_card":"summary_large_image","twitter_misc":{"Escrito por":"Denise Kling"},"schema":{"@context":"https:\/\/schema.org","@graph":[{"@type":"Article","@id":"https:\/\/www.un.org\/pga\/74\/2019\/11\/20\/thirtieth-anniversary-of-the-convention-on-the-rights-of-the-child-2\/#article","isPartOf":{"@id":"https:\/\/www.un.org\/pga\/74\/2019\/11\/20\/thirtieth-anniversary-of-the-convention-on-the-rights-of-the-child-2\/"},"author":{"name":"Denise Kling","@id":"https:\/\/www.un.org\/pga\/74\/#\/schema\/person\/af470bea9354ed1b453ade6d22b5c9ee"},"headline":"DISCURSO PRONÄ¢¹½ÊÓÆµCIADO CON MOTIVO DEL 30\u00ba ANIVERSARIO DE LA CONVENCI\u00d3N SOBRE LOS DERECHOS DEL NI\u00d1O","datePublished":"2019-11-20T14:00:38+00:00","dateModified":"2020-09-10T14:40:16+00:00","mainEntityOfPage":{"@id":"https:\/\/www.un.org\/pga\/74\/2019\/11\/20\/thirtieth-anniversary-of-the-convention-on-the-rights-of-the-child-2\/"},"wordCount":61,"image":{"@id":"https:\/\/www.un.org\/pga\/74\/2019\/11\/20\/thirtieth-anniversary-of-the-convention-on-the-rights-of-the-child-2\/#primaryimage"},"thumbnailUrl":"https:\/\/www.un.org\/pga\/wp-content\/uploads\/sites\/99\/2019\/11\/CRC.png","articleSection":["Statements"],"inLanguage":"es"},{"@type":"WebPage","@id":"https:\/\/www.un.org\/pga\/74\/2019\/11\/20\/thirtieth-anniversary-of-the-convention-on-the-rights-of-the-child-2\/","url":"https:\/\/www.un.org\/pga\/74\/2019\/11\/20\/thirtieth-anniversary-of-the-convention-on-the-rights-of-the-child-2\/","name":"DISCURSO PRONÄ¢¹½ÊÓÆµCIADO CON MOTIVO DEL 30\u00ba ANIVERSARIO DE LA CONVENCI\u00d3N SOBRE LOS DERECHOS DEL NI\u00d1O - Asamblea General de las Naciones Unidas","isPartOf":{"@id":"https:\/\/www.un.org\/pga\/74\/#website"},"primaryImageOfPage":{"@id":"https:\/\/www.un.org\/pga\/74\/2019\/11\/20\/thirtieth-anniversary-of-the-convention-on-the-rights-of-the-child-2\/#primaryimage"},"image":{"@id":"https:\/\/www.un.org\/pga\/74\/2019\/11\/20\/thirtieth-anniversary-of-the-convention-on-the-rights-of-the-child-2\/#primaryimage"},"thumbnailUrl":"https:\/\/www.un.org\/pga\/wp-content\/uploads\/sites\/99\/2019\/11\/CRC.png","datePublished":"2019-11-20T14:00:38+00:00","dateModified":"2020-09-10T14:40:16+00:00","author":{"@id":"https:\/\/www.un.org\/pga\/74\/#\/schema\/person\/af470bea9354ed1b453ade6d22b5c9ee"},"breadcrumb":{"@id":"https:\/\/www.un.org\/pga\/74\/2019\/11\/20\/thirtieth-anniversary-of-the-convention-on-the-rights-of-the-child-2\/#breadcrumb"},"inLanguage":"es","potentialAction":[{"@type":"ReadAction","target":["https:\/\/www.un.org\/pga\/74\/2019\/11\/20\/thirtieth-anniversary-of-the-convention-on-the-rights-of-the-child-2\/"]}]},{"@type":"ImageObject","inLanguage":"es","@id":"https:\/\/www.un.org\/pga\/74\/2019\/11\/20\/thirtieth-anniversary-of-the-convention-on-the-rights-of-the-child-2\/#primaryimage","url":"https:\/\/www.un.org\/pga\/wp-content\/uploads\/sites\/99\/2019\/11\/CRC.png","contentUrl":"https:\/\/www.un.org\/pga\/wp-content\/uploads\/sites\/99\/2019\/11\/CRC.png","width":1553,"height":1025},{"@type":"BreadcrumbList","@id":"https:\/\/www.un.org\/pga\/74\/2019\/11\/20\/thirtieth-anniversary-of-the-convention-on-the-rights-of-the-child-2\/#breadcrumb","itemListElement":[{"@type":"ListItem","position":1,"name":"Home","item":"https:\/\/www.un.org\/pga\/74\/es\/"},{"@type":"ListItem","position":2,"name":"DISCURSO PRONÄ¢¹½ÊÓÆµCIADO CON MOTIVO DEL 30\u00ba ANIVERSARIO DE LA CONVENCI\u00d3N SOBRE LOS DERECHOS DEL NI\u00d1O"}]},{"@type":"WebSite","@id":"https:\/\/www.un.org\/pga\/74\/#website","url":"https:\/\/www.un.org\/pga\/74\/","name":"Asamblea General de las Naciones Unidas","description":"Presidente del 74\u00b0 per\u00edodo de sesiones","potentialAction":[{"@type":"SearchAction","target":{"@type":"EntryPoint","urlTemplate":"https:\/\/www.un.org\/pga\/74\/?s={search_term_string}"},"query-input":{"@type":"PropertyValueSpecification","valueRequired":true,"valueName":"search_term_string"}}],"inLanguage":"es"},{"@type":"Person","@id":"https:\/\/www.un.org\/pga\/74\/#\/schema\/person\/af470bea9354ed1b453ade6d22b5c9ee","name":"Denise Kling","image":{"@type":"ImageObject","inLanguage":"es","@id":"https:\/\/secure.gravatar.com\/avatar\/b5fdae9d2ae28ca0f434202f2c9b6f29640a2b757fdbaa4592687900a399db3d?s=96&d=mm&r=g","url":"https:\/\/secure.gravatar.com\/avatar\/b5fdae9d2ae28ca0f434202f2c9b6f29640a2b757fdbaa4592687900a399db3d?s=96&d=mm&r=g","contentUrl":"https:\/\/secure.gravatar.com\/avatar\/b5fdae9d2ae28ca0f434202f2c9b6f29640a2b757fdbaa4592687900a399db3d?s=96&d=mm&r=g","caption":"Denise Kling"},"url":"https:\/\/www.un.org\/pga\/74\/es\/author\/denise-klingun-org\/"}]}},"_links":{"self":[{"href":"https:\/\/www.un.org\/pga\/74\/es\/wp-json\/wp\/v2\/posts\/230175","targetHints":{"allow":["GET"]}}],"collection":[{"href":"https:\/\/www.un.org\/pga\/74\/es\/wp-json\/wp\/v2\/posts"}],"about":[{"href":"https:\/\/www.un.org\/pga\/74\/es\/wp-json\/wp\/v2\/types\/post"}],"author":[{"embeddable":true,"href":"https:\/\/www.un.org\/pga\/74\/es\/wp-json\/wp\/v2\/users\/266"}],"replies":[{"embeddable":true,"href":"https:\/\/www.un.org\/pga\/74\/es\/wp-json\/wp\/v2\/comments?post=230175"}],"version-history":[{"count":0,"href":"https:\/\/www.un.org\/pga\/74\/es\/wp-json\/wp\/v2\/posts\/230175\/revisions"}],"wp:featuredmedia":[{"embeddable":true,"href":"https:\/\/www.un.org\/pga\/74\/es\/wp-json\/wp\/v2\/media\/193848"}],"wp:attachment":[{"href":"https:\/\/www.un.org\/pga\/74\/es\/wp-json\/wp\/v2\/media?parent=230175"}],"wp:term":[{"taxonomy":"category","embeddable":true,"href":"https:\/\/www.un.org\/pga\/74\/es\/wp-json\/wp\/v2\/categories?post=230175"},{"taxonomy":"post_tag","embeddable":true,"href":"https:\/\/www.un.org\/pga\/74\/es\/wp-json\/wp\/v2\/tags?post=230175"}],"curies":[{"name":"wp","href":"https:\/\/api.w.org\/{rel}","templated":true}]}}