  {"id":240536,"date":"2021-03-31T12:41:42","date_gmt":"2021-03-31T16:41:42","guid":{"rendered":"https:\/\/www.un.org\/pga\/75\/?p=240536"},"modified":"2021-03-31T12:43:14","modified_gmt":"2021-03-31T16:43:14","slug":"general-assembly-president-to-travel-to-turkey-qatar-azerbaijan","status":"publish","type":"post","link":"https:\/\/www.un.org\/pga\/75\/2021\/03\/31\/general-assembly-president-to-travel-to-turkey-qatar-azerbaijan\/","title":{"rendered":"GENERAL ASSEMBLY PRESIDENT TO TRAVEL TO TURKEY, QATAR &#038; AZERBAIJAN"},"content":{"rendered":"<p>[et_pb_section bb_built=&#8221;1&#8243; inner_width=&#8221;auto&#8221; inner_max_width=&#8221;none&#8221;][et_pb_row][et_pb_column type=&#8221;4_4&#8243; custom_padding__hover=&#8221;|||&#8221; custom_padding=&#8221;|||&#8221;][et_pb_text _builder_version=&#8221;4.9.2&#8243; text_text_shadow_horizontal_length=&#8221;text_text_shadow_style,%91object Object%93&#8243; text_text_shadow_horizontal_length_tablet=&#8221;0px&#8221; text_text_shadow_vertical_length=&#8221;text_text_shadow_style,%91object Object%93&#8243; text_text_shadow_vertical_length_tablet=&#8221;0px&#8221; text_text_shadow_blur_strength=&#8221;text_text_shadow_style,%91object Object%93&#8243; text_text_shadow_blur_strength_tablet=&#8221;1px&#8221; link_text_shadow_horizontal_length=&#8221;link_text_shadow_style,%91object Object%93&#8243; link_text_shadow_horizontal_length_tablet=&#8221;0px&#8221; link_text_shadow_vertical_length=&#8221;link_text_shadow_style,%91object Object%93&#8243; link_text_shadow_vertical_length_tablet=&#8221;0px&#8221; link_text_shadow_blur_strength=&#8221;link_text_shadow_style,%91object Object%93&#8243; link_text_shadow_blur_strength_tablet=&#8221;1px&#8221; ul_text_shadow_horizontal_length=&#8221;ul_text_shadow_style,%91object Object%93&#8243; ul_text_shadow_horizontal_length_tablet=&#8221;0px&#8221; ul_text_shadow_vertical_length=&#8221;ul_text_shadow_style,%91object Object%93&#8243; ul_text_shadow_vertical_length_tablet=&#8221;0px&#8221; ul_text_shadow_blur_strength=&#8221;ul_text_shadow_style,%91object Object%93&#8243; ul_text_shadow_blur_strength_tablet=&#8221;1px&#8221; ol_text_shadow_horizontal_length=&#8221;ol_text_shadow_style,%91object Object%93&#8243; ol_text_shadow_horizontal_length_tablet=&#8221;0px&#8221; ol_text_shadow_vertical_length=&#8221;ol_text_shadow_style,%91object Object%93&#8243; ol_text_shadow_vertical_length_tablet=&#8221;0px&#8221; ol_text_shadow_blur_strength=&#8221;ol_text_shadow_style,%91object Object%93&#8243; ol_text_shadow_blur_strength_tablet=&#8221;1px&#8221; quote_text_shadow_horizontal_length=&#8221;quote_text_shadow_style,%91object Object%93&#8243; quote_text_shadow_horizontal_length_tablet=&#8221;0px&#8221; quote_text_shadow_vertical_length=&#8221;quote_text_shadow_style,%91object Object%93&#8243; quote_text_shadow_vertical_length_tablet=&#8221;0px&#8221; quote_text_shadow_blur_strength=&#8221;quote_text_shadow_style,%91object Object%93&#8243; quote_text_shadow_blur_strength_tablet=&#8221;1px&#8221; header_text_shadow_horizontal_length=&#8221;header_text_shadow_style,%91object Object%93&#8243; header_text_shadow_horizontal_length_tablet=&#8221;0px&#8221; header_text_shadow_vertical_length=&#8221;header_text_shadow_style,%91object Object%93&#8243; header_text_shadow_vertical_length_tablet=&#8221;0px&#8221; header_text_shadow_blur_strength=&#8221;header_text_shadow_style,%91object Object%93&#8243; header_text_shadow_blur_strength_tablet=&#8221;1px&#8221; header_2_text_shadow_horizontal_length=&#8221;header_2_text_shadow_style,%91object Object%93&#8243; header_2_text_shadow_horizontal_length_tablet=&#8221;0px&#8221; header_2_text_shadow_vertical_length=&#8221;header_2_text_shadow_style,%91object Object%93&#8243; header_2_text_shadow_vertical_length_tablet=&#8221;0px&#8221; header_2_text_shadow_blur_strength=&#8221;header_2_text_shadow_style,%91object Object%93&#8243; header_2_text_shadow_blur_strength_tablet=&#8221;1px&#8221; header_3_text_shadow_horizontal_length=&#8221;header_3_text_shadow_style,%91object Object%93&#8243; header_3_text_shadow_horizontal_length_tablet=&#8221;0px&#8221; header_3_text_shadow_vertical_length=&#8221;header_3_text_shadow_style,%91object Object%93&#8243; header_3_text_shadow_vertical_length_tablet=&#8221;0px&#8221; header_3_text_shadow_blur_strength=&#8221;header_3_text_shadow_style,%91object Object%93&#8243; header_3_text_shadow_blur_strength_tablet=&#8221;1px&#8221; header_4_text_shadow_horizontal_length=&#8221;header_4_text_shadow_style,%91object Object%93&#8243; header_4_text_shadow_horizontal_length_tablet=&#8221;0px&#8221; header_4_text_shadow_vertical_length=&#8221;header_4_text_shadow_style,%91object Object%93&#8243; header_4_text_shadow_vertical_length_tablet=&#8221;0px&#8221; header_4_text_shadow_blur_strength=&#8221;header_4_text_shadow_style,%91object Object%93&#8243; header_4_text_shadow_blur_strength_tablet=&#8221;1px&#8221; header_5_text_shadow_horizontal_length=&#8221;header_5_text_shadow_style,%91object Object%93&#8243; header_5_text_shadow_horizontal_length_tablet=&#8221;0px&#8221; header_5_text_shadow_vertical_length=&#8221;header_5_text_shadow_style,%91object Object%93&#8243; header_5_text_shadow_vertical_length_tablet=&#8221;0px&#8221; header_5_text_shadow_blur_strength=&#8221;header_5_text_shadow_style,%91object Object%93&#8243; header_5_text_shadow_blur_strength_tablet=&#8221;1px&#8221; header_6_text_shadow_horizontal_length=&#8221;header_6_text_shadow_style,%91object Object%93&#8243; header_6_text_shadow_horizontal_length_tablet=&#8221;0px&#8221; header_6_text_shadow_vertical_length=&#8221;header_6_text_shadow_style,%91object Object%93&#8243; header_6_text_shadow_vertical_length_tablet=&#8221;0px&#8221; header_6_text_shadow_blur_strength=&#8221;header_6_text_shadow_style,%91object Object%93&#8243; header_6_text_shadow_blur_strength_tablet=&#8221;1px&#8221; box_shadow_horizontal_tablet=&#8221;0px&#8221; box_shadow_vertical_tablet=&#8221;0px&#8221; box_shadow_blur_tablet=&#8221;40px&#8221; box_shadow_spread_tablet=&#8221;0px&#8221; vertical_offset_tablet=&#8221;0&#8243; horizontal_offset_tablet=&#8221;0&#8243; z_index_tablet=&#8221;0&#8243;]<\/p>\n<p><strong><em>United Nations, New York, 31 March 2021<\/em><\/strong>\u00a0\u2013 The President of the 75<sup>th<\/sup> session of the United Nations General Assembly, H.E. Mr. Volkan Bozk\u0131r, will travel to Turkey, Qatar and Azerbaijan, from 1 to 12 April.<\/p>\n<p>In Ankara, the President will be received by H.E. Mr. Recep Tayyip Erdo\u011fan, President of Turkey, and hold separate bilateral meetings with H.E. Mr. Mustafa \u015eentop, Speaker of the Grand National Assembly, and H.E. Mr. Mevl\u00fct \u00c7avu\u015fo\u011flu, Minister of Foreign Affairs.<\/p>\n<p>The President will also deliver remarks to the Grand National Assembly. His statement will address the current international context \u2013 with a focus on global crises and emergencies \u2013 and reflect on the state of multilateralism and the United Nations system. He will outline his priorities and activities for the 75<sup>th<\/sup> session. The President will also meet with the United Nations Country Team.<\/p>\n<p>While in Turkey, the President will also travel to the southern province of Hatay to meet with Syrian refugees and visit the United Nations cross-border humanitarian mechanism, where he will be briefed on and observe the vital operations managed by the Office for the Coordination of Humanitarian Affairs (OCHA).<\/p>\n<p>In Doha, the President is expected to be received by H.H. Sheikh Tamim bin Hamad Al-Thani, Emir of the State of Qatar, and plans to meet separately with H.E. Sheikh Mohammed bin Abdulrahman bin Jassim Al-Thani, Deputy Prime Minister and Minister for Foreign Affairs.<\/p>\n<p>In Baku, the President is expected to be received by H.E. Mr. Ilham Aliyev, President of the Republic of Azerbaijan, and hold meetings with H.E. Mr. Jeyhun Bayramov, Minister for Foreign Affairs, and H.E. Ms. Sahiba Gafarova, Chair of the Parliament (Milli Majlis).<\/p>\n<p>***<\/p>\n<p>For media inquiries, please contact Brenden Varma, Director of Communications and Spokesperson for the President of the General Assembly, +1-212-963-7238, +1-929-319-9365,\u00a0<a href=\"mailto:varmab@un.org\"><strong>varmab@un.org<\/strong><\/a>.<\/p>\n<p>[\/et_pb_text][\/et_pb_column][\/et_pb_row][\/et_pb_section]<\/p>\n","protected":false},"excerpt":{"rendered":"<p>NOTE TO CORRESPONDENTS<\/p>\n","protected":false},"author":342,"featured_media":0,"comment_status":"closed","ping_status":"closed","sticky":false,"template":"","format":"standard","meta":{"_et_pb_use_builder":"on","_et_pb_old_content":"","_et_gb_content_width":"","footnotes":""},"categories":[99],"tags":[],"committee-meeting":[],"class_list":["post-240536","post","type-post","status-publish","format-standard","hentry","category-pressreleases","et-doesnt-have-format-content","et_post_format-et-post-format-standard"],"yoast_head":"<!-- This site is optimized with the Yoast SEO plugin v28.3 - https:\/\/yoast.com\/product\/yoast-seo-wordpress\/ -->\n<title>GENERAL ASSEMBLY PRESIDENT TO TRAVEL TO TURKEY, QATAR &amp; AZERBAIJAN | General Assembly of the United Nations<\/title>\n<meta name=\"robots\" content=\"index, follow, max-snippet:-1, max-image-preview:large, max-video-preview:-1\" \/>\n<link rel=\"canonical\" href=\"https:\/\/www.un.org\/pga\/75\/2021\/03\/31\/general-assembly-president-to-travel-to-turkey-qatar-azerbaijan\/\" \/>\n<meta property=\"og:locale\" content=\"en_US\" \/>\n<meta property=\"og:type\" content=\"article\" \/>\n<meta property=\"og:title\" content=\"GENERAL ASSEMBLY PRESIDENT TO TRAVEL TO TURKEY, QATAR &amp; AZERBAIJAN | General Assembly of the United Nations\" \/>\n<meta property=\"og:description\" content=\"NOTE TO CORRESPONDENTS\" \/>\n<meta property=\"og:url\" content=\"https:\/\/www.un.org\/pga\/75\/2021\/03\/31\/general-assembly-president-to-travel-to-turkey-qatar-azerbaijan\/\" \/>\n<meta property=\"og:site_name\" content=\"General Assembly of the United Nations\" \/>\n<meta property=\"article:published_time\" content=\"2021-03-31T16:41:42+00:00\" \/>\n<meta property=\"article:modified_time\" content=\"2021-03-31T16:43:14+00:00\" \/>\n<meta property=\"og:image\" content=\"https:\/\/www.un.org\/pga\/wp-content\/uploads\/sites\/100\/2020\/09\/Ä¢¹½ÊÓÆµGA75_2020_REVERSED-01.png\" \/>\n\t<meta property=\"og:image:width\" content=\"4397\" \/>\n\t<meta property=\"og:image:height\" content=\"3221\" \/>\n\t<meta property=\"og:image:type\" content=\"image\/png\" \/>\n<meta name=\"author\" content=\"Anna Fritzsche\" \/>\n<meta name=\"twitter:card\" content=\"summary_large_image\" \/>\n<meta name=\"twitter:creator\" content=\"@Ä¢¹½ÊÓÆµ_PGA\" \/>\n<meta name=\"twitter:site\" content=\"@Ä¢¹½ÊÓÆµ_PGA\" \/>\n<meta name=\"twitter:label1\" content=\"Written by\" \/>\n\t<meta name=\"twitter:data1\" content=\"Anna Fritzsche\" \/>\n\t<meta name=\"twitter:label2\" content=\"Est. reading time\" \/>\n\t<meta name=\"twitter:data2\" content=\"5 minutes\" \/>\n<script type=\"application\/ld+json\" class=\"yoast-schema-graph\">{\"@context\":\"https:\\\/\\\/schema.org\",\"@graph\":[{\"@type\":\"Article\",\"@id\":\"https:\\\/\\\/www.un.org\\\/pga\\\/75\\\/2021\\\/03\\\/31\\\/general-assembly-president-to-travel-to-turkey-qatar-azerbaijan\\\/#article\",\"isPartOf\":{\"@id\":\"https:\\\/\\\/www.un.org\\\/pga\\\/75\\\/2021\\\/03\\\/31\\\/general-assembly-president-to-travel-to-turkey-qatar-azerbaijan\\\/\"},\"author\":{\"name\":\"Anna Fritzsche\",\"@id\":\"https:\\\/\\\/www.un.org\\\/pga\\\/75\\\/#\\\/schema\\\/person\\\/2163f6e1c83c25f2a07cf80459c086f2\"},\"headline\":\"GENERAL ASSEMBLY PRESIDENT TO TRAVEL TO TURKEY, QATAR &#038; AZERBAIJAN\",\"datePublished\":\"2021-03-31T16:41:42+00:00\",\"dateModified\":\"2021-03-31T16:43:14+00:00\",\"mainEntityOfPage\":{\"@id\":\"https:\\\/\\\/www.un.org\\\/pga\\\/75\\\/2021\\\/03\\\/31\\\/general-assembly-president-to-travel-to-turkey-qatar-azerbaijan\\\/\"},\"wordCount\":984,\"publisher\":{\"@id\":\"https:\\\/\\\/www.un.org\\\/pga\\\/75\\\/#organization\"},\"articleSection\":[\"Press Releases\"],\"inLanguage\":\"en-US\"},{\"@type\":\"WebPage\",\"@id\":\"https:\\\/\\\/www.un.org\\\/pga\\\/75\\\/2021\\\/03\\\/31\\\/general-assembly-president-to-travel-to-turkey-qatar-azerbaijan\\\/\",\"url\":\"https:\\\/\\\/www.un.org\\\/pga\\\/75\\\/2021\\\/03\\\/31\\\/general-assembly-president-to-travel-to-turkey-qatar-azerbaijan\\\/\",\"name\":\"GENERAL ASSEMBLY PRESIDENT TO TRAVEL TO TURKEY, QATAR & AZERBAIJAN | General Assembly of the United Nations\",\"isPartOf\":{\"@id\":\"https:\\\/\\\/www.un.org\\\/pga\\\/75\\\/#website\"},\"datePublished\":\"2021-03-31T16:41:42+00:00\",\"dateModified\":\"2021-03-31T16:43:14+00:00\",\"breadcrumb\":{\"@id\":\"https:\\\/\\\/www.un.org\\\/pga\\\/75\\\/2021\\\/03\\\/31\\\/general-assembly-president-to-travel-to-turkey-qatar-azerbaijan\\\/#breadcrumb\"},\"inLanguage\":\"en-US\",\"potentialAction\":[{\"@type\":\"ReadAction\",\"target\":[\"https:\\\/\\\/www.un.org\\\/pga\\\/75\\\/2021\\\/03\\\/31\\\/general-assembly-president-to-travel-to-turkey-qatar-azerbaijan\\\/\"]}]},{\"@type\":\"BreadcrumbList\",\"@id\":\"https:\\\/\\\/www.un.org\\\/pga\\\/75\\\/2021\\\/03\\\/31\\\/general-assembly-president-to-travel-to-turkey-qatar-azerbaijan\\\/#breadcrumb\",\"itemListElement\":[{\"@type\":\"ListItem\",\"position\":1,\"name\":\"Home\",\"item\":\"https:\\\/\\\/www.un.org\\\/pga\\\/75\\\/\"},{\"@type\":\"ListItem\",\"position\":2,\"name\":\"GENERAL ASSEMBLY PRESIDENT TO TRAVEL TO TURKEY, QATAR &#038; AZERBAIJAN\"}]},{\"@type\":\"WebSite\",\"@id\":\"https:\\\/\\\/www.un.org\\\/pga\\\/75\\\/#website\",\"url\":\"https:\\\/\\\/www.un.org\\\/pga\\\/75\\\/\",\"name\":\"General Assembly of the United Nations President of the 75th session\",\"description\":\"President of the 75th session\",\"publisher\":{\"@id\":\"https:\\\/\\\/www.un.org\\\/pga\\\/75\\\/#organization\"},\"potentialAction\":[{\"@type\":\"SearchAction\",\"target\":{\"@type\":\"EntryPoint\",\"urlTemplate\":\"https:\\\/\\\/www.un.org\\\/pga\\\/75\\\/?s={search_term_string}\"},\"query-input\":{\"@type\":\"PropertyValueSpecification\",\"valueRequired\":true,\"valueName\":\"search_term_string\"}}],\"inLanguage\":\"en-US\"},{\"@type\":\"Organization\",\"@id\":\"https:\\\/\\\/www.un.org\\\/pga\\\/75\\\/#organization\",\"name\":\"President of the 75th session of the General Assembly of the United Nations General Assembly of the United Nations\",\"url\":\"https:\\\/\\\/www.un.org\\\/pga\\\/75\\\/\",\"logo\":{\"@type\":\"ImageObject\",\"inLanguage\":\"en-US\",\"@id\":\"https:\\\/\\\/www.un.org\\\/pga\\\/75\\\/#\\\/schema\\\/logo\\\/image\\\/\",\"url\":\"https:\\\/\\\/www.un.org\\\/pga\\\/wp-content\\\/uploads\\\/sites\\\/100\\\/2020\\\/09\\\/Ä¢¹½ÊÓÆµGA75_2020_REVERSED-01.png\",\"contentUrl\":\"https:\\\/\\\/www.un.org\\\/pga\\\/wp-content\\\/uploads\\\/sites\\\/100\\\/2020\\\/09\\\/Ä¢¹½ÊÓÆµGA75_2020_REVERSED-01.png\",\"width\":4397,\"height\":3221,\"caption\":\"President of the 75th session of the General Assembly of the United Nations General Assembly of the United Nations\"},\"image\":{\"@id\":\"https:\\\/\\\/www.un.org\\\/pga\\\/75\\\/#\\\/schema\\\/logo\\\/image\\\/\"},\"sameAs\":[\"https:\\\/\\\/x.com\\\/Ä¢¹½ÊÓÆµ_PGA\"]},{\"@type\":\"Person\",\"@id\":\"https:\\\/\\\/www.un.org\\\/pga\\\/75\\\/#\\\/schema\\\/person\\\/2163f6e1c83c25f2a07cf80459c086f2\",\"name\":\"Anna Fritzsche\",\"image\":{\"@type\":\"ImageObject\",\"inLanguage\":\"en-US\",\"@id\":\"https:\\\/\\\/secure.gravatar.com\\\/avatar\\\/2b20712cef3ab81180d36ce64bf763b9a0b8435b4690cca33349d51bd51b0511?s=96&d=mm&r=g\",\"url\":\"https:\\\/\\\/secure.gravatar.com\\\/avatar\\\/2b20712cef3ab81180d36ce64bf763b9a0b8435b4690cca33349d51bd51b0511?s=96&d=mm&r=g\",\"contentUrl\":\"https:\\\/\\\/secure.gravatar.com\\\/avatar\\\/2b20712cef3ab81180d36ce64bf763b9a0b8435b4690cca33349d51bd51b0511?s=96&d=mm&r=g\",\"caption\":\"Anna Fritzsche\"},\"url\":\"https:\\\/\\\/www.un.org\\\/pga\\\/75\\\/author\\\/fritzscheun-org\\\/\"}]}<\/script>\n<!-- \/ Yoast SEO plugin. -->","yoast_head_json":{"title":"GENERAL ASSEMBLY PRESIDENT TO TRAVEL TO TURKEY, QATAR & AZERBAIJAN | General Assembly of the United Nations","robots":{"index":"index","follow":"follow","max-snippet":"max-snippet:-1","max-image-preview":"max-image-preview:large","max-video-preview":"max-video-preview:-1"},"canonical":"https:\/\/www.un.org\/pga\/75\/2021\/03\/31\/general-assembly-president-to-travel-to-turkey-qatar-azerbaijan\/","og_locale":"en_US","og_type":"article","og_title":"GENERAL ASSEMBLY PRESIDENT TO TRAVEL TO TURKEY, QATAR & AZERBAIJAN | General Assembly of the United Nations","og_description":"NOTE TO CORRESPONDENTS","og_url":"https:\/\/www.un.org\/pga\/75\/2021\/03\/31\/general-assembly-president-to-travel-to-turkey-qatar-azerbaijan\/","og_site_name":"General Assembly of the United Nations","article_published_time":"2021-03-31T16:41:42+00:00","article_modified_time":"2021-03-31T16:43:14+00:00","og_image":[{"width":4397,"height":3221,"url":"https:\/\/www.un.org\/pga\/wp-content\/uploads\/sites\/100\/2020\/09\/Ä¢¹½ÊÓÆµGA75_2020_REVERSED-01.png","type":"image\/png"}],"author":"Anna Fritzsche","twitter_card":"summary_large_image","twitter_creator":"@Ä¢¹½ÊÓÆµ_PGA","twitter_site":"@Ä¢¹½ÊÓÆµ_PGA","twitter_misc":{"Written by":"Anna Fritzsche","Est. reading time":"5 minutes"},"schema":{"@context":"https:\/\/schema.org","@graph":[{"@type":"Article","@id":"https:\/\/www.un.org\/pga\/75\/2021\/03\/31\/general-assembly-president-to-travel-to-turkey-qatar-azerbaijan\/#article","isPartOf":{"@id":"https:\/\/www.un.org\/pga\/75\/2021\/03\/31\/general-assembly-president-to-travel-to-turkey-qatar-azerbaijan\/"},"author":{"name":"Anna Fritzsche","@id":"https:\/\/www.un.org\/pga\/75\/#\/schema\/person\/2163f6e1c83c25f2a07cf80459c086f2"},"headline":"GENERAL ASSEMBLY PRESIDENT TO TRAVEL TO TURKEY, QATAR &#038; AZERBAIJAN","datePublished":"2021-03-31T16:41:42+00:00","dateModified":"2021-03-31T16:43:14+00:00","mainEntityOfPage":{"@id":"https:\/\/www.un.org\/pga\/75\/2021\/03\/31\/general-assembly-president-to-travel-to-turkey-qatar-azerbaijan\/"},"wordCount":984,"publisher":{"@id":"https:\/\/www.un.org\/pga\/75\/#organization"},"articleSection":["Press Releases"],"inLanguage":"en-US"},{"@type":"WebPage","@id":"https:\/\/www.un.org\/pga\/75\/2021\/03\/31\/general-assembly-president-to-travel-to-turkey-qatar-azerbaijan\/","url":"https:\/\/www.un.org\/pga\/75\/2021\/03\/31\/general-assembly-president-to-travel-to-turkey-qatar-azerbaijan\/","name":"GENERAL ASSEMBLY PRESIDENT TO TRAVEL TO TURKEY, QATAR & AZERBAIJAN | General Assembly of the United Nations","isPartOf":{"@id":"https:\/\/www.un.org\/pga\/75\/#website"},"datePublished":"2021-03-31T16:41:42+00:00","dateModified":"2021-03-31T16:43:14+00:00","breadcrumb":{"@id":"https:\/\/www.un.org\/pga\/75\/2021\/03\/31\/general-assembly-president-to-travel-to-turkey-qatar-azerbaijan\/#breadcrumb"},"inLanguage":"en-US","potentialAction":[{"@type":"ReadAction","target":["https:\/\/www.un.org\/pga\/75\/2021\/03\/31\/general-assembly-president-to-travel-to-turkey-qatar-azerbaijan\/"]}]},{"@type":"BreadcrumbList","@id":"https:\/\/www.un.org\/pga\/75\/2021\/03\/31\/general-assembly-president-to-travel-to-turkey-qatar-azerbaijan\/#breadcrumb","itemListElement":[{"@type":"ListItem","position":1,"name":"Home","item":"https:\/\/www.un.org\/pga\/75\/"},{"@type":"ListItem","position":2,"name":"GENERAL ASSEMBLY PRESIDENT TO TRAVEL TO TURKEY, QATAR &#038; AZERBAIJAN"}]},{"@type":"WebSite","@id":"https:\/\/www.un.org\/pga\/75\/#website","url":"https:\/\/www.un.org\/pga\/75\/","name":"General Assembly of the United Nations President of the 75th session","description":"President of the 75th session","publisher":{"@id":"https:\/\/www.un.org\/pga\/75\/#organization"},"potentialAction":[{"@type":"SearchAction","target":{"@type":"EntryPoint","urlTemplate":"https:\/\/www.un.org\/pga\/75\/?s={search_term_string}"},"query-input":{"@type":"PropertyValueSpecification","valueRequired":true,"valueName":"search_term_string"}}],"inLanguage":"en-US"},{"@type":"Organization","@id":"https:\/\/www.un.org\/pga\/75\/#organization","name":"President of the 75th session of the General Assembly of the United Nations General Assembly of the United Nations","url":"https:\/\/www.un.org\/pga\/75\/","logo":{"@type":"ImageObject","inLanguage":"en-US","@id":"https:\/\/www.un.org\/pga\/75\/#\/schema\/logo\/image\/","url":"https:\/\/www.un.org\/pga\/wp-content\/uploads\/sites\/100\/2020\/09\/Ä¢¹½ÊÓÆµGA75_2020_REVERSED-01.png","contentUrl":"https:\/\/www.un.org\/pga\/wp-content\/uploads\/sites\/100\/2020\/09\/Ä¢¹½ÊÓÆµGA75_2020_REVERSED-01.png","width":4397,"height":3221,"caption":"President of the 75th session of the General Assembly of the United Nations General Assembly of the United Nations"},"image":{"@id":"https:\/\/www.un.org\/pga\/75\/#\/schema\/logo\/image\/"},"sameAs":["https:\/\/x.com\/Ä¢¹½ÊÓÆµ_PGA"]},{"@type":"Person","@id":"https:\/\/www.un.org\/pga\/75\/#\/schema\/person\/2163f6e1c83c25f2a07cf80459c086f2","name":"Anna Fritzsche","image":{"@type":"ImageObject","inLanguage":"en-US","@id":"https:\/\/secure.gravatar.com\/avatar\/2b20712cef3ab81180d36ce64bf763b9a0b8435b4690cca33349d51bd51b0511?s=96&d=mm&r=g","url":"https:\/\/secure.gravatar.com\/avatar\/2b20712cef3ab81180d36ce64bf763b9a0b8435b4690cca33349d51bd51b0511?s=96&d=mm&r=g","contentUrl":"https:\/\/secure.gravatar.com\/avatar\/2b20712cef3ab81180d36ce64bf763b9a0b8435b4690cca33349d51bd51b0511?s=96&d=mm&r=g","caption":"Anna Fritzsche"},"url":"https:\/\/www.un.org\/pga\/75\/author\/fritzscheun-org\/"}]}},"_links":{"self":[{"href":"https:\/\/www.un.org\/pga\/75\/wp-json\/wp\/v2\/posts\/240536","targetHints":{"allow":["GET"]}}],"collection":[{"href":"https:\/\/www.un.org\/pga\/75\/wp-json\/wp\/v2\/posts"}],"about":[{"href":"https:\/\/www.un.org\/pga\/75\/wp-json\/wp\/v2\/types\/post"}],"author":[{"embeddable":true,"href":"https:\/\/www.un.org\/pga\/75\/wp-json\/wp\/v2\/users\/342"}],"replies":[{"embeddable":true,"href":"https:\/\/www.un.org\/pga\/75\/wp-json\/wp\/v2\/comments?post=240536"}],"version-history":[{"count":0,"href":"https:\/\/www.un.org\/pga\/75\/wp-json\/wp\/v2\/posts\/240536\/revisions"}],"wp:attachment":[{"href":"https:\/\/www.un.org\/pga\/75\/wp-json\/wp\/v2\/media?parent=240536"}],"wp:term":[{"taxonomy":"category","embeddable":true,"href":"https:\/\/www.un.org\/pga\/75\/wp-json\/wp\/v2\/categories?post=240536"},{"taxonomy":"post_tag","embeddable":true,"href":"https:\/\/www.un.org\/pga\/75\/wp-json\/wp\/v2\/tags?post=240536"},{"taxonomy":"committee-meeting","embeddable":true,"href":"https:\/\/www.un.org\/pga\/75\/wp-json\/wp\/v2\/committee-meeting?post=240536"}],"curies":[{"name":"wp","href":"https:\/\/api.w.org\/{rel}","templated":true}]}}