  {"id":265009,"date":"2022-04-26T14:59:24","date_gmt":"2022-04-26T18:59:24","guid":{"rendered":"https:\/\/www.un.org\/pga\/76\/?p=265009"},"modified":"2022-04-30T15:00:22","modified_gmt":"2022-04-30T19:00:22","slug":"readout-of-meeting-between-president-of-general-assembly-and-h-e-ms-thordis-kolbrun-reykfjord-gylfadottir-minister-for-foreign-affairs-of-iceland","status":"publish","type":"post","link":"https:\/\/www.un.org\/pga\/76\/2022\/04\/26\/readout-of-meeting-between-president-of-general-assembly-and-h-e-ms-thordis-kolbrun-reykfjord-gylfadottir-minister-for-foreign-affairs-of-iceland\/","title":{"rendered":"Readout of meeting between President of General Assembly\u00a0and H.E. Ms. Th\u00f3rd\u00eds Kolbr\u00fan Reykfj\u00f6r\u00f0 Gylfad\u00f3ttir, Minister for Foreign Affairs of Iceland"},"content":{"rendered":"<p>&nbsp;<\/p>\n<p><i>The President of the 76th session of the General Assembly, H.E. Mr. Abdulla Shahid, met today with H.E. Ms. Th\u00f3rd\u00eds Kolbr\u00fan Reykfj\u00f6r\u00f0 Gylfad\u00f3ttir, Minister for Foreign Affairs of Iceland.<\/i><\/p>\n<p><i>\u00a0<\/i><\/p>\n<p><i>They discussed the war in Ukraine, and its impact in the region and across the world, including on food security and energy prices.\u00a0<\/i><\/p>\n<p><i>The President noted the strong support for the Emergency Special Session resolutions was a clear testament of support for the Ä¢¹½ÊÓÆµ Charter. He commended Iceland on its acceptance of refugees fleeing from the conflict. In the context of the ongoing conflict in Ukraine, the Minister stressed that the need for multilateralism has never been greater.\u00a0<\/i><\/p>\n<p><i>\u00a0<\/i><\/p>\n<p><i>The meeting took place in the President\u2019s office at United Nations Headquarters in New York.<\/i><\/p>\n<p><i>\u00a0<\/i><\/p>\n<p><i>26 April 2022<\/i><\/p>\n","protected":false},"excerpt":{"rendered":"<p>&nbsp; The President of the 76th session of the General Assembly, H.E. Mr. Abdulla Shahid, met today with H.E. Ms. Th\u00f3rd\u00eds Kolbr\u00fan Reykfj\u00f6r\u00f0 Gylfad\u00f3ttir, Minister for Foreign Affairs of Iceland. [&hellip;]<\/p>\n","protected":false},"author":361,"featured_media":0,"comment_status":"closed","ping_status":"closed","sticky":false,"template":"","format":"standard","meta":{"_et_pb_use_builder":"","_et_pb_old_content":"","_et_gb_content_width":"","footnotes":""},"categories":[105],"tags":[],"committee-meeting":[],"class_list":["post-265009","post","type-post","status-publish","format-standard","hentry","category-readout","et-doesnt-have-format-content","et_post_format-et-post-format-standard"],"yoast_head":"<!-- This site is optimized with the Yoast SEO plugin v28.3 - https:\/\/yoast.com\/product\/yoast-seo-wordpress\/ -->\n<title>Readout of meeting between President of General Assembly\u00a0and H.E. Ms. Th\u00f3rd\u00eds Kolbr\u00fan Reykfj\u00f6r\u00f0 Gylfad\u00f3ttir, Minister for Foreign Affairs of Iceland | General Assembly of the United Nations<\/title>\n<meta name=\"robots\" content=\"index, follow, max-snippet:-1, max-image-preview:large, max-video-preview:-1\" \/>\n<link rel=\"canonical\" href=\"https:\/\/www.un.org\/pga\/76\/2022\/04\/26\/readout-of-meeting-between-president-of-general-assembly-and-h-e-ms-thordis-kolbrun-reykfjord-gylfadottir-minister-for-foreign-affairs-of-iceland\/\" \/>\n<meta property=\"og:locale\" content=\"en_US\" \/>\n<meta property=\"og:type\" content=\"article\" \/>\n<meta property=\"og:title\" content=\"Readout of meeting between President of General Assembly\u00a0and H.E. Ms. Th\u00f3rd\u00eds Kolbr\u00fan Reykfj\u00f6r\u00f0 Gylfad\u00f3ttir, Minister for Foreign Affairs of Iceland | General Assembly of the United Nations\" \/>\n<meta property=\"og:description\" content=\"&nbsp; The President of the 76th session of the General Assembly, H.E. Mr. Abdulla Shahid, met today with H.E. Ms. Th\u00f3rd\u00eds Kolbr\u00fan Reykfj\u00f6r\u00f0 Gylfad\u00f3ttir, Minister for Foreign Affairs of Iceland. [&hellip;]\" \/>\n<meta property=\"og:url\" content=\"https:\/\/www.un.org\/pga\/76\/2022\/04\/26\/readout-of-meeting-between-president-of-general-assembly-and-h-e-ms-thordis-kolbrun-reykfjord-gylfadottir-minister-for-foreign-affairs-of-iceland\/\" \/>\n<meta property=\"og:site_name\" content=\"General Assembly of the United Nations\" \/>\n<meta property=\"article:published_time\" content=\"2022-04-26T18:59:24+00:00\" \/>\n<meta property=\"article:modified_time\" content=\"2022-04-30T19:00:22+00:00\" \/>\n<meta property=\"og:image\" content=\"https:\/\/www.un.org\/pga\/wp-content\/uploads\/sites\/101\/2020\/09\/Ä¢¹½ÊÓÆµGA75_2020_REVERSED-01.png\" \/>\n\t<meta property=\"og:image:width\" content=\"4397\" \/>\n\t<meta property=\"og:image:height\" content=\"3221\" \/>\n\t<meta property=\"og:image:type\" content=\"image\/png\" \/>\n<meta name=\"author\" content=\"Steven Viju Philip\" \/>\n<meta name=\"twitter:card\" content=\"summary_large_image\" \/>\n<meta name=\"twitter:creator\" content=\"@Ä¢¹½ÊÓÆµ_PGA\" \/>\n<meta name=\"twitter:site\" content=\"@Ä¢¹½ÊÓÆµ_PGA\" \/>\n<meta name=\"twitter:label1\" content=\"Written by\" \/>\n\t<meta name=\"twitter:data1\" content=\"Steven Viju Philip\" \/>\n\t<meta name=\"twitter:label2\" content=\"Est. reading time\" \/>\n\t<meta name=\"twitter:data2\" content=\"1 minute\" \/>\n<script type=\"application\/ld+json\" class=\"yoast-schema-graph\">{\"@context\":\"https:\\\/\\\/schema.org\",\"@graph\":[{\"@type\":\"Article\",\"@id\":\"https:\\\/\\\/www.un.org\\\/pga\\\/76\\\/2022\\\/04\\\/26\\\/readout-of-meeting-between-president-of-general-assembly-and-h-e-ms-thordis-kolbrun-reykfjord-gylfadottir-minister-for-foreign-affairs-of-iceland\\\/#article\",\"isPartOf\":{\"@id\":\"https:\\\/\\\/www.un.org\\\/pga\\\/76\\\/2022\\\/04\\\/26\\\/readout-of-meeting-between-president-of-general-assembly-and-h-e-ms-thordis-kolbrun-reykfjord-gylfadottir-minister-for-foreign-affairs-of-iceland\\\/\"},\"author\":{\"name\":\"Steven Viju Philip\",\"@id\":\"https:\\\/\\\/www.un.org\\\/pga\\\/76\\\/#\\\/schema\\\/person\\\/5023a3e992d3ff96de578367d1f34eaa\"},\"headline\":\"Readout of meeting between President of General Assembly\u00a0and H.E. Ms. Th\u00f3rd\u00eds Kolbr\u00fan Reykfj\u00f6r\u00f0 Gylfad\u00f3ttir, Minister for Foreign Affairs of Iceland\",\"datePublished\":\"2022-04-26T18:59:24+00:00\",\"dateModified\":\"2022-04-30T19:00:22+00:00\",\"mainEntityOfPage\":{\"@id\":\"https:\\\/\\\/www.un.org\\\/pga\\\/76\\\/2022\\\/04\\\/26\\\/readout-of-meeting-between-president-of-general-assembly-and-h-e-ms-thordis-kolbrun-reykfjord-gylfadottir-minister-for-foreign-affairs-of-iceland\\\/\"},\"wordCount\":159,\"publisher\":{\"@id\":\"https:\\\/\\\/www.un.org\\\/pga\\\/76\\\/#organization\"},\"articleSection\":[\"Readout\"],\"inLanguage\":\"en-US\"},{\"@type\":\"WebPage\",\"@id\":\"https:\\\/\\\/www.un.org\\\/pga\\\/76\\\/2022\\\/04\\\/26\\\/readout-of-meeting-between-president-of-general-assembly-and-h-e-ms-thordis-kolbrun-reykfjord-gylfadottir-minister-for-foreign-affairs-of-iceland\\\/\",\"url\":\"https:\\\/\\\/www.un.org\\\/pga\\\/76\\\/2022\\\/04\\\/26\\\/readout-of-meeting-between-president-of-general-assembly-and-h-e-ms-thordis-kolbrun-reykfjord-gylfadottir-minister-for-foreign-affairs-of-iceland\\\/\",\"name\":\"Readout of meeting between President of General Assembly\u00a0and H.E. Ms. Th\u00f3rd\u00eds Kolbr\u00fan Reykfj\u00f6r\u00f0 Gylfad\u00f3ttir, Minister for Foreign Affairs of Iceland | General Assembly of the United Nations\",\"isPartOf\":{\"@id\":\"https:\\\/\\\/www.un.org\\\/pga\\\/76\\\/#website\"},\"datePublished\":\"2022-04-26T18:59:24+00:00\",\"dateModified\":\"2022-04-30T19:00:22+00:00\",\"breadcrumb\":{\"@id\":\"https:\\\/\\\/www.un.org\\\/pga\\\/76\\\/2022\\\/04\\\/26\\\/readout-of-meeting-between-president-of-general-assembly-and-h-e-ms-thordis-kolbrun-reykfjord-gylfadottir-minister-for-foreign-affairs-of-iceland\\\/#breadcrumb\"},\"inLanguage\":\"en-US\",\"potentialAction\":[{\"@type\":\"ReadAction\",\"target\":[\"https:\\\/\\\/www.un.org\\\/pga\\\/76\\\/2022\\\/04\\\/26\\\/readout-of-meeting-between-president-of-general-assembly-and-h-e-ms-thordis-kolbrun-reykfjord-gylfadottir-minister-for-foreign-affairs-of-iceland\\\/\"]}]},{\"@type\":\"BreadcrumbList\",\"@id\":\"https:\\\/\\\/www.un.org\\\/pga\\\/76\\\/2022\\\/04\\\/26\\\/readout-of-meeting-between-president-of-general-assembly-and-h-e-ms-thordis-kolbrun-reykfjord-gylfadottir-minister-for-foreign-affairs-of-iceland\\\/#breadcrumb\",\"itemListElement\":[{\"@type\":\"ListItem\",\"position\":1,\"name\":\"Home\",\"item\":\"https:\\\/\\\/www.un.org\\\/pga\\\/76\\\/\"},{\"@type\":\"ListItem\",\"position\":2,\"name\":\"Readout of meeting between President of General Assembly\u00a0and H.E. Ms. Th\u00f3rd\u00eds Kolbr\u00fan Reykfj\u00f6r\u00f0 Gylfad\u00f3ttir, Minister for Foreign Affairs of Iceland\"}]},{\"@type\":\"WebSite\",\"@id\":\"https:\\\/\\\/www.un.org\\\/pga\\\/76\\\/#website\",\"url\":\"https:\\\/\\\/www.un.org\\\/pga\\\/76\\\/\",\"name\":\"General Assembly of the United Nations President of the 75th session\",\"description\":\"President of the 76th session\",\"publisher\":{\"@id\":\"https:\\\/\\\/www.un.org\\\/pga\\\/76\\\/#organization\"},\"potentialAction\":[{\"@type\":\"SearchAction\",\"target\":{\"@type\":\"EntryPoint\",\"urlTemplate\":\"https:\\\/\\\/www.un.org\\\/pga\\\/76\\\/?s={search_term_string}\"},\"query-input\":{\"@type\":\"PropertyValueSpecification\",\"valueRequired\":true,\"valueName\":\"search_term_string\"}}],\"inLanguage\":\"en-US\"},{\"@type\":\"Organization\",\"@id\":\"https:\\\/\\\/www.un.org\\\/pga\\\/76\\\/#organization\",\"name\":\"President of the 75th session of the General Assembly of the United Nations General Assembly of the United Nations\",\"url\":\"https:\\\/\\\/www.un.org\\\/pga\\\/76\\\/\",\"logo\":{\"@type\":\"ImageObject\",\"inLanguage\":\"en-US\",\"@id\":\"https:\\\/\\\/www.un.org\\\/pga\\\/76\\\/#\\\/schema\\\/logo\\\/image\\\/\",\"url\":\"https:\\\/\\\/www.un.org\\\/pga\\\/wp-content\\\/uploads\\\/sites\\\/101\\\/2020\\\/09\\\/Ä¢¹½ÊÓÆµGA75_2020_REVERSED-01.png\",\"contentUrl\":\"https:\\\/\\\/www.un.org\\\/pga\\\/wp-content\\\/uploads\\\/sites\\\/101\\\/2020\\\/09\\\/Ä¢¹½ÊÓÆµGA75_2020_REVERSED-01.png\",\"width\":4397,\"height\":3221,\"caption\":\"President of the 75th session of the General Assembly of the United Nations General Assembly of the United Nations\"},\"image\":{\"@id\":\"https:\\\/\\\/www.un.org\\\/pga\\\/76\\\/#\\\/schema\\\/logo\\\/image\\\/\"},\"sameAs\":[\"https:\\\/\\\/x.com\\\/Ä¢¹½ÊÓÆµ_PGA\"]},{\"@type\":\"Person\",\"@id\":\"https:\\\/\\\/www.un.org\\\/pga\\\/76\\\/#\\\/schema\\\/person\\\/5023a3e992d3ff96de578367d1f34eaa\",\"name\":\"Steven Viju Philip\",\"image\":{\"@type\":\"ImageObject\",\"inLanguage\":\"en-US\",\"@id\":\"https:\\\/\\\/secure.gravatar.com\\\/avatar\\\/b7eeae8bb41e490d2a19a2c055de1ab0ba39eabe8944aeed22a41f41b9d8e1a1?s=96&d=mm&r=g\",\"url\":\"https:\\\/\\\/secure.gravatar.com\\\/avatar\\\/b7eeae8bb41e490d2a19a2c055de1ab0ba39eabe8944aeed22a41f41b9d8e1a1?s=96&d=mm&r=g\",\"contentUrl\":\"https:\\\/\\\/secure.gravatar.com\\\/avatar\\\/b7eeae8bb41e490d2a19a2c055de1ab0ba39eabe8944aeed22a41f41b9d8e1a1?s=96&d=mm&r=g\",\"caption\":\"Steven Viju Philip\"},\"url\":\"https:\\\/\\\/www.un.org\\\/pga\\\/76\\\/author\\\/steven-philipun-org\\\/\"}]}<\/script>\n<!-- \/ Yoast SEO plugin. -->","yoast_head_json":{"title":"Readout of meeting between President of General Assembly\u00a0and H.E. Ms. Th\u00f3rd\u00eds Kolbr\u00fan Reykfj\u00f6r\u00f0 Gylfad\u00f3ttir, Minister for Foreign Affairs of Iceland | General Assembly of the United Nations","robots":{"index":"index","follow":"follow","max-snippet":"max-snippet:-1","max-image-preview":"max-image-preview:large","max-video-preview":"max-video-preview:-1"},"canonical":"https:\/\/www.un.org\/pga\/76\/2022\/04\/26\/readout-of-meeting-between-president-of-general-assembly-and-h-e-ms-thordis-kolbrun-reykfjord-gylfadottir-minister-for-foreign-affairs-of-iceland\/","og_locale":"en_US","og_type":"article","og_title":"Readout of meeting between President of General Assembly\u00a0and H.E. Ms. Th\u00f3rd\u00eds Kolbr\u00fan Reykfj\u00f6r\u00f0 Gylfad\u00f3ttir, Minister for Foreign Affairs of Iceland | General Assembly of the United Nations","og_description":"&nbsp; The President of the 76th session of the General Assembly, H.E. Mr. Abdulla Shahid, met today with H.E. Ms. Th\u00f3rd\u00eds Kolbr\u00fan Reykfj\u00f6r\u00f0 Gylfad\u00f3ttir, Minister for Foreign Affairs of Iceland. [&hellip;]","og_url":"https:\/\/www.un.org\/pga\/76\/2022\/04\/26\/readout-of-meeting-between-president-of-general-assembly-and-h-e-ms-thordis-kolbrun-reykfjord-gylfadottir-minister-for-foreign-affairs-of-iceland\/","og_site_name":"General Assembly of the United Nations","article_published_time":"2022-04-26T18:59:24+00:00","article_modified_time":"2022-04-30T19:00:22+00:00","og_image":[{"width":4397,"height":3221,"url":"https:\/\/www.un.org\/pga\/wp-content\/uploads\/sites\/101\/2020\/09\/Ä¢¹½ÊÓÆµGA75_2020_REVERSED-01.png","type":"image\/png"}],"author":"Steven Viju Philip","twitter_card":"summary_large_image","twitter_creator":"@Ä¢¹½ÊÓÆµ_PGA","twitter_site":"@Ä¢¹½ÊÓÆµ_PGA","twitter_misc":{"Written by":"Steven Viju Philip","Est. reading time":"1 minute"},"schema":{"@context":"https:\/\/schema.org","@graph":[{"@type":"Article","@id":"https:\/\/www.un.org\/pga\/76\/2022\/04\/26\/readout-of-meeting-between-president-of-general-assembly-and-h-e-ms-thordis-kolbrun-reykfjord-gylfadottir-minister-for-foreign-affairs-of-iceland\/#article","isPartOf":{"@id":"https:\/\/www.un.org\/pga\/76\/2022\/04\/26\/readout-of-meeting-between-president-of-general-assembly-and-h-e-ms-thordis-kolbrun-reykfjord-gylfadottir-minister-for-foreign-affairs-of-iceland\/"},"author":{"name":"Steven Viju Philip","@id":"https:\/\/www.un.org\/pga\/76\/#\/schema\/person\/5023a3e992d3ff96de578367d1f34eaa"},"headline":"Readout of meeting between President of General Assembly\u00a0and H.E. Ms. Th\u00f3rd\u00eds Kolbr\u00fan Reykfj\u00f6r\u00f0 Gylfad\u00f3ttir, Minister for Foreign Affairs of Iceland","datePublished":"2022-04-26T18:59:24+00:00","dateModified":"2022-04-30T19:00:22+00:00","mainEntityOfPage":{"@id":"https:\/\/www.un.org\/pga\/76\/2022\/04\/26\/readout-of-meeting-between-president-of-general-assembly-and-h-e-ms-thordis-kolbrun-reykfjord-gylfadottir-minister-for-foreign-affairs-of-iceland\/"},"wordCount":159,"publisher":{"@id":"https:\/\/www.un.org\/pga\/76\/#organization"},"articleSection":["Readout"],"inLanguage":"en-US"},{"@type":"WebPage","@id":"https:\/\/www.un.org\/pga\/76\/2022\/04\/26\/readout-of-meeting-between-president-of-general-assembly-and-h-e-ms-thordis-kolbrun-reykfjord-gylfadottir-minister-for-foreign-affairs-of-iceland\/","url":"https:\/\/www.un.org\/pga\/76\/2022\/04\/26\/readout-of-meeting-between-president-of-general-assembly-and-h-e-ms-thordis-kolbrun-reykfjord-gylfadottir-minister-for-foreign-affairs-of-iceland\/","name":"Readout of meeting between President of General Assembly\u00a0and H.E. Ms. Th\u00f3rd\u00eds Kolbr\u00fan Reykfj\u00f6r\u00f0 Gylfad\u00f3ttir, Minister for Foreign Affairs of Iceland | General Assembly of the United Nations","isPartOf":{"@id":"https:\/\/www.un.org\/pga\/76\/#website"},"datePublished":"2022-04-26T18:59:24+00:00","dateModified":"2022-04-30T19:00:22+00:00","breadcrumb":{"@id":"https:\/\/www.un.org\/pga\/76\/2022\/04\/26\/readout-of-meeting-between-president-of-general-assembly-and-h-e-ms-thordis-kolbrun-reykfjord-gylfadottir-minister-for-foreign-affairs-of-iceland\/#breadcrumb"},"inLanguage":"en-US","potentialAction":[{"@type":"ReadAction","target":["https:\/\/www.un.org\/pga\/76\/2022\/04\/26\/readout-of-meeting-between-president-of-general-assembly-and-h-e-ms-thordis-kolbrun-reykfjord-gylfadottir-minister-for-foreign-affairs-of-iceland\/"]}]},{"@type":"BreadcrumbList","@id":"https:\/\/www.un.org\/pga\/76\/2022\/04\/26\/readout-of-meeting-between-president-of-general-assembly-and-h-e-ms-thordis-kolbrun-reykfjord-gylfadottir-minister-for-foreign-affairs-of-iceland\/#breadcrumb","itemListElement":[{"@type":"ListItem","position":1,"name":"Home","item":"https:\/\/www.un.org\/pga\/76\/"},{"@type":"ListItem","position":2,"name":"Readout of meeting between President of General Assembly\u00a0and H.E. Ms. Th\u00f3rd\u00eds Kolbr\u00fan Reykfj\u00f6r\u00f0 Gylfad\u00f3ttir, Minister for Foreign Affairs of Iceland"}]},{"@type":"WebSite","@id":"https:\/\/www.un.org\/pga\/76\/#website","url":"https:\/\/www.un.org\/pga\/76\/","name":"General Assembly of the United Nations President of the 75th session","description":"President of the 76th session","publisher":{"@id":"https:\/\/www.un.org\/pga\/76\/#organization"},"potentialAction":[{"@type":"SearchAction","target":{"@type":"EntryPoint","urlTemplate":"https:\/\/www.un.org\/pga\/76\/?s={search_term_string}"},"query-input":{"@type":"PropertyValueSpecification","valueRequired":true,"valueName":"search_term_string"}}],"inLanguage":"en-US"},{"@type":"Organization","@id":"https:\/\/www.un.org\/pga\/76\/#organization","name":"President of the 75th session of the General Assembly of the United Nations General Assembly of the United Nations","url":"https:\/\/www.un.org\/pga\/76\/","logo":{"@type":"ImageObject","inLanguage":"en-US","@id":"https:\/\/www.un.org\/pga\/76\/#\/schema\/logo\/image\/","url":"https:\/\/www.un.org\/pga\/wp-content\/uploads\/sites\/101\/2020\/09\/Ä¢¹½ÊÓÆµGA75_2020_REVERSED-01.png","contentUrl":"https:\/\/www.un.org\/pga\/wp-content\/uploads\/sites\/101\/2020\/09\/Ä¢¹½ÊÓÆµGA75_2020_REVERSED-01.png","width":4397,"height":3221,"caption":"President of the 75th session of the General Assembly of the United Nations General Assembly of the United Nations"},"image":{"@id":"https:\/\/www.un.org\/pga\/76\/#\/schema\/logo\/image\/"},"sameAs":["https:\/\/x.com\/Ä¢¹½ÊÓÆµ_PGA"]},{"@type":"Person","@id":"https:\/\/www.un.org\/pga\/76\/#\/schema\/person\/5023a3e992d3ff96de578367d1f34eaa","name":"Steven Viju Philip","image":{"@type":"ImageObject","inLanguage":"en-US","@id":"https:\/\/secure.gravatar.com\/avatar\/b7eeae8bb41e490d2a19a2c055de1ab0ba39eabe8944aeed22a41f41b9d8e1a1?s=96&d=mm&r=g","url":"https:\/\/secure.gravatar.com\/avatar\/b7eeae8bb41e490d2a19a2c055de1ab0ba39eabe8944aeed22a41f41b9d8e1a1?s=96&d=mm&r=g","contentUrl":"https:\/\/secure.gravatar.com\/avatar\/b7eeae8bb41e490d2a19a2c055de1ab0ba39eabe8944aeed22a41f41b9d8e1a1?s=96&d=mm&r=g","caption":"Steven Viju Philip"},"url":"https:\/\/www.un.org\/pga\/76\/author\/steven-philipun-org\/"}]}},"_links":{"self":[{"href":"https:\/\/www.un.org\/pga\/76\/wp-json\/wp\/v2\/posts\/265009","targetHints":{"allow":["GET"]}}],"collection":[{"href":"https:\/\/www.un.org\/pga\/76\/wp-json\/wp\/v2\/posts"}],"about":[{"href":"https:\/\/www.un.org\/pga\/76\/wp-json\/wp\/v2\/types\/post"}],"author":[{"embeddable":true,"href":"https:\/\/www.un.org\/pga\/76\/wp-json\/wp\/v2\/users\/361"}],"replies":[{"embeddable":true,"href":"https:\/\/www.un.org\/pga\/76\/wp-json\/wp\/v2\/comments?post=265009"}],"version-history":[{"count":0,"href":"https:\/\/www.un.org\/pga\/76\/wp-json\/wp\/v2\/posts\/265009\/revisions"}],"wp:attachment":[{"href":"https:\/\/www.un.org\/pga\/76\/wp-json\/wp\/v2\/media?parent=265009"}],"wp:term":[{"taxonomy":"category","embeddable":true,"href":"https:\/\/www.un.org\/pga\/76\/wp-json\/wp\/v2\/categories?post=265009"},{"taxonomy":"post_tag","embeddable":true,"href":"https:\/\/www.un.org\/pga\/76\/wp-json\/wp\/v2\/tags?post=265009"},{"taxonomy":"committee-meeting","embeddable":true,"href":"https:\/\/www.un.org\/pga\/76\/wp-json\/wp\/v2\/committee-meeting?post=265009"}],"curies":[{"name":"wp","href":"https:\/\/api.w.org\/{rel}","templated":true}]}}