  {"id":265069,"date":"2022-04-27T14:58:32","date_gmt":"2022-04-27T18:58:32","guid":{"rendered":"https:\/\/www.un.org\/pga\/76\/?p=265069"},"modified":"2022-05-03T15:00:32","modified_gmt":"2022-05-03T19:00:32","slug":"press-briefing-by-spokesperson-29-april-2022-2","status":"publish","type":"post","link":"https:\/\/www.un.org\/pga\/76\/2022\/04\/27\/press-briefing-by-spokesperson-29-april-2022-2\/","title":{"rendered":"Press Briefing by Spokesperson \u2013 27 April 2022"},"content":{"rendered":"<p style=\"text-align: center\"><strong>NOON BRIEFING HIGHLIGHTS BY PAULINA KUBIAK GREER,<\/strong><br \/>\n<strong>SPOKESPERSON FOR GENERAL ASSEMBLY PRESIDENT ABDULLA SHAHID<\/strong><br \/>\n<strong>United Nations Headquarters, New York<\/strong><\/p>\n<p><strong>PEACEBUILDING<\/strong><\/p>\n<p>The President of the General Assembly, Abdulla Shahid, today convened the High-level Meeting on Peacebuilding Financing.<\/p>\n<p>Speaking at the opening, he noted that the goal of investing US$500 million per year towards the Peacebuilding Fund is not yet being met.\u00a0This, the President said, is fiscally shortsighted, because investing in peacebuilding could end up resulting in net savings of up to 70 billion dollars.<\/p>\n<p>President Shahid encouraged Member States to advance\u00a0possible solutions and make commitments to address the financing gap\u00a0for prevention and peacebuilding.<\/p>\n<p>The high-level meeting is being convened in accordance with the third review process of the Ä¢¹½ÊÓÆµ Peacebuilding Architecture, and its twin resolutions A\/RES\/75\/201 and S\/RES\/2558 (2020) on peacebuilding and sustaining peace. The resolutions note that peacebuilding financing remains a critical challenge, and therefore call for the high-level meeting to advance, explore and consider options for ensuring adequate, predictable and sustained financing for peacebuilding.<\/p>\n<p>The President spoke alongside Under-Secretary-General for Policy, in the Executive Office of the Secretary-General, Mr. Volker T\u00fcrk, representing the Secretary-General.<\/p>\n<p>President Shahid will speak again at the closing of the high-level meeting.<\/p>\n<p>In terms of an outcome from the meeting, there will be a Chair\u2019s summary, which will be circulated to Member States.<\/p>\n<p>&nbsp;<\/p>\n<p><strong>LOCAL AND REGIONAL GOVERNMENTS<\/strong><\/p>\n<p>President Shahid today addressed the opening of the World Assembly of Local and Regional Governments. This is a group of local and regional leaders from around the world.<\/p>\n<p>This meeting comes ahead of tomorrow\u2019s high-level meeting on assessing progress on implementation of the New Urban Agenda.<\/p>\n<p>President Shahid told the World Assembly that the international community needs the support of local and regional governments in helping to respond to the needs of the planet, and to helping protect future generations from the consequences of climate change. He said cities and mayors are \u2018first responders\u2019 who can salvage the Sustainable Development Goals in the face of multiple ongoing crises. He added that the international community must always remember that it has the financial and technological capacity to succeed. But that it requires political will.<\/p>\n<p>&nbsp;<\/p>\n<p><strong>BILATERALS<\/strong><\/p>\n<p>President Shahid met this morning with Ms. Kamina Johnson Smith, Minister of Foreign Affairs and Foreign Trade of Jamaica. The Foreign Minister is in town for the ECOSOC Financing for Development Forum.<\/p>\n<p>President Shahid will meet with Mr. P\u00e9ter Szijj\u00e1rt\u00f3, Minister for Foreign Affairs and Trade of Hungary.<\/p>\n<p>President Shahid is also expected to have a bilateral with Ms. Veronika Remi\u0161ov\u00e1, Deputy Prime Minister and Minister for Investments, Regional Development and Informatization of the Slovak Republic. The bilateral is expected to touch on the New Urban Agenda. The high-level meeting to assess implementation of New Urban Agenda is tomorrow, as I have mentioned.<\/p>\n<p>Among the other bilaterals for today\u2026<\/p>\n<p>President Shahid will meet with James Macharia EGH. He is the Cabinet Secretary for Transport, Infrastructure, Housing Urban Development and Public Works of the Republic of Kenya.<\/p>\n<p>President Shahid will also meet with Mr. Jean Todt, the Special Envoy for Road Safety. The high\u2011level\u00a0<em>meeting<\/em>\u00a0on improving global\u00a0<em>road safety<\/em>\u00a0will be held in July.<\/p>\n<p><strong>QUESTIONS<\/strong><\/p>\n<p>The Spokesperson was asked if President Shahid was aware of reported threats against diplomats and\/or their children ahead of the Emergency Special Session. If not, will he investigate. The Spokesperson responded by email that the President is not aware of such events taking place. Probing such reports is not part of the President\u2019s mandate.<\/p>\n<p>The Spokesperson was asked when the General Assembly would meet to vote on the vacancy in the Human Rights Council. The Spokesperson said she did not have a date to announce.<\/p>\n","protected":false},"excerpt":{"rendered":"<p>NOON BRIEFING HIGHLIGHTS BY PAULINA KUBIAK GREER, SPOKESPERSON FOR GENERAL ASSEMBLY PRESIDENT ABDULLA SHAHID United Nations Headquarters, New York PEACEBUILDING The President of the General Assembly, Abdulla Shahid, today convened [&hellip;]<\/p>\n","protected":false},"author":360,"featured_media":0,"comment_status":"closed","ping_status":"closed","sticky":false,"template":"","format":"standard","meta":{"_et_pb_use_builder":"","_et_pb_old_content":"","_et_gb_content_width":"","footnotes":""},"categories":[108],"tags":[905,920],"committee-meeting":[],"class_list":["post-265069","post","type-post","status-publish","format-standard","hentry","category-spokespersons-briefings","tag-new-urban-agenda","tag-peacebuilding","et-doesnt-have-format-content","et_post_format-et-post-format-standard"],"yoast_head":"<!-- This site is optimized with the Yoast SEO plugin v28.3 - https:\/\/yoast.com\/product\/yoast-seo-wordpress\/ -->\n<title>Press Briefing by Spokesperson \u2013 27 April 2022 | General Assembly of the United Nations<\/title>\n<meta name=\"robots\" content=\"index, follow, max-snippet:-1, max-image-preview:large, max-video-preview:-1\" \/>\n<link rel=\"canonical\" href=\"https:\/\/www.un.org\/pga\/76\/2022\/04\/27\/press-briefing-by-spokesperson-29-april-2022-2\/\" \/>\n<meta property=\"og:locale\" content=\"en_US\" \/>\n<meta property=\"og:type\" content=\"article\" \/>\n<meta property=\"og:title\" content=\"Press Briefing by Spokesperson \u2013 27 April 2022 | General Assembly of the United Nations\" \/>\n<meta property=\"og:description\" content=\"NOON BRIEFING HIGHLIGHTS BY PAULINA KUBIAK GREER, SPOKESPERSON FOR GENERAL ASSEMBLY PRESIDENT ABDULLA SHAHID United Nations Headquarters, New York PEACEBUILDING The President of the General Assembly, Abdulla Shahid, today convened [&hellip;]\" \/>\n<meta property=\"og:url\" content=\"https:\/\/www.un.org\/pga\/76\/2022\/04\/27\/press-briefing-by-spokesperson-29-april-2022-2\/\" \/>\n<meta property=\"og:site_name\" content=\"General Assembly of the United Nations\" \/>\n<meta property=\"article:published_time\" content=\"2022-04-27T18:58:32+00:00\" \/>\n<meta property=\"article:modified_time\" content=\"2022-05-03T19:00:32+00:00\" \/>\n<meta property=\"og:image\" content=\"https:\/\/www.un.org\/pga\/wp-content\/uploads\/sites\/101\/2020\/09\/Ä¢¹½ÊÓÆµGA75_2020_REVERSED-01.png\" \/>\n\t<meta property=\"og:image:width\" content=\"4397\" \/>\n\t<meta property=\"og:image:height\" content=\"3221\" \/>\n\t<meta property=\"og:image:type\" content=\"image\/png\" \/>\n<meta name=\"author\" content=\"Paulina Greer\" \/>\n<meta name=\"twitter:card\" content=\"summary_large_image\" \/>\n<meta name=\"twitter:creator\" content=\"@Ä¢¹½ÊÓÆµ_PGA\" \/>\n<meta name=\"twitter:site\" content=\"@Ä¢¹½ÊÓÆµ_PGA\" \/>\n<meta name=\"twitter:label1\" content=\"Written by\" \/>\n\t<meta name=\"twitter:data1\" content=\"Paulina Greer\" \/>\n\t<meta name=\"twitter:label2\" content=\"Est. reading time\" \/>\n\t<meta name=\"twitter:data2\" content=\"3 minutes\" \/>\n<script type=\"application\/ld+json\" class=\"yoast-schema-graph\">{\"@context\":\"https:\\\/\\\/schema.org\",\"@graph\":[{\"@type\":\"Article\",\"@id\":\"https:\\\/\\\/www.un.org\\\/pga\\\/76\\\/2022\\\/04\\\/27\\\/press-briefing-by-spokesperson-29-april-2022-2\\\/#article\",\"isPartOf\":{\"@id\":\"https:\\\/\\\/www.un.org\\\/pga\\\/76\\\/2022\\\/04\\\/27\\\/press-briefing-by-spokesperson-29-april-2022-2\\\/\"},\"author\":{\"name\":\"Paulina Greer\",\"@id\":\"https:\\\/\\\/www.un.org\\\/pga\\\/76\\\/#\\\/schema\\\/person\\\/25c5989ea34cbca9b6abfb3f464b38b1\"},\"headline\":\"Press Briefing by Spokesperson \u2013 27 April 2022\",\"datePublished\":\"2022-04-27T18:58:32+00:00\",\"dateModified\":\"2022-05-03T19:00:32+00:00\",\"mainEntityOfPage\":{\"@id\":\"https:\\\/\\\/www.un.org\\\/pga\\\/76\\\/2022\\\/04\\\/27\\\/press-briefing-by-spokesperson-29-april-2022-2\\\/\"},\"wordCount\":625,\"publisher\":{\"@id\":\"https:\\\/\\\/www.un.org\\\/pga\\\/76\\\/#organization\"},\"keywords\":[\"New Urban Agenda\",\"peacebuilding\"],\"articleSection\":[\"Spokesperson's Briefings\"],\"inLanguage\":\"en-US\"},{\"@type\":\"WebPage\",\"@id\":\"https:\\\/\\\/www.un.org\\\/pga\\\/76\\\/2022\\\/04\\\/27\\\/press-briefing-by-spokesperson-29-april-2022-2\\\/\",\"url\":\"https:\\\/\\\/www.un.org\\\/pga\\\/76\\\/2022\\\/04\\\/27\\\/press-briefing-by-spokesperson-29-april-2022-2\\\/\",\"name\":\"Press Briefing by Spokesperson \u2013 27 April 2022 | General Assembly of the United Nations\",\"isPartOf\":{\"@id\":\"https:\\\/\\\/www.un.org\\\/pga\\\/76\\\/#website\"},\"datePublished\":\"2022-04-27T18:58:32+00:00\",\"dateModified\":\"2022-05-03T19:00:32+00:00\",\"breadcrumb\":{\"@id\":\"https:\\\/\\\/www.un.org\\\/pga\\\/76\\\/2022\\\/04\\\/27\\\/press-briefing-by-spokesperson-29-april-2022-2\\\/#breadcrumb\"},\"inLanguage\":\"en-US\",\"potentialAction\":[{\"@type\":\"ReadAction\",\"target\":[\"https:\\\/\\\/www.un.org\\\/pga\\\/76\\\/2022\\\/04\\\/27\\\/press-briefing-by-spokesperson-29-april-2022-2\\\/\"]}]},{\"@type\":\"BreadcrumbList\",\"@id\":\"https:\\\/\\\/www.un.org\\\/pga\\\/76\\\/2022\\\/04\\\/27\\\/press-briefing-by-spokesperson-29-april-2022-2\\\/#breadcrumb\",\"itemListElement\":[{\"@type\":\"ListItem\",\"position\":1,\"name\":\"Home\",\"item\":\"https:\\\/\\\/www.un.org\\\/pga\\\/76\\\/\"},{\"@type\":\"ListItem\",\"position\":2,\"name\":\"Press Briefing by Spokesperson \u2013 27 April 2022\"}]},{\"@type\":\"WebSite\",\"@id\":\"https:\\\/\\\/www.un.org\\\/pga\\\/76\\\/#website\",\"url\":\"https:\\\/\\\/www.un.org\\\/pga\\\/76\\\/\",\"name\":\"General Assembly of the United Nations President of the 75th session\",\"description\":\"President of the 76th session\",\"publisher\":{\"@id\":\"https:\\\/\\\/www.un.org\\\/pga\\\/76\\\/#organization\"},\"potentialAction\":[{\"@type\":\"SearchAction\",\"target\":{\"@type\":\"EntryPoint\",\"urlTemplate\":\"https:\\\/\\\/www.un.org\\\/pga\\\/76\\\/?s={search_term_string}\"},\"query-input\":{\"@type\":\"PropertyValueSpecification\",\"valueRequired\":true,\"valueName\":\"search_term_string\"}}],\"inLanguage\":\"en-US\"},{\"@type\":\"Organization\",\"@id\":\"https:\\\/\\\/www.un.org\\\/pga\\\/76\\\/#organization\",\"name\":\"President of the 75th session of the General Assembly of the United Nations General Assembly of the United Nations\",\"url\":\"https:\\\/\\\/www.un.org\\\/pga\\\/76\\\/\",\"logo\":{\"@type\":\"ImageObject\",\"inLanguage\":\"en-US\",\"@id\":\"https:\\\/\\\/www.un.org\\\/pga\\\/76\\\/#\\\/schema\\\/logo\\\/image\\\/\",\"url\":\"https:\\\/\\\/www.un.org\\\/pga\\\/wp-content\\\/uploads\\\/sites\\\/101\\\/2020\\\/09\\\/Ä¢¹½ÊÓÆµGA75_2020_REVERSED-01.png\",\"contentUrl\":\"https:\\\/\\\/www.un.org\\\/pga\\\/wp-content\\\/uploads\\\/sites\\\/101\\\/2020\\\/09\\\/Ä¢¹½ÊÓÆµGA75_2020_REVERSED-01.png\",\"width\":4397,\"height\":3221,\"caption\":\"President of the 75th session of the General Assembly of the United Nations General Assembly of the United Nations\"},\"image\":{\"@id\":\"https:\\\/\\\/www.un.org\\\/pga\\\/76\\\/#\\\/schema\\\/logo\\\/image\\\/\"},\"sameAs\":[\"https:\\\/\\\/x.com\\\/Ä¢¹½ÊÓÆµ_PGA\"]},{\"@type\":\"Person\",\"@id\":\"https:\\\/\\\/www.un.org\\\/pga\\\/76\\\/#\\\/schema\\\/person\\\/25c5989ea34cbca9b6abfb3f464b38b1\",\"name\":\"Paulina Greer\",\"image\":{\"@type\":\"ImageObject\",\"inLanguage\":\"en-US\",\"@id\":\"https:\\\/\\\/secure.gravatar.com\\\/avatar\\\/aab26e77bdba8cf226e2792403a458cd44106ad1f229dba0018b0634ef1a6531?s=96&d=mm&r=g\",\"url\":\"https:\\\/\\\/secure.gravatar.com\\\/avatar\\\/aab26e77bdba8cf226e2792403a458cd44106ad1f229dba0018b0634ef1a6531?s=96&d=mm&r=g\",\"contentUrl\":\"https:\\\/\\\/secure.gravatar.com\\\/avatar\\\/aab26e77bdba8cf226e2792403a458cd44106ad1f229dba0018b0634ef1a6531?s=96&d=mm&r=g\",\"caption\":\"Paulina Greer\"},\"url\":\"https:\\\/\\\/www.un.org\\\/pga\\\/76\\\/author\\\/kubiakpun-org\\\/\"}]}<\/script>\n<!-- \/ Yoast SEO plugin. -->","yoast_head_json":{"title":"Press Briefing by Spokesperson \u2013 27 April 2022 | General Assembly of the United Nations","robots":{"index":"index","follow":"follow","max-snippet":"max-snippet:-1","max-image-preview":"max-image-preview:large","max-video-preview":"max-video-preview:-1"},"canonical":"https:\/\/www.un.org\/pga\/76\/2022\/04\/27\/press-briefing-by-spokesperson-29-april-2022-2\/","og_locale":"en_US","og_type":"article","og_title":"Press Briefing by Spokesperson \u2013 27 April 2022 | General Assembly of the United Nations","og_description":"NOON BRIEFING HIGHLIGHTS BY PAULINA KUBIAK GREER, SPOKESPERSON FOR GENERAL ASSEMBLY PRESIDENT ABDULLA SHAHID United Nations Headquarters, New York PEACEBUILDING The President of the General Assembly, Abdulla Shahid, today convened [&hellip;]","og_url":"https:\/\/www.un.org\/pga\/76\/2022\/04\/27\/press-briefing-by-spokesperson-29-april-2022-2\/","og_site_name":"General Assembly of the United Nations","article_published_time":"2022-04-27T18:58:32+00:00","article_modified_time":"2022-05-03T19:00:32+00:00","og_image":[{"width":4397,"height":3221,"url":"https:\/\/www.un.org\/pga\/wp-content\/uploads\/sites\/101\/2020\/09\/Ä¢¹½ÊÓÆµGA75_2020_REVERSED-01.png","type":"image\/png"}],"author":"Paulina Greer","twitter_card":"summary_large_image","twitter_creator":"@Ä¢¹½ÊÓÆµ_PGA","twitter_site":"@Ä¢¹½ÊÓÆµ_PGA","twitter_misc":{"Written by":"Paulina Greer","Est. reading time":"3 minutes"},"schema":{"@context":"https:\/\/schema.org","@graph":[{"@type":"Article","@id":"https:\/\/www.un.org\/pga\/76\/2022\/04\/27\/press-briefing-by-spokesperson-29-april-2022-2\/#article","isPartOf":{"@id":"https:\/\/www.un.org\/pga\/76\/2022\/04\/27\/press-briefing-by-spokesperson-29-april-2022-2\/"},"author":{"name":"Paulina Greer","@id":"https:\/\/www.un.org\/pga\/76\/#\/schema\/person\/25c5989ea34cbca9b6abfb3f464b38b1"},"headline":"Press Briefing by Spokesperson \u2013 27 April 2022","datePublished":"2022-04-27T18:58:32+00:00","dateModified":"2022-05-03T19:00:32+00:00","mainEntityOfPage":{"@id":"https:\/\/www.un.org\/pga\/76\/2022\/04\/27\/press-briefing-by-spokesperson-29-april-2022-2\/"},"wordCount":625,"publisher":{"@id":"https:\/\/www.un.org\/pga\/76\/#organization"},"keywords":["New Urban Agenda","peacebuilding"],"articleSection":["Spokesperson's Briefings"],"inLanguage":"en-US"},{"@type":"WebPage","@id":"https:\/\/www.un.org\/pga\/76\/2022\/04\/27\/press-briefing-by-spokesperson-29-april-2022-2\/","url":"https:\/\/www.un.org\/pga\/76\/2022\/04\/27\/press-briefing-by-spokesperson-29-april-2022-2\/","name":"Press Briefing by Spokesperson \u2013 27 April 2022 | General Assembly of the United Nations","isPartOf":{"@id":"https:\/\/www.un.org\/pga\/76\/#website"},"datePublished":"2022-04-27T18:58:32+00:00","dateModified":"2022-05-03T19:00:32+00:00","breadcrumb":{"@id":"https:\/\/www.un.org\/pga\/76\/2022\/04\/27\/press-briefing-by-spokesperson-29-april-2022-2\/#breadcrumb"},"inLanguage":"en-US","potentialAction":[{"@type":"ReadAction","target":["https:\/\/www.un.org\/pga\/76\/2022\/04\/27\/press-briefing-by-spokesperson-29-april-2022-2\/"]}]},{"@type":"BreadcrumbList","@id":"https:\/\/www.un.org\/pga\/76\/2022\/04\/27\/press-briefing-by-spokesperson-29-april-2022-2\/#breadcrumb","itemListElement":[{"@type":"ListItem","position":1,"name":"Home","item":"https:\/\/www.un.org\/pga\/76\/"},{"@type":"ListItem","position":2,"name":"Press Briefing by Spokesperson \u2013 27 April 2022"}]},{"@type":"WebSite","@id":"https:\/\/www.un.org\/pga\/76\/#website","url":"https:\/\/www.un.org\/pga\/76\/","name":"General Assembly of the United Nations President of the 75th session","description":"President of the 76th session","publisher":{"@id":"https:\/\/www.un.org\/pga\/76\/#organization"},"potentialAction":[{"@type":"SearchAction","target":{"@type":"EntryPoint","urlTemplate":"https:\/\/www.un.org\/pga\/76\/?s={search_term_string}"},"query-input":{"@type":"PropertyValueSpecification","valueRequired":true,"valueName":"search_term_string"}}],"inLanguage":"en-US"},{"@type":"Organization","@id":"https:\/\/www.un.org\/pga\/76\/#organization","name":"President of the 75th session of the General Assembly of the United Nations General Assembly of the United Nations","url":"https:\/\/www.un.org\/pga\/76\/","logo":{"@type":"ImageObject","inLanguage":"en-US","@id":"https:\/\/www.un.org\/pga\/76\/#\/schema\/logo\/image\/","url":"https:\/\/www.un.org\/pga\/wp-content\/uploads\/sites\/101\/2020\/09\/Ä¢¹½ÊÓÆµGA75_2020_REVERSED-01.png","contentUrl":"https:\/\/www.un.org\/pga\/wp-content\/uploads\/sites\/101\/2020\/09\/Ä¢¹½ÊÓÆµGA75_2020_REVERSED-01.png","width":4397,"height":3221,"caption":"President of the 75th session of the General Assembly of the United Nations General Assembly of the United Nations"},"image":{"@id":"https:\/\/www.un.org\/pga\/76\/#\/schema\/logo\/image\/"},"sameAs":["https:\/\/x.com\/Ä¢¹½ÊÓÆµ_PGA"]},{"@type":"Person","@id":"https:\/\/www.un.org\/pga\/76\/#\/schema\/person\/25c5989ea34cbca9b6abfb3f464b38b1","name":"Paulina Greer","image":{"@type":"ImageObject","inLanguage":"en-US","@id":"https:\/\/secure.gravatar.com\/avatar\/aab26e77bdba8cf226e2792403a458cd44106ad1f229dba0018b0634ef1a6531?s=96&d=mm&r=g","url":"https:\/\/secure.gravatar.com\/avatar\/aab26e77bdba8cf226e2792403a458cd44106ad1f229dba0018b0634ef1a6531?s=96&d=mm&r=g","contentUrl":"https:\/\/secure.gravatar.com\/avatar\/aab26e77bdba8cf226e2792403a458cd44106ad1f229dba0018b0634ef1a6531?s=96&d=mm&r=g","caption":"Paulina Greer"},"url":"https:\/\/www.un.org\/pga\/76\/author\/kubiakpun-org\/"}]}},"_links":{"self":[{"href":"https:\/\/www.un.org\/pga\/76\/wp-json\/wp\/v2\/posts\/265069","targetHints":{"allow":["GET"]}}],"collection":[{"href":"https:\/\/www.un.org\/pga\/76\/wp-json\/wp\/v2\/posts"}],"about":[{"href":"https:\/\/www.un.org\/pga\/76\/wp-json\/wp\/v2\/types\/post"}],"author":[{"embeddable":true,"href":"https:\/\/www.un.org\/pga\/76\/wp-json\/wp\/v2\/users\/360"}],"replies":[{"embeddable":true,"href":"https:\/\/www.un.org\/pga\/76\/wp-json\/wp\/v2\/comments?post=265069"}],"version-history":[{"count":0,"href":"https:\/\/www.un.org\/pga\/76\/wp-json\/wp\/v2\/posts\/265069\/revisions"}],"wp:attachment":[{"href":"https:\/\/www.un.org\/pga\/76\/wp-json\/wp\/v2\/media?parent=265069"}],"wp:term":[{"taxonomy":"category","embeddable":true,"href":"https:\/\/www.un.org\/pga\/76\/wp-json\/wp\/v2\/categories?post=265069"},{"taxonomy":"post_tag","embeddable":true,"href":"https:\/\/www.un.org\/pga\/76\/wp-json\/wp\/v2\/tags?post=265069"},{"taxonomy":"committee-meeting","embeddable":true,"href":"https:\/\/www.un.org\/pga\/76\/wp-json\/wp\/v2\/committee-meeting?post=265069"}],"curies":[{"name":"wp","href":"https:\/\/api.w.org\/{rel}","templated":true}]}}