  {"id":269874,"date":"2022-07-15T20:39:24","date_gmt":"2022-07-16T00:39:24","guid":{"rendered":"https:\/\/www.un.org\/pga\/76\/?p=269874"},"modified":"2022-07-20T09:40:30","modified_gmt":"2022-07-20T13:40:30","slug":"readout-of-the-meeting-between-the-president-of-the-general-assembly-and-the-minister-of-agriculture-livestock-and-food-of-guatemala","status":"publish","type":"post","link":"https:\/\/www.un.org\/pga\/76\/2022\/07\/15\/readout-of-the-meeting-between-the-president-of-the-general-assembly-and-the-minister-of-agriculture-livestock-and-food-of-guatemala\/","title":{"rendered":"Readout of the meeting between the President of the General Assembly and the Minister of Agriculture, Livestock and Food of Guatemala"},"content":{"rendered":"<p>The President of the 76th\u00a0session of the General Assembly, H.E. Mr. Abdulla Shahid, met today with\u00a0H.E.\u00a0 Mr. Jos\u00e9 \u00c1ngel L\u00f3pez Camposeco, Minister of Agriculture, Livestock and Food. The meeting was also joined by the Undersecretary for Planning and Programming of the Presidency, Mr. Franco Dom\u00e9nico Mart\u00ednez Mont.<\/p>\n<p><b>\u00a0<\/b><\/p>\n<p>The President was briefed on the efforts made by Guatemala in the areas of food security, sustainable agriculture, and protection of family farming. He also congratulated the Minister on the work done to protect vulnerable population and achieve zero hunger as part of the 2030 Agenda.<\/p>\n<p>&nbsp;<\/p>\n<p>Both sides also discussed other relevant topics such the link between agriculture and climate change, the implementation of the SDGs, south-south cooperation and issues related to water and sanitation.<\/p>\n<p>&nbsp;<\/p>\n<p>The meeting took place at the Minister of Foreign Affairs, Guatemala City.<\/p>\n<p>&nbsp;<\/p>\n<p>15 July 2022<\/p>\n","protected":false},"excerpt":{"rendered":"<p>The President of the 76th\u00a0session of the General Assembly, H.E. Mr. Abdulla Shahid, met today with\u00a0H.E.\u00a0 Mr. Jos\u00e9 \u00c1ngel L\u00f3pez Camposeco, Minister of Agriculture, Livestock and Food. The meeting was [&hellip;]<\/p>\n","protected":false},"author":362,"featured_media":0,"comment_status":"closed","ping_status":"closed","sticky":false,"template":"","format":"standard","meta":{"_et_pb_use_builder":"","_et_pb_old_content":"","_et_gb_content_width":"","footnotes":""},"categories":[105],"tags":[],"committee-meeting":[],"class_list":["post-269874","post","type-post","status-publish","format-standard","hentry","category-readout","et-doesnt-have-format-content","et_post_format-et-post-format-standard"],"yoast_head":"<!-- This site is optimized with the Yoast SEO plugin v28.3 - https:\/\/yoast.com\/product\/yoast-seo-wordpress\/ -->\n<title>Readout of the meeting between the President of the General Assembly and the Minister of Agriculture, Livestock and Food of Guatemala | General Assembly of the United Nations<\/title>\n<meta name=\"robots\" content=\"index, follow, max-snippet:-1, max-image-preview:large, max-video-preview:-1\" \/>\n<link rel=\"canonical\" href=\"https:\/\/www.un.org\/pga\/76\/2022\/07\/15\/readout-of-the-meeting-between-the-president-of-the-general-assembly-and-the-minister-of-agriculture-livestock-and-food-of-guatemala\/\" \/>\n<meta property=\"og:locale\" content=\"en_US\" \/>\n<meta property=\"og:type\" content=\"article\" \/>\n<meta property=\"og:title\" content=\"Readout of the meeting between the President of the General Assembly and the Minister of Agriculture, Livestock and Food of Guatemala | General Assembly of the United Nations\" \/>\n<meta property=\"og:description\" content=\"The President of the 76th\u00a0session of the General Assembly, H.E. Mr. Abdulla Shahid, met today with\u00a0H.E.\u00a0 Mr. Jos\u00e9 \u00c1ngel L\u00f3pez Camposeco, Minister of Agriculture, Livestock and Food. The meeting was [&hellip;]\" \/>\n<meta property=\"og:url\" content=\"https:\/\/www.un.org\/pga\/76\/2022\/07\/15\/readout-of-the-meeting-between-the-president-of-the-general-assembly-and-the-minister-of-agriculture-livestock-and-food-of-guatemala\/\" \/>\n<meta property=\"og:site_name\" content=\"General Assembly of the United Nations\" \/>\n<meta property=\"article:published_time\" content=\"2022-07-16T00:39:24+00:00\" \/>\n<meta property=\"article:modified_time\" content=\"2022-07-20T13:40:30+00:00\" \/>\n<meta property=\"og:image\" content=\"https:\/\/www.un.org\/pga\/wp-content\/uploads\/sites\/101\/2020\/09\/Ä¢¹½ÊÓÆµGA75_2020_REVERSED-01.png\" \/>\n\t<meta property=\"og:image:width\" content=\"4397\" \/>\n\t<meta property=\"og:image:height\" content=\"3221\" \/>\n\t<meta property=\"og:image:type\" content=\"image\/png\" \/>\n<meta name=\"author\" content=\"Huizhu Liang\" \/>\n<meta name=\"twitter:card\" content=\"summary_large_image\" \/>\n<meta name=\"twitter:creator\" content=\"@Ä¢¹½ÊÓÆµ_PGA\" \/>\n<meta name=\"twitter:site\" content=\"@Ä¢¹½ÊÓÆµ_PGA\" \/>\n<meta name=\"twitter:label1\" content=\"Written by\" \/>\n\t<meta name=\"twitter:data1\" content=\"Huizhu Liang\" \/>\n\t<meta name=\"twitter:label2\" content=\"Est. reading time\" \/>\n\t<meta name=\"twitter:data2\" content=\"1 minute\" \/>\n<script type=\"application\/ld+json\" class=\"yoast-schema-graph\">{\"@context\":\"https:\\\/\\\/schema.org\",\"@graph\":[{\"@type\":\"Article\",\"@id\":\"https:\\\/\\\/www.un.org\\\/pga\\\/76\\\/2022\\\/07\\\/15\\\/readout-of-the-meeting-between-the-president-of-the-general-assembly-and-the-minister-of-agriculture-livestock-and-food-of-guatemala\\\/#article\",\"isPartOf\":{\"@id\":\"https:\\\/\\\/www.un.org\\\/pga\\\/76\\\/2022\\\/07\\\/15\\\/readout-of-the-meeting-between-the-president-of-the-general-assembly-and-the-minister-of-agriculture-livestock-and-food-of-guatemala\\\/\"},\"author\":{\"name\":\"Huizhu Liang\",\"@id\":\"https:\\\/\\\/www.un.org\\\/pga\\\/76\\\/#\\\/schema\\\/person\\\/ae15078a4972f6f708fa5ef32db0fa3f\"},\"headline\":\"Readout of the meeting between the President of the General Assembly and the Minister of Agriculture, Livestock and Food of Guatemala\",\"datePublished\":\"2022-07-16T00:39:24+00:00\",\"dateModified\":\"2022-07-20T13:40:30+00:00\",\"mainEntityOfPage\":{\"@id\":\"https:\\\/\\\/www.un.org\\\/pga\\\/76\\\/2022\\\/07\\\/15\\\/readout-of-the-meeting-between-the-president-of-the-general-assembly-and-the-minister-of-agriculture-livestock-and-food-of-guatemala\\\/\"},\"wordCount\":165,\"publisher\":{\"@id\":\"https:\\\/\\\/www.un.org\\\/pga\\\/76\\\/#organization\"},\"articleSection\":[\"Readout\"],\"inLanguage\":\"en-US\"},{\"@type\":\"WebPage\",\"@id\":\"https:\\\/\\\/www.un.org\\\/pga\\\/76\\\/2022\\\/07\\\/15\\\/readout-of-the-meeting-between-the-president-of-the-general-assembly-and-the-minister-of-agriculture-livestock-and-food-of-guatemala\\\/\",\"url\":\"https:\\\/\\\/www.un.org\\\/pga\\\/76\\\/2022\\\/07\\\/15\\\/readout-of-the-meeting-between-the-president-of-the-general-assembly-and-the-minister-of-agriculture-livestock-and-food-of-guatemala\\\/\",\"name\":\"Readout of the meeting between the President of the General Assembly and the Minister of Agriculture, Livestock and Food of Guatemala | General Assembly of the United Nations\",\"isPartOf\":{\"@id\":\"https:\\\/\\\/www.un.org\\\/pga\\\/76\\\/#website\"},\"datePublished\":\"2022-07-16T00:39:24+00:00\",\"dateModified\":\"2022-07-20T13:40:30+00:00\",\"breadcrumb\":{\"@id\":\"https:\\\/\\\/www.un.org\\\/pga\\\/76\\\/2022\\\/07\\\/15\\\/readout-of-the-meeting-between-the-president-of-the-general-assembly-and-the-minister-of-agriculture-livestock-and-food-of-guatemala\\\/#breadcrumb\"},\"inLanguage\":\"en-US\",\"potentialAction\":[{\"@type\":\"ReadAction\",\"target\":[\"https:\\\/\\\/www.un.org\\\/pga\\\/76\\\/2022\\\/07\\\/15\\\/readout-of-the-meeting-between-the-president-of-the-general-assembly-and-the-minister-of-agriculture-livestock-and-food-of-guatemala\\\/\"]}]},{\"@type\":\"BreadcrumbList\",\"@id\":\"https:\\\/\\\/www.un.org\\\/pga\\\/76\\\/2022\\\/07\\\/15\\\/readout-of-the-meeting-between-the-president-of-the-general-assembly-and-the-minister-of-agriculture-livestock-and-food-of-guatemala\\\/#breadcrumb\",\"itemListElement\":[{\"@type\":\"ListItem\",\"position\":1,\"name\":\"Home\",\"item\":\"https:\\\/\\\/www.un.org\\\/pga\\\/76\\\/\"},{\"@type\":\"ListItem\",\"position\":2,\"name\":\"Readout of the meeting between the President of the General Assembly and the Minister of Agriculture, Livestock and Food of Guatemala\"}]},{\"@type\":\"WebSite\",\"@id\":\"https:\\\/\\\/www.un.org\\\/pga\\\/76\\\/#website\",\"url\":\"https:\\\/\\\/www.un.org\\\/pga\\\/76\\\/\",\"name\":\"General Assembly of the United Nations President of the 75th session\",\"description\":\"President of the 76th session\",\"publisher\":{\"@id\":\"https:\\\/\\\/www.un.org\\\/pga\\\/76\\\/#organization\"},\"potentialAction\":[{\"@type\":\"SearchAction\",\"target\":{\"@type\":\"EntryPoint\",\"urlTemplate\":\"https:\\\/\\\/www.un.org\\\/pga\\\/76\\\/?s={search_term_string}\"},\"query-input\":{\"@type\":\"PropertyValueSpecification\",\"valueRequired\":true,\"valueName\":\"search_term_string\"}}],\"inLanguage\":\"en-US\"},{\"@type\":\"Organization\",\"@id\":\"https:\\\/\\\/www.un.org\\\/pga\\\/76\\\/#organization\",\"name\":\"President of the 75th session of the General Assembly of the United Nations General Assembly of the United Nations\",\"url\":\"https:\\\/\\\/www.un.org\\\/pga\\\/76\\\/\",\"logo\":{\"@type\":\"ImageObject\",\"inLanguage\":\"en-US\",\"@id\":\"https:\\\/\\\/www.un.org\\\/pga\\\/76\\\/#\\\/schema\\\/logo\\\/image\\\/\",\"url\":\"https:\\\/\\\/www.un.org\\\/pga\\\/wp-content\\\/uploads\\\/sites\\\/101\\\/2020\\\/09\\\/Ä¢¹½ÊÓÆµGA75_2020_REVERSED-01.png\",\"contentUrl\":\"https:\\\/\\\/www.un.org\\\/pga\\\/wp-content\\\/uploads\\\/sites\\\/101\\\/2020\\\/09\\\/Ä¢¹½ÊÓÆµGA75_2020_REVERSED-01.png\",\"width\":4397,\"height\":3221,\"caption\":\"President of the 75th session of the General Assembly of the United Nations General Assembly of the United Nations\"},\"image\":{\"@id\":\"https:\\\/\\\/www.un.org\\\/pga\\\/76\\\/#\\\/schema\\\/logo\\\/image\\\/\"},\"sameAs\":[\"https:\\\/\\\/x.com\\\/Ä¢¹½ÊÓÆµ_PGA\"]},{\"@type\":\"Person\",\"@id\":\"https:\\\/\\\/www.un.org\\\/pga\\\/76\\\/#\\\/schema\\\/person\\\/ae15078a4972f6f708fa5ef32db0fa3f\",\"name\":\"Huizhu Liang\",\"image\":{\"@type\":\"ImageObject\",\"inLanguage\":\"en-US\",\"@id\":\"https:\\\/\\\/secure.gravatar.com\\\/avatar\\\/9d8c430043f97e700394b0f038b7b271a7c9ee082430eeb5f670b84917d973c4?s=96&d=mm&r=g\",\"url\":\"https:\\\/\\\/secure.gravatar.com\\\/avatar\\\/9d8c430043f97e700394b0f038b7b271a7c9ee082430eeb5f670b84917d973c4?s=96&d=mm&r=g\",\"contentUrl\":\"https:\\\/\\\/secure.gravatar.com\\\/avatar\\\/9d8c430043f97e700394b0f038b7b271a7c9ee082430eeb5f670b84917d973c4?s=96&d=mm&r=g\",\"caption\":\"Huizhu Liang\"},\"url\":\"https:\\\/\\\/www.un.org\\\/pga\\\/76\\\/author\\\/huizhu-liangun-org\\\/\"}]}<\/script>\n<!-- \/ Yoast SEO plugin. -->","yoast_head_json":{"title":"Readout of the meeting between the President of the General Assembly and the Minister of Agriculture, Livestock and Food of Guatemala | General Assembly of the United Nations","robots":{"index":"index","follow":"follow","max-snippet":"max-snippet:-1","max-image-preview":"max-image-preview:large","max-video-preview":"max-video-preview:-1"},"canonical":"https:\/\/www.un.org\/pga\/76\/2022\/07\/15\/readout-of-the-meeting-between-the-president-of-the-general-assembly-and-the-minister-of-agriculture-livestock-and-food-of-guatemala\/","og_locale":"en_US","og_type":"article","og_title":"Readout of the meeting between the President of the General Assembly and the Minister of Agriculture, Livestock and Food of Guatemala | General Assembly of the United Nations","og_description":"The President of the 76th\u00a0session of the General Assembly, H.E. Mr. Abdulla Shahid, met today with\u00a0H.E.\u00a0 Mr. Jos\u00e9 \u00c1ngel L\u00f3pez Camposeco, Minister of Agriculture, Livestock and Food. The meeting was [&hellip;]","og_url":"https:\/\/www.un.org\/pga\/76\/2022\/07\/15\/readout-of-the-meeting-between-the-president-of-the-general-assembly-and-the-minister-of-agriculture-livestock-and-food-of-guatemala\/","og_site_name":"General Assembly of the United Nations","article_published_time":"2022-07-16T00:39:24+00:00","article_modified_time":"2022-07-20T13:40:30+00:00","og_image":[{"width":4397,"height":3221,"url":"https:\/\/www.un.org\/pga\/wp-content\/uploads\/sites\/101\/2020\/09\/Ä¢¹½ÊÓÆµGA75_2020_REVERSED-01.png","type":"image\/png"}],"author":"Huizhu Liang","twitter_card":"summary_large_image","twitter_creator":"@Ä¢¹½ÊÓÆµ_PGA","twitter_site":"@Ä¢¹½ÊÓÆµ_PGA","twitter_misc":{"Written by":"Huizhu Liang","Est. reading time":"1 minute"},"schema":{"@context":"https:\/\/schema.org","@graph":[{"@type":"Article","@id":"https:\/\/www.un.org\/pga\/76\/2022\/07\/15\/readout-of-the-meeting-between-the-president-of-the-general-assembly-and-the-minister-of-agriculture-livestock-and-food-of-guatemala\/#article","isPartOf":{"@id":"https:\/\/www.un.org\/pga\/76\/2022\/07\/15\/readout-of-the-meeting-between-the-president-of-the-general-assembly-and-the-minister-of-agriculture-livestock-and-food-of-guatemala\/"},"author":{"name":"Huizhu Liang","@id":"https:\/\/www.un.org\/pga\/76\/#\/schema\/person\/ae15078a4972f6f708fa5ef32db0fa3f"},"headline":"Readout of the meeting between the President of the General Assembly and the Minister of Agriculture, Livestock and Food of Guatemala","datePublished":"2022-07-16T00:39:24+00:00","dateModified":"2022-07-20T13:40:30+00:00","mainEntityOfPage":{"@id":"https:\/\/www.un.org\/pga\/76\/2022\/07\/15\/readout-of-the-meeting-between-the-president-of-the-general-assembly-and-the-minister-of-agriculture-livestock-and-food-of-guatemala\/"},"wordCount":165,"publisher":{"@id":"https:\/\/www.un.org\/pga\/76\/#organization"},"articleSection":["Readout"],"inLanguage":"en-US"},{"@type":"WebPage","@id":"https:\/\/www.un.org\/pga\/76\/2022\/07\/15\/readout-of-the-meeting-between-the-president-of-the-general-assembly-and-the-minister-of-agriculture-livestock-and-food-of-guatemala\/","url":"https:\/\/www.un.org\/pga\/76\/2022\/07\/15\/readout-of-the-meeting-between-the-president-of-the-general-assembly-and-the-minister-of-agriculture-livestock-and-food-of-guatemala\/","name":"Readout of the meeting between the President of the General Assembly and the Minister of Agriculture, Livestock and Food of Guatemala | General Assembly of the United Nations","isPartOf":{"@id":"https:\/\/www.un.org\/pga\/76\/#website"},"datePublished":"2022-07-16T00:39:24+00:00","dateModified":"2022-07-20T13:40:30+00:00","breadcrumb":{"@id":"https:\/\/www.un.org\/pga\/76\/2022\/07\/15\/readout-of-the-meeting-between-the-president-of-the-general-assembly-and-the-minister-of-agriculture-livestock-and-food-of-guatemala\/#breadcrumb"},"inLanguage":"en-US","potentialAction":[{"@type":"ReadAction","target":["https:\/\/www.un.org\/pga\/76\/2022\/07\/15\/readout-of-the-meeting-between-the-president-of-the-general-assembly-and-the-minister-of-agriculture-livestock-and-food-of-guatemala\/"]}]},{"@type":"BreadcrumbList","@id":"https:\/\/www.un.org\/pga\/76\/2022\/07\/15\/readout-of-the-meeting-between-the-president-of-the-general-assembly-and-the-minister-of-agriculture-livestock-and-food-of-guatemala\/#breadcrumb","itemListElement":[{"@type":"ListItem","position":1,"name":"Home","item":"https:\/\/www.un.org\/pga\/76\/"},{"@type":"ListItem","position":2,"name":"Readout of the meeting between the President of the General Assembly and the Minister of Agriculture, Livestock and Food of Guatemala"}]},{"@type":"WebSite","@id":"https:\/\/www.un.org\/pga\/76\/#website","url":"https:\/\/www.un.org\/pga\/76\/","name":"General Assembly of the United Nations President of the 75th session","description":"President of the 76th session","publisher":{"@id":"https:\/\/www.un.org\/pga\/76\/#organization"},"potentialAction":[{"@type":"SearchAction","target":{"@type":"EntryPoint","urlTemplate":"https:\/\/www.un.org\/pga\/76\/?s={search_term_string}"},"query-input":{"@type":"PropertyValueSpecification","valueRequired":true,"valueName":"search_term_string"}}],"inLanguage":"en-US"},{"@type":"Organization","@id":"https:\/\/www.un.org\/pga\/76\/#organization","name":"President of the 75th session of the General Assembly of the United Nations General Assembly of the United Nations","url":"https:\/\/www.un.org\/pga\/76\/","logo":{"@type":"ImageObject","inLanguage":"en-US","@id":"https:\/\/www.un.org\/pga\/76\/#\/schema\/logo\/image\/","url":"https:\/\/www.un.org\/pga\/wp-content\/uploads\/sites\/101\/2020\/09\/Ä¢¹½ÊÓÆµGA75_2020_REVERSED-01.png","contentUrl":"https:\/\/www.un.org\/pga\/wp-content\/uploads\/sites\/101\/2020\/09\/Ä¢¹½ÊÓÆµGA75_2020_REVERSED-01.png","width":4397,"height":3221,"caption":"President of the 75th session of the General Assembly of the United Nations General Assembly of the United Nations"},"image":{"@id":"https:\/\/www.un.org\/pga\/76\/#\/schema\/logo\/image\/"},"sameAs":["https:\/\/x.com\/Ä¢¹½ÊÓÆµ_PGA"]},{"@type":"Person","@id":"https:\/\/www.un.org\/pga\/76\/#\/schema\/person\/ae15078a4972f6f708fa5ef32db0fa3f","name":"Huizhu Liang","image":{"@type":"ImageObject","inLanguage":"en-US","@id":"https:\/\/secure.gravatar.com\/avatar\/9d8c430043f97e700394b0f038b7b271a7c9ee082430eeb5f670b84917d973c4?s=96&d=mm&r=g","url":"https:\/\/secure.gravatar.com\/avatar\/9d8c430043f97e700394b0f038b7b271a7c9ee082430eeb5f670b84917d973c4?s=96&d=mm&r=g","contentUrl":"https:\/\/secure.gravatar.com\/avatar\/9d8c430043f97e700394b0f038b7b271a7c9ee082430eeb5f670b84917d973c4?s=96&d=mm&r=g","caption":"Huizhu Liang"},"url":"https:\/\/www.un.org\/pga\/76\/author\/huizhu-liangun-org\/"}]}},"_links":{"self":[{"href":"https:\/\/www.un.org\/pga\/76\/wp-json\/wp\/v2\/posts\/269874","targetHints":{"allow":["GET"]}}],"collection":[{"href":"https:\/\/www.un.org\/pga\/76\/wp-json\/wp\/v2\/posts"}],"about":[{"href":"https:\/\/www.un.org\/pga\/76\/wp-json\/wp\/v2\/types\/post"}],"author":[{"embeddable":true,"href":"https:\/\/www.un.org\/pga\/76\/wp-json\/wp\/v2\/users\/362"}],"replies":[{"embeddable":true,"href":"https:\/\/www.un.org\/pga\/76\/wp-json\/wp\/v2\/comments?post=269874"}],"version-history":[{"count":0,"href":"https:\/\/www.un.org\/pga\/76\/wp-json\/wp\/v2\/posts\/269874\/revisions"}],"wp:attachment":[{"href":"https:\/\/www.un.org\/pga\/76\/wp-json\/wp\/v2\/media?parent=269874"}],"wp:term":[{"taxonomy":"category","embeddable":true,"href":"https:\/\/www.un.org\/pga\/76\/wp-json\/wp\/v2\/categories?post=269874"},{"taxonomy":"post_tag","embeddable":true,"href":"https:\/\/www.un.org\/pga\/76\/wp-json\/wp\/v2\/tags?post=269874"},{"taxonomy":"committee-meeting","embeddable":true,"href":"https:\/\/www.un.org\/pga\/76\/wp-json\/wp\/v2\/committee-meeting?post=269874"}],"curies":[{"name":"wp","href":"https:\/\/api.w.org\/{rel}","templated":true}]}}