  {"id":164638,"date":"2022-09-21T20:24:45","date_gmt":"2022-09-22T00:24:45","guid":{"rendered":"https:\/\/www.un.org\/pga\/77\/?p=164638"},"modified":"2022-09-21T20:24:52","modified_gmt":"2022-09-22T00:24:52","slug":"readout-of-the-president-of-the-general-assemblys-meeting-with-the-prime-minister-of-montenegro","status":"publish","type":"post","link":"https:\/\/www.un.org\/pga\/77\/2022\/09\/21\/readout-of-the-president-of-the-general-assemblys-meeting-with-the-prime-minister-of-montenegro\/","title":{"rendered":"Readout\u00a0of the President of the General Assembly\u2019s meeting with the Prime Minister of Montenegro"},"content":{"rendered":"<p>[et_pb_section fb_built=&#8221;1&#8243; _builder_version=&#8221;4.18.0&#8243; _module_preset=&#8221;default&#8221; global_colors_info=&#8221;{}&#8221;][et_pb_row _builder_version=&#8221;4.18.0&#8243; _module_preset=&#8221;default&#8221; custom_margin=&#8221;-91px|auto||auto||&#8221; global_colors_info=&#8221;{}&#8221;][et_pb_column type=&#8221;4_4&#8243; _builder_version=&#8221;4.18.0&#8243; _module_preset=&#8221;default&#8221; global_colors_info=&#8221;{}&#8221;][et_pb_text _builder_version=&#8221;4.18.0&#8243; _module_preset=&#8221;default&#8221; hover_enabled=&#8221;0&#8243; global_colors_info=&#8221;{}&#8221; sticky_enabled=&#8221;0&#8243;]<\/p>\n<p class=\"x_MsoNormal\" style=\"text-align: left\" align=\"center\">The President of the General Assembly, H.E. Mr. Csaba K\u0151r\u00f6si, today met with H.E. Mr. Dritan Abazovi\u0107, Prime Minister of Montenegro.<\/p>\n<p class=\"x_MsoNormal\" style=\"text-align: left\">\n<p class=\"x_MsoNormal\" style=\"text-align: left\">During the meeting they discussed Montenegro\u2019s priorities at the United Nations, specifically on climate change and energy, and the importance of supporting the partnership of small countries to tackle these challenges.<\/p>\n<p class=\"x_MsoNormal\" style=\"text-align: left\">\n<p class=\"x_MsoNormal\" style=\"text-align: left\">New York, 21 September 2022<\/p>\n<p>[\/et_pb_text][\/et_pb_column][\/et_pb_row][\/et_pb_section]<\/p>\n","protected":false},"excerpt":{"rendered":"<p>The President of the General Assembly, H.E. Mr. Csaba K\u0151r\u00f6si, today met with H.E. Mr. Dritan Abazovi\u0107, Prime Minister of Montenegro. During the meeting they discussed Montenegro\u2019s priorities at the [&hellip;]<\/p>\n","protected":false},"author":361,"featured_media":0,"comment_status":"closed","ping_status":"closed","sticky":false,"template":"","format":"standard","meta":{"_et_pb_use_builder":"on","_et_pb_old_content":"","_et_gb_content_width":"","footnotes":""},"categories":[105],"tags":[],"class_list":["post-164638","post","type-post","status-publish","format-standard","hentry","category-readout","et-doesnt-have-format-content","et_post_format-et-post-format-standard"],"yoast_head":"<!-- This site is optimized with the Yoast SEO plugin v28.3 - https:\/\/yoast.com\/product\/yoast-seo-wordpress\/ -->\n<title>Readout\u00a0of the President of the General Assembly\u2019s meeting with the Prime Minister of Montenegro - General Assembly of the United Nations<\/title>\n<meta name=\"robots\" content=\"index, follow, max-snippet:-1, max-image-preview:large, max-video-preview:-1\" \/>\n<link rel=\"canonical\" href=\"https:\/\/www.un.org\/pga\/77\/2022\/09\/21\/readout-of-the-president-of-the-general-assemblys-meeting-with-the-prime-minister-of-montenegro\/\" \/>\n<meta property=\"og:locale\" content=\"en_US\" \/>\n<meta property=\"og:type\" content=\"article\" \/>\n<meta property=\"og:title\" content=\"Readout\u00a0of the President of the General Assembly\u2019s meeting with the Prime Minister of Montenegro - General Assembly of the United Nations\" \/>\n<meta property=\"og:description\" content=\"The President of the General Assembly, H.E. Mr. Csaba K\u0151r\u00f6si, today met with H.E. Mr. Dritan Abazovi\u0107, Prime Minister of Montenegro. During the meeting they discussed Montenegro\u2019s priorities at the [&hellip;]\" \/>\n<meta property=\"og:url\" content=\"https:\/\/www.un.org\/pga\/77\/2022\/09\/21\/readout-of-the-president-of-the-general-assemblys-meeting-with-the-prime-minister-of-montenegro\/\" \/>\n<meta property=\"og:site_name\" content=\"General Assembly of the United Nations\" \/>\n<meta property=\"article:published_time\" content=\"2022-09-22T00:24:45+00:00\" \/>\n<meta property=\"article:modified_time\" content=\"2022-09-22T00:24:52+00:00\" \/>\n<meta name=\"author\" content=\"Steven Viju Philip\" \/>\n<meta name=\"twitter:card\" content=\"summary_large_image\" \/>\n<meta name=\"twitter:label1\" content=\"Written by\" \/>\n\t<meta name=\"twitter:data1\" content=\"Steven Viju Philip\" \/>\n\t<meta name=\"twitter:label2\" content=\"Est. reading time\" \/>\n\t<meta name=\"twitter:data2\" content=\"1 minute\" \/>\n<script type=\"application\/ld+json\" class=\"yoast-schema-graph\">{\"@context\":\"https:\\\/\\\/schema.org\",\"@graph\":[{\"@type\":\"Article\",\"@id\":\"https:\\\/\\\/www.un.org\\\/pga\\\/77\\\/2022\\\/09\\\/21\\\/readout-of-the-president-of-the-general-assemblys-meeting-with-the-prime-minister-of-montenegro\\\/#article\",\"isPartOf\":{\"@id\":\"https:\\\/\\\/www.un.org\\\/pga\\\/77\\\/2022\\\/09\\\/21\\\/readout-of-the-president-of-the-general-assemblys-meeting-with-the-prime-minister-of-montenegro\\\/\"},\"author\":{\"name\":\"Steven Viju Philip\",\"@id\":\"https:\\\/\\\/www.un.org\\\/pga\\\/77\\\/#\\\/schema\\\/person\\\/5023a3e992d3ff96de578367d1f34eaa\"},\"headline\":\"Readout\u00a0of the President of the General Assembly\u2019s meeting with the Prime Minister of Montenegro\",\"datePublished\":\"2022-09-22T00:24:45+00:00\",\"dateModified\":\"2022-09-22T00:24:52+00:00\",\"mainEntityOfPage\":{\"@id\":\"https:\\\/\\\/www.un.org\\\/pga\\\/77\\\/2022\\\/09\\\/21\\\/readout-of-the-president-of-the-general-assemblys-meeting-with-the-prime-minister-of-montenegro\\\/\"},\"wordCount\":145,\"articleSection\":[\"Readout\"],\"inLanguage\":\"en-US\"},{\"@type\":\"WebPage\",\"@id\":\"https:\\\/\\\/www.un.org\\\/pga\\\/77\\\/2022\\\/09\\\/21\\\/readout-of-the-president-of-the-general-assemblys-meeting-with-the-prime-minister-of-montenegro\\\/\",\"url\":\"https:\\\/\\\/www.un.org\\\/pga\\\/77\\\/2022\\\/09\\\/21\\\/readout-of-the-president-of-the-general-assemblys-meeting-with-the-prime-minister-of-montenegro\\\/\",\"name\":\"Readout\u00a0of the President of the General Assembly\u2019s meeting with the Prime Minister of Montenegro - General Assembly of the United Nations\",\"isPartOf\":{\"@id\":\"https:\\\/\\\/www.un.org\\\/pga\\\/77\\\/#website\"},\"datePublished\":\"2022-09-22T00:24:45+00:00\",\"dateModified\":\"2022-09-22T00:24:52+00:00\",\"author\":{\"@id\":\"https:\\\/\\\/www.un.org\\\/pga\\\/77\\\/#\\\/schema\\\/person\\\/5023a3e992d3ff96de578367d1f34eaa\"},\"breadcrumb\":{\"@id\":\"https:\\\/\\\/www.un.org\\\/pga\\\/77\\\/2022\\\/09\\\/21\\\/readout-of-the-president-of-the-general-assemblys-meeting-with-the-prime-minister-of-montenegro\\\/#breadcrumb\"},\"inLanguage\":\"en-US\",\"potentialAction\":[{\"@type\":\"ReadAction\",\"target\":[\"https:\\\/\\\/www.un.org\\\/pga\\\/77\\\/2022\\\/09\\\/21\\\/readout-of-the-president-of-the-general-assemblys-meeting-with-the-prime-minister-of-montenegro\\\/\"]}]},{\"@type\":\"BreadcrumbList\",\"@id\":\"https:\\\/\\\/www.un.org\\\/pga\\\/77\\\/2022\\\/09\\\/21\\\/readout-of-the-president-of-the-general-assemblys-meeting-with-the-prime-minister-of-montenegro\\\/#breadcrumb\",\"itemListElement\":[{\"@type\":\"ListItem\",\"position\":1,\"name\":\"Home\",\"item\":\"https:\\\/\\\/www.un.org\\\/pga\\\/77\\\/\"},{\"@type\":\"ListItem\",\"position\":2,\"name\":\"Readout\u00a0of the President of the General Assembly\u2019s meeting with the Prime Minister of Montenegro\"}]},{\"@type\":\"WebSite\",\"@id\":\"https:\\\/\\\/www.un.org\\\/pga\\\/77\\\/#website\",\"url\":\"https:\\\/\\\/www.un.org\\\/pga\\\/77\\\/\",\"name\":\"General Assembly of the United Nations\",\"description\":\"President of the 77th session\",\"potentialAction\":[{\"@type\":\"SearchAction\",\"target\":{\"@type\":\"EntryPoint\",\"urlTemplate\":\"https:\\\/\\\/www.un.org\\\/pga\\\/77\\\/?s={search_term_string}\"},\"query-input\":{\"@type\":\"PropertyValueSpecification\",\"valueRequired\":true,\"valueName\":\"search_term_string\"}}],\"inLanguage\":\"en-US\"},{\"@type\":\"Person\",\"@id\":\"https:\\\/\\\/www.un.org\\\/pga\\\/77\\\/#\\\/schema\\\/person\\\/5023a3e992d3ff96de578367d1f34eaa\",\"name\":\"Steven Viju Philip\",\"image\":{\"@type\":\"ImageObject\",\"inLanguage\":\"en-US\",\"@id\":\"https:\\\/\\\/secure.gravatar.com\\\/avatar\\\/b7eeae8bb41e490d2a19a2c055de1ab0ba39eabe8944aeed22a41f41b9d8e1a1?s=96&d=mm&r=g\",\"url\":\"https:\\\/\\\/secure.gravatar.com\\\/avatar\\\/b7eeae8bb41e490d2a19a2c055de1ab0ba39eabe8944aeed22a41f41b9d8e1a1?s=96&d=mm&r=g\",\"contentUrl\":\"https:\\\/\\\/secure.gravatar.com\\\/avatar\\\/b7eeae8bb41e490d2a19a2c055de1ab0ba39eabe8944aeed22a41f41b9d8e1a1?s=96&d=mm&r=g\",\"caption\":\"Steven Viju Philip\"},\"url\":\"https:\\\/\\\/www.un.org\\\/pga\\\/77\\\/author\\\/steven-philipun-org\\\/\"}]}<\/script>\n<!-- \/ Yoast SEO plugin. -->","yoast_head_json":{"title":"Readout\u00a0of the President of the General Assembly\u2019s meeting with the Prime Minister of Montenegro - General Assembly of the United Nations","robots":{"index":"index","follow":"follow","max-snippet":"max-snippet:-1","max-image-preview":"max-image-preview:large","max-video-preview":"max-video-preview:-1"},"canonical":"https:\/\/www.un.org\/pga\/77\/2022\/09\/21\/readout-of-the-president-of-the-general-assemblys-meeting-with-the-prime-minister-of-montenegro\/","og_locale":"en_US","og_type":"article","og_title":"Readout\u00a0of the President of the General Assembly\u2019s meeting with the Prime Minister of Montenegro - General Assembly of the United Nations","og_description":"The President of the General Assembly, H.E. Mr. Csaba K\u0151r\u00f6si, today met with H.E. Mr. Dritan Abazovi\u0107, Prime Minister of Montenegro. During the meeting they discussed Montenegro\u2019s priorities at the [&hellip;]","og_url":"https:\/\/www.un.org\/pga\/77\/2022\/09\/21\/readout-of-the-president-of-the-general-assemblys-meeting-with-the-prime-minister-of-montenegro\/","og_site_name":"General Assembly of the United Nations","article_published_time":"2022-09-22T00:24:45+00:00","article_modified_time":"2022-09-22T00:24:52+00:00","author":"Steven Viju Philip","twitter_card":"summary_large_image","twitter_misc":{"Written by":"Steven Viju Philip","Est. reading time":"1 minute"},"schema":{"@context":"https:\/\/schema.org","@graph":[{"@type":"Article","@id":"https:\/\/www.un.org\/pga\/77\/2022\/09\/21\/readout-of-the-president-of-the-general-assemblys-meeting-with-the-prime-minister-of-montenegro\/#article","isPartOf":{"@id":"https:\/\/www.un.org\/pga\/77\/2022\/09\/21\/readout-of-the-president-of-the-general-assemblys-meeting-with-the-prime-minister-of-montenegro\/"},"author":{"name":"Steven Viju Philip","@id":"https:\/\/www.un.org\/pga\/77\/#\/schema\/person\/5023a3e992d3ff96de578367d1f34eaa"},"headline":"Readout\u00a0of the President of the General Assembly\u2019s meeting with the Prime Minister of Montenegro","datePublished":"2022-09-22T00:24:45+00:00","dateModified":"2022-09-22T00:24:52+00:00","mainEntityOfPage":{"@id":"https:\/\/www.un.org\/pga\/77\/2022\/09\/21\/readout-of-the-president-of-the-general-assemblys-meeting-with-the-prime-minister-of-montenegro\/"},"wordCount":145,"articleSection":["Readout"],"inLanguage":"en-US"},{"@type":"WebPage","@id":"https:\/\/www.un.org\/pga\/77\/2022\/09\/21\/readout-of-the-president-of-the-general-assemblys-meeting-with-the-prime-minister-of-montenegro\/","url":"https:\/\/www.un.org\/pga\/77\/2022\/09\/21\/readout-of-the-president-of-the-general-assemblys-meeting-with-the-prime-minister-of-montenegro\/","name":"Readout\u00a0of the President of the General Assembly\u2019s meeting with the Prime Minister of Montenegro - General Assembly of the United Nations","isPartOf":{"@id":"https:\/\/www.un.org\/pga\/77\/#website"},"datePublished":"2022-09-22T00:24:45+00:00","dateModified":"2022-09-22T00:24:52+00:00","author":{"@id":"https:\/\/www.un.org\/pga\/77\/#\/schema\/person\/5023a3e992d3ff96de578367d1f34eaa"},"breadcrumb":{"@id":"https:\/\/www.un.org\/pga\/77\/2022\/09\/21\/readout-of-the-president-of-the-general-assemblys-meeting-with-the-prime-minister-of-montenegro\/#breadcrumb"},"inLanguage":"en-US","potentialAction":[{"@type":"ReadAction","target":["https:\/\/www.un.org\/pga\/77\/2022\/09\/21\/readout-of-the-president-of-the-general-assemblys-meeting-with-the-prime-minister-of-montenegro\/"]}]},{"@type":"BreadcrumbList","@id":"https:\/\/www.un.org\/pga\/77\/2022\/09\/21\/readout-of-the-president-of-the-general-assemblys-meeting-with-the-prime-minister-of-montenegro\/#breadcrumb","itemListElement":[{"@type":"ListItem","position":1,"name":"Home","item":"https:\/\/www.un.org\/pga\/77\/"},{"@type":"ListItem","position":2,"name":"Readout\u00a0of the President of the General Assembly\u2019s meeting with the Prime Minister of Montenegro"}]},{"@type":"WebSite","@id":"https:\/\/www.un.org\/pga\/77\/#website","url":"https:\/\/www.un.org\/pga\/77\/","name":"General Assembly of the United Nations","description":"President of the 77th session","potentialAction":[{"@type":"SearchAction","target":{"@type":"EntryPoint","urlTemplate":"https:\/\/www.un.org\/pga\/77\/?s={search_term_string}"},"query-input":{"@type":"PropertyValueSpecification","valueRequired":true,"valueName":"search_term_string"}}],"inLanguage":"en-US"},{"@type":"Person","@id":"https:\/\/www.un.org\/pga\/77\/#\/schema\/person\/5023a3e992d3ff96de578367d1f34eaa","name":"Steven Viju Philip","image":{"@type":"ImageObject","inLanguage":"en-US","@id":"https:\/\/secure.gravatar.com\/avatar\/b7eeae8bb41e490d2a19a2c055de1ab0ba39eabe8944aeed22a41f41b9d8e1a1?s=96&d=mm&r=g","url":"https:\/\/secure.gravatar.com\/avatar\/b7eeae8bb41e490d2a19a2c055de1ab0ba39eabe8944aeed22a41f41b9d8e1a1?s=96&d=mm&r=g","contentUrl":"https:\/\/secure.gravatar.com\/avatar\/b7eeae8bb41e490d2a19a2c055de1ab0ba39eabe8944aeed22a41f41b9d8e1a1?s=96&d=mm&r=g","caption":"Steven Viju Philip"},"url":"https:\/\/www.un.org\/pga\/77\/author\/steven-philipun-org\/"}]}},"_links":{"self":[{"href":"https:\/\/www.un.org\/pga\/77\/wp-json\/wp\/v2\/posts\/164638","targetHints":{"allow":["GET"]}}],"collection":[{"href":"https:\/\/www.un.org\/pga\/77\/wp-json\/wp\/v2\/posts"}],"about":[{"href":"https:\/\/www.un.org\/pga\/77\/wp-json\/wp\/v2\/types\/post"}],"author":[{"embeddable":true,"href":"https:\/\/www.un.org\/pga\/77\/wp-json\/wp\/v2\/users\/361"}],"replies":[{"embeddable":true,"href":"https:\/\/www.un.org\/pga\/77\/wp-json\/wp\/v2\/comments?post=164638"}],"version-history":[{"count":0,"href":"https:\/\/www.un.org\/pga\/77\/wp-json\/wp\/v2\/posts\/164638\/revisions"}],"wp:attachment":[{"href":"https:\/\/www.un.org\/pga\/77\/wp-json\/wp\/v2\/media?parent=164638"}],"wp:term":[{"taxonomy":"category","embeddable":true,"href":"https:\/\/www.un.org\/pga\/77\/wp-json\/wp\/v2\/categories?post=164638"},{"taxonomy":"post_tag","embeddable":true,"href":"https:\/\/www.un.org\/pga\/77\/wp-json\/wp\/v2\/tags?post=164638"}],"curies":[{"name":"wp","href":"https:\/\/api.w.org\/{rel}","templated":true}]}}