  {"id":248087,"date":"2022-11-01T10:58:42","date_gmt":"2022-11-01T14:58:42","guid":{"rendered":"https:\/\/www.un.org\/pga\/77\/?p=248087"},"modified":"2022-11-01T10:58:50","modified_gmt":"2022-11-01T14:58:50","slug":"pga-remarks-at-the-general-assembly-plenary-meeting-report-of-the-human-rights-council","status":"publish","type":"post","link":"https:\/\/www.un.org\/pga\/77\/2022\/11\/01\/pga-remarks-at-the-general-assembly-plenary-meeting-report-of-the-human-rights-council\/","title":{"rendered":"PGA remarks at the General Assembly plenary meeting: Report of the Human Rights Council"},"content":{"rendered":"<p>[et_pb_section fb_built=&#8221;1&#8243; _builder_version=&#8221;4.18.0&#8243; _module_preset=&#8221;default&#8221; global_colors_info=&#8221;{}&#8221;][et_pb_row _builder_version=&#8221;4.18.0&#8243; _module_preset=&#8221;default&#8221; custom_margin=&#8221;-100px|auto||auto||&#8221; global_colors_info=&#8221;{}&#8221;][et_pb_column type=&#8221;4_4&#8243; _builder_version=&#8221;4.18.0&#8243; _module_preset=&#8221;default&#8221; global_colors_info=&#8221;{}&#8221;][et_pb_text _builder_version=&#8221;4.18.0&#8243; _module_preset=&#8221;default&#8221; custom_margin=&#8221;-23px|||||&#8221; hover_enabled=&#8221;0&#8243; global_colors_info=&#8221;{}&#8221; sticky_enabled=&#8221;0&#8243;]<\/p>\n<p style=\"text-align: center\"><strong>1 November 2022<\/strong><\/p>\n<p>&nbsp;<\/p>\n<p class=\"x_MsoNormal\">Mr. President, Excellencies, Ladies and Gentlemen,<\/p>\n<p class=\"x_MsoNormal\">\u201cAll human beings are born free and equal in dignity and rights.\u201d<\/p>\n<p class=\"x_MsoNormal\">These words from the Universal Declaration of Human Rights speak to the centrality of human rights as one of the three Ä¢¹½ÊÓÆµ pillars.<\/p>\n<p class=\"x_MsoNormal\">Today\u2019s crises make it even more urgent to meet the goals of the Declaration.<\/p>\n<p class=\"x_MsoNormal\">The international community has come a long way in the promotion, protection and fulfillment of human rights.<\/p>\n<p class=\"x_MsoNormal\">And the Human Rights Council is the living example of our progress.<\/p>\n<p class=\"x_MsoNormal\">To share with us its work, I welcome Ambassador Federico Villegas of Argentina and commend his leadership as President of the Council.<\/p>\n<p class=\"x_MsoNormal\">The presentation of HRC\u2019s annual report allows us to gauge how well we are living up to our ideals \u2013 and, in practical terms, enhance synergies between the Council and the General Assembly.<\/p>\n<p class=\"x_MsoNormal\">The Council\u2019s main responsibility to \u201cpromote universal respect for the protection of all human rights\u201d underpins all the work we do in this Organization, and all that we dare to dream.<\/p>\n<p class=\"x_MsoNormal\">Peace and sustainable development can only be ensured if human rights are upheld for all people.<\/p>\n<p class=\"x_MsoNormal\">\n<p class=\"x_MsoNormal\"><span lang=\"FR\">Excellencies,<\/span><\/p>\n<p class=\"x_p1\"><span class=\"x_s1\"><span lang=\"FR\">Cet appel doit se traduire en action.<\/span><\/span><span class=\"x_apple-converted-space\"><span lang=\"FR\">\u00a0<\/span><\/span><\/p>\n<p class=\"x_p1\"><span class=\"x_s1\"><span lang=\"FR\">Les crises interreli\u00e9es auquel notre monde fait face sont, au fond, des crises humaines.<\/span><\/span><span class=\"x_apple-converted-space\"><span lang=\"FR\">\u00a0<\/span><\/span><\/p>\n<p class=\"x_p1\"><span class=\"x_s1\"><span lang=\"FR\">Et chaque \u00e9tat membre \u00e0 son r\u00f4le \u00e0 jouer.<\/span><\/span><span class=\"x_apple-converted-space\"><span lang=\"FR\">\u00a0<\/span><\/span><\/p>\n<p class=\"x_MsoNormal\"><i>(French translation: This call must translate into action.<\/i><i><\/i><\/p>\n<p class=\"x_MsoNormal\"><i>The interlocking crises facing our world are, at their core, human crises.<\/i><\/p>\n<p class=\"x_MsoNormal\"><i>And every Member State has work to do.)\u00a0<\/i><\/p>\n<p class=\"x_MsoNormal\"><i>\u00a0<\/i><\/p>\n<p class=\"x_MsoNormal\">The gap between international standards and lived reality on the ground has significantly eroded trust that our actions will lead to better outcomes for the people and the planet.<\/p>\n<p class=\"x_MsoNormal\" dir=\"RTL\"><span lang=\"AR-SA\">\u0644\u064e\u0642\u064e\u062f\u0652 \u062d\u064e\u0627\u0646\u064e \u0627\u064e\u0644\u0652\u0648\u064e\u0642\u0652\u062a\u064f \u0644\u0650\u062a\u064e\u063a\u0652\u064a\u0650\u064a\u0631\u0650<\/span><span dir=\"LTR\" lang=\"AR-SA\">\u00a0<\/span><span lang=\"AR-SA\">\u0647\u064e\u0630\u0650\u0647\u0650 \u0627\u064e\u0644\u062a\u0651\u064e\u062c\u0652\u0631\u0650\u0628\u064e\u0629\u0650.<\/span><\/p>\n<p class=\"x_MsoNormal\" dir=\"RTL\"><span lang=\"AR-SA\">\u0623\u064f\u0624\u064e\u0643\u0651\u0650\u062f\u064f \u0645\u064f\u062c\u064e\u062f\u0651\u064e\u062f\u064b\u0627 \u0639\u064e\u0644\u064e\u0649 \u0627\u064e\u0644\u062f\u0651\u064e\u0648\u0652\u0631\u0650 \u0627\u064e\u0644\u0652\u062c\u064e\u0648\u0652\u0647\u064e\u0631\u0650\u064a\u0651\u0650 \u0644\u0650\u0645\u064e\u062c\u0652\u0644\u0650\u0633\u0650 \u062d\u064f\u0642\u064f\u0648\u0642\u0650 \u0627\u064e\u0644\u0652\u0625\u0650\u0646\u0652\u0633\u064e\u0627\u0646\u0650 \u0641\u0650\u064a \u0627\u064e\u0644\u062a\u0651\u064e\u062d\u064e\u0631\u0651\u064f\u0643\u0650 \u0628\u0650\u0634\u064e\u0643\u0652\u0644\u064d \u0633\u064e\u0631\u0650\u064a\u0639\u064d \u0644\u0650\u0645\u064f\u0648\u064e\u0627\u062c\u064e\u0647\u064e\u0629\u0650 \u0627\u064e\u0644\u0652\u062d\u064e\u0627\u0644\u064e\u0627\u062a\u0650 \u0627\u064e\u0644\u0637\u0651\u064e\u0627\u0631\u0650\u0626\u064e\u0629\u0650 \u0627\u064e\u0644\u0651\u064e\u062a\u0650\u064a \u062a\u064e\u062a\u064e\u0637\u064e\u0644\u0651\u064e\u0628\u064f \u0627\u064e\u0644\u0652\u0639\u064e\u0645\u064e\u0644\u064e \u0627\u064e\u0644\u062f\u0651\u064e\u0648\u0652\u0644\u0650\u064a\u0651\u064e\u060c \u0648\u064e\u0647\u064f\u0648\u064e \u0627\u064e\u0644\u0652\u0648\u064e\u0627\u062c\u0650\u0628\u064f \u0627\u064e\u0644\u0651\u064e\u0630\u0650\u064a \u0642\u064e\u0627\u0645\u064e \u0628\u0650\u0647\u0650 \u0627\u064e\u0644\u0652\u0645\u064e\u062c\u0652\u0644\u0650\u0633\u064f \u0639\u064e\u0644\u064e\u0649 \u0623\u064e\u0643\u0652\u0645\u064e\u0644 \u0648\u064e\u062c\u0652\u0647 \u0647\u064e\u0630\u064e\u0627 \u0627\u064e\u0644\u0652\u0639\u064e\u0627\u0645\u0650 \u0623\u064e\u064a\u0652\u0636\u064b\u0627.<\/span><\/p>\n<p class=\"x_MsoNormal\" dir=\"RTL\"><span lang=\"AR-SA\">\u0648\u064e\u0623\u064e\u0648\u064e\u062f\u0651\u064f \u0623\u064e\u0646\u0652 \u0623\u064e\u062b\u0652\u0646\u064e\u064a \u0639\u064e\u0644\u064e\u0649 \u0627\u064e\u0644\u0637\u0651\u064e\u0628\u0650\u064a\u0639\u064e\u0629\u0650 \u0627\u064e\u0644\u0634\u0651\u064e\u0627\u0645\u0650\u0644\u064e\u0629\u0650 \u0644\u0650\u0645\u064e\u062c\u0652\u0644\u0650\u0633\u0650 \u062d\u064f\u0642\u064f\u0648\u0642\u0650 \u0627\u064e\u0644\u0652\u0625\u0650\u0646\u0652\u0633\u064e\u0627\u0646\u0650<\/span><span dir=\"LTR\">\u00a0.<\/span><\/p>\n<p class=\"x_MsoNormal\">\n<p class=\"x_MsoNormal\"><i>(Arabic translation: That experience must be changed.<\/i><\/p>\n<p class=\"x_MsoNormal\"><i>I reaffirm the crucial role of the Human Rights Council in acting quickly to address emergencies that require international action, a duty it has fulfilled again this year.<\/i><\/p>\n<p class=\"x_MsoNormal\"><i>I commend HRC\u2019s inclusive nature.)<\/i><\/p>\n<p class=\"x_MsoNormal\">\n<p class=\"x_MsoNormal\">By bringing a range of voices into its work \u2013 victims and survivors, civil society, human rights defenders, national human rights institutions and independent experts \u2013 the Council is able to target its actions and catalyse progress.<\/p>\n<p class=\"x_MsoNormal\">It has also shown ingenuity in exploring new areas of human rights related to the environment and climate change.<\/p>\n<p class=\"x_MsoNormal\">The Assembly\u2019s adoption of the resolution, last July, recognizing the human right to a clean, healthy and sustainable environment \u2013 is only the most recent example of how the Council is inspiring the work of the General Assembly.<\/p>\n<p class=\"x_MsoNormal\">This alignment offers a powerful message on the cusp of COP27 about the multidimensional impacts of climate change, which for all human beings, is a matter of survival.<\/p>\n<p class=\"x_MsoNormal\">\n<p class=\"x_MsoNormal\">Excellencies<span lang=\"RU\">,<\/span><\/p>\n<p class=\"x_MsoNormal\"><span lang=\"RU\">\u042f \u043f\u0440\u0438\u0441\u043e\u0435\u0434\u0438\u043d\u044f\u044e\u0441\u044c \u043a \u043f\u0440\u0438\u0437\u044b\u0432\u0443 \u0413\u0435\u043d\u0435\u0440\u0430\u043b\u044c\u043d\u043e\u0433\u043e \u0421\u0435\u043a\u0440\u0435\u0442\u0430\u0440\u044f \u043f\u0440\u0435\u043a\u0440\u0430\u0442\u0438\u0442\u044c \u0440\u0430\u0441\u043f\u0440\u0430\u0432\u0443 \u0438 \u0437\u0430\u043f\u0443\u0433\u0438\u0432\u0430\u043d\u0438\u044f \u0442\u0435\u0445, \u043a\u0442\u043e \u0441\u043e\u0442\u0440\u0443\u0434\u043d\u0438\u0447\u0430\u044e\u0442 \u0438\u043b\u0438 \u0433\u043e\u0442\u043e\u0432\u044b \u0441\u043e\u0442\u0440\u0443\u0434\u043d\u0438\u0447\u0430\u0442\u044c \u0441 \u041e\u041e\u041d.<\/span><\/p>\n<p class=\"x_MsoNormal\"><span lang=\"RU\">\u0412 \u0442\u0435\u0447\u0435\u043d\u0438\u0438 \u043d\u0430\u0441\u0442\u043e\u044f\u0449\u0435\u0439 \u0441\u0435\u0441\u0441\u0438\u0438 \u0413\u0435\u043d\u0435\u0440\u0430\u043b\u044c\u043d\u043e\u0439 \u0410\u0441\u0441\u0430\u043c\u0431\u043b\u0435\u0438, \u043c\u044b \u043d\u0430\u043c\u0435\u0440\u0435\u043d\u044b \u043f\u0440\u043e\u0432\u0435\u0441\u0442\u0438 \u043d\u0430\u0448\u0443 \u0440\u0430\u0431\u043e\u0442\u0443 \u043f\u043e \u0434\u0432\u0443\u043c \u043d\u0430\u043f\u0440\u0430\u0432\u043b\u0435\u043d\u0438\u044f\u043c: \u0443\u043f\u0440\u0430\u0432\u043b\u0435\u043d\u0438\u0435 \u043a\u0440\u0438\u0437\u0438\u0441\u043e\u043c \u0438 \u043f\u0440\u0435\u043e\u0431\u0440\u0430\u0437\u043e\u0432\u0430\u043d\u0438\u0438.<\/span><\/p>\n<p class=\"x_MsoNormal\"><span lang=\"RU\">\u042f \u043f\u0440\u0438\u043b\u043e\u0436\u0443 \u0432\u0441\u0435 \u0443\u0441\u0438\u043b\u0438\u044f, \u0447\u0442\u043e\u0431\u044b \u0432\u0441\u0435 \u043d\u0430\u0448\u0438 \u0434\u0435\u0439\u0441\u0442\u0432\u0438\u044f \u043f\u043e \u044d\u0442\u0438\u043c \u043f\u0440\u0438\u043e\u0440\u0438\u0442\u0435\u0442\u043d\u044b\u043c \u043d\u0430\u043f\u0440\u0430\u0432\u043b\u0435\u043d\u0438\u044f\u043c \u0432\u044b\u043f\u043e\u043b\u043d\u044f\u043b\u0438\u0441\u044c \u0441 \u0443\u0447\u0435\u0442\u043e\u043c \u043e\u0431\u0435\u0441\u043f\u0435\u0447\u0435\u043d\u0438\u044f \u043f\u0440\u0430\u0432 \u0447\u0435\u043b\u043e\u0432\u0435\u043a\u0430 \u0438 \u0433\u0435\u043d\u0434\u0435\u0440\u043d\u043e\u0433\u043e \u0440\u0430\u0432\u0435\u043d\u0441\u0442\u0432\u0430.<\/span><\/p>\n<p class=\"x_MsoNormal\"><i>(Russian translation: I join the Secretary-General\u2019s call to stop all acts of reprisals and intimidation against those cooperating or seeking to cooperate with the United Nations system.<\/i><i><\/i><\/p>\n<p class=\"x_MsoNormal\"><i>In the General Assembly, we are to organize our work during this session along two tracks: crisis management and transformation.<\/i><\/p>\n<p class=\"x_MsoNormal\"><i>I will do my best to ensure a human rights-based and gender responsive approach to all our activities carried out across these priorities.)<\/i><\/p>\n<p class=\"x_MsoNormal\"><i>\u00a0<\/i><\/p>\n<p class=\"x_MsoNormal\">I am proud to have convened the Platform of Women Leaders during the High-Level Week.<\/p>\n<p class=\"x_MsoNormal\">I also intend to keep our decisions accountable to needs on the ground by engaging with civil society.<\/p>\n<p class=\"x_MsoNormal\">If we do not hear their concerns today, will our decisions benefit anyone tomorrow?<\/p>\n<p class=\"x_MsoNormal\">\n<p class=\"x_MsoNormal\">Excellencies,<\/p>\n<p class=\"x_MsoNormal\">The immense workload of the Human Rights Council is a barometer of how our societies are doing.<\/p>\n<p class=\"x_MsoNormal\">I wish the Council every success as it begins the fourth cycle of its Universal Periodic Review \u2013 and I encourage all Member States to engage in this unique mechanism in the spirit of cooperation.<\/p>\n<p class=\"x_MsoNormal\">A spirit invoked by Martin Luther King when he wrote: \u201cInjustice anywhere is a threat to justice everywhere.\u201d<\/p>\n<p class=\"x_MsoNormal\">Let us take this to heart.<\/p>\n<p class=\"x_MsoNormal\">Let us close the gap between standards and reality.<\/p>\n<p class=\"x_MsoNormal\">I thank you.<\/p>\n<p class=\"p1\">[\/et_pb_text][\/et_pb_column][\/et_pb_row][\/et_pb_section]<\/p>\n","protected":false},"excerpt":{"rendered":"<p>1 November 2022 &nbsp; Mr. President, Excellencies, Ladies and Gentlemen, \u201cAll human beings are born free and equal in dignity and rights.\u201d These words from the Universal Declaration of Human [&hellip;]<\/p>\n","protected":false},"author":361,"featured_media":0,"comment_status":"closed","ping_status":"closed","sticky":false,"template":"","format":"standard","meta":{"_et_pb_use_builder":"on","_et_pb_old_content":"","_et_gb_content_width":"","footnotes":""},"categories":[111],"tags":[],"class_list":["post-248087","post","type-post","status-publish","format-standard","hentry","category-statements","et-doesnt-have-format-content","et_post_format-et-post-format-standard"],"yoast_head":"<!-- This site is optimized with the Yoast SEO plugin v28.3 - https:\/\/yoast.com\/product\/yoast-seo-wordpress\/ -->\n<title>PGA remarks at the General Assembly plenary meeting: Report of the Human Rights Council - General Assembly of the United Nations<\/title>\n<meta name=\"robots\" content=\"index, follow, max-snippet:-1, max-image-preview:large, max-video-preview:-1\" \/>\n<link rel=\"canonical\" href=\"https:\/\/www.un.org\/pga\/77\/2022\/11\/01\/pga-remarks-at-the-general-assembly-plenary-meeting-report-of-the-human-rights-council\/\" \/>\n<meta property=\"og:locale\" content=\"en_US\" \/>\n<meta property=\"og:type\" content=\"article\" \/>\n<meta property=\"og:title\" content=\"PGA remarks at the General Assembly plenary meeting: Report of the Human Rights Council - General Assembly of the United Nations\" \/>\n<meta property=\"og:description\" content=\"1 November 2022 &nbsp; Mr. President, Excellencies, Ladies and Gentlemen, \u201cAll human beings are born free and equal in dignity and rights.\u201d These words from the Universal Declaration of Human [&hellip;]\" \/>\n<meta property=\"og:url\" content=\"https:\/\/www.un.org\/pga\/77\/2022\/11\/01\/pga-remarks-at-the-general-assembly-plenary-meeting-report-of-the-human-rights-council\/\" \/>\n<meta property=\"og:site_name\" content=\"General Assembly of the United Nations\" \/>\n<meta property=\"article:published_time\" content=\"2022-11-01T14:58:42+00:00\" \/>\n<meta property=\"article:modified_time\" content=\"2022-11-01T14:58:50+00:00\" \/>\n<meta name=\"author\" content=\"Steven Viju Philip\" \/>\n<meta name=\"twitter:card\" content=\"summary_large_image\" \/>\n<meta name=\"twitter:label1\" content=\"Written by\" \/>\n\t<meta name=\"twitter:data1\" content=\"Steven Viju Philip\" \/>\n\t<meta name=\"twitter:label2\" content=\"Est. reading time\" \/>\n\t<meta name=\"twitter:data2\" content=\"4 minutes\" \/>\n<script type=\"application\/ld+json\" class=\"yoast-schema-graph\">{\"@context\":\"https:\\\/\\\/schema.org\",\"@graph\":[{\"@type\":\"Article\",\"@id\":\"https:\\\/\\\/www.un.org\\\/pga\\\/77\\\/2022\\\/11\\\/01\\\/pga-remarks-at-the-general-assembly-plenary-meeting-report-of-the-human-rights-council\\\/#article\",\"isPartOf\":{\"@id\":\"https:\\\/\\\/www.un.org\\\/pga\\\/77\\\/2022\\\/11\\\/01\\\/pga-remarks-at-the-general-assembly-plenary-meeting-report-of-the-human-rights-council\\\/\"},\"author\":{\"name\":\"Steven Viju Philip\",\"@id\":\"https:\\\/\\\/www.un.org\\\/pga\\\/77\\\/#\\\/schema\\\/person\\\/5023a3e992d3ff96de578367d1f34eaa\"},\"headline\":\"PGA remarks at the General Assembly plenary meeting: Report of the Human Rights Council\",\"datePublished\":\"2022-11-01T14:58:42+00:00\",\"dateModified\":\"2022-11-01T14:58:50+00:00\",\"mainEntityOfPage\":{\"@id\":\"https:\\\/\\\/www.un.org\\\/pga\\\/77\\\/2022\\\/11\\\/01\\\/pga-remarks-at-the-general-assembly-plenary-meeting-report-of-the-human-rights-council\\\/\"},\"wordCount\":1198,\"articleSection\":[\"Statements\"],\"inLanguage\":\"en-US\"},{\"@type\":\"WebPage\",\"@id\":\"https:\\\/\\\/www.un.org\\\/pga\\\/77\\\/2022\\\/11\\\/01\\\/pga-remarks-at-the-general-assembly-plenary-meeting-report-of-the-human-rights-council\\\/\",\"url\":\"https:\\\/\\\/www.un.org\\\/pga\\\/77\\\/2022\\\/11\\\/01\\\/pga-remarks-at-the-general-assembly-plenary-meeting-report-of-the-human-rights-council\\\/\",\"name\":\"PGA remarks at the General Assembly plenary meeting: Report of the Human Rights Council - General Assembly of the United Nations\",\"isPartOf\":{\"@id\":\"https:\\\/\\\/www.un.org\\\/pga\\\/77\\\/#website\"},\"datePublished\":\"2022-11-01T14:58:42+00:00\",\"dateModified\":\"2022-11-01T14:58:50+00:00\",\"author\":{\"@id\":\"https:\\\/\\\/www.un.org\\\/pga\\\/77\\\/#\\\/schema\\\/person\\\/5023a3e992d3ff96de578367d1f34eaa\"},\"breadcrumb\":{\"@id\":\"https:\\\/\\\/www.un.org\\\/pga\\\/77\\\/2022\\\/11\\\/01\\\/pga-remarks-at-the-general-assembly-plenary-meeting-report-of-the-human-rights-council\\\/#breadcrumb\"},\"inLanguage\":\"en-US\",\"potentialAction\":[{\"@type\":\"ReadAction\",\"target\":[\"https:\\\/\\\/www.un.org\\\/pga\\\/77\\\/2022\\\/11\\\/01\\\/pga-remarks-at-the-general-assembly-plenary-meeting-report-of-the-human-rights-council\\\/\"]}]},{\"@type\":\"BreadcrumbList\",\"@id\":\"https:\\\/\\\/www.un.org\\\/pga\\\/77\\\/2022\\\/11\\\/01\\\/pga-remarks-at-the-general-assembly-plenary-meeting-report-of-the-human-rights-council\\\/#breadcrumb\",\"itemListElement\":[{\"@type\":\"ListItem\",\"position\":1,\"name\":\"Home\",\"item\":\"https:\\\/\\\/www.un.org\\\/pga\\\/77\\\/\"},{\"@type\":\"ListItem\",\"position\":2,\"name\":\"PGA remarks at the General Assembly plenary meeting: Report of the Human Rights Council\"}]},{\"@type\":\"WebSite\",\"@id\":\"https:\\\/\\\/www.un.org\\\/pga\\\/77\\\/#website\",\"url\":\"https:\\\/\\\/www.un.org\\\/pga\\\/77\\\/\",\"name\":\"General Assembly of the United Nations\",\"description\":\"President of the 77th session\",\"potentialAction\":[{\"@type\":\"SearchAction\",\"target\":{\"@type\":\"EntryPoint\",\"urlTemplate\":\"https:\\\/\\\/www.un.org\\\/pga\\\/77\\\/?s={search_term_string}\"},\"query-input\":{\"@type\":\"PropertyValueSpecification\",\"valueRequired\":true,\"valueName\":\"search_term_string\"}}],\"inLanguage\":\"en-US\"},{\"@type\":\"Person\",\"@id\":\"https:\\\/\\\/www.un.org\\\/pga\\\/77\\\/#\\\/schema\\\/person\\\/5023a3e992d3ff96de578367d1f34eaa\",\"name\":\"Steven Viju Philip\",\"image\":{\"@type\":\"ImageObject\",\"inLanguage\":\"en-US\",\"@id\":\"https:\\\/\\\/secure.gravatar.com\\\/avatar\\\/b7eeae8bb41e490d2a19a2c055de1ab0ba39eabe8944aeed22a41f41b9d8e1a1?s=96&d=mm&r=g\",\"url\":\"https:\\\/\\\/secure.gravatar.com\\\/avatar\\\/b7eeae8bb41e490d2a19a2c055de1ab0ba39eabe8944aeed22a41f41b9d8e1a1?s=96&d=mm&r=g\",\"contentUrl\":\"https:\\\/\\\/secure.gravatar.com\\\/avatar\\\/b7eeae8bb41e490d2a19a2c055de1ab0ba39eabe8944aeed22a41f41b9d8e1a1?s=96&d=mm&r=g\",\"caption\":\"Steven Viju Philip\"},\"url\":\"https:\\\/\\\/www.un.org\\\/pga\\\/77\\\/author\\\/steven-philipun-org\\\/\"}]}<\/script>\n<!-- \/ Yoast SEO plugin. -->","yoast_head_json":{"title":"PGA remarks at the General Assembly plenary meeting: Report of the Human Rights Council - General Assembly of the United Nations","robots":{"index":"index","follow":"follow","max-snippet":"max-snippet:-1","max-image-preview":"max-image-preview:large","max-video-preview":"max-video-preview:-1"},"canonical":"https:\/\/www.un.org\/pga\/77\/2022\/11\/01\/pga-remarks-at-the-general-assembly-plenary-meeting-report-of-the-human-rights-council\/","og_locale":"en_US","og_type":"article","og_title":"PGA remarks at the General Assembly plenary meeting: Report of the Human Rights Council - General Assembly of the United Nations","og_description":"1 November 2022 &nbsp; Mr. President, Excellencies, Ladies and Gentlemen, \u201cAll human beings are born free and equal in dignity and rights.\u201d These words from the Universal Declaration of Human [&hellip;]","og_url":"https:\/\/www.un.org\/pga\/77\/2022\/11\/01\/pga-remarks-at-the-general-assembly-plenary-meeting-report-of-the-human-rights-council\/","og_site_name":"General Assembly of the United Nations","article_published_time":"2022-11-01T14:58:42+00:00","article_modified_time":"2022-11-01T14:58:50+00:00","author":"Steven Viju Philip","twitter_card":"summary_large_image","twitter_misc":{"Written by":"Steven Viju Philip","Est. reading time":"4 minutes"},"schema":{"@context":"https:\/\/schema.org","@graph":[{"@type":"Article","@id":"https:\/\/www.un.org\/pga\/77\/2022\/11\/01\/pga-remarks-at-the-general-assembly-plenary-meeting-report-of-the-human-rights-council\/#article","isPartOf":{"@id":"https:\/\/www.un.org\/pga\/77\/2022\/11\/01\/pga-remarks-at-the-general-assembly-plenary-meeting-report-of-the-human-rights-council\/"},"author":{"name":"Steven Viju Philip","@id":"https:\/\/www.un.org\/pga\/77\/#\/schema\/person\/5023a3e992d3ff96de578367d1f34eaa"},"headline":"PGA remarks at the General Assembly plenary meeting: Report of the Human Rights Council","datePublished":"2022-11-01T14:58:42+00:00","dateModified":"2022-11-01T14:58:50+00:00","mainEntityOfPage":{"@id":"https:\/\/www.un.org\/pga\/77\/2022\/11\/01\/pga-remarks-at-the-general-assembly-plenary-meeting-report-of-the-human-rights-council\/"},"wordCount":1198,"articleSection":["Statements"],"inLanguage":"en-US"},{"@type":"WebPage","@id":"https:\/\/www.un.org\/pga\/77\/2022\/11\/01\/pga-remarks-at-the-general-assembly-plenary-meeting-report-of-the-human-rights-council\/","url":"https:\/\/www.un.org\/pga\/77\/2022\/11\/01\/pga-remarks-at-the-general-assembly-plenary-meeting-report-of-the-human-rights-council\/","name":"PGA remarks at the General Assembly plenary meeting: Report of the Human Rights Council - General Assembly of the United Nations","isPartOf":{"@id":"https:\/\/www.un.org\/pga\/77\/#website"},"datePublished":"2022-11-01T14:58:42+00:00","dateModified":"2022-11-01T14:58:50+00:00","author":{"@id":"https:\/\/www.un.org\/pga\/77\/#\/schema\/person\/5023a3e992d3ff96de578367d1f34eaa"},"breadcrumb":{"@id":"https:\/\/www.un.org\/pga\/77\/2022\/11\/01\/pga-remarks-at-the-general-assembly-plenary-meeting-report-of-the-human-rights-council\/#breadcrumb"},"inLanguage":"en-US","potentialAction":[{"@type":"ReadAction","target":["https:\/\/www.un.org\/pga\/77\/2022\/11\/01\/pga-remarks-at-the-general-assembly-plenary-meeting-report-of-the-human-rights-council\/"]}]},{"@type":"BreadcrumbList","@id":"https:\/\/www.un.org\/pga\/77\/2022\/11\/01\/pga-remarks-at-the-general-assembly-plenary-meeting-report-of-the-human-rights-council\/#breadcrumb","itemListElement":[{"@type":"ListItem","position":1,"name":"Home","item":"https:\/\/www.un.org\/pga\/77\/"},{"@type":"ListItem","position":2,"name":"PGA remarks at the General Assembly plenary meeting: Report of the Human Rights Council"}]},{"@type":"WebSite","@id":"https:\/\/www.un.org\/pga\/77\/#website","url":"https:\/\/www.un.org\/pga\/77\/","name":"General Assembly of the United Nations","description":"President of the 77th session","potentialAction":[{"@type":"SearchAction","target":{"@type":"EntryPoint","urlTemplate":"https:\/\/www.un.org\/pga\/77\/?s={search_term_string}"},"query-input":{"@type":"PropertyValueSpecification","valueRequired":true,"valueName":"search_term_string"}}],"inLanguage":"en-US"},{"@type":"Person","@id":"https:\/\/www.un.org\/pga\/77\/#\/schema\/person\/5023a3e992d3ff96de578367d1f34eaa","name":"Steven Viju Philip","image":{"@type":"ImageObject","inLanguage":"en-US","@id":"https:\/\/secure.gravatar.com\/avatar\/b7eeae8bb41e490d2a19a2c055de1ab0ba39eabe8944aeed22a41f41b9d8e1a1?s=96&d=mm&r=g","url":"https:\/\/secure.gravatar.com\/avatar\/b7eeae8bb41e490d2a19a2c055de1ab0ba39eabe8944aeed22a41f41b9d8e1a1?s=96&d=mm&r=g","contentUrl":"https:\/\/secure.gravatar.com\/avatar\/b7eeae8bb41e490d2a19a2c055de1ab0ba39eabe8944aeed22a41f41b9d8e1a1?s=96&d=mm&r=g","caption":"Steven Viju Philip"},"url":"https:\/\/www.un.org\/pga\/77\/author\/steven-philipun-org\/"}]}},"_links":{"self":[{"href":"https:\/\/www.un.org\/pga\/77\/wp-json\/wp\/v2\/posts\/248087","targetHints":{"allow":["GET"]}}],"collection":[{"href":"https:\/\/www.un.org\/pga\/77\/wp-json\/wp\/v2\/posts"}],"about":[{"href":"https:\/\/www.un.org\/pga\/77\/wp-json\/wp\/v2\/types\/post"}],"author":[{"embeddable":true,"href":"https:\/\/www.un.org\/pga\/77\/wp-json\/wp\/v2\/users\/361"}],"replies":[{"embeddable":true,"href":"https:\/\/www.un.org\/pga\/77\/wp-json\/wp\/v2\/comments?post=248087"}],"version-history":[{"count":0,"href":"https:\/\/www.un.org\/pga\/77\/wp-json\/wp\/v2\/posts\/248087\/revisions"}],"wp:attachment":[{"href":"https:\/\/www.un.org\/pga\/77\/wp-json\/wp\/v2\/media?parent=248087"}],"wp:term":[{"taxonomy":"category","embeddable":true,"href":"https:\/\/www.un.org\/pga\/77\/wp-json\/wp\/v2\/categories?post=248087"},{"taxonomy":"post_tag","embeddable":true,"href":"https:\/\/www.un.org\/pga\/77\/wp-json\/wp\/v2\/tags?post=248087"}],"curies":[{"name":"wp","href":"https:\/\/api.w.org\/{rel}","templated":true}]}}