  {"id":249074,"date":"2022-12-08T10:36:01","date_gmt":"2022-12-08T15:36:01","guid":{"rendered":"https:\/\/www.un.org\/pga\/77\/?p=249074"},"modified":"2022-12-08T10:36:09","modified_gmt":"2022-12-08T15:36:09","slug":"pga-remarks-to-the-commemoration-of-the-40th-anniversary-of-the-adoption-and-opening-for-signature-of-the-united-nations-convention-on-the-law-of-the-sea","status":"publish","type":"post","link":"https:\/\/www.un.org\/pga\/77\/2022\/12\/08\/pga-remarks-to-the-commemoration-of-the-40th-anniversary-of-the-adoption-and-opening-for-signature-of-the-united-nations-convention-on-the-law-of-the-sea\/","title":{"rendered":"PGA remarks to the Commemoration of the\u00a040th\u00a0anniversary of the adoption and opening for signature of the United Nations Convention on the Law of the Sea"},"content":{"rendered":"<p>[et_pb_section fb_built=&#8221;1&#8243; admin_label=&#8221;section&#8221; _builder_version=&#8221;4.16&#8243; global_colors_info=&#8221;{}&#8221;][et_pb_row admin_label=&#8221;row&#8221; _builder_version=&#8221;4.16&#8243; background_size=&#8221;initial&#8221; background_position=&#8221;top_left&#8221; background_repeat=&#8221;repeat&#8221; custom_margin=&#8221;-76px|auto||auto||&#8221; global_colors_info=&#8221;{}&#8221;][et_pb_column type=&#8221;4_4&#8243; _builder_version=&#8221;4.16&#8243; custom_padding=&#8221;|||&#8221; global_colors_info=&#8221;{}&#8221; custom_padding__hover=&#8221;|||&#8221;][et_pb_text admin_label=&#8221;Text&#8221; _builder_version=&#8221;4.18.0&#8243; background_size=&#8221;initial&#8221; background_position=&#8221;top_left&#8221; background_repeat=&#8221;repeat&#8221; hover_enabled=&#8221;0&#8243; global_colors_info=&#8221;{}&#8221; sticky_enabled=&#8221;0&#8243;]<\/p>\n<p class=\"x_MsoNormal\" align=\"center\"><strong>8 December 2022<\/strong><b><\/b><\/p>\n<p class=\"x_MsoNormal\" align=\"center\"><b>\u00a0<\/b><\/p>\n<p class=\"x_MsoNormal\">Excellencies, Distinguished Delegates,<\/p>\n<p class=\"x_MsoNormal\">\n<p>The English science writer Arthur C. Clarke once said: \u201cHow inappropriate to call this planet Earth when it is clearly Ocean.\u201d\u00a0<\/p>\n<p class=\"x_MsoNormal\">\n<p class=\"x_MsoNormal\">Yes, the oceans span more than 70% of our planet\u2019s surface. They provide incredible biodiversity, sustenance and resources to billions of people and organisms \u2013 and half of the world\u2019s oxygen.\u00a0\u00a0<\/p>\n<p class=\"x_MsoNormal\">\n<p class=\"x_MsoNormal\">Yet, despite the critical role the oceans play for our collective survival, they are increasingly under threat. And, unfortunately, the sands of time are running out. We must act collectively now, to find sustainable, science-based solutions to save our seas.<\/p>\n<p class=\"x_MsoNormal\">\n<p class=\"x_MsoNormal\">There is a wonderful Maori proverb that has been noted a number of times in these halls during many oceans related processes: \u201cHe waka eke noa\u201d \u2013 we are all in the same canoe.\u00a0 We all have a shared responsibility. And we all need to do more.<\/p>\n<p class=\"x_MsoNormal\">\n<p class=\"x_MsoNormal\">Dear delegates, we come together today to mark the 40<sup>th<\/sup>\u00a0anniversary of the adoption of the Ä¢¹½ÊÓÆµ Convention on the Law of the Sea.\u00a0<\/p>\n<p class=\"x_MsoNormal\">\n<p class=\"x_MsoNormal\">This remarkable document, referred to by many as \u2018the constitution of the oceans\u2019 has served as our road map for the past four decades, providing the legal framework for all activities in the ocean and seas, as enshrined in customary international law.\u00a0<\/p>\n<p class=\"x_MsoNormal\">\n<p class=\"x_MsoNormal\">It has given us a common language and guidance on how to define sovereign and navigational rights at sea; how to delineate maritime borders between neighbors; and how to regard and manage this vast common treasure and heritage of humankind.\u00a0<\/p>\n<p class=\"x_MsoNormal\">\n<p>The fact that Ä¢¹½ÊÓÆµCLOS is just as relevant as ever is a true Ä¢¹½ÊÓÆµ success story.\u00a0 This document can serve as an excellent example of what can be achieved when multilateralism is done right. What global governance can and should look like.<\/p>\n<p>&nbsp;<\/p>\n<p class=\"x_MsoNormal\">And in this field, the General Assembly has mandated Member States to do more. Resolution 72\/249 has called on them to elaborate the text of a legally binding instrument under Ä¢¹½ÊÓÆµCLOS for the conservation and sustainable use of marine biological diversity of areas beyond national jurisdiction.\u00a0<\/p>\n<p class=\"x_MsoNormal\">\n<p class=\"x_MsoNormal\">While we could see significant progress in this regard, extra effort must be made to conclude this High Seas Treaty.<\/p>\n<p class=\"x_MsoNormal\">\n<p class=\"x_MsoNormal\">Distinguished Delegates,<\/p>\n<p class=\"x_MsoNormal\">\n<p class=\"x_MsoNormal\">Countless species and immense biodiversity are on the brink of extinction as ocean temperatures continue to rise. And while the climate crisis threatens all humankind, in the context of the oceans, small islands are particularly vulnerable and face nothing short of an existential threat.\u00a0<\/p>\n<p class=\"x_MsoNormal\">\n<p class=\"x_MsoNormal\">I\u00a0commend Portugal and Kenya for co-hosting the Ä¢¹½ÊÓÆµ Conference on the\u00a0Ocean in Lisbon this past summer, which addressed the major threats to the health, ecology, economy, and governance of the ocean \u2013 acidification, marine litter and pollution, illegal, unreported, and unregulated fishing, and the loss of habitats and biodiversity.<\/p>\n<p class=\"x_MsoNormal\">\n<p class=\"x_MsoNormal\" dir=\"RTL\"><span lang=\"AR-SA\">\u0648\u064a\u064e\u0633\u0651\u064f\u0631\u064f\u0646\u064a \u0641\u064a \u0647\u0630\u0627 \u0627\u0644\u0635\u0651\u064e\u062f\u064e\u062f\u0652\u060c \u0623\u064e\u0646 \u0623\u064f\u0624\u064e\u0643\u0650\u062f \u0639\u0644\u0649 \u0623\u0646\u0651 \u0645\u064f\u0624\u0652\u062a\u064e\u0645\u064e\u0631 \u0644\u0634\u0628\u0648\u0646\u0629 \u0643\u0627\u0646\u064e \u0645\u0650\u062b\u0627\u0644\u0627\u064b \u0646\u0627\u062c\u0650\u062d\u0627\u064b \u0644\u0644\u0639\u064e\u0645\u064e\u0644 \u0627\u0644\u0645\u064f\u062a\u064e\u0639\u064e\u062f\u0651\u062f \u0627\u0644\u0623\u064e\u0637\u0631\u0627\u0641 \u0627\u0644\u0625\u064a\u062c\u0627\u0628\u064a\u060c \u062d\u064a\u0652\u062b\u064f \u062a\u064e\u0636\u0627\u0641\u064e\u0631\u064e \u0627\u0644\u0645\u064f\u062c\u062a\u064e\u0645\u064e\u0639 \u0627\u0644\u062f\u0651\u064f\u0648\u0644\u064a \u0644\u0644\u0648\u064f\u0642\u0648\u0641 \u0639\u0644\u0649 \u0627\u0644\u0645\u064e\u0633\u0627\u0626\u0650\u0644 \u0648\u0627\u0644\u0642\u064e\u0636\u0627\u064a\u0627 \u0630\u064e\u0627\u062a\u064f \u0627\u0644\u0623\u064e\u0647\u064e\u0645\u0651\u064a\u064e\u0629\u0650 \u0627\u0644\u0642\u064b\u0635\u0648\u064e\u0649.<span class=\"x_apple-converted-space\">\u00a0<\/span>\u00a0<\/span><\/p>\n<p class=\"x_MsoNormal\">\n<p class=\"x_MsoNormal\">(Arabic translation: I am pleased to confirm that the Lisbon conference was yet another example of positive multilateralism \u2013 with the global community coming together to jointly address issues of immense importance.)\u00a0\u00a0<\/p>\n<p class=\"x_MsoNormal\">\n<p class=\"x_MsoNormal\"><span lang=\"RU\">\u042f \u043f\u0440\u0438\u0432\u0435\u0442\u0441\u0442\u0432\u0443\u044e \u0441\u0442\u0440\u0435\u043c\u043b\u0435\u043d\u0438\u044f \u043c\u043e\u0431\u0438\u043b\u0438\u0437\u043e\u0432\u0430\u0442\u044c \u0432\u0441\u0435 \u0441\u0438\u043b\u044b \u0434\u043b\u044f \u0442\u043e\u0433\u043e, \u0447\u0442\u043e\u0431\u044b \u0434\u043e\u0441\u0442\u0438\u0447\u044c \u0441\u0443\u0449\u0435\u0441\u0442\u0432\u0435\u043d\u043d\u044b\u0445 \u0438\u0437\u043c\u0435\u043d\u0435\u043d\u0438\u0439. \u041d\u0430\u043c \u043d\u0435\u043e\u0431\u0445\u043e\u0434\u0438\u043c\u044b \u043d\u0430\u0443\u0447\u043d\u044b\u0435 \u0438 \u043d\u043e\u0432\u0430\u0442\u043e\u0440\u0441\u043a\u0438\u0435 \u043f\u043e\u0434\u0445\u043e\u0434\u044b, \u043a\u043e\u0442\u043e\u0440\u044b\u0435 \u0432\u043a\u043b\u044e\u0447\u0430\u044e\u0442 \u0437\u0435\u043b\u0451\u043d\u044b\u0435 \u0442\u0435\u0445\u043d\u043e\u043b\u043e\u0433\u0438\u0438 \u0438 \u043d\u043e\u0432\u0435\u0439\u0448\u0438\u0435 \u0438\u0441\u043f\u043e\u043b\u044c\u0437\u043e\u0432\u0430\u043d\u0438\u044f \u043c\u043e\u0440\u0441\u043a\u0438\u0445 \u0440\u0435\u0441\u0443\u0440\u0441\u043e\u0432.<\/span><\/p>\n<p class=\"x_MsoNormal\">\n<p class=\"x_MsoNormal\">(Russian translation: I commend these efforts to mobilize action and seek major transformations. We need science-based, innovative, and shared solutions, that involve green technology and inventive uses of marine resources.)<\/p>\n<p class=\"x_MsoNormal\">\n<p><span lang=\"FR\">Dans ce contexte, je remercie les Gouvernements de France et du Costa Rica pour avoir g\u00e9n\u00e9reusement offert de tenir la prochaine Conf\u00e9rence sur l\u2019Oc\u00e9an en France en 2025.<\/span><\/p>\n<p><span lang=\"FR\">\u00a0<\/span><\/p>\n<p class=\"x_MsoNormal\">(French translation\u00a0:\u00a0In this context, I thank the Governments of France and Costa Rica for their kind offer to host the next Conference on the Ocean in France in 2025.)<\/p>\n<p aria-hidden=\"true\">\n<p aria-hidden=\"true\">\n<p>Esteemed Delegates,<\/p>\n<p aria-hidden=\"true\">\n<p>I call upon all of you to continue to work together to enhance cooperation in the realm of the oceans and to advance the implementation of SDG 14.<\/p>\n<p aria-hidden=\"true\">\n<p><span lang=\"HU\">Meanwhile, w<\/span>e should recognize the value of having a legal document like Ä¢¹½ÊÓÆµCLOS, which serves as a solid basis for promoting peace and sustainable development across our oceans and seas, throughout the globe.<\/p>\n<p aria-hidden=\"true\">\n<p class=\"x_MsoNormal\">I look forward to your active engagement in today\u2019s important debate, and I thank you.<\/p>\n<p class=\"x_MsoNormal\" aria-hidden=\"true\">[\/et_pb_text][\/et_pb_column][\/et_pb_row][\/et_pb_section]<\/p>\n","protected":false},"excerpt":{"rendered":"<p>8 December 2022 \u00a0 Excellencies, Distinguished Delegates, The English science writer Arthur C. Clarke once said: \u201cHow inappropriate to call this planet Earth when it is clearly Ocean.\u201d\u00a0 Yes, the [&hellip;]<\/p>\n","protected":false},"author":361,"featured_media":0,"comment_status":"closed","ping_status":"closed","sticky":false,"template":"","format":"standard","meta":{"_et_pb_use_builder":"on","_et_pb_old_content":"<p class=\"x_MsoNormal\" align=\"center\"><strong>10 November 2022<\/strong><b><\/b><\/p>\r\n<p class=\"x_MsoNormal\">Excellencies, Ladies and Gentlemen,<\/p>\r\n<p class=\"x_MsoNormal\">Afghanistan is in crisis. It is in many crises.<\/p>\r\n<p class=\"x_paragraph\"><span class=\"x_normaltextrun\">It has been 15 months since the Taliban consolidated control over the country.<\/span><\/p>\r\n<p class=\"x_paragraph\"><span class=\"x_normaltextrun\">Its economy is in ruins. The humanitarian situation is disastrous.<\/span><\/p>\r\n<p class=\"x_paragraph\"><span class=\"x_eop\">\u00a0<\/span><span class=\"x_normaltextrun\">Two-thirds of the population is hungry.\u00a0<\/span><span class=\"x_eop\">\u00a0<\/span><\/p>\r\n<p class=\"x_paragraph\"><span class=\"x_eop\">\u00a0<\/span><span class=\"x_normaltextrun\">Girls and women are banned from learning, having a job or getting proper medical care.\u00a0<\/span><span class=\"x_eop\">\u00a0<\/span><\/p>\r\n<p class=\"x_paragraph\"><span class=\"x_normaltextrun\">The country is awash with heroin and opium.<\/span><\/p>\r\n<p class=\"x_paragraph\"><span class=\"x_normaltextrun\">Organized crime and terrorist organizations are thriving once again.<\/span><\/p>\r\n<p class=\"x_paragraph\"><span class=\"x_normaltextrun\">Afghanistan is facing complex and interlinked challenges that the Taliban have shown they cannot \u2013 or would not \u2013 solve.<u><\/u><\/span><\/p>\r\n<p class=\"x_MsoNormal\">It is time to support the Afghan people with concrete solutions that place their needs front and center.<\/p>\r\n<p class=\"x_MsoNormal\">It is true that some problems will require some time to resolve.<\/p>\r\n<p class=\"x_MsoNormal\">But there are actions the Assembly can take to change the paradigm now.<\/p>\r\n<p class=\"x_MsoNormal\">I would like you to consider one solution through solidarity.<\/p>\r\n<p class=\"x_MsoNormal\">The Ä¢¹½ÊÓÆµ humanitarian appeal for Afghanistan \u2013 which requires $4.4 billion US dollars \u2013 is only half funded.<\/p>\r\n<p class=\"x_MsoNormal\">With winter weather just weeks away, I encourage Member States to provide urgent support to help reduce the $2.3 billion dollar shortfall.<\/p>\r\n<p class=\"x_MsoNormal\">Let\u2019s remind ourselves of the old saying from Afghanistan: \u201cA real friend is one who takes the hand of his friend in times of distress and helplessness.\u201d<\/p>\r\n<p class=\"x_texttext1fzle\">Excellencies,<\/p>\r\n<p class=\"x_texttext1fzle\">Afghanistan has a rich history of scientific achievement.<\/p>\r\n<p class=\"x_texttext1fzle\">I encourage the country\u2019s reengagement with the international science community.<\/p>\r\n<p class=\"x_paragraph\">And\u00a0<span class=\"x_normaltextrun\">to allow women who used to be respected members of the country\u2019s science community to resume their research and their studies.<\/span><span class=\"x_eop\">\u00a0<\/span><\/p>\r\n<p class=\"x_paragraph\"><span class=\"x_eop\">\u00a0<\/span>Afghanistan is now the only state in the world that would deny girls their full right to education.<\/p>\r\n<p class=\"x_texttext1fzle\">The prospect of girls\u2019 education has been left to uncertainty amid seemingly random edicts from the Taliban.<\/p>\r\n<p class=\"x_MsoNormal\">This time last year, Fawzia Koofi, the first woman Deputy Speaker of the Afghan Parliament, recalled her dream of one day addressing the Ä¢¹½ÊÓÆµ as the President of Afghanistan.<\/p>\r\n<p class=\"x_MsoNormal\">She said:\u00a0\u201cWith me, millions of girls and women in Afghanistan had this dream that now they think will never come true.\u201d<\/p>\r\n<p class=\"x_MsoNormal\">Dreams of becoming President have been replaced by the reality of child marriage. Arrests if women and girls leave their home without a male chaperone.<\/p>\r\n<p class=\"x_MsoNormal\">I reiterate my call for the protection of fundamental rights and freedoms of all Afghans, especially women and girls.<\/p>\r\n<p class=\"x_MsoNormal\">Similarly, I urge the Taliban to ensure the safety of all Afghans, regardless of gender, ethnic background, religious belief or political affiliation.<\/p>\r\n<p class=\"x_MsoNormal\">To protect journalists and civil society members.<\/p>\r\n<p class=\"x_MsoNormal\">To allow unhindered humanitarian aid, and to cooperate with humanitarian workers.<\/p>\r\n<p class=\"x_MsoNormal\">We expect the Taliban to make good on the commitments they made to the international community.\u00a0To show honesty through\u00a0concrete action.<\/p>\r\n<p class=\"x_MsoNormal\">Excellencies,<\/p>\r\n<p class=\"x_MsoNormal\">The dramatic changes of 2021 have taken a massive toll on Afghanistan\u2019s economy and profoundly widened many security risks.<\/p>\r\n<p class=\"x_MsoNormal\"><span class=\"x_xcontentpasted0\">\u00a0<\/span><span class=\"x_xcontentpasted0\">Narcotics now make up the country\u2019s largest economic sector.<\/span><\/p>\r\n<p class=\"x_MsoNormal\">Earlier this month, t<span class=\"x_xcontentpasted0\">he Ä¢¹½ÊÓÆµ Office on Drugs and Crime reported that opium cultivation in 2022 increased by 32 per cent. Prices have soared.<\/span><\/p>\r\n<p class=\"x_xmsonormal\"><span class=\"x_xcontentpasted0\"><span lang=\"EN-GB\">\u00a0<\/span><\/span><span class=\"x_xcontentpasted0\"><span lang=\"EN-GB\">We know where these drugs are sent. And we know who profits from these drugs.<\/span><\/span><\/p>\r\n<p class=\"x_xmsonormal\"><span class=\"x_xcontentpasted0\"><span lang=\"EN-GB\">\u00a0<\/span><\/span><span class=\"x_xcontentpasted0\"><span lang=\"EN-GB\">The threat from drug trafficking is linked with the threat of terrorism, regional and global security.<\/span><\/span><\/p>\r\n<p class=\"x_xmsonormal\"><span class=\"x_xcontentpasted0\"><span lang=\"EN-GB\">\u00a0<\/span><\/span><span class=\"x_xcontentpasted0\"><span lang=\"EN-GB\">The Haqqani network and Al-Qaeda are just some of the terrorist organizations active in Afghanistan.\u00a0\u00a0<\/span><\/span><\/p>\r\n<p class=\"x_xmsonormal\"><span class=\"x_xcontentpasted0\"><span lang=\"EN-GB\">\u00a0<\/span><\/span><span class=\"x_xcontentpasted0\"><span lang=\"EN-GB\">It is crucial that Taliban leaders engage in a serious counter-terrorism dialogue to stop and reverse the flow of foreign extremists into the country \u2013 and prevent their own from becoming foreign terrorist fighters in other countries.<\/span><\/span><\/p>\r\n<p class=\"x_xmsonormal\"><span class=\"x_xcontentpasted0\"><span lang=\"EN-GB\">\u00a0<\/span><\/span><span class=\"x_xcontentpasted0\"><span lang=\"EN-GB\">Afghanistan must never again become a breeding ground and\u00a0<a name=\"x__Int_Gv9byRjn\" data-safelink=\"true\"><\/a>safe haven\u00a0for terrorists.<\/span><\/span><\/p>\r\n<p class=\"x_xmsonormal\"><span class=\"x_xcontentpasted0\"><span lang=\"EN-GB\">\u00a0<\/span><\/span>Friends,<\/p>\r\n<p class=\"x_MsoNormal\">There is a moral and also a practical imperative for the international community to support an inclusive and sustainable peace in Afghanistan.<\/p>\r\n<p class=\"x_MsoNormal\">I call on the Taliban, other Afghans and members of the international community to cooperate with the Special Representative as she implements\u00a0the Mission\u2019s mandate.<\/p>\r\n<p class=\"x_MsoNormal\">I welcome the appointment of Roza Otunbayeva as the new Head of the United Nations Assistance Mission in Afghanistan.<\/p>\r\n<p class=\"x_MsoNormal\">I commend dialogue and mediation initiatives, like the Tashkent format.<\/p>\r\n<p class=\"x_MsoNormal\">After almost five decades of relentless conflict, we need continued and concerted efforts for the peaceful rebuilding of Afghanistan.<\/p>\r\n<p class=\"x_MsoNormal\">Thank you.<\/p>\r\n<p class=\"x_MsoNormal\"><\/p>","_et_gb_content_width":"","footnotes":""},"categories":[111],"tags":[],"class_list":["post-249074","post","type-post","status-publish","format-standard","hentry","category-statements","et-doesnt-have-format-content","et_post_format-et-post-format-standard"],"yoast_head":"<!-- This site is optimized with the Yoast SEO plugin v28.3 - https:\/\/yoast.com\/product\/yoast-seo-wordpress\/ -->\n<title>PGA remarks to the Commemoration of the\u00a040th\u00a0anniversary of the adoption and opening for signature of the United Nations Convention on the Law of the Sea - General Assembly of the United Nations<\/title>\n<meta name=\"robots\" content=\"index, follow, max-snippet:-1, max-image-preview:large, max-video-preview:-1\" \/>\n<link rel=\"canonical\" href=\"https:\/\/www.un.org\/pga\/77\/2022\/12\/08\/pga-remarks-to-the-commemoration-of-the-40th-anniversary-of-the-adoption-and-opening-for-signature-of-the-united-nations-convention-on-the-law-of-the-sea\/\" \/>\n<meta property=\"og:locale\" content=\"en_US\" \/>\n<meta property=\"og:type\" content=\"article\" \/>\n<meta property=\"og:title\" content=\"PGA remarks to the Commemoration of the\u00a040th\u00a0anniversary of the adoption and opening for signature of the United Nations Convention on the Law of the Sea - General Assembly of the United Nations\" \/>\n<meta property=\"og:description\" content=\"8 December 2022 \u00a0 Excellencies, Distinguished Delegates, The English science writer Arthur C. Clarke once said: \u201cHow inappropriate to call this planet Earth when it is clearly Ocean.\u201d\u00a0 Yes, the [&hellip;]\" \/>\n<meta property=\"og:url\" content=\"https:\/\/www.un.org\/pga\/77\/2022\/12\/08\/pga-remarks-to-the-commemoration-of-the-40th-anniversary-of-the-adoption-and-opening-for-signature-of-the-united-nations-convention-on-the-law-of-the-sea\/\" \/>\n<meta property=\"og:site_name\" content=\"General Assembly of the United Nations\" \/>\n<meta property=\"article:published_time\" content=\"2022-12-08T15:36:01+00:00\" \/>\n<meta property=\"article:modified_time\" content=\"2022-12-08T15:36:09+00:00\" \/>\n<meta name=\"author\" content=\"Steven Viju Philip\" \/>\n<meta name=\"twitter:card\" content=\"summary_large_image\" \/>\n<meta name=\"twitter:label1\" content=\"Written by\" \/>\n\t<meta name=\"twitter:data1\" content=\"Steven Viju Philip\" \/>\n\t<meta name=\"twitter:label2\" content=\"Est. reading time\" \/>\n\t<meta name=\"twitter:data2\" content=\"4 minutes\" \/>\n<script type=\"application\/ld+json\" class=\"yoast-schema-graph\">{\"@context\":\"https:\\\/\\\/schema.org\",\"@graph\":[{\"@type\":\"Article\",\"@id\":\"https:\\\/\\\/www.un.org\\\/pga\\\/77\\\/2022\\\/12\\\/08\\\/pga-remarks-to-the-commemoration-of-the-40th-anniversary-of-the-adoption-and-opening-for-signature-of-the-united-nations-convention-on-the-law-of-the-sea\\\/#article\",\"isPartOf\":{\"@id\":\"https:\\\/\\\/www.un.org\\\/pga\\\/77\\\/2022\\\/12\\\/08\\\/pga-remarks-to-the-commemoration-of-the-40th-anniversary-of-the-adoption-and-opening-for-signature-of-the-united-nations-convention-on-the-law-of-the-sea\\\/\"},\"author\":{\"name\":\"Steven Viju Philip\",\"@id\":\"https:\\\/\\\/www.un.org\\\/pga\\\/77\\\/#\\\/schema\\\/person\\\/5023a3e992d3ff96de578367d1f34eaa\"},\"headline\":\"PGA remarks to the Commemoration of the\u00a040th\u00a0anniversary of the adoption and opening for signature of the United Nations Convention on the Law of the Sea\",\"datePublished\":\"2022-12-08T15:36:01+00:00\",\"dateModified\":\"2022-12-08T15:36:09+00:00\",\"mainEntityOfPage\":{\"@id\":\"https:\\\/\\\/www.un.org\\\/pga\\\/77\\\/2022\\\/12\\\/08\\\/pga-remarks-to-the-commemoration-of-the-40th-anniversary-of-the-adoption-and-opening-for-signature-of-the-united-nations-convention-on-the-law-of-the-sea\\\/\"},\"wordCount\":990,\"articleSection\":[\"Statements\"],\"inLanguage\":\"en-US\"},{\"@type\":\"WebPage\",\"@id\":\"https:\\\/\\\/www.un.org\\\/pga\\\/77\\\/2022\\\/12\\\/08\\\/pga-remarks-to-the-commemoration-of-the-40th-anniversary-of-the-adoption-and-opening-for-signature-of-the-united-nations-convention-on-the-law-of-the-sea\\\/\",\"url\":\"https:\\\/\\\/www.un.org\\\/pga\\\/77\\\/2022\\\/12\\\/08\\\/pga-remarks-to-the-commemoration-of-the-40th-anniversary-of-the-adoption-and-opening-for-signature-of-the-united-nations-convention-on-the-law-of-the-sea\\\/\",\"name\":\"PGA remarks to the Commemoration of the\u00a040th\u00a0anniversary of the adoption and opening for signature of the United Nations Convention on the Law of the Sea - General Assembly of the United Nations\",\"isPartOf\":{\"@id\":\"https:\\\/\\\/www.un.org\\\/pga\\\/77\\\/#website\"},\"datePublished\":\"2022-12-08T15:36:01+00:00\",\"dateModified\":\"2022-12-08T15:36:09+00:00\",\"author\":{\"@id\":\"https:\\\/\\\/www.un.org\\\/pga\\\/77\\\/#\\\/schema\\\/person\\\/5023a3e992d3ff96de578367d1f34eaa\"},\"breadcrumb\":{\"@id\":\"https:\\\/\\\/www.un.org\\\/pga\\\/77\\\/2022\\\/12\\\/08\\\/pga-remarks-to-the-commemoration-of-the-40th-anniversary-of-the-adoption-and-opening-for-signature-of-the-united-nations-convention-on-the-law-of-the-sea\\\/#breadcrumb\"},\"inLanguage\":\"en-US\",\"potentialAction\":[{\"@type\":\"ReadAction\",\"target\":[\"https:\\\/\\\/www.un.org\\\/pga\\\/77\\\/2022\\\/12\\\/08\\\/pga-remarks-to-the-commemoration-of-the-40th-anniversary-of-the-adoption-and-opening-for-signature-of-the-united-nations-convention-on-the-law-of-the-sea\\\/\"]}]},{\"@type\":\"BreadcrumbList\",\"@id\":\"https:\\\/\\\/www.un.org\\\/pga\\\/77\\\/2022\\\/12\\\/08\\\/pga-remarks-to-the-commemoration-of-the-40th-anniversary-of-the-adoption-and-opening-for-signature-of-the-united-nations-convention-on-the-law-of-the-sea\\\/#breadcrumb\",\"itemListElement\":[{\"@type\":\"ListItem\",\"position\":1,\"name\":\"Home\",\"item\":\"https:\\\/\\\/www.un.org\\\/pga\\\/77\\\/\"},{\"@type\":\"ListItem\",\"position\":2,\"name\":\"PGA remarks to the Commemoration of the\u00a040th\u00a0anniversary of the adoption and opening for signature of the United Nations Convention on the Law of the Sea\"}]},{\"@type\":\"WebSite\",\"@id\":\"https:\\\/\\\/www.un.org\\\/pga\\\/77\\\/#website\",\"url\":\"https:\\\/\\\/www.un.org\\\/pga\\\/77\\\/\",\"name\":\"General Assembly of the United Nations\",\"description\":\"President of the 77th session\",\"potentialAction\":[{\"@type\":\"SearchAction\",\"target\":{\"@type\":\"EntryPoint\",\"urlTemplate\":\"https:\\\/\\\/www.un.org\\\/pga\\\/77\\\/?s={search_term_string}\"},\"query-input\":{\"@type\":\"PropertyValueSpecification\",\"valueRequired\":true,\"valueName\":\"search_term_string\"}}],\"inLanguage\":\"en-US\"},{\"@type\":\"Person\",\"@id\":\"https:\\\/\\\/www.un.org\\\/pga\\\/77\\\/#\\\/schema\\\/person\\\/5023a3e992d3ff96de578367d1f34eaa\",\"name\":\"Steven Viju Philip\",\"image\":{\"@type\":\"ImageObject\",\"inLanguage\":\"en-US\",\"@id\":\"https:\\\/\\\/secure.gravatar.com\\\/avatar\\\/b7eeae8bb41e490d2a19a2c055de1ab0ba39eabe8944aeed22a41f41b9d8e1a1?s=96&d=mm&r=g\",\"url\":\"https:\\\/\\\/secure.gravatar.com\\\/avatar\\\/b7eeae8bb41e490d2a19a2c055de1ab0ba39eabe8944aeed22a41f41b9d8e1a1?s=96&d=mm&r=g\",\"contentUrl\":\"https:\\\/\\\/secure.gravatar.com\\\/avatar\\\/b7eeae8bb41e490d2a19a2c055de1ab0ba39eabe8944aeed22a41f41b9d8e1a1?s=96&d=mm&r=g\",\"caption\":\"Steven Viju Philip\"},\"url\":\"https:\\\/\\\/www.un.org\\\/pga\\\/77\\\/author\\\/steven-philipun-org\\\/\"}]}<\/script>\n<!-- \/ Yoast SEO plugin. -->","yoast_head_json":{"title":"PGA remarks to the Commemoration of the\u00a040th\u00a0anniversary of the adoption and opening for signature of the United Nations Convention on the Law of the Sea - General Assembly of the United Nations","robots":{"index":"index","follow":"follow","max-snippet":"max-snippet:-1","max-image-preview":"max-image-preview:large","max-video-preview":"max-video-preview:-1"},"canonical":"https:\/\/www.un.org\/pga\/77\/2022\/12\/08\/pga-remarks-to-the-commemoration-of-the-40th-anniversary-of-the-adoption-and-opening-for-signature-of-the-united-nations-convention-on-the-law-of-the-sea\/","og_locale":"en_US","og_type":"article","og_title":"PGA remarks to the Commemoration of the\u00a040th\u00a0anniversary of the adoption and opening for signature of the United Nations Convention on the Law of the Sea - General Assembly of the United Nations","og_description":"8 December 2022 \u00a0 Excellencies, Distinguished Delegates, The English science writer Arthur C. Clarke once said: \u201cHow inappropriate to call this planet Earth when it is clearly Ocean.\u201d\u00a0 Yes, the [&hellip;]","og_url":"https:\/\/www.un.org\/pga\/77\/2022\/12\/08\/pga-remarks-to-the-commemoration-of-the-40th-anniversary-of-the-adoption-and-opening-for-signature-of-the-united-nations-convention-on-the-law-of-the-sea\/","og_site_name":"General Assembly of the United Nations","article_published_time":"2022-12-08T15:36:01+00:00","article_modified_time":"2022-12-08T15:36:09+00:00","author":"Steven Viju Philip","twitter_card":"summary_large_image","twitter_misc":{"Written by":"Steven Viju Philip","Est. reading time":"4 minutes"},"schema":{"@context":"https:\/\/schema.org","@graph":[{"@type":"Article","@id":"https:\/\/www.un.org\/pga\/77\/2022\/12\/08\/pga-remarks-to-the-commemoration-of-the-40th-anniversary-of-the-adoption-and-opening-for-signature-of-the-united-nations-convention-on-the-law-of-the-sea\/#article","isPartOf":{"@id":"https:\/\/www.un.org\/pga\/77\/2022\/12\/08\/pga-remarks-to-the-commemoration-of-the-40th-anniversary-of-the-adoption-and-opening-for-signature-of-the-united-nations-convention-on-the-law-of-the-sea\/"},"author":{"name":"Steven Viju Philip","@id":"https:\/\/www.un.org\/pga\/77\/#\/schema\/person\/5023a3e992d3ff96de578367d1f34eaa"},"headline":"PGA remarks to the Commemoration of the\u00a040th\u00a0anniversary of the adoption and opening for signature of the United Nations Convention on the Law of the Sea","datePublished":"2022-12-08T15:36:01+00:00","dateModified":"2022-12-08T15:36:09+00:00","mainEntityOfPage":{"@id":"https:\/\/www.un.org\/pga\/77\/2022\/12\/08\/pga-remarks-to-the-commemoration-of-the-40th-anniversary-of-the-adoption-and-opening-for-signature-of-the-united-nations-convention-on-the-law-of-the-sea\/"},"wordCount":990,"articleSection":["Statements"],"inLanguage":"en-US"},{"@type":"WebPage","@id":"https:\/\/www.un.org\/pga\/77\/2022\/12\/08\/pga-remarks-to-the-commemoration-of-the-40th-anniversary-of-the-adoption-and-opening-for-signature-of-the-united-nations-convention-on-the-law-of-the-sea\/","url":"https:\/\/www.un.org\/pga\/77\/2022\/12\/08\/pga-remarks-to-the-commemoration-of-the-40th-anniversary-of-the-adoption-and-opening-for-signature-of-the-united-nations-convention-on-the-law-of-the-sea\/","name":"PGA remarks to the Commemoration of the\u00a040th\u00a0anniversary of the adoption and opening for signature of the United Nations Convention on the Law of the Sea - General Assembly of the United Nations","isPartOf":{"@id":"https:\/\/www.un.org\/pga\/77\/#website"},"datePublished":"2022-12-08T15:36:01+00:00","dateModified":"2022-12-08T15:36:09+00:00","author":{"@id":"https:\/\/www.un.org\/pga\/77\/#\/schema\/person\/5023a3e992d3ff96de578367d1f34eaa"},"breadcrumb":{"@id":"https:\/\/www.un.org\/pga\/77\/2022\/12\/08\/pga-remarks-to-the-commemoration-of-the-40th-anniversary-of-the-adoption-and-opening-for-signature-of-the-united-nations-convention-on-the-law-of-the-sea\/#breadcrumb"},"inLanguage":"en-US","potentialAction":[{"@type":"ReadAction","target":["https:\/\/www.un.org\/pga\/77\/2022\/12\/08\/pga-remarks-to-the-commemoration-of-the-40th-anniversary-of-the-adoption-and-opening-for-signature-of-the-united-nations-convention-on-the-law-of-the-sea\/"]}]},{"@type":"BreadcrumbList","@id":"https:\/\/www.un.org\/pga\/77\/2022\/12\/08\/pga-remarks-to-the-commemoration-of-the-40th-anniversary-of-the-adoption-and-opening-for-signature-of-the-united-nations-convention-on-the-law-of-the-sea\/#breadcrumb","itemListElement":[{"@type":"ListItem","position":1,"name":"Home","item":"https:\/\/www.un.org\/pga\/77\/"},{"@type":"ListItem","position":2,"name":"PGA remarks to the Commemoration of the\u00a040th\u00a0anniversary of the adoption and opening for signature of the United Nations Convention on the Law of the Sea"}]},{"@type":"WebSite","@id":"https:\/\/www.un.org\/pga\/77\/#website","url":"https:\/\/www.un.org\/pga\/77\/","name":"General Assembly of the United Nations","description":"President of the 77th session","potentialAction":[{"@type":"SearchAction","target":{"@type":"EntryPoint","urlTemplate":"https:\/\/www.un.org\/pga\/77\/?s={search_term_string}"},"query-input":{"@type":"PropertyValueSpecification","valueRequired":true,"valueName":"search_term_string"}}],"inLanguage":"en-US"},{"@type":"Person","@id":"https:\/\/www.un.org\/pga\/77\/#\/schema\/person\/5023a3e992d3ff96de578367d1f34eaa","name":"Steven Viju Philip","image":{"@type":"ImageObject","inLanguage":"en-US","@id":"https:\/\/secure.gravatar.com\/avatar\/b7eeae8bb41e490d2a19a2c055de1ab0ba39eabe8944aeed22a41f41b9d8e1a1?s=96&d=mm&r=g","url":"https:\/\/secure.gravatar.com\/avatar\/b7eeae8bb41e490d2a19a2c055de1ab0ba39eabe8944aeed22a41f41b9d8e1a1?s=96&d=mm&r=g","contentUrl":"https:\/\/secure.gravatar.com\/avatar\/b7eeae8bb41e490d2a19a2c055de1ab0ba39eabe8944aeed22a41f41b9d8e1a1?s=96&d=mm&r=g","caption":"Steven Viju Philip"},"url":"https:\/\/www.un.org\/pga\/77\/author\/steven-philipun-org\/"}]}},"_links":{"self":[{"href":"https:\/\/www.un.org\/pga\/77\/wp-json\/wp\/v2\/posts\/249074","targetHints":{"allow":["GET"]}}],"collection":[{"href":"https:\/\/www.un.org\/pga\/77\/wp-json\/wp\/v2\/posts"}],"about":[{"href":"https:\/\/www.un.org\/pga\/77\/wp-json\/wp\/v2\/types\/post"}],"author":[{"embeddable":true,"href":"https:\/\/www.un.org\/pga\/77\/wp-json\/wp\/v2\/users\/361"}],"replies":[{"embeddable":true,"href":"https:\/\/www.un.org\/pga\/77\/wp-json\/wp\/v2\/comments?post=249074"}],"version-history":[{"count":0,"href":"https:\/\/www.un.org\/pga\/77\/wp-json\/wp\/v2\/posts\/249074\/revisions"}],"wp:attachment":[{"href":"https:\/\/www.un.org\/pga\/77\/wp-json\/wp\/v2\/media?parent=249074"}],"wp:term":[{"taxonomy":"category","embeddable":true,"href":"https:\/\/www.un.org\/pga\/77\/wp-json\/wp\/v2\/categories?post=249074"},{"taxonomy":"post_tag","embeddable":true,"href":"https:\/\/www.un.org\/pga\/77\/wp-json\/wp\/v2\/tags?post=249074"}],"curies":[{"name":"wp","href":"https:\/\/api.w.org\/{rel}","templated":true}]}}