  {"id":249935,"date":"2023-02-01T08:54:31","date_gmt":"2023-02-01T13:54:31","guid":{"rendered":"https:\/\/www.un.org\/pga\/77\/?p=249935"},"modified":"2023-02-01T08:54:31","modified_gmt":"2023-02-01T13:54:31","slug":"un-president-of-general-assembly-starts-official-visit-to-china-1-4-february-2023","status":"publish","type":"post","link":"https:\/\/www.un.org\/pga\/77\/2023\/02\/01\/un-president-of-general-assembly-starts-official-visit-to-china-1-4-february-2023\/","title":{"rendered":"Ä¢¹½ÊÓÆµ President of General Assembly starts official visit to China, 1-4 February 2023"},"content":{"rendered":"<p><strong>Ä¢¹½ÊÓÆµ President of General Assembly starts official visit to China, 1-4 February 2023<\/strong><\/p>\n<p><strong>1 February 2023 \u2013 <\/strong>The President of the United Nations General Assembly, Csaba K\u0151r\u00f6si today started an official visit to the People\u2019s Republic of China, which will last until 4 February 2023, where he will meet with senior Government officials and with leading scientists working on sustainable development and water management projects.<\/p>\n<p>While in Beijing, President K\u0151r\u00f6si will have talks with Mr. Li Keqiang, Premier of the People\u2019s Republic of China, Mr.<sup>`<\/sup>Wang Yi, State Councilor, and the Foreign Minister Mr. Qin Gang.<\/p>\n<p>A priority focus of the visit will be on science-related issues and meeting with officials in the fields of sustainable development and water management. As such, President K\u0151r\u00f6si will meet with Mr. Huang Runqiu, Minister of Ecology and Environment, Mr. Li Guoying, the Minister of Water Resources, and Mr. Chen Zhenli, Acting Administrator of the China Meteorological Administration.<\/p>\n<p>The President will conduct several field visits relating to sustainable development. Among the locations is the International Research Center of Big Data for Sustainable Development Goals (CBAS), a center created to support achievement of the SDGs. While at the Center, the President will have an exchange of views with Prof. Hou Jianguo, the President of the Chinese Academy of Sciences and other senior scientists working on satellite and sustainable development research. The President will be accompanied by Prof. Guo Huadong, Director of CBAS, who is the leading Chinese scientist working on the SDGs<\/p>\n<p>Additionally, during his visit to China Institute for Water Resources and Hydropower Research in Beijing, he will have an interactive dialogue with water scientists.<\/p>\n<p>Next, the President will travel with Mr. Wang Daoxi, Vice Minister of Water Resources, by highspeed train from Beijing to Zhengzhou, Henan Province. The President will visit the Middle Route of the South-to-North Water Diversion Project, which runs from the Danjiangkou Reservoir on the Han River to Beijing.<\/p>\n<p>During his visit to Zhengzhou, the President will meet Mr. Lou Yangsheng, a Member of the Central Committee of CPC and the Secretary of CPC Henan Provincial Committee, to discuss local governments\u2019 role in the implementation of the 2030 Agenda for Sustainable Development and their involvement in relevant Ä¢¹½ÊÓÆµ discussions.<\/p>\n<p>While in China, the President will also meet with Mr. Siddharth Chatterjee, the Ä¢¹½ÊÓÆµ Resident Coordinator in China, and hear about the projects in which the Ä¢¹½ÊÓÆµ family in China is involved.<\/p>\n<p>The President will be joined by his Chef de Cabinet L\u00e1szl\u00f3 Sz\u0151ke, the Chief Scientific Advisor Johannes Cullmann, as well as two other Office team members.<\/p>\n<p>All efforts are made to keep the President\u2019s trips as cost-, time- and environmentally-efficient as possible.<\/p>\n<p>&nbsp;<\/p>\n<p><strong>\u8054\u5408\u56fd\u5927\u4f1a\u4e3b\u5e2d\u5c06\u4e8e 2023 <\/strong><strong>\u5e74 2 <\/strong><strong>\u6708 1 <\/strong><strong>\u65e5\u81f3 4 <\/strong><strong>\u65e5\u5bf9\u4e2d\u56fd\u8fdb\u884c\u6b63\u5f0f\u8bbf\u95ee<\/strong><\/p>\n<p><strong>2023 <\/strong><strong>\u5e74 1 <\/strong><strong>\u670831 <\/strong><strong>\u65e5<\/strong>\u2014\u2014\u8054\u5408\u56fd\u5927\u4f1a\u4e3b\u5e2d\u514b\u52d2\u5e0c\u00b7\u4e54\u9c8d (Csaba K\u0151r\u00f6si) \u5c06\u4e8e 2023 \u5e74 2 \u6708 1 \u65e5\u81f34 \u65e5\u5bf9\u4e2d\u534e\u4eba\u6c11\u5171\u548c\u56fd\u8fdb\u884c\u6b63\u5f0f\u8bbf\u95ee.\u5c4a\u65f6\u4ed6\u5c06\u4f1a\u89c1\u653f\u5e9c\u9ad8\u7ea7\u5b98\u5458\uff0c\u5e76\u4f1a\u89c1\u53ef\u6301\u7eed\u53d1\u5c55\u9886\u57df\u7684\u4e3b\u8981\u79d1\u5b66\u5bb6\uff0c \u53c2\u89c2\u6c34\u8d44\u6e90\u7ba1\u7406\u9879\u76ee\u7b49\u3002<\/p>\n<p>\u5728\u5317\u4eac\u671f\u95f4\uff0c\u514b\u52d2\u5e0c\u4e3b\u5e2d\u5c06\u5206\u522b\u4f1a\u89c1\u4e2d\u534e\u4eba\u6c11\u5171\u548c\u56fd\u603b\u7406\u674e\u514b\u5f3a\u3001\u4e2d\u5171\u4e2d\u592e\u5916\u4e8b\u5de5\u4f5c\u59d4\u5458\u4f1a\u529e\u516c\u5ba4\u4e3b\u4efb\u738b\u6bc5\uff0c\u5e76\u4e0e\u5916\u4ea4\u90e8\u957f\u79e6\u521a\u4e3e\u884c\u4f1a\u8c08\u3002<\/p>\n<p>\u6b64\u8bbf\u4f18\u5148\u91cd\u70b9\u662f\u4e0e\u4e2d\u65b9\u5c31\u79d1\u5b66\u4e0e\u53ef\u6301\u7eed\u53d1\u5c55\u3001\u6c34\u8d44\u6e90\u7ba1\u7406\u7b49\u95ee\u9898\u8fdb\u884c\u63a2\u8ba8\u3002\u514b\u52d2\u5e0c\u4e3b\u5e2d\u5c06\u5c31\u6b64\u4f1a\u89c1\u751f\u6001\u73af\u5883\u90e8\u90e8\u957f\u9ec4\u6da6\u79cb\uff0c\u6c34\u5229\u90e8\u90e8\u957f\u674e\u56fd\u82f1\u4ee5\u53ca\u56fd\u5bb6\u6c14\u8c61\u5c40\u526f\u5c40\u957f\u9648\u632f\u6797\u3002<\/p>\n<p>\u4e3b\u5e2d\u8fd8\u5c06\u5c31\u53ef\u6301\u7eed\u53d1\u5c55\u95ee\u9898\u8d74\u5b9e\u5730\u53c2\u8bbf\uff0c\u5176\u4e2d\u5305\u62ec\u53ef\u6301\u7eed\u53d1\u5c55\u5927\u6570\u636e\u56fd\u9645\u7814\u7a76\u4e2d\u5fc3\uff08\u5927\u6570\u636e\u4e2d\u5fc3\uff09\u3001\u4e2d\u56fd\u6c34\u5229\u6c34\u7535\u79d1\u5b66\u7814\u7a76\u9662\u7b49\u3002\u5927\u6570\u636e\u4e2d\u5fc3\u65e8\u5728\u652f\u6301\u5b9e\u73b0\u53ef\u6301\u7eed\u53d1\u5c55\u76ee\u6807\u3002\u5728\u4e2d\u5fc3\u671f\u95f4\uff0c\u8054\u5927\u4e3b\u5e2d\u8fd8\u5c06\u540c\u4e2d\u56fd\u79d1\u5b66\u9662\u9662\u957f\u4faf\u5efa\u56fd\u9662\u58eb\u53ca\u4f17\u591a\u4ece\u4e8b\u536b\u661f\u4e0e\u53ef\u6301\u7eed\u53d1\u5c55\u7814\u7a76\u7684\u8d44\u6df1\u79d1\u5b66\u5bb6\u8fdb\u884c\u5bf9\u8bdd\u3002\u5927\u6570\u636e\u4e2d\u5fc3\u4e3b\u4efb\u3001\u53ef\u6301\u53d1\u5c55\u9886\u57df\u9876\u5c16\u79d1\u5b66\u5bb6\u90ed\u534e\u4e1c\u9662\u58eb\u5c06\u966a\u540c\u4e3b\u5e2d\u53c2\u8bbf\u3002<\/p>\n<p>\u6b64\u5916\u514b\u52d2\u5e0c\u4e3b\u5e2d\u4e5f\u5c06\u5728\u6c34\u5229\u6c34\u7535\u79d1\u5b66\u7814\u7a76\u9662\u4e0e\u6c34\u5229\u4e13\u5bb6\u8fdb\u884c\u4e92\u52a8\u5bf9\u8bdd\u3002<\/p>\n<p>\u4e4b\u540e\uff0c\u514b\u52d2\u5e0c\u4e3b\u5e2d\u5c06\u4e0e\u6c34\u5229\u90e8\u526f\u90e8\u957f\u738b\u9053\u5e2d\u4e00\u540c\u4ece\u5317\u4eac\u4e58\u5750\u9ad8\u94c1\u524d\u5f80\u6cb3\u5357\u7701\u90d1\u5dde\u5e02\u3002\u4e3b\u5e2d\u5148\u751f\u5c06\u53c2\u89c2\u4ece\u6c49\u6c5f\u4e39\u6c5f\u53e3\u6c34\u5e93\u5230\u5317\u4eac\u7684\u5357\u6c34\u5317\u8c03\u4e2d\u7ebf\u5de5\u7a0b\u3002\u5728\u90d1\u5dde\u671f\u95f4\uff0c\u4e3b\u5e2d\u5148\u751f\u5c06\u4f1a\u89c1\u4e2d\u5171\u4e2d\u592e\u59d4\u5458\u4f1a\u59d4\u5458\u3001\u6cb3\u5357\u7701\u59d4\u4e66\u8bb0\u697c\u9633\u751f\uff0c\u5c31\u5730\u65b9\u653f\u5e9c\u843d\u5b9e2030\u5e74\u53ef\u6301\u7eed\u53d1\u5c55\u8bae\u7a0b\u53ca\u53c2\u4e0e\u8054\u5408\u56fd\u76f8\u5173\u8bae\u7a0b\u7b49\u4ea4\u6362\u610f\u89c1\u3002<\/p>\n<p>\u5728\u534e\u671f\u95f4\uff0c\u8054\u5927\u4e3b\u5e2d\u8fd8\u5c06\u4f1a\u89c1\u8054\u5408\u56fd\u9a7b\u534e\u534f\u8c03\u5458\u5e38\u542f\u5fb7\u5148\u751f\uff0c\u542c\u53d6\u5173\u4e8e\u8054\u5408\u56fd\u9a7b\u534e\u7cfb\u7edf\u7684\u5de5\u4f5c\u4ecb\u7ecd\u3002<\/p>\n<p>\u8054\u5927\u4e3b\u5e2d\u4ee3\u8868\u56e2\u6210\u5458\u5305\u62ec\u529e\u516c\u5385\u4e3b\u4efb\u65af\u4f50\u79d1\u00b7\u62c9\u65af\u6d1b\u5927\u4f7f\u3001\u9996\u5e2d\u79d1\u5b66\u987e\u95ee \u7ea6\u7ff0\u5c3c\u65af\u00b7\u5e93\u5c14\u66fc\u5148\u751f\u4ee5\u53ca\u5176\u4ed6\u4e24\u540d\u56e2\u961f\u6210\u5458\u3002<\/p>\n<p>\u6b64\u8bbf\u539f\u5219\u4e0a\u5c3d\u53ef\u80fd\u8282\u7701\u51fa\u884c\u8d39\u7528\u3001\u65f6\u95f4\uff0c\u6ce8\u91cd\u51cf\u5c11\u5bf9\u73af\u5883\u7684\u5f71\u54cd\u3002<\/p>\n","protected":false},"excerpt":{"rendered":"<p>Ä¢¹½ÊÓÆµ President of General Assembly starts official visit to China, 1-4 February 2023 1 February 2023 \u2013 The President of the United Nations General Assembly, Csaba K\u0151r\u00f6si today started an [&hellip;]<\/p>\n","protected":false},"author":360,"featured_media":0,"comment_status":"closed","ping_status":"closed","sticky":false,"template":"","format":"standard","meta":{"_et_pb_use_builder":"","_et_pb_old_content":"","_et_gb_content_width":"","footnotes":""},"categories":[99],"tags":[382],"class_list":["post-249935","post","type-post","status-publish","format-standard","hentry","category-pressreleases","tag-china","et-doesnt-have-format-content","et_post_format-et-post-format-standard"],"yoast_head":"<!-- This site is optimized with the Yoast SEO plugin v28.3 - https:\/\/yoast.com\/product\/yoast-seo-wordpress\/ -->\n<title>Ä¢¹½ÊÓÆµ President of General Assembly starts official visit to China, 1-4 February 2023 - General Assembly of the United Nations<\/title>\n<meta name=\"robots\" content=\"index, follow, max-snippet:-1, max-image-preview:large, max-video-preview:-1\" \/>\n<link rel=\"canonical\" href=\"https:\/\/www.un.org\/pga\/77\/2023\/02\/01\/un-president-of-general-assembly-starts-official-visit-to-china-1-4-february-2023\/\" \/>\n<meta property=\"og:locale\" content=\"en_US\" \/>\n<meta property=\"og:type\" content=\"article\" \/>\n<meta property=\"og:title\" content=\"Ä¢¹½ÊÓÆµ President of General Assembly starts official visit to China, 1-4 February 2023 - General Assembly of the United Nations\" \/>\n<meta property=\"og:description\" content=\"Ä¢¹½ÊÓÆµ President of General Assembly starts official visit to China, 1-4 February 2023 1 February 2023 \u2013 The President of the United Nations General Assembly, Csaba K\u0151r\u00f6si today started an [&hellip;]\" \/>\n<meta property=\"og:url\" content=\"https:\/\/www.un.org\/pga\/77\/2023\/02\/01\/un-president-of-general-assembly-starts-official-visit-to-china-1-4-february-2023\/\" \/>\n<meta property=\"og:site_name\" content=\"General Assembly of the United Nations\" \/>\n<meta property=\"article:published_time\" content=\"2023-02-01T13:54:31+00:00\" \/>\n<meta name=\"author\" content=\"Paulina Greer\" \/>\n<meta name=\"twitter:card\" content=\"summary_large_image\" \/>\n<meta name=\"twitter:label1\" content=\"Written by\" \/>\n\t<meta name=\"twitter:data1\" content=\"Paulina Greer\" \/>\n\t<meta name=\"twitter:label2\" content=\"Est. reading time\" \/>\n\t<meta name=\"twitter:data2\" content=\"2 minutes\" \/>\n<script type=\"application\/ld+json\" class=\"yoast-schema-graph\">{\"@context\":\"https:\\\/\\\/schema.org\",\"@graph\":[{\"@type\":\"Article\",\"@id\":\"https:\\\/\\\/www.un.org\\\/pga\\\/77\\\/2023\\\/02\\\/01\\\/un-president-of-general-assembly-starts-official-visit-to-china-1-4-february-2023\\\/#article\",\"isPartOf\":{\"@id\":\"https:\\\/\\\/www.un.org\\\/pga\\\/77\\\/2023\\\/02\\\/01\\\/un-president-of-general-assembly-starts-official-visit-to-china-1-4-february-2023\\\/\"},\"author\":{\"name\":\"Paulina Greer\",\"@id\":\"https:\\\/\\\/www.un.org\\\/pga\\\/77\\\/#\\\/schema\\\/person\\\/25c5989ea34cbca9b6abfb3f464b38b1\"},\"headline\":\"Ä¢¹½ÊÓÆµ President of General Assembly starts official visit to China, 1-4 February 2023\",\"datePublished\":\"2023-02-01T13:54:31+00:00\",\"mainEntityOfPage\":{\"@id\":\"https:\\\/\\\/www.un.org\\\/pga\\\/77\\\/2023\\\/02\\\/01\\\/un-president-of-general-assembly-starts-official-visit-to-china-1-4-february-2023\\\/\"},\"wordCount\":464,\"keywords\":[\"China\"],\"articleSection\":[\"Press Releases\"],\"inLanguage\":\"en-US\"},{\"@type\":\"WebPage\",\"@id\":\"https:\\\/\\\/www.un.org\\\/pga\\\/77\\\/2023\\\/02\\\/01\\\/un-president-of-general-assembly-starts-official-visit-to-china-1-4-february-2023\\\/\",\"url\":\"https:\\\/\\\/www.un.org\\\/pga\\\/77\\\/2023\\\/02\\\/01\\\/un-president-of-general-assembly-starts-official-visit-to-china-1-4-february-2023\\\/\",\"name\":\"Ä¢¹½ÊÓÆµ President of General Assembly starts official visit to China, 1-4 February 2023 - General Assembly of the United Nations\",\"isPartOf\":{\"@id\":\"https:\\\/\\\/www.un.org\\\/pga\\\/77\\\/#website\"},\"datePublished\":\"2023-02-01T13:54:31+00:00\",\"author\":{\"@id\":\"https:\\\/\\\/www.un.org\\\/pga\\\/77\\\/#\\\/schema\\\/person\\\/25c5989ea34cbca9b6abfb3f464b38b1\"},\"breadcrumb\":{\"@id\":\"https:\\\/\\\/www.un.org\\\/pga\\\/77\\\/2023\\\/02\\\/01\\\/un-president-of-general-assembly-starts-official-visit-to-china-1-4-february-2023\\\/#breadcrumb\"},\"inLanguage\":\"en-US\",\"potentialAction\":[{\"@type\":\"ReadAction\",\"target\":[\"https:\\\/\\\/www.un.org\\\/pga\\\/77\\\/2023\\\/02\\\/01\\\/un-president-of-general-assembly-starts-official-visit-to-china-1-4-february-2023\\\/\"]}]},{\"@type\":\"BreadcrumbList\",\"@id\":\"https:\\\/\\\/www.un.org\\\/pga\\\/77\\\/2023\\\/02\\\/01\\\/un-president-of-general-assembly-starts-official-visit-to-china-1-4-february-2023\\\/#breadcrumb\",\"itemListElement\":[{\"@type\":\"ListItem\",\"position\":1,\"name\":\"Home\",\"item\":\"https:\\\/\\\/www.un.org\\\/pga\\\/77\\\/\"},{\"@type\":\"ListItem\",\"position\":2,\"name\":\"Ä¢¹½ÊÓÆµ President of General Assembly starts official visit to China, 1-4 February 2023\"}]},{\"@type\":\"WebSite\",\"@id\":\"https:\\\/\\\/www.un.org\\\/pga\\\/77\\\/#website\",\"url\":\"https:\\\/\\\/www.un.org\\\/pga\\\/77\\\/\",\"name\":\"General Assembly of the United Nations\",\"description\":\"President of the 77th session\",\"potentialAction\":[{\"@type\":\"SearchAction\",\"target\":{\"@type\":\"EntryPoint\",\"urlTemplate\":\"https:\\\/\\\/www.un.org\\\/pga\\\/77\\\/?s={search_term_string}\"},\"query-input\":{\"@type\":\"PropertyValueSpecification\",\"valueRequired\":true,\"valueName\":\"search_term_string\"}}],\"inLanguage\":\"en-US\"},{\"@type\":\"Person\",\"@id\":\"https:\\\/\\\/www.un.org\\\/pga\\\/77\\\/#\\\/schema\\\/person\\\/25c5989ea34cbca9b6abfb3f464b38b1\",\"name\":\"Paulina Greer\",\"image\":{\"@type\":\"ImageObject\",\"inLanguage\":\"en-US\",\"@id\":\"https:\\\/\\\/secure.gravatar.com\\\/avatar\\\/aab26e77bdba8cf226e2792403a458cd44106ad1f229dba0018b0634ef1a6531?s=96&d=mm&r=g\",\"url\":\"https:\\\/\\\/secure.gravatar.com\\\/avatar\\\/aab26e77bdba8cf226e2792403a458cd44106ad1f229dba0018b0634ef1a6531?s=96&d=mm&r=g\",\"contentUrl\":\"https:\\\/\\\/secure.gravatar.com\\\/avatar\\\/aab26e77bdba8cf226e2792403a458cd44106ad1f229dba0018b0634ef1a6531?s=96&d=mm&r=g\",\"caption\":\"Paulina Greer\"},\"url\":\"https:\\\/\\\/www.un.org\\\/pga\\\/77\\\/author\\\/kubiakpun-org\\\/\"}]}<\/script>\n<!-- \/ Yoast SEO plugin. -->","yoast_head_json":{"title":"Ä¢¹½ÊÓÆµ President of General Assembly starts official visit to China, 1-4 February 2023 - General Assembly of the United Nations","robots":{"index":"index","follow":"follow","max-snippet":"max-snippet:-1","max-image-preview":"max-image-preview:large","max-video-preview":"max-video-preview:-1"},"canonical":"https:\/\/www.un.org\/pga\/77\/2023\/02\/01\/un-president-of-general-assembly-starts-official-visit-to-china-1-4-february-2023\/","og_locale":"en_US","og_type":"article","og_title":"Ä¢¹½ÊÓÆµ President of General Assembly starts official visit to China, 1-4 February 2023 - General Assembly of the United Nations","og_description":"Ä¢¹½ÊÓÆµ President of General Assembly starts official visit to China, 1-4 February 2023 1 February 2023 \u2013 The President of the United Nations General Assembly, Csaba K\u0151r\u00f6si today started an [&hellip;]","og_url":"https:\/\/www.un.org\/pga\/77\/2023\/02\/01\/un-president-of-general-assembly-starts-official-visit-to-china-1-4-february-2023\/","og_site_name":"General Assembly of the United Nations","article_published_time":"2023-02-01T13:54:31+00:00","author":"Paulina Greer","twitter_card":"summary_large_image","twitter_misc":{"Written by":"Paulina Greer","Est. reading time":"2 minutes"},"schema":{"@context":"https:\/\/schema.org","@graph":[{"@type":"Article","@id":"https:\/\/www.un.org\/pga\/77\/2023\/02\/01\/un-president-of-general-assembly-starts-official-visit-to-china-1-4-february-2023\/#article","isPartOf":{"@id":"https:\/\/www.un.org\/pga\/77\/2023\/02\/01\/un-president-of-general-assembly-starts-official-visit-to-china-1-4-february-2023\/"},"author":{"name":"Paulina Greer","@id":"https:\/\/www.un.org\/pga\/77\/#\/schema\/person\/25c5989ea34cbca9b6abfb3f464b38b1"},"headline":"Ä¢¹½ÊÓÆµ President of General Assembly starts official visit to China, 1-4 February 2023","datePublished":"2023-02-01T13:54:31+00:00","mainEntityOfPage":{"@id":"https:\/\/www.un.org\/pga\/77\/2023\/02\/01\/un-president-of-general-assembly-starts-official-visit-to-china-1-4-february-2023\/"},"wordCount":464,"keywords":["China"],"articleSection":["Press Releases"],"inLanguage":"en-US"},{"@type":"WebPage","@id":"https:\/\/www.un.org\/pga\/77\/2023\/02\/01\/un-president-of-general-assembly-starts-official-visit-to-china-1-4-february-2023\/","url":"https:\/\/www.un.org\/pga\/77\/2023\/02\/01\/un-president-of-general-assembly-starts-official-visit-to-china-1-4-february-2023\/","name":"Ä¢¹½ÊÓÆµ President of General Assembly starts official visit to China, 1-4 February 2023 - General Assembly of the United Nations","isPartOf":{"@id":"https:\/\/www.un.org\/pga\/77\/#website"},"datePublished":"2023-02-01T13:54:31+00:00","author":{"@id":"https:\/\/www.un.org\/pga\/77\/#\/schema\/person\/25c5989ea34cbca9b6abfb3f464b38b1"},"breadcrumb":{"@id":"https:\/\/www.un.org\/pga\/77\/2023\/02\/01\/un-president-of-general-assembly-starts-official-visit-to-china-1-4-february-2023\/#breadcrumb"},"inLanguage":"en-US","potentialAction":[{"@type":"ReadAction","target":["https:\/\/www.un.org\/pga\/77\/2023\/02\/01\/un-president-of-general-assembly-starts-official-visit-to-china-1-4-february-2023\/"]}]},{"@type":"BreadcrumbList","@id":"https:\/\/www.un.org\/pga\/77\/2023\/02\/01\/un-president-of-general-assembly-starts-official-visit-to-china-1-4-february-2023\/#breadcrumb","itemListElement":[{"@type":"ListItem","position":1,"name":"Home","item":"https:\/\/www.un.org\/pga\/77\/"},{"@type":"ListItem","position":2,"name":"Ä¢¹½ÊÓÆµ President of General Assembly starts official visit to China, 1-4 February 2023"}]},{"@type":"WebSite","@id":"https:\/\/www.un.org\/pga\/77\/#website","url":"https:\/\/www.un.org\/pga\/77\/","name":"General Assembly of the United Nations","description":"President of the 77th session","potentialAction":[{"@type":"SearchAction","target":{"@type":"EntryPoint","urlTemplate":"https:\/\/www.un.org\/pga\/77\/?s={search_term_string}"},"query-input":{"@type":"PropertyValueSpecification","valueRequired":true,"valueName":"search_term_string"}}],"inLanguage":"en-US"},{"@type":"Person","@id":"https:\/\/www.un.org\/pga\/77\/#\/schema\/person\/25c5989ea34cbca9b6abfb3f464b38b1","name":"Paulina Greer","image":{"@type":"ImageObject","inLanguage":"en-US","@id":"https:\/\/secure.gravatar.com\/avatar\/aab26e77bdba8cf226e2792403a458cd44106ad1f229dba0018b0634ef1a6531?s=96&d=mm&r=g","url":"https:\/\/secure.gravatar.com\/avatar\/aab26e77bdba8cf226e2792403a458cd44106ad1f229dba0018b0634ef1a6531?s=96&d=mm&r=g","contentUrl":"https:\/\/secure.gravatar.com\/avatar\/aab26e77bdba8cf226e2792403a458cd44106ad1f229dba0018b0634ef1a6531?s=96&d=mm&r=g","caption":"Paulina Greer"},"url":"https:\/\/www.un.org\/pga\/77\/author\/kubiakpun-org\/"}]}},"_links":{"self":[{"href":"https:\/\/www.un.org\/pga\/77\/wp-json\/wp\/v2\/posts\/249935","targetHints":{"allow":["GET"]}}],"collection":[{"href":"https:\/\/www.un.org\/pga\/77\/wp-json\/wp\/v2\/posts"}],"about":[{"href":"https:\/\/www.un.org\/pga\/77\/wp-json\/wp\/v2\/types\/post"}],"author":[{"embeddable":true,"href":"https:\/\/www.un.org\/pga\/77\/wp-json\/wp\/v2\/users\/360"}],"replies":[{"embeddable":true,"href":"https:\/\/www.un.org\/pga\/77\/wp-json\/wp\/v2\/comments?post=249935"}],"version-history":[{"count":0,"href":"https:\/\/www.un.org\/pga\/77\/wp-json\/wp\/v2\/posts\/249935\/revisions"}],"wp:attachment":[{"href":"https:\/\/www.un.org\/pga\/77\/wp-json\/wp\/v2\/media?parent=249935"}],"wp:term":[{"taxonomy":"category","embeddable":true,"href":"https:\/\/www.un.org\/pga\/77\/wp-json\/wp\/v2\/categories?post=249935"},{"taxonomy":"post_tag","embeddable":true,"href":"https:\/\/www.un.org\/pga\/77\/wp-json\/wp\/v2\/tags?post=249935"}],"curies":[{"name":"wp","href":"https:\/\/api.w.org\/{rel}","templated":true}]}}