  {"id":249993,"date":"2023-02-06T10:46:18","date_gmt":"2023-02-06T15:46:18","guid":{"rendered":"https:\/\/www.un.org\/pga\/77\/?p=249993"},"modified":"2023-02-06T11:01:16","modified_gmt":"2023-02-06T16:01:16","slug":"moment-of-silence-for-the-victims-of-the-earthquake-in-turkiye-and-syria","status":"publish","type":"post","link":"https:\/\/www.un.org\/pga\/77\/2023\/02\/06\/moment-of-silence-for-the-victims-of-the-earthquake-in-turkiye-and-syria\/","title":{"rendered":"Moment of Silence for the Victims of the Earthquake in T\u00fcrkiye and Syria"},"content":{"rendered":"<p style=\"text-align: center\"><strong>Remarks by Csaba\u00a0K\u0151r\u00f6si, President of the 77<sup>th<\/sup> session of the General Assembly<\/strong><\/p>\n<p style=\"text-align: center\"><strong>&#8212;-<\/strong><\/p>\n<p style=\"text-align: center\"><strong>Earthquake in <\/strong><strong>T\u00fcrkiye and Syria<\/strong><\/p>\n<p style=\"text-align: center\"><strong>6 February 2023<\/strong><\/p>\n<p style=\"text-align: center\"><strong>[As Delivered]<\/strong><\/p>\n<p>Before proceeding to the items on the agenda, I would like, on behalf of the General Assembly, to extend our deepest sympathy and heartfelt condolences to the Governments and peoples of T\u00fcrkiye and the Syrian Arab Republic for the tragic loss of life and damage that have resulted from the recent earthquake. I now invite representatives to stand and observe a minute of silence in tribute to the memory of those who lost their lives.<\/p>\n","protected":false},"excerpt":{"rendered":"<p>Remarks by Csaba\u00a0K\u0151r\u00f6si, President of the 77th session of the General Assembly &#8212;- Earthquake in T\u00fcrkiye and Syria 6 February 2023 [As Delivered] Before proceeding to the items on the [&hellip;]<\/p>\n","protected":false},"author":360,"featured_media":0,"comment_status":"closed","ping_status":"closed","sticky":false,"template":"","format":"standard","meta":{"_et_pb_use_builder":"","_et_pb_old_content":"","_et_gb_content_width":"","footnotes":""},"categories":[111],"tags":[499,480],"class_list":["post-249993","post","type-post","status-publish","format-standard","hentry","category-statements","tag-syria","tag-turkiye","et-doesnt-have-format-content","et_post_format-et-post-format-standard"],"yoast_head":"<!-- This site is optimized with the Yoast SEO plugin v28.3 - https:\/\/yoast.com\/product\/yoast-seo-wordpress\/ -->\n<title>Moment of Silence for the Victims of the Earthquake in T\u00fcrkiye and Syria - General Assembly of the United Nations<\/title>\n<meta name=\"robots\" content=\"index, follow, max-snippet:-1, max-image-preview:large, max-video-preview:-1\" \/>\n<link rel=\"canonical\" href=\"https:\/\/www.un.org\/pga\/77\/2023\/02\/06\/moment-of-silence-for-the-victims-of-the-earthquake-in-turkiye-and-syria\/\" \/>\n<meta property=\"og:locale\" content=\"en_US\" \/>\n<meta property=\"og:type\" content=\"article\" \/>\n<meta property=\"og:title\" content=\"Moment of Silence for the Victims of the Earthquake in T\u00fcrkiye and Syria - General Assembly of the United Nations\" \/>\n<meta property=\"og:description\" content=\"Remarks by Csaba\u00a0K\u0151r\u00f6si, President of the 77th session of the General Assembly &#8212;- Earthquake in T\u00fcrkiye and Syria 6 February 2023 [As Delivered] Before proceeding to the items on the [&hellip;]\" \/>\n<meta property=\"og:url\" content=\"https:\/\/www.un.org\/pga\/77\/2023\/02\/06\/moment-of-silence-for-the-victims-of-the-earthquake-in-turkiye-and-syria\/\" \/>\n<meta property=\"og:site_name\" content=\"General Assembly of the United Nations\" \/>\n<meta property=\"article:published_time\" content=\"2023-02-06T15:46:18+00:00\" \/>\n<meta property=\"article:modified_time\" content=\"2023-02-06T16:01:16+00:00\" \/>\n<meta name=\"author\" content=\"Paulina Greer\" \/>\n<meta name=\"twitter:card\" content=\"summary_large_image\" \/>\n<meta name=\"twitter:label1\" content=\"Written by\" \/>\n\t<meta name=\"twitter:data1\" content=\"Paulina Greer\" \/>\n\t<meta name=\"twitter:label2\" content=\"Est. reading time\" \/>\n\t<meta name=\"twitter:data2\" content=\"1 minute\" \/>\n<script type=\"application\/ld+json\" class=\"yoast-schema-graph\">{\"@context\":\"https:\\\/\\\/schema.org\",\"@graph\":[{\"@type\":\"Article\",\"@id\":\"https:\\\/\\\/www.un.org\\\/pga\\\/77\\\/2023\\\/02\\\/06\\\/moment-of-silence-for-the-victims-of-the-earthquake-in-turkiye-and-syria\\\/#article\",\"isPartOf\":{\"@id\":\"https:\\\/\\\/www.un.org\\\/pga\\\/77\\\/2023\\\/02\\\/06\\\/moment-of-silence-for-the-victims-of-the-earthquake-in-turkiye-and-syria\\\/\"},\"author\":{\"name\":\"Paulina Greer\",\"@id\":\"https:\\\/\\\/www.un.org\\\/pga\\\/77\\\/#\\\/schema\\\/person\\\/25c5989ea34cbca9b6abfb3f464b38b1\"},\"headline\":\"Moment of Silence for the Victims of the Earthquake in T\u00fcrkiye and Syria\",\"datePublished\":\"2023-02-06T15:46:18+00:00\",\"dateModified\":\"2023-02-06T16:01:16+00:00\",\"mainEntityOfPage\":{\"@id\":\"https:\\\/\\\/www.un.org\\\/pga\\\/77\\\/2023\\\/02\\\/06\\\/moment-of-silence-for-the-victims-of-the-earthquake-in-turkiye-and-syria\\\/\"},\"wordCount\":115,\"keywords\":[\"Syria\",\"T\u00fcrkiye.\"],\"articleSection\":[\"Statements\"],\"inLanguage\":\"en-US\"},{\"@type\":\"WebPage\",\"@id\":\"https:\\\/\\\/www.un.org\\\/pga\\\/77\\\/2023\\\/02\\\/06\\\/moment-of-silence-for-the-victims-of-the-earthquake-in-turkiye-and-syria\\\/\",\"url\":\"https:\\\/\\\/www.un.org\\\/pga\\\/77\\\/2023\\\/02\\\/06\\\/moment-of-silence-for-the-victims-of-the-earthquake-in-turkiye-and-syria\\\/\",\"name\":\"Moment of Silence for the Victims of the Earthquake in T\u00fcrkiye and Syria - General Assembly of the United Nations\",\"isPartOf\":{\"@id\":\"https:\\\/\\\/www.un.org\\\/pga\\\/77\\\/#website\"},\"datePublished\":\"2023-02-06T15:46:18+00:00\",\"dateModified\":\"2023-02-06T16:01:16+00:00\",\"author\":{\"@id\":\"https:\\\/\\\/www.un.org\\\/pga\\\/77\\\/#\\\/schema\\\/person\\\/25c5989ea34cbca9b6abfb3f464b38b1\"},\"breadcrumb\":{\"@id\":\"https:\\\/\\\/www.un.org\\\/pga\\\/77\\\/2023\\\/02\\\/06\\\/moment-of-silence-for-the-victims-of-the-earthquake-in-turkiye-and-syria\\\/#breadcrumb\"},\"inLanguage\":\"en-US\",\"potentialAction\":[{\"@type\":\"ReadAction\",\"target\":[\"https:\\\/\\\/www.un.org\\\/pga\\\/77\\\/2023\\\/02\\\/06\\\/moment-of-silence-for-the-victims-of-the-earthquake-in-turkiye-and-syria\\\/\"]}]},{\"@type\":\"BreadcrumbList\",\"@id\":\"https:\\\/\\\/www.un.org\\\/pga\\\/77\\\/2023\\\/02\\\/06\\\/moment-of-silence-for-the-victims-of-the-earthquake-in-turkiye-and-syria\\\/#breadcrumb\",\"itemListElement\":[{\"@type\":\"ListItem\",\"position\":1,\"name\":\"Home\",\"item\":\"https:\\\/\\\/www.un.org\\\/pga\\\/77\\\/\"},{\"@type\":\"ListItem\",\"position\":2,\"name\":\"Moment of Silence for the Victims of the Earthquake in T\u00fcrkiye and Syria\"}]},{\"@type\":\"WebSite\",\"@id\":\"https:\\\/\\\/www.un.org\\\/pga\\\/77\\\/#website\",\"url\":\"https:\\\/\\\/www.un.org\\\/pga\\\/77\\\/\",\"name\":\"General Assembly of the United Nations\",\"description\":\"President of the 77th session\",\"potentialAction\":[{\"@type\":\"SearchAction\",\"target\":{\"@type\":\"EntryPoint\",\"urlTemplate\":\"https:\\\/\\\/www.un.org\\\/pga\\\/77\\\/?s={search_term_string}\"},\"query-input\":{\"@type\":\"PropertyValueSpecification\",\"valueRequired\":true,\"valueName\":\"search_term_string\"}}],\"inLanguage\":\"en-US\"},{\"@type\":\"Person\",\"@id\":\"https:\\\/\\\/www.un.org\\\/pga\\\/77\\\/#\\\/schema\\\/person\\\/25c5989ea34cbca9b6abfb3f464b38b1\",\"name\":\"Paulina Greer\",\"image\":{\"@type\":\"ImageObject\",\"inLanguage\":\"en-US\",\"@id\":\"https:\\\/\\\/secure.gravatar.com\\\/avatar\\\/aab26e77bdba8cf226e2792403a458cd44106ad1f229dba0018b0634ef1a6531?s=96&d=mm&r=g\",\"url\":\"https:\\\/\\\/secure.gravatar.com\\\/avatar\\\/aab26e77bdba8cf226e2792403a458cd44106ad1f229dba0018b0634ef1a6531?s=96&d=mm&r=g\",\"contentUrl\":\"https:\\\/\\\/secure.gravatar.com\\\/avatar\\\/aab26e77bdba8cf226e2792403a458cd44106ad1f229dba0018b0634ef1a6531?s=96&d=mm&r=g\",\"caption\":\"Paulina Greer\"},\"url\":\"https:\\\/\\\/www.un.org\\\/pga\\\/77\\\/author\\\/kubiakpun-org\\\/\"}]}<\/script>\n<!-- \/ Yoast SEO plugin. -->","yoast_head_json":{"title":"Moment of Silence for the Victims of the Earthquake in T\u00fcrkiye and Syria - General Assembly of the United Nations","robots":{"index":"index","follow":"follow","max-snippet":"max-snippet:-1","max-image-preview":"max-image-preview:large","max-video-preview":"max-video-preview:-1"},"canonical":"https:\/\/www.un.org\/pga\/77\/2023\/02\/06\/moment-of-silence-for-the-victims-of-the-earthquake-in-turkiye-and-syria\/","og_locale":"en_US","og_type":"article","og_title":"Moment of Silence for the Victims of the Earthquake in T\u00fcrkiye and Syria - General Assembly of the United Nations","og_description":"Remarks by Csaba\u00a0K\u0151r\u00f6si, President of the 77th session of the General Assembly &#8212;- Earthquake in T\u00fcrkiye and Syria 6 February 2023 [As Delivered] Before proceeding to the items on the [&hellip;]","og_url":"https:\/\/www.un.org\/pga\/77\/2023\/02\/06\/moment-of-silence-for-the-victims-of-the-earthquake-in-turkiye-and-syria\/","og_site_name":"General Assembly of the United Nations","article_published_time":"2023-02-06T15:46:18+00:00","article_modified_time":"2023-02-06T16:01:16+00:00","author":"Paulina Greer","twitter_card":"summary_large_image","twitter_misc":{"Written by":"Paulina Greer","Est. reading time":"1 minute"},"schema":{"@context":"https:\/\/schema.org","@graph":[{"@type":"Article","@id":"https:\/\/www.un.org\/pga\/77\/2023\/02\/06\/moment-of-silence-for-the-victims-of-the-earthquake-in-turkiye-and-syria\/#article","isPartOf":{"@id":"https:\/\/www.un.org\/pga\/77\/2023\/02\/06\/moment-of-silence-for-the-victims-of-the-earthquake-in-turkiye-and-syria\/"},"author":{"name":"Paulina Greer","@id":"https:\/\/www.un.org\/pga\/77\/#\/schema\/person\/25c5989ea34cbca9b6abfb3f464b38b1"},"headline":"Moment of Silence for the Victims of the Earthquake in T\u00fcrkiye and Syria","datePublished":"2023-02-06T15:46:18+00:00","dateModified":"2023-02-06T16:01:16+00:00","mainEntityOfPage":{"@id":"https:\/\/www.un.org\/pga\/77\/2023\/02\/06\/moment-of-silence-for-the-victims-of-the-earthquake-in-turkiye-and-syria\/"},"wordCount":115,"keywords":["Syria","T\u00fcrkiye."],"articleSection":["Statements"],"inLanguage":"en-US"},{"@type":"WebPage","@id":"https:\/\/www.un.org\/pga\/77\/2023\/02\/06\/moment-of-silence-for-the-victims-of-the-earthquake-in-turkiye-and-syria\/","url":"https:\/\/www.un.org\/pga\/77\/2023\/02\/06\/moment-of-silence-for-the-victims-of-the-earthquake-in-turkiye-and-syria\/","name":"Moment of Silence for the Victims of the Earthquake in T\u00fcrkiye and Syria - General Assembly of the United Nations","isPartOf":{"@id":"https:\/\/www.un.org\/pga\/77\/#website"},"datePublished":"2023-02-06T15:46:18+00:00","dateModified":"2023-02-06T16:01:16+00:00","author":{"@id":"https:\/\/www.un.org\/pga\/77\/#\/schema\/person\/25c5989ea34cbca9b6abfb3f464b38b1"},"breadcrumb":{"@id":"https:\/\/www.un.org\/pga\/77\/2023\/02\/06\/moment-of-silence-for-the-victims-of-the-earthquake-in-turkiye-and-syria\/#breadcrumb"},"inLanguage":"en-US","potentialAction":[{"@type":"ReadAction","target":["https:\/\/www.un.org\/pga\/77\/2023\/02\/06\/moment-of-silence-for-the-victims-of-the-earthquake-in-turkiye-and-syria\/"]}]},{"@type":"BreadcrumbList","@id":"https:\/\/www.un.org\/pga\/77\/2023\/02\/06\/moment-of-silence-for-the-victims-of-the-earthquake-in-turkiye-and-syria\/#breadcrumb","itemListElement":[{"@type":"ListItem","position":1,"name":"Home","item":"https:\/\/www.un.org\/pga\/77\/"},{"@type":"ListItem","position":2,"name":"Moment of Silence for the Victims of the Earthquake in T\u00fcrkiye and Syria"}]},{"@type":"WebSite","@id":"https:\/\/www.un.org\/pga\/77\/#website","url":"https:\/\/www.un.org\/pga\/77\/","name":"General Assembly of the United Nations","description":"President of the 77th session","potentialAction":[{"@type":"SearchAction","target":{"@type":"EntryPoint","urlTemplate":"https:\/\/www.un.org\/pga\/77\/?s={search_term_string}"},"query-input":{"@type":"PropertyValueSpecification","valueRequired":true,"valueName":"search_term_string"}}],"inLanguage":"en-US"},{"@type":"Person","@id":"https:\/\/www.un.org\/pga\/77\/#\/schema\/person\/25c5989ea34cbca9b6abfb3f464b38b1","name":"Paulina Greer","image":{"@type":"ImageObject","inLanguage":"en-US","@id":"https:\/\/secure.gravatar.com\/avatar\/aab26e77bdba8cf226e2792403a458cd44106ad1f229dba0018b0634ef1a6531?s=96&d=mm&r=g","url":"https:\/\/secure.gravatar.com\/avatar\/aab26e77bdba8cf226e2792403a458cd44106ad1f229dba0018b0634ef1a6531?s=96&d=mm&r=g","contentUrl":"https:\/\/secure.gravatar.com\/avatar\/aab26e77bdba8cf226e2792403a458cd44106ad1f229dba0018b0634ef1a6531?s=96&d=mm&r=g","caption":"Paulina Greer"},"url":"https:\/\/www.un.org\/pga\/77\/author\/kubiakpun-org\/"}]}},"_links":{"self":[{"href":"https:\/\/www.un.org\/pga\/77\/wp-json\/wp\/v2\/posts\/249993","targetHints":{"allow":["GET"]}}],"collection":[{"href":"https:\/\/www.un.org\/pga\/77\/wp-json\/wp\/v2\/posts"}],"about":[{"href":"https:\/\/www.un.org\/pga\/77\/wp-json\/wp\/v2\/types\/post"}],"author":[{"embeddable":true,"href":"https:\/\/www.un.org\/pga\/77\/wp-json\/wp\/v2\/users\/360"}],"replies":[{"embeddable":true,"href":"https:\/\/www.un.org\/pga\/77\/wp-json\/wp\/v2\/comments?post=249993"}],"version-history":[{"count":0,"href":"https:\/\/www.un.org\/pga\/77\/wp-json\/wp\/v2\/posts\/249993\/revisions"}],"wp:attachment":[{"href":"https:\/\/www.un.org\/pga\/77\/wp-json\/wp\/v2\/media?parent=249993"}],"wp:term":[{"taxonomy":"category","embeddable":true,"href":"https:\/\/www.un.org\/pga\/77\/wp-json\/wp\/v2\/categories?post=249993"},{"taxonomy":"post_tag","embeddable":true,"href":"https:\/\/www.un.org\/pga\/77\/wp-json\/wp\/v2\/tags?post=249993"}],"curies":[{"name":"wp","href":"https:\/\/api.w.org\/{rel}","templated":true}]}}