  {"id":250660,"date":"2023-02-22T12:40:24","date_gmt":"2023-02-22T17:40:24","guid":{"rendered":"https:\/\/www.un.org\/pga\/77\/?p=250660"},"modified":"2023-02-22T12:40:24","modified_gmt":"2023-02-22T17:40:24","slug":"un-general-assembly-president-to-address-human-rights-council-in-geneva","status":"publish","type":"post","link":"https:\/\/www.un.org\/pga\/77\/2023\/02\/22\/un-general-assembly-president-to-address-human-rights-council-in-geneva\/","title":{"rendered":"Ä¢¹½ÊÓÆµ General Assembly President to address Human Rights Council in Geneva"},"content":{"rendered":"<p><em>Version fran\u00e7aise ci-dessous <\/em><\/p>\n<p><strong>22 February 2023<\/strong> \u2013 The President of the 77<sup>th<\/sup> session of the United Nations General Assembly, Csaba K\u0151r\u00f6si, will make an official visit to Geneva, Switzerland, from 26 February to 1 March, to address the Human Rights Council and to strengthen collaboration between the work of the Ä¢¹½ÊÓÆµ General Assembly and Ä¢¹½ÊÓÆµ organizations in Geneva.<\/p>\n<p>Mr. K\u0151r\u00f6si will address the opening of the 52<sup>nd<\/sup> session of the Human Rights Council, on 27 February, alongside the President of the Human Rights Council, V\u00e1clav B\u00e1lek and the Ä¢¹½ÊÓÆµ High Commissioner for Human Rights, Volker T\u00fcrk. During his address, Mr. K\u0151r\u00f6si is expected to urge Member States to renew their commitments to the promotion and protection of human rights as a critical step in managing interlinked and complex crises.<\/p>\n<p>The working visit will include meetings with the Foreign Minister of the Swiss Confederation, Ignazio Cassis; Ms. Tatiana Valovaya, Director-General of the Ä¢¹½ÊÓÆµ Office in Geneva (Ä¢¹½ÊÓÆµOG); and senior representatives of the Ä¢¹½ÊÓÆµ agencies, funds and programmes located in Geneva.<\/p>\n<p>Given the President\u2019s ongoing effort to include a wide range of voices in the work of the General Assembly, Mr. K\u0151r\u00f6si will meet with the International Federation of the Red Cross (IFRC) and other civil society organizations based in Geneva.<\/p>\n<p>He will also interact with academics and students, and lecture on \u201cCrisis Management and Transformation for the Ä¢¹½ÊÓÆµ we need\u201d at an event hosted by the Geneva Diplomatic Club, Global Studies Institute of the University of Geneva and the Forum Suisse de Politique Internationale.<\/p>\n<p>On 28 February, President K\u0151r\u00f6si will brief the press at 15h15 CET in the Palais on the upcoming Ä¢¹½ÊÓÆµ Water Conference, which will be held in New York from 22 to 24 March 2023.<\/p>\n<p>The President will be accompanied by a delegation of five staff members including Fernando Andres Marani, the Deputy Chef de Cabinet, and Johannes Cullman, the PGA\u2019s Chief Scientific Adviser.<\/p>\n<p>Costs are covered by the OPGA Trust Fund.<\/p>\n<p><strong>Le Pr\u00e9sident de l\u2019Assembl\u00e9e G\u00e9n\u00e9rale de l\u2019ONU Adressera le Conseil des Droits de l\u2019Homme \u00e0 Gen\u00e8ve<\/strong><\/p>\n<p><strong>22 f\u00e9vrier 2023 \u2013 <\/strong>Le Pr\u00e9sident de la 77<sup>\u00e8me<\/sup> session de l\u2019Assembl\u00e9e G\u00e9n\u00e9rale des Nations Unies, Mr. Csaba K\u0151r\u00f6si, se rendra en visite officielle \u00e0 Gen\u00e8ve, en Suisse, du 27 f\u00e9vrier au 1<sup>er<\/sup> mars 2023, pour s\u2019adresser au Conseil des Droits de l\u2019Homme et pour renforcer la collaboration entre le travail de l\u2019Assembl\u00e9e G\u00e9n\u00e9rale et les organes de l\u2019ONU \u00e0 Gen\u00e8ve.<\/p>\n<p>Mr. K\u0151r\u00f6si ouvrira la 52<sup>\u00e8me<\/sup> session du Conseil des Droits de l\u2019Homme le 27 f\u00e9vrier 2023, aux c\u00f4t\u00e9s du Pr\u00e9sident du Conseil des Droits de l\u2019Homme, Mr. V\u00e1clav B\u00e1lek, et le Haut-Commissaire des Nations Unies aux droits de l\u2019Homme, Mr. Volker T\u00fcrk. Lors de son discours, il est pr\u00e9vu que Mr. K\u0151r\u00f6si pousse les \u00c9tats Membres \u00e0 renouveler leurs engagements envers la protection et la promotion des droits de l\u2019Homme, comme une \u00e9tape critique de la gestion de crises interreli\u00e9es et complexes.<\/p>\n<p>Cette visite inclura une rencontre avec le ministre des Affaires Etrang\u00e8res de la Conf\u00e9d\u00e9ration Suisse, Mr. Ignazio Cassis, avec Mme. Tatiana Valovaya, Directrice-G\u00e9n\u00e9rale d\u2019ONU \u00e0 Gen\u00e8ve (ONUG), ainsi que de personnel haut-grad\u00e9 d\u2019Agences, fonds et programmes de l\u2019ONU bas\u00e9s \u00e0 Gen\u00e8ve.<\/p>\n<p>\u00c9tant donn\u00e9 les efforts du Pr\u00e9sident pour inclure un arsenal de voix dans le travail de l\u2019Assembl\u00e9e G\u00e9n\u00e9rale, Mr. K\u0151r\u00f6si rencontrera la F\u00e9d\u00e9ration de la Croix-Rouge (FIRC) et d\u2019autres soci\u00e9t\u00e9s civiles bas\u00e9es \u00e0 Gen\u00e8ve.<\/p>\n<p>Il interagira \u00e9galement avec des acad\u00e9miques et des \u00e9tudiants, et livrera un expos\u00e9 sur \u00ab\u00a0la gestion de crises et la transformation pour l\u2019ONU dont nous avons besoin\u00a0\u00bb, lors d\u2019un \u00e9v\u00e8nement tenu par le Club Diplomatique de Gen\u00e8ve, le Global Studies Institute (GSI) de l\u2019Universit\u00e9 de Gen\u00e8ve, et le Forum Suisse de Politique Internationale.<\/p>\n<p>Le 28 f\u00e9vrier, Pr\u00e9sident K\u0151r\u00f6si s\u2019adressera \u00e0 la presse \u00e0 15h15 CET du Palais des Nations, sur la Conf\u00e9rence des Nations Unies sur l\u2019Eau, qui prendra place du 22 au 24 mars, \u00e0 New York.<\/p>\n<p>Le Pr\u00e9sident sera accompagn\u00e9 par une d\u00e9l\u00e9gation de cinq coll\u00e8gues, y compris, Fernando Andres Marani, le Chef de Cabinet Adjoint\u00a0et Johannes Cullman, le Conseiller Scientifique en chef.<\/p>\n<p>Les frais de voyage sont couverts par le Fonds d\u2019affectation sp\u00e9ciale de l\u2019OPGA.<\/p>\n<p>&nbsp;<\/p>\n","protected":false},"excerpt":{"rendered":"<p>Version fran\u00e7aise ci-dessous 22 February 2023 \u2013 The President of the 77th session of the United Nations General Assembly, Csaba K\u0151r\u00f6si, will make an official visit to Geneva, Switzerland, from [&hellip;]<\/p>\n","protected":false},"author":360,"featured_media":0,"comment_status":"closed","ping_status":"closed","sticky":false,"template":"","format":"standard","meta":{"_et_pb_use_builder":"","_et_pb_old_content":"","_et_gb_content_width":"","footnotes":""},"categories":[99],"tags":[521,354],"class_list":["post-250660","post","type-post","status-publish","format-standard","hentry","category-pressreleases","tag-geneva","tag-human-rights","et-doesnt-have-format-content","et_post_format-et-post-format-standard"],"yoast_head":"<!-- This site is optimized with the Yoast SEO plugin v28.3 - https:\/\/yoast.com\/product\/yoast-seo-wordpress\/ -->\n<title>Ä¢¹½ÊÓÆµ General Assembly President to address Human Rights Council in Geneva - General Assembly of the United Nations<\/title>\n<meta name=\"robots\" content=\"index, follow, max-snippet:-1, max-image-preview:large, max-video-preview:-1\" \/>\n<link rel=\"canonical\" href=\"https:\/\/www.un.org\/pga\/77\/2023\/02\/22\/un-general-assembly-president-to-address-human-rights-council-in-geneva\/\" \/>\n<meta property=\"og:locale\" content=\"en_US\" \/>\n<meta property=\"og:type\" content=\"article\" \/>\n<meta property=\"og:title\" content=\"Ä¢¹½ÊÓÆµ General Assembly President to address Human Rights Council in Geneva - General Assembly of the United Nations\" \/>\n<meta property=\"og:description\" content=\"Version fran\u00e7aise ci-dessous 22 February 2023 \u2013 The President of the 77th session of the United Nations General Assembly, Csaba K\u0151r\u00f6si, will make an official visit to Geneva, Switzerland, from [&hellip;]\" \/>\n<meta property=\"og:url\" content=\"https:\/\/www.un.org\/pga\/77\/2023\/02\/22\/un-general-assembly-president-to-address-human-rights-council-in-geneva\/\" \/>\n<meta property=\"og:site_name\" content=\"General Assembly of the United Nations\" \/>\n<meta property=\"article:published_time\" content=\"2023-02-22T17:40:24+00:00\" \/>\n<meta name=\"author\" content=\"Paulina Greer\" \/>\n<meta name=\"twitter:card\" content=\"summary_large_image\" \/>\n<meta name=\"twitter:label1\" content=\"Written by\" \/>\n\t<meta name=\"twitter:data1\" content=\"Paulina Greer\" \/>\n\t<meta name=\"twitter:label2\" content=\"Est. reading time\" \/>\n\t<meta name=\"twitter:data2\" content=\"4 minutes\" \/>\n<script type=\"application\/ld+json\" class=\"yoast-schema-graph\">{\"@context\":\"https:\\\/\\\/schema.org\",\"@graph\":[{\"@type\":\"Article\",\"@id\":\"https:\\\/\\\/www.un.org\\\/pga\\\/77\\\/2023\\\/02\\\/22\\\/un-general-assembly-president-to-address-human-rights-council-in-geneva\\\/#article\",\"isPartOf\":{\"@id\":\"https:\\\/\\\/www.un.org\\\/pga\\\/77\\\/2023\\\/02\\\/22\\\/un-general-assembly-president-to-address-human-rights-council-in-geneva\\\/\"},\"author\":{\"name\":\"Paulina Greer\",\"@id\":\"https:\\\/\\\/www.un.org\\\/pga\\\/77\\\/#\\\/schema\\\/person\\\/25c5989ea34cbca9b6abfb3f464b38b1\"},\"headline\":\"Ä¢¹½ÊÓÆµ General Assembly President to address Human Rights Council in Geneva\",\"datePublished\":\"2023-02-22T17:40:24+00:00\",\"mainEntityOfPage\":{\"@id\":\"https:\\\/\\\/www.un.org\\\/pga\\\/77\\\/2023\\\/02\\\/22\\\/un-general-assembly-president-to-address-human-rights-council-in-geneva\\\/\"},\"wordCount\":774,\"keywords\":[\"Geneva\",\"human rights\"],\"articleSection\":[\"Press Releases\"],\"inLanguage\":\"en-US\"},{\"@type\":\"WebPage\",\"@id\":\"https:\\\/\\\/www.un.org\\\/pga\\\/77\\\/2023\\\/02\\\/22\\\/un-general-assembly-president-to-address-human-rights-council-in-geneva\\\/\",\"url\":\"https:\\\/\\\/www.un.org\\\/pga\\\/77\\\/2023\\\/02\\\/22\\\/un-general-assembly-president-to-address-human-rights-council-in-geneva\\\/\",\"name\":\"Ä¢¹½ÊÓÆµ General Assembly President to address Human Rights Council in Geneva - General Assembly of the United Nations\",\"isPartOf\":{\"@id\":\"https:\\\/\\\/www.un.org\\\/pga\\\/77\\\/#website\"},\"datePublished\":\"2023-02-22T17:40:24+00:00\",\"author\":{\"@id\":\"https:\\\/\\\/www.un.org\\\/pga\\\/77\\\/#\\\/schema\\\/person\\\/25c5989ea34cbca9b6abfb3f464b38b1\"},\"breadcrumb\":{\"@id\":\"https:\\\/\\\/www.un.org\\\/pga\\\/77\\\/2023\\\/02\\\/22\\\/un-general-assembly-president-to-address-human-rights-council-in-geneva\\\/#breadcrumb\"},\"inLanguage\":\"en-US\",\"potentialAction\":[{\"@type\":\"ReadAction\",\"target\":[\"https:\\\/\\\/www.un.org\\\/pga\\\/77\\\/2023\\\/02\\\/22\\\/un-general-assembly-president-to-address-human-rights-council-in-geneva\\\/\"]}]},{\"@type\":\"BreadcrumbList\",\"@id\":\"https:\\\/\\\/www.un.org\\\/pga\\\/77\\\/2023\\\/02\\\/22\\\/un-general-assembly-president-to-address-human-rights-council-in-geneva\\\/#breadcrumb\",\"itemListElement\":[{\"@type\":\"ListItem\",\"position\":1,\"name\":\"Home\",\"item\":\"https:\\\/\\\/www.un.org\\\/pga\\\/77\\\/\"},{\"@type\":\"ListItem\",\"position\":2,\"name\":\"Ä¢¹½ÊÓÆµ General Assembly President to address Human Rights Council in Geneva\"}]},{\"@type\":\"WebSite\",\"@id\":\"https:\\\/\\\/www.un.org\\\/pga\\\/77\\\/#website\",\"url\":\"https:\\\/\\\/www.un.org\\\/pga\\\/77\\\/\",\"name\":\"General Assembly of the United Nations\",\"description\":\"President of the 77th session\",\"potentialAction\":[{\"@type\":\"SearchAction\",\"target\":{\"@type\":\"EntryPoint\",\"urlTemplate\":\"https:\\\/\\\/www.un.org\\\/pga\\\/77\\\/?s={search_term_string}\"},\"query-input\":{\"@type\":\"PropertyValueSpecification\",\"valueRequired\":true,\"valueName\":\"search_term_string\"}}],\"inLanguage\":\"en-US\"},{\"@type\":\"Person\",\"@id\":\"https:\\\/\\\/www.un.org\\\/pga\\\/77\\\/#\\\/schema\\\/person\\\/25c5989ea34cbca9b6abfb3f464b38b1\",\"name\":\"Paulina Greer\",\"image\":{\"@type\":\"ImageObject\",\"inLanguage\":\"en-US\",\"@id\":\"https:\\\/\\\/secure.gravatar.com\\\/avatar\\\/aab26e77bdba8cf226e2792403a458cd44106ad1f229dba0018b0634ef1a6531?s=96&d=mm&r=g\",\"url\":\"https:\\\/\\\/secure.gravatar.com\\\/avatar\\\/aab26e77bdba8cf226e2792403a458cd44106ad1f229dba0018b0634ef1a6531?s=96&d=mm&r=g\",\"contentUrl\":\"https:\\\/\\\/secure.gravatar.com\\\/avatar\\\/aab26e77bdba8cf226e2792403a458cd44106ad1f229dba0018b0634ef1a6531?s=96&d=mm&r=g\",\"caption\":\"Paulina Greer\"},\"url\":\"https:\\\/\\\/www.un.org\\\/pga\\\/77\\\/author\\\/kubiakpun-org\\\/\"}]}<\/script>\n<!-- \/ Yoast SEO plugin. -->","yoast_head_json":{"title":"Ä¢¹½ÊÓÆµ General Assembly President to address Human Rights Council in Geneva - General Assembly of the United Nations","robots":{"index":"index","follow":"follow","max-snippet":"max-snippet:-1","max-image-preview":"max-image-preview:large","max-video-preview":"max-video-preview:-1"},"canonical":"https:\/\/www.un.org\/pga\/77\/2023\/02\/22\/un-general-assembly-president-to-address-human-rights-council-in-geneva\/","og_locale":"en_US","og_type":"article","og_title":"Ä¢¹½ÊÓÆµ General Assembly President to address Human Rights Council in Geneva - General Assembly of the United Nations","og_description":"Version fran\u00e7aise ci-dessous 22 February 2023 \u2013 The President of the 77th session of the United Nations General Assembly, Csaba K\u0151r\u00f6si, will make an official visit to Geneva, Switzerland, from [&hellip;]","og_url":"https:\/\/www.un.org\/pga\/77\/2023\/02\/22\/un-general-assembly-president-to-address-human-rights-council-in-geneva\/","og_site_name":"General Assembly of the United Nations","article_published_time":"2023-02-22T17:40:24+00:00","author":"Paulina Greer","twitter_card":"summary_large_image","twitter_misc":{"Written by":"Paulina Greer","Est. reading time":"4 minutes"},"schema":{"@context":"https:\/\/schema.org","@graph":[{"@type":"Article","@id":"https:\/\/www.un.org\/pga\/77\/2023\/02\/22\/un-general-assembly-president-to-address-human-rights-council-in-geneva\/#article","isPartOf":{"@id":"https:\/\/www.un.org\/pga\/77\/2023\/02\/22\/un-general-assembly-president-to-address-human-rights-council-in-geneva\/"},"author":{"name":"Paulina Greer","@id":"https:\/\/www.un.org\/pga\/77\/#\/schema\/person\/25c5989ea34cbca9b6abfb3f464b38b1"},"headline":"Ä¢¹½ÊÓÆµ General Assembly President to address Human Rights Council in Geneva","datePublished":"2023-02-22T17:40:24+00:00","mainEntityOfPage":{"@id":"https:\/\/www.un.org\/pga\/77\/2023\/02\/22\/un-general-assembly-president-to-address-human-rights-council-in-geneva\/"},"wordCount":774,"keywords":["Geneva","human rights"],"articleSection":["Press Releases"],"inLanguage":"en-US"},{"@type":"WebPage","@id":"https:\/\/www.un.org\/pga\/77\/2023\/02\/22\/un-general-assembly-president-to-address-human-rights-council-in-geneva\/","url":"https:\/\/www.un.org\/pga\/77\/2023\/02\/22\/un-general-assembly-president-to-address-human-rights-council-in-geneva\/","name":"Ä¢¹½ÊÓÆµ General Assembly President to address Human Rights Council in Geneva - General Assembly of the United Nations","isPartOf":{"@id":"https:\/\/www.un.org\/pga\/77\/#website"},"datePublished":"2023-02-22T17:40:24+00:00","author":{"@id":"https:\/\/www.un.org\/pga\/77\/#\/schema\/person\/25c5989ea34cbca9b6abfb3f464b38b1"},"breadcrumb":{"@id":"https:\/\/www.un.org\/pga\/77\/2023\/02\/22\/un-general-assembly-president-to-address-human-rights-council-in-geneva\/#breadcrumb"},"inLanguage":"en-US","potentialAction":[{"@type":"ReadAction","target":["https:\/\/www.un.org\/pga\/77\/2023\/02\/22\/un-general-assembly-president-to-address-human-rights-council-in-geneva\/"]}]},{"@type":"BreadcrumbList","@id":"https:\/\/www.un.org\/pga\/77\/2023\/02\/22\/un-general-assembly-president-to-address-human-rights-council-in-geneva\/#breadcrumb","itemListElement":[{"@type":"ListItem","position":1,"name":"Home","item":"https:\/\/www.un.org\/pga\/77\/"},{"@type":"ListItem","position":2,"name":"Ä¢¹½ÊÓÆµ General Assembly President to address Human Rights Council in Geneva"}]},{"@type":"WebSite","@id":"https:\/\/www.un.org\/pga\/77\/#website","url":"https:\/\/www.un.org\/pga\/77\/","name":"General Assembly of the United Nations","description":"President of the 77th session","potentialAction":[{"@type":"SearchAction","target":{"@type":"EntryPoint","urlTemplate":"https:\/\/www.un.org\/pga\/77\/?s={search_term_string}"},"query-input":{"@type":"PropertyValueSpecification","valueRequired":true,"valueName":"search_term_string"}}],"inLanguage":"en-US"},{"@type":"Person","@id":"https:\/\/www.un.org\/pga\/77\/#\/schema\/person\/25c5989ea34cbca9b6abfb3f464b38b1","name":"Paulina Greer","image":{"@type":"ImageObject","inLanguage":"en-US","@id":"https:\/\/secure.gravatar.com\/avatar\/aab26e77bdba8cf226e2792403a458cd44106ad1f229dba0018b0634ef1a6531?s=96&d=mm&r=g","url":"https:\/\/secure.gravatar.com\/avatar\/aab26e77bdba8cf226e2792403a458cd44106ad1f229dba0018b0634ef1a6531?s=96&d=mm&r=g","contentUrl":"https:\/\/secure.gravatar.com\/avatar\/aab26e77bdba8cf226e2792403a458cd44106ad1f229dba0018b0634ef1a6531?s=96&d=mm&r=g","caption":"Paulina Greer"},"url":"https:\/\/www.un.org\/pga\/77\/author\/kubiakpun-org\/"}]}},"_links":{"self":[{"href":"https:\/\/www.un.org\/pga\/77\/wp-json\/wp\/v2\/posts\/250660","targetHints":{"allow":["GET"]}}],"collection":[{"href":"https:\/\/www.un.org\/pga\/77\/wp-json\/wp\/v2\/posts"}],"about":[{"href":"https:\/\/www.un.org\/pga\/77\/wp-json\/wp\/v2\/types\/post"}],"author":[{"embeddable":true,"href":"https:\/\/www.un.org\/pga\/77\/wp-json\/wp\/v2\/users\/360"}],"replies":[{"embeddable":true,"href":"https:\/\/www.un.org\/pga\/77\/wp-json\/wp\/v2\/comments?post=250660"}],"version-history":[{"count":0,"href":"https:\/\/www.un.org\/pga\/77\/wp-json\/wp\/v2\/posts\/250660\/revisions"}],"wp:attachment":[{"href":"https:\/\/www.un.org\/pga\/77\/wp-json\/wp\/v2\/media?parent=250660"}],"wp:term":[{"taxonomy":"category","embeddable":true,"href":"https:\/\/www.un.org\/pga\/77\/wp-json\/wp\/v2\/categories?post=250660"},{"taxonomy":"post_tag","embeddable":true,"href":"https:\/\/www.un.org\/pga\/77\/wp-json\/wp\/v2\/tags?post=250660"}],"curies":[{"name":"wp","href":"https:\/\/api.w.org\/{rel}","templated":true}]}}