  {"id":251657,"date":"2023-03-22T10:33:08","date_gmt":"2023-03-22T14:33:08","guid":{"rendered":"https:\/\/www.un.org\/pga\/77\/?p=251657"},"modified":"2023-03-22T10:34:09","modified_gmt":"2023-03-22T14:34:09","slug":"pga-remarks-to-the-opening-plenary-of-the-2023-un-water-conference","status":"publish","type":"post","link":"https:\/\/www.un.org\/pga\/77\/2023\/03\/22\/pga-remarks-to-the-opening-plenary-of-the-2023-un-water-conference\/","title":{"rendered":"PGA remarks to the opening plenary of the 2023 Ä¢¹½ÊÓÆµ Water Conference"},"content":{"rendered":"<p>[et_pb_section fb_built=&#8221;1&#8243; admin_label=&#8221;section&#8221; _builder_version=&#8221;4.16&#8243; global_colors_info=&#8221;{}&#8221;][et_pb_row admin_label=&#8221;row&#8221; _builder_version=&#8221;4.16&#8243; background_size=&#8221;initial&#8221; background_position=&#8221;top_left&#8221; background_repeat=&#8221;repeat&#8221; global_colors_info=&#8221;{}&#8221;][et_pb_column type=&#8221;4_4&#8243; _builder_version=&#8221;4.16&#8243; custom_padding=&#8221;|||&#8221; global_colors_info=&#8221;{}&#8221; custom_padding__hover=&#8221;|||&#8221;][et_pb_text admin_label=&#8221;Text&#8221; _builder_version=&#8221;4.19.5&#8243; background_size=&#8221;initial&#8221; background_position=&#8221;top_left&#8221; background_repeat=&#8221;repeat&#8221; hover_enabled=&#8221;0&#8243; global_colors_info=&#8221;{}&#8221; sticky_enabled=&#8221;0&#8243;]<\/p>\n<p style=\"font-weight: 400;text-align: center\"><strong><span data-ogsc=\"black\" data-ogsb=\"white\">Csaba\u00a0<em>K\u0151r\u00f6si<\/em><em>,<\/em> President of the 77<sup>th<\/sup> session of the General Assembly<\/span><\/strong><\/p>\n<p style=\"font-weight: 400;text-align: center\"><strong><span data-ogsc=\"black\" data-ogsb=\"white\">&#8212;-<\/span><\/strong><\/p>\n<p style=\"font-weight: 400;text-align: center\"><strong>Opening plenary of the 2023 Ä¢¹½ÊÓÆµ Water Conference <\/strong><\/p>\n<p style=\"font-weight: 400;text-align: center\"><strong><span data-ogsc=\"black\" data-ogsb=\"white\">22 March 2023 <\/span><\/strong><\/p>\n<p style=\"font-weight: 400;text-align: center\"><strong><span data-ogsc=\"black\" data-ogsb=\"white\">[As delivered multilingual version]<\/span><\/strong><\/p>\n<p style=\"font-weight: 400\">\n<p style=\"font-weight: 400\">Your Majesty, King Willem-Alexander,<\/p>\n<p style=\"font-weight: 400\">Your Excellency President Emomali Rahmon, thank you for gathering us here to discuss our most precious, yet undervalued and misunderstood resource: water.<\/p>\n<p style=\"font-weight: 400\">Distinguished Heads of State and Governments,<\/p>\n<p style=\"font-weight: 400\">Mr. Secretary-General,<\/p>\n<p style=\"font-weight: 400\">Excellencies,<\/p>\n<p style=\"font-weight: 400\">Water friends,<\/p>\n<p style=\"font-weight: 400\">At the midpoint of the sustainable development agenda, we are at a watershed moment, as we heard this morning already.<\/p>\n<p style=\"font-weight: 400\">We know that we cannot fulfil our promise of sustainability, economic stability and global well-being by speeding up conventional solutions.<\/p>\n<p style=\"font-weight: 400\">We neither have enough time nor planet. There is simply not enough fresh water left anymore. Water that flows freely in rivers, across boundaries and that is distributed over the whole globe in the form of atmospheric rivers \u2013 is now severely lacking.<\/p>\n<p style=\"font-weight: 400\">Le cycle de l\u2019eau nous unit tous. C\u2019est, de fait, un bien public mondial. L\u2019eau qui pleut en Europe aujourd\u2019hui coulait le long des rivi\u00e8res Africaines le mois dernier. L\u2019eau pomp\u00e9e des puits en Am\u00e9rique du Sud aujourd\u2019hui est la fonte des glaciers andins, cr\u00e9\u00e9e lorsque les premi\u00e8res esp\u00e8ces humaines se sont install\u00e9s sur le continent.<\/p>\n<p style=\"font-weight: 400\"><em>(French translation: The water cycle unites us all. It is, de facto, a global common good. Water that rains in Europe today was flowing down African rivers last month. Water that is pumped up from wells in South America today is melted Andean glaciers, created when the first human species moved into the continent.)<\/em><\/p>\n<p style=\"font-weight: 400\">The water that makes 60% of me, of you all as you sit here in this moment, has been part of other living bodies at least 10 times over the course of the millennia.<\/p>\n<p style=\"font-weight: 400\">There is no doubt: we are water, we don\u2019t fully own water, we share it in space and through time.<\/p>\n<p style=\"font-weight: 400\">We must acknowledge the fact that water is a global common good and adjust policy, legislation, and financing accordingly.<\/p>\n<p style=\"font-weight: 400\">To work in favor of people and planet, not procrastination and profit. Even in time of increasing geopolitical divide.<\/p>\n<p style=\"font-weight: 400\">\u0412 \u043d\u0430\u0441\u0442\u043e\u044f\u0449\u0435\u0435 \u0432\u0440\u0435\u043c\u044f \u043c\u044b \u0441\u0442\u0430\u043b\u043a\u0438\u0432\u0430\u0435\u043c\u0441\u044f \u0441 \u0433\u043b\u043e\u0431\u0430\u043b\u044c\u043d\u044b\u043c \u0432\u043e\u0434\u043d\u044b\u043c \u043a\u0440\u0438\u0437\u0438\u0441\u043e\u043c. \u0424\u0430\u043a\u0442\u0438\u0447\u0435\u0441\u043a\u0438, \u0442\u0440\u0438 \u0432\u0438\u0434\u044b \u0432\u043e\u0434\u043d\u044b\u0445 \u043a\u0430\u0442\u0430\u0441\u0442\u0440\u043e\u0444 \u0441\u043e\u0437\u0434\u0430\u043b\u0438 \u0447\u0435\u043b\u043e\u0432\u0435\u0447\u0435\u0441\u043a\u0443\u044e \u043a\u0430\u0442\u0430\u0441\u0442\u0440\u043e\u0444\u0443. \u0421\u043b\u0438\u0448\u043a\u043e\u043c \u043c\u043d\u043e\u0433\u043e \u0432\u043e\u0434\u044b \u043e\u0442\u043d\u0438\u043c\u0430\u0435\u0442 \u0436\u0438\u0437\u043d\u0438, \u0441\u043b\u0438\u0448\u043a\u043e\u043c \u043c\u0430\u043b\u043e \u0432\u043e\u0434\u044b \u043f\u0440\u0435\u043f\u044f\u0442\u0441\u0442\u0432\u0443\u0435\u0442 \u0434\u043e\u0441\u0442\u043e\u0439\u043d\u043e\u043c\u0443 \u0440\u0430\u0437\u0432\u0438\u0442\u0438\u044e \u0447\u0435\u043b\u043e\u0432\u0435\u043a\u0430, \u0441\u043b\u0438\u0448\u043a\u043e\u043c \u0433\u0440\u044f\u0437\u043d\u0430\u044f \u0432\u043e\u0434\u0430 \u0443\u0433\u0440\u043e\u0436\u0430\u0435\u0442 \u043d\u0430\u0448\u0435\u043c\u0443 \u0437\u0434\u043e\u0440\u043e\u0432\u044c\u044e \u0438 \u043f\u0440\u0438\u0440\u043e\u0434\u0435, \u0447\u0430\u0441\u0442\u044c\u044e \u043a\u043e\u0442\u043e\u0440\u043e\u0439 \u043c\u044b \u044f\u0432\u043b\u044f\u0435\u043c\u0441\u044f.<\/p>\n<p style=\"font-weight: 400\"><em>(Russian translation: We have today a global water crisis. To put it bluntly: the three forms of water disasters have created a human disaster. Too much water takes lives, too little water hinders dignified human development, too dirty a water threatens our health and the nature we are part of.)<\/em><\/p>\n<p style=\"font-weight: 400\">The solution is in our hands. It is not rocket science. A cooperative water-secure future starts with political will, economic intelligence, and cultural tolerance and acceptance. The acknowledgement of what led us to the water crisis and the understanding of the integrated nature of the solutions that we need.<\/p>\n<p style=\"font-weight: 400\">What do we need to succeed?<\/p>\n<p style=\"font-weight: 400\">We need to devise a common financial culture that is water-, climate-, and biodiversity-smart.<\/p>\n<p style=\"font-weight: 400\">Financing that benefits everybody, from the indigenous and marginalized to the lucky ones who were born to wealthy parents.<\/p>\n<p style=\"font-weight: 400\">We urgently need to stop wasting water. Circularity must be our priority, not extracting ever more.<\/p>\n<p style=\"font-weight: 400\">We must devise integrated land-use, water and climate policies that help us to make people and nature resilient, and feed the ever-growing hunger worldwide.<\/p>\n<p style=\"font-weight: 400\">Integrated policies that allow us to benefit from water as a lever of climate mitigation and adaptation. Integrated policies at local, national and global levels that will foster cooperation.\u00a0<\/p>\n<p style=\"font-weight: 400\">We need to guarantee access to safe drinking water and sanitation to all. This is a human right and a question of dignity.\u00a0<\/p>\n<p style=\"font-weight: 400\">We can work together to empower states and stakeholders through the global water information system that is our life insurance for resolving the dilemma of water availability, demand and storage.<\/p>\n<p style=\"font-weight: 400\">\u0646\u064e\u062d\u0646\u064f \u0628\u0650\u062d\u0627\u062c\u064e\u0629 \u0644\u0644\u0627\u062a\u0651\u0641\u0627\u0642 \u0639\u0644\u0649 \u0645\u064a\u062b\u0627\u0642 \u062a\u0639\u0644\u064a\u0645\u064a \u064a\u064f\u0624\u0651\u0643\u0650\u062f \u0639\u0644\u0649 \u0623\u0646\u0651\u064e \u0644\u062f\u064a\u0646\u0627 \u0627\u0644\u0639\u0650\u0644\u0652\u0645\u064e \u0648\u0627\u0644\u0645\u064e\u0639\u0631\u0650\u0641\u064e\u0629 \u0648\u0627\u0644\u062d\u0650\u0643\u0652\u0645\u064e\u0629\u060c \u0628\u0627\u0644\u0625\u0636\u0627\u0641\u0629 \u0625\u0644\u0649 \u0622\u0644\u0651\u064a\u0629 \u062a\u064e\u0641\u0643\u064a\u0631 \u062c\u062f\u064a\u062f\u0629 \u062a\u064f\u062a\u0650\u064a\u062d \u0644\u0646\u0627 \u0627\u0628\u0652\u062a\u0650\u0643\u0627\u0631 \u0648\u062a\u064e\u0646\u0641\u064a\u0630 \u0623\u064e\u062c\u064e\u0646\u062f\u064e\u0629 \u0645\u064f\u062a\u0643\u0627\u0645\u0650\u0644\u0629 \u0644\u0650\u0644\u0645\u0650\u064a\u0627\u0647 \u0648\u0627\u0644\u0645\u064e\u0646\u0627\u062e \u0648\u0627\u0644\u0637\u0627\u0642\u0629 \u0648\u0627\u0644\u063a\u0650\u0630\u0627\u0621<\/p>\n<p style=\"font-weight: 400\"><em>(Arabic translation: We need to agree on an education pact to make sure we have the knowledge, wisdom and new way of thinking, to devise and implement an integrated water, climate, energy and food agenda.)<\/em><\/p>\n<p style=\"font-weight: 400\">We need to be inclusive and innovative.<\/p>\n<p style=\"font-weight: 400\">We need to assemble legislative and enforcing public governance and private sector ingenuity.<\/p>\n<p style=\"font-weight: 400\">Stakeholders of diverse talents, ages and cultures can synergize the change we need so urgently.<\/p>\n<p style=\"font-weight: 400\">It must be both a change of mind and heart.<\/p>\n<p style=\"font-weight: 400\">We need to be bold.<\/p>\n<p style=\"font-weight: 400\">We can agree on gamechangers.<\/p>\n<p style=\"font-weight: 400\">Gamechangers that are seeds to a different, more fair, inclusive, sustainable, and resilient water future for all.<\/p>\n<p style=\"font-weight: 400\">Gamechangers that reach beyond water and facilitate cooperation and action on a global agenda of transformation in socio-economic development, as well as in environmental sustainability and health.<\/p>\n<p style=\"font-weight: 400\">Gamechangers that will help us to shift from reactive to proactive water solutions.<\/p>\n<p style=\"font-weight: 400\">Solutions that will support the transformation from increasing insecurity to increasing predictability and more stability.<\/p>\n<p style=\"font-weight: 400\">Let me finish with an invitation: This conference is not a venue to negotiate positions, advantages, and compromise. I invite you to deliberate solutions that are science-based, sustainable, pragmatic and in solidarity. Solutions that will flow into the Water Action Agenda. For a better tomorrow, for all.<\/p>\n<p style=\"font-weight: 400\">The world is watching us.<\/p>\n<p style=\"font-weight: 400\">The expectations are high.<\/p>\n<p style=\"font-weight: 400\">The forthcoming three days are crucial, and the following months and years of delivery will be determining.<\/p>\n<p style=\"font-weight: 400\">This chance is here and now.<\/p>\n<p style=\"font-weight: 400\">We may not have another.<\/p>\n<p style=\"font-weight: 400\">Thank you very much.<\/p>\n<p>[\/et_pb_text][\/et_pb_column][\/et_pb_row][\/et_pb_section]<\/p>\n","protected":false},"excerpt":{"rendered":"<p>Csaba\u00a0K\u0151r\u00f6si, President of the 77th session of the General Assembly &#8212;- Opening plenary of the 2023 Ä¢¹½ÊÓÆµ Water Conference 22 March 2023 [As delivered multilingual version] Your Majesty, King Willem-Alexander, [&hellip;]<\/p>\n","protected":false},"author":361,"featured_media":0,"comment_status":"closed","ping_status":"closed","sticky":false,"template":"","format":"standard","meta":{"_et_pb_use_builder":"on","_et_pb_old_content":"<p class=\"x_MsoNormal\" align=\"center\"><b>Csaba\u00a0<em>K\u0151r\u00f6si<\/em><i>,<\/i>\u00a0President of the 77<sup>th<\/sup>\u00a0session of the General Assembly<\/b><b><\/b><\/p>\r\n<p class=\"x_MsoNormal\" align=\"center\"><b>----<\/b><b><\/b><\/p>\r\n<p style=\"text-align: center\"><b><span data-contrast=\"auto\">Second informal consultations convened by the co-facilitators on the<\/span><\/b><span data-ccp-props=\"{\"201341983\":0,\"335551550\":2,\"335551620\":2,\"335559685\":720,\"335559739\":0,\"335559740\":259,\"335559991\":360}\">\u00a0<\/span><b><span data-contrast=\"auto\">political declaration to be adopted by the SDG Summit in September 2023<\/span><\/b><span data-ccp-props=\"{\"201341983\":0,\"335551550\":2,\"335551620\":2,\"335559685\":720,\"335559739\":160,\"335559740\":259,\"335559991\":360}\">\u00a0<\/span><\/p>\r\n<p class=\"x_MsoNormal\" align=\"center\"><b>16 March 2023<\/b><b><\/b><\/p>\r\n\u00a0\r\n\r\n\u00a0\r\n\r\nExcellencies, esteemed colleagues,\r\n\r\nI thank the co-facilitators, Ambassador Alya Ahmed Saif Al-Thani of Qatar and Ambassador Fergal Mythen of Ireland for the invitation.\r\n\r\nFergal, happy St. Patrick\u2019s Day to you!\r\n\r\nDear Alya and Fergal, I am sincerely grateful to you for your work leading this process, and in particular the preparation of the elements paper circulated to MS on 28 February.\r\n\r\nThis paper is a good basis to start the discussion.\r\n\r\nI fully agree with the co-facilitators\u2019 call for the political declaration to be a consensual, concise, ambitious, action-oriented and transformative document.\r\n\r\nI have been particularly pleased by their emphasis on the need to have an ambitious and transformative outcome at the Summit.\r\n\r\nI am sure that, if we want to have such an outcome, we need transformative elements. We have to tell the world why and how the second half of the SDG implementation period will be more impactful and our pledges more credible.\r\n\r\nWe may think of what has been missing from the current implementation and reporting. If you wish, where are the Gamechangers \u2013 that will make our commitments more credible.\r\n\r\nI have in mind key building blocks such as \u201cBeyond GDP\u201d or the creation of the scientific evaluation system of the SDGs\u2019 implementation.\r\n\r\n\u201cBeyond GDP\u201d to measure the real transformation for which we had no real tool until now and Scientific Validation System\u00a0to make the data comparable and validate the aggregated impacts.\r\n\r\nI am very much encouraged by the positive feedback from Member States and various stakeholders on these proposals.\r\n\r\nLikewise, it will be useful and helpful to take into consideration the discussions and commitments that emanated or will, hopefully, emanate from several processes, such as the Transforming Education Summit, COP27, COP 15, the LDC5 Conference, the Ä¢¹½ÊÓÆµ Water Conference, the Sendai Framework Mid-Term Review, the HLPF, and FfD.\r\n\r\nI am sure that the Ä¢¹½ÊÓÆµ Water Conference as well as other upcoming meetings and ongoing processes will result in game-changers that can also find their place in the political declaration of the SDG Summit.\r\n\r\nThe SDG Summit will constitute the mid-point review of the implementation of the 17 Goals.\r\n\r\nMy vision for the SDG Summit is one of a meeting that serves to produce a quality change in our efforts to accelerate implementation at all levels.\r\n\r\nA quantum leap, if you wish.\r\n\r\nAn outcome to turbocharge implementation.\r\n\r\nFor that to happen, we need to go beyond repeating well-known affirmations, set out bold steps and demonstrate leadership at this critical time.\r\n\r\nThe outcome will provide guidance to many international platforms. organisations, including development, banks.\r\n\r\nLadies and gentlemen,\r\n\r\nThe stakes are huge. The real transformation is at stake.\r\n\r\nNot necessarily the relocation of some existing resources, not only, but to recalibrate the system of priorities and use the cooperation channels, national plans and resources accordingly.\r\n\r\nBefore the summit, we have to raise the level of transparency and honesty to review the lessons learnt from the past VNRs and look at where we can unlock new commitments, find new tools, and adopt innovative policies based on scientific inputs.\r\n\r\nI am greatly encouraged by the briefing of the Independent Group of Scientists on GSDR that took place on 7 February as a part of the first GA informal plenary briefing on \u201cScience-based Evidence in Support of the Sustainable Solutions\u201d.\r\n\r\nThe briefing from the IGS gave us a bedrock of scientific knowledge, a basis for unfolding this crucial negotiation process \u2013 and I would very much like to continue in this spirit.\r\n\r\nThat is why the second scientific informal plenary briefing will focus on \u201cBeyond GDP\u201d, \u201cFood Security and Sustainability Transformation\u201d and \u201cA Scientific Support System for the Ä¢¹½ÊÓÆµ\u201d.\r\n\r\nIt will take place on 12 April at 10am in the Trusteeship Council Chamber.\r\n\r\nI invite you all to join us there.\r\n\r\nAs part of my commitment to hear from the civil society and motivate them to bring their contributions to the SDG Summit, I will convene my second Town Hall meeting with CSOs on 20 April at 10am.\r\n\r\nThe focus of this townhall will be on the need for accelerated progress towards the achievement of the SDGs by 2030.\r\n\r\nLet me thank the co-facilitators for kindly agreeing to participate in this Town Hall meeting.\r\n\r\nDear Friends,\r\n\r\nI wish you a fruitful discussion today and count on your support to ensure that we have a truly ambitious outcome.\r\n\r\nAn outcome that really helps us jointly transform the world.\r\n\r\nI thank you.\r\n\r\n\u00a0","_et_gb_content_width":"","footnotes":""},"categories":[111],"tags":[575,561,562],"class_list":["post-251657","post","type-post","status-publish","format-standard","hentry","category-statements","tag-ceo-roundtable-discussion-on-a-gender-equal-future-of-work-in-the-digital-age","tag-commission-on-the-status-of-women","tag-csw","et-doesnt-have-format-content","et_post_format-et-post-format-standard"],"yoast_head":"<!-- This site is optimized with the Yoast SEO plugin v28.3 - https:\/\/yoast.com\/product\/yoast-seo-wordpress\/ -->\n<title>PGA remarks to the opening plenary of the 2023 Ä¢¹½ÊÓÆµ Water Conference - General Assembly of the United Nations<\/title>\n<meta name=\"robots\" content=\"index, follow, max-snippet:-1, max-image-preview:large, max-video-preview:-1\" \/>\n<link rel=\"canonical\" href=\"https:\/\/www.un.org\/pga\/77\/2023\/03\/22\/pga-remarks-to-the-opening-plenary-of-the-2023-un-water-conference\/\" \/>\n<meta property=\"og:locale\" content=\"en_US\" \/>\n<meta property=\"og:type\" content=\"article\" \/>\n<meta property=\"og:title\" content=\"PGA remarks to the opening plenary of the 2023 Ä¢¹½ÊÓÆµ Water Conference - General Assembly of the United Nations\" \/>\n<meta property=\"og:description\" content=\"Csaba\u00a0K\u0151r\u00f6si, President of the 77th session of the General Assembly ---- Opening plenary of the 2023 Ä¢¹½ÊÓÆµ Water Conference 22 March 2023 [As delivered multilingual version] Your Majesty, King Willem-Alexander, [&hellip;]\" \/>\n<meta property=\"og:url\" content=\"https:\/\/www.un.org\/pga\/77\/2023\/03\/22\/pga-remarks-to-the-opening-plenary-of-the-2023-un-water-conference\/\" \/>\n<meta property=\"og:site_name\" content=\"General Assembly of the United Nations\" \/>\n<meta property=\"article:published_time\" content=\"2023-03-22T14:33:08+00:00\" \/>\n<meta property=\"article:modified_time\" content=\"2023-03-22T14:34:09+00:00\" \/>\n<meta name=\"author\" content=\"Steven Viju Philip\" \/>\n<meta name=\"twitter:card\" content=\"summary_large_image\" \/>\n<meta name=\"twitter:label1\" content=\"Written by\" \/>\n\t<meta name=\"twitter:data1\" content=\"Steven Viju Philip\" \/>\n\t<meta name=\"twitter:label2\" content=\"Est. reading time\" \/>\n\t<meta name=\"twitter:data2\" content=\"5 minutes\" \/>\n<script type=\"application\/ld+json\" class=\"yoast-schema-graph\">{\"@context\":\"https:\\\/\\\/schema.org\",\"@graph\":[{\"@type\":\"Article\",\"@id\":\"https:\\\/\\\/www.un.org\\\/pga\\\/77\\\/2023\\\/03\\\/22\\\/pga-remarks-to-the-opening-plenary-of-the-2023-un-water-conference\\\/#article\",\"isPartOf\":{\"@id\":\"https:\\\/\\\/www.un.org\\\/pga\\\/77\\\/2023\\\/03\\\/22\\\/pga-remarks-to-the-opening-plenary-of-the-2023-un-water-conference\\\/\"},\"author\":{\"name\":\"Steven Viju Philip\",\"@id\":\"https:\\\/\\\/www.un.org\\\/pga\\\/77\\\/#\\\/schema\\\/person\\\/5023a3e992d3ff96de578367d1f34eaa\"},\"headline\":\"PGA remarks to the opening plenary of the 2023 Ä¢¹½ÊÓÆµ Water Conference\",\"datePublished\":\"2023-03-22T14:33:08+00:00\",\"dateModified\":\"2023-03-22T14:34:09+00:00\",\"mainEntityOfPage\":{\"@id\":\"https:\\\/\\\/www.un.org\\\/pga\\\/77\\\/2023\\\/03\\\/22\\\/pga-remarks-to-the-opening-plenary-of-the-2023-un-water-conference\\\/\"},\"wordCount\":1188,\"keywords\":[\"CEO Roundtable discussion on A Gender Equal Future of Work in the Digital Age\",\"Commission on the Status of Women\",\"csw\"],\"articleSection\":[\"Statements\"],\"inLanguage\":\"en-US\"},{\"@type\":\"WebPage\",\"@id\":\"https:\\\/\\\/www.un.org\\\/pga\\\/77\\\/2023\\\/03\\\/22\\\/pga-remarks-to-the-opening-plenary-of-the-2023-un-water-conference\\\/\",\"url\":\"https:\\\/\\\/www.un.org\\\/pga\\\/77\\\/2023\\\/03\\\/22\\\/pga-remarks-to-the-opening-plenary-of-the-2023-un-water-conference\\\/\",\"name\":\"PGA remarks to the opening plenary of the 2023 Ä¢¹½ÊÓÆµ Water Conference - General Assembly of the United Nations\",\"isPartOf\":{\"@id\":\"https:\\\/\\\/www.un.org\\\/pga\\\/77\\\/#website\"},\"datePublished\":\"2023-03-22T14:33:08+00:00\",\"dateModified\":\"2023-03-22T14:34:09+00:00\",\"author\":{\"@id\":\"https:\\\/\\\/www.un.org\\\/pga\\\/77\\\/#\\\/schema\\\/person\\\/5023a3e992d3ff96de578367d1f34eaa\"},\"breadcrumb\":{\"@id\":\"https:\\\/\\\/www.un.org\\\/pga\\\/77\\\/2023\\\/03\\\/22\\\/pga-remarks-to-the-opening-plenary-of-the-2023-un-water-conference\\\/#breadcrumb\"},\"inLanguage\":\"en-US\",\"potentialAction\":[{\"@type\":\"ReadAction\",\"target\":[\"https:\\\/\\\/www.un.org\\\/pga\\\/77\\\/2023\\\/03\\\/22\\\/pga-remarks-to-the-opening-plenary-of-the-2023-un-water-conference\\\/\"]}]},{\"@type\":\"BreadcrumbList\",\"@id\":\"https:\\\/\\\/www.un.org\\\/pga\\\/77\\\/2023\\\/03\\\/22\\\/pga-remarks-to-the-opening-plenary-of-the-2023-un-water-conference\\\/#breadcrumb\",\"itemListElement\":[{\"@type\":\"ListItem\",\"position\":1,\"name\":\"Home\",\"item\":\"https:\\\/\\\/www.un.org\\\/pga\\\/77\\\/\"},{\"@type\":\"ListItem\",\"position\":2,\"name\":\"PGA remarks to the opening plenary of the 2023 Ä¢¹½ÊÓÆµ Water Conference\"}]},{\"@type\":\"WebSite\",\"@id\":\"https:\\\/\\\/www.un.org\\\/pga\\\/77\\\/#website\",\"url\":\"https:\\\/\\\/www.un.org\\\/pga\\\/77\\\/\",\"name\":\"General Assembly of the United Nations\",\"description\":\"President of the 77th session\",\"potentialAction\":[{\"@type\":\"SearchAction\",\"target\":{\"@type\":\"EntryPoint\",\"urlTemplate\":\"https:\\\/\\\/www.un.org\\\/pga\\\/77\\\/?s={search_term_string}\"},\"query-input\":{\"@type\":\"PropertyValueSpecification\",\"valueRequired\":true,\"valueName\":\"search_term_string\"}}],\"inLanguage\":\"en-US\"},{\"@type\":\"Person\",\"@id\":\"https:\\\/\\\/www.un.org\\\/pga\\\/77\\\/#\\\/schema\\\/person\\\/5023a3e992d3ff96de578367d1f34eaa\",\"name\":\"Steven Viju Philip\",\"image\":{\"@type\":\"ImageObject\",\"inLanguage\":\"en-US\",\"@id\":\"https:\\\/\\\/secure.gravatar.com\\\/avatar\\\/b7eeae8bb41e490d2a19a2c055de1ab0ba39eabe8944aeed22a41f41b9d8e1a1?s=96&d=mm&r=g\",\"url\":\"https:\\\/\\\/secure.gravatar.com\\\/avatar\\\/b7eeae8bb41e490d2a19a2c055de1ab0ba39eabe8944aeed22a41f41b9d8e1a1?s=96&d=mm&r=g\",\"contentUrl\":\"https:\\\/\\\/secure.gravatar.com\\\/avatar\\\/b7eeae8bb41e490d2a19a2c055de1ab0ba39eabe8944aeed22a41f41b9d8e1a1?s=96&d=mm&r=g\",\"caption\":\"Steven Viju Philip\"},\"url\":\"https:\\\/\\\/www.un.org\\\/pga\\\/77\\\/author\\\/steven-philipun-org\\\/\"}]}<\/script>\n<!-- \/ Yoast SEO plugin. -->","yoast_head_json":{"title":"PGA remarks to the opening plenary of the 2023 Ä¢¹½ÊÓÆµ Water Conference - General Assembly of the United Nations","robots":{"index":"index","follow":"follow","max-snippet":"max-snippet:-1","max-image-preview":"max-image-preview:large","max-video-preview":"max-video-preview:-1"},"canonical":"https:\/\/www.un.org\/pga\/77\/2023\/03\/22\/pga-remarks-to-the-opening-plenary-of-the-2023-un-water-conference\/","og_locale":"en_US","og_type":"article","og_title":"PGA remarks to the opening plenary of the 2023 Ä¢¹½ÊÓÆµ Water Conference - General Assembly of the United Nations","og_description":"Csaba\u00a0K\u0151r\u00f6si, President of the 77th session of the General Assembly ---- Opening plenary of the 2023 Ä¢¹½ÊÓÆµ Water Conference 22 March 2023 [As delivered multilingual version] Your Majesty, King Willem-Alexander, [&hellip;]","og_url":"https:\/\/www.un.org\/pga\/77\/2023\/03\/22\/pga-remarks-to-the-opening-plenary-of-the-2023-un-water-conference\/","og_site_name":"General Assembly of the United Nations","article_published_time":"2023-03-22T14:33:08+00:00","article_modified_time":"2023-03-22T14:34:09+00:00","author":"Steven Viju Philip","twitter_card":"summary_large_image","twitter_misc":{"Written by":"Steven Viju Philip","Est. reading time":"5 minutes"},"schema":{"@context":"https:\/\/schema.org","@graph":[{"@type":"Article","@id":"https:\/\/www.un.org\/pga\/77\/2023\/03\/22\/pga-remarks-to-the-opening-plenary-of-the-2023-un-water-conference\/#article","isPartOf":{"@id":"https:\/\/www.un.org\/pga\/77\/2023\/03\/22\/pga-remarks-to-the-opening-plenary-of-the-2023-un-water-conference\/"},"author":{"name":"Steven Viju Philip","@id":"https:\/\/www.un.org\/pga\/77\/#\/schema\/person\/5023a3e992d3ff96de578367d1f34eaa"},"headline":"PGA remarks to the opening plenary of the 2023 Ä¢¹½ÊÓÆµ Water Conference","datePublished":"2023-03-22T14:33:08+00:00","dateModified":"2023-03-22T14:34:09+00:00","mainEntityOfPage":{"@id":"https:\/\/www.un.org\/pga\/77\/2023\/03\/22\/pga-remarks-to-the-opening-plenary-of-the-2023-un-water-conference\/"},"wordCount":1188,"keywords":["CEO Roundtable discussion on A Gender Equal Future of Work in the Digital Age","Commission on the Status of Women","csw"],"articleSection":["Statements"],"inLanguage":"en-US"},{"@type":"WebPage","@id":"https:\/\/www.un.org\/pga\/77\/2023\/03\/22\/pga-remarks-to-the-opening-plenary-of-the-2023-un-water-conference\/","url":"https:\/\/www.un.org\/pga\/77\/2023\/03\/22\/pga-remarks-to-the-opening-plenary-of-the-2023-un-water-conference\/","name":"PGA remarks to the opening plenary of the 2023 Ä¢¹½ÊÓÆµ Water Conference - General Assembly of the United Nations","isPartOf":{"@id":"https:\/\/www.un.org\/pga\/77\/#website"},"datePublished":"2023-03-22T14:33:08+00:00","dateModified":"2023-03-22T14:34:09+00:00","author":{"@id":"https:\/\/www.un.org\/pga\/77\/#\/schema\/person\/5023a3e992d3ff96de578367d1f34eaa"},"breadcrumb":{"@id":"https:\/\/www.un.org\/pga\/77\/2023\/03\/22\/pga-remarks-to-the-opening-plenary-of-the-2023-un-water-conference\/#breadcrumb"},"inLanguage":"en-US","potentialAction":[{"@type":"ReadAction","target":["https:\/\/www.un.org\/pga\/77\/2023\/03\/22\/pga-remarks-to-the-opening-plenary-of-the-2023-un-water-conference\/"]}]},{"@type":"BreadcrumbList","@id":"https:\/\/www.un.org\/pga\/77\/2023\/03\/22\/pga-remarks-to-the-opening-plenary-of-the-2023-un-water-conference\/#breadcrumb","itemListElement":[{"@type":"ListItem","position":1,"name":"Home","item":"https:\/\/www.un.org\/pga\/77\/"},{"@type":"ListItem","position":2,"name":"PGA remarks to the opening plenary of the 2023 Ä¢¹½ÊÓÆµ Water Conference"}]},{"@type":"WebSite","@id":"https:\/\/www.un.org\/pga\/77\/#website","url":"https:\/\/www.un.org\/pga\/77\/","name":"General Assembly of the United Nations","description":"President of the 77th session","potentialAction":[{"@type":"SearchAction","target":{"@type":"EntryPoint","urlTemplate":"https:\/\/www.un.org\/pga\/77\/?s={search_term_string}"},"query-input":{"@type":"PropertyValueSpecification","valueRequired":true,"valueName":"search_term_string"}}],"inLanguage":"en-US"},{"@type":"Person","@id":"https:\/\/www.un.org\/pga\/77\/#\/schema\/person\/5023a3e992d3ff96de578367d1f34eaa","name":"Steven Viju Philip","image":{"@type":"ImageObject","inLanguage":"en-US","@id":"https:\/\/secure.gravatar.com\/avatar\/b7eeae8bb41e490d2a19a2c055de1ab0ba39eabe8944aeed22a41f41b9d8e1a1?s=96&d=mm&r=g","url":"https:\/\/secure.gravatar.com\/avatar\/b7eeae8bb41e490d2a19a2c055de1ab0ba39eabe8944aeed22a41f41b9d8e1a1?s=96&d=mm&r=g","contentUrl":"https:\/\/secure.gravatar.com\/avatar\/b7eeae8bb41e490d2a19a2c055de1ab0ba39eabe8944aeed22a41f41b9d8e1a1?s=96&d=mm&r=g","caption":"Steven Viju Philip"},"url":"https:\/\/www.un.org\/pga\/77\/author\/steven-philipun-org\/"}]}},"_links":{"self":[{"href":"https:\/\/www.un.org\/pga\/77\/wp-json\/wp\/v2\/posts\/251657","targetHints":{"allow":["GET"]}}],"collection":[{"href":"https:\/\/www.un.org\/pga\/77\/wp-json\/wp\/v2\/posts"}],"about":[{"href":"https:\/\/www.un.org\/pga\/77\/wp-json\/wp\/v2\/types\/post"}],"author":[{"embeddable":true,"href":"https:\/\/www.un.org\/pga\/77\/wp-json\/wp\/v2\/users\/361"}],"replies":[{"embeddable":true,"href":"https:\/\/www.un.org\/pga\/77\/wp-json\/wp\/v2\/comments?post=251657"}],"version-history":[{"count":0,"href":"https:\/\/www.un.org\/pga\/77\/wp-json\/wp\/v2\/posts\/251657\/revisions"}],"wp:attachment":[{"href":"https:\/\/www.un.org\/pga\/77\/wp-json\/wp\/v2\/media?parent=251657"}],"wp:term":[{"taxonomy":"category","embeddable":true,"href":"https:\/\/www.un.org\/pga\/77\/wp-json\/wp\/v2\/categories?post=251657"},{"taxonomy":"post_tag","embeddable":true,"href":"https:\/\/www.un.org\/pga\/77\/wp-json\/wp\/v2\/tags?post=251657"}],"curies":[{"name":"wp","href":"https:\/\/api.w.org\/{rel}","templated":true}]}}