  {"id":253385,"date":"2023-05-19T10:41:55","date_gmt":"2023-05-19T14:41:55","guid":{"rendered":"https:\/\/www.un.org\/pga\/77\/?p=253385"},"modified":"2023-05-19T11:35:26","modified_gmt":"2023-05-19T15:35:26","slug":"president-of-the-general-assembly-to-make-official-visit-to-austria","status":"publish","type":"post","link":"https:\/\/www.un.org\/pga\/77\/2023\/05\/19\/president-of-the-general-assembly-to-make-official-visit-to-austria\/","title":{"rendered":"President of the General Assembly to make official visit to Austria"},"content":{"rendered":"<p class=\"xxmsonormal\" style=\"text-align: justify\"><b><span style=\"font-size: 12.0pt;font-family: 'Times New Roman',serif\">New York, 19 May 2023<\/span><\/b><span style=\"font-size: 12.0pt;font-family: 'Times New Roman',serif\"> <b>\u2013 <\/b>The President of the United Nations General Assembly, <span style=\"color: black\">Csaba <\/span>K\u0151r\u00f6si, will undertake an official visit to Vienna, Austria from 21-23 May, to highlight the importance of rule of law, nuclear disarmament and non-proliferation, and sustainability issues.<\/span><\/p>\n<p class=\"xxmsonormal\" style=\"text-align: justify\"><span style=\"font-size: 12.0pt;font-family: 'Times New Roman',serif\">The President\u2019s visit coincides with the 32<sup>nd<\/sup> Session of the Commission on Crime Prevention and Criminal Justice (CCPCJ) \u2013 the Ä¢¹½ÊÓÆµ\u2019s principal policymaking body in the fields of crime prevention and criminal justice. The President of the General Assembly will participate in the opening on the first day, 22 May. <\/span><\/p>\n<p class=\"xxmsonormal\" style=\"text-align: justify\"><span style=\"font-size: 12.0pt;font-family: 'Times New Roman',serif\">\u00a0<\/span><span style=\"font-size: 12.0pt;font-family: 'Times New Roman',serif\">That same day, President K\u0151r\u00f6si will take part in a \u201cSpecial Event on Achieving SDG16, Peace, Justice and Strong Institutions\u201d, convened by H.E. Ms. Mary Mugwanja, Chair of the 32nd Session of the CCPCJ and Permanent Representative of the Republic of Kenya to the United Nations Office at Vienna (Ä¢¹½ÊÓÆµOV).<\/span><\/p>\n<p class=\"xxmsonormal\" style=\"text-align: justify\"><span style=\"font-size: 12.0pt;font-family: 'Times New Roman',serif\">The President will also visit the International Atomic Energy Agency (IAEA) Laboratories in Seibersdorf, and receive a briefing by the IAEA Deputy Director-General on nuclear safety and security issues, as well as the IAEA\u2019s work on sustainability. <\/span><\/p>\n<p class=\"xxmsonormal\" style=\"text-align: justify\"><span style=\"font-size: 12.0pt;font-family: 'Times New Roman',serif\">On 23 May, President K\u0151r\u00f6si is expected to attend a joint session with the program directors at the International Institute for Applied Systems Analysis (IIASA), and to meet with IIASA Director-General Albert Van Jaasveld. These engagements will cover climate, energy and water issues, with particular emphasis on implementing the outcomes of the 2023 Ä¢¹½ÊÓÆµ Water Conference, including a Global Water Information System.<\/span><\/p>\n<p class=\"xxmsonormal\" style=\"text-align: justify\"><span style=\"font-size: 12.0pt;font-family: 'Times New Roman',serif\">President K\u0151r\u00f6si will have discussions with Alexander Schallenberg, Minister of Foreign Affairs of Austria. Topics to be raised will include global and regional security issues, including Ä¢¹½ÊÓÆµ Security Council reform, and the role of the General Assembly in uniting the international community to promote the rule of law. <\/span><\/p>\n<p class=\"xxmsonormal\" style=\"text-align: justify\"><span style=\"font-size: 12.0pt;font-family: 'Times New Roman',serif\">Among other senior officials with whom President K\u0151r\u00f6si will meet on the visit are Dr. Robert Floyd, Executive Secretary of the Comprehensive Nuclear-Test-Ban Treaty Organization (CTBTO); Ms. Ghada Waly, Ä¢¹½ÊÓÆµOV Director-General and Executive Director of the United Nations Office on Drugs and Crime; and H.E. Mr. Miguel Camilo Ruiz Blanco, Permanent Representative of Colombia and Chair of the 66th Session of the Commission on Narcotic Drugs.<\/span><\/p>\n<p class=\"xxmsonormal\" style=\"text-align: justify\"><span style=\"font-size: 12.0pt;font-family: 'Times New Roman',serif\">The President will travel with three personnel from his Office including the Chef de Cabinet, Mr. L\u00e1szl\u00f3 Sz\u0151ke. The trip is paid for by the OPGA Trust Fund. All efforts are made to keep the President\u2019s trips as cost-, time- and environmentally-efficient as possible.<\/span><\/p>\n<p class=\"xxmsonormal\" style=\"text-align: justify\"><span style=\"font-size: 12.0pt;font-family: 'Times New Roman',serif\">\u00a0<\/span><\/p>\n","protected":false},"excerpt":{"rendered":"<p>New York, 19 May 2023 \u2013 The President of the United Nations General Assembly, Csaba K\u0151r\u00f6si, will undertake an official visit to Vienna, Austria from 21-23 May, to highlight the [&hellip;]<\/p>\n","protected":false},"author":360,"featured_media":0,"comment_status":"closed","ping_status":"closed","sticky":false,"template":"","format":"standard","meta":{"_et_pb_use_builder":"","_et_pb_old_content":"","_et_gb_content_width":"","footnotes":""},"categories":[99,108],"tags":[],"class_list":["post-253385","post","type-post","status-publish","format-standard","hentry","category-pressreleases","category-spokespersons-briefings","et-doesnt-have-format-content","et_post_format-et-post-format-standard"],"yoast_head":"<!-- This site is optimized with the Yoast SEO plugin v28.3 - https:\/\/yoast.com\/product\/yoast-seo-wordpress\/ -->\n<title>President of the General Assembly to make official visit to Austria - General Assembly of the United Nations<\/title>\n<meta name=\"robots\" content=\"index, follow, max-snippet:-1, max-image-preview:large, max-video-preview:-1\" \/>\n<link rel=\"canonical\" href=\"https:\/\/www.un.org\/pga\/77\/2023\/05\/19\/president-of-the-general-assembly-to-make-official-visit-to-austria\/\" \/>\n<meta property=\"og:locale\" content=\"en_US\" \/>\n<meta property=\"og:type\" content=\"article\" \/>\n<meta property=\"og:title\" content=\"President of the General Assembly to make official visit to Austria - General Assembly of the United Nations\" \/>\n<meta property=\"og:description\" content=\"New York, 19 May 2023 \u2013 The President of the United Nations General Assembly, Csaba K\u0151r\u00f6si, will undertake an official visit to Vienna, Austria from 21-23 May, to highlight the [&hellip;]\" \/>\n<meta property=\"og:url\" content=\"https:\/\/www.un.org\/pga\/77\/2023\/05\/19\/president-of-the-general-assembly-to-make-official-visit-to-austria\/\" \/>\n<meta property=\"og:site_name\" content=\"General Assembly of the United Nations\" \/>\n<meta property=\"article:published_time\" content=\"2023-05-19T14:41:55+00:00\" \/>\n<meta property=\"article:modified_time\" content=\"2023-05-19T15:35:26+00:00\" \/>\n<meta name=\"author\" content=\"Paulina Greer\" \/>\n<meta name=\"twitter:card\" content=\"summary_large_image\" \/>\n<meta name=\"twitter:label1\" content=\"Written by\" \/>\n\t<meta name=\"twitter:data1\" content=\"Paulina Greer\" \/>\n\t<meta name=\"twitter:label2\" content=\"Est. reading time\" \/>\n\t<meta name=\"twitter:data2\" content=\"2 minutes\" \/>\n<script type=\"application\/ld+json\" class=\"yoast-schema-graph\">{\"@context\":\"https:\\\/\\\/schema.org\",\"@graph\":[{\"@type\":\"Article\",\"@id\":\"https:\\\/\\\/www.un.org\\\/pga\\\/77\\\/2023\\\/05\\\/19\\\/president-of-the-general-assembly-to-make-official-visit-to-austria\\\/#article\",\"isPartOf\":{\"@id\":\"https:\\\/\\\/www.un.org\\\/pga\\\/77\\\/2023\\\/05\\\/19\\\/president-of-the-general-assembly-to-make-official-visit-to-austria\\\/\"},\"author\":{\"name\":\"Paulina Greer\",\"@id\":\"https:\\\/\\\/www.un.org\\\/pga\\\/77\\\/#\\\/schema\\\/person\\\/25c5989ea34cbca9b6abfb3f464b38b1\"},\"headline\":\"President of the General Assembly to make official visit to Austria\",\"datePublished\":\"2023-05-19T14:41:55+00:00\",\"dateModified\":\"2023-05-19T15:35:26+00:00\",\"mainEntityOfPage\":{\"@id\":\"https:\\\/\\\/www.un.org\\\/pga\\\/77\\\/2023\\\/05\\\/19\\\/president-of-the-general-assembly-to-make-official-visit-to-austria\\\/\"},\"wordCount\":421,\"articleSection\":[\"Press Releases\",\"Spokesperson's Briefings\"],\"inLanguage\":\"en-US\"},{\"@type\":\"WebPage\",\"@id\":\"https:\\\/\\\/www.un.org\\\/pga\\\/77\\\/2023\\\/05\\\/19\\\/president-of-the-general-assembly-to-make-official-visit-to-austria\\\/\",\"url\":\"https:\\\/\\\/www.un.org\\\/pga\\\/77\\\/2023\\\/05\\\/19\\\/president-of-the-general-assembly-to-make-official-visit-to-austria\\\/\",\"name\":\"President of the General Assembly to make official visit to Austria - General Assembly of the United Nations\",\"isPartOf\":{\"@id\":\"https:\\\/\\\/www.un.org\\\/pga\\\/77\\\/#website\"},\"datePublished\":\"2023-05-19T14:41:55+00:00\",\"dateModified\":\"2023-05-19T15:35:26+00:00\",\"author\":{\"@id\":\"https:\\\/\\\/www.un.org\\\/pga\\\/77\\\/#\\\/schema\\\/person\\\/25c5989ea34cbca9b6abfb3f464b38b1\"},\"breadcrumb\":{\"@id\":\"https:\\\/\\\/www.un.org\\\/pga\\\/77\\\/2023\\\/05\\\/19\\\/president-of-the-general-assembly-to-make-official-visit-to-austria\\\/#breadcrumb\"},\"inLanguage\":\"en-US\",\"potentialAction\":[{\"@type\":\"ReadAction\",\"target\":[\"https:\\\/\\\/www.un.org\\\/pga\\\/77\\\/2023\\\/05\\\/19\\\/president-of-the-general-assembly-to-make-official-visit-to-austria\\\/\"]}]},{\"@type\":\"BreadcrumbList\",\"@id\":\"https:\\\/\\\/www.un.org\\\/pga\\\/77\\\/2023\\\/05\\\/19\\\/president-of-the-general-assembly-to-make-official-visit-to-austria\\\/#breadcrumb\",\"itemListElement\":[{\"@type\":\"ListItem\",\"position\":1,\"name\":\"Home\",\"item\":\"https:\\\/\\\/www.un.org\\\/pga\\\/77\\\/\"},{\"@type\":\"ListItem\",\"position\":2,\"name\":\"President of the General Assembly to make official visit to Austria\"}]},{\"@type\":\"WebSite\",\"@id\":\"https:\\\/\\\/www.un.org\\\/pga\\\/77\\\/#website\",\"url\":\"https:\\\/\\\/www.un.org\\\/pga\\\/77\\\/\",\"name\":\"General Assembly of the United Nations\",\"description\":\"President of the 77th session\",\"potentialAction\":[{\"@type\":\"SearchAction\",\"target\":{\"@type\":\"EntryPoint\",\"urlTemplate\":\"https:\\\/\\\/www.un.org\\\/pga\\\/77\\\/?s={search_term_string}\"},\"query-input\":{\"@type\":\"PropertyValueSpecification\",\"valueRequired\":true,\"valueName\":\"search_term_string\"}}],\"inLanguage\":\"en-US\"},{\"@type\":\"Person\",\"@id\":\"https:\\\/\\\/www.un.org\\\/pga\\\/77\\\/#\\\/schema\\\/person\\\/25c5989ea34cbca9b6abfb3f464b38b1\",\"name\":\"Paulina Greer\",\"image\":{\"@type\":\"ImageObject\",\"inLanguage\":\"en-US\",\"@id\":\"https:\\\/\\\/secure.gravatar.com\\\/avatar\\\/aab26e77bdba8cf226e2792403a458cd44106ad1f229dba0018b0634ef1a6531?s=96&d=mm&r=g\",\"url\":\"https:\\\/\\\/secure.gravatar.com\\\/avatar\\\/aab26e77bdba8cf226e2792403a458cd44106ad1f229dba0018b0634ef1a6531?s=96&d=mm&r=g\",\"contentUrl\":\"https:\\\/\\\/secure.gravatar.com\\\/avatar\\\/aab26e77bdba8cf226e2792403a458cd44106ad1f229dba0018b0634ef1a6531?s=96&d=mm&r=g\",\"caption\":\"Paulina Greer\"},\"url\":\"https:\\\/\\\/www.un.org\\\/pga\\\/77\\\/author\\\/kubiakpun-org\\\/\"}]}<\/script>\n<!-- \/ Yoast SEO plugin. -->","yoast_head_json":{"title":"President of the General Assembly to make official visit to Austria - General Assembly of the United Nations","robots":{"index":"index","follow":"follow","max-snippet":"max-snippet:-1","max-image-preview":"max-image-preview:large","max-video-preview":"max-video-preview:-1"},"canonical":"https:\/\/www.un.org\/pga\/77\/2023\/05\/19\/president-of-the-general-assembly-to-make-official-visit-to-austria\/","og_locale":"en_US","og_type":"article","og_title":"President of the General Assembly to make official visit to Austria - General Assembly of the United Nations","og_description":"New York, 19 May 2023 \u2013 The President of the United Nations General Assembly, Csaba K\u0151r\u00f6si, will undertake an official visit to Vienna, Austria from 21-23 May, to highlight the [&hellip;]","og_url":"https:\/\/www.un.org\/pga\/77\/2023\/05\/19\/president-of-the-general-assembly-to-make-official-visit-to-austria\/","og_site_name":"General Assembly of the United Nations","article_published_time":"2023-05-19T14:41:55+00:00","article_modified_time":"2023-05-19T15:35:26+00:00","author":"Paulina Greer","twitter_card":"summary_large_image","twitter_misc":{"Written by":"Paulina Greer","Est. reading time":"2 minutes"},"schema":{"@context":"https:\/\/schema.org","@graph":[{"@type":"Article","@id":"https:\/\/www.un.org\/pga\/77\/2023\/05\/19\/president-of-the-general-assembly-to-make-official-visit-to-austria\/#article","isPartOf":{"@id":"https:\/\/www.un.org\/pga\/77\/2023\/05\/19\/president-of-the-general-assembly-to-make-official-visit-to-austria\/"},"author":{"name":"Paulina Greer","@id":"https:\/\/www.un.org\/pga\/77\/#\/schema\/person\/25c5989ea34cbca9b6abfb3f464b38b1"},"headline":"President of the General Assembly to make official visit to Austria","datePublished":"2023-05-19T14:41:55+00:00","dateModified":"2023-05-19T15:35:26+00:00","mainEntityOfPage":{"@id":"https:\/\/www.un.org\/pga\/77\/2023\/05\/19\/president-of-the-general-assembly-to-make-official-visit-to-austria\/"},"wordCount":421,"articleSection":["Press Releases","Spokesperson's Briefings"],"inLanguage":"en-US"},{"@type":"WebPage","@id":"https:\/\/www.un.org\/pga\/77\/2023\/05\/19\/president-of-the-general-assembly-to-make-official-visit-to-austria\/","url":"https:\/\/www.un.org\/pga\/77\/2023\/05\/19\/president-of-the-general-assembly-to-make-official-visit-to-austria\/","name":"President of the General Assembly to make official visit to Austria - General Assembly of the United Nations","isPartOf":{"@id":"https:\/\/www.un.org\/pga\/77\/#website"},"datePublished":"2023-05-19T14:41:55+00:00","dateModified":"2023-05-19T15:35:26+00:00","author":{"@id":"https:\/\/www.un.org\/pga\/77\/#\/schema\/person\/25c5989ea34cbca9b6abfb3f464b38b1"},"breadcrumb":{"@id":"https:\/\/www.un.org\/pga\/77\/2023\/05\/19\/president-of-the-general-assembly-to-make-official-visit-to-austria\/#breadcrumb"},"inLanguage":"en-US","potentialAction":[{"@type":"ReadAction","target":["https:\/\/www.un.org\/pga\/77\/2023\/05\/19\/president-of-the-general-assembly-to-make-official-visit-to-austria\/"]}]},{"@type":"BreadcrumbList","@id":"https:\/\/www.un.org\/pga\/77\/2023\/05\/19\/president-of-the-general-assembly-to-make-official-visit-to-austria\/#breadcrumb","itemListElement":[{"@type":"ListItem","position":1,"name":"Home","item":"https:\/\/www.un.org\/pga\/77\/"},{"@type":"ListItem","position":2,"name":"President of the General Assembly to make official visit to Austria"}]},{"@type":"WebSite","@id":"https:\/\/www.un.org\/pga\/77\/#website","url":"https:\/\/www.un.org\/pga\/77\/","name":"General Assembly of the United Nations","description":"President of the 77th session","potentialAction":[{"@type":"SearchAction","target":{"@type":"EntryPoint","urlTemplate":"https:\/\/www.un.org\/pga\/77\/?s={search_term_string}"},"query-input":{"@type":"PropertyValueSpecification","valueRequired":true,"valueName":"search_term_string"}}],"inLanguage":"en-US"},{"@type":"Person","@id":"https:\/\/www.un.org\/pga\/77\/#\/schema\/person\/25c5989ea34cbca9b6abfb3f464b38b1","name":"Paulina Greer","image":{"@type":"ImageObject","inLanguage":"en-US","@id":"https:\/\/secure.gravatar.com\/avatar\/aab26e77bdba8cf226e2792403a458cd44106ad1f229dba0018b0634ef1a6531?s=96&d=mm&r=g","url":"https:\/\/secure.gravatar.com\/avatar\/aab26e77bdba8cf226e2792403a458cd44106ad1f229dba0018b0634ef1a6531?s=96&d=mm&r=g","contentUrl":"https:\/\/secure.gravatar.com\/avatar\/aab26e77bdba8cf226e2792403a458cd44106ad1f229dba0018b0634ef1a6531?s=96&d=mm&r=g","caption":"Paulina Greer"},"url":"https:\/\/www.un.org\/pga\/77\/author\/kubiakpun-org\/"}]}},"_links":{"self":[{"href":"https:\/\/www.un.org\/pga\/77\/wp-json\/wp\/v2\/posts\/253385","targetHints":{"allow":["GET"]}}],"collection":[{"href":"https:\/\/www.un.org\/pga\/77\/wp-json\/wp\/v2\/posts"}],"about":[{"href":"https:\/\/www.un.org\/pga\/77\/wp-json\/wp\/v2\/types\/post"}],"author":[{"embeddable":true,"href":"https:\/\/www.un.org\/pga\/77\/wp-json\/wp\/v2\/users\/360"}],"replies":[{"embeddable":true,"href":"https:\/\/www.un.org\/pga\/77\/wp-json\/wp\/v2\/comments?post=253385"}],"version-history":[{"count":0,"href":"https:\/\/www.un.org\/pga\/77\/wp-json\/wp\/v2\/posts\/253385\/revisions"}],"wp:attachment":[{"href":"https:\/\/www.un.org\/pga\/77\/wp-json\/wp\/v2\/media?parent=253385"}],"wp:term":[{"taxonomy":"category","embeddable":true,"href":"https:\/\/www.un.org\/pga\/77\/wp-json\/wp\/v2\/categories?post=253385"},{"taxonomy":"post_tag","embeddable":true,"href":"https:\/\/www.un.org\/pga\/77\/wp-json\/wp\/v2\/tags?post=253385"}],"curies":[{"name":"wp","href":"https:\/\/api.w.org\/{rel}","templated":true}]}}