  {"id":255527,"date":"2023-08-09T13:43:51","date_gmt":"2023-08-09T17:43:51","guid":{"rendered":"https:\/\/www.un.org\/pga\/77\/?p=255527"},"modified":"2023-08-09T13:44:07","modified_gmt":"2023-08-09T17:44:07","slug":"president-of-general-assembly-to-make-official-visit-to-sweden-for-world-water-week","status":"publish","type":"post","link":"https:\/\/www.un.org\/pga\/77\/2023\/08\/09\/president-of-general-assembly-to-make-official-visit-to-sweden-for-world-water-week\/","title":{"rendered":"President of General Assembly to make official visit to Sweden for World Water Week"},"content":{"rendered":"<p><strong>9 August 2023 &#8211;<\/strong> The President of the United Nations General Assembly, Csaba K\u0151r\u00f6si, will make an official visit to Sweden from 20 to 24 August 2023. While in Stockholm, he will attend the World Water Week, organised by the Stockholm International Water Institute, and have high-level discussions on water, climate, and the sustainability transformation, with representatives of the Government and the State, as well as with scientific, research and academic centres.<\/p>\n<p>While in Sweden, President K\u0151r\u00f6si will meet with Mr. Tobias Billstr\u00f6m, Swedish Minister of Foreign Affairs. The President is scheduled to participate in a series of conversations at the Opening Ceremony of the World Water Week, on 21 August, where he will be in conversation with the Foreign Affairs Minister.<\/p>\n<p>The President is expected to highlight the responsibility of global action and inaction, as related to the water crisis, and call for a stronger scientific approach to decision-making. The President\u2019s simple message will be that \u2013 yes, we are in a water crisis, but we see the solutions and they are possible.<\/p>\n<p>The 22 August, President K\u0151r\u00f6si will deliver the keynote address at the High-Level Panel to Follow-up on the Ä¢¹½ÊÓÆµ Water Conference, which took place in March 2023 in New York. He is expected to focus on the outcomes of the Conference, on how to channel these into the upcoming SDG Summit, and on how to harness these to accelerate the sustainability transformation.<\/p>\n<p>He will also meet the 2023 Laureate of the Water Prize, Dr. Andrea Rinaldo, and attend the Stockholm Water Prize Ceremony.<\/p>\n<p>Given his Presidency\u2019s strong emphasis on data and analysis, the President will also visit the Stockholm International Peace Research Institute and meet with Mr. Stefan Lofven, Chair of the Governing Board of SIPRI. The Officials are likely to discuss key takeaways from the Stockholm Water Week, as well as issues pertinent to the work of the General Assembly \u2013 namely, disarmament, climate, and security.<\/p>\n<p>The President will return to New York on Thursday 24 August. He will travel with a Sustainable Development Adviser and a Communications Adviser. The travel costs are covered by the OPGA Trust Fund.<\/p>\n","protected":false},"excerpt":{"rendered":"<p>9 August 2023 &#8211; The President of the United Nations General Assembly, Csaba K\u0151r\u00f6si, will make an official visit to Sweden from 20 to 24 August 2023. While in Stockholm, [&hellip;]<\/p>\n","protected":false},"author":360,"featured_media":0,"comment_status":"closed","ping_status":"closed","sticky":false,"template":"","format":"standard","meta":{"_et_pb_use_builder":"","_et_pb_old_content":"","_et_gb_content_width":"","footnotes":""},"categories":[99],"tags":[],"class_list":["post-255527","post","type-post","status-publish","format-standard","hentry","category-pressreleases","et-doesnt-have-format-content","et_post_format-et-post-format-standard"],"yoast_head":"<!-- This site is optimized with the Yoast SEO plugin v28.3 - https:\/\/yoast.com\/product\/yoast-seo-wordpress\/ -->\n<title>President of General Assembly to make official visit to Sweden for World Water Week - General Assembly of the United Nations<\/title>\n<meta name=\"robots\" content=\"index, follow, max-snippet:-1, max-image-preview:large, max-video-preview:-1\" \/>\n<link rel=\"canonical\" href=\"https:\/\/www.un.org\/pga\/77\/2023\/08\/09\/president-of-general-assembly-to-make-official-visit-to-sweden-for-world-water-week\/\" \/>\n<meta property=\"og:locale\" content=\"en_US\" \/>\n<meta property=\"og:type\" content=\"article\" \/>\n<meta property=\"og:title\" content=\"President of General Assembly to make official visit to Sweden for World Water Week - General Assembly of the United Nations\" \/>\n<meta property=\"og:description\" content=\"9 August 2023 &#8211; The President of the United Nations General Assembly, Csaba K\u0151r\u00f6si, will make an official visit to Sweden from 20 to 24 August 2023. While in Stockholm, [&hellip;]\" \/>\n<meta property=\"og:url\" content=\"https:\/\/www.un.org\/pga\/77\/2023\/08\/09\/president-of-general-assembly-to-make-official-visit-to-sweden-for-world-water-week\/\" \/>\n<meta property=\"og:site_name\" content=\"General Assembly of the United Nations\" \/>\n<meta property=\"article:published_time\" content=\"2023-08-09T17:43:51+00:00\" \/>\n<meta property=\"article:modified_time\" content=\"2023-08-09T17:44:07+00:00\" \/>\n<meta name=\"author\" content=\"Paulina Greer\" \/>\n<meta name=\"twitter:card\" content=\"summary_large_image\" \/>\n<meta name=\"twitter:label1\" content=\"Written by\" \/>\n\t<meta name=\"twitter:data1\" content=\"Paulina Greer\" \/>\n\t<meta name=\"twitter:label2\" content=\"Est. reading time\" \/>\n\t<meta name=\"twitter:data2\" content=\"2 minutes\" \/>\n<script type=\"application\/ld+json\" class=\"yoast-schema-graph\">{\"@context\":\"https:\\\/\\\/schema.org\",\"@graph\":[{\"@type\":\"Article\",\"@id\":\"https:\\\/\\\/www.un.org\\\/pga\\\/77\\\/2023\\\/08\\\/09\\\/president-of-general-assembly-to-make-official-visit-to-sweden-for-world-water-week\\\/#article\",\"isPartOf\":{\"@id\":\"https:\\\/\\\/www.un.org\\\/pga\\\/77\\\/2023\\\/08\\\/09\\\/president-of-general-assembly-to-make-official-visit-to-sweden-for-world-water-week\\\/\"},\"author\":{\"name\":\"Paulina Greer\",\"@id\":\"https:\\\/\\\/www.un.org\\\/pga\\\/77\\\/#\\\/schema\\\/person\\\/25c5989ea34cbca9b6abfb3f464b38b1\"},\"headline\":\"President of General Assembly to make official visit to Sweden for World Water Week\",\"datePublished\":\"2023-08-09T17:43:51+00:00\",\"dateModified\":\"2023-08-09T17:44:07+00:00\",\"mainEntityOfPage\":{\"@id\":\"https:\\\/\\\/www.un.org\\\/pga\\\/77\\\/2023\\\/08\\\/09\\\/president-of-general-assembly-to-make-official-visit-to-sweden-for-world-water-week\\\/\"},\"wordCount\":365,\"articleSection\":[\"Press Releases\"],\"inLanguage\":\"en-US\"},{\"@type\":\"WebPage\",\"@id\":\"https:\\\/\\\/www.un.org\\\/pga\\\/77\\\/2023\\\/08\\\/09\\\/president-of-general-assembly-to-make-official-visit-to-sweden-for-world-water-week\\\/\",\"url\":\"https:\\\/\\\/www.un.org\\\/pga\\\/77\\\/2023\\\/08\\\/09\\\/president-of-general-assembly-to-make-official-visit-to-sweden-for-world-water-week\\\/\",\"name\":\"President of General Assembly to make official visit to Sweden for World Water Week - General Assembly of the United Nations\",\"isPartOf\":{\"@id\":\"https:\\\/\\\/www.un.org\\\/pga\\\/77\\\/#website\"},\"datePublished\":\"2023-08-09T17:43:51+00:00\",\"dateModified\":\"2023-08-09T17:44:07+00:00\",\"author\":{\"@id\":\"https:\\\/\\\/www.un.org\\\/pga\\\/77\\\/#\\\/schema\\\/person\\\/25c5989ea34cbca9b6abfb3f464b38b1\"},\"breadcrumb\":{\"@id\":\"https:\\\/\\\/www.un.org\\\/pga\\\/77\\\/2023\\\/08\\\/09\\\/president-of-general-assembly-to-make-official-visit-to-sweden-for-world-water-week\\\/#breadcrumb\"},\"inLanguage\":\"en-US\",\"potentialAction\":[{\"@type\":\"ReadAction\",\"target\":[\"https:\\\/\\\/www.un.org\\\/pga\\\/77\\\/2023\\\/08\\\/09\\\/president-of-general-assembly-to-make-official-visit-to-sweden-for-world-water-week\\\/\"]}]},{\"@type\":\"BreadcrumbList\",\"@id\":\"https:\\\/\\\/www.un.org\\\/pga\\\/77\\\/2023\\\/08\\\/09\\\/president-of-general-assembly-to-make-official-visit-to-sweden-for-world-water-week\\\/#breadcrumb\",\"itemListElement\":[{\"@type\":\"ListItem\",\"position\":1,\"name\":\"Home\",\"item\":\"https:\\\/\\\/www.un.org\\\/pga\\\/77\\\/\"},{\"@type\":\"ListItem\",\"position\":2,\"name\":\"President of General Assembly to make official visit to Sweden for World Water Week\"}]},{\"@type\":\"WebSite\",\"@id\":\"https:\\\/\\\/www.un.org\\\/pga\\\/77\\\/#website\",\"url\":\"https:\\\/\\\/www.un.org\\\/pga\\\/77\\\/\",\"name\":\"General Assembly of the United Nations\",\"description\":\"President of the 77th session\",\"potentialAction\":[{\"@type\":\"SearchAction\",\"target\":{\"@type\":\"EntryPoint\",\"urlTemplate\":\"https:\\\/\\\/www.un.org\\\/pga\\\/77\\\/?s={search_term_string}\"},\"query-input\":{\"@type\":\"PropertyValueSpecification\",\"valueRequired\":true,\"valueName\":\"search_term_string\"}}],\"inLanguage\":\"en-US\"},{\"@type\":\"Person\",\"@id\":\"https:\\\/\\\/www.un.org\\\/pga\\\/77\\\/#\\\/schema\\\/person\\\/25c5989ea34cbca9b6abfb3f464b38b1\",\"name\":\"Paulina Greer\",\"image\":{\"@type\":\"ImageObject\",\"inLanguage\":\"en-US\",\"@id\":\"https:\\\/\\\/secure.gravatar.com\\\/avatar\\\/aab26e77bdba8cf226e2792403a458cd44106ad1f229dba0018b0634ef1a6531?s=96&d=mm&r=g\",\"url\":\"https:\\\/\\\/secure.gravatar.com\\\/avatar\\\/aab26e77bdba8cf226e2792403a458cd44106ad1f229dba0018b0634ef1a6531?s=96&d=mm&r=g\",\"contentUrl\":\"https:\\\/\\\/secure.gravatar.com\\\/avatar\\\/aab26e77bdba8cf226e2792403a458cd44106ad1f229dba0018b0634ef1a6531?s=96&d=mm&r=g\",\"caption\":\"Paulina Greer\"},\"url\":\"https:\\\/\\\/www.un.org\\\/pga\\\/77\\\/author\\\/kubiakpun-org\\\/\"}]}<\/script>\n<!-- \/ Yoast SEO plugin. -->","yoast_head_json":{"title":"President of General Assembly to make official visit to Sweden for World Water Week - General Assembly of the United Nations","robots":{"index":"index","follow":"follow","max-snippet":"max-snippet:-1","max-image-preview":"max-image-preview:large","max-video-preview":"max-video-preview:-1"},"canonical":"https:\/\/www.un.org\/pga\/77\/2023\/08\/09\/president-of-general-assembly-to-make-official-visit-to-sweden-for-world-water-week\/","og_locale":"en_US","og_type":"article","og_title":"President of General Assembly to make official visit to Sweden for World Water Week - General Assembly of the United Nations","og_description":"9 August 2023 &#8211; The President of the United Nations General Assembly, Csaba K\u0151r\u00f6si, will make an official visit to Sweden from 20 to 24 August 2023. While in Stockholm, [&hellip;]","og_url":"https:\/\/www.un.org\/pga\/77\/2023\/08\/09\/president-of-general-assembly-to-make-official-visit-to-sweden-for-world-water-week\/","og_site_name":"General Assembly of the United Nations","article_published_time":"2023-08-09T17:43:51+00:00","article_modified_time":"2023-08-09T17:44:07+00:00","author":"Paulina Greer","twitter_card":"summary_large_image","twitter_misc":{"Written by":"Paulina Greer","Est. reading time":"2 minutes"},"schema":{"@context":"https:\/\/schema.org","@graph":[{"@type":"Article","@id":"https:\/\/www.un.org\/pga\/77\/2023\/08\/09\/president-of-general-assembly-to-make-official-visit-to-sweden-for-world-water-week\/#article","isPartOf":{"@id":"https:\/\/www.un.org\/pga\/77\/2023\/08\/09\/president-of-general-assembly-to-make-official-visit-to-sweden-for-world-water-week\/"},"author":{"name":"Paulina Greer","@id":"https:\/\/www.un.org\/pga\/77\/#\/schema\/person\/25c5989ea34cbca9b6abfb3f464b38b1"},"headline":"President of General Assembly to make official visit to Sweden for World Water Week","datePublished":"2023-08-09T17:43:51+00:00","dateModified":"2023-08-09T17:44:07+00:00","mainEntityOfPage":{"@id":"https:\/\/www.un.org\/pga\/77\/2023\/08\/09\/president-of-general-assembly-to-make-official-visit-to-sweden-for-world-water-week\/"},"wordCount":365,"articleSection":["Press Releases"],"inLanguage":"en-US"},{"@type":"WebPage","@id":"https:\/\/www.un.org\/pga\/77\/2023\/08\/09\/president-of-general-assembly-to-make-official-visit-to-sweden-for-world-water-week\/","url":"https:\/\/www.un.org\/pga\/77\/2023\/08\/09\/president-of-general-assembly-to-make-official-visit-to-sweden-for-world-water-week\/","name":"President of General Assembly to make official visit to Sweden for World Water Week - General Assembly of the United Nations","isPartOf":{"@id":"https:\/\/www.un.org\/pga\/77\/#website"},"datePublished":"2023-08-09T17:43:51+00:00","dateModified":"2023-08-09T17:44:07+00:00","author":{"@id":"https:\/\/www.un.org\/pga\/77\/#\/schema\/person\/25c5989ea34cbca9b6abfb3f464b38b1"},"breadcrumb":{"@id":"https:\/\/www.un.org\/pga\/77\/2023\/08\/09\/president-of-general-assembly-to-make-official-visit-to-sweden-for-world-water-week\/#breadcrumb"},"inLanguage":"en-US","potentialAction":[{"@type":"ReadAction","target":["https:\/\/www.un.org\/pga\/77\/2023\/08\/09\/president-of-general-assembly-to-make-official-visit-to-sweden-for-world-water-week\/"]}]},{"@type":"BreadcrumbList","@id":"https:\/\/www.un.org\/pga\/77\/2023\/08\/09\/president-of-general-assembly-to-make-official-visit-to-sweden-for-world-water-week\/#breadcrumb","itemListElement":[{"@type":"ListItem","position":1,"name":"Home","item":"https:\/\/www.un.org\/pga\/77\/"},{"@type":"ListItem","position":2,"name":"President of General Assembly to make official visit to Sweden for World Water Week"}]},{"@type":"WebSite","@id":"https:\/\/www.un.org\/pga\/77\/#website","url":"https:\/\/www.un.org\/pga\/77\/","name":"General Assembly of the United Nations","description":"President of the 77th session","potentialAction":[{"@type":"SearchAction","target":{"@type":"EntryPoint","urlTemplate":"https:\/\/www.un.org\/pga\/77\/?s={search_term_string}"},"query-input":{"@type":"PropertyValueSpecification","valueRequired":true,"valueName":"search_term_string"}}],"inLanguage":"en-US"},{"@type":"Person","@id":"https:\/\/www.un.org\/pga\/77\/#\/schema\/person\/25c5989ea34cbca9b6abfb3f464b38b1","name":"Paulina Greer","image":{"@type":"ImageObject","inLanguage":"en-US","@id":"https:\/\/secure.gravatar.com\/avatar\/aab26e77bdba8cf226e2792403a458cd44106ad1f229dba0018b0634ef1a6531?s=96&d=mm&r=g","url":"https:\/\/secure.gravatar.com\/avatar\/aab26e77bdba8cf226e2792403a458cd44106ad1f229dba0018b0634ef1a6531?s=96&d=mm&r=g","contentUrl":"https:\/\/secure.gravatar.com\/avatar\/aab26e77bdba8cf226e2792403a458cd44106ad1f229dba0018b0634ef1a6531?s=96&d=mm&r=g","caption":"Paulina Greer"},"url":"https:\/\/www.un.org\/pga\/77\/author\/kubiakpun-org\/"}]}},"_links":{"self":[{"href":"https:\/\/www.un.org\/pga\/77\/wp-json\/wp\/v2\/posts\/255527","targetHints":{"allow":["GET"]}}],"collection":[{"href":"https:\/\/www.un.org\/pga\/77\/wp-json\/wp\/v2\/posts"}],"about":[{"href":"https:\/\/www.un.org\/pga\/77\/wp-json\/wp\/v2\/types\/post"}],"author":[{"embeddable":true,"href":"https:\/\/www.un.org\/pga\/77\/wp-json\/wp\/v2\/users\/360"}],"replies":[{"embeddable":true,"href":"https:\/\/www.un.org\/pga\/77\/wp-json\/wp\/v2\/comments?post=255527"}],"version-history":[{"count":0,"href":"https:\/\/www.un.org\/pga\/77\/wp-json\/wp\/v2\/posts\/255527\/revisions"}],"wp:attachment":[{"href":"https:\/\/www.un.org\/pga\/77\/wp-json\/wp\/v2\/media?parent=255527"}],"wp:term":[{"taxonomy":"category","embeddable":true,"href":"https:\/\/www.un.org\/pga\/77\/wp-json\/wp\/v2\/categories?post=255527"},{"taxonomy":"post_tag","embeddable":true,"href":"https:\/\/www.un.org\/pga\/77\/wp-json\/wp\/v2\/tags?post=255527"}],"curies":[{"name":"wp","href":"https:\/\/api.w.org\/{rel}","templated":true}]}}