  {"id":274794,"date":"2023-12-18T12:53:40","date_gmt":"2023-12-18T17:53:40","guid":{"rendered":"https:\/\/www.un.org\/pga\/78\/?p=274794"},"modified":"2023-12-18T17:26:19","modified_gmt":"2023-12-18T22:26:19","slug":"pga-remarks-to-the-informal-briefing-on-haiti","status":"publish","type":"post","link":"https:\/\/www.un.org\/pga\/78\/2023\/12\/18\/pga-remarks-to-the-informal-briefing-on-haiti\/","title":{"rendered":"PGA remarks to the Informal Briefing on Haiti"},"content":{"rendered":"<p>[et_pb_section fb_built=&#8221;1&#8243; _builder_version=&#8221;4.16&#8243; global_colors_info=&#8221;{}&#8221;][et_pb_row _builder_version=&#8221;4.16&#8243; background_size=&#8221;initial&#8221; background_position=&#8221;top_left&#8221; background_repeat=&#8221;repeat&#8221; global_colors_info=&#8221;{}&#8221;][et_pb_column type=&#8221;4_4&#8243; _builder_version=&#8221;4.16&#8243; custom_padding=&#8221;|||&#8221; global_colors_info=&#8221;{}&#8221; custom_padding__hover=&#8221;|||&#8221;][et_pb_text _builder_version=&#8221;4.23.1&#8243; vertical_offset_tablet=&#8221;0&#8243; horizontal_offset_tablet=&#8221;0&#8243; hover_enabled=&#8221;0&#8243; z_index_tablet=&#8221;0&#8243; text_text_shadow_horizontal_length_tablet=&#8221;0px&#8221; text_text_shadow_vertical_length_tablet=&#8221;0px&#8221; text_text_shadow_blur_strength_tablet=&#8221;1px&#8221; link_text_shadow_horizontal_length_tablet=&#8221;0px&#8221; link_text_shadow_vertical_length_tablet=&#8221;0px&#8221; link_text_shadow_blur_strength_tablet=&#8221;1px&#8221; ul_text_shadow_horizontal_length_tablet=&#8221;0px&#8221; ul_text_shadow_vertical_length_tablet=&#8221;0px&#8221; ul_text_shadow_blur_strength_tablet=&#8221;1px&#8221; ol_text_shadow_horizontal_length_tablet=&#8221;0px&#8221; ol_text_shadow_vertical_length_tablet=&#8221;0px&#8221; ol_text_shadow_blur_strength_tablet=&#8221;1px&#8221; quote_text_shadow_horizontal_length_tablet=&#8221;0px&#8221; quote_text_shadow_vertical_length_tablet=&#8221;0px&#8221; quote_text_shadow_blur_strength_tablet=&#8221;1px&#8221; header_text_shadow_horizontal_length_tablet=&#8221;0px&#8221; header_text_shadow_vertical_length_tablet=&#8221;0px&#8221; header_text_shadow_blur_strength_tablet=&#8221;1px&#8221; header_2_text_shadow_horizontal_length_tablet=&#8221;0px&#8221; header_2_text_shadow_vertical_length_tablet=&#8221;0px&#8221; header_2_text_shadow_blur_strength_tablet=&#8221;1px&#8221; header_3_text_shadow_horizontal_length_tablet=&#8221;0px&#8221; header_3_text_shadow_vertical_length_tablet=&#8221;0px&#8221; header_3_text_shadow_blur_strength_tablet=&#8221;1px&#8221; header_4_text_shadow_horizontal_length_tablet=&#8221;0px&#8221; header_4_text_shadow_vertical_length_tablet=&#8221;0px&#8221; header_4_text_shadow_blur_strength_tablet=&#8221;1px&#8221; header_5_text_shadow_horizontal_length_tablet=&#8221;0px&#8221; header_5_text_shadow_vertical_length_tablet=&#8221;0px&#8221; header_5_text_shadow_blur_strength_tablet=&#8221;1px&#8221; header_6_text_shadow_horizontal_length_tablet=&#8221;0px&#8221; header_6_text_shadow_vertical_length_tablet=&#8221;0px&#8221; header_6_text_shadow_blur_strength_tablet=&#8221;1px&#8221; box_shadow_horizontal_tablet=&#8221;0px&#8221; box_shadow_vertical_tablet=&#8221;0px&#8221; box_shadow_blur_tablet=&#8221;40px&#8221; box_shadow_spread_tablet=&#8221;0px&#8221; global_colors_info=&#8221;{}&#8221; sticky_enabled=&#8221;0&#8243;]<\/p>\n<p style=\"font-weight: 400;text-align: center\">\n<p style=\"font-weight: 400;text-align: center\"><strong>Remarks by the President of the General Assembly, <\/strong><\/p>\n<p style=\"font-weight: 400;text-align: center\"><strong>Mr<\/strong><strong>. Dennis Francis,<\/strong><\/p>\n<p style=\"font-weight: 400;text-align: center\"><strong>At the Informal Briefing on Haiti<\/strong><\/p>\n<p style=\"font-weight: 400;text-align: center\">\n<p style=\"font-weight: 400;text-align: center\"><strong>Video: <\/strong><strong><u><a href=\"https:\/\/eur02.safelinks.protection.outlook.com\/?url=https%3A%2F%2Fyoutu.be%2FW5P8srM2crs&amp;data=05%7C02%7Csteven.philip%40un.org%7Cebdf7d1c3b4444adfe8408dbffd9c16a%7C0f9e35db544f4f60bdcc5ea416e6dc70%7C0%7C0%7C638385082940504589%7CUnknown%7CTWFpbGZsb3d8eyJWIjoiMC4wLjAwMDAiLCJQIjoiV2luMzIiLCJBTiI6Ik1haWwiLCJXVCI6Mn0%3D%7C3000%7C%7C%7C&amp;sdata=c2HaNhU%2BW3XxLXh6cYwcpe2IAzwhSVq8rP3Ch0aWTms%3D&amp;reserved=0\" data-linkindex=\"0\">https:\/\/youtu.be\/W5P8srM2crs<\/a><\/u><\/strong><\/p>\n<p style=\"font-weight: 400;text-align: center\"><strong>\u00a0<\/strong><\/p>\n<p style=\"font-weight: 400;text-align: center\"><strong>[As Delivered]<\/strong><\/p>\n<p style=\"font-weight: 400;text-align: center\"><strong>\u00a0<\/strong><\/p>\n<p style=\"font-weight: 400;text-align: center\"><strong>18 December 2023<\/strong><\/p>\n<p style=\"font-weight: 400\"><em>\u00a0<\/em><\/p>\n<p style=\"font-weight: 400\"><em>Your Excellency, Jose Javier De la Gasca, Permanent Representative of Ecuador, and President of the Security Council,<\/em><\/p>\n<p style=\"font-weight: 400\"><em>Your Excellency, Paula Narvaez, Permanent Representative of Chile, and President of the Economic and Social Council,<\/em><\/p>\n<p style=\"font-weight: 400\"><em>Madame Special Representative of the Secretary-General for Haiti, Ms. Mar\u00eda Isabel Salvador,<\/em><\/p>\n<p style=\"font-weight: 400\"><em>Excellencies, Distinguished Delegates,<\/em><\/p>\n<p style=\"font-weight: 400\">As you would be aware, I undertook an official <strong>visit to Haiti on 20-21 November<\/strong> \u2013 one visit that I am convinced was immensely important, not only for the Ä¢¹½ÊÓÆµ Membership but to me personally as Haiti is a member of the Caribbean community, CARICOM, of which Trinidad and Tobago is a founding member.<\/p>\n<p style=\"font-weight: 400\">Upon my return \u2013 and having reflected on what I witnessed and heard \u2013 I felt a heavy duty of responsibility to organize this exceptional informal briefing to afford me an opportunity to share with you my feedback from this important visit.<\/p>\n<p style=\"font-weight: 400\">Very often I hear the encouragement by the Member States for the President of the General Assembly to ensure coordination with the Presidents of the Security Council and ECOSOC \u2013 within the confines of our respective mandates.<\/p>\n<p style=\"font-weight: 400\">This encouragement has been echoed, among other platforms, in the debates on the revitalization of the General Assembly and most recently, during the <strong><em>Gayap Dialogues<\/em><\/strong> that I have organized during the 78<sup>th <\/sup>Session. In this regard, I am delighted to inform you that I have already initiated the monthly meetings with the Presidents of the two bodies.<\/p>\n<p style=\"font-weight: 400\">Today I also have the pleasure to be joined by my colleagues the President of the Security Council and the President of ECOSOC.<\/p>\n<p style=\"font-weight: 400\">I sincerely thank them for accepting my invitation to join this informal briefing \u2013 and I look forward to hearing their insights.<\/p>\n<p style=\"font-weight: 400\">Importantly, today\u2019s informal briefing is not only an occasion to showcase the fact that \u2013 if we really mean it \u2013 there can in fact, be coordinated action among the three main Principal Ä¢¹½ÊÓÆµ Organs \u2013 the General Assembly, the Security Council, and ECOSOC.<\/p>\n<p style=\"font-weight: 400\">This informal briefing also offers my colleagues and I the opportunity to <strong>demonstrate collaborative leadership by the GRULAC Member States<\/strong> \u2013 on an issue so critical to our region \u2013 as GRULAC Permanent Representatives are concurrently holding the Presidencies of these Principal Organs during the month of December.<\/p>\n<p style=\"font-weight: 400\">It would be remiss, on my part, not to express my heartfelt appreciation to the Permanent Representative of Haiti, <strong>His Excellency, Mr. Antonio Rodrigue,<\/strong> and the Government of Haiti for facilitating the visit, and for their warm reception and generous hospitality.<\/p>\n<p style=\"font-weight: 400\">My appreciation also goes to the <strong>SRSG, Ms Salvador <\/strong>and her team, as well as Ä¢¹½ÊÓÆµ Country team family in Haiti \u2013 without whose enthusiastic support the visit would not have been possible.<\/p>\n<p style=\"font-weight: 400\">The main objective of my visit was three-fold:<\/p>\n<ul style=\"font-weight: 400\">\n<li><strong>First<\/strong>, to demonstrate solidarity with the Haitian leadership, and the people of Haiti; and to reassure them that the international community has not abandoned them &#8211; in their very challenging circumstances.<\/li>\n<li><strong>Second<\/strong>, to shine a brighter spotlight on the multifaceted political, security and humanitarian crises gripping the country, in order to spur meaningful action by the United Nations and the international community at large \u2013 as also called for by many leaders during the General Debate in September, especially from my own region.<\/li>\n<li>And <strong>third<\/strong>, to engage first-hand with the Haitian political leaders, civil society representatives and other key stakeholders; to encourage their commitment to national reconciliation and mutual dialogue \u2013 paving the way forwards toward free, fair, credible, and inclusive elections and the restoration of the rule of law and democratic institutions that enjoy the confidence of the Haitian people.<\/li>\n<\/ul>\n<p style=\"font-weight: 400\">In this context, I am delighted to report that \u2013 on the side of the interim Government \u2013 I had very productive bilateral meetings with:<\/p>\n<ul style=\"font-weight: 400\">\n<li>Prime Minister Ariel Henry.<\/li>\n<li>Foreign Minister Jean Victor G\u00e9n\u00e9us.<\/li>\n<li>Justice Minister Emmelie Proph\u00e8te Milc\u00e9, and<\/li>\n<li>Women\u2019s Affairs Minister, Sofia Lor\u00e9us.<\/li>\n<\/ul>\n<p style=\"font-weight: 400\">In addition, I took the opportunity of my visit to join a working lunch kindly hosted by SRSG Salvador which included the <strong>President of the High Transition Council, Madame Mirlande Manigat<\/strong> \u2013 also former First Lady of Haiti, who still wields the respect of many Haitians.<\/p>\n<p style=\"font-weight: 400\">I also had an opportunity to engage with representatives of the various political parties \u2013 in one meeting \u2013 as well as separately with Haitian civil society representatives.<\/p>\n<p style=\"font-weight: 400\">On the United Nations side, I held substantive meetings with the Ä¢¹½ÊÓÆµ Country Team, which also featured the SRSG and her Deputy \u2013 and I am delighted that SRSG Salvador has accepted my invitation to offer some remarks at this briefing, virtually.<\/p>\n<p style=\"font-weight: 400\">SRSG and her team, and DSS representative as well as the Country Team did not only share with me the substantive work they are forcefully doing; but I was also appraised of the overall security situation in the country and the provincial\/regional security levels \u2013 as per the established security operating standards.<\/p>\n<p style=\"font-weight: 400\">\n<p style=\"font-weight: 400\"><em>Distinguished Colleagues,<\/em><\/p>\n<p style=\"font-weight: 400\">If there was one single and dominating keyword that emerged in <strong>all<\/strong> of my conversations, it is <strong>security<\/strong>.<\/p>\n<p style=\"font-weight: 400\">The lack of security \u2013 due to the prevalence of the harrowing terror unleashed by the marauding gangs \u2013 clearly impacts <strong>every<\/strong> aspect of the daily lives of the Haitian people.<\/p>\n<p style=\"font-weight: 400\">Uncontrollable violence has robbed \u2013 and continues to rob \u2013 the Haitian people of their freedoms and rights; and it is stifling the country\u2019s path to sustainable development.<\/p>\n<p style=\"font-weight: 400\">I heard depressing accounts about schools housing people internally displaced by gang violence \u2013 and these institutions are supposed to be bastions of education, not shelters.<\/p>\n<p style=\"font-weight: 400\">I heard sad incidents of parents kidnapped for ransom while taking their children to school.<\/p>\n<p style=\"font-weight: 400\">I heard alarming reports of the loss of some 40% &#8212; <strong>I repeat, 40%<\/strong> &#8212; of Haiti\u2019s health care workers, who have left the country in hopes of finding a brighter future elsewhere.<\/p>\n<p style=\"font-weight: 400\">I head of the brain or skills drain, of security and law enforcement personnel \u2013 who should be securing Haiti \u2013 migrating in droves for better paying jobs elsewhere.<\/p>\n<p style=\"font-weight: 400\">And devastatingly, I was deeply moved to hear about women and girls subjected to brutal sexual violence \u2013 with many living in a cycle of fear and trauma.<\/p>\n<p style=\"font-weight: 400\">It is with great sadness \u2013 and <strong>anger<\/strong> \u2013 that I recount these reality encounters to you today.<\/p>\n<p style=\"font-weight: 400\"><strong>This violence in Haiti clearly needs to stop \u2013 <\/strong>and we cannot be credible, as the Ä¢¹½ÊÓÆµ and the international community, to just look the other way.<\/p>\n<p style=\"font-weight: 400\">These issues cut to the very heart of the Ä¢¹½ÊÓÆµ\u2019s founding mission \u2013 to save succeeding generations from the scourge of war.<\/p>\n<p style=\"font-weight: 400\">In Haiti, war is in the streets \u2013 with people fighting <strong>against<\/strong> hunger, preventable disease, and unjustifiably rampant and deadly insecurity.<\/p>\n<p style=\"font-weight: 400\">They are equally fighting <strong>for<\/strong> a safer, more just, and prosperous life for themselves and their children.<\/p>\n<p style=\"font-weight: 400\">They are fighting to provide <strong>quality education<\/strong> for their children and youth \u2013 just like any other parent would do and wish for their children.<\/p>\n<p style=\"font-weight: 400\">Nonetheless, I was heart warmed when I paid a visit to a school and saw hope in the faces of the pupils, I met at <strong><em>\u00c9cole Nationale R\u00e9publique des \u00c9tats Unis d\u2019Am\u00e9rique<\/em><\/strong>. Indeed, this was a highlight of my trip \u2013 as the boys and girls embodied the unbridled potential within all of us to build a better world.<\/p>\n<p style=\"font-weight: 400\">As I have decided to do during my visits, I have <strong>donated copies of the Ä¢¹½ÊÓÆµ Charter to the school<\/strong> \u2013 hoping it will inspire curiosity among these children to remain hopeful that all is not lost, because the United Nations is here to support and stand with them to achieve a better future.<\/p>\n<p style=\"font-weight: 400\"><em>Excellencies,<\/em><\/p>\n<p style=\"font-weight: 400\">It bears repeating: The deployment of the Multinational Security Support Mission authorized by the Security Council on 2 October is awaited with <strong>great urgency<\/strong> by many in Haiti, including the political parties and Civil Society groups.<\/p>\n<p style=\"font-weight: 400\">Because the 28 November <strong>report by the Ä¢¹½ÊÓÆµ Human Rights Office and the Ä¢¹½ÊÓÆµ Integrated Office in Haiti <\/strong>finds that the gangs not only control <strong>80%<\/strong> of Port-au-Prince, the capital.<\/p>\n<p style=\"font-weight: 400\">They have spread even further to rural areas previously considered safe \u2013 killing, raping, kidnapping, and destroying property.<\/p>\n<p style=\"font-weight: 400\">I express my deepest thanks to the Government of Kenya for demonstrating leadership of this critical mission, as well as all other countries that have pledged or are planning to contribute to this peace and security initiative.<\/p>\n<p style=\"font-weight: 400\">I am encouraged by the coordinated preparations among the countries involved \u2013 as this is absolutely vital to achieving an effective outcome for such a delicate mission.<\/p>\n<p style=\"font-weight: 400\">As this mission prepares to deploy, it is equally important that Haiti\u2019s civil and political actors intensify efforts to find a sustainable political solution that will allow for the <strong>restoration of democratic institutions<\/strong> \u2013 and thus create a space for this mission to fulfil its intended role.<\/p>\n<p style=\"font-weight: 400\">I emphasized the importance of this point during my visit, in <strong>all<\/strong> my meetings with stakeholders in Haiti.<\/p>\n<p style=\"font-weight: 400\">I encouraged the authorities, as well as representatives of Haiti\u2019s political parties and civil society representatives, <strong>to surmount their differences \u2013 emphasizing that every stakeholder has a duty to work for the interests of the country and the people.<\/strong><\/p>\n<p style=\"font-weight: 400\">Throughout my engagements, I reiterated the vital need to involve women and young people \u2013 especially girls \u2013 in an inclusive political processes, as their views are <strong>foundational<\/strong> to ensuring the establishment of a functioning governance system.<\/p>\n<p style=\"font-weight: 400\">Lastly, I did not mince my words in categorically challenging the <strong>Haitian political elites to abandon their self-centred pre-occupation and to prioritize <\/strong>instead the ordinary people of Haiti, who have endured too much turmoil and who deserve to be given a chance, to succeed. I emphasized that Haiti belongs to them too and that it is their responsibility as elites seeking office to fix the country so that young Haitians would be guaranteed a life chance.<\/p>\n<p style=\"font-weight: 400\">It was also underscored that solutions need to be homegrown Haitian solutions, with no impositions from outside, and the Ä¢¹½ÊÓÆµ and the international community would be there to support and accompany the Haitian people along the way to sustainable development.<\/p>\n<p style=\"font-weight: 400\">\n<p style=\"font-weight: 400\"><em>Excellencies, Distinguished Delegates,<\/em><\/p>\n<p style=\"font-weight: 400\">As I conclude, I must say, however, that I returned from Haiti also with hope; and with the full knowledge that \u2013 while Haiti is facing extraordinary challenges \u2013 its future holds indomitable promise.<\/p>\n<p style=\"font-weight: 400\">Driving in the streets of Port au Prince, I saw <strong>visible signs of hope<\/strong> \u2013 sustained by the undying resilience and perseverance of the Haitian people \u2013 who seem to create inventive ways to meet the daily challenges.<\/p>\n<p style=\"font-weight: 400\"><strong>Haiti is not hopeless<\/strong>. There is, in my view, no shortage of potential in Haiti \u2013 and it is not too late that, as the international community, we must do something to accompany the Haitian people, further.<\/p>\n<p style=\"font-weight: 400\">As we just marked the 75<sup>th<\/sup> anniversary of the Universal Declaration of Human Rights last week, we must never forget that the rights and freedoms outlined therein are intrinsic to us <strong>all<\/strong>.<\/p>\n<p style=\"font-weight: 400\">As a citizen of Trinidad and Tobago, this fact resonates so loud with me \u2013 at a deeply personal level. Haiti is an integral member of the Caribbean Community (CARICOM).<\/p>\n<p style=\"font-weight: 400\">And, more importantly, the people of the Caribbean \u2013 have extraordinary admiration for the Haitian people, rooted in its pioneering and proud history of self-determination and independence.<\/p>\n<p style=\"font-weight: 400\">I came away thinking that the international community must continue to show Haitian and other regional leaders that they are not alone in their concerns and commitment to the future of Haiti.<\/p>\n<p style=\"font-weight: 400\"><strong>I thank you.<\/strong><\/p>\n<p>[\/et_pb_text][\/et_pb_column][\/et_pb_row][\/et_pb_section]<\/p>\n","protected":false},"excerpt":{"rendered":"<p>Remarks by the President of the General Assembly, Mr. Dennis Francis, At the Informal Briefing on Haiti Video: https:\/\/youtu.be\/W5P8srM2crs \u00a0 [As Delivered] \u00a0 18 December 2023 \u00a0 Your Excellency, Jose [&hellip;]<\/p>\n","protected":false},"author":361,"featured_media":0,"comment_status":"closed","ping_status":"closed","sticky":false,"template":"","format":"standard","meta":{"_et_pb_use_builder":"on","_et_pb_old_content":"<p align=\"center\">Remarks of the President of the General Assembly<\/p>\r\n<p align=\"center\">H.E Dennis Francis<\/p>\r\n<p align=\"center\">GA plenary meeting on the<br aria-hidden=\"true\" \/>Report of the International Criminal Court,<\/p>\r\n<p align=\"center\">Monday, 30 October 2023<\/p>\r\n<p align=\"center\"><i>As Delivered<\/i><i><\/i><\/p>\r\n<i>President of the International Criminal Court, Judge Piotr Hofmanski,<\/i><i><\/i>\r\n\r\n<i>Excellencies,<\/i>\r\n\r\n<i>Distinguished Delegates,<\/i>\r\n\r\n<i>\u00a0<\/i>\r\n\r\nToday we gather to consider the annual report of the\u00a0International Criminal Court (ICC) \u2013 a\u00a0 critical pillar of the international legal order.\r\n\r\nThe ICC stands as a perennial symbol of our shared commitment to justice and humanity\u2019s greatest aspirations.\r\n\r\nIt serves as an emphatic reminder that\u00a0no one \u2013 I repeat, no one \u2013 should be exempt from accountability for the most serious crimes of concern to the international community,\u00a0and that regardless of their status, position or location, perpetrators of such crimes will invariably face the weight of justice.\r\n\r\nIndeed, when it comes to the most egregious crimes against humanity,\u00a0 accountability knows no exceptions and justifiably so.\r\n\r\nIn those grave and heinous cases \u2013 when national legal systems prove unable or unwilling to bring perpetrators to justice \u2013 the ICC must step in.\r\n\r\nAccordingly, the ICC stands as a testament to our unshakeable resolve to end impunity, and moreover, to deter others from the commission of such crimes in the future.\r\n\r\nThe Court is indeed a truly unique embodiment of our collective resolution to upholding the principles of justice and accountability.\r\n\r\nI express my\u00a0 fulsome appreciation to the Court for its diligent efforts,\u00a0 as indeed to its judges and its prosecutor, as well as to the dedicated staff who have laudibly committed themselves to the pursuit of justice \u2013 and indeed, to what is\u00a0<i>right<\/i>.\r\n\r\nThe report highlights both the progress and the challenges faced by the ICC this year, specifically as regards the prevention and punishment of genocide, war crimes, crimes against humanity, and the crime of aggression.\r\n\r\nThese principles are fundamental to our global vision of peace and are integral to our mission of maintaining international peace and security, promoting respect for human rights, and delivering justice to those who have suffered the gravest injustices.\r\n\r\n<i>Ladies and Gentlemen,<\/i>\r\n\r\nWe must acknowledge that the Court operates in a multifaceted international landscape.\r\n\r\nIts jurisdiction spans cases where state parties have brought situations to the attention of the Court, including situations referred by the United Nations Security Council.\r\n\r\nWhile it may present a unique set of challenges \u2013this duality in referral mechanisms underscores the importance of international cooperation.\r\n\r\nDespite these challenges, the hope for universal ratification of the Rome Statute, and the Kampala amendments, serve as a profound affirmation of the ICC's enduring commitment to justice.\r\n\r\nAs more countries join and support the ICC, the bold ambition of ending impunity for the most serious crimes becomes increasingly realistic to achieve.\r\n\r\nAs we engage in this discussion, let us remember the voices of the victims, whose suffering must compel us to take meaningful action.\r\n\r\nI underscore the\u00a0need for universal cooperation with the court among Ä¢¹½ÊÓÆµ Member States in our common pursuit of a more just and peaceful world.\r\n\r\nI call upon States to support the ICC where it faces constraints in its pursuit of justice, including predictable funding to effectively undertake its investigations and prosecutions.\r\n\r\nIn line with the fundamental principle of complementarity, States should cooperate\u00a0with the ICC and with each other in investigations and prosecutions, including by sharing information and evidence to uphold the rule of law and ensuring accountability for the most serious crimes.\r\n\r\nLet us remain committed to strengthening the international legal framework and ensuring that the ICC continues to fulfill its essential role in our global efforts to prevent impunity and injustice and to promote lasting peace.\r\n\r\nI thank you and look forward to a fruitful discussion on this important matter.","_et_gb_content_width":"","footnotes":""},"categories":[111],"tags":[],"class_list":["post-274794","post","type-post","status-publish","format-standard","hentry","category-speeches","et-doesnt-have-format-content","et_post_format-et-post-format-standard"],"yoast_head":"<!-- This site is optimized with the Yoast SEO plugin v28.3 - https:\/\/yoast.com\/product\/yoast-seo-wordpress\/ -->\n<title>PGA remarks to the Informal Briefing on Haiti | General Assembly of the United Nations<\/title>\n<meta name=\"robots\" content=\"index, follow, max-snippet:-1, max-image-preview:large, max-video-preview:-1\" \/>\n<link rel=\"canonical\" href=\"https:\/\/www.un.org\/pga\/78\/2023\/12\/18\/pga-remarks-to-the-informal-briefing-on-haiti\/\" \/>\n<meta property=\"og:locale\" content=\"en_US\" \/>\n<meta property=\"og:type\" content=\"article\" \/>\n<meta property=\"og:title\" content=\"PGA remarks to the Informal Briefing on Haiti | General Assembly of the United Nations\" \/>\n<meta property=\"og:description\" content=\"Remarks by the President of the General Assembly, Mr. Dennis Francis, At the Informal Briefing on Haiti Video: https:\/\/youtu.be\/W5P8srM2crs \u00a0 [As Delivered] \u00a0 18 December 2023 \u00a0 Your Excellency, Jose [&hellip;]\" \/>\n<meta property=\"og:url\" content=\"https:\/\/www.un.org\/pga\/78\/2023\/12\/18\/pga-remarks-to-the-informal-briefing-on-haiti\/\" \/>\n<meta property=\"og:site_name\" content=\"General Assembly of the United Nations\" \/>\n<meta property=\"article:published_time\" content=\"2023-12-18T17:53:40+00:00\" \/>\n<meta property=\"article:modified_time\" content=\"2023-12-18T22:26:19+00:00\" \/>\n<meta property=\"og:image\" content=\"https:\/\/www.un.org\/pga\/wp-content\/uploads\/sites\/108\/2020\/09\/Ä¢¹½ÊÓÆµGA75_2020_REVERSED-01.png\" \/>\n\t<meta property=\"og:image:width\" content=\"4397\" \/>\n\t<meta property=\"og:image:height\" content=\"3221\" \/>\n\t<meta property=\"og:image:type\" content=\"image\/png\" \/>\n<meta name=\"author\" content=\"Steven Viju Philip\" \/>\n<meta name=\"twitter:card\" content=\"summary_large_image\" \/>\n<meta name=\"twitter:creator\" content=\"@Ä¢¹½ÊÓÆµ_PGA\" \/>\n<meta name=\"twitter:site\" content=\"@Ä¢¹½ÊÓÆµ_PGA\" \/>\n<meta name=\"twitter:label1\" content=\"Written by\" \/>\n\t<meta name=\"twitter:data1\" content=\"Steven Viju Philip\" \/>\n\t<meta name=\"twitter:label2\" content=\"Est. reading time\" \/>\n\t<meta name=\"twitter:data2\" content=\"11 minutes\" \/>\n<script type=\"application\/ld+json\" class=\"yoast-schema-graph\">{\"@context\":\"https:\\\/\\\/schema.org\",\"@graph\":[{\"@type\":\"Article\",\"@id\":\"https:\\\/\\\/www.un.org\\\/pga\\\/78\\\/2023\\\/12\\\/18\\\/pga-remarks-to-the-informal-briefing-on-haiti\\\/#article\",\"isPartOf\":{\"@id\":\"https:\\\/\\\/www.un.org\\\/pga\\\/78\\\/2023\\\/12\\\/18\\\/pga-remarks-to-the-informal-briefing-on-haiti\\\/\"},\"author\":{\"name\":\"Steven Viju Philip\",\"@id\":\"https:\\\/\\\/www.un.org\\\/pga\\\/78\\\/#\\\/schema\\\/person\\\/5023a3e992d3ff96de578367d1f34eaa\"},\"headline\":\"PGA remarks to the Informal Briefing on Haiti\",\"datePublished\":\"2023-12-18T17:53:40+00:00\",\"dateModified\":\"2023-12-18T22:26:19+00:00\",\"mainEntityOfPage\":{\"@id\":\"https:\\\/\\\/www.un.org\\\/pga\\\/78\\\/2023\\\/12\\\/18\\\/pga-remarks-to-the-informal-briefing-on-haiti\\\/\"},\"wordCount\":2230,\"publisher\":{\"@id\":\"https:\\\/\\\/www.un.org\\\/pga\\\/78\\\/#organization\"},\"articleSection\":[\"Speeches\"],\"inLanguage\":\"en-US\"},{\"@type\":\"WebPage\",\"@id\":\"https:\\\/\\\/www.un.org\\\/pga\\\/78\\\/2023\\\/12\\\/18\\\/pga-remarks-to-the-informal-briefing-on-haiti\\\/\",\"url\":\"https:\\\/\\\/www.un.org\\\/pga\\\/78\\\/2023\\\/12\\\/18\\\/pga-remarks-to-the-informal-briefing-on-haiti\\\/\",\"name\":\"PGA remarks to the Informal Briefing on Haiti | General Assembly of the United Nations\",\"isPartOf\":{\"@id\":\"https:\\\/\\\/www.un.org\\\/pga\\\/78\\\/#website\"},\"datePublished\":\"2023-12-18T17:53:40+00:00\",\"dateModified\":\"2023-12-18T22:26:19+00:00\",\"breadcrumb\":{\"@id\":\"https:\\\/\\\/www.un.org\\\/pga\\\/78\\\/2023\\\/12\\\/18\\\/pga-remarks-to-the-informal-briefing-on-haiti\\\/#breadcrumb\"},\"inLanguage\":\"en-US\",\"potentialAction\":[{\"@type\":\"ReadAction\",\"target\":[\"https:\\\/\\\/www.un.org\\\/pga\\\/78\\\/2023\\\/12\\\/18\\\/pga-remarks-to-the-informal-briefing-on-haiti\\\/\"]}]},{\"@type\":\"BreadcrumbList\",\"@id\":\"https:\\\/\\\/www.un.org\\\/pga\\\/78\\\/2023\\\/12\\\/18\\\/pga-remarks-to-the-informal-briefing-on-haiti\\\/#breadcrumb\",\"itemListElement\":[{\"@type\":\"ListItem\",\"position\":1,\"name\":\"Home\",\"item\":\"https:\\\/\\\/www.un.org\\\/pga\\\/78\\\/\"},{\"@type\":\"ListItem\",\"position\":2,\"name\":\"PGA remarks to the Informal Briefing on Haiti\"}]},{\"@type\":\"WebSite\",\"@id\":\"https:\\\/\\\/www.un.org\\\/pga\\\/78\\\/#website\",\"url\":\"https:\\\/\\\/www.un.org\\\/pga\\\/78\\\/\",\"name\":\"General Assembly of the United Nations President of the 75th session\",\"description\":\"President of the 78th session\",\"publisher\":{\"@id\":\"https:\\\/\\\/www.un.org\\\/pga\\\/78\\\/#organization\"},\"potentialAction\":[{\"@type\":\"SearchAction\",\"target\":{\"@type\":\"EntryPoint\",\"urlTemplate\":\"https:\\\/\\\/www.un.org\\\/pga\\\/78\\\/?s={search_term_string}\"},\"query-input\":{\"@type\":\"PropertyValueSpecification\",\"valueRequired\":true,\"valueName\":\"search_term_string\"}}],\"inLanguage\":\"en-US\"},{\"@type\":\"Organization\",\"@id\":\"https:\\\/\\\/www.un.org\\\/pga\\\/78\\\/#organization\",\"name\":\"President of the 75th session of the General Assembly of the United Nations General Assembly of the United Nations\",\"url\":\"https:\\\/\\\/www.un.org\\\/pga\\\/78\\\/\",\"logo\":{\"@type\":\"ImageObject\",\"inLanguage\":\"en-US\",\"@id\":\"https:\\\/\\\/www.un.org\\\/pga\\\/78\\\/#\\\/schema\\\/logo\\\/image\\\/\",\"url\":\"https:\\\/\\\/www.un.org\\\/pga\\\/wp-content\\\/uploads\\\/sites\\\/108\\\/2020\\\/09\\\/Ä¢¹½ÊÓÆµGA75_2020_REVERSED-01.png\",\"contentUrl\":\"https:\\\/\\\/www.un.org\\\/pga\\\/wp-content\\\/uploads\\\/sites\\\/108\\\/2020\\\/09\\\/Ä¢¹½ÊÓÆµGA75_2020_REVERSED-01.png\",\"width\":4397,\"height\":3221,\"caption\":\"President of the 75th session of the General Assembly of the United Nations General Assembly of the United Nations\"},\"image\":{\"@id\":\"https:\\\/\\\/www.un.org\\\/pga\\\/78\\\/#\\\/schema\\\/logo\\\/image\\\/\"},\"sameAs\":[\"https:\\\/\\\/x.com\\\/Ä¢¹½ÊÓÆµ_PGA\"]},{\"@type\":\"Person\",\"@id\":\"https:\\\/\\\/www.un.org\\\/pga\\\/78\\\/#\\\/schema\\\/person\\\/5023a3e992d3ff96de578367d1f34eaa\",\"name\":\"Steven Viju Philip\",\"image\":{\"@type\":\"ImageObject\",\"inLanguage\":\"en-US\",\"@id\":\"https:\\\/\\\/secure.gravatar.com\\\/avatar\\\/b7eeae8bb41e490d2a19a2c055de1ab0ba39eabe8944aeed22a41f41b9d8e1a1?s=96&d=mm&r=g\",\"url\":\"https:\\\/\\\/secure.gravatar.com\\\/avatar\\\/b7eeae8bb41e490d2a19a2c055de1ab0ba39eabe8944aeed22a41f41b9d8e1a1?s=96&d=mm&r=g\",\"contentUrl\":\"https:\\\/\\\/secure.gravatar.com\\\/avatar\\\/b7eeae8bb41e490d2a19a2c055de1ab0ba39eabe8944aeed22a41f41b9d8e1a1?s=96&d=mm&r=g\",\"caption\":\"Steven Viju Philip\"},\"url\":\"https:\\\/\\\/www.un.org\\\/pga\\\/78\\\/author\\\/steven-philipun-org\\\/\"}]}<\/script>\n<!-- \/ Yoast SEO plugin. -->","yoast_head_json":{"title":"PGA remarks to the Informal Briefing on Haiti | General Assembly of the United Nations","robots":{"index":"index","follow":"follow","max-snippet":"max-snippet:-1","max-image-preview":"max-image-preview:large","max-video-preview":"max-video-preview:-1"},"canonical":"https:\/\/www.un.org\/pga\/78\/2023\/12\/18\/pga-remarks-to-the-informal-briefing-on-haiti\/","og_locale":"en_US","og_type":"article","og_title":"PGA remarks to the Informal Briefing on Haiti | General Assembly of the United Nations","og_description":"Remarks by the President of the General Assembly, Mr. Dennis Francis, At the Informal Briefing on Haiti Video: https:\/\/youtu.be\/W5P8srM2crs \u00a0 [As Delivered] \u00a0 18 December 2023 \u00a0 Your Excellency, Jose [&hellip;]","og_url":"https:\/\/www.un.org\/pga\/78\/2023\/12\/18\/pga-remarks-to-the-informal-briefing-on-haiti\/","og_site_name":"General Assembly of the United Nations","article_published_time":"2023-12-18T17:53:40+00:00","article_modified_time":"2023-12-18T22:26:19+00:00","og_image":[{"width":4397,"height":3221,"url":"https:\/\/www.un.org\/pga\/wp-content\/uploads\/sites\/108\/2020\/09\/Ä¢¹½ÊÓÆµGA75_2020_REVERSED-01.png","type":"image\/png"}],"author":"Steven Viju Philip","twitter_card":"summary_large_image","twitter_creator":"@Ä¢¹½ÊÓÆµ_PGA","twitter_site":"@Ä¢¹½ÊÓÆµ_PGA","twitter_misc":{"Written by":"Steven Viju Philip","Est. reading time":"11 minutes"},"schema":{"@context":"https:\/\/schema.org","@graph":[{"@type":"Article","@id":"https:\/\/www.un.org\/pga\/78\/2023\/12\/18\/pga-remarks-to-the-informal-briefing-on-haiti\/#article","isPartOf":{"@id":"https:\/\/www.un.org\/pga\/78\/2023\/12\/18\/pga-remarks-to-the-informal-briefing-on-haiti\/"},"author":{"name":"Steven Viju Philip","@id":"https:\/\/www.un.org\/pga\/78\/#\/schema\/person\/5023a3e992d3ff96de578367d1f34eaa"},"headline":"PGA remarks to the Informal Briefing on Haiti","datePublished":"2023-12-18T17:53:40+00:00","dateModified":"2023-12-18T22:26:19+00:00","mainEntityOfPage":{"@id":"https:\/\/www.un.org\/pga\/78\/2023\/12\/18\/pga-remarks-to-the-informal-briefing-on-haiti\/"},"wordCount":2230,"publisher":{"@id":"https:\/\/www.un.org\/pga\/78\/#organization"},"articleSection":["Speeches"],"inLanguage":"en-US"},{"@type":"WebPage","@id":"https:\/\/www.un.org\/pga\/78\/2023\/12\/18\/pga-remarks-to-the-informal-briefing-on-haiti\/","url":"https:\/\/www.un.org\/pga\/78\/2023\/12\/18\/pga-remarks-to-the-informal-briefing-on-haiti\/","name":"PGA remarks to the Informal Briefing on Haiti | General Assembly of the United Nations","isPartOf":{"@id":"https:\/\/www.un.org\/pga\/78\/#website"},"datePublished":"2023-12-18T17:53:40+00:00","dateModified":"2023-12-18T22:26:19+00:00","breadcrumb":{"@id":"https:\/\/www.un.org\/pga\/78\/2023\/12\/18\/pga-remarks-to-the-informal-briefing-on-haiti\/#breadcrumb"},"inLanguage":"en-US","potentialAction":[{"@type":"ReadAction","target":["https:\/\/www.un.org\/pga\/78\/2023\/12\/18\/pga-remarks-to-the-informal-briefing-on-haiti\/"]}]},{"@type":"BreadcrumbList","@id":"https:\/\/www.un.org\/pga\/78\/2023\/12\/18\/pga-remarks-to-the-informal-briefing-on-haiti\/#breadcrumb","itemListElement":[{"@type":"ListItem","position":1,"name":"Home","item":"https:\/\/www.un.org\/pga\/78\/"},{"@type":"ListItem","position":2,"name":"PGA remarks to the Informal Briefing on Haiti"}]},{"@type":"WebSite","@id":"https:\/\/www.un.org\/pga\/78\/#website","url":"https:\/\/www.un.org\/pga\/78\/","name":"General Assembly of the United Nations President of the 75th session","description":"President of the 78th session","publisher":{"@id":"https:\/\/www.un.org\/pga\/78\/#organization"},"potentialAction":[{"@type":"SearchAction","target":{"@type":"EntryPoint","urlTemplate":"https:\/\/www.un.org\/pga\/78\/?s={search_term_string}"},"query-input":{"@type":"PropertyValueSpecification","valueRequired":true,"valueName":"search_term_string"}}],"inLanguage":"en-US"},{"@type":"Organization","@id":"https:\/\/www.un.org\/pga\/78\/#organization","name":"President of the 75th session of the General Assembly of the United Nations General Assembly of the United Nations","url":"https:\/\/www.un.org\/pga\/78\/","logo":{"@type":"ImageObject","inLanguage":"en-US","@id":"https:\/\/www.un.org\/pga\/78\/#\/schema\/logo\/image\/","url":"https:\/\/www.un.org\/pga\/wp-content\/uploads\/sites\/108\/2020\/09\/Ä¢¹½ÊÓÆµGA75_2020_REVERSED-01.png","contentUrl":"https:\/\/www.un.org\/pga\/wp-content\/uploads\/sites\/108\/2020\/09\/Ä¢¹½ÊÓÆµGA75_2020_REVERSED-01.png","width":4397,"height":3221,"caption":"President of the 75th session of the General Assembly of the United Nations General Assembly of the United Nations"},"image":{"@id":"https:\/\/www.un.org\/pga\/78\/#\/schema\/logo\/image\/"},"sameAs":["https:\/\/x.com\/Ä¢¹½ÊÓÆµ_PGA"]},{"@type":"Person","@id":"https:\/\/www.un.org\/pga\/78\/#\/schema\/person\/5023a3e992d3ff96de578367d1f34eaa","name":"Steven Viju Philip","image":{"@type":"ImageObject","inLanguage":"en-US","@id":"https:\/\/secure.gravatar.com\/avatar\/b7eeae8bb41e490d2a19a2c055de1ab0ba39eabe8944aeed22a41f41b9d8e1a1?s=96&d=mm&r=g","url":"https:\/\/secure.gravatar.com\/avatar\/b7eeae8bb41e490d2a19a2c055de1ab0ba39eabe8944aeed22a41f41b9d8e1a1?s=96&d=mm&r=g","contentUrl":"https:\/\/secure.gravatar.com\/avatar\/b7eeae8bb41e490d2a19a2c055de1ab0ba39eabe8944aeed22a41f41b9d8e1a1?s=96&d=mm&r=g","caption":"Steven Viju Philip"},"url":"https:\/\/www.un.org\/pga\/78\/author\/steven-philipun-org\/"}]}},"_links":{"self":[{"href":"https:\/\/www.un.org\/pga\/78\/wp-json\/wp\/v2\/posts\/274794","targetHints":{"allow":["GET"]}}],"collection":[{"href":"https:\/\/www.un.org\/pga\/78\/wp-json\/wp\/v2\/posts"}],"about":[{"href":"https:\/\/www.un.org\/pga\/78\/wp-json\/wp\/v2\/types\/post"}],"author":[{"embeddable":true,"href":"https:\/\/www.un.org\/pga\/78\/wp-json\/wp\/v2\/users\/361"}],"replies":[{"embeddable":true,"href":"https:\/\/www.un.org\/pga\/78\/wp-json\/wp\/v2\/comments?post=274794"}],"version-history":[{"count":0,"href":"https:\/\/www.un.org\/pga\/78\/wp-json\/wp\/v2\/posts\/274794\/revisions"}],"wp:attachment":[{"href":"https:\/\/www.un.org\/pga\/78\/wp-json\/wp\/v2\/media?parent=274794"}],"wp:term":[{"taxonomy":"category","embeddable":true,"href":"https:\/\/www.un.org\/pga\/78\/wp-json\/wp\/v2\/categories?post=274794"},{"taxonomy":"post_tag","embeddable":true,"href":"https:\/\/www.un.org\/pga\/78\/wp-json\/wp\/v2\/tags?post=274794"}],"curies":[{"name":"wp","href":"https:\/\/api.w.org\/{rel}","templated":true}]}}