  {"id":278337,"date":"2024-06-03T16:11:57","date_gmt":"2024-06-03T20:11:57","guid":{"rendered":"https:\/\/www.un.org\/pga\/78\/?p=278337"},"modified":"2024-06-03T16:22:10","modified_gmt":"2024-06-03T20:22:10","slug":"pga-remarks-at-the-84th-plenary-meeting-of-the-general-assembly-to-hear-the-address-by-h-e-cesar-bernardo-arevalo-de-leon-president-of-the-republic-of-guatemala","status":"publish","type":"post","link":"https:\/\/www.un.org\/pga\/78\/2024\/06\/03\/pga-remarks-at-the-84th-plenary-meeting-of-the-general-assembly-to-hear-the-address-by-h-e-cesar-bernardo-arevalo-de-leon-president-of-the-republic-of-guatemala\/","title":{"rendered":"PGA Remarks at the 84th Plenary Meeting of the General Assembly to hear the Address by H.E. C\u00e9sar Bernardo Ar\u00e9valo de Le\u00f3n, President of the Republic of Guatemala"},"content":{"rendered":"<p>[et_pb_section fb_built=&#8221;1&#8243; admin_label=&#8221;section&#8221; _builder_version=&#8221;4.16&#8243; global_colors_info=&#8221;{}&#8221;][et_pb_row admin_label=&#8221;row&#8221; _builder_version=&#8221;4.16&#8243; background_size=&#8221;initial&#8221; background_position=&#8221;top_left&#8221; background_repeat=&#8221;repeat&#8221; global_colors_info=&#8221;{}&#8221;][et_pb_column type=&#8221;4_4&#8243; _builder_version=&#8221;4.16&#8243; custom_padding=&#8221;|||&#8221; global_colors_info=&#8221;{}&#8221; custom_padding__hover=&#8221;|||&#8221;][et_pb_text _builder_version=&#8221;4.25.1&#8243; _module_preset=&#8221;default&#8221; global_colors_info=&#8221;{}&#8221;]<\/p>\n<div id=\"app\">\n<div id=\"appContainer\" class=\"QdrUx body-156\">\n<div class=\"Flvp1 customScrollBar\">\n<div id=\"mainApp\" class=\"NzIuH\">\n<div class=\"gU1Tf\">\n<div class=\"I3sS5\">\n<div id=\"MainModule\" class=\"FJ4hV\">\n<div class=\"SW7A6\">\n<div class=\"LBktY\">\n<div class=\"q9iRC css-297\" data-max-width=\"2400\">\n<div class=\"HOVUa\">\n<div class=\"nbmyu FkPdL czwRD LCprM\">\n<div id=\"Skip to message-region\" class=\"Mq3cC css-479\" role=\"main\" data-app-section=\"MailReadCompose\" aria-label=\"Reading Pane\" data-skip-link-name=\"Skip to message\">\n<div id=\"ReadingPaneContainerId\" class=\"Xsklh VJZZC\">\n<div>\n<div class=\"g_zET\">\n<div class=\"Pzn2X\">\n<div id=\"ItemReadingPaneContainer\" class=\"KD9CV GSQBG\">\n<div class=\"Q8TCC yyYQP tVueT customScrollBar\" data-app-section=\"ItemContainer\" data-is-scrollable=\"true\">\n<div>\n<div class=\"wide-content-host\">\n<div class=\"Vm3e5 pinIo\">\n<div id=\"UniqueMessageBody\" class=\"ulb23 GNqVo allowTextSelection OuGoX\" role=\"document\" aria-label=\"Message body\">\n<div>\n<div class=\"rps_8801\">\n<div lang=\"EN-US\">\n<div class=\"x_WordSection1\">\u00a0<\/div>\n<\/div>\n<\/div>\n<\/div>\n<\/div>\n<\/div>\n<\/div>\n<\/div>\n<\/div>\n<\/div>\n<\/div>\n<\/div>\n<\/div>\n<\/div>\n<\/div>\n<\/div>\n<\/div>\n<\/div>\n<\/div>\n<\/div>\n<\/div>\n<\/div>\n<\/div>\n<\/div>\n<\/div>\n<\/div>\n<\/div>\n<p style=\"text-align: center\"><strong>Remarks by the President of the General Assembly,<\/strong><\/p>\n<p style=\"text-align: center\"><strong>Mr. Dennis Francis,<\/strong><\/p>\n<p style=\"text-align: center\"><strong>at the 84<sup>th<\/sup> Plenary Meeting of the General Assembly to hear the Address by H.E. C\u00e9sar Bernardo Ar\u00e9valo de Le\u00f3n, President of the Republic of Guatemala<\/strong><\/p>\n<p style=\"text-align: center\"><strong>3 June 2024<\/strong><\/p>\n<p style=\"text-align: center\"><strong>[As Delivered]<\/strong><\/p>\n<p style=\"text-align: center\"><a href=\"https:\/\/eur02.safelinks.protection.outlook.com\/?url=https%3A%2F%2Fyoutu.be%2Fjtg0XaCJ2Q4&amp;data=05%7C02%7Cmariam.shaikh%40un.org%7C254776cc25694763d91c08dc840616c3%7C0f9e35db544f4f60bdcc5ea416e6dc70%7C0%7C0%7C638530408936039699%7CUnknown%7CTWFpbGZsb3d8eyJWIjoiMC4wLjAwMDAiLCJQIjoiV2luMzIiLCJBTiI6Ik1haWwiLCJXVCI6Mn0%3D%7C0%7C%7C%7C&amp;sdata=ZSWLdSOk020tE87vE6CYd4MdbEplOQ4wcP22%2FDofk6I%3D&amp;reserved=0\">https:\/\/youtu.be\/jtg0XaCJ2Q4<\/a><\/p>\n<p><strong>\u00a0<\/strong><\/p>\n<p><em>Your Excellency, C\u00e9sar Bernardo Ar\u00e9valo de Le\u00f3n, President of the Republic of Guatemala,<\/em><\/p>\n<p><em>Excellencies, Distinguished Delegates,<\/em><\/p>\n<p>We gather today in the spirit that \u201cwe are stronger together\u201d \u2013 bound by the principles of consultation, inclusion and solidarity that have underpinned multilateralism for nearly 80 years \u2013 the standard bearers for the Presidencies of the General Assembly since the founding days of this venerable institution.<\/p>\n<p>Principles that, for decades, have enabled the globalization and integration of societies and systems at breakneck speed \u2013 and principles from which, quite unfortunately, geopolitical tensions and mistrust appear to be breaking apart today.<\/p>\n<p>We see the devasting consequences of this in the <strong>more than 36,000 Palestinians and 1,500 Israelis killed in the relentless unnecessary violence in Gaza<\/strong>, the continued unlawful <strong>aggression against Ukraine<\/strong> \u2013 among numerous other simmering conflicts around the world; demanding that we understand the necessity to return to our multilateral roots as our best chance in surmounting them.<\/p>\n<p>Our commitment to multilateralism is enshrined in the United Nations Charter \u2013 in our collective pledge to protect future generations from the scourge of war.<\/p>\n<p>It is at its best when we assert our faith in fundamental human rights, when we uphold the dignity of all human beings \u2013 and when we stand firm, <strong>together<\/strong>, in support of equality between women and men, among nations, large and small.<\/p>\n<p>I invite every Member State to seize the opportunity offered by this address by His Excellency President Bernardo Ar\u00e9valo de Le\u00f3n, the distinguished President of Guatemala, to recommit to multilateralism.<\/p>\n<p>&nbsp;<\/p>\n<p><em>Excellencies,<\/em><\/p>\n<p>In this spirit, I was pleased to facilitate the request from the Permanent Mission of Guatemala to convene today\u2019s plenary meeting \u2013 and on your behalf and my own, I extend a sincere welcome to the President of Guatemala.<\/p>\n<p>We are all aware that Guatemala \u2013 a loyal member of this organization \u2013 is also a diverse and multicultural nation; with a rich heritage and strong resilience woven into its vibrant social fabric.<\/p>\n<p>The road to peace was not the work of any one Government, political party, or social group.<\/p>\n<p>Several administrations played their part \u2013 with strong support from the United Nations, a broad spectrum of civil society organizations, and <strong>La Unidad Revolucionaria Nacional Guatemalteca (URNG).<\/strong><\/p>\n<p>These myriad efforts spanned years, showcasing the determination of all parties \u2013 working as one \u2013 to deliver on the highest aspiration for any society: <strong>peace<\/strong>.<\/p>\n<p>As a result, the people of Guatemala brought an end to an era of terrible violence \u2013 and ushered in a new era of tranquility and sustained stability.<\/p>\n<p>All Guatemalans should be rightly proud of all they have accomplished.<\/p>\n<p>&nbsp;<\/p>\n<p><em>Excellencies, Dear Colleagues,<\/em><\/p>\n<p>As I conclude, it is worth emphasizing that Guatemala\u2019s success speaks clearly to the value of working together for the greater good.<\/p>\n<p>Looking ahead, the <strong>Summit of the Future<\/strong> in September 2024, is <strong>the<\/strong> opportunity for Member States to work together to reinvigorate and strengthen multilateralism.<\/p>\n<p>By building more effective and inclusive systems, networks and relationships that align with the demands of an increasingly multipolar world and that fulfill the central promise of the 2030 Agenda for Sustainable Development: <strong>to leave no one behind<\/strong>.<\/p>\n<p>As the intergovernmental negotiations on the <strong>Pact for the Future<\/strong> advance, I encourage delegations to engage meaningfully in a spirit of compromise \u2013 steering the negotiations towards a successful Summit in September.<\/p>\n<p>Once again, I urge you to use this once-in-a-generation opportunity to redefine multilateral cooperation \u2013 to return to the foundational principles of the Ä¢¹½ÊÓÆµ Charter, to restore the credibility of the multilateral system for generations to come and to recapture the once awesome authority and legitimacy of this unique organization.<\/p>\n<p>&nbsp;<\/p>\n<p><strong>I thank you.<\/strong><\/p>\n<p><strong>\u00a0<\/strong><\/p>\n<p>* *** *<\/p>\n<p>&nbsp;<\/p>\n<p><strong>Full video:<\/strong> <a href=\"https:\/\/eur02.safelinks.protection.outlook.com\/?url=https%3A%2F%2Fyoutu.be%2Fjtg0XaCJ2Q4&amp;data=05%7C02%7Cmariam.shaikh%40un.org%7C254776cc25694763d91c08dc840616c3%7C0f9e35db544f4f60bdcc5ea416e6dc70%7C0%7C0%7C638530408936049960%7CUnknown%7CTWFpbGZsb3d8eyJWIjoiMC4wLjAwMDAiLCJQIjoiV2luMzIiLCJBTiI6Ik1haWwiLCJXVCI6Mn0%3D%7C0%7C%7C%7C&amp;sdata=FVbCp%2B9vqhDsKn1Rd4vEcFIUEu%2FjK%2F9OdurfDf5eas4%3D&amp;reserved=0\">https:\/\/youtu.be\/jtg0XaCJ2Q4<\/a><\/p>\n<p><strong>PGA\u2019s Website<\/strong>: <a href=\"https:\/\/www.un.org\/pga\/78\/\">https:\/\/www.un.org\/pga\/78\/<\/a><\/p>\n<p><strong>YouTube<\/strong>: <a href=\"https:\/\/eur02.safelinks.protection.outlook.com\/?url=http%3A%2F%2Fwww.youtube.com%2F%40unpga78&amp;data=05%7C02%7Cmariam.shaikh%40un.org%7C254776cc25694763d91c08dc840616c3%7C0f9e35db544f4f60bdcc5ea416e6dc70%7C0%7C0%7C638530408936058216%7CUnknown%7CTWFpbGZsb3d8eyJWIjoiMC4wLjAwMDAiLCJQIjoiV2luMzIiLCJBTiI6Ik1haWwiLCJXVCI6Mn0%3D%7C0%7C%7C%7C&amp;sdata=NhENBL3Pj43iDqekyCHJJxs%2BRlx4RZf8T83D8V2DqYw%3D&amp;reserved=0\">www.youtube.com\/@unpga78<\/a><\/p>\n<p><strong>X (Twitter)<\/strong>: <a href=\"https:\/\/eur02.safelinks.protection.outlook.com\/?url=http%3A%2F%2Fwww.twitter.com%2FÄ¢¹½ÊÓÆµ_PGA&amp;data=05%7C02%7Cmariam.shaikh%40un.org%7C254776cc25694763d91c08dc840616c3%7C0f9e35db544f4f60bdcc5ea416e6dc70%7C0%7C0%7C638530408936063794%7CUnknown%7CTWFpbGZsb3d8eyJWIjoiMC4wLjAwMDAiLCJQIjoiV2luMzIiLCJBTiI6Ik1haWwiLCJXVCI6Mn0%3D%7C0%7C%7C%7C&amp;sdata=aI%2Fj3tU1MjXmBySGGth5Un5D4VMAF57DYvGtHJ3R4%2BY%3D&amp;reserved=0\">www.twitter.com\/Ä¢¹½ÊÓÆµ_PGA<\/a><\/p>\n<p><strong>Instagram<\/strong>: <a href=\"https:\/\/eur02.safelinks.protection.outlook.com\/?url=http%3A%2F%2Fwww.instagram.com%2Funpga&amp;data=05%7C02%7Cmariam.shaikh%40un.org%7C254776cc25694763d91c08dc840616c3%7C0f9e35db544f4f60bdcc5ea416e6dc70%7C0%7C0%7C638530408936069005%7CUnknown%7CTWFpbGZsb3d8eyJWIjoiMC4wLjAwMDAiLCJQIjoiV2luMzIiLCJBTiI6Ik1haWwiLCJXVCI6Mn0%3D%7C0%7C%7C%7C&amp;sdata=kY9iFysqMRA7MGITFM92%2F%2B7ShMyW5SqR8%2F85gQgO6N0%3D&amp;reserved=0\">www.instagram.com\/unpga<\/a><\/p>\n<p><strong>LinkedIn<\/strong>: <a href=\"https:\/\/eur02.safelinks.protection.outlook.com\/?url=https%3A%2F%2Fwww.linkedin.com%2Fin%2Fun-pga78%2F&amp;data=05%7C02%7Cmariam.shaikh%40un.org%7C254776cc25694763d91c08dc840616c3%7C0f9e35db544f4f60bdcc5ea416e6dc70%7C0%7C0%7C638530408936074876%7CUnknown%7CTWFpbGZsb3d8eyJWIjoiMC4wLjAwMDAiLCJQIjoiV2luMzIiLCJBTiI6Ik1haWwiLCJXVCI6Mn0%3D%7C0%7C%7C%7C&amp;sdata=U9ZO5gwG234WPANIRB1xX1ic4SohLp%2BcRjI0GFlp%2BUg%3D&amp;reserved=0\">https:\/\/www.linkedin.com\/in\/un-pga78\/<\/a><\/p>\n<p>[\/et_pb_text][et_pb_video src=&#8221;https:\/\/youtu.be\/jtg0XaCJ2Q4&#8243; _builder_version=&#8221;4.25.1&#8243; _module_preset=&#8221;default&#8221; global_colors_info=&#8221;{}&#8221;][\/et_pb_video][\/et_pb_column][\/et_pb_row][\/et_pb_section]<\/p>\n","protected":false},"excerpt":{"rendered":"<p>\u00a0 Remarks by the President of the General Assembly, Mr. Dennis Francis, at the 84th Plenary Meeting of the General Assembly to hear the Address by H.E. C\u00e9sar Bernardo Ar\u00e9valo [&hellip;]<\/p>\n","protected":false},"author":373,"featured_media":0,"comment_status":"closed","ping_status":"closed","sticky":false,"template":"","format":"standard","meta":{"_et_pb_use_builder":"on","_et_pb_old_content":"","_et_gb_content_width":"","footnotes":""},"categories":[81,111],"tags":[],"class_list":["post-278337","post","type-post","status-publish","format-standard","hentry","category-blog","category-speeches","et-doesnt-have-format-content","et_post_format-et-post-format-standard"],"yoast_head":"<!-- This site is optimized with the Yoast SEO plugin v28.3 - https:\/\/yoast.com\/product\/yoast-seo-wordpress\/ -->\n<title>PGA Remarks at the 84th Plenary Meeting of the General Assembly to hear the Address by H.E. C\u00e9sar Bernardo Ar\u00e9valo de Le\u00f3n, President of the Republic of Guatemala | General Assembly of the United Nations<\/title>\n<meta name=\"robots\" content=\"index, follow, max-snippet:-1, max-image-preview:large, max-video-preview:-1\" \/>\n<link rel=\"canonical\" href=\"https:\/\/www.un.org\/pga\/78\/2024\/06\/03\/pga-remarks-at-the-84th-plenary-meeting-of-the-general-assembly-to-hear-the-address-by-h-e-cesar-bernardo-arevalo-de-leon-president-of-the-republic-of-guatemala\/\" \/>\n<meta property=\"og:locale\" content=\"en_US\" \/>\n<meta property=\"og:type\" content=\"article\" \/>\n<meta property=\"og:title\" content=\"PGA Remarks at the 84th Plenary Meeting of the General Assembly to hear the Address by H.E. C\u00e9sar Bernardo Ar\u00e9valo de Le\u00f3n, President of the Republic of Guatemala | General Assembly of the United Nations\" \/>\n<meta property=\"og:description\" content=\"\u00a0 Remarks by the President of the General Assembly, Mr. Dennis Francis, at the 84th Plenary Meeting of the General Assembly to hear the Address by H.E. C\u00e9sar Bernardo Ar\u00e9valo [&hellip;]\" \/>\n<meta property=\"og:url\" content=\"https:\/\/www.un.org\/pga\/78\/2024\/06\/03\/pga-remarks-at-the-84th-plenary-meeting-of-the-general-assembly-to-hear-the-address-by-h-e-cesar-bernardo-arevalo-de-leon-president-of-the-republic-of-guatemala\/\" \/>\n<meta property=\"og:site_name\" content=\"General Assembly of the United Nations\" \/>\n<meta property=\"article:published_time\" content=\"2024-06-03T20:11:57+00:00\" \/>\n<meta property=\"article:modified_time\" content=\"2024-06-03T20:22:10+00:00\" \/>\n<meta property=\"og:image\" content=\"https:\/\/www.un.org\/pga\/wp-content\/uploads\/sites\/108\/2020\/09\/Ä¢¹½ÊÓÆµGA75_2020_REVERSED-01.png\" \/>\n\t<meta property=\"og:image:width\" content=\"4397\" \/>\n\t<meta property=\"og:image:height\" content=\"3221\" \/>\n\t<meta property=\"og:image:type\" content=\"image\/png\" \/>\n<meta name=\"author\" content=\"Mariam Shaikh\" \/>\n<meta name=\"twitter:card\" content=\"summary_large_image\" \/>\n<meta name=\"twitter:creator\" content=\"@Ä¢¹½ÊÓÆµ_PGA\" \/>\n<meta name=\"twitter:site\" content=\"@Ä¢¹½ÊÓÆµ_PGA\" \/>\n<meta name=\"twitter:label1\" content=\"Written by\" \/>\n\t<meta name=\"twitter:data1\" content=\"Mariam Shaikh\" \/>\n\t<meta name=\"twitter:label2\" content=\"Est. reading time\" \/>\n\t<meta name=\"twitter:data2\" content=\"4 minutes\" \/>\n<script type=\"application\/ld+json\" class=\"yoast-schema-graph\">{\"@context\":\"https:\\\/\\\/schema.org\",\"@graph\":[{\"@type\":\"Article\",\"@id\":\"https:\\\/\\\/www.un.org\\\/pga\\\/78\\\/2024\\\/06\\\/03\\\/pga-remarks-at-the-84th-plenary-meeting-of-the-general-assembly-to-hear-the-address-by-h-e-cesar-bernardo-arevalo-de-leon-president-of-the-republic-of-guatemala\\\/#article\",\"isPartOf\":{\"@id\":\"https:\\\/\\\/www.un.org\\\/pga\\\/78\\\/2024\\\/06\\\/03\\\/pga-remarks-at-the-84th-plenary-meeting-of-the-general-assembly-to-hear-the-address-by-h-e-cesar-bernardo-arevalo-de-leon-president-of-the-republic-of-guatemala\\\/\"},\"author\":{\"name\":\"Mariam Shaikh\",\"@id\":\"https:\\\/\\\/www.un.org\\\/pga\\\/78\\\/#\\\/schema\\\/person\\\/a6125ff2aae976abbd38a051575a1151\"},\"headline\":\"PGA Remarks at the 84th Plenary Meeting of the General Assembly to hear the Address by H.E. C\u00e9sar Bernardo Ar\u00e9valo de Le\u00f3n, President of the Republic of Guatemala\",\"datePublished\":\"2024-06-03T20:11:57+00:00\",\"dateModified\":\"2024-06-03T20:22:10+00:00\",\"mainEntityOfPage\":{\"@id\":\"https:\\\/\\\/www.un.org\\\/pga\\\/78\\\/2024\\\/06\\\/03\\\/pga-remarks-at-the-84th-plenary-meeting-of-the-general-assembly-to-hear-the-address-by-h-e-cesar-bernardo-arevalo-de-leon-president-of-the-republic-of-guatemala\\\/\"},\"wordCount\":814,\"publisher\":{\"@id\":\"https:\\\/\\\/www.un.org\\\/pga\\\/78\\\/#organization\"},\"articleSection\":[\"Blog\",\"Speeches\"],\"inLanguage\":\"en-US\"},{\"@type\":\"WebPage\",\"@id\":\"https:\\\/\\\/www.un.org\\\/pga\\\/78\\\/2024\\\/06\\\/03\\\/pga-remarks-at-the-84th-plenary-meeting-of-the-general-assembly-to-hear-the-address-by-h-e-cesar-bernardo-arevalo-de-leon-president-of-the-republic-of-guatemala\\\/\",\"url\":\"https:\\\/\\\/www.un.org\\\/pga\\\/78\\\/2024\\\/06\\\/03\\\/pga-remarks-at-the-84th-plenary-meeting-of-the-general-assembly-to-hear-the-address-by-h-e-cesar-bernardo-arevalo-de-leon-president-of-the-republic-of-guatemala\\\/\",\"name\":\"PGA Remarks at the 84th Plenary Meeting of the General Assembly to hear the Address by H.E. C\u00e9sar Bernardo Ar\u00e9valo de Le\u00f3n, President of the Republic of Guatemala | General Assembly of the United Nations\",\"isPartOf\":{\"@id\":\"https:\\\/\\\/www.un.org\\\/pga\\\/78\\\/#website\"},\"datePublished\":\"2024-06-03T20:11:57+00:00\",\"dateModified\":\"2024-06-03T20:22:10+00:00\",\"breadcrumb\":{\"@id\":\"https:\\\/\\\/www.un.org\\\/pga\\\/78\\\/2024\\\/06\\\/03\\\/pga-remarks-at-the-84th-plenary-meeting-of-the-general-assembly-to-hear-the-address-by-h-e-cesar-bernardo-arevalo-de-leon-president-of-the-republic-of-guatemala\\\/#breadcrumb\"},\"inLanguage\":\"en-US\",\"potentialAction\":[{\"@type\":\"ReadAction\",\"target\":[\"https:\\\/\\\/www.un.org\\\/pga\\\/78\\\/2024\\\/06\\\/03\\\/pga-remarks-at-the-84th-plenary-meeting-of-the-general-assembly-to-hear-the-address-by-h-e-cesar-bernardo-arevalo-de-leon-president-of-the-republic-of-guatemala\\\/\"]}]},{\"@type\":\"BreadcrumbList\",\"@id\":\"https:\\\/\\\/www.un.org\\\/pga\\\/78\\\/2024\\\/06\\\/03\\\/pga-remarks-at-the-84th-plenary-meeting-of-the-general-assembly-to-hear-the-address-by-h-e-cesar-bernardo-arevalo-de-leon-president-of-the-republic-of-guatemala\\\/#breadcrumb\",\"itemListElement\":[{\"@type\":\"ListItem\",\"position\":1,\"name\":\"Home\",\"item\":\"https:\\\/\\\/www.un.org\\\/pga\\\/78\\\/\"},{\"@type\":\"ListItem\",\"position\":2,\"name\":\"PGA Remarks at the 84th Plenary Meeting of the General Assembly to hear the Address by H.E. C\u00e9sar Bernardo Ar\u00e9valo de Le\u00f3n, President of the Republic of Guatemala\"}]},{\"@type\":\"WebSite\",\"@id\":\"https:\\\/\\\/www.un.org\\\/pga\\\/78\\\/#website\",\"url\":\"https:\\\/\\\/www.un.org\\\/pga\\\/78\\\/\",\"name\":\"General Assembly of the United Nations President of the 75th session\",\"description\":\"President of the 78th session\",\"publisher\":{\"@id\":\"https:\\\/\\\/www.un.org\\\/pga\\\/78\\\/#organization\"},\"potentialAction\":[{\"@type\":\"SearchAction\",\"target\":{\"@type\":\"EntryPoint\",\"urlTemplate\":\"https:\\\/\\\/www.un.org\\\/pga\\\/78\\\/?s={search_term_string}\"},\"query-input\":{\"@type\":\"PropertyValueSpecification\",\"valueRequired\":true,\"valueName\":\"search_term_string\"}}],\"inLanguage\":\"en-US\"},{\"@type\":\"Organization\",\"@id\":\"https:\\\/\\\/www.un.org\\\/pga\\\/78\\\/#organization\",\"name\":\"President of the 75th session of the General Assembly of the United Nations General Assembly of the United Nations\",\"url\":\"https:\\\/\\\/www.un.org\\\/pga\\\/78\\\/\",\"logo\":{\"@type\":\"ImageObject\",\"inLanguage\":\"en-US\",\"@id\":\"https:\\\/\\\/www.un.org\\\/pga\\\/78\\\/#\\\/schema\\\/logo\\\/image\\\/\",\"url\":\"https:\\\/\\\/www.un.org\\\/pga\\\/wp-content\\\/uploads\\\/sites\\\/108\\\/2020\\\/09\\\/Ä¢¹½ÊÓÆµGA75_2020_REVERSED-01.png\",\"contentUrl\":\"https:\\\/\\\/www.un.org\\\/pga\\\/wp-content\\\/uploads\\\/sites\\\/108\\\/2020\\\/09\\\/Ä¢¹½ÊÓÆµGA75_2020_REVERSED-01.png\",\"width\":4397,\"height\":3221,\"caption\":\"President of the 75th session of the General Assembly of the United Nations General Assembly of the United Nations\"},\"image\":{\"@id\":\"https:\\\/\\\/www.un.org\\\/pga\\\/78\\\/#\\\/schema\\\/logo\\\/image\\\/\"},\"sameAs\":[\"https:\\\/\\\/x.com\\\/Ä¢¹½ÊÓÆµ_PGA\"]},{\"@type\":\"Person\",\"@id\":\"https:\\\/\\\/www.un.org\\\/pga\\\/78\\\/#\\\/schema\\\/person\\\/a6125ff2aae976abbd38a051575a1151\",\"name\":\"Mariam Shaikh\",\"image\":{\"@type\":\"ImageObject\",\"inLanguage\":\"en-US\",\"@id\":\"https:\\\/\\\/secure.gravatar.com\\\/avatar\\\/94222feffd54d3e1f8dd77e0b7aee80dafe48474ecdeccdaeca1772150e65ee6?s=96&d=mm&r=g\",\"url\":\"https:\\\/\\\/secure.gravatar.com\\\/avatar\\\/94222feffd54d3e1f8dd77e0b7aee80dafe48474ecdeccdaeca1772150e65ee6?s=96&d=mm&r=g\",\"contentUrl\":\"https:\\\/\\\/secure.gravatar.com\\\/avatar\\\/94222feffd54d3e1f8dd77e0b7aee80dafe48474ecdeccdaeca1772150e65ee6?s=96&d=mm&r=g\",\"caption\":\"Mariam Shaikh\"},\"url\":\"https:\\\/\\\/www.un.org\\\/pga\\\/78\\\/author\\\/mariam-shaikhun-org\\\/\"}]}<\/script>\n<!-- \/ Yoast SEO plugin. -->","yoast_head_json":{"title":"PGA Remarks at the 84th Plenary Meeting of the General Assembly to hear the Address by H.E. C\u00e9sar Bernardo Ar\u00e9valo de Le\u00f3n, President of the Republic of Guatemala | General Assembly of the United Nations","robots":{"index":"index","follow":"follow","max-snippet":"max-snippet:-1","max-image-preview":"max-image-preview:large","max-video-preview":"max-video-preview:-1"},"canonical":"https:\/\/www.un.org\/pga\/78\/2024\/06\/03\/pga-remarks-at-the-84th-plenary-meeting-of-the-general-assembly-to-hear-the-address-by-h-e-cesar-bernardo-arevalo-de-leon-president-of-the-republic-of-guatemala\/","og_locale":"en_US","og_type":"article","og_title":"PGA Remarks at the 84th Plenary Meeting of the General Assembly to hear the Address by H.E. C\u00e9sar Bernardo Ar\u00e9valo de Le\u00f3n, President of the Republic of Guatemala | General Assembly of the United Nations","og_description":"\u00a0 Remarks by the President of the General Assembly, Mr. Dennis Francis, at the 84th Plenary Meeting of the General Assembly to hear the Address by H.E. C\u00e9sar Bernardo Ar\u00e9valo [&hellip;]","og_url":"https:\/\/www.un.org\/pga\/78\/2024\/06\/03\/pga-remarks-at-the-84th-plenary-meeting-of-the-general-assembly-to-hear-the-address-by-h-e-cesar-bernardo-arevalo-de-leon-president-of-the-republic-of-guatemala\/","og_site_name":"General Assembly of the United Nations","article_published_time":"2024-06-03T20:11:57+00:00","article_modified_time":"2024-06-03T20:22:10+00:00","og_image":[{"width":4397,"height":3221,"url":"https:\/\/www.un.org\/pga\/wp-content\/uploads\/sites\/108\/2020\/09\/Ä¢¹½ÊÓÆµGA75_2020_REVERSED-01.png","type":"image\/png"}],"author":"Mariam Shaikh","twitter_card":"summary_large_image","twitter_creator":"@Ä¢¹½ÊÓÆµ_PGA","twitter_site":"@Ä¢¹½ÊÓÆµ_PGA","twitter_misc":{"Written by":"Mariam Shaikh","Est. reading time":"4 minutes"},"schema":{"@context":"https:\/\/schema.org","@graph":[{"@type":"Article","@id":"https:\/\/www.un.org\/pga\/78\/2024\/06\/03\/pga-remarks-at-the-84th-plenary-meeting-of-the-general-assembly-to-hear-the-address-by-h-e-cesar-bernardo-arevalo-de-leon-president-of-the-republic-of-guatemala\/#article","isPartOf":{"@id":"https:\/\/www.un.org\/pga\/78\/2024\/06\/03\/pga-remarks-at-the-84th-plenary-meeting-of-the-general-assembly-to-hear-the-address-by-h-e-cesar-bernardo-arevalo-de-leon-president-of-the-republic-of-guatemala\/"},"author":{"name":"Mariam Shaikh","@id":"https:\/\/www.un.org\/pga\/78\/#\/schema\/person\/a6125ff2aae976abbd38a051575a1151"},"headline":"PGA Remarks at the 84th Plenary Meeting of the General Assembly to hear the Address by H.E. C\u00e9sar Bernardo Ar\u00e9valo de Le\u00f3n, President of the Republic of Guatemala","datePublished":"2024-06-03T20:11:57+00:00","dateModified":"2024-06-03T20:22:10+00:00","mainEntityOfPage":{"@id":"https:\/\/www.un.org\/pga\/78\/2024\/06\/03\/pga-remarks-at-the-84th-plenary-meeting-of-the-general-assembly-to-hear-the-address-by-h-e-cesar-bernardo-arevalo-de-leon-president-of-the-republic-of-guatemala\/"},"wordCount":814,"publisher":{"@id":"https:\/\/www.un.org\/pga\/78\/#organization"},"articleSection":["Blog","Speeches"],"inLanguage":"en-US"},{"@type":"WebPage","@id":"https:\/\/www.un.org\/pga\/78\/2024\/06\/03\/pga-remarks-at-the-84th-plenary-meeting-of-the-general-assembly-to-hear-the-address-by-h-e-cesar-bernardo-arevalo-de-leon-president-of-the-republic-of-guatemala\/","url":"https:\/\/www.un.org\/pga\/78\/2024\/06\/03\/pga-remarks-at-the-84th-plenary-meeting-of-the-general-assembly-to-hear-the-address-by-h-e-cesar-bernardo-arevalo-de-leon-president-of-the-republic-of-guatemala\/","name":"PGA Remarks at the 84th Plenary Meeting of the General Assembly to hear the Address by H.E. C\u00e9sar Bernardo Ar\u00e9valo de Le\u00f3n, President of the Republic of Guatemala | General Assembly of the United Nations","isPartOf":{"@id":"https:\/\/www.un.org\/pga\/78\/#website"},"datePublished":"2024-06-03T20:11:57+00:00","dateModified":"2024-06-03T20:22:10+00:00","breadcrumb":{"@id":"https:\/\/www.un.org\/pga\/78\/2024\/06\/03\/pga-remarks-at-the-84th-plenary-meeting-of-the-general-assembly-to-hear-the-address-by-h-e-cesar-bernardo-arevalo-de-leon-president-of-the-republic-of-guatemala\/#breadcrumb"},"inLanguage":"en-US","potentialAction":[{"@type":"ReadAction","target":["https:\/\/www.un.org\/pga\/78\/2024\/06\/03\/pga-remarks-at-the-84th-plenary-meeting-of-the-general-assembly-to-hear-the-address-by-h-e-cesar-bernardo-arevalo-de-leon-president-of-the-republic-of-guatemala\/"]}]},{"@type":"BreadcrumbList","@id":"https:\/\/www.un.org\/pga\/78\/2024\/06\/03\/pga-remarks-at-the-84th-plenary-meeting-of-the-general-assembly-to-hear-the-address-by-h-e-cesar-bernardo-arevalo-de-leon-president-of-the-republic-of-guatemala\/#breadcrumb","itemListElement":[{"@type":"ListItem","position":1,"name":"Home","item":"https:\/\/www.un.org\/pga\/78\/"},{"@type":"ListItem","position":2,"name":"PGA Remarks at the 84th Plenary Meeting of the General Assembly to hear the Address by H.E. C\u00e9sar Bernardo Ar\u00e9valo de Le\u00f3n, President of the Republic of Guatemala"}]},{"@type":"WebSite","@id":"https:\/\/www.un.org\/pga\/78\/#website","url":"https:\/\/www.un.org\/pga\/78\/","name":"General Assembly of the United Nations President of the 75th session","description":"President of the 78th session","publisher":{"@id":"https:\/\/www.un.org\/pga\/78\/#organization"},"potentialAction":[{"@type":"SearchAction","target":{"@type":"EntryPoint","urlTemplate":"https:\/\/www.un.org\/pga\/78\/?s={search_term_string}"},"query-input":{"@type":"PropertyValueSpecification","valueRequired":true,"valueName":"search_term_string"}}],"inLanguage":"en-US"},{"@type":"Organization","@id":"https:\/\/www.un.org\/pga\/78\/#organization","name":"President of the 75th session of the General Assembly of the United Nations General Assembly of the United Nations","url":"https:\/\/www.un.org\/pga\/78\/","logo":{"@type":"ImageObject","inLanguage":"en-US","@id":"https:\/\/www.un.org\/pga\/78\/#\/schema\/logo\/image\/","url":"https:\/\/www.un.org\/pga\/wp-content\/uploads\/sites\/108\/2020\/09\/Ä¢¹½ÊÓÆµGA75_2020_REVERSED-01.png","contentUrl":"https:\/\/www.un.org\/pga\/wp-content\/uploads\/sites\/108\/2020\/09\/Ä¢¹½ÊÓÆµGA75_2020_REVERSED-01.png","width":4397,"height":3221,"caption":"President of the 75th session of the General Assembly of the United Nations General Assembly of the United Nations"},"image":{"@id":"https:\/\/www.un.org\/pga\/78\/#\/schema\/logo\/image\/"},"sameAs":["https:\/\/x.com\/Ä¢¹½ÊÓÆµ_PGA"]},{"@type":"Person","@id":"https:\/\/www.un.org\/pga\/78\/#\/schema\/person\/a6125ff2aae976abbd38a051575a1151","name":"Mariam Shaikh","image":{"@type":"ImageObject","inLanguage":"en-US","@id":"https:\/\/secure.gravatar.com\/avatar\/94222feffd54d3e1f8dd77e0b7aee80dafe48474ecdeccdaeca1772150e65ee6?s=96&d=mm&r=g","url":"https:\/\/secure.gravatar.com\/avatar\/94222feffd54d3e1f8dd77e0b7aee80dafe48474ecdeccdaeca1772150e65ee6?s=96&d=mm&r=g","contentUrl":"https:\/\/secure.gravatar.com\/avatar\/94222feffd54d3e1f8dd77e0b7aee80dafe48474ecdeccdaeca1772150e65ee6?s=96&d=mm&r=g","caption":"Mariam Shaikh"},"url":"https:\/\/www.un.org\/pga\/78\/author\/mariam-shaikhun-org\/"}]}},"_links":{"self":[{"href":"https:\/\/www.un.org\/pga\/78\/wp-json\/wp\/v2\/posts\/278337","targetHints":{"allow":["GET"]}}],"collection":[{"href":"https:\/\/www.un.org\/pga\/78\/wp-json\/wp\/v2\/posts"}],"about":[{"href":"https:\/\/www.un.org\/pga\/78\/wp-json\/wp\/v2\/types\/post"}],"author":[{"embeddable":true,"href":"https:\/\/www.un.org\/pga\/78\/wp-json\/wp\/v2\/users\/373"}],"replies":[{"embeddable":true,"href":"https:\/\/www.un.org\/pga\/78\/wp-json\/wp\/v2\/comments?post=278337"}],"version-history":[{"count":0,"href":"https:\/\/www.un.org\/pga\/78\/wp-json\/wp\/v2\/posts\/278337\/revisions"}],"wp:attachment":[{"href":"https:\/\/www.un.org\/pga\/78\/wp-json\/wp\/v2\/media?parent=278337"}],"wp:term":[{"taxonomy":"category","embeddable":true,"href":"https:\/\/www.un.org\/pga\/78\/wp-json\/wp\/v2\/categories?post=278337"},{"taxonomy":"post_tag","embeddable":true,"href":"https:\/\/www.un.org\/pga\/78\/wp-json\/wp\/v2\/tags?post=278337"}],"curies":[{"name":"wp","href":"https:\/\/api.w.org\/{rel}","templated":true}]}}