  {"id":278469,"date":"2024-06-06T11:00:48","date_gmt":"2024-06-06T15:00:48","guid":{"rendered":"https:\/\/www.un.org\/pga\/78\/?p=278469"},"modified":"2024-06-06T11:00:48","modified_gmt":"2024-06-06T15:00:48","slug":"readout-of-the-meeting-between-the-president-of-the-general-assembly-and-h-e-cesar-bernardo-arevalo-de-leon-president-of-the-republic-of-guatemala","status":"publish","type":"post","link":"https:\/\/www.un.org\/pga\/78\/2024\/06\/06\/readout-of-the-meeting-between-the-president-of-the-general-assembly-and-h-e-cesar-bernardo-arevalo-de-leon-president-of-the-republic-of-guatemala\/","title":{"rendered":"Readout of the Meeting Between the President of the General Assembly and H.E. C\u00e9sar Bernardo Ar\u00e9valo de Le\u00f3n, President of the Republic of Guatemala"},"content":{"rendered":"<p class=\"xmsonormal\" style=\"margin-bottom: 8.0pt;line-height: 12.6pt;vertical-align: baseline\"><span style=\"font-size: 12.0pt;font-family: inherit;color: #4d4d4d\">On\u00a0Monday,\u00a03\u00a0June\u00a02024, President of the General Assembly, H.E. Mr. Dennis Francis, met with H.E. C\u00e9sar Bernardo Ar\u00e9valo de Le\u00f3n, President of the Republic of Guatemala.<\/span><\/p>\n<p class=\"xmsonormal\" style=\"margin-bottom: 8.0pt;line-height: 12.6pt;vertical-align: baseline\"><span style=\"font-size: 12.0pt;font-family: inherit;color: #4d4d4d\">The President of the General Assembly and the President of the Republic of Guatemala discussed the importance of multilateralism in the light of the difficult geopolitical situation the world is facing. In their exchange<\/span><span style=\"font-size: 12.0pt;font-family: inherit\">, among others, both sides stressed <span style=\"color: #4d4d4d\">the importance of the fight against corruption<\/span>, which can impede the achievement of the SDGs<span style=\"color: #4d4d4d\">.<\/span><\/span><\/p>\n<p>&nbsp;<\/p>\n<p><em>3 June 2024, Ä¢¹½ÊÓÆµ Headquarters, New York<\/em><\/p>\n","protected":false},"excerpt":{"rendered":"<p>On\u00a0Monday,\u00a03\u00a0June\u00a02024, President of the General Assembly, H.E. Mr. Dennis Francis, met with H.E. C\u00e9sar Bernardo Ar\u00e9valo de Le\u00f3n, President of the Republic of Guatemala. The President of the General Assembly [&hellip;]<\/p>\n","protected":false},"author":372,"featured_media":0,"comment_status":"closed","ping_status":"closed","sticky":false,"template":"","format":"standard","meta":{"_et_pb_use_builder":"","_et_pb_old_content":"","_et_gb_content_width":"","footnotes":""},"categories":[81,105],"tags":[],"class_list":["post-278469","post","type-post","status-publish","format-standard","hentry","category-blog","category-readout","et-doesnt-have-format-content","et_post_format-et-post-format-standard"],"yoast_head":"<!-- This site is optimized with the Yoast SEO plugin v28.3 - https:\/\/yoast.com\/product\/yoast-seo-wordpress\/ -->\n<title>Readout of the Meeting Between the President of the General Assembly and H.E. C\u00e9sar Bernardo Ar\u00e9valo de Le\u00f3n, President of the Republic of Guatemala | General Assembly of the United Nations<\/title>\n<meta name=\"robots\" content=\"index, follow, max-snippet:-1, max-image-preview:large, max-video-preview:-1\" \/>\n<link rel=\"canonical\" href=\"https:\/\/www.un.org\/pga\/78\/2024\/06\/06\/readout-of-the-meeting-between-the-president-of-the-general-assembly-and-h-e-cesar-bernardo-arevalo-de-leon-president-of-the-republic-of-guatemala\/\" \/>\n<meta property=\"og:locale\" content=\"en_US\" \/>\n<meta property=\"og:type\" content=\"article\" \/>\n<meta property=\"og:title\" content=\"Readout of the Meeting Between the President of the General Assembly and H.E. C\u00e9sar Bernardo Ar\u00e9valo de Le\u00f3n, President of the Republic of Guatemala | General Assembly of the United Nations\" \/>\n<meta property=\"og:description\" content=\"On\u00a0Monday,\u00a03\u00a0June\u00a02024, President of the General Assembly, H.E. Mr. Dennis Francis, met with H.E. C\u00e9sar Bernardo Ar\u00e9valo de Le\u00f3n, President of the Republic of Guatemala. The President of the General Assembly [&hellip;]\" \/>\n<meta property=\"og:url\" content=\"https:\/\/www.un.org\/pga\/78\/2024\/06\/06\/readout-of-the-meeting-between-the-president-of-the-general-assembly-and-h-e-cesar-bernardo-arevalo-de-leon-president-of-the-republic-of-guatemala\/\" \/>\n<meta property=\"og:site_name\" content=\"General Assembly of the United Nations\" \/>\n<meta property=\"article:published_time\" content=\"2024-06-06T15:00:48+00:00\" \/>\n<meta property=\"og:image\" content=\"https:\/\/www.un.org\/pga\/wp-content\/uploads\/sites\/108\/2020\/09\/Ä¢¹½ÊÓÆµGA75_2020_REVERSED-01.png\" \/>\n\t<meta property=\"og:image:width\" content=\"4397\" \/>\n\t<meta property=\"og:image:height\" content=\"3221\" \/>\n\t<meta property=\"og:image:type\" content=\"image\/png\" \/>\n<meta name=\"author\" content=\"Serena Ysabella Giglio\" \/>\n<meta name=\"twitter:card\" content=\"summary_large_image\" \/>\n<meta name=\"twitter:creator\" content=\"@Ä¢¹½ÊÓÆµ_PGA\" \/>\n<meta name=\"twitter:site\" content=\"@Ä¢¹½ÊÓÆµ_PGA\" \/>\n<meta name=\"twitter:label1\" content=\"Written by\" \/>\n\t<meta name=\"twitter:data1\" content=\"Serena Ysabella Giglio\" \/>\n<script type=\"application\/ld+json\" class=\"yoast-schema-graph\">{\"@context\":\"https:\\\/\\\/schema.org\",\"@graph\":[{\"@type\":\"Article\",\"@id\":\"https:\\\/\\\/www.un.org\\\/pga\\\/78\\\/2024\\\/06\\\/06\\\/readout-of-the-meeting-between-the-president-of-the-general-assembly-and-h-e-cesar-bernardo-arevalo-de-leon-president-of-the-republic-of-guatemala\\\/#article\",\"isPartOf\":{\"@id\":\"https:\\\/\\\/www.un.org\\\/pga\\\/78\\\/2024\\\/06\\\/06\\\/readout-of-the-meeting-between-the-president-of-the-general-assembly-and-h-e-cesar-bernardo-arevalo-de-leon-president-of-the-republic-of-guatemala\\\/\"},\"author\":{\"name\":\"Serena Ysabella Giglio\",\"@id\":\"https:\\\/\\\/www.un.org\\\/pga\\\/78\\\/#\\\/schema\\\/person\\\/5c1108205fdfb38701b42ab112736fbf\"},\"headline\":\"Readout of the Meeting Between the President of the General Assembly and H.E. C\u00e9sar Bernardo Ar\u00e9valo de Le\u00f3n, President of the Republic of Guatemala\",\"datePublished\":\"2024-06-06T15:00:48+00:00\",\"mainEntityOfPage\":{\"@id\":\"https:\\\/\\\/www.un.org\\\/pga\\\/78\\\/2024\\\/06\\\/06\\\/readout-of-the-meeting-between-the-president-of-the-general-assembly-and-h-e-cesar-bernardo-arevalo-de-leon-president-of-the-republic-of-guatemala\\\/\"},\"wordCount\":119,\"publisher\":{\"@id\":\"https:\\\/\\\/www.un.org\\\/pga\\\/78\\\/#organization\"},\"articleSection\":[\"Blog\",\"Readout\"],\"inLanguage\":\"en-US\"},{\"@type\":\"WebPage\",\"@id\":\"https:\\\/\\\/www.un.org\\\/pga\\\/78\\\/2024\\\/06\\\/06\\\/readout-of-the-meeting-between-the-president-of-the-general-assembly-and-h-e-cesar-bernardo-arevalo-de-leon-president-of-the-republic-of-guatemala\\\/\",\"url\":\"https:\\\/\\\/www.un.org\\\/pga\\\/78\\\/2024\\\/06\\\/06\\\/readout-of-the-meeting-between-the-president-of-the-general-assembly-and-h-e-cesar-bernardo-arevalo-de-leon-president-of-the-republic-of-guatemala\\\/\",\"name\":\"Readout of the Meeting Between the President of the General Assembly and H.E. C\u00e9sar Bernardo Ar\u00e9valo de Le\u00f3n, President of the Republic of Guatemala | General Assembly of the United Nations\",\"isPartOf\":{\"@id\":\"https:\\\/\\\/www.un.org\\\/pga\\\/78\\\/#website\"},\"datePublished\":\"2024-06-06T15:00:48+00:00\",\"breadcrumb\":{\"@id\":\"https:\\\/\\\/www.un.org\\\/pga\\\/78\\\/2024\\\/06\\\/06\\\/readout-of-the-meeting-between-the-president-of-the-general-assembly-and-h-e-cesar-bernardo-arevalo-de-leon-president-of-the-republic-of-guatemala\\\/#breadcrumb\"},\"inLanguage\":\"en-US\",\"potentialAction\":[{\"@type\":\"ReadAction\",\"target\":[\"https:\\\/\\\/www.un.org\\\/pga\\\/78\\\/2024\\\/06\\\/06\\\/readout-of-the-meeting-between-the-president-of-the-general-assembly-and-h-e-cesar-bernardo-arevalo-de-leon-president-of-the-republic-of-guatemala\\\/\"]}]},{\"@type\":\"BreadcrumbList\",\"@id\":\"https:\\\/\\\/www.un.org\\\/pga\\\/78\\\/2024\\\/06\\\/06\\\/readout-of-the-meeting-between-the-president-of-the-general-assembly-and-h-e-cesar-bernardo-arevalo-de-leon-president-of-the-republic-of-guatemala\\\/#breadcrumb\",\"itemListElement\":[{\"@type\":\"ListItem\",\"position\":1,\"name\":\"Home\",\"item\":\"https:\\\/\\\/www.un.org\\\/pga\\\/78\\\/\"},{\"@type\":\"ListItem\",\"position\":2,\"name\":\"Readout of the Meeting Between the President of the General Assembly and H.E. C\u00e9sar Bernardo Ar\u00e9valo de Le\u00f3n, President of the Republic of Guatemala\"}]},{\"@type\":\"WebSite\",\"@id\":\"https:\\\/\\\/www.un.org\\\/pga\\\/78\\\/#website\",\"url\":\"https:\\\/\\\/www.un.org\\\/pga\\\/78\\\/\",\"name\":\"General Assembly of the United Nations President of the 75th session\",\"description\":\"President of the 78th session\",\"publisher\":{\"@id\":\"https:\\\/\\\/www.un.org\\\/pga\\\/78\\\/#organization\"},\"potentialAction\":[{\"@type\":\"SearchAction\",\"target\":{\"@type\":\"EntryPoint\",\"urlTemplate\":\"https:\\\/\\\/www.un.org\\\/pga\\\/78\\\/?s={search_term_string}\"},\"query-input\":{\"@type\":\"PropertyValueSpecification\",\"valueRequired\":true,\"valueName\":\"search_term_string\"}}],\"inLanguage\":\"en-US\"},{\"@type\":\"Organization\",\"@id\":\"https:\\\/\\\/www.un.org\\\/pga\\\/78\\\/#organization\",\"name\":\"President of the 75th session of the General Assembly of the United Nations General Assembly of the United Nations\",\"url\":\"https:\\\/\\\/www.un.org\\\/pga\\\/78\\\/\",\"logo\":{\"@type\":\"ImageObject\",\"inLanguage\":\"en-US\",\"@id\":\"https:\\\/\\\/www.un.org\\\/pga\\\/78\\\/#\\\/schema\\\/logo\\\/image\\\/\",\"url\":\"https:\\\/\\\/www.un.org\\\/pga\\\/wp-content\\\/uploads\\\/sites\\\/108\\\/2020\\\/09\\\/Ä¢¹½ÊÓÆµGA75_2020_REVERSED-01.png\",\"contentUrl\":\"https:\\\/\\\/www.un.org\\\/pga\\\/wp-content\\\/uploads\\\/sites\\\/108\\\/2020\\\/09\\\/Ä¢¹½ÊÓÆµGA75_2020_REVERSED-01.png\",\"width\":4397,\"height\":3221,\"caption\":\"President of the 75th session of the General Assembly of the United Nations General Assembly of the United Nations\"},\"image\":{\"@id\":\"https:\\\/\\\/www.un.org\\\/pga\\\/78\\\/#\\\/schema\\\/logo\\\/image\\\/\"},\"sameAs\":[\"https:\\\/\\\/x.com\\\/Ä¢¹½ÊÓÆµ_PGA\"]},{\"@type\":\"Person\",\"@id\":\"https:\\\/\\\/www.un.org\\\/pga\\\/78\\\/#\\\/schema\\\/person\\\/5c1108205fdfb38701b42ab112736fbf\",\"name\":\"Serena Ysabella Giglio\",\"image\":{\"@type\":\"ImageObject\",\"inLanguage\":\"en-US\",\"@id\":\"https:\\\/\\\/secure.gravatar.com\\\/avatar\\\/1b18a1bffbf5f271814c7813c68312c6fbe9b422670fe2659a596f4accb997e7?s=96&d=mm&r=g\",\"url\":\"https:\\\/\\\/secure.gravatar.com\\\/avatar\\\/1b18a1bffbf5f271814c7813c68312c6fbe9b422670fe2659a596f4accb997e7?s=96&d=mm&r=g\",\"contentUrl\":\"https:\\\/\\\/secure.gravatar.com\\\/avatar\\\/1b18a1bffbf5f271814c7813c68312c6fbe9b422670fe2659a596f4accb997e7?s=96&d=mm&r=g\",\"caption\":\"Serena Ysabella Giglio\"},\"url\":\"https:\\\/\\\/www.un.org\\\/pga\\\/78\\\/author\\\/serena-giglioun-org\\\/\"}]}<\/script>\n<!-- \/ Yoast SEO plugin. -->","yoast_head_json":{"title":"Readout of the Meeting Between the President of the General Assembly and H.E. C\u00e9sar Bernardo Ar\u00e9valo de Le\u00f3n, President of the Republic of Guatemala | General Assembly of the United Nations","robots":{"index":"index","follow":"follow","max-snippet":"max-snippet:-1","max-image-preview":"max-image-preview:large","max-video-preview":"max-video-preview:-1"},"canonical":"https:\/\/www.un.org\/pga\/78\/2024\/06\/06\/readout-of-the-meeting-between-the-president-of-the-general-assembly-and-h-e-cesar-bernardo-arevalo-de-leon-president-of-the-republic-of-guatemala\/","og_locale":"en_US","og_type":"article","og_title":"Readout of the Meeting Between the President of the General Assembly and H.E. C\u00e9sar Bernardo Ar\u00e9valo de Le\u00f3n, President of the Republic of Guatemala | General Assembly of the United Nations","og_description":"On\u00a0Monday,\u00a03\u00a0June\u00a02024, President of the General Assembly, H.E. Mr. Dennis Francis, met with H.E. C\u00e9sar Bernardo Ar\u00e9valo de Le\u00f3n, President of the Republic of Guatemala. The President of the General Assembly [&hellip;]","og_url":"https:\/\/www.un.org\/pga\/78\/2024\/06\/06\/readout-of-the-meeting-between-the-president-of-the-general-assembly-and-h-e-cesar-bernardo-arevalo-de-leon-president-of-the-republic-of-guatemala\/","og_site_name":"General Assembly of the United Nations","article_published_time":"2024-06-06T15:00:48+00:00","og_image":[{"width":4397,"height":3221,"url":"https:\/\/www.un.org\/pga\/wp-content\/uploads\/sites\/108\/2020\/09\/Ä¢¹½ÊÓÆµGA75_2020_REVERSED-01.png","type":"image\/png"}],"author":"Serena Ysabella Giglio","twitter_card":"summary_large_image","twitter_creator":"@Ä¢¹½ÊÓÆµ_PGA","twitter_site":"@Ä¢¹½ÊÓÆµ_PGA","twitter_misc":{"Written by":"Serena Ysabella Giglio"},"schema":{"@context":"https:\/\/schema.org","@graph":[{"@type":"Article","@id":"https:\/\/www.un.org\/pga\/78\/2024\/06\/06\/readout-of-the-meeting-between-the-president-of-the-general-assembly-and-h-e-cesar-bernardo-arevalo-de-leon-president-of-the-republic-of-guatemala\/#article","isPartOf":{"@id":"https:\/\/www.un.org\/pga\/78\/2024\/06\/06\/readout-of-the-meeting-between-the-president-of-the-general-assembly-and-h-e-cesar-bernardo-arevalo-de-leon-president-of-the-republic-of-guatemala\/"},"author":{"name":"Serena Ysabella Giglio","@id":"https:\/\/www.un.org\/pga\/78\/#\/schema\/person\/5c1108205fdfb38701b42ab112736fbf"},"headline":"Readout of the Meeting Between the President of the General Assembly and H.E. C\u00e9sar Bernardo Ar\u00e9valo de Le\u00f3n, President of the Republic of Guatemala","datePublished":"2024-06-06T15:00:48+00:00","mainEntityOfPage":{"@id":"https:\/\/www.un.org\/pga\/78\/2024\/06\/06\/readout-of-the-meeting-between-the-president-of-the-general-assembly-and-h-e-cesar-bernardo-arevalo-de-leon-president-of-the-republic-of-guatemala\/"},"wordCount":119,"publisher":{"@id":"https:\/\/www.un.org\/pga\/78\/#organization"},"articleSection":["Blog","Readout"],"inLanguage":"en-US"},{"@type":"WebPage","@id":"https:\/\/www.un.org\/pga\/78\/2024\/06\/06\/readout-of-the-meeting-between-the-president-of-the-general-assembly-and-h-e-cesar-bernardo-arevalo-de-leon-president-of-the-republic-of-guatemala\/","url":"https:\/\/www.un.org\/pga\/78\/2024\/06\/06\/readout-of-the-meeting-between-the-president-of-the-general-assembly-and-h-e-cesar-bernardo-arevalo-de-leon-president-of-the-republic-of-guatemala\/","name":"Readout of the Meeting Between the President of the General Assembly and H.E. C\u00e9sar Bernardo Ar\u00e9valo de Le\u00f3n, President of the Republic of Guatemala | General Assembly of the United Nations","isPartOf":{"@id":"https:\/\/www.un.org\/pga\/78\/#website"},"datePublished":"2024-06-06T15:00:48+00:00","breadcrumb":{"@id":"https:\/\/www.un.org\/pga\/78\/2024\/06\/06\/readout-of-the-meeting-between-the-president-of-the-general-assembly-and-h-e-cesar-bernardo-arevalo-de-leon-president-of-the-republic-of-guatemala\/#breadcrumb"},"inLanguage":"en-US","potentialAction":[{"@type":"ReadAction","target":["https:\/\/www.un.org\/pga\/78\/2024\/06\/06\/readout-of-the-meeting-between-the-president-of-the-general-assembly-and-h-e-cesar-bernardo-arevalo-de-leon-president-of-the-republic-of-guatemala\/"]}]},{"@type":"BreadcrumbList","@id":"https:\/\/www.un.org\/pga\/78\/2024\/06\/06\/readout-of-the-meeting-between-the-president-of-the-general-assembly-and-h-e-cesar-bernardo-arevalo-de-leon-president-of-the-republic-of-guatemala\/#breadcrumb","itemListElement":[{"@type":"ListItem","position":1,"name":"Home","item":"https:\/\/www.un.org\/pga\/78\/"},{"@type":"ListItem","position":2,"name":"Readout of the Meeting Between the President of the General Assembly and H.E. C\u00e9sar Bernardo Ar\u00e9valo de Le\u00f3n, President of the Republic of Guatemala"}]},{"@type":"WebSite","@id":"https:\/\/www.un.org\/pga\/78\/#website","url":"https:\/\/www.un.org\/pga\/78\/","name":"General Assembly of the United Nations President of the 75th session","description":"President of the 78th session","publisher":{"@id":"https:\/\/www.un.org\/pga\/78\/#organization"},"potentialAction":[{"@type":"SearchAction","target":{"@type":"EntryPoint","urlTemplate":"https:\/\/www.un.org\/pga\/78\/?s={search_term_string}"},"query-input":{"@type":"PropertyValueSpecification","valueRequired":true,"valueName":"search_term_string"}}],"inLanguage":"en-US"},{"@type":"Organization","@id":"https:\/\/www.un.org\/pga\/78\/#organization","name":"President of the 75th session of the General Assembly of the United Nations General Assembly of the United Nations","url":"https:\/\/www.un.org\/pga\/78\/","logo":{"@type":"ImageObject","inLanguage":"en-US","@id":"https:\/\/www.un.org\/pga\/78\/#\/schema\/logo\/image\/","url":"https:\/\/www.un.org\/pga\/wp-content\/uploads\/sites\/108\/2020\/09\/Ä¢¹½ÊÓÆµGA75_2020_REVERSED-01.png","contentUrl":"https:\/\/www.un.org\/pga\/wp-content\/uploads\/sites\/108\/2020\/09\/Ä¢¹½ÊÓÆµGA75_2020_REVERSED-01.png","width":4397,"height":3221,"caption":"President of the 75th session of the General Assembly of the United Nations General Assembly of the United Nations"},"image":{"@id":"https:\/\/www.un.org\/pga\/78\/#\/schema\/logo\/image\/"},"sameAs":["https:\/\/x.com\/Ä¢¹½ÊÓÆµ_PGA"]},{"@type":"Person","@id":"https:\/\/www.un.org\/pga\/78\/#\/schema\/person\/5c1108205fdfb38701b42ab112736fbf","name":"Serena Ysabella Giglio","image":{"@type":"ImageObject","inLanguage":"en-US","@id":"https:\/\/secure.gravatar.com\/avatar\/1b18a1bffbf5f271814c7813c68312c6fbe9b422670fe2659a596f4accb997e7?s=96&d=mm&r=g","url":"https:\/\/secure.gravatar.com\/avatar\/1b18a1bffbf5f271814c7813c68312c6fbe9b422670fe2659a596f4accb997e7?s=96&d=mm&r=g","contentUrl":"https:\/\/secure.gravatar.com\/avatar\/1b18a1bffbf5f271814c7813c68312c6fbe9b422670fe2659a596f4accb997e7?s=96&d=mm&r=g","caption":"Serena Ysabella Giglio"},"url":"https:\/\/www.un.org\/pga\/78\/author\/serena-giglioun-org\/"}]}},"_links":{"self":[{"href":"https:\/\/www.un.org\/pga\/78\/wp-json\/wp\/v2\/posts\/278469","targetHints":{"allow":["GET"]}}],"collection":[{"href":"https:\/\/www.un.org\/pga\/78\/wp-json\/wp\/v2\/posts"}],"about":[{"href":"https:\/\/www.un.org\/pga\/78\/wp-json\/wp\/v2\/types\/post"}],"author":[{"embeddable":true,"href":"https:\/\/www.un.org\/pga\/78\/wp-json\/wp\/v2\/users\/372"}],"replies":[{"embeddable":true,"href":"https:\/\/www.un.org\/pga\/78\/wp-json\/wp\/v2\/comments?post=278469"}],"version-history":[{"count":0,"href":"https:\/\/www.un.org\/pga\/78\/wp-json\/wp\/v2\/posts\/278469\/revisions"}],"wp:attachment":[{"href":"https:\/\/www.un.org\/pga\/78\/wp-json\/wp\/v2\/media?parent=278469"}],"wp:term":[{"taxonomy":"category","embeddable":true,"href":"https:\/\/www.un.org\/pga\/78\/wp-json\/wp\/v2\/categories?post=278469"},{"taxonomy":"post_tag","embeddable":true,"href":"https:\/\/www.un.org\/pga\/78\/wp-json\/wp\/v2\/tags?post=278469"}],"curies":[{"name":"wp","href":"https:\/\/api.w.org\/{rel}","templated":true}]}}