  {"id":280908,"date":"2024-09-25T14:06:42","date_gmt":"2024-09-25T18:06:42","guid":{"rendered":"https:\/\/www.un.org\/pga\/79\/?p=280908"},"modified":"2024-09-25T14:07:30","modified_gmt":"2024-09-25T18:07:30","slug":"readout-of-the-president-of-the-general-assemblys-meeting-with-h-e-micheal-martin-td-tanaiste-and-minister-for-foreign-affairs-and-minister-for-defense-of-ireland","status":"publish","type":"post","link":"https:\/\/www.un.org\/pga\/79\/2024\/09\/25\/readout-of-the-president-of-the-general-assemblys-meeting-with-h-e-micheal-martin-td-tanaiste-and-minister-for-foreign-affairs-and-minister-for-defense-of-ireland\/","title":{"rendered":"Readout of the President of the General Assembly&#8217;s Meeting with\u00a0H.E. Miche\u00e1l Martin TD, T\u00e1naiste\u00a0and Minister for Foreign Affairs and Minister for Defense of Ireland\u00a0"},"content":{"rendered":"<p>[et_pb_section fb_built=&#8221;1&#8243; admin_label=&#8221;section&#8221; _builder_version=&#8221;4.16&#8243; global_colors_info=&#8221;{}&#8221;][et_pb_row admin_label=&#8221;row&#8221; _builder_version=&#8221;4.16&#8243; background_size=&#8221;initial&#8221; background_position=&#8221;top_left&#8221; background_repeat=&#8221;repeat&#8221; global_colors_info=&#8221;{}&#8221;][et_pb_column type=&#8221;4_4&#8243; _builder_version=&#8221;4.16&#8243; custom_padding=&#8221;|||&#8221; global_colors_info=&#8221;{}&#8221; custom_padding__hover=&#8221;|||&#8221;][et_pb_text _builder_version=&#8221;4.27.0&#8243; _module_preset=&#8221;default&#8221; hover_enabled=&#8221;0&#8243; global_colors_info=&#8221;{}&#8221; link_option_url=&#8221;https:\/\/x.com\/un_pga\/status\/1838996667808280813?s=46&#8243; sticky_enabled=&#8221;0&#8243;]<\/p>\n<div align=\"center\">\u00a0<\/div>\n<div align=\"center\">\u00a0<\/div>\n<div class=\"x_elementToProof\" align=\"center\">\u00a0<\/div>\n<p>&nbsp;<\/p>\n<p style=\"text-align: center\"><strong>Readout of the President of the General Assembly&#8217;s Meeting with\u00a0H.E. Miche\u00e1l Martin TD, T\u00e1naiste\u00a0and Minister for Foreign Affairs and Minister for Defense of Ireland\u00a0<\/strong><\/p>\n<p>&nbsp;<\/p>\n<p>The President of the General Assembly H.E. Phil\u00e9mon Yang met with H.E. Miche\u00e1l Martin TD, T\u00e1naiste\u00a0and Minister for Foreign Affairs and Minister for Defense of Ireland on 25 September 2024.<\/p>\n<p>&nbsp;<\/p>\n<p>The President of the General Assembly and the T\u00e1naiste discussed the importance of the Pact for the Future, and the need for dialogue and diplomacy to achieve peace, including in Ukraine and the Middle East.<\/p>\n<p>&nbsp;<\/p>\n<p>They further exchanged views on the importance of nuclear disarmament and the role that small states have at the United Nations.<\/p>\n<p>&nbsp;<\/p>\n<p><strong>New York, 25\u00a0September 2024<\/strong><\/p>\n<p><strong>\u00a0<\/strong><\/p>\n<p><strong>******<\/strong><\/p>\n<p><strong>\u00a0\u00a0<\/strong><\/p>\n<p><strong>Media Contacts<\/strong><\/p>\n<p><strong>Sharon Birch<\/strong>,\u00a0Spokesperson for\u00a0the President of the General Assembly,\u00a0Tel: + 212 963 0564, M: +1 646 342 5873, Email: <strong><u><a href=\"mailto:birchs@un.org\">birchs@un.org<\/a><\/u><\/strong><\/p>\n<p>&nbsp;<\/p>\n<p><strong>Dr.\u00a0Mariam\u00a0Shaikh<\/strong><\/p>\n<p>Adviser\/ Social and Digital Media\/Media Relations<\/p>\n<p>Communications Team<\/p>\n<p>Office of the President of the General Assembly, M: +1\u00a0917\u00a0361 4990, Email:<\/p>\n<p><u><a href=\"mailto:mariam.shaikh@un.org\">mariam.shaikh@un.org<\/a><\/u><\/p>\n<p><strong>\u00a0<\/strong><\/p>\n<p><strong>Media Contacts:<\/strong><\/p>\n<p>Sharon Birch, Spokesperson for the President of the General Assembly, Tel: 1 646-342-5873, email:\u00a0<a href=\"mailto:birchs@un.org\"><strong>birchs@un.org<\/strong><\/a><\/p>\n<p>Mariam Shaikh, Dr. Advisor, Media and Communications, Office of the President of the General Assembly, Tel: 1 9173614990, email:\u00a0<a href=\"mailto:mariam.shaikh@un.org\"><strong>mariam.shaikh@un.org<\/strong><\/a><\/p>\n<p>&nbsp;<\/p>\n<p><strong>Get more updates<\/strong>\u00a0on the statements and the engagements of the President of the General Assembly from the following digital and social media channels:<\/p>\n<p><a href=\"https:\/\/www.un.org\/pga\/79\/\"><strong>Website<\/strong><\/a><strong>:<\/strong>\u00a0\u00a0<a href=\"https:\/\/www.youtube.com\/@Ä¢¹½ÊÓÆµPGA\"><strong>YouTube:\u00a0<\/strong><\/a>\u00a0<a href=\"https:\/\/x.com\/Ä¢¹½ÊÓÆµ_PGA\"><strong>X (Twitter):<\/strong><\/a>\u00a0<a href=\"http:\/\/www.instagram.com\/unpga\"><strong>Instagram<\/strong><\/a>:\u00a0\u00a0<a href=\"https:\/\/www.linkedin.com\/in\/un-pga79\/\"><strong>LinkedIn:\u00a0<\/strong><\/a>\u00a0<a href=\"https:\/\/opga79.imgbb.com\/\"><strong>Photo Repository:\u00a0<\/strong><\/a><\/p>\n<p>&nbsp;<\/p>\n<p>&nbsp;<\/p>\n<p>&nbsp;<\/p>\n<p>[\/et_pb_text][\/et_pb_column][\/et_pb_row][\/et_pb_section]<\/p>\n","protected":false},"excerpt":{"rendered":"<p>\u00a0 \u00a0 \u00a0 &nbsp; Readout of the President of the General Assembly&#8217;s Meeting with\u00a0H.E. Miche\u00e1l Martin TD, T\u00e1naiste\u00a0and Minister for Foreign Affairs and Minister for Defense of Ireland\u00a0 &nbsp; The [&hellip;]<\/p>\n","protected":false},"author":373,"featured_media":0,"comment_status":"closed","ping_status":"closed","sticky":false,"template":"","format":"standard","meta":{"_et_pb_use_builder":"on","_et_pb_old_content":"","_et_gb_content_width":"","footnotes":""},"categories":[81,105],"tags":[],"class_list":["post-280908","post","type-post","status-publish","format-standard","hentry","category-blog","category-readout","et-doesnt-have-format-content","et_post_format-et-post-format-standard"],"yoast_head":"<!-- This site is optimized with the Yoast SEO plugin v28.3 - https:\/\/yoast.com\/product\/yoast-seo-wordpress\/ -->\n<title>Readout of the President of the General Assembly&#039;s Meeting with\u00a0H.E. Miche\u00e1l Martin TD, T\u00e1naiste\u00a0and Minister for Foreign Affairs and Minister for Defense of Ireland\u00a0 | General Assembly of the United Nations<\/title>\n<meta name=\"robots\" content=\"index, follow, max-snippet:-1, max-image-preview:large, max-video-preview:-1\" \/>\n<link rel=\"canonical\" href=\"https:\/\/www.un.org\/pga\/79\/2024\/09\/25\/readout-of-the-president-of-the-general-assemblys-meeting-with-h-e-micheal-martin-td-tanaiste-and-minister-for-foreign-affairs-and-minister-for-defense-of-ireland\/\" \/>\n<meta property=\"og:locale\" content=\"en_US\" \/>\n<meta property=\"og:type\" content=\"article\" \/>\n<meta property=\"og:title\" content=\"Readout of the President of the General Assembly&#039;s Meeting with\u00a0H.E. Miche\u00e1l Martin TD, T\u00e1naiste\u00a0and Minister for Foreign Affairs and Minister for Defense of Ireland\u00a0 | General Assembly of the United Nations\" \/>\n<meta property=\"og:description\" content=\"\u00a0 \u00a0 \u00a0 &nbsp; Readout of the President of the General Assembly&#039;s Meeting with\u00a0H.E. Miche\u00e1l Martin TD, T\u00e1naiste\u00a0and Minister for Foreign Affairs and Minister for Defense of Ireland\u00a0 &nbsp; The [&hellip;]\" \/>\n<meta property=\"og:url\" content=\"https:\/\/www.un.org\/pga\/79\/2024\/09\/25\/readout-of-the-president-of-the-general-assemblys-meeting-with-h-e-micheal-martin-td-tanaiste-and-minister-for-foreign-affairs-and-minister-for-defense-of-ireland\/\" \/>\n<meta property=\"og:site_name\" content=\"General Assembly of the United Nations\" \/>\n<meta property=\"article:published_time\" content=\"2024-09-25T18:06:42+00:00\" \/>\n<meta property=\"article:modified_time\" content=\"2024-09-25T18:07:30+00:00\" \/>\n<meta name=\"author\" content=\"Mariam Shaikh\" \/>\n<meta name=\"twitter:card\" content=\"summary_large_image\" \/>\n<meta name=\"twitter:creator\" content=\"@Ä¢¹½ÊÓÆµ_PGA\" \/>\n<meta name=\"twitter:site\" content=\"@Ä¢¹½ÊÓÆµ_PGA\" \/>\n<meta name=\"twitter:label1\" content=\"Written by\" \/>\n\t<meta name=\"twitter:data1\" content=\"Mariam Shaikh\" \/>\n\t<meta name=\"twitter:label2\" content=\"Est. reading time\" \/>\n\t<meta name=\"twitter:data2\" content=\"2 minutes\" \/>\n<script type=\"application\/ld+json\" class=\"yoast-schema-graph\">{\"@context\":\"https:\\\/\\\/schema.org\",\"@graph\":[{\"@type\":\"Article\",\"@id\":\"https:\\\/\\\/www.un.org\\\/pga\\\/79\\\/2024\\\/09\\\/25\\\/readout-of-the-president-of-the-general-assemblys-meeting-with-h-e-micheal-martin-td-tanaiste-and-minister-for-foreign-affairs-and-minister-for-defense-of-ireland\\\/#article\",\"isPartOf\":{\"@id\":\"https:\\\/\\\/www.un.org\\\/pga\\\/79\\\/2024\\\/09\\\/25\\\/readout-of-the-president-of-the-general-assemblys-meeting-with-h-e-micheal-martin-td-tanaiste-and-minister-for-foreign-affairs-and-minister-for-defense-of-ireland\\\/\"},\"author\":{\"name\":\"Mariam Shaikh\",\"@id\":\"https:\\\/\\\/www.un.org\\\/pga\\\/79\\\/#\\\/schema\\\/person\\\/a6125ff2aae976abbd38a051575a1151\"},\"headline\":\"Readout of the President of the General Assembly&#8217;s Meeting with\u00a0H.E. Miche\u00e1l Martin TD, T\u00e1naiste\u00a0and Minister for Foreign Affairs and Minister for Defense of Ireland\u00a0\",\"datePublished\":\"2024-09-25T18:06:42+00:00\",\"dateModified\":\"2024-09-25T18:07:30+00:00\",\"mainEntityOfPage\":{\"@id\":\"https:\\\/\\\/www.un.org\\\/pga\\\/79\\\/2024\\\/09\\\/25\\\/readout-of-the-president-of-the-general-assemblys-meeting-with-h-e-micheal-martin-td-tanaiste-and-minister-for-foreign-affairs-and-minister-for-defense-of-ireland\\\/\"},\"wordCount\":365,\"publisher\":{\"@id\":\"https:\\\/\\\/www.un.org\\\/pga\\\/79\\\/#organization\"},\"articleSection\":[\"Blog\",\"Readout\"],\"inLanguage\":\"en-US\"},{\"@type\":\"WebPage\",\"@id\":\"https:\\\/\\\/www.un.org\\\/pga\\\/79\\\/2024\\\/09\\\/25\\\/readout-of-the-president-of-the-general-assemblys-meeting-with-h-e-micheal-martin-td-tanaiste-and-minister-for-foreign-affairs-and-minister-for-defense-of-ireland\\\/\",\"url\":\"https:\\\/\\\/www.un.org\\\/pga\\\/79\\\/2024\\\/09\\\/25\\\/readout-of-the-president-of-the-general-assemblys-meeting-with-h-e-micheal-martin-td-tanaiste-and-minister-for-foreign-affairs-and-minister-for-defense-of-ireland\\\/\",\"name\":\"Readout of the President of the General Assembly's Meeting with\u00a0H.E. Miche\u00e1l Martin TD, T\u00e1naiste\u00a0and Minister for Foreign Affairs and Minister for Defense of Ireland\u00a0 | General Assembly of the United Nations\",\"isPartOf\":{\"@id\":\"https:\\\/\\\/www.un.org\\\/pga\\\/79\\\/#website\"},\"datePublished\":\"2024-09-25T18:06:42+00:00\",\"dateModified\":\"2024-09-25T18:07:30+00:00\",\"breadcrumb\":{\"@id\":\"https:\\\/\\\/www.un.org\\\/pga\\\/79\\\/2024\\\/09\\\/25\\\/readout-of-the-president-of-the-general-assemblys-meeting-with-h-e-micheal-martin-td-tanaiste-and-minister-for-foreign-affairs-and-minister-for-defense-of-ireland\\\/#breadcrumb\"},\"inLanguage\":\"en-US\",\"potentialAction\":[{\"@type\":\"ReadAction\",\"target\":[\"https:\\\/\\\/www.un.org\\\/pga\\\/79\\\/2024\\\/09\\\/25\\\/readout-of-the-president-of-the-general-assemblys-meeting-with-h-e-micheal-martin-td-tanaiste-and-minister-for-foreign-affairs-and-minister-for-defense-of-ireland\\\/\"]}]},{\"@type\":\"BreadcrumbList\",\"@id\":\"https:\\\/\\\/www.un.org\\\/pga\\\/79\\\/2024\\\/09\\\/25\\\/readout-of-the-president-of-the-general-assemblys-meeting-with-h-e-micheal-martin-td-tanaiste-and-minister-for-foreign-affairs-and-minister-for-defense-of-ireland\\\/#breadcrumb\",\"itemListElement\":[{\"@type\":\"ListItem\",\"position\":1,\"name\":\"Home\",\"item\":\"https:\\\/\\\/www.un.org\\\/pga\\\/79\\\/\"},{\"@type\":\"ListItem\",\"position\":2,\"name\":\"Readout of the President of the General Assembly&#8217;s Meeting with\u00a0H.E. Miche\u00e1l Martin TD, T\u00e1naiste\u00a0and Minister for Foreign Affairs and Minister for Defense of Ireland\u00a0\"}]},{\"@type\":\"WebSite\",\"@id\":\"https:\\\/\\\/www.un.org\\\/pga\\\/79\\\/#website\",\"url\":\"https:\\\/\\\/www.un.org\\\/pga\\\/79\\\/\",\"name\":\"General Assembly of the United Nations President of the 75th session\",\"description\":\"President of the 79th session\",\"publisher\":{\"@id\":\"https:\\\/\\\/www.un.org\\\/pga\\\/79\\\/#organization\"},\"potentialAction\":[{\"@type\":\"SearchAction\",\"target\":{\"@type\":\"EntryPoint\",\"urlTemplate\":\"https:\\\/\\\/www.un.org\\\/pga\\\/79\\\/?s={search_term_string}\"},\"query-input\":{\"@type\":\"PropertyValueSpecification\",\"valueRequired\":true,\"valueName\":\"search_term_string\"}}],\"inLanguage\":\"en-US\"},{\"@type\":\"Organization\",\"@id\":\"https:\\\/\\\/www.un.org\\\/pga\\\/79\\\/#organization\",\"name\":\"President of the 75th session of the General Assembly of the United Nations General Assembly of the United Nations\",\"url\":\"https:\\\/\\\/www.un.org\\\/pga\\\/79\\\/\",\"logo\":{\"@type\":\"ImageObject\",\"inLanguage\":\"en-US\",\"@id\":\"https:\\\/\\\/www.un.org\\\/pga\\\/79\\\/#\\\/schema\\\/logo\\\/image\\\/\",\"url\":\"https:\\\/\\\/www.un.org\\\/pga\\\/wp-content\\\/uploads\\\/sites\\\/109\\\/2020\\\/09\\\/Ä¢¹½ÊÓÆµGA75_2020_REVERSED-01.png\",\"contentUrl\":\"https:\\\/\\\/www.un.org\\\/pga\\\/wp-content\\\/uploads\\\/sites\\\/109\\\/2020\\\/09\\\/Ä¢¹½ÊÓÆµGA75_2020_REVERSED-01.png\",\"width\":4397,\"height\":3221,\"caption\":\"President of the 75th session of the General Assembly of the United Nations General Assembly of the United Nations\"},\"image\":{\"@id\":\"https:\\\/\\\/www.un.org\\\/pga\\\/79\\\/#\\\/schema\\\/logo\\\/image\\\/\"},\"sameAs\":[\"https:\\\/\\\/x.com\\\/Ä¢¹½ÊÓÆµ_PGA\"]},{\"@type\":\"Person\",\"@id\":\"https:\\\/\\\/www.un.org\\\/pga\\\/79\\\/#\\\/schema\\\/person\\\/a6125ff2aae976abbd38a051575a1151\",\"name\":\"Mariam Shaikh\",\"image\":{\"@type\":\"ImageObject\",\"inLanguage\":\"en-US\",\"@id\":\"https:\\\/\\\/secure.gravatar.com\\\/avatar\\\/94222feffd54d3e1f8dd77e0b7aee80dafe48474ecdeccdaeca1772150e65ee6?s=96&d=mm&r=g\",\"url\":\"https:\\\/\\\/secure.gravatar.com\\\/avatar\\\/94222feffd54d3e1f8dd77e0b7aee80dafe48474ecdeccdaeca1772150e65ee6?s=96&d=mm&r=g\",\"contentUrl\":\"https:\\\/\\\/secure.gravatar.com\\\/avatar\\\/94222feffd54d3e1f8dd77e0b7aee80dafe48474ecdeccdaeca1772150e65ee6?s=96&d=mm&r=g\",\"caption\":\"Mariam Shaikh\"},\"url\":\"https:\\\/\\\/www.un.org\\\/pga\\\/79\\\/author\\\/mariam-shaikhun-org\\\/\"}]}<\/script>\n<!-- \/ Yoast SEO plugin. -->","yoast_head_json":{"title":"Readout of the President of the General Assembly's Meeting with\u00a0H.E. Miche\u00e1l Martin TD, T\u00e1naiste\u00a0and Minister for Foreign Affairs and Minister for Defense of Ireland\u00a0 | General Assembly of the United Nations","robots":{"index":"index","follow":"follow","max-snippet":"max-snippet:-1","max-image-preview":"max-image-preview:large","max-video-preview":"max-video-preview:-1"},"canonical":"https:\/\/www.un.org\/pga\/79\/2024\/09\/25\/readout-of-the-president-of-the-general-assemblys-meeting-with-h-e-micheal-martin-td-tanaiste-and-minister-for-foreign-affairs-and-minister-for-defense-of-ireland\/","og_locale":"en_US","og_type":"article","og_title":"Readout of the President of the General Assembly's Meeting with\u00a0H.E. Miche\u00e1l Martin TD, T\u00e1naiste\u00a0and Minister for Foreign Affairs and Minister for Defense of Ireland\u00a0 | General Assembly of the United Nations","og_description":"\u00a0 \u00a0 \u00a0 &nbsp; Readout of the President of the General Assembly's Meeting with\u00a0H.E. Miche\u00e1l Martin TD, T\u00e1naiste\u00a0and Minister for Foreign Affairs and Minister for Defense of Ireland\u00a0 &nbsp; The [&hellip;]","og_url":"https:\/\/www.un.org\/pga\/79\/2024\/09\/25\/readout-of-the-president-of-the-general-assemblys-meeting-with-h-e-micheal-martin-td-tanaiste-and-minister-for-foreign-affairs-and-minister-for-defense-of-ireland\/","og_site_name":"General Assembly of the United Nations","article_published_time":"2024-09-25T18:06:42+00:00","article_modified_time":"2024-09-25T18:07:30+00:00","author":"Mariam Shaikh","twitter_card":"summary_large_image","twitter_creator":"@Ä¢¹½ÊÓÆµ_PGA","twitter_site":"@Ä¢¹½ÊÓÆµ_PGA","twitter_misc":{"Written by":"Mariam Shaikh","Est. reading time":"2 minutes"},"schema":{"@context":"https:\/\/schema.org","@graph":[{"@type":"Article","@id":"https:\/\/www.un.org\/pga\/79\/2024\/09\/25\/readout-of-the-president-of-the-general-assemblys-meeting-with-h-e-micheal-martin-td-tanaiste-and-minister-for-foreign-affairs-and-minister-for-defense-of-ireland\/#article","isPartOf":{"@id":"https:\/\/www.un.org\/pga\/79\/2024\/09\/25\/readout-of-the-president-of-the-general-assemblys-meeting-with-h-e-micheal-martin-td-tanaiste-and-minister-for-foreign-affairs-and-minister-for-defense-of-ireland\/"},"author":{"name":"Mariam Shaikh","@id":"https:\/\/www.un.org\/pga\/79\/#\/schema\/person\/a6125ff2aae976abbd38a051575a1151"},"headline":"Readout of the President of the General Assembly&#8217;s Meeting with\u00a0H.E. Miche\u00e1l Martin TD, T\u00e1naiste\u00a0and Minister for Foreign Affairs and Minister for Defense of Ireland\u00a0","datePublished":"2024-09-25T18:06:42+00:00","dateModified":"2024-09-25T18:07:30+00:00","mainEntityOfPage":{"@id":"https:\/\/www.un.org\/pga\/79\/2024\/09\/25\/readout-of-the-president-of-the-general-assemblys-meeting-with-h-e-micheal-martin-td-tanaiste-and-minister-for-foreign-affairs-and-minister-for-defense-of-ireland\/"},"wordCount":365,"publisher":{"@id":"https:\/\/www.un.org\/pga\/79\/#organization"},"articleSection":["Blog","Readout"],"inLanguage":"en-US"},{"@type":"WebPage","@id":"https:\/\/www.un.org\/pga\/79\/2024\/09\/25\/readout-of-the-president-of-the-general-assemblys-meeting-with-h-e-micheal-martin-td-tanaiste-and-minister-for-foreign-affairs-and-minister-for-defense-of-ireland\/","url":"https:\/\/www.un.org\/pga\/79\/2024\/09\/25\/readout-of-the-president-of-the-general-assemblys-meeting-with-h-e-micheal-martin-td-tanaiste-and-minister-for-foreign-affairs-and-minister-for-defense-of-ireland\/","name":"Readout of the President of the General Assembly's Meeting with\u00a0H.E. Miche\u00e1l Martin TD, T\u00e1naiste\u00a0and Minister for Foreign Affairs and Minister for Defense of Ireland\u00a0 | General Assembly of the United Nations","isPartOf":{"@id":"https:\/\/www.un.org\/pga\/79\/#website"},"datePublished":"2024-09-25T18:06:42+00:00","dateModified":"2024-09-25T18:07:30+00:00","breadcrumb":{"@id":"https:\/\/www.un.org\/pga\/79\/2024\/09\/25\/readout-of-the-president-of-the-general-assemblys-meeting-with-h-e-micheal-martin-td-tanaiste-and-minister-for-foreign-affairs-and-minister-for-defense-of-ireland\/#breadcrumb"},"inLanguage":"en-US","potentialAction":[{"@type":"ReadAction","target":["https:\/\/www.un.org\/pga\/79\/2024\/09\/25\/readout-of-the-president-of-the-general-assemblys-meeting-with-h-e-micheal-martin-td-tanaiste-and-minister-for-foreign-affairs-and-minister-for-defense-of-ireland\/"]}]},{"@type":"BreadcrumbList","@id":"https:\/\/www.un.org\/pga\/79\/2024\/09\/25\/readout-of-the-president-of-the-general-assemblys-meeting-with-h-e-micheal-martin-td-tanaiste-and-minister-for-foreign-affairs-and-minister-for-defense-of-ireland\/#breadcrumb","itemListElement":[{"@type":"ListItem","position":1,"name":"Home","item":"https:\/\/www.un.org\/pga\/79\/"},{"@type":"ListItem","position":2,"name":"Readout of the President of the General Assembly&#8217;s Meeting with\u00a0H.E. Miche\u00e1l Martin TD, T\u00e1naiste\u00a0and Minister for Foreign Affairs and Minister for Defense of Ireland\u00a0"}]},{"@type":"WebSite","@id":"https:\/\/www.un.org\/pga\/79\/#website","url":"https:\/\/www.un.org\/pga\/79\/","name":"General Assembly of the United Nations President of the 75th session","description":"President of the 79th session","publisher":{"@id":"https:\/\/www.un.org\/pga\/79\/#organization"},"potentialAction":[{"@type":"SearchAction","target":{"@type":"EntryPoint","urlTemplate":"https:\/\/www.un.org\/pga\/79\/?s={search_term_string}"},"query-input":{"@type":"PropertyValueSpecification","valueRequired":true,"valueName":"search_term_string"}}],"inLanguage":"en-US"},{"@type":"Organization","@id":"https:\/\/www.un.org\/pga\/79\/#organization","name":"President of the 75th session of the General Assembly of the United Nations General Assembly of the United Nations","url":"https:\/\/www.un.org\/pga\/79\/","logo":{"@type":"ImageObject","inLanguage":"en-US","@id":"https:\/\/www.un.org\/pga\/79\/#\/schema\/logo\/image\/","url":"https:\/\/www.un.org\/pga\/wp-content\/uploads\/sites\/109\/2020\/09\/Ä¢¹½ÊÓÆµGA75_2020_REVERSED-01.png","contentUrl":"https:\/\/www.un.org\/pga\/wp-content\/uploads\/sites\/109\/2020\/09\/Ä¢¹½ÊÓÆµGA75_2020_REVERSED-01.png","width":4397,"height":3221,"caption":"President of the 75th session of the General Assembly of the United Nations General Assembly of the United Nations"},"image":{"@id":"https:\/\/www.un.org\/pga\/79\/#\/schema\/logo\/image\/"},"sameAs":["https:\/\/x.com\/Ä¢¹½ÊÓÆµ_PGA"]},{"@type":"Person","@id":"https:\/\/www.un.org\/pga\/79\/#\/schema\/person\/a6125ff2aae976abbd38a051575a1151","name":"Mariam Shaikh","image":{"@type":"ImageObject","inLanguage":"en-US","@id":"https:\/\/secure.gravatar.com\/avatar\/94222feffd54d3e1f8dd77e0b7aee80dafe48474ecdeccdaeca1772150e65ee6?s=96&d=mm&r=g","url":"https:\/\/secure.gravatar.com\/avatar\/94222feffd54d3e1f8dd77e0b7aee80dafe48474ecdeccdaeca1772150e65ee6?s=96&d=mm&r=g","contentUrl":"https:\/\/secure.gravatar.com\/avatar\/94222feffd54d3e1f8dd77e0b7aee80dafe48474ecdeccdaeca1772150e65ee6?s=96&d=mm&r=g","caption":"Mariam Shaikh"},"url":"https:\/\/www.un.org\/pga\/79\/author\/mariam-shaikhun-org\/"}]}},"_links":{"self":[{"href":"https:\/\/www.un.org\/pga\/79\/wp-json\/wp\/v2\/posts\/280908","targetHints":{"allow":["GET"]}}],"collection":[{"href":"https:\/\/www.un.org\/pga\/79\/wp-json\/wp\/v2\/posts"}],"about":[{"href":"https:\/\/www.un.org\/pga\/79\/wp-json\/wp\/v2\/types\/post"}],"author":[{"embeddable":true,"href":"https:\/\/www.un.org\/pga\/79\/wp-json\/wp\/v2\/users\/373"}],"replies":[{"embeddable":true,"href":"https:\/\/www.un.org\/pga\/79\/wp-json\/wp\/v2\/comments?post=280908"}],"version-history":[{"count":0,"href":"https:\/\/www.un.org\/pga\/79\/wp-json\/wp\/v2\/posts\/280908\/revisions"}],"wp:attachment":[{"href":"https:\/\/www.un.org\/pga\/79\/wp-json\/wp\/v2\/media?parent=280908"}],"wp:term":[{"taxonomy":"category","embeddable":true,"href":"https:\/\/www.un.org\/pga\/79\/wp-json\/wp\/v2\/categories?post=280908"},{"taxonomy":"post_tag","embeddable":true,"href":"https:\/\/www.un.org\/pga\/79\/wp-json\/wp\/v2\/tags?post=280908"}],"curies":[{"name":"wp","href":"https:\/\/api.w.org\/{rel}","templated":true}]}}