  {"id":281019,"date":"2024-09-26T15:41:22","date_gmt":"2024-09-26T19:41:22","guid":{"rendered":"https:\/\/www.un.org\/pga\/79\/?p=281019"},"modified":"2024-09-26T15:41:34","modified_gmt":"2024-09-26T19:41:34","slug":"readout-of-the-president-of-the-general-assemblys-meeting-with-minister-of-foreign-affairs-and-trade-of-hungary-h-e-peter-szijjarto","status":"publish","type":"post","link":"https:\/\/www.un.org\/pga\/79\/2024\/09\/26\/readout-of-the-president-of-the-general-assemblys-meeting-with-minister-of-foreign-affairs-and-trade-of-hungary-h-e-peter-szijjarto\/","title":{"rendered":"Readout of the President of the General Assembly\u2019s Meeting with Minister of Foreign Affairs and Trade of Hungary, H.E. P\u00e9ter Szijj\u00e1rt\u00f3"},"content":{"rendered":"<p>[et_pb_section fb_built=&#8221;1&#8243; admin_label=&#8221;section&#8221; _builder_version=&#8221;4.16&#8243; global_colors_info=&#8221;{}&#8221;][et_pb_row admin_label=&#8221;row&#8221; _builder_version=&#8221;4.16&#8243; background_size=&#8221;initial&#8221; background_position=&#8221;top_left&#8221; background_repeat=&#8221;repeat&#8221; global_colors_info=&#8221;{}&#8221;][et_pb_column type=&#8221;4_4&#8243; _builder_version=&#8221;4.16&#8243; custom_padding=&#8221;|||&#8221; global_colors_info=&#8221;{}&#8221; custom_padding__hover=&#8221;|||&#8221;][et_pb_text _builder_version=&#8221;4.27.0&#8243; _module_preset=&#8221;default&#8221; link_option_url=&#8221;https:\/\/x.com\/Ä¢¹½ÊÓÆµ_PGA\/status\/1839010050666381771&#8243; hover_enabled=&#8221;0&#8243; global_colors_info=&#8221;{}&#8221; sticky_enabled=&#8221;0&#8243;]<\/p>\n<div align=\"center\">\u00a0<\/div>\n<div align=\"center\">\u00a0<\/div>\n<div class=\"x_elementToProof\" align=\"center\">\u00a0<\/div>\n<h3 class=\"entry-title\" style=\"text-align: center\">Readout of the President of the General Assembly\u2019s Meeting with Minister of Foreign Affairs and Trade of Hungary, H.E. P\u00e9ter Szijj\u00e1rt\u00f3<\/h3>\n<p class=\"x_MsoNormal\" style=\"text-align: left\">The President of the General Assembly H.E. Phil\u00e9mon Yang met with the Minister of Foreign Affairs and Trade of Hungary, H.E. P\u00e9ter Szijj\u00e1rt\u00f3, on 26 September 2024.<\/p>\n<p class=\"x_MsoNormal\" style=\"text-align: left\">The President of the General Assembly and the Minister of Foreign Affairs and Trade of Hungary discussed the global and regional situation, including the war in Ukraine, and the importance of dialogue among the Member States of the United Nations.<\/p>\n<p>&nbsp;<\/p>\n<p><strong>New York, 26 September 2024<\/strong><\/p>\n<p>&nbsp;<\/p>\n<p>******<\/p>\n<p>Read Outs: <a href=\"https:\/\/www.un.org\/pga\/79\/media\/readouts\/\">Readouts | General Assembly of the United Nations<\/a><\/p>\n<p>&nbsp;<\/p>\n<p><strong>\u00a0<\/strong><\/p>\n<p><strong>******<\/strong><\/p>\n<p><strong>\u00a0\u00a0<\/strong><\/p>\n<p><strong>Media Contacts<\/strong><\/p>\n<p><strong>Sharon Birch<\/strong>,\u00a0Spokesperson for\u00a0the President of the General Assembly,\u00a0Tel: + 212 963 0564, M: +1 646 342 5873, Email: <strong><u><a href=\"mailto:birchs@un.org\">birchs@un.org<\/a><\/u><\/strong><\/p>\n<p><strong>Dr. Mariam Shaikh, <\/strong>Adviser\/ Social and Digital Media\/Media Relations M: +1 917 361 4990, <u><a href=\"mailto:mariam.shaikh@un.org\">mariam.shaikh@un.org<\/a><\/u><\/p>\n<p>&nbsp;<\/p>\n<p>[\/et_pb_text][\/et_pb_column][\/et_pb_row][\/et_pb_section]<\/p>\n","protected":false},"excerpt":{"rendered":"<p>\u00a0 \u00a0 \u00a0 Readout of the President of the General Assembly\u2019s Meeting with Minister of Foreign Affairs and Trade of Hungary, H.E. P\u00e9ter Szijj\u00e1rt\u00f3 The President of the General Assembly [&hellip;]<\/p>\n","protected":false},"author":373,"featured_media":0,"comment_status":"closed","ping_status":"closed","sticky":false,"template":"","format":"standard","meta":{"_et_pb_use_builder":"on","_et_pb_old_content":"","_et_gb_content_width":"","footnotes":""},"categories":[81,105],"tags":[],"class_list":["post-281019","post","type-post","status-publish","format-standard","hentry","category-blog","category-readout","et-doesnt-have-format-content","et_post_format-et-post-format-standard"],"yoast_head":"<!-- This site is optimized with the Yoast SEO plugin v28.3 - https:\/\/yoast.com\/product\/yoast-seo-wordpress\/ -->\n<title>Readout of the President of the General Assembly\u2019s Meeting with Minister of Foreign Affairs and Trade of Hungary, H.E. P\u00e9ter Szijj\u00e1rt\u00f3 | General Assembly of the United Nations<\/title>\n<meta name=\"robots\" content=\"index, follow, max-snippet:-1, max-image-preview:large, max-video-preview:-1\" \/>\n<link rel=\"canonical\" href=\"https:\/\/www.un.org\/pga\/79\/2024\/09\/26\/readout-of-the-president-of-the-general-assemblys-meeting-with-minister-of-foreign-affairs-and-trade-of-hungary-h-e-peter-szijjarto\/\" \/>\n<meta property=\"og:locale\" content=\"en_US\" \/>\n<meta property=\"og:type\" content=\"article\" \/>\n<meta property=\"og:title\" content=\"Readout of the President of the General Assembly\u2019s Meeting with Minister of Foreign Affairs and Trade of Hungary, H.E. P\u00e9ter Szijj\u00e1rt\u00f3 | General Assembly of the United Nations\" \/>\n<meta property=\"og:description\" content=\"\u00a0 \u00a0 \u00a0 Readout of the President of the General Assembly\u2019s Meeting with Minister of Foreign Affairs and Trade of Hungary, H.E. P\u00e9ter Szijj\u00e1rt\u00f3 The President of the General Assembly [&hellip;]\" \/>\n<meta property=\"og:url\" content=\"https:\/\/www.un.org\/pga\/79\/2024\/09\/26\/readout-of-the-president-of-the-general-assemblys-meeting-with-minister-of-foreign-affairs-and-trade-of-hungary-h-e-peter-szijjarto\/\" \/>\n<meta property=\"og:site_name\" content=\"General Assembly of the United Nations\" \/>\n<meta property=\"article:published_time\" content=\"2024-09-26T19:41:22+00:00\" \/>\n<meta property=\"article:modified_time\" content=\"2024-09-26T19:41:34+00:00\" \/>\n<meta name=\"author\" content=\"Mariam Shaikh\" \/>\n<meta name=\"twitter:card\" content=\"summary_large_image\" \/>\n<meta name=\"twitter:creator\" content=\"@Ä¢¹½ÊÓÆµ_PGA\" \/>\n<meta name=\"twitter:site\" content=\"@Ä¢¹½ÊÓÆµ_PGA\" \/>\n<meta name=\"twitter:label1\" content=\"Written by\" \/>\n\t<meta name=\"twitter:data1\" content=\"Mariam Shaikh\" \/>\n\t<meta name=\"twitter:label2\" content=\"Est. reading time\" \/>\n\t<meta name=\"twitter:data2\" content=\"1 minute\" \/>\n<script type=\"application\/ld+json\" class=\"yoast-schema-graph\">{\"@context\":\"https:\\\/\\\/schema.org\",\"@graph\":[{\"@type\":\"Article\",\"@id\":\"https:\\\/\\\/www.un.org\\\/pga\\\/79\\\/2024\\\/09\\\/26\\\/readout-of-the-president-of-the-general-assemblys-meeting-with-minister-of-foreign-affairs-and-trade-of-hungary-h-e-peter-szijjarto\\\/#article\",\"isPartOf\":{\"@id\":\"https:\\\/\\\/www.un.org\\\/pga\\\/79\\\/2024\\\/09\\\/26\\\/readout-of-the-president-of-the-general-assemblys-meeting-with-minister-of-foreign-affairs-and-trade-of-hungary-h-e-peter-szijjarto\\\/\"},\"author\":{\"name\":\"Mariam Shaikh\",\"@id\":\"https:\\\/\\\/www.un.org\\\/pga\\\/79\\\/#\\\/schema\\\/person\\\/a6125ff2aae976abbd38a051575a1151\"},\"headline\":\"Readout of the President of the General Assembly\u2019s Meeting with Minister of Foreign Affairs and Trade of Hungary, H.E. P\u00e9ter Szijj\u00e1rt\u00f3\",\"datePublished\":\"2024-09-26T19:41:22+00:00\",\"dateModified\":\"2024-09-26T19:41:34+00:00\",\"mainEntityOfPage\":{\"@id\":\"https:\\\/\\\/www.un.org\\\/pga\\\/79\\\/2024\\\/09\\\/26\\\/readout-of-the-president-of-the-general-assemblys-meeting-with-minister-of-foreign-affairs-and-trade-of-hungary-h-e-peter-szijjarto\\\/\"},\"wordCount\":253,\"publisher\":{\"@id\":\"https:\\\/\\\/www.un.org\\\/pga\\\/79\\\/#organization\"},\"articleSection\":[\"Blog\",\"Readout\"],\"inLanguage\":\"en-US\"},{\"@type\":\"WebPage\",\"@id\":\"https:\\\/\\\/www.un.org\\\/pga\\\/79\\\/2024\\\/09\\\/26\\\/readout-of-the-president-of-the-general-assemblys-meeting-with-minister-of-foreign-affairs-and-trade-of-hungary-h-e-peter-szijjarto\\\/\",\"url\":\"https:\\\/\\\/www.un.org\\\/pga\\\/79\\\/2024\\\/09\\\/26\\\/readout-of-the-president-of-the-general-assemblys-meeting-with-minister-of-foreign-affairs-and-trade-of-hungary-h-e-peter-szijjarto\\\/\",\"name\":\"Readout of the President of the General Assembly\u2019s Meeting with Minister of Foreign Affairs and Trade of Hungary, H.E. P\u00e9ter Szijj\u00e1rt\u00f3 | General Assembly of the United Nations\",\"isPartOf\":{\"@id\":\"https:\\\/\\\/www.un.org\\\/pga\\\/79\\\/#website\"},\"datePublished\":\"2024-09-26T19:41:22+00:00\",\"dateModified\":\"2024-09-26T19:41:34+00:00\",\"breadcrumb\":{\"@id\":\"https:\\\/\\\/www.un.org\\\/pga\\\/79\\\/2024\\\/09\\\/26\\\/readout-of-the-president-of-the-general-assemblys-meeting-with-minister-of-foreign-affairs-and-trade-of-hungary-h-e-peter-szijjarto\\\/#breadcrumb\"},\"inLanguage\":\"en-US\",\"potentialAction\":[{\"@type\":\"ReadAction\",\"target\":[\"https:\\\/\\\/www.un.org\\\/pga\\\/79\\\/2024\\\/09\\\/26\\\/readout-of-the-president-of-the-general-assemblys-meeting-with-minister-of-foreign-affairs-and-trade-of-hungary-h-e-peter-szijjarto\\\/\"]}]},{\"@type\":\"BreadcrumbList\",\"@id\":\"https:\\\/\\\/www.un.org\\\/pga\\\/79\\\/2024\\\/09\\\/26\\\/readout-of-the-president-of-the-general-assemblys-meeting-with-minister-of-foreign-affairs-and-trade-of-hungary-h-e-peter-szijjarto\\\/#breadcrumb\",\"itemListElement\":[{\"@type\":\"ListItem\",\"position\":1,\"name\":\"Home\",\"item\":\"https:\\\/\\\/www.un.org\\\/pga\\\/79\\\/\"},{\"@type\":\"ListItem\",\"position\":2,\"name\":\"Readout of the President of the General Assembly\u2019s Meeting with Minister of Foreign Affairs and Trade of Hungary, H.E. P\u00e9ter Szijj\u00e1rt\u00f3\"}]},{\"@type\":\"WebSite\",\"@id\":\"https:\\\/\\\/www.un.org\\\/pga\\\/79\\\/#website\",\"url\":\"https:\\\/\\\/www.un.org\\\/pga\\\/79\\\/\",\"name\":\"General Assembly of the United Nations President of the 75th session\",\"description\":\"President of the 79th session\",\"publisher\":{\"@id\":\"https:\\\/\\\/www.un.org\\\/pga\\\/79\\\/#organization\"},\"potentialAction\":[{\"@type\":\"SearchAction\",\"target\":{\"@type\":\"EntryPoint\",\"urlTemplate\":\"https:\\\/\\\/www.un.org\\\/pga\\\/79\\\/?s={search_term_string}\"},\"query-input\":{\"@type\":\"PropertyValueSpecification\",\"valueRequired\":true,\"valueName\":\"search_term_string\"}}],\"inLanguage\":\"en-US\"},{\"@type\":\"Organization\",\"@id\":\"https:\\\/\\\/www.un.org\\\/pga\\\/79\\\/#organization\",\"name\":\"President of the 75th session of the General Assembly of the United Nations General Assembly of the United Nations\",\"url\":\"https:\\\/\\\/www.un.org\\\/pga\\\/79\\\/\",\"logo\":{\"@type\":\"ImageObject\",\"inLanguage\":\"en-US\",\"@id\":\"https:\\\/\\\/www.un.org\\\/pga\\\/79\\\/#\\\/schema\\\/logo\\\/image\\\/\",\"url\":\"https:\\\/\\\/www.un.org\\\/pga\\\/wp-content\\\/uploads\\\/sites\\\/109\\\/2020\\\/09\\\/Ä¢¹½ÊÓÆµGA75_2020_REVERSED-01.png\",\"contentUrl\":\"https:\\\/\\\/www.un.org\\\/pga\\\/wp-content\\\/uploads\\\/sites\\\/109\\\/2020\\\/09\\\/Ä¢¹½ÊÓÆµGA75_2020_REVERSED-01.png\",\"width\":4397,\"height\":3221,\"caption\":\"President of the 75th session of the General Assembly of the United Nations General Assembly of the United Nations\"},\"image\":{\"@id\":\"https:\\\/\\\/www.un.org\\\/pga\\\/79\\\/#\\\/schema\\\/logo\\\/image\\\/\"},\"sameAs\":[\"https:\\\/\\\/x.com\\\/Ä¢¹½ÊÓÆµ_PGA\"]},{\"@type\":\"Person\",\"@id\":\"https:\\\/\\\/www.un.org\\\/pga\\\/79\\\/#\\\/schema\\\/person\\\/a6125ff2aae976abbd38a051575a1151\",\"name\":\"Mariam Shaikh\",\"image\":{\"@type\":\"ImageObject\",\"inLanguage\":\"en-US\",\"@id\":\"https:\\\/\\\/secure.gravatar.com\\\/avatar\\\/94222feffd54d3e1f8dd77e0b7aee80dafe48474ecdeccdaeca1772150e65ee6?s=96&d=mm&r=g\",\"url\":\"https:\\\/\\\/secure.gravatar.com\\\/avatar\\\/94222feffd54d3e1f8dd77e0b7aee80dafe48474ecdeccdaeca1772150e65ee6?s=96&d=mm&r=g\",\"contentUrl\":\"https:\\\/\\\/secure.gravatar.com\\\/avatar\\\/94222feffd54d3e1f8dd77e0b7aee80dafe48474ecdeccdaeca1772150e65ee6?s=96&d=mm&r=g\",\"caption\":\"Mariam Shaikh\"},\"url\":\"https:\\\/\\\/www.un.org\\\/pga\\\/79\\\/author\\\/mariam-shaikhun-org\\\/\"}]}<\/script>\n<!-- \/ Yoast SEO plugin. -->","yoast_head_json":{"title":"Readout of the President of the General Assembly\u2019s Meeting with Minister of Foreign Affairs and Trade of Hungary, H.E. P\u00e9ter Szijj\u00e1rt\u00f3 | General Assembly of the United Nations","robots":{"index":"index","follow":"follow","max-snippet":"max-snippet:-1","max-image-preview":"max-image-preview:large","max-video-preview":"max-video-preview:-1"},"canonical":"https:\/\/www.un.org\/pga\/79\/2024\/09\/26\/readout-of-the-president-of-the-general-assemblys-meeting-with-minister-of-foreign-affairs-and-trade-of-hungary-h-e-peter-szijjarto\/","og_locale":"en_US","og_type":"article","og_title":"Readout of the President of the General Assembly\u2019s Meeting with Minister of Foreign Affairs and Trade of Hungary, H.E. P\u00e9ter Szijj\u00e1rt\u00f3 | General Assembly of the United Nations","og_description":"\u00a0 \u00a0 \u00a0 Readout of the President of the General Assembly\u2019s Meeting with Minister of Foreign Affairs and Trade of Hungary, H.E. P\u00e9ter Szijj\u00e1rt\u00f3 The President of the General Assembly [&hellip;]","og_url":"https:\/\/www.un.org\/pga\/79\/2024\/09\/26\/readout-of-the-president-of-the-general-assemblys-meeting-with-minister-of-foreign-affairs-and-trade-of-hungary-h-e-peter-szijjarto\/","og_site_name":"General Assembly of the United Nations","article_published_time":"2024-09-26T19:41:22+00:00","article_modified_time":"2024-09-26T19:41:34+00:00","author":"Mariam Shaikh","twitter_card":"summary_large_image","twitter_creator":"@Ä¢¹½ÊÓÆµ_PGA","twitter_site":"@Ä¢¹½ÊÓÆµ_PGA","twitter_misc":{"Written by":"Mariam Shaikh","Est. reading time":"1 minute"},"schema":{"@context":"https:\/\/schema.org","@graph":[{"@type":"Article","@id":"https:\/\/www.un.org\/pga\/79\/2024\/09\/26\/readout-of-the-president-of-the-general-assemblys-meeting-with-minister-of-foreign-affairs-and-trade-of-hungary-h-e-peter-szijjarto\/#article","isPartOf":{"@id":"https:\/\/www.un.org\/pga\/79\/2024\/09\/26\/readout-of-the-president-of-the-general-assemblys-meeting-with-minister-of-foreign-affairs-and-trade-of-hungary-h-e-peter-szijjarto\/"},"author":{"name":"Mariam Shaikh","@id":"https:\/\/www.un.org\/pga\/79\/#\/schema\/person\/a6125ff2aae976abbd38a051575a1151"},"headline":"Readout of the President of the General Assembly\u2019s Meeting with Minister of Foreign Affairs and Trade of Hungary, H.E. P\u00e9ter Szijj\u00e1rt\u00f3","datePublished":"2024-09-26T19:41:22+00:00","dateModified":"2024-09-26T19:41:34+00:00","mainEntityOfPage":{"@id":"https:\/\/www.un.org\/pga\/79\/2024\/09\/26\/readout-of-the-president-of-the-general-assemblys-meeting-with-minister-of-foreign-affairs-and-trade-of-hungary-h-e-peter-szijjarto\/"},"wordCount":253,"publisher":{"@id":"https:\/\/www.un.org\/pga\/79\/#organization"},"articleSection":["Blog","Readout"],"inLanguage":"en-US"},{"@type":"WebPage","@id":"https:\/\/www.un.org\/pga\/79\/2024\/09\/26\/readout-of-the-president-of-the-general-assemblys-meeting-with-minister-of-foreign-affairs-and-trade-of-hungary-h-e-peter-szijjarto\/","url":"https:\/\/www.un.org\/pga\/79\/2024\/09\/26\/readout-of-the-president-of-the-general-assemblys-meeting-with-minister-of-foreign-affairs-and-trade-of-hungary-h-e-peter-szijjarto\/","name":"Readout of the President of the General Assembly\u2019s Meeting with Minister of Foreign Affairs and Trade of Hungary, H.E. P\u00e9ter Szijj\u00e1rt\u00f3 | General Assembly of the United Nations","isPartOf":{"@id":"https:\/\/www.un.org\/pga\/79\/#website"},"datePublished":"2024-09-26T19:41:22+00:00","dateModified":"2024-09-26T19:41:34+00:00","breadcrumb":{"@id":"https:\/\/www.un.org\/pga\/79\/2024\/09\/26\/readout-of-the-president-of-the-general-assemblys-meeting-with-minister-of-foreign-affairs-and-trade-of-hungary-h-e-peter-szijjarto\/#breadcrumb"},"inLanguage":"en-US","potentialAction":[{"@type":"ReadAction","target":["https:\/\/www.un.org\/pga\/79\/2024\/09\/26\/readout-of-the-president-of-the-general-assemblys-meeting-with-minister-of-foreign-affairs-and-trade-of-hungary-h-e-peter-szijjarto\/"]}]},{"@type":"BreadcrumbList","@id":"https:\/\/www.un.org\/pga\/79\/2024\/09\/26\/readout-of-the-president-of-the-general-assemblys-meeting-with-minister-of-foreign-affairs-and-trade-of-hungary-h-e-peter-szijjarto\/#breadcrumb","itemListElement":[{"@type":"ListItem","position":1,"name":"Home","item":"https:\/\/www.un.org\/pga\/79\/"},{"@type":"ListItem","position":2,"name":"Readout of the President of the General Assembly\u2019s Meeting with Minister of Foreign Affairs and Trade of Hungary, H.E. P\u00e9ter Szijj\u00e1rt\u00f3"}]},{"@type":"WebSite","@id":"https:\/\/www.un.org\/pga\/79\/#website","url":"https:\/\/www.un.org\/pga\/79\/","name":"General Assembly of the United Nations President of the 75th session","description":"President of the 79th session","publisher":{"@id":"https:\/\/www.un.org\/pga\/79\/#organization"},"potentialAction":[{"@type":"SearchAction","target":{"@type":"EntryPoint","urlTemplate":"https:\/\/www.un.org\/pga\/79\/?s={search_term_string}"},"query-input":{"@type":"PropertyValueSpecification","valueRequired":true,"valueName":"search_term_string"}}],"inLanguage":"en-US"},{"@type":"Organization","@id":"https:\/\/www.un.org\/pga\/79\/#organization","name":"President of the 75th session of the General Assembly of the United Nations General Assembly of the United Nations","url":"https:\/\/www.un.org\/pga\/79\/","logo":{"@type":"ImageObject","inLanguage":"en-US","@id":"https:\/\/www.un.org\/pga\/79\/#\/schema\/logo\/image\/","url":"https:\/\/www.un.org\/pga\/wp-content\/uploads\/sites\/109\/2020\/09\/Ä¢¹½ÊÓÆµGA75_2020_REVERSED-01.png","contentUrl":"https:\/\/www.un.org\/pga\/wp-content\/uploads\/sites\/109\/2020\/09\/Ä¢¹½ÊÓÆµGA75_2020_REVERSED-01.png","width":4397,"height":3221,"caption":"President of the 75th session of the General Assembly of the United Nations General Assembly of the United Nations"},"image":{"@id":"https:\/\/www.un.org\/pga\/79\/#\/schema\/logo\/image\/"},"sameAs":["https:\/\/x.com\/Ä¢¹½ÊÓÆµ_PGA"]},{"@type":"Person","@id":"https:\/\/www.un.org\/pga\/79\/#\/schema\/person\/a6125ff2aae976abbd38a051575a1151","name":"Mariam Shaikh","image":{"@type":"ImageObject","inLanguage":"en-US","@id":"https:\/\/secure.gravatar.com\/avatar\/94222feffd54d3e1f8dd77e0b7aee80dafe48474ecdeccdaeca1772150e65ee6?s=96&d=mm&r=g","url":"https:\/\/secure.gravatar.com\/avatar\/94222feffd54d3e1f8dd77e0b7aee80dafe48474ecdeccdaeca1772150e65ee6?s=96&d=mm&r=g","contentUrl":"https:\/\/secure.gravatar.com\/avatar\/94222feffd54d3e1f8dd77e0b7aee80dafe48474ecdeccdaeca1772150e65ee6?s=96&d=mm&r=g","caption":"Mariam Shaikh"},"url":"https:\/\/www.un.org\/pga\/79\/author\/mariam-shaikhun-org\/"}]}},"_links":{"self":[{"href":"https:\/\/www.un.org\/pga\/79\/wp-json\/wp\/v2\/posts\/281019","targetHints":{"allow":["GET"]}}],"collection":[{"href":"https:\/\/www.un.org\/pga\/79\/wp-json\/wp\/v2\/posts"}],"about":[{"href":"https:\/\/www.un.org\/pga\/79\/wp-json\/wp\/v2\/types\/post"}],"author":[{"embeddable":true,"href":"https:\/\/www.un.org\/pga\/79\/wp-json\/wp\/v2\/users\/373"}],"replies":[{"embeddable":true,"href":"https:\/\/www.un.org\/pga\/79\/wp-json\/wp\/v2\/comments?post=281019"}],"version-history":[{"count":0,"href":"https:\/\/www.un.org\/pga\/79\/wp-json\/wp\/v2\/posts\/281019\/revisions"}],"wp:attachment":[{"href":"https:\/\/www.un.org\/pga\/79\/wp-json\/wp\/v2\/media?parent=281019"}],"wp:term":[{"taxonomy":"category","embeddable":true,"href":"https:\/\/www.un.org\/pga\/79\/wp-json\/wp\/v2\/categories?post=281019"},{"taxonomy":"post_tag","embeddable":true,"href":"https:\/\/www.un.org\/pga\/79\/wp-json\/wp\/v2\/tags?post=281019"}],"curies":[{"name":"wp","href":"https:\/\/api.w.org\/{rel}","templated":true}]}}