  {"id":281162,"date":"2024-09-30T14:44:38","date_gmt":"2024-09-30T18:44:38","guid":{"rendered":"https:\/\/www.un.org\/pga\/79\/?p=281162"},"modified":"2024-09-30T14:44:49","modified_gmt":"2024-09-30T18:44:49","slug":"pga-remarks-at-the-closing-of-the-high-level-general-debate-bilingual-english-and-french","status":"publish","type":"post","link":"https:\/\/www.un.org\/pga\/79\/2024\/09\/30\/pga-remarks-at-the-closing-of-the-high-level-general-debate-bilingual-english-and-french\/","title":{"rendered":"PGA Remarks at the Closing of the High-Level General Debate (Bilingual- English and French)"},"content":{"rendered":"<p>[et_pb_section fb_built=&#8221;1&#8243; admin_label=&#8221;section&#8221; _builder_version=&#8221;4.16&#8243; global_colors_info=&#8221;{}&#8221;][et_pb_row admin_label=&#8221;row&#8221; _builder_version=&#8221;4.16&#8243; background_size=&#8221;initial&#8221; background_position=&#8221;top_left&#8221; background_repeat=&#8221;repeat&#8221; global_colors_info=&#8221;{}&#8221;][et_pb_column type=&#8221;4_4&#8243; _builder_version=&#8221;4.16&#8243; custom_padding=&#8221;|||&#8221; global_colors_info=&#8221;{}&#8221; custom_padding__hover=&#8221;|||&#8221;][et_pb_text _builder_version=&#8221;4.27.0&#8243; _module_preset=&#8221;default&#8221; hover_enabled=&#8221;0&#8243; global_colors_info=&#8221;{}&#8221; sticky_enabled=&#8221;0&#8243;]<\/p>\n<div id=\"app\">\n<div id=\"appContainer\" class=\"QdrUx body-156\">\n<div class=\"Flvp1 customScrollBar\">\n<div id=\"mainApp\" class=\"NzIuH\">\n<div class=\"gU1Tf\">\n<div class=\"I3sS5\">\n<div id=\"MainModule\" class=\"FJ4hV\">\n<div class=\"SW7A6\">\n<div class=\"LBktY\">\n<div class=\"q9iRC css-297\" data-max-width=\"2400\">\n<div class=\"HOVUa\">\n<div class=\"nbmyu FkPdL czwRD LCprM\">\n<div id=\"Skip to message-region\" class=\"Mq3cC css-479\" role=\"main\" data-app-section=\"MailReadCompose\" aria-label=\"Reading Pane\" data-skip-link-name=\"Skip to message\">\n<div id=\"ReadingPaneContainerId\" class=\"Xsklh VJZZC\">\n<div>\n<div class=\"g_zET\">\n<div class=\"Pzn2X\">\n<div id=\"ItemReadingPaneContainer\" class=\"KD9CV GSQBG\">\n<div class=\"Q8TCC yyYQP tVueT customScrollBar\" data-app-section=\"ItemContainer\" data-is-scrollable=\"true\">\n<div>\n<div class=\"wide-content-host\">\n<div class=\"Vm3e5 pinIo\">\n<div id=\"UniqueMessageBody\" class=\"ulb23 GNqVo allowTextSelection OuGoX\" role=\"document\" aria-label=\"Message body\">\n<div>\n<div class=\"rps_8801\">\n<div lang=\"EN-US\">\n<div class=\"x_WordSection1\">\u00a0<\/div>\n<\/div>\n<\/div>\n<\/div>\n<\/div>\n<\/div>\n<\/div>\n<\/div>\n<\/div>\n<\/div>\n<\/div>\n<\/div>\n<\/div>\n<\/div>\n<\/div>\n<\/div>\n<\/div>\n<\/div>\n<\/div>\n<\/div>\n<\/div>\n<\/div>\n<\/div>\n<\/div>\n<\/div>\n<\/div>\n<\/div>\n<div>\u00a0<\/div>\n<p style=\"text-align: center\"><strong>Remarks by the President of the General Assembly<\/strong><\/p>\n<p style=\"text-align: center\"><strong>Mr. Phil\u00e9mon Yang<\/strong><\/p>\n<p style=\"text-align: center\"><strong>Closing of the High-Level General Debate<\/strong><\/p>\n<p style=\"text-align: center\"><strong>(Bilingual- English and French)<\/strong><\/p>\n<p style=\"text-align: center\"><strong>30 September 2024<\/strong><\/p>\n<p style=\"text-align: center\"><strong>[As Delivered]<\/strong><\/p>\n<p style=\"text-align: center\">Excellences,<\/p>\n<p>Mesdames et Messieurs,<\/p>\n<p>&nbsp;<\/p>\n<p>Alors que nous concluons le d\u00e9bat g\u00e9n\u00e9ral, j&#8217;exprime ma profonde gratitude \u00e0 tous les \u00c9tats membres pour leur participation active aux d\u00e9bats.<\/p>\n<p>&nbsp;<\/p>\n<p>Les discussions que nous avons eues cette semaine illustrent le type de coop\u00e9ration multilat\u00e9rale dont nous avons besoin pour relever les d\u00e9fis auxquels notre monde est confront\u00e9.<\/p>\n<p>&nbsp;<\/p>\n<p>En ce mois de septembre, nous nous sommes r\u00e9unis pour le d\u00e9bat g\u00e9n\u00e9ral dans une p\u00e9riode particuli\u00e8rement agit\u00e9e. Les d\u00e9l\u00e9gations ont soulign\u00e9 les d\u00e9fis pressants auxquels nous sommes confront\u00e9s : l&#8217;acc\u00e9l\u00e9ration de l&#8217;histoire, l&#8217;acc\u00e9l\u00e9ration de la crise climatique, la lenteur dans la r\u00e9alisation des objectifs de d\u00e9veloppement durable, l&#8217;extr\u00eame pauvret\u00e9 qui ne faiblit pas, une architecture financi\u00e8re internationale inefficace, des in\u00e9galit\u00e9s persistantes entre les hommes et les femmes, un ch\u00f4mage des jeunes sid\u00e9rant, ainsi que les effets n\u00e9fastes de la transformation technologique et num\u00e9rique.<\/p>\n<p>&nbsp;<\/p>\n<p>Tels sont les principaux d\u00e9fis qui ont \u00e9merg\u00e9 au cours de nos d\u00e9bats. Nous devons poursuivre sur la lanc\u00e9e du Sommet de l&#8217;avenir qui vient de s&#8217;achever. Ce sommet a \u00e9t\u00e9 marqu\u00e9 par l&#8217;adoption du Pacte pour l&#8217;avenir et de ses annexes, qui visent \u00e0 revitaliser notre syst\u00e8me multilat\u00e9ral et la coop\u00e9ration internationale.<\/p>\n<p>&nbsp;<\/p>\n<p>Le Pacte pour l&#8217;avenir, le Pacte num\u00e9rique mondial et la D\u00e9claration sur les g\u00e9n\u00e9rations futures apparaissent comme une promesse solide afin de propulser nos efforts vers la r\u00e9alisation de l&#8217;Agenda 2030 pour le D\u00e9veloppement Durable.<\/p>\n<p>&nbsp;<\/p>\n<p>Notre Pacte pour l&#8217;avenir s&#8217;attaque essentiellement \u00e0 certains des d\u00e9fis qui entravent la coop\u00e9ration internationale depuis de nombreuses ann\u00e9es. Certains de ces d\u00e9fis trouveront probablement des solutions gr\u00e2ce \u00e0 l&#8217;application effective du Pacte et de ses annexes.<\/p>\n<p>&nbsp;<\/p>\n<p>J&#8217;exhorte les \u00c9tats Membres et toutes les parties prenantes \u00e0 agir dans le sens d\u2019une mise en \u0153uvre effective du Pacte pour l&#8217;avenir et de ses annexes.<\/p>\n<p>&nbsp;<\/p>\n<p>Mon Bureau pr\u00e9voit de mener un programme intensif de sensibilisation dans ce sens tout au long de la 79e session de l&#8217;Assembl\u00e9e g\u00e9n\u00e9rale. Nous restons ouverts \u00e0 tout conseil et \u00e0 tout soutien pour faciliter nos actions.<\/p>\n<p>&nbsp;<\/p>\n<p>Excellencies, Ladies and Gentlemen,<\/p>\n<p>&nbsp;<\/p>\n<p>While we are meeting in New York, violent conflicts are raging in Gaza, Lebanon, Sudan, and Ukraine. This is unfortunately not an exhaustive list of the conflicts and crises affecting Member States of the United Nations.<\/p>\n<p>&nbsp;<\/p>\n<p>In the last few days, the world has seen an extremely dramatic escalation of violence between Israel and Hezbollah in Lebanon. That escalation risks causing war in the entire Middle East Region.<\/p>\n<p>&nbsp;<\/p>\n<p>As we speak, peace in the Middle East is hanging delicately on a shoestring! There is pervasive tension and uncertainty in the region. Thousands of people have lost their lives. Many others have been displaced. Infrastructure has been destroyed.<\/p>\n<p>This must stop. And it must stop now.<\/p>\n<p>The world must not allow an all-out war to happen in this volatile region.<\/p>\n<p>&nbsp;<\/p>\n<p>We call on all parties \u2013 Israel, Hamas and Hezbollah to urgently conclude a ceasefire. And for all remaining hostages to be freed immediately and unharmed.<\/p>\n<p>&nbsp;<\/p>\n<p>I also call on all those with influence on the parties to demand an immediate ceasefire and dialogue. I further call on all states supplying weapons to the region to desist from such actions and give peace a chance. For no sustainable peace will be achieved militarily.<\/p>\n<p>&nbsp;<\/p>\n<p>Negotiations and diplomatic solutions must take precedence over brutal force. The Charter of the United Nations instructs that Member States settle their disputes peacefully, so as not to endanger international peace and security.<\/p>\n<p>&nbsp;<\/p>\n<p>As you heard me saying at the opening of the General Debate, only a two-state solution, based on relevant Ä¢¹½ÊÓÆµ resolutions, can guarantee lasting peace and security for both the people of Israel and Palestine, and indeed for the rest of the Region.<\/p>\n<p>&nbsp;<\/p>\n<p>Excellencies,<\/p>\n<p>&nbsp;<\/p>\n<p>During the General Debate, we heard from 190 Member States, including contributions from 71 Heads of State, 42 Heads of Government, 6 Vice Presidents and Crown Princes, 8 Deputy Prime Ministers, 53 Ministers, 3 Vice Ministers and 7 Chairs of Delegations. Moreover, we heard from 3 Observers.<\/p>\n<p>&nbsp;<\/p>\n<p>Ladies and Gentlemen,<\/p>\n<p>&nbsp;<\/p>\n<p>During the General Debate this September, it was disappointing\u2014and frankly unacceptable that only about 10% of the speakers were women.<\/p>\n<p>This glaring disparity speaks to a deeper issue that we cannot ignore. We must do far better on gender equality, and this cannot simply be a talking point.<\/p>\n<p>It must remain a priority on our agenda, demanding action, not just acknowledgment, as we move forward.<\/p>\n<p>&nbsp;<\/p>\n<p>Excellencies, Ladies and Gentlemen,<\/p>\n<p>&nbsp;<\/p>\n<p>In my opening remarks of the General Debate, I emphasized that only by working together, despite our differences, can we confront and overcome the complex and discouraging challenges before us.<\/p>\n<p>&nbsp;<\/p>\n<p>Only through dialogue, listening, and collective action, can we find solutions that benefit all of us.<\/p>\n<p>&nbsp;<\/p>\n<p>The theme I chose for the 79th Session \u201cUnity in diversity, for the advancement of peace, sustainable development, and human dignity for everyone, everywhere\u201d\u2014is not just a guiding principle. It is a call to action.<\/p>\n<p>&nbsp;<\/p>\n<p>The theme reminds us that our strength lies in our diversity, and our ability to unite stakeholders around our common goals.<\/p>\n<p>Let us all move forward together with this spirit of unity and shared responsibility. Let us continue our work, with the clear aim of building a peaceful, just, and dignified future for all.<\/p>\n<p>&nbsp;<\/p>\n<p>Thank you.<\/p>\n<p>&nbsp;<\/p>\n<p><strong>Media Contacts:<\/strong><\/p>\n<p>Sharon Birch, Spokesperson for the President of the General Assembly, Tel: 1 646-342-5873, email:\u00a0<a href=\"mailto:birchs@un.org\">birchs@un.org<\/a><\/p>\n<p>Mariam Shaikh, Dr. Advisor, Media and Communications, Office of the President of the General Assembly, Tel: 1 9173614990, email:\u00a0<a href=\"mailto:mariam.shaikh@un.org\">mariam.shaikh@un.org<\/a><\/p>\n<p>&nbsp;<\/p>\n<p><strong>Get more updates<\/strong>\u00a0on the statements and the engagements of the President of the General Assembly from the following digital and social media channels:<\/p>\n<p><a href=\"https:\/\/www.un.org\/pga\/79\/\">Website<\/a><strong>:<\/strong>\u00a0\u00a0<a href=\"https:\/\/eur02.safelinks.protection.outlook.com\/?url=https%3A%2F%2Fwww.youtube.com%2F%40Ä¢¹½ÊÓÆµPGA&amp;data=05%7C02%7Cmariam.shaikh%40un.org%7C4e5276237e9f40cedc6508dcde34ed9c%7C0f9e35db544f4f60bdcc5ea416e6dc70%7C0%7C0%7C638629566117107781%7CUnknown%7CTWFpbGZsb3d8eyJWIjoiMC4wLjAwMDAiLCJQIjoiV2luMzIiLCJBTiI6Ik1haWwiLCJXVCI6Mn0%3D%7C0%7C%7C%7C&amp;sdata=yXSctReOY0wxMzEebP1H4KJPfBjCmuW30Uh5Pep8OI8%3D&amp;reserved=0\">YouTube:\u00a0<\/a>\u00a0<a href=\"https:\/\/eur02.safelinks.protection.outlook.com\/?url=https%3A%2F%2Fx.com%2FÄ¢¹½ÊÓÆµ_PGA&amp;data=05%7C02%7Cmariam.shaikh%40un.org%7C4e5276237e9f40cedc6508dcde34ed9c%7C0f9e35db544f4f60bdcc5ea416e6dc70%7C0%7C0%7C638629566117124327%7CUnknown%7CTWFpbGZsb3d8eyJWIjoiMC4wLjAwMDAiLCJQIjoiV2luMzIiLCJBTiI6Ik1haWwiLCJXVCI6Mn0%3D%7C0%7C%7C%7C&amp;sdata=r5NE5PGg52H1a%2FiuixgchSzlRgj3PUJcGisijyKlptg%3D&amp;reserved=0\">X (Twitter):<\/a>\u00a0<a href=\"https:\/\/eur02.safelinks.protection.outlook.com\/?url=http%3A%2F%2Fwww.instagram.com%2Funpga&amp;data=05%7C02%7Cmariam.shaikh%40un.org%7C4e5276237e9f40cedc6508dcde34ed9c%7C0f9e35db544f4f60bdcc5ea416e6dc70%7C0%7C0%7C638629566117136675%7CUnknown%7CTWFpbGZsb3d8eyJWIjoiMC4wLjAwMDAiLCJQIjoiV2luMzIiLCJBTiI6Ik1haWwiLCJXVCI6Mn0%3D%7C0%7C%7C%7C&amp;sdata=U5H%2B6Mnklki%2FYuWr4FdL3ksxPTcDq4oNC1GSSVMiDM4%3D&amp;reserved=0\">Instagram<\/a>:\u00a0\u00a0<a href=\"https:\/\/eur02.safelinks.protection.outlook.com\/?url=https%3A%2F%2Fwww.linkedin.com%2Fin%2Fun-pga79%2F&amp;data=05%7C02%7Cmariam.shaikh%40un.org%7C4e5276237e9f40cedc6508dcde34ed9c%7C0f9e35db544f4f60bdcc5ea416e6dc70%7C0%7C0%7C638629566117148608%7CUnknown%7CTWFpbGZsb3d8eyJWIjoiMC4wLjAwMDAiLCJQIjoiV2luMzIiLCJBTiI6Ik1haWwiLCJXVCI6Mn0%3D%7C0%7C%7C%7C&amp;sdata=Oz4vHQSmvSrcGfHDivKpI56G%2F7%2F0BYwoseCjcWdnG9w%3D&amp;reserved=0\">LinkedIn:\u00a0<\/a>\u00a0<a href=\"https:\/\/eur02.safelinks.protection.outlook.com\/?url=https%3A%2F%2Fopga79.imgbb.com%2F&amp;data=05%7C02%7Cmariam.shaikh%40un.org%7C4e5276237e9f40cedc6508dcde34ed9c%7C0f9e35db544f4f60bdcc5ea416e6dc70%7C0%7C0%7C638629566117165442%7CUnknown%7CTWFpbGZsb3d8eyJWIjoiMC4wLjAwMDAiLCJQIjoiV2luMzIiLCJBTiI6Ik1haWwiLCJXVCI6Mn0%3D%7C0%7C%7C%7C&amp;sdata=J7dY7X3E2aI6r0V%2F260uTYgkckkxrItvY%2FGQ16SOjtU%3D&amp;reserved=0\">Photo Repository:\u00a0<\/a><\/p>\n<p>&nbsp;<\/p>\n<p>&nbsp;<\/p>\n<p>&nbsp;<\/p>\n<p>&nbsp;<\/p>\n<p class=\"x_MsoNormal\">[\/et_pb_text][\/et_pb_column][\/et_pb_row][\/et_pb_section]<\/p>\n","protected":false},"excerpt":{"rendered":"<p>\u00a0 \u00a0 Remarks by the President of the General Assembly Mr. Phil\u00e9mon Yang Closing of the High-Level General Debate (Bilingual- English and French) 30 September 2024 [As Delivered] Excellences, Mesdames [&hellip;]<\/p>\n","protected":false},"author":373,"featured_media":0,"comment_status":"closed","ping_status":"closed","sticky":false,"template":"","format":"standard","meta":{"_et_pb_use_builder":"on","_et_pb_old_content":"","_et_gb_content_width":"","footnotes":""},"categories":[81,111],"tags":[],"class_list":["post-281162","post","type-post","status-publish","format-standard","hentry","category-blog","category-speeches","et-doesnt-have-format-content","et_post_format-et-post-format-standard"],"yoast_head":"<!-- This site is optimized with the Yoast SEO plugin v28.3 - https:\/\/yoast.com\/product\/yoast-seo-wordpress\/ -->\n<title>PGA Remarks at the Closing of the High-Level General Debate (Bilingual- English and French) | General Assembly of the United Nations<\/title>\n<meta name=\"robots\" content=\"index, follow, max-snippet:-1, max-image-preview:large, max-video-preview:-1\" \/>\n<link rel=\"canonical\" href=\"https:\/\/www.un.org\/pga\/79\/2024\/09\/30\/pga-remarks-at-the-closing-of-the-high-level-general-debate-bilingual-english-and-french\/\" \/>\n<meta property=\"og:locale\" content=\"en_US\" \/>\n<meta property=\"og:type\" content=\"article\" \/>\n<meta property=\"og:title\" content=\"PGA Remarks at the Closing of the High-Level General Debate (Bilingual- English and French) | General Assembly of the United Nations\" \/>\n<meta property=\"og:description\" content=\"\u00a0 \u00a0 Remarks by the President of the General Assembly Mr. Phil\u00e9mon Yang Closing of the High-Level General Debate (Bilingual- English and French) 30 September 2024 [As Delivered] Excellences, Mesdames [&hellip;]\" \/>\n<meta property=\"og:url\" content=\"https:\/\/www.un.org\/pga\/79\/2024\/09\/30\/pga-remarks-at-the-closing-of-the-high-level-general-debate-bilingual-english-and-french\/\" \/>\n<meta property=\"og:site_name\" content=\"General Assembly of the United Nations\" \/>\n<meta property=\"article:published_time\" content=\"2024-09-30T18:44:38+00:00\" \/>\n<meta property=\"article:modified_time\" content=\"2024-09-30T18:44:49+00:00\" \/>\n<meta name=\"author\" content=\"Mariam Shaikh\" \/>\n<meta name=\"twitter:card\" content=\"summary_large_image\" \/>\n<meta name=\"twitter:creator\" content=\"@Ä¢¹½ÊÓÆµ_PGA\" \/>\n<meta name=\"twitter:site\" content=\"@Ä¢¹½ÊÓÆµ_PGA\" \/>\n<meta name=\"twitter:label1\" content=\"Written by\" \/>\n\t<meta name=\"twitter:data1\" content=\"Mariam Shaikh\" \/>\n\t<meta name=\"twitter:label2\" content=\"Est. reading time\" \/>\n\t<meta name=\"twitter:data2\" content=\"6 minutes\" \/>\n<script type=\"application\/ld+json\" class=\"yoast-schema-graph\">{\"@context\":\"https:\\\/\\\/schema.org\",\"@graph\":[{\"@type\":\"Article\",\"@id\":\"https:\\\/\\\/www.un.org\\\/pga\\\/79\\\/2024\\\/09\\\/30\\\/pga-remarks-at-the-closing-of-the-high-level-general-debate-bilingual-english-and-french\\\/#article\",\"isPartOf\":{\"@id\":\"https:\\\/\\\/www.un.org\\\/pga\\\/79\\\/2024\\\/09\\\/30\\\/pga-remarks-at-the-closing-of-the-high-level-general-debate-bilingual-english-and-french\\\/\"},\"author\":{\"name\":\"Mariam Shaikh\",\"@id\":\"https:\\\/\\\/www.un.org\\\/pga\\\/79\\\/#\\\/schema\\\/person\\\/a6125ff2aae976abbd38a051575a1151\"},\"headline\":\"PGA Remarks at the Closing of the High-Level General Debate (Bilingual- English and French)\",\"datePublished\":\"2024-09-30T18:44:38+00:00\",\"dateModified\":\"2024-09-30T18:44:49+00:00\",\"mainEntityOfPage\":{\"@id\":\"https:\\\/\\\/www.un.org\\\/pga\\\/79\\\/2024\\\/09\\\/30\\\/pga-remarks-at-the-closing-of-the-high-level-general-debate-bilingual-english-and-french\\\/\"},\"wordCount\":1136,\"publisher\":{\"@id\":\"https:\\\/\\\/www.un.org\\\/pga\\\/79\\\/#organization\"},\"articleSection\":[\"Blog\",\"Speeches\"],\"inLanguage\":\"en-US\"},{\"@type\":\"WebPage\",\"@id\":\"https:\\\/\\\/www.un.org\\\/pga\\\/79\\\/2024\\\/09\\\/30\\\/pga-remarks-at-the-closing-of-the-high-level-general-debate-bilingual-english-and-french\\\/\",\"url\":\"https:\\\/\\\/www.un.org\\\/pga\\\/79\\\/2024\\\/09\\\/30\\\/pga-remarks-at-the-closing-of-the-high-level-general-debate-bilingual-english-and-french\\\/\",\"name\":\"PGA Remarks at the Closing of the High-Level General Debate (Bilingual- English and French) | General Assembly of the United Nations\",\"isPartOf\":{\"@id\":\"https:\\\/\\\/www.un.org\\\/pga\\\/79\\\/#website\"},\"datePublished\":\"2024-09-30T18:44:38+00:00\",\"dateModified\":\"2024-09-30T18:44:49+00:00\",\"breadcrumb\":{\"@id\":\"https:\\\/\\\/www.un.org\\\/pga\\\/79\\\/2024\\\/09\\\/30\\\/pga-remarks-at-the-closing-of-the-high-level-general-debate-bilingual-english-and-french\\\/#breadcrumb\"},\"inLanguage\":\"en-US\",\"potentialAction\":[{\"@type\":\"ReadAction\",\"target\":[\"https:\\\/\\\/www.un.org\\\/pga\\\/79\\\/2024\\\/09\\\/30\\\/pga-remarks-at-the-closing-of-the-high-level-general-debate-bilingual-english-and-french\\\/\"]}]},{\"@type\":\"BreadcrumbList\",\"@id\":\"https:\\\/\\\/www.un.org\\\/pga\\\/79\\\/2024\\\/09\\\/30\\\/pga-remarks-at-the-closing-of-the-high-level-general-debate-bilingual-english-and-french\\\/#breadcrumb\",\"itemListElement\":[{\"@type\":\"ListItem\",\"position\":1,\"name\":\"Home\",\"item\":\"https:\\\/\\\/www.un.org\\\/pga\\\/79\\\/\"},{\"@type\":\"ListItem\",\"position\":2,\"name\":\"PGA Remarks at the Closing of the High-Level General Debate (Bilingual- English and French)\"}]},{\"@type\":\"WebSite\",\"@id\":\"https:\\\/\\\/www.un.org\\\/pga\\\/79\\\/#website\",\"url\":\"https:\\\/\\\/www.un.org\\\/pga\\\/79\\\/\",\"name\":\"General Assembly of the United Nations President of the 75th session\",\"description\":\"President of the 79th session\",\"publisher\":{\"@id\":\"https:\\\/\\\/www.un.org\\\/pga\\\/79\\\/#organization\"},\"potentialAction\":[{\"@type\":\"SearchAction\",\"target\":{\"@type\":\"EntryPoint\",\"urlTemplate\":\"https:\\\/\\\/www.un.org\\\/pga\\\/79\\\/?s={search_term_string}\"},\"query-input\":{\"@type\":\"PropertyValueSpecification\",\"valueRequired\":true,\"valueName\":\"search_term_string\"}}],\"inLanguage\":\"en-US\"},{\"@type\":\"Organization\",\"@id\":\"https:\\\/\\\/www.un.org\\\/pga\\\/79\\\/#organization\",\"name\":\"President of the 75th session of the General Assembly of the United Nations General Assembly of the United Nations\",\"url\":\"https:\\\/\\\/www.un.org\\\/pga\\\/79\\\/\",\"logo\":{\"@type\":\"ImageObject\",\"inLanguage\":\"en-US\",\"@id\":\"https:\\\/\\\/www.un.org\\\/pga\\\/79\\\/#\\\/schema\\\/logo\\\/image\\\/\",\"url\":\"https:\\\/\\\/www.un.org\\\/pga\\\/wp-content\\\/uploads\\\/sites\\\/109\\\/2020\\\/09\\\/Ä¢¹½ÊÓÆµGA75_2020_REVERSED-01.png\",\"contentUrl\":\"https:\\\/\\\/www.un.org\\\/pga\\\/wp-content\\\/uploads\\\/sites\\\/109\\\/2020\\\/09\\\/Ä¢¹½ÊÓÆµGA75_2020_REVERSED-01.png\",\"width\":4397,\"height\":3221,\"caption\":\"President of the 75th session of the General Assembly of the United Nations General Assembly of the United Nations\"},\"image\":{\"@id\":\"https:\\\/\\\/www.un.org\\\/pga\\\/79\\\/#\\\/schema\\\/logo\\\/image\\\/\"},\"sameAs\":[\"https:\\\/\\\/x.com\\\/Ä¢¹½ÊÓÆµ_PGA\"]},{\"@type\":\"Person\",\"@id\":\"https:\\\/\\\/www.un.org\\\/pga\\\/79\\\/#\\\/schema\\\/person\\\/a6125ff2aae976abbd38a051575a1151\",\"name\":\"Mariam Shaikh\",\"image\":{\"@type\":\"ImageObject\",\"inLanguage\":\"en-US\",\"@id\":\"https:\\\/\\\/secure.gravatar.com\\\/avatar\\\/94222feffd54d3e1f8dd77e0b7aee80dafe48474ecdeccdaeca1772150e65ee6?s=96&d=mm&r=g\",\"url\":\"https:\\\/\\\/secure.gravatar.com\\\/avatar\\\/94222feffd54d3e1f8dd77e0b7aee80dafe48474ecdeccdaeca1772150e65ee6?s=96&d=mm&r=g\",\"contentUrl\":\"https:\\\/\\\/secure.gravatar.com\\\/avatar\\\/94222feffd54d3e1f8dd77e0b7aee80dafe48474ecdeccdaeca1772150e65ee6?s=96&d=mm&r=g\",\"caption\":\"Mariam Shaikh\"},\"url\":\"https:\\\/\\\/www.un.org\\\/pga\\\/79\\\/author\\\/mariam-shaikhun-org\\\/\"}]}<\/script>\n<!-- \/ Yoast SEO plugin. -->","yoast_head_json":{"title":"PGA Remarks at the Closing of the High-Level General Debate (Bilingual- English and French) | General Assembly of the United Nations","robots":{"index":"index","follow":"follow","max-snippet":"max-snippet:-1","max-image-preview":"max-image-preview:large","max-video-preview":"max-video-preview:-1"},"canonical":"https:\/\/www.un.org\/pga\/79\/2024\/09\/30\/pga-remarks-at-the-closing-of-the-high-level-general-debate-bilingual-english-and-french\/","og_locale":"en_US","og_type":"article","og_title":"PGA Remarks at the Closing of the High-Level General Debate (Bilingual- English and French) | General Assembly of the United Nations","og_description":"\u00a0 \u00a0 Remarks by the President of the General Assembly Mr. Phil\u00e9mon Yang Closing of the High-Level General Debate (Bilingual- English and French) 30 September 2024 [As Delivered] Excellences, Mesdames [&hellip;]","og_url":"https:\/\/www.un.org\/pga\/79\/2024\/09\/30\/pga-remarks-at-the-closing-of-the-high-level-general-debate-bilingual-english-and-french\/","og_site_name":"General Assembly of the United Nations","article_published_time":"2024-09-30T18:44:38+00:00","article_modified_time":"2024-09-30T18:44:49+00:00","author":"Mariam Shaikh","twitter_card":"summary_large_image","twitter_creator":"@Ä¢¹½ÊÓÆµ_PGA","twitter_site":"@Ä¢¹½ÊÓÆµ_PGA","twitter_misc":{"Written by":"Mariam Shaikh","Est. reading time":"6 minutes"},"schema":{"@context":"https:\/\/schema.org","@graph":[{"@type":"Article","@id":"https:\/\/www.un.org\/pga\/79\/2024\/09\/30\/pga-remarks-at-the-closing-of-the-high-level-general-debate-bilingual-english-and-french\/#article","isPartOf":{"@id":"https:\/\/www.un.org\/pga\/79\/2024\/09\/30\/pga-remarks-at-the-closing-of-the-high-level-general-debate-bilingual-english-and-french\/"},"author":{"name":"Mariam Shaikh","@id":"https:\/\/www.un.org\/pga\/79\/#\/schema\/person\/a6125ff2aae976abbd38a051575a1151"},"headline":"PGA Remarks at the Closing of the High-Level General Debate (Bilingual- English and French)","datePublished":"2024-09-30T18:44:38+00:00","dateModified":"2024-09-30T18:44:49+00:00","mainEntityOfPage":{"@id":"https:\/\/www.un.org\/pga\/79\/2024\/09\/30\/pga-remarks-at-the-closing-of-the-high-level-general-debate-bilingual-english-and-french\/"},"wordCount":1136,"publisher":{"@id":"https:\/\/www.un.org\/pga\/79\/#organization"},"articleSection":["Blog","Speeches"],"inLanguage":"en-US"},{"@type":"WebPage","@id":"https:\/\/www.un.org\/pga\/79\/2024\/09\/30\/pga-remarks-at-the-closing-of-the-high-level-general-debate-bilingual-english-and-french\/","url":"https:\/\/www.un.org\/pga\/79\/2024\/09\/30\/pga-remarks-at-the-closing-of-the-high-level-general-debate-bilingual-english-and-french\/","name":"PGA Remarks at the Closing of the High-Level General Debate (Bilingual- English and French) | General Assembly of the United Nations","isPartOf":{"@id":"https:\/\/www.un.org\/pga\/79\/#website"},"datePublished":"2024-09-30T18:44:38+00:00","dateModified":"2024-09-30T18:44:49+00:00","breadcrumb":{"@id":"https:\/\/www.un.org\/pga\/79\/2024\/09\/30\/pga-remarks-at-the-closing-of-the-high-level-general-debate-bilingual-english-and-french\/#breadcrumb"},"inLanguage":"en-US","potentialAction":[{"@type":"ReadAction","target":["https:\/\/www.un.org\/pga\/79\/2024\/09\/30\/pga-remarks-at-the-closing-of-the-high-level-general-debate-bilingual-english-and-french\/"]}]},{"@type":"BreadcrumbList","@id":"https:\/\/www.un.org\/pga\/79\/2024\/09\/30\/pga-remarks-at-the-closing-of-the-high-level-general-debate-bilingual-english-and-french\/#breadcrumb","itemListElement":[{"@type":"ListItem","position":1,"name":"Home","item":"https:\/\/www.un.org\/pga\/79\/"},{"@type":"ListItem","position":2,"name":"PGA Remarks at the Closing of the High-Level General Debate (Bilingual- English and French)"}]},{"@type":"WebSite","@id":"https:\/\/www.un.org\/pga\/79\/#website","url":"https:\/\/www.un.org\/pga\/79\/","name":"General Assembly of the United Nations President of the 75th session","description":"President of the 79th session","publisher":{"@id":"https:\/\/www.un.org\/pga\/79\/#organization"},"potentialAction":[{"@type":"SearchAction","target":{"@type":"EntryPoint","urlTemplate":"https:\/\/www.un.org\/pga\/79\/?s={search_term_string}"},"query-input":{"@type":"PropertyValueSpecification","valueRequired":true,"valueName":"search_term_string"}}],"inLanguage":"en-US"},{"@type":"Organization","@id":"https:\/\/www.un.org\/pga\/79\/#organization","name":"President of the 75th session of the General Assembly of the United Nations General Assembly of the United Nations","url":"https:\/\/www.un.org\/pga\/79\/","logo":{"@type":"ImageObject","inLanguage":"en-US","@id":"https:\/\/www.un.org\/pga\/79\/#\/schema\/logo\/image\/","url":"https:\/\/www.un.org\/pga\/wp-content\/uploads\/sites\/109\/2020\/09\/Ä¢¹½ÊÓÆµGA75_2020_REVERSED-01.png","contentUrl":"https:\/\/www.un.org\/pga\/wp-content\/uploads\/sites\/109\/2020\/09\/Ä¢¹½ÊÓÆµGA75_2020_REVERSED-01.png","width":4397,"height":3221,"caption":"President of the 75th session of the General Assembly of the United Nations General Assembly of the United Nations"},"image":{"@id":"https:\/\/www.un.org\/pga\/79\/#\/schema\/logo\/image\/"},"sameAs":["https:\/\/x.com\/Ä¢¹½ÊÓÆµ_PGA"]},{"@type":"Person","@id":"https:\/\/www.un.org\/pga\/79\/#\/schema\/person\/a6125ff2aae976abbd38a051575a1151","name":"Mariam Shaikh","image":{"@type":"ImageObject","inLanguage":"en-US","@id":"https:\/\/secure.gravatar.com\/avatar\/94222feffd54d3e1f8dd77e0b7aee80dafe48474ecdeccdaeca1772150e65ee6?s=96&d=mm&r=g","url":"https:\/\/secure.gravatar.com\/avatar\/94222feffd54d3e1f8dd77e0b7aee80dafe48474ecdeccdaeca1772150e65ee6?s=96&d=mm&r=g","contentUrl":"https:\/\/secure.gravatar.com\/avatar\/94222feffd54d3e1f8dd77e0b7aee80dafe48474ecdeccdaeca1772150e65ee6?s=96&d=mm&r=g","caption":"Mariam Shaikh"},"url":"https:\/\/www.un.org\/pga\/79\/author\/mariam-shaikhun-org\/"}]}},"_links":{"self":[{"href":"https:\/\/www.un.org\/pga\/79\/wp-json\/wp\/v2\/posts\/281162","targetHints":{"allow":["GET"]}}],"collection":[{"href":"https:\/\/www.un.org\/pga\/79\/wp-json\/wp\/v2\/posts"}],"about":[{"href":"https:\/\/www.un.org\/pga\/79\/wp-json\/wp\/v2\/types\/post"}],"author":[{"embeddable":true,"href":"https:\/\/www.un.org\/pga\/79\/wp-json\/wp\/v2\/users\/373"}],"replies":[{"embeddable":true,"href":"https:\/\/www.un.org\/pga\/79\/wp-json\/wp\/v2\/comments?post=281162"}],"version-history":[{"count":0,"href":"https:\/\/www.un.org\/pga\/79\/wp-json\/wp\/v2\/posts\/281162\/revisions"}],"wp:attachment":[{"href":"https:\/\/www.un.org\/pga\/79\/wp-json\/wp\/v2\/media?parent=281162"}],"wp:term":[{"taxonomy":"category","embeddable":true,"href":"https:\/\/www.un.org\/pga\/79\/wp-json\/wp\/v2\/categories?post=281162"},{"taxonomy":"post_tag","embeddable":true,"href":"https:\/\/www.un.org\/pga\/79\/wp-json\/wp\/v2\/tags?post=281162"}],"curies":[{"name":"wp","href":"https:\/\/api.w.org\/{rel}","templated":true}]}}