  {"id":283507,"date":"2025-02-25T15:59:28","date_gmt":"2025-02-25T20:59:28","guid":{"rendered":"https:\/\/www.un.org\/pga\/79\/?p=283507"},"modified":"2025-02-25T15:59:35","modified_gmt":"2025-02-25T20:59:35","slug":"pga-remarks-at-the-at-the-executive-briefing-on-priorities-for-the-79th-session-of-the-general-assembly-including-implementation-of-the-pact-for-the-future-geneva","status":"publish","type":"post","link":"https:\/\/www.un.org\/pga\/79\/2025\/02\/25\/pga-remarks-at-the-at-the-executive-briefing-on-priorities-for-the-79th-session-of-the-general-assembly-including-implementation-of-the-pact-for-the-future-geneva\/","title":{"rendered":"PGA Remarks at the at the Executive Briefing on priorities for the 79th session of the General Assembly, including implementation of the Pact for the Future  Geneva"},"content":{"rendered":"<p>[et_pb_section fb_built=&#8221;1&#8243; admin_label=&#8221;section&#8221; _builder_version=&#8221;4.16&#8243; global_colors_info=&#8221;{}&#8221;][et_pb_row admin_label=&#8221;row&#8221; _builder_version=&#8221;4.16&#8243; background_size=&#8221;initial&#8221; background_position=&#8221;top_left&#8221; background_repeat=&#8221;repeat&#8221; global_colors_info=&#8221;{}&#8221;][et_pb_column type=&#8221;4_4&#8243; _builder_version=&#8221;4.16&#8243; custom_padding=&#8221;|||&#8221; global_colors_info=&#8221;{}&#8221; custom_padding__hover=&#8221;|||&#8221;][et_pb_text _builder_version=&#8221;4.27.4&#8243; _module_preset=&#8221;default&#8221; vertical_offset_tablet=&#8221;0&#8243; horizontal_offset_tablet=&#8221;0&#8243; link_option_url_new_window=&#8221;on&#8221; hover_enabled=&#8221;0&#8243; z_index_tablet=&#8221;0&#8243; text_text_shadow_horizontal_length_tablet=&#8221;0px&#8221; text_text_shadow_vertical_length_tablet=&#8221;0px&#8221; text_text_shadow_blur_strength_tablet=&#8221;1px&#8221; link_text_shadow_horizontal_length_tablet=&#8221;0px&#8221; link_text_shadow_vertical_length_tablet=&#8221;0px&#8221; link_text_shadow_blur_strength_tablet=&#8221;1px&#8221; ul_text_shadow_horizontal_length_tablet=&#8221;0px&#8221; ul_text_shadow_vertical_length_tablet=&#8221;0px&#8221; ul_text_shadow_blur_strength_tablet=&#8221;1px&#8221; ol_text_shadow_horizontal_length_tablet=&#8221;0px&#8221; ol_text_shadow_vertical_length_tablet=&#8221;0px&#8221; ol_text_shadow_blur_strength_tablet=&#8221;1px&#8221; quote_text_shadow_horizontal_length_tablet=&#8221;0px&#8221; quote_text_shadow_vertical_length_tablet=&#8221;0px&#8221; quote_text_shadow_blur_strength_tablet=&#8221;1px&#8221; header_text_shadow_horizontal_length_tablet=&#8221;0px&#8221; header_text_shadow_vertical_length_tablet=&#8221;0px&#8221; header_text_shadow_blur_strength_tablet=&#8221;1px&#8221; header_2_text_shadow_horizontal_length_tablet=&#8221;0px&#8221; header_2_text_shadow_vertical_length_tablet=&#8221;0px&#8221; header_2_text_shadow_blur_strength_tablet=&#8221;1px&#8221; header_3_text_shadow_horizontal_length_tablet=&#8221;0px&#8221; header_3_text_shadow_vertical_length_tablet=&#8221;0px&#8221; header_3_text_shadow_blur_strength_tablet=&#8221;1px&#8221; header_4_text_shadow_horizontal_length_tablet=&#8221;0px&#8221; header_4_text_shadow_vertical_length_tablet=&#8221;0px&#8221; header_4_text_shadow_blur_strength_tablet=&#8221;1px&#8221; header_5_text_shadow_horizontal_length_tablet=&#8221;0px&#8221; header_5_text_shadow_vertical_length_tablet=&#8221;0px&#8221; header_5_text_shadow_blur_strength_tablet=&#8221;1px&#8221; header_6_text_shadow_horizontal_length_tablet=&#8221;0px&#8221; header_6_text_shadow_vertical_length_tablet=&#8221;0px&#8221; header_6_text_shadow_blur_strength_tablet=&#8221;1px&#8221; box_shadow_horizontal_tablet=&#8221;0px&#8221; box_shadow_vertical_tablet=&#8221;0px&#8221; box_shadow_blur_tablet=&#8221;40px&#8221; box_shadow_spread_tablet=&#8221;0px&#8221; global_colors_info=&#8221;{}&#8221; sticky_enabled=&#8221;0&#8243;]<\/p>\n<p style=\"text-align: center\"><strong>Remarks by the President of the General Assembly<\/strong><\/p>\n<p style=\"text-align: center\"><strong> at the at the Executive Briefing on priorities for the 79<sup>th<\/sup> session of the General Assembly, <\/strong><\/p>\n<p style=\"text-align: center\"><strong>including implementation of the Pact for the Future <\/strong><\/p>\n<p style=\"text-align: center\"><strong>Geneva, 25 February 2025<\/strong><\/p>\n<p style=\"text-align: center\"><strong>(As Prepared for Delivery)<\/strong><\/p>\n<p>&nbsp;<\/p>\n<p>&nbsp;<\/p>\n<p>Ms. Tatyana Valavoya, Director General of the United Nations Office in Geneva,<\/p>\n<p>Excellencies,<\/p>\n<p>Distinguished delegates.<\/p>\n<p>&nbsp;<\/p>\n<p>Thank you for organizing today\u2019s briefing. I intend to brief you on my priorities for the General Assembly and its work during the 79<sup>th<\/sup> session.<\/p>\n<p>&nbsp;<\/p>\n<p>I recognise that to deliver effectively on our commitments, New York and Geneva need to work together.<\/p>\n<p>&nbsp;<\/p>\n<p>The challenges we face, such as climate change, increasing inequalities, poverty, and the proliferation of conflict are extraordinary. To succeed we must act collaboratively as one United Nations.<\/p>\n<p>&nbsp;<\/p>\n<p>Since assuming the functions of President of the General Assembly, I have encouraged cooperation and partnership throughout the work of the Assembly.<\/p>\n<p>&nbsp;<\/p>\n<p>The theme of my Presidency is: \u201cUnity in diversity, for the advancement of peace, sustainable development and human dignity for everyone everywhere\u201d.<\/p>\n<p>&nbsp;<\/p>\n<p>Within this framework, I have outlined a series of priorities based on the three interconnected pillars of the work of the United Nations: human rights, peace and security, and sustainable development.<\/p>\n<p>&nbsp;<\/p>\n<p>First, I am committed to upholding human rights \u2013 and preserving human dignity \u2013 throughout the 79th session.<\/p>\n<p>&nbsp;<\/p>\n<p>On this front, I held one of my first signature events last month, which focused on preserving human dignity in armed conflicts.<\/p>\n<p>&nbsp;<\/p>\n<p>We all witness the appalling and heart-breaking loss of life and suffering of civilians in armed conflicts. Civilian infrastructure, including schools and hospitals, in Gaza, Sudan, Ukraine and elsewhere are also targeted.<\/p>\n<p>&nbsp;<\/p>\n<p>At the event, held in partnership with the International Committee of the Red Cross, I reiterated that even wars have rules.<\/p>\n<p>Compliance with international humanitarian law is non-negotiable.<\/p>\n<p>&nbsp;<\/p>\n<p>Looking ahead, I also plan to hold a signature event on the issue of child labour, in partnership with the International Labour Organization. We intend to stress that children should live a childhood in dignity, and to spotlight actions to eliminate child labour, including the recruitment of children for use in armed conflict.<\/p>\n<p>&nbsp;<\/p>\n<p>Second, I am committed to prioritising peace.<\/p>\n<p>&nbsp;<\/p>\n<p>Specifically, I will convene a High-Level thematic debate on the multi-faceted aspects of peace and security in Africa and the future of peacekeeping. \u00a0We support United Nations-funded peace operations led by the African Union. This is also the spirit of Security Council resolution 2719 (2023).<\/p>\n<p>&nbsp;<\/p>\n<p>This event, to be held in June, will emphasise the critical role of regional organisations in maintaining international peace and security.<\/p>\n<p>&nbsp;<\/p>\n<p>Additionally, in March I will convene a joint meeting of the General Assembly and the Economic and Social Council to discuss the effect of small arms and light weapons on peace and development. A coordinated global response is essential to address this scourge to not only peace and security but also to our development efforts.<\/p>\n<p>&nbsp;<\/p>\n<p>Third, under sustainable development, I will advocate for two critical tools to turbocharge the achievement of the Sustainable Development Goals:<\/p>\n<p>First, through adequate and reliable financing, and<\/p>\n<p>Second, through the power of innovation and digitalisation.<\/p>\n<p>&nbsp;<\/p>\n<p>The Fourth International Conference on Financing for Development will be a key moment to aim at closing the financing gap for development.<\/p>\n<p>&nbsp;<\/p>\n<p>I will support advocacy efforts that lead to more substantial and accessible financing, including through the reform of the international financial architecture, to better serve the long-term development needs of developing countries.<\/p>\n<p>&nbsp;<\/p>\n<p>As part of this advocacy effort, I was pleased to co-convene the annual Parliamentary Hearing, just two weeks ago in New York.<\/p>\n<p>&nbsp;<\/p>\n<p>The Hearing, organised with the Inter-Parliamentary Union, underscored the critical role of parliamentarians in achieving the Sustainable Development Goals, including in unlocking financing.<\/p>\n<p>&nbsp;<\/p>\n<p>Looking ahead, I will be spotlighting efforts to unlock the potential of digitalisation to accelerate sustainable development including in Africa, such as the Timbuktoo initiative of the United Nations Development Programme.<\/p>\n<p>&nbsp;<\/p>\n<p>In this regard, I will convene a multistakeholder dialogue. Our aim is to discuss the recommendations contained in the report of the Secretary-General on the review of the implementation of commitments made toward Africa\u2019s development.<\/p>\n<p>&nbsp;<\/p>\n<p>Excellencies,<\/p>\n<p>&nbsp;<\/p>\n<p>In addition to the priorities I have outlined, three others stand as cross-cutting areas of focus: gender equality, multilingualism, and dialogue.<\/p>\n<p>&nbsp;<\/p>\n<p>On gender equality, I am humbled to have recently been designated as an international gender champion.<\/p>\n<p>&nbsp;<\/p>\n<p>This was not an award but a call to duty. While advancing gender equality is a collective responsibility, it is especially incumbent upon those of us in positions of influence to champion gender equality in all our actions.<\/p>\n<p>&nbsp;<\/p>\n<p>Acting in this spirit, I have re-constituted the Advisory Board on Gender Equality. This Board will guide me on the best ways and means of integrating a gender perspective in the work of the General Assembly and in all my activities and events.<\/p>\n<p>&nbsp;<\/p>\n<p>Together, we will focus on advancing women\u2019s economic empowerment and the implementation of the gender related actions of the Pact for the Future.<\/p>\n<p>&nbsp;<\/p>\n<p>This year we celebrate the thirtieth anniversary of the Beijing Declaration and Platform for Action. It is an opportunity to renew the call to action, to uphold the human rights of all women and girls. We will continue to make meaningful strides toward the achievement of gender equality.<\/p>\n<p>&nbsp;<\/p>\n<p>Consultations are ongoing on the preparations for the high-level meeting to commemorate the thirtieth anniversary of the Fourth World Conference on Women. The High-level meeting would be held during the Assembly\u2019s High-Level week in September 2025.<\/p>\n<p>&nbsp;<\/p>\n<p>Colleagues,<\/p>\n<p>&nbsp;<\/p>\n<p>We should address the issue of multilingualism at the United Nations.<\/p>\n<p>&nbsp;<\/p>\n<p>I am pleased to note that I have assembled a Multilingualism Task Force within my Office.\u00a0 This Task Force has produced an action plan that includes an appeal for funding to ensure we can provide more resources to deliver our outputs in more official languages.<\/p>\n<p>&nbsp;<\/p>\n<p>It is my hope that future Presidents of the General Assembly will recommit to multilingualism, with the tools and resources needed to maintain this principle of the United Nations. I was pleased to have held an informal dialogue with some Permanent Representatives on this important topic recently in New York.<\/p>\n<p>&nbsp;<\/p>\n<p>That dialogue \u2013 the first in a series of informal, off the record exchanges \u2013 is being held under the appellation of \u2018Palaver Tree Dialogues\u2019.<\/p>\n<p>&nbsp;<\/p>\n<p>In the spirit of its name, which is well-known across much of Africa, it is a space for candid reflections and for participants to come together in the spirit of multilateral dialogue.<\/p>\n<p>We plan to hold further Palaver Tree discussions on other important topics.<\/p>\n<p>&nbsp;<\/p>\n<p>Excellences,<\/p>\n<p>&nbsp;<\/p>\n<p>Chacune de ces initiatives et l\u2019ensemble des priorit\u00e9s visent \u00e0 faire progresser notre qu\u00eate commune d\u2019un monde meilleur, fond\u00e9 sur les principes et les valeurs de la Charte des Nations Unies.<\/p>\n<p>&nbsp;<\/p>\n<p>Ces initiatives s\u2019inscrivent dans le prolongement des engagements pris par les \u00c9tats membres dans le cadre du Pacte pour l\u2019avenir, adopt\u00e9 en septembre 2024.<\/p>\n<p>&nbsp;<\/p>\n<p>Le Pacte et ses annexes, notamment le Pacte num\u00e9rique mondial et la D\u00e9claration sur les g\u00e9n\u00e9rations futures, offrent une formidable occasion de conforter la coop\u00e9ration internationale.<\/p>\n<p>Il s\u2019agit d\u2019une reconnaissance de notre parcours commun. Ce parcours a connu des d\u00e9fis et des succ\u00e8s. C\u2019est un parcours qui comporte \u00e9galement la promesse que nous construirons un monde meilleur pour tous, partout dans le monde.<\/p>\n<p>&nbsp;<\/p>\n<p>Alors que le 80\u00e8me anniversaire de l\u2019ONU approche, ce Pacte et sa mise en \u0153uvre doivent b\u00e9n\u00e9ficier de tous nos efforts.<\/p>\n<p>&nbsp;<\/p>\n<p>Je m\u2019engage \u00e0 soutenir ces efforts.<\/p>\n<p>&nbsp;<\/p>\n<p>Le Pacte pour l\u2019avenir recommande que sa mise en \u0153uvre s\u2019effectue par le biais des processus intergouvernementaux existants\u00a0: c\u2019est dans ce sens que, en janvier 2025, j\u2019ai r\u00e9uni tous les Co-facilitateurs et Co-pr\u00e9sidents des processus en cours.<\/p>\n<p>&nbsp;<\/p>\n<p>Je les ai encourag\u00e9s \u00e0 mettre leurs activit\u00e9s en coh\u00e9rence avec les diff\u00e9rentes prescriptions du Pacte pour l\u2019avenir.<\/p>\n<p>&nbsp;<\/p>\n<p>Je r\u00e9it\u00e8re cet appel aujourd\u2019hui.<\/p>\n<p>&nbsp;<\/p>\n<p>Les organisations bas\u00e9es \u00e0 Gen\u00e8ve devraient s\u2019engager activement dans la mise en \u0153uvre du Pacte, en tirant parti de leur expertise, de leurs ressources et de leur capacit\u00e9 de mobilisation.<\/p>\n<p>&nbsp;<\/p>\n<p>Une coordination renforc\u00e9e, une prise de d\u00e9cision fond\u00e9e sur des donn\u00e9es et des partenariats intersectoriels sont essentiels pour traduire les engagements du Pacte en progr\u00e8s mondiaux concrets.<\/p>\n<p>&nbsp;<\/p>\n<p>Dans les mois \u00e0 venir, j\u2019organiserai trois dialogues interactifs avec les \u00c9tats membres, ax\u00e9s respectivement sur\u00a0:\u00a0 les moyens de mise en \u0153uvre, le suivi-\u00e9valuation, et en pr\u00e9vision de l\u2019examen du Pacte en 2028.<\/p>\n<p>&nbsp;<\/p>\n<p>Excellences,<\/p>\n<p>&nbsp;<\/p>\n<p>Au-del\u00e0 de ces priorit\u00e9s, l\u2019Assembl\u00e9e G\u00e9n\u00e9rale a une longue liste de processus et de n\u00e9gociations en cours, dont vous avez sans doute connaissance.<\/p>\n<p>&nbsp;<\/p>\n<p>Il s\u2019agit notamment\u00a0:<\/p>\n<p>Premi\u00e8rement, les n\u00e9gociations sur la d\u00e9claration politique qui sera adopt\u00e9e lors de la troisi\u00e8me Conf\u00e9rence des Nations Unies sur les oc\u00e9ans en juin 2025\u00a0;<\/p>\n<p>Deuxi\u00e8mement, la d\u00e9claration politique du deuxi\u00e8me Sommet mondial pour le d\u00e9veloppement social pr\u00e9vu en novembre 2025.<\/p>\n<p>&nbsp;<\/p>\n<p>Les autres processus concernent notamment :<\/p>\n<p>&nbsp;<\/p>\n<ol>\n<li>La comm\u00e9moration du trenti\u00e8me anniversaire du Programme d\u2019action mondial pour la jeunesse ;<\/li>\n<li>Le trenti\u00e8me anniversaire de la quatri\u00e8me Conf\u00e9rence mondiale sur les femmes (Beijing+30) ;<\/li>\n<\/ol>\n<p>&nbsp;<\/p>\n<ol>\n<li>La pr\u00e9vention et la lutte contre les maladies non transmissibles ;<\/li>\n<\/ol>\n<p>&nbsp;<\/p>\n<ol>\n<li>La r\u00e9union de haut niveau sur l\u2019examen global de la mise en \u0153uvre des r\u00e9sultats du Sommet Mondial sur la Soci\u00e9t\u00e9 de l\u2019information (Examen SMSI+20) ; et<\/li>\n<\/ol>\n<p>&nbsp;<\/p>\n<ol>\n<li>L\u2019\u00e9valuation du Plan d\u2019action mondial des Nations Unies pour la lutte contre la traite des \u00eatres humains.<\/li>\n<\/ol>\n<p>&nbsp;<\/p>\n<p>Il faut ajouter \u00e0 cette liste les \u00e9v\u00e9nements sp\u00e9ciaux organis\u00e9s pour marquer le 80\u00e8me anniversaire de l\u2019ONU. Le premier de ces \u00e9v\u00e9nements est pr\u00e9vu pour juin 2025, \u00e0 l\u2019occasion de la Journ\u00e9e de la Charte des Nations Unies.<\/p>\n<p>&nbsp;<\/p>\n<p>Je forme le v\u0153u que cet anniversaire, plac\u00e9 sous le th\u00e8me \u00ab Construire notre avenir ensemble \u00bb, nous rappelle le pouvoir du multilat\u00e9ralisme.<\/p>\n<p>&nbsp;<\/p>\n<p>Excellences,<\/p>\n<p>&nbsp;<\/p>\n<p>Depuis 80 ans, l\u2019ONU est confront\u00e9e \u00e0 des d\u00e9fis et \u00e0 des conflits. Depuis 80 ans aussi nous cherchons ensemble des solutions et des r\u00e9ponses durables.<\/p>\n<p>&nbsp;<\/p>\n<p>Permettez-moi de profiter de cet instant pour vous inviter, tous ici pr\u00e9sents, \u00e0 r\u00e9fl\u00e9chir sur les succ\u00e8s de l\u2019ONU au cours des 80 ans.<\/p>\n<p>&nbsp;<\/p>\n<p>Nous devons \u00e9galement r\u00e9fl\u00e9chir \u00e0 la mani\u00e8re dont les Nations Unies pourront aller de succ\u00e8s en succ\u00e8s dans les ann\u00e9es \u00e0 venir.<\/p>\n<p>&nbsp;<\/p>\n<p>Je vous remercie.<\/p>\n<p>&nbsp;<\/p>\n<p>&nbsp;<\/p>\n<p><strong>Media Contacts<\/strong><\/p>\n<p>Sharon Birch, Spokesperson for the President of the General Assembly, Tel: +1 212 963 0564, M: +1 646 342 5873, Email:\u00a0<a href=\"mailto:birchs@un.org\"><strong>birchs@un.org<\/strong><\/a><\/p>\n<p>Dr. Mariam Shaikh, Adviser\/ Social and Digital Media\/Media Relations, M: +1 917 3614990, Email:\u00a0<a href=\"mailto:mariam.shaikh@un.org\"><strong>mariam.shaikh@un.org<\/strong><\/a><\/p>\n<p>&nbsp;<\/p>\n<p>More Information and Updates\u00a0:\u00a0<a href=\"https:\/\/www.un.org\/pga\/79\/\"><strong>Website<\/strong><\/a>: \u00a0<a href=\"https:\/\/eur02.safelinks.protection.outlook.com\/?url=https%3A%2F%2Fwww.youtube.com%2F%40Ä¢¹½ÊÓÆµPGA&amp;data=05%7C02%7Cmariam.shaikh%40un.org%7C3c5c590744624f6b0a1b08dd55dd143f%7C0f9e35db544f4f60bdcc5ea416e6dc70%7C0%7C0%7C638761130186287324%7CUnknown%7CTWFpbGZsb3d8eyJFbXB0eU1hcGkiOnRydWUsIlYiOiIwLjAuMDAwMCIsIlAiOiJXaW4zMiIsIkFOIjoiTWFpbCIsIldUIjoyfQ%3D%3D%7C0%7C%7C%7C&amp;sdata=wOkfvHTeyQcha6ewVENTXIFu8hjdqlUirAB5%2FKbeKtY%3D&amp;reserved=0\"><strong>YouTube:\u00a0<\/strong><\/a>\u00a0<a href=\"https:\/\/eur02.safelinks.protection.outlook.com\/?url=https%3A%2F%2Fx.com%2FÄ¢¹½ÊÓÆµ_PGA&amp;data=05%7C02%7Cmariam.shaikh%40un.org%7C3c5c590744624f6b0a1b08dd55dd143f%7C0f9e35db544f4f60bdcc5ea416e6dc70%7C0%7C0%7C638761130186307530%7CUnknown%7CTWFpbGZsb3d8eyJFbXB0eU1hcGkiOnRydWUsIlYiOiIwLjAuMDAwMCIsIlAiOiJXaW4zMiIsIkFOIjoiTWFpbCIsIldUIjoyfQ%3D%3D%7C0%7C%7C%7C&amp;sdata=nYIJUal%2Bo8WXvCpQSmwSGwk5AbYHDaoSHdVRGyLZCpo%3D&amp;reserved=0\"><strong>X (Twitter):<\/strong><\/a>\u00a0<a href=\"https:\/\/eur02.safelinks.protection.outlook.com\/?url=http%3A%2F%2Fwww.instagram.com%2Funpga&amp;data=05%7C02%7Cmariam.shaikh%40un.org%7C3c5c590744624f6b0a1b08dd55dd143f%7C0f9e35db544f4f60bdcc5ea416e6dc70%7C0%7C0%7C638761130186322373%7CUnknown%7CTWFpbGZsb3d8eyJFbXB0eU1hcGkiOnRydWUsIlYiOiIwLjAuMDAwMCIsIlAiOiJXaW4zMiIsIkFOIjoiTWFpbCIsIldUIjoyfQ%3D%3D%7C0%7C%7C%7C&amp;sdata=uszTV20bxuCZutmy%2BsN4%2Brnq8rpT%2BiJj009VwHJQNQQ%3D&amp;reserved=0\"><strong>Instagram<\/strong><\/a>: \u00a0<a href=\"https:\/\/eur02.safelinks.protection.outlook.com\/?url=https%3A%2F%2Fwww.linkedin.com%2Fin%2Fun-pga79%2F&amp;data=05%7C02%7Cmariam.shaikh%40un.org%7C3c5c590744624f6b0a1b08dd55dd143f%7C0f9e35db544f4f60bdcc5ea416e6dc70%7C0%7C0%7C638761130186336756%7CUnknown%7CTWFpbGZsb3d8eyJFbXB0eU1hcGkiOnRydWUsIlYiOiIwLjAuMDAwMCIsIlAiOiJXaW4zMiIsIkFOIjoiTWFpbCIsIldUIjoyfQ%3D%3D%7C0%7C%7C%7C&amp;sdata=0GOKeBBVXQvryTjOYECWiegKvJahxL3ksBNRy%2BbXVyQ%3D&amp;reserved=0\"><strong>LinkedIn:\u00a0<\/strong><\/a>\u00a0<a href=\"https:\/\/eur02.safelinks.protection.outlook.com\/?url=https%3A%2F%2Fopga79.imgbb.com%2F&amp;data=05%7C02%7Cmariam.shaikh%40un.org%7C3c5c590744624f6b0a1b08dd55dd143f%7C0f9e35db544f4f60bdcc5ea416e6dc70%7C0%7C0%7C638761130186350422%7CUnknown%7CTWFpbGZsb3d8eyJFbXB0eU1hcGkiOnRydWUsIlYiOiIwLjAuMDAwMCIsIlAiOiJXaW4zMiIsIkFOIjoiTWFpbCIsIldUIjoyfQ%3D%3D%7C0%7C%7C%7C&amp;sdata=zvKEEMNP%2FbEdT0tZwGKib7vmyWtHZY6GUkJYe6MLdYc%3D&amp;reserved=0\"><strong>Photo Repository<\/strong><\/a>:\u00a0<a href=\"https:\/\/www.un.org\/en\/ga\/79\/resolutions.shtml\"><strong>Resolutions of the 79th Session \u2013 Ä¢¹½ÊÓÆµ General Assembly<\/strong><\/a><\/p>\n<p>&nbsp;<\/p>\n<p>&nbsp;<\/p>\n<p><strong>Media Contacts<\/strong><\/p>\n<p>Sharon Birch, Spokesperson for the President of the General Assembly, Tel: +1 212 963 0564, M: +1 646 342 5873, Email:\u00a0<a href=\"mailto:birchs@un.org\"><strong>birchs@un.org<\/strong><\/a><\/p>\n<p>Dr. Mariam Shaikh, Adviser\/ Social and Digital Media\/Media Relations, M: +1 917 3614990, Email:\u00a0<a href=\"mailto:mariam.shaikh@un.org\"><strong>mariam.shaikh@un.org<\/strong><\/a><\/p>\n<p>&nbsp;<\/p>\n<p>More Information and Updates\u00a0:\u00a0<a href=\"https:\/\/www.un.org\/pga\/79\/\"><strong>Website<\/strong><\/a>: \u00a0<a href=\"https:\/\/eur02.safelinks.protection.outlook.com\/?url=https%3A%2F%2Fwww.youtube.com%2F%40Ä¢¹½ÊÓÆµPGA&amp;data=05%7C02%7Cmariam.shaikh%40un.org%7C516ca35b4ad94d742cdb08dd54f39d98%7C0f9e35db544f4f60bdcc5ea416e6dc70%7C0%7C0%7C638760127472895276%7CUnknown%7CTWFpbGZsb3d8eyJFbXB0eU1hcGkiOnRydWUsIlYiOiIwLjAuMDAwMCIsIlAiOiJXaW4zMiIsIkFOIjoiTWFpbCIsIldUIjoyfQ%3D%3D%7C0%7C%7C%7C&amp;sdata=yJMJS5sGycm%2BHKyuUcHKQIlkAC%2FRcqPaBaBdbzdBs5I%3D&amp;reserved=0\"><strong>YouTube:\u00a0<\/strong><\/a>\u00a0<a href=\"https:\/\/eur02.safelinks.protection.outlook.com\/?url=https%3A%2F%2Fx.com%2FÄ¢¹½ÊÓÆµ_PGA&amp;data=05%7C02%7Cmariam.shaikh%40un.org%7C516ca35b4ad94d742cdb08dd54f39d98%7C0f9e35db544f4f60bdcc5ea416e6dc70%7C0%7C0%7C638760127472913552%7CUnknown%7CTWFpbGZsb3d8eyJFbXB0eU1hcGkiOnRydWUsIlYiOiIwLjAuMDAwMCIsIlAiOiJXaW4zMiIsIkFOIjoiTWFpbCIsIldUIjoyfQ%3D%3D%7C0%7C%7C%7C&amp;sdata=gYLnSrafbN5Mb2mKgULjiblKGM%2B85%2BWBqo8XRYVnOUs%3D&amp;reserved=0\"><strong>X (Twitter):<\/strong><\/a>\u00a0<a href=\"https:\/\/eur02.safelinks.protection.outlook.com\/?url=http%3A%2F%2Fwww.instagram.com%2Funpga&amp;data=05%7C02%7Cmariam.shaikh%40un.org%7C516ca35b4ad94d742cdb08dd54f39d98%7C0f9e35db544f4f60bdcc5ea416e6dc70%7C0%7C0%7C638760127472925639%7CUnknown%7CTWFpbGZsb3d8eyJFbXB0eU1hcGkiOnRydWUsIlYiOiIwLjAuMDAwMCIsIlAiOiJXaW4zMiIsIkFOIjoiTWFpbCIsIldUIjoyfQ%3D%3D%7C0%7C%7C%7C&amp;sdata=DJCd29FVVOFsa8mNjnPqJ%2FJkwPhLumEjeD3IhFeR%2FpQ%3D&amp;reserved=0\"><strong>Instagram<\/strong><\/a>: \u00a0<a href=\"https:\/\/eur02.safelinks.protection.outlook.com\/?url=https%3A%2F%2Fwww.linkedin.com%2Fin%2Fun-pga79%2F&amp;data=05%7C02%7Cmariam.shaikh%40un.org%7C516ca35b4ad94d742cdb08dd54f39d98%7C0f9e35db544f4f60bdcc5ea416e6dc70%7C0%7C0%7C638760127472937189%7CUnknown%7CTWFpbGZsb3d8eyJFbXB0eU1hcGkiOnRydWUsIlYiOiIwLjAuMDAwMCIsIlAiOiJXaW4zMiIsIkFOIjoiTWFpbCIsIldUIjoyfQ%3D%3D%7C0%7C%7C%7C&amp;sdata=YWorhbEvWFHxyhoiuTlRceiscGW0FEP9vXY7hnI%2BlvE%3D&amp;reserved=0\"><strong>LinkedIn:\u00a0<\/strong><\/a>\u00a0<a href=\"https:\/\/eur02.safelinks.protection.outlook.com\/?url=https%3A%2F%2Fopga79.imgbb.com%2F&amp;data=05%7C02%7Cmariam.shaikh%40un.org%7C516ca35b4ad94d742cdb08dd54f39d98%7C0f9e35db544f4f60bdcc5ea416e6dc70%7C0%7C0%7C638760127472948963%7CUnknown%7CTWFpbGZsb3d8eyJFbXB0eU1hcGkiOnRydWUsIlYiOiIwLjAuMDAwMCIsIlAiOiJXaW4zMiIsIkFOIjoiTWFpbCIsIldUIjoyfQ%3D%3D%7C0%7C%7C%7C&amp;sdata=vK2mvE%2BkMnBbWUMb26AbP9PSKzPyRXp%2Bkok%2F4Pj0qrE%3D&amp;reserved=0\"><strong>Photo Repository<\/strong><\/a>:\u00a0<a href=\"https:\/\/www.un.org\/en\/ga\/79\/resolutions.shtml\"><strong>Resolutions of the 79th Session \u2013 Ä¢¹½ÊÓÆµ General Assembly<\/strong><\/a><\/p>\n<p>&nbsp;<\/p>\n<p>&nbsp;<\/p>\n<p class=\"x_MsoNormal\">[\/et_pb_text][\/et_pb_column][\/et_pb_row][\/et_pb_section]<\/p>\n","protected":false},"excerpt":{"rendered":"<p>Remarks by the President of the General Assembly at the at the Executive Briefing on priorities for the 79th session of the General Assembly, including implementation of the Pact for [&hellip;]<\/p>\n","protected":false},"author":373,"featured_media":0,"comment_status":"closed","ping_status":"closed","sticky":false,"template":"","format":"standard","meta":{"_et_pb_use_builder":"on","_et_pb_old_content":"","_et_gb_content_width":"","footnotes":""},"categories":[81,111],"tags":[],"class_list":["post-283507","post","type-post","status-publish","format-standard","hentry","category-blog","category-speeches","et-doesnt-have-format-content","et_post_format-et-post-format-standard"],"yoast_head":"<!-- This site is optimized with the Yoast SEO plugin v28.3 - https:\/\/yoast.com\/product\/yoast-seo-wordpress\/ -->\n<title>PGA Remarks at the at the Executive Briefing on priorities for the 79th session of the General Assembly, including implementation of the Pact for the Future Geneva | General Assembly of the United Nations<\/title>\n<meta name=\"robots\" content=\"index, follow, max-snippet:-1, max-image-preview:large, max-video-preview:-1\" \/>\n<link rel=\"canonical\" href=\"https:\/\/www.un.org\/pga\/79\/2025\/02\/25\/pga-remarks-at-the-at-the-executive-briefing-on-priorities-for-the-79th-session-of-the-general-assembly-including-implementation-of-the-pact-for-the-future-geneva\/\" \/>\n<meta property=\"og:locale\" content=\"en_US\" \/>\n<meta property=\"og:type\" content=\"article\" \/>\n<meta property=\"og:title\" content=\"PGA Remarks at the at the Executive Briefing on priorities for the 79th session of the General Assembly, including implementation of the Pact for the Future Geneva | General Assembly of the United Nations\" \/>\n<meta property=\"og:description\" content=\"Remarks by the President of the General Assembly at the at the Executive Briefing on priorities for the 79th session of the General Assembly, including implementation of the Pact for [&hellip;]\" \/>\n<meta property=\"og:url\" content=\"https:\/\/www.un.org\/pga\/79\/2025\/02\/25\/pga-remarks-at-the-at-the-executive-briefing-on-priorities-for-the-79th-session-of-the-general-assembly-including-implementation-of-the-pact-for-the-future-geneva\/\" \/>\n<meta property=\"og:site_name\" content=\"General Assembly of the United Nations\" \/>\n<meta property=\"article:published_time\" content=\"2025-02-25T20:59:28+00:00\" \/>\n<meta property=\"article:modified_time\" content=\"2025-02-25T20:59:35+00:00\" \/>\n<meta name=\"author\" content=\"Mariam Shaikh\" \/>\n<meta name=\"twitter:card\" content=\"summary_large_image\" \/>\n<meta name=\"twitter:creator\" content=\"@Ä¢¹½ÊÓÆµ_PGA\" \/>\n<meta name=\"twitter:site\" content=\"@Ä¢¹½ÊÓÆµ_PGA\" \/>\n<meta name=\"twitter:label1\" content=\"Written by\" \/>\n\t<meta name=\"twitter:data1\" content=\"Mariam Shaikh\" \/>\n\t<meta name=\"twitter:label2\" content=\"Est. reading time\" \/>\n\t<meta name=\"twitter:data2\" content=\"11 minutes\" \/>\n<script type=\"application\/ld+json\" class=\"yoast-schema-graph\">{\"@context\":\"https:\\\/\\\/schema.org\",\"@graph\":[{\"@type\":\"Article\",\"@id\":\"https:\\\/\\\/www.un.org\\\/pga\\\/79\\\/2025\\\/02\\\/25\\\/pga-remarks-at-the-at-the-executive-briefing-on-priorities-for-the-79th-session-of-the-general-assembly-including-implementation-of-the-pact-for-the-future-geneva\\\/#article\",\"isPartOf\":{\"@id\":\"https:\\\/\\\/www.un.org\\\/pga\\\/79\\\/2025\\\/02\\\/25\\\/pga-remarks-at-the-at-the-executive-briefing-on-priorities-for-the-79th-session-of-the-general-assembly-including-implementation-of-the-pact-for-the-future-geneva\\\/\"},\"author\":{\"name\":\"Mariam Shaikh\",\"@id\":\"https:\\\/\\\/www.un.org\\\/pga\\\/79\\\/#\\\/schema\\\/person\\\/a6125ff2aae976abbd38a051575a1151\"},\"headline\":\"PGA Remarks at the at the Executive Briefing on priorities for the 79th session of the General Assembly, including implementation of the Pact for the Future Geneva\",\"datePublished\":\"2025-02-25T20:59:28+00:00\",\"dateModified\":\"2025-02-25T20:59:35+00:00\",\"mainEntityOfPage\":{\"@id\":\"https:\\\/\\\/www.un.org\\\/pga\\\/79\\\/2025\\\/02\\\/25\\\/pga-remarks-at-the-at-the-executive-briefing-on-priorities-for-the-79th-session-of-the-general-assembly-including-implementation-of-the-pact-for-the-future-geneva\\\/\"},\"wordCount\":2292,\"publisher\":{\"@id\":\"https:\\\/\\\/www.un.org\\\/pga\\\/79\\\/#organization\"},\"articleSection\":[\"Blog\",\"Speeches\"],\"inLanguage\":\"en-US\"},{\"@type\":\"WebPage\",\"@id\":\"https:\\\/\\\/www.un.org\\\/pga\\\/79\\\/2025\\\/02\\\/25\\\/pga-remarks-at-the-at-the-executive-briefing-on-priorities-for-the-79th-session-of-the-general-assembly-including-implementation-of-the-pact-for-the-future-geneva\\\/\",\"url\":\"https:\\\/\\\/www.un.org\\\/pga\\\/79\\\/2025\\\/02\\\/25\\\/pga-remarks-at-the-at-the-executive-briefing-on-priorities-for-the-79th-session-of-the-general-assembly-including-implementation-of-the-pact-for-the-future-geneva\\\/\",\"name\":\"PGA Remarks at the at the Executive Briefing on priorities for the 79th session of the General Assembly, including implementation of the Pact for the Future Geneva | General Assembly of the United Nations\",\"isPartOf\":{\"@id\":\"https:\\\/\\\/www.un.org\\\/pga\\\/79\\\/#website\"},\"datePublished\":\"2025-02-25T20:59:28+00:00\",\"dateModified\":\"2025-02-25T20:59:35+00:00\",\"breadcrumb\":{\"@id\":\"https:\\\/\\\/www.un.org\\\/pga\\\/79\\\/2025\\\/02\\\/25\\\/pga-remarks-at-the-at-the-executive-briefing-on-priorities-for-the-79th-session-of-the-general-assembly-including-implementation-of-the-pact-for-the-future-geneva\\\/#breadcrumb\"},\"inLanguage\":\"en-US\",\"potentialAction\":[{\"@type\":\"ReadAction\",\"target\":[\"https:\\\/\\\/www.un.org\\\/pga\\\/79\\\/2025\\\/02\\\/25\\\/pga-remarks-at-the-at-the-executive-briefing-on-priorities-for-the-79th-session-of-the-general-assembly-including-implementation-of-the-pact-for-the-future-geneva\\\/\"]}]},{\"@type\":\"BreadcrumbList\",\"@id\":\"https:\\\/\\\/www.un.org\\\/pga\\\/79\\\/2025\\\/02\\\/25\\\/pga-remarks-at-the-at-the-executive-briefing-on-priorities-for-the-79th-session-of-the-general-assembly-including-implementation-of-the-pact-for-the-future-geneva\\\/#breadcrumb\",\"itemListElement\":[{\"@type\":\"ListItem\",\"position\":1,\"name\":\"Home\",\"item\":\"https:\\\/\\\/www.un.org\\\/pga\\\/79\\\/\"},{\"@type\":\"ListItem\",\"position\":2,\"name\":\"PGA Remarks at the at the Executive Briefing on priorities for the 79th session of the General Assembly, including implementation of the Pact for the Future Geneva\"}]},{\"@type\":\"WebSite\",\"@id\":\"https:\\\/\\\/www.un.org\\\/pga\\\/79\\\/#website\",\"url\":\"https:\\\/\\\/www.un.org\\\/pga\\\/79\\\/\",\"name\":\"General Assembly of the United Nations President of the 75th session\",\"description\":\"President of the 79th session\",\"publisher\":{\"@id\":\"https:\\\/\\\/www.un.org\\\/pga\\\/79\\\/#organization\"},\"potentialAction\":[{\"@type\":\"SearchAction\",\"target\":{\"@type\":\"EntryPoint\",\"urlTemplate\":\"https:\\\/\\\/www.un.org\\\/pga\\\/79\\\/?s={search_term_string}\"},\"query-input\":{\"@type\":\"PropertyValueSpecification\",\"valueRequired\":true,\"valueName\":\"search_term_string\"}}],\"inLanguage\":\"en-US\"},{\"@type\":\"Organization\",\"@id\":\"https:\\\/\\\/www.un.org\\\/pga\\\/79\\\/#organization\",\"name\":\"President of the 75th session of the General Assembly of the United Nations General Assembly of the United Nations\",\"url\":\"https:\\\/\\\/www.un.org\\\/pga\\\/79\\\/\",\"logo\":{\"@type\":\"ImageObject\",\"inLanguage\":\"en-US\",\"@id\":\"https:\\\/\\\/www.un.org\\\/pga\\\/79\\\/#\\\/schema\\\/logo\\\/image\\\/\",\"url\":\"https:\\\/\\\/www.un.org\\\/pga\\\/wp-content\\\/uploads\\\/sites\\\/109\\\/2020\\\/09\\\/Ä¢¹½ÊÓÆµGA75_2020_REVERSED-01.png\",\"contentUrl\":\"https:\\\/\\\/www.un.org\\\/pga\\\/wp-content\\\/uploads\\\/sites\\\/109\\\/2020\\\/09\\\/Ä¢¹½ÊÓÆµGA75_2020_REVERSED-01.png\",\"width\":4397,\"height\":3221,\"caption\":\"President of the 75th session of the General Assembly of the United Nations General Assembly of the United Nations\"},\"image\":{\"@id\":\"https:\\\/\\\/www.un.org\\\/pga\\\/79\\\/#\\\/schema\\\/logo\\\/image\\\/\"},\"sameAs\":[\"https:\\\/\\\/x.com\\\/Ä¢¹½ÊÓÆµ_PGA\"]},{\"@type\":\"Person\",\"@id\":\"https:\\\/\\\/www.un.org\\\/pga\\\/79\\\/#\\\/schema\\\/person\\\/a6125ff2aae976abbd38a051575a1151\",\"name\":\"Mariam Shaikh\",\"image\":{\"@type\":\"ImageObject\",\"inLanguage\":\"en-US\",\"@id\":\"https:\\\/\\\/secure.gravatar.com\\\/avatar\\\/94222feffd54d3e1f8dd77e0b7aee80dafe48474ecdeccdaeca1772150e65ee6?s=96&d=mm&r=g\",\"url\":\"https:\\\/\\\/secure.gravatar.com\\\/avatar\\\/94222feffd54d3e1f8dd77e0b7aee80dafe48474ecdeccdaeca1772150e65ee6?s=96&d=mm&r=g\",\"contentUrl\":\"https:\\\/\\\/secure.gravatar.com\\\/avatar\\\/94222feffd54d3e1f8dd77e0b7aee80dafe48474ecdeccdaeca1772150e65ee6?s=96&d=mm&r=g\",\"caption\":\"Mariam Shaikh\"},\"url\":\"https:\\\/\\\/www.un.org\\\/pga\\\/79\\\/author\\\/mariam-shaikhun-org\\\/\"}]}<\/script>\n<!-- \/ Yoast SEO plugin. -->","yoast_head_json":{"title":"PGA Remarks at the at the Executive Briefing on priorities for the 79th session of the General Assembly, including implementation of the Pact for the Future Geneva | General Assembly of the United Nations","robots":{"index":"index","follow":"follow","max-snippet":"max-snippet:-1","max-image-preview":"max-image-preview:large","max-video-preview":"max-video-preview:-1"},"canonical":"https:\/\/www.un.org\/pga\/79\/2025\/02\/25\/pga-remarks-at-the-at-the-executive-briefing-on-priorities-for-the-79th-session-of-the-general-assembly-including-implementation-of-the-pact-for-the-future-geneva\/","og_locale":"en_US","og_type":"article","og_title":"PGA Remarks at the at the Executive Briefing on priorities for the 79th session of the General Assembly, including implementation of the Pact for the Future Geneva | General Assembly of the United Nations","og_description":"Remarks by the President of the General Assembly at the at the Executive Briefing on priorities for the 79th session of the General Assembly, including implementation of the Pact for [&hellip;]","og_url":"https:\/\/www.un.org\/pga\/79\/2025\/02\/25\/pga-remarks-at-the-at-the-executive-briefing-on-priorities-for-the-79th-session-of-the-general-assembly-including-implementation-of-the-pact-for-the-future-geneva\/","og_site_name":"General Assembly of the United Nations","article_published_time":"2025-02-25T20:59:28+00:00","article_modified_time":"2025-02-25T20:59:35+00:00","author":"Mariam Shaikh","twitter_card":"summary_large_image","twitter_creator":"@Ä¢¹½ÊÓÆµ_PGA","twitter_site":"@Ä¢¹½ÊÓÆµ_PGA","twitter_misc":{"Written by":"Mariam Shaikh","Est. reading time":"11 minutes"},"schema":{"@context":"https:\/\/schema.org","@graph":[{"@type":"Article","@id":"https:\/\/www.un.org\/pga\/79\/2025\/02\/25\/pga-remarks-at-the-at-the-executive-briefing-on-priorities-for-the-79th-session-of-the-general-assembly-including-implementation-of-the-pact-for-the-future-geneva\/#article","isPartOf":{"@id":"https:\/\/www.un.org\/pga\/79\/2025\/02\/25\/pga-remarks-at-the-at-the-executive-briefing-on-priorities-for-the-79th-session-of-the-general-assembly-including-implementation-of-the-pact-for-the-future-geneva\/"},"author":{"name":"Mariam Shaikh","@id":"https:\/\/www.un.org\/pga\/79\/#\/schema\/person\/a6125ff2aae976abbd38a051575a1151"},"headline":"PGA Remarks at the at the Executive Briefing on priorities for the 79th session of the General Assembly, including implementation of the Pact for the Future Geneva","datePublished":"2025-02-25T20:59:28+00:00","dateModified":"2025-02-25T20:59:35+00:00","mainEntityOfPage":{"@id":"https:\/\/www.un.org\/pga\/79\/2025\/02\/25\/pga-remarks-at-the-at-the-executive-briefing-on-priorities-for-the-79th-session-of-the-general-assembly-including-implementation-of-the-pact-for-the-future-geneva\/"},"wordCount":2292,"publisher":{"@id":"https:\/\/www.un.org\/pga\/79\/#organization"},"articleSection":["Blog","Speeches"],"inLanguage":"en-US"},{"@type":"WebPage","@id":"https:\/\/www.un.org\/pga\/79\/2025\/02\/25\/pga-remarks-at-the-at-the-executive-briefing-on-priorities-for-the-79th-session-of-the-general-assembly-including-implementation-of-the-pact-for-the-future-geneva\/","url":"https:\/\/www.un.org\/pga\/79\/2025\/02\/25\/pga-remarks-at-the-at-the-executive-briefing-on-priorities-for-the-79th-session-of-the-general-assembly-including-implementation-of-the-pact-for-the-future-geneva\/","name":"PGA Remarks at the at the Executive Briefing on priorities for the 79th session of the General Assembly, including implementation of the Pact for the Future Geneva | General Assembly of the United Nations","isPartOf":{"@id":"https:\/\/www.un.org\/pga\/79\/#website"},"datePublished":"2025-02-25T20:59:28+00:00","dateModified":"2025-02-25T20:59:35+00:00","breadcrumb":{"@id":"https:\/\/www.un.org\/pga\/79\/2025\/02\/25\/pga-remarks-at-the-at-the-executive-briefing-on-priorities-for-the-79th-session-of-the-general-assembly-including-implementation-of-the-pact-for-the-future-geneva\/#breadcrumb"},"inLanguage":"en-US","potentialAction":[{"@type":"ReadAction","target":["https:\/\/www.un.org\/pga\/79\/2025\/02\/25\/pga-remarks-at-the-at-the-executive-briefing-on-priorities-for-the-79th-session-of-the-general-assembly-including-implementation-of-the-pact-for-the-future-geneva\/"]}]},{"@type":"BreadcrumbList","@id":"https:\/\/www.un.org\/pga\/79\/2025\/02\/25\/pga-remarks-at-the-at-the-executive-briefing-on-priorities-for-the-79th-session-of-the-general-assembly-including-implementation-of-the-pact-for-the-future-geneva\/#breadcrumb","itemListElement":[{"@type":"ListItem","position":1,"name":"Home","item":"https:\/\/www.un.org\/pga\/79\/"},{"@type":"ListItem","position":2,"name":"PGA Remarks at the at the Executive Briefing on priorities for the 79th session of the General Assembly, including implementation of the Pact for the Future Geneva"}]},{"@type":"WebSite","@id":"https:\/\/www.un.org\/pga\/79\/#website","url":"https:\/\/www.un.org\/pga\/79\/","name":"General Assembly of the United Nations President of the 75th session","description":"President of the 79th session","publisher":{"@id":"https:\/\/www.un.org\/pga\/79\/#organization"},"potentialAction":[{"@type":"SearchAction","target":{"@type":"EntryPoint","urlTemplate":"https:\/\/www.un.org\/pga\/79\/?s={search_term_string}"},"query-input":{"@type":"PropertyValueSpecification","valueRequired":true,"valueName":"search_term_string"}}],"inLanguage":"en-US"},{"@type":"Organization","@id":"https:\/\/www.un.org\/pga\/79\/#organization","name":"President of the 75th session of the General Assembly of the United Nations General Assembly of the United Nations","url":"https:\/\/www.un.org\/pga\/79\/","logo":{"@type":"ImageObject","inLanguage":"en-US","@id":"https:\/\/www.un.org\/pga\/79\/#\/schema\/logo\/image\/","url":"https:\/\/www.un.org\/pga\/wp-content\/uploads\/sites\/109\/2020\/09\/Ä¢¹½ÊÓÆµGA75_2020_REVERSED-01.png","contentUrl":"https:\/\/www.un.org\/pga\/wp-content\/uploads\/sites\/109\/2020\/09\/Ä¢¹½ÊÓÆµGA75_2020_REVERSED-01.png","width":4397,"height":3221,"caption":"President of the 75th session of the General Assembly of the United Nations General Assembly of the United Nations"},"image":{"@id":"https:\/\/www.un.org\/pga\/79\/#\/schema\/logo\/image\/"},"sameAs":["https:\/\/x.com\/Ä¢¹½ÊÓÆµ_PGA"]},{"@type":"Person","@id":"https:\/\/www.un.org\/pga\/79\/#\/schema\/person\/a6125ff2aae976abbd38a051575a1151","name":"Mariam Shaikh","image":{"@type":"ImageObject","inLanguage":"en-US","@id":"https:\/\/secure.gravatar.com\/avatar\/94222feffd54d3e1f8dd77e0b7aee80dafe48474ecdeccdaeca1772150e65ee6?s=96&d=mm&r=g","url":"https:\/\/secure.gravatar.com\/avatar\/94222feffd54d3e1f8dd77e0b7aee80dafe48474ecdeccdaeca1772150e65ee6?s=96&d=mm&r=g","contentUrl":"https:\/\/secure.gravatar.com\/avatar\/94222feffd54d3e1f8dd77e0b7aee80dafe48474ecdeccdaeca1772150e65ee6?s=96&d=mm&r=g","caption":"Mariam Shaikh"},"url":"https:\/\/www.un.org\/pga\/79\/author\/mariam-shaikhun-org\/"}]}},"_links":{"self":[{"href":"https:\/\/www.un.org\/pga\/79\/wp-json\/wp\/v2\/posts\/283507","targetHints":{"allow":["GET"]}}],"collection":[{"href":"https:\/\/www.un.org\/pga\/79\/wp-json\/wp\/v2\/posts"}],"about":[{"href":"https:\/\/www.un.org\/pga\/79\/wp-json\/wp\/v2\/types\/post"}],"author":[{"embeddable":true,"href":"https:\/\/www.un.org\/pga\/79\/wp-json\/wp\/v2\/users\/373"}],"replies":[{"embeddable":true,"href":"https:\/\/www.un.org\/pga\/79\/wp-json\/wp\/v2\/comments?post=283507"}],"version-history":[{"count":0,"href":"https:\/\/www.un.org\/pga\/79\/wp-json\/wp\/v2\/posts\/283507\/revisions"}],"wp:attachment":[{"href":"https:\/\/www.un.org\/pga\/79\/wp-json\/wp\/v2\/media?parent=283507"}],"wp:term":[{"taxonomy":"category","embeddable":true,"href":"https:\/\/www.un.org\/pga\/79\/wp-json\/wp\/v2\/categories?post=283507"},{"taxonomy":"post_tag","embeddable":true,"href":"https:\/\/www.un.org\/pga\/79\/wp-json\/wp\/v2\/tags?post=283507"}],"curies":[{"name":"wp","href":"https:\/\/api.w.org\/{rel}","templated":true}]}}