  {"id":283787,"date":"2025-03-05T10:47:26","date_gmt":"2025-03-05T15:47:26","guid":{"rendered":"https:\/\/www.un.org\/pga\/79\/?p=283787"},"modified":"2025-03-05T10:47:36","modified_gmt":"2025-03-05T15:47:36","slug":"pga-remarks-at-the-briefing-by-ambassador-andre-aranha-correa-do-lago-president-designate-of-2025-united-nations-climate-change-conference","status":"publish","type":"post","link":"https:\/\/www.un.org\/pga\/79\/2025\/03\/05\/pga-remarks-at-the-briefing-by-ambassador-andre-aranha-correa-do-lago-president-designate-of-2025-united-nations-climate-change-conference\/","title":{"rendered":"PGA Remarks at the briefing by Ambassador\u00a0Andr\u00e9 Aranha Corr\u00eaa do Lago, President-designate\u00a0of\u00a0  2025 United Nations Climate Change Conference\u00a0"},"content":{"rendered":"<p>[et_pb_section fb_built=&#8221;1&#8243; admin_label=&#8221;section&#8221; _builder_version=&#8221;4.16&#8243; global_colors_info=&#8221;{}&#8221;][et_pb_row admin_label=&#8221;row&#8221; _builder_version=&#8221;4.16&#8243; background_size=&#8221;initial&#8221; background_position=&#8221;top_left&#8221; background_repeat=&#8221;repeat&#8221; global_colors_info=&#8221;{}&#8221;][et_pb_column type=&#8221;4_4&#8243; _builder_version=&#8221;4.16&#8243; custom_padding=&#8221;|||&#8221; global_colors_info=&#8221;{}&#8221; custom_padding__hover=&#8221;|||&#8221;][et_pb_text _builder_version=&#8221;4.27.4&#8243; _module_preset=&#8221;default&#8221; vertical_offset_tablet=&#8221;0&#8243; horizontal_offset_tablet=&#8221;0&#8243; link_option_url_new_window=&#8221;on&#8221; hover_enabled=&#8221;0&#8243; z_index_tablet=&#8221;0&#8243; text_text_shadow_horizontal_length_tablet=&#8221;0px&#8221; text_text_shadow_vertical_length_tablet=&#8221;0px&#8221; text_text_shadow_blur_strength_tablet=&#8221;1px&#8221; link_text_shadow_horizontal_length_tablet=&#8221;0px&#8221; link_text_shadow_vertical_length_tablet=&#8221;0px&#8221; link_text_shadow_blur_strength_tablet=&#8221;1px&#8221; ul_text_shadow_horizontal_length_tablet=&#8221;0px&#8221; ul_text_shadow_vertical_length_tablet=&#8221;0px&#8221; ul_text_shadow_blur_strength_tablet=&#8221;1px&#8221; ol_text_shadow_horizontal_length_tablet=&#8221;0px&#8221; ol_text_shadow_vertical_length_tablet=&#8221;0px&#8221; ol_text_shadow_blur_strength_tablet=&#8221;1px&#8221; quote_text_shadow_horizontal_length_tablet=&#8221;0px&#8221; quote_text_shadow_vertical_length_tablet=&#8221;0px&#8221; quote_text_shadow_blur_strength_tablet=&#8221;1px&#8221; header_text_shadow_horizontal_length_tablet=&#8221;0px&#8221; header_text_shadow_vertical_length_tablet=&#8221;0px&#8221; header_text_shadow_blur_strength_tablet=&#8221;1px&#8221; header_2_text_shadow_horizontal_length_tablet=&#8221;0px&#8221; header_2_text_shadow_vertical_length_tablet=&#8221;0px&#8221; header_2_text_shadow_blur_strength_tablet=&#8221;1px&#8221; header_3_text_shadow_horizontal_length_tablet=&#8221;0px&#8221; header_3_text_shadow_vertical_length_tablet=&#8221;0px&#8221; header_3_text_shadow_blur_strength_tablet=&#8221;1px&#8221; header_4_text_shadow_horizontal_length_tablet=&#8221;0px&#8221; header_4_text_shadow_vertical_length_tablet=&#8221;0px&#8221; header_4_text_shadow_blur_strength_tablet=&#8221;1px&#8221; header_5_text_shadow_horizontal_length_tablet=&#8221;0px&#8221; header_5_text_shadow_vertical_length_tablet=&#8221;0px&#8221; header_5_text_shadow_blur_strength_tablet=&#8221;1px&#8221; header_6_text_shadow_horizontal_length_tablet=&#8221;0px&#8221; header_6_text_shadow_vertical_length_tablet=&#8221;0px&#8221; header_6_text_shadow_blur_strength_tablet=&#8221;1px&#8221; box_shadow_horizontal_tablet=&#8221;0px&#8221; box_shadow_vertical_tablet=&#8221;0px&#8221; box_shadow_blur_tablet=&#8221;40px&#8221; box_shadow_spread_tablet=&#8221;0px&#8221; global_colors_info=&#8221;{}&#8221; sticky_enabled=&#8221;0&#8243;]<\/p>\n<p style=\"text-align: center\">\n<p style=\"text-align: center\">\n<p style=\"text-align: center\">\n<p style=\"text-align: center\"><strong>Remarks by the President of the General Assembly<\/strong><\/p>\n<p style=\"text-align: center\"><strong>Mr. Philemon Yang\u00a0<\/strong><\/p>\n<p style=\"text-align: center\"><strong>at the briefing by Ambassador\u00a0Andr\u00e9 Aranha Corr\u00eaa do Lago, President-designate\u00a0of\u00a0<\/strong><\/p>\n<p style=\"text-align: center\"><strong>2025 United Nations Climate Change Conference<\/strong>\u00a0<\/p>\n<p style=\"text-align: center\"><strong>[As Delivered]<\/strong><\/p>\n<p style=\"text-align: center\"><strong>10:00 hrs, 5 March 2025, GA Hall<\/strong><\/p>\n<p>&nbsp;<\/p>\n<p>Excellencies,<\/p>\n<p>Distinguished delegates,<\/p>\n<p>Ladies and gentlemen,<\/p>\n<p>&nbsp;<\/p>\n<p>\u00a0It is a privilege to convene this briefing ahead of the 2025 United Nations Climate Change Conference in Brazil.<\/p>\n<p>&nbsp;<\/p>\n<p>Let me express my appreciation to Ambassador Andr\u00e9 Aranha Corr\u00eaa do Lago, President-designate of the 2025 United Nations Climate Change Conference for this timely briefing on preparations and priorities as we look to the Conference.<\/p>\n<p>&nbsp;<\/p>\n<p>Brazil\u2019s effort to engage Member States at this early stage reflects the spirit of multilateralism- one that strengthens our collective efforts in addressing this urgent challenge.<\/p>\n<p>&nbsp;<\/p>\n<p>This year marks an important juncture in our global response to climate change. As the 30th United Nations Climate Conference returns to Brazil, where the Ä¢¹½ÊÓÆµ Framework Convention on Climate Change was first signed in 1992, we must seize this moment to reflect and renew our commitment to action.<\/p>\n<p>&nbsp;<\/p>\n<p>The outcome of the 2024 Ä¢¹½ÊÓÆµ Climate Conference in Baku, Azerbaijan made it clear\u2014the world needs to take more action and commitments on adaptation, mitigation, and finance.<\/p>\n<p>&nbsp;<\/p>\n<p>Emissions continue to rise, temperatures continue to increase, and the effects of climate change are becoming more severe.<\/p>\n<p>&nbsp;<\/p>\n<p>This Conference is an opportunity to build on the outcomes of the previous Conferences and reinvigorate climate action.<\/p>\n<p>&nbsp;<\/p>\n<p>The upcoming third generation of Nationally Determined Contributions will be paramount to this effort and have the potential to re-energize climate action. \u00a0<\/p>\n<p>&nbsp;<\/p>\n<p>This is an opportunity for nations to lead with ambition while ensuring contributions remain achievable.<\/p>\n<p>Contributions that reduce greenhouse gas emissions.<\/p>\n<p>Contributions that empower the most vulnerable with the tools needed to adapt and thrive.<\/p>\n<p>Contributions that put in place the resources and finances needed to effectively address this global challenge. \u00a0<\/p>\n<p>&nbsp;<\/p>\n<p>And most importantly, we need Nationally Determined Contributions that keep us on track to achieve the temperature goals set out in the Paris Agreement.<\/p>\n<p>&nbsp;<\/p>\n<p>Excellences,<\/p>\n<p>Mesdames et messieurs,<br \/>Chers amis,<\/p>\n<p>&nbsp;<\/p>\n<p>Chaque pays a un r\u00f4le \u00e0 jouer, mais certains sont plus vuln\u00e9rables et ont besoin de soutien. Les engagements doivent refl\u00e9ter le principe des responsabilit\u00e9s communes mais diff\u00e9renci\u00e9es ainsi que les r\u00e9alit\u00e9s nationales.<\/p>\n<p>&nbsp;<\/p>\n<p>C\u2019est l\u00e0 l\u2019essence de l\u2019Accord de Paris et l\u2019esprit du multilat\u00e9ralisme.<\/p>\n<p>&nbsp;<\/p>\n<p>Dans le m\u00eame temps, l\u2019ambition doit se traduire par des actions concr\u00e8tes. Nous avons d\u00e9pass\u00e9 le stade des beaux discours et des d\u00e9clarations \u00e9loquentes. Le monde a besoin de r\u00e9sultats tangibles.<\/p>\n<p>&nbsp;<\/p>\n<p>Le Nouvel Objectif Collectif Quantifi\u00e9 de 300 milliards de dollars par an est un pas dans cette direction. \u00c0 l\u2019avenir, il devra \u00eatre enti\u00e8rement respect\u00e9 pour que ces ressources puissent parvenir, en temps voulu, \u00e0 ceux qui en ont le plus besoin.<\/p>\n<p>&nbsp;<\/p>\n<p>Il est \u00e9galement essentiel que ces fonds restent additionnels et ne d\u00e9tournent pas les ressources d\u00e9di\u00e9es aux efforts plus larges de d\u00e9veloppement durable.<\/p>\n<p>&nbsp;<\/p>\n<p>L\u2019action climatique et le d\u00e9veloppement doivent avancer de pair, et nous devons nous assurer que les ressources sont mobilis\u00e9es de mani\u00e8re efficace et \u00e9quitable pour r\u00e9pondre \u00e0 ces deux priorit\u00e9s.<\/p>\n<p>&nbsp;<\/p>\n<p>Excellencies,<\/p>\n<p>Ladies and gentlemen,<\/p>\n<p>Dear friends,<\/p>\n<p>&nbsp;<\/p>\n<p>The road to the 2025 United Nations Climate Conference must be inclusive, ambitious, and action-driven.<\/p>\n<p>&nbsp;<\/p>\n<p>Strong commitments on mitigation and adaptation, sufficient and accessible financing, and international cooperation are essential. \u00a0<\/p>\n<p>&nbsp;<\/p>\n<p>This is a chance to build momentum toward real progress. \u00a0<\/p>\n<p>&nbsp;<\/p>\n<p>Let me once again thank Ambassador Corr\u00eaa do Lago for this valuable engagement. \u00a0<\/p>\n<p>&nbsp;<\/p>\n<p>I look forward to COP30 delivering concrete and meaningful outcomes for all.<\/p>\n<p>&nbsp;<\/p>\n<p>I thank you.<\/p>\n<p>&nbsp;<\/p>\n<p>***\u00a0\u00a0\u00a0\u00a0<\/p>\n<p>More Information and Updates\u00a0:\u00a0<a href=\"https:\/\/www.un.org\/pga\/79\/\"><strong>Website<\/strong><\/a>: \u00a0<a href=\"https:\/\/eur02.safelinks.protection.outlook.com\/?url=https%3A%2F%2Fwww.youtube.com%2F%40Ä¢¹½ÊÓÆµPGA&amp;data=05%7C02%7Cmariam.shaikh%40un.org%7Cdb6f5697edf34894c78a08dd55df7197%7C0f9e35db544f4f60bdcc5ea416e6dc70%7C0%7C0%7C638761140353482404%7CUnknown%7CTWFpbGZsb3d8eyJFbXB0eU1hcGkiOnRydWUsIlYiOiIwLjAuMDAwMCIsIlAiOiJXaW4zMiIsIkFOIjoiTWFpbCIsIldUIjoyfQ%3D%3D%7C0%7C%7C%7C&amp;sdata=WXizoFE1nAJNvDicOrlI9kl%2F1YQbI%2Bx1h6BKb1revpc%3D&amp;reserved=0\"><strong>YouTube:\u00a0<\/strong><\/a>\u00a0<a href=\"https:\/\/eur02.safelinks.protection.outlook.com\/?url=https%3A%2F%2Fx.com%2FÄ¢¹½ÊÓÆµ_PGA&amp;data=05%7C02%7Cmariam.shaikh%40un.org%7Cdb6f5697edf34894c78a08dd55df7197%7C0f9e35db544f4f60bdcc5ea416e6dc70%7C0%7C0%7C638761140353504669%7CUnknown%7CTWFpbGZsb3d8eyJFbXB0eU1hcGkiOnRydWUsIlYiOiIwLjAuMDAwMCIsIlAiOiJXaW4zMiIsIkFOIjoiTWFpbCIsIldUIjoyfQ%3D%3D%7C0%7C%7C%7C&amp;sdata=x%2BpFxlhP%2BLOmtVqThZjs6nat0%2B1zqz5qyjD6LQCrjG4%3D&amp;reserved=0\"><strong>X (Twitter):<\/strong><\/a>\u00a0<a href=\"https:\/\/eur02.safelinks.protection.outlook.com\/?url=http%3A%2F%2Fwww.instagram.com%2Funpga&amp;data=05%7C02%7Cmariam.shaikh%40un.org%7Cdb6f5697edf34894c78a08dd55df7197%7C0f9e35db544f4f60bdcc5ea416e6dc70%7C0%7C0%7C638761140353517754%7CUnknown%7CTWFpbGZsb3d8eyJFbXB0eU1hcGkiOnRydWUsIlYiOiIwLjAuMDAwMCIsIlAiOiJXaW4zMiIsIkFOIjoiTWFpbCIsIldUIjoyfQ%3D%3D%7C0%7C%7C%7C&amp;sdata=XlWHfJ8V8qwCcgY0ZXKhjfXDvuTQ3kCpQ0hAgh9MOyo%3D&amp;reserved=0\"><strong>Instagram<\/strong><\/a>: \u00a0<a href=\"https:\/\/eur02.safelinks.protection.outlook.com\/?url=https%3A%2F%2Fwww.linkedin.com%2Fin%2Fun-pga79%2F&amp;data=05%7C02%7Cmariam.shaikh%40un.org%7Cdb6f5697edf34894c78a08dd55df7197%7C0f9e35db544f4f60bdcc5ea416e6dc70%7C0%7C0%7C638761140353530220%7CUnknown%7CTWFpbGZsb3d8eyJFbXB0eU1hcGkiOnRydWUsIlYiOiIwLjAuMDAwMCIsIlAiOiJXaW4zMiIsIkFOIjoiTWFpbCIsIldUIjoyfQ%3D%3D%7C0%7C%7C%7C&amp;sdata=94IKSALLGW0csyaKns7fXRp4BtVcxTHnZ48GMOvoIh8%3D&amp;reserved=0\"><strong>LinkedIn:\u00a0<\/strong><\/a>\u00a0<a href=\"https:\/\/eur02.safelinks.protection.outlook.com\/?url=https%3A%2F%2Fopga79.imgbb.com%2F&amp;data=05%7C02%7Cmariam.shaikh%40un.org%7Cdb6f5697edf34894c78a08dd55df7197%7C0f9e35db544f4f60bdcc5ea416e6dc70%7C0%7C0%7C638761140353543240%7CUnknown%7CTWFpbGZsb3d8eyJFbXB0eU1hcGkiOnRydWUsIlYiOiIwLjAuMDAwMCIsIlAiOiJXaW4zMiIsIkFOIjoiTWFpbCIsIldUIjoyfQ%3D%3D%7C0%7C%7C%7C&amp;sdata=gzSUpuEnfgCwSqhX505rBg55phKWYvuwJhgtBMUsxNQ%3D&amp;reserved=0\"><strong>Photo Repository<\/strong><\/a>:\u00a0<strong><a href=\"https:\/\/bsky.app\/profile\/unpga.bsky.social\">Bluesky<\/a><\/strong>; <strong><a href=\"https:\/\/www.un.org\/pga\/79\/weekly-highlights-2\/\">Weekly Highlights<\/a><\/strong><\/p>\n<p><a href=\"https:\/\/www.un.org\/en\/ga\/79\/resolutions.shtml\"><strong>Resolutions of the 79th Session \u2013 Ä¢¹½ÊÓÆµ General Assembly<\/strong><\/a><\/p>\n<p class=\"x_MsoNormal\">[\/et_pb_text][\/et_pb_column][\/et_pb_row][\/et_pb_section]<\/p>\n","protected":false},"excerpt":{"rendered":"<p>Remarks by the President of the General Assembly Mr. Philemon Yang\u00a0 at the briefing by Ambassador\u00a0Andr\u00e9 Aranha Corr\u00eaa do Lago, President-designate\u00a0of\u00a0 2025 United Nations Climate Change Conference\u00a0 [As Delivered] 10:00 [&hellip;]<\/p>\n","protected":false},"author":373,"featured_media":0,"comment_status":"closed","ping_status":"closed","sticky":false,"template":"","format":"standard","meta":{"_et_pb_use_builder":"on","_et_pb_old_content":"","_et_gb_content_width":"","footnotes":""},"categories":[81,111],"tags":[],"class_list":["post-283787","post","type-post","status-publish","format-standard","hentry","category-blog","category-speeches","et-doesnt-have-format-content","et_post_format-et-post-format-standard"],"yoast_head":"<!-- This site is optimized with the Yoast SEO plugin v28.3 - https:\/\/yoast.com\/product\/yoast-seo-wordpress\/ -->\n<title>PGA Remarks at the briefing by Ambassador\u00a0Andr\u00e9 Aranha Corr\u00eaa do Lago, President-designate\u00a0of\u00a0 2025 United Nations Climate Change Conference\u00a0 | General Assembly of the United Nations<\/title>\n<meta name=\"robots\" content=\"index, follow, max-snippet:-1, max-image-preview:large, max-video-preview:-1\" \/>\n<link rel=\"canonical\" href=\"https:\/\/www.un.org\/pga\/79\/2025\/03\/05\/pga-remarks-at-the-briefing-by-ambassador-andre-aranha-correa-do-lago-president-designate-of-2025-united-nations-climate-change-conference\/\" \/>\n<meta property=\"og:locale\" content=\"en_US\" \/>\n<meta property=\"og:type\" content=\"article\" \/>\n<meta property=\"og:title\" content=\"PGA Remarks at the briefing by Ambassador\u00a0Andr\u00e9 Aranha Corr\u00eaa do Lago, President-designate\u00a0of\u00a0 2025 United Nations Climate Change Conference\u00a0 | General Assembly of the United Nations\" \/>\n<meta property=\"og:description\" content=\"Remarks by the President of the General Assembly Mr. Philemon Yang\u00a0 at the briefing by Ambassador\u00a0Andr\u00e9 Aranha Corr\u00eaa do Lago, President-designate\u00a0of\u00a0 2025 United Nations Climate Change Conference\u00a0 [As Delivered] 10:00 [&hellip;]\" \/>\n<meta property=\"og:url\" content=\"https:\/\/www.un.org\/pga\/79\/2025\/03\/05\/pga-remarks-at-the-briefing-by-ambassador-andre-aranha-correa-do-lago-president-designate-of-2025-united-nations-climate-change-conference\/\" \/>\n<meta property=\"og:site_name\" content=\"General Assembly of the United Nations\" \/>\n<meta property=\"article:published_time\" content=\"2025-03-05T15:47:26+00:00\" \/>\n<meta property=\"article:modified_time\" content=\"2025-03-05T15:47:36+00:00\" \/>\n<meta name=\"author\" content=\"Mariam Shaikh\" \/>\n<meta name=\"twitter:card\" content=\"summary_large_image\" \/>\n<meta name=\"twitter:creator\" content=\"@Ä¢¹½ÊÓÆµ_PGA\" \/>\n<meta name=\"twitter:site\" content=\"@Ä¢¹½ÊÓÆµ_PGA\" \/>\n<meta name=\"twitter:label1\" content=\"Written by\" \/>\n\t<meta name=\"twitter:data1\" content=\"Mariam Shaikh\" \/>\n\t<meta name=\"twitter:label2\" content=\"Est. reading time\" \/>\n\t<meta name=\"twitter:data2\" content=\"5 minutes\" \/>\n<script type=\"application\/ld+json\" class=\"yoast-schema-graph\">{\"@context\":\"https:\\\/\\\/schema.org\",\"@graph\":[{\"@type\":\"Article\",\"@id\":\"https:\\\/\\\/www.un.org\\\/pga\\\/79\\\/2025\\\/03\\\/05\\\/pga-remarks-at-the-briefing-by-ambassador-andre-aranha-correa-do-lago-president-designate-of-2025-united-nations-climate-change-conference\\\/#article\",\"isPartOf\":{\"@id\":\"https:\\\/\\\/www.un.org\\\/pga\\\/79\\\/2025\\\/03\\\/05\\\/pga-remarks-at-the-briefing-by-ambassador-andre-aranha-correa-do-lago-president-designate-of-2025-united-nations-climate-change-conference\\\/\"},\"author\":{\"name\":\"Mariam Shaikh\",\"@id\":\"https:\\\/\\\/www.un.org\\\/pga\\\/79\\\/#\\\/schema\\\/person\\\/a6125ff2aae976abbd38a051575a1151\"},\"headline\":\"PGA Remarks at the briefing by Ambassador\u00a0Andr\u00e9 Aranha Corr\u00eaa do Lago, President-designate\u00a0of\u00a0 2025 United Nations Climate Change Conference\u00a0\",\"datePublished\":\"2025-03-05T15:47:26+00:00\",\"dateModified\":\"2025-03-05T15:47:36+00:00\",\"mainEntityOfPage\":{\"@id\":\"https:\\\/\\\/www.un.org\\\/pga\\\/79\\\/2025\\\/03\\\/05\\\/pga-remarks-at-the-briefing-by-ambassador-andre-aranha-correa-do-lago-president-designate-of-2025-united-nations-climate-change-conference\\\/\"},\"wordCount\":1015,\"publisher\":{\"@id\":\"https:\\\/\\\/www.un.org\\\/pga\\\/79\\\/#organization\"},\"articleSection\":[\"Blog\",\"Speeches\"],\"inLanguage\":\"en-US\"},{\"@type\":\"WebPage\",\"@id\":\"https:\\\/\\\/www.un.org\\\/pga\\\/79\\\/2025\\\/03\\\/05\\\/pga-remarks-at-the-briefing-by-ambassador-andre-aranha-correa-do-lago-president-designate-of-2025-united-nations-climate-change-conference\\\/\",\"url\":\"https:\\\/\\\/www.un.org\\\/pga\\\/79\\\/2025\\\/03\\\/05\\\/pga-remarks-at-the-briefing-by-ambassador-andre-aranha-correa-do-lago-president-designate-of-2025-united-nations-climate-change-conference\\\/\",\"name\":\"PGA Remarks at the briefing by Ambassador\u00a0Andr\u00e9 Aranha Corr\u00eaa do Lago, President-designate\u00a0of\u00a0 2025 United Nations Climate Change Conference\u00a0 | General Assembly of the United Nations\",\"isPartOf\":{\"@id\":\"https:\\\/\\\/www.un.org\\\/pga\\\/79\\\/#website\"},\"datePublished\":\"2025-03-05T15:47:26+00:00\",\"dateModified\":\"2025-03-05T15:47:36+00:00\",\"breadcrumb\":{\"@id\":\"https:\\\/\\\/www.un.org\\\/pga\\\/79\\\/2025\\\/03\\\/05\\\/pga-remarks-at-the-briefing-by-ambassador-andre-aranha-correa-do-lago-president-designate-of-2025-united-nations-climate-change-conference\\\/#breadcrumb\"},\"inLanguage\":\"en-US\",\"potentialAction\":[{\"@type\":\"ReadAction\",\"target\":[\"https:\\\/\\\/www.un.org\\\/pga\\\/79\\\/2025\\\/03\\\/05\\\/pga-remarks-at-the-briefing-by-ambassador-andre-aranha-correa-do-lago-president-designate-of-2025-united-nations-climate-change-conference\\\/\"]}]},{\"@type\":\"BreadcrumbList\",\"@id\":\"https:\\\/\\\/www.un.org\\\/pga\\\/79\\\/2025\\\/03\\\/05\\\/pga-remarks-at-the-briefing-by-ambassador-andre-aranha-correa-do-lago-president-designate-of-2025-united-nations-climate-change-conference\\\/#breadcrumb\",\"itemListElement\":[{\"@type\":\"ListItem\",\"position\":1,\"name\":\"Home\",\"item\":\"https:\\\/\\\/www.un.org\\\/pga\\\/79\\\/\"},{\"@type\":\"ListItem\",\"position\":2,\"name\":\"PGA Remarks at the briefing by Ambassador\u00a0Andr\u00e9 Aranha Corr\u00eaa do Lago, President-designate\u00a0of\u00a0 2025 United Nations Climate Change Conference\u00a0\"}]},{\"@type\":\"WebSite\",\"@id\":\"https:\\\/\\\/www.un.org\\\/pga\\\/79\\\/#website\",\"url\":\"https:\\\/\\\/www.un.org\\\/pga\\\/79\\\/\",\"name\":\"General Assembly of the United Nations President of the 75th session\",\"description\":\"President of the 79th session\",\"publisher\":{\"@id\":\"https:\\\/\\\/www.un.org\\\/pga\\\/79\\\/#organization\"},\"potentialAction\":[{\"@type\":\"SearchAction\",\"target\":{\"@type\":\"EntryPoint\",\"urlTemplate\":\"https:\\\/\\\/www.un.org\\\/pga\\\/79\\\/?s={search_term_string}\"},\"query-input\":{\"@type\":\"PropertyValueSpecification\",\"valueRequired\":true,\"valueName\":\"search_term_string\"}}],\"inLanguage\":\"en-US\"},{\"@type\":\"Organization\",\"@id\":\"https:\\\/\\\/www.un.org\\\/pga\\\/79\\\/#organization\",\"name\":\"President of the 75th session of the General Assembly of the United Nations General Assembly of the United Nations\",\"url\":\"https:\\\/\\\/www.un.org\\\/pga\\\/79\\\/\",\"logo\":{\"@type\":\"ImageObject\",\"inLanguage\":\"en-US\",\"@id\":\"https:\\\/\\\/www.un.org\\\/pga\\\/79\\\/#\\\/schema\\\/logo\\\/image\\\/\",\"url\":\"https:\\\/\\\/www.un.org\\\/pga\\\/wp-content\\\/uploads\\\/sites\\\/109\\\/2020\\\/09\\\/Ä¢¹½ÊÓÆµGA75_2020_REVERSED-01.png\",\"contentUrl\":\"https:\\\/\\\/www.un.org\\\/pga\\\/wp-content\\\/uploads\\\/sites\\\/109\\\/2020\\\/09\\\/Ä¢¹½ÊÓÆµGA75_2020_REVERSED-01.png\",\"width\":4397,\"height\":3221,\"caption\":\"President of the 75th session of the General Assembly of the United Nations General Assembly of the United Nations\"},\"image\":{\"@id\":\"https:\\\/\\\/www.un.org\\\/pga\\\/79\\\/#\\\/schema\\\/logo\\\/image\\\/\"},\"sameAs\":[\"https:\\\/\\\/x.com\\\/Ä¢¹½ÊÓÆµ_PGA\"]},{\"@type\":\"Person\",\"@id\":\"https:\\\/\\\/www.un.org\\\/pga\\\/79\\\/#\\\/schema\\\/person\\\/a6125ff2aae976abbd38a051575a1151\",\"name\":\"Mariam Shaikh\",\"image\":{\"@type\":\"ImageObject\",\"inLanguage\":\"en-US\",\"@id\":\"https:\\\/\\\/secure.gravatar.com\\\/avatar\\\/94222feffd54d3e1f8dd77e0b7aee80dafe48474ecdeccdaeca1772150e65ee6?s=96&d=mm&r=g\",\"url\":\"https:\\\/\\\/secure.gravatar.com\\\/avatar\\\/94222feffd54d3e1f8dd77e0b7aee80dafe48474ecdeccdaeca1772150e65ee6?s=96&d=mm&r=g\",\"contentUrl\":\"https:\\\/\\\/secure.gravatar.com\\\/avatar\\\/94222feffd54d3e1f8dd77e0b7aee80dafe48474ecdeccdaeca1772150e65ee6?s=96&d=mm&r=g\",\"caption\":\"Mariam Shaikh\"},\"url\":\"https:\\\/\\\/www.un.org\\\/pga\\\/79\\\/author\\\/mariam-shaikhun-org\\\/\"}]}<\/script>\n<!-- \/ Yoast SEO plugin. -->","yoast_head_json":{"title":"PGA Remarks at the briefing by Ambassador\u00a0Andr\u00e9 Aranha Corr\u00eaa do Lago, President-designate\u00a0of\u00a0 2025 United Nations Climate Change Conference\u00a0 | General Assembly of the United Nations","robots":{"index":"index","follow":"follow","max-snippet":"max-snippet:-1","max-image-preview":"max-image-preview:large","max-video-preview":"max-video-preview:-1"},"canonical":"https:\/\/www.un.org\/pga\/79\/2025\/03\/05\/pga-remarks-at-the-briefing-by-ambassador-andre-aranha-correa-do-lago-president-designate-of-2025-united-nations-climate-change-conference\/","og_locale":"en_US","og_type":"article","og_title":"PGA Remarks at the briefing by Ambassador\u00a0Andr\u00e9 Aranha Corr\u00eaa do Lago, President-designate\u00a0of\u00a0 2025 United Nations Climate Change Conference\u00a0 | General Assembly of the United Nations","og_description":"Remarks by the President of the General Assembly Mr. Philemon Yang\u00a0 at the briefing by Ambassador\u00a0Andr\u00e9 Aranha Corr\u00eaa do Lago, President-designate\u00a0of\u00a0 2025 United Nations Climate Change Conference\u00a0 [As Delivered] 10:00 [&hellip;]","og_url":"https:\/\/www.un.org\/pga\/79\/2025\/03\/05\/pga-remarks-at-the-briefing-by-ambassador-andre-aranha-correa-do-lago-president-designate-of-2025-united-nations-climate-change-conference\/","og_site_name":"General Assembly of the United Nations","article_published_time":"2025-03-05T15:47:26+00:00","article_modified_time":"2025-03-05T15:47:36+00:00","author":"Mariam Shaikh","twitter_card":"summary_large_image","twitter_creator":"@Ä¢¹½ÊÓÆµ_PGA","twitter_site":"@Ä¢¹½ÊÓÆµ_PGA","twitter_misc":{"Written by":"Mariam Shaikh","Est. reading time":"5 minutes"},"schema":{"@context":"https:\/\/schema.org","@graph":[{"@type":"Article","@id":"https:\/\/www.un.org\/pga\/79\/2025\/03\/05\/pga-remarks-at-the-briefing-by-ambassador-andre-aranha-correa-do-lago-president-designate-of-2025-united-nations-climate-change-conference\/#article","isPartOf":{"@id":"https:\/\/www.un.org\/pga\/79\/2025\/03\/05\/pga-remarks-at-the-briefing-by-ambassador-andre-aranha-correa-do-lago-president-designate-of-2025-united-nations-climate-change-conference\/"},"author":{"name":"Mariam Shaikh","@id":"https:\/\/www.un.org\/pga\/79\/#\/schema\/person\/a6125ff2aae976abbd38a051575a1151"},"headline":"PGA Remarks at the briefing by Ambassador\u00a0Andr\u00e9 Aranha Corr\u00eaa do Lago, President-designate\u00a0of\u00a0 2025 United Nations Climate Change Conference\u00a0","datePublished":"2025-03-05T15:47:26+00:00","dateModified":"2025-03-05T15:47:36+00:00","mainEntityOfPage":{"@id":"https:\/\/www.un.org\/pga\/79\/2025\/03\/05\/pga-remarks-at-the-briefing-by-ambassador-andre-aranha-correa-do-lago-president-designate-of-2025-united-nations-climate-change-conference\/"},"wordCount":1015,"publisher":{"@id":"https:\/\/www.un.org\/pga\/79\/#organization"},"articleSection":["Blog","Speeches"],"inLanguage":"en-US"},{"@type":"WebPage","@id":"https:\/\/www.un.org\/pga\/79\/2025\/03\/05\/pga-remarks-at-the-briefing-by-ambassador-andre-aranha-correa-do-lago-president-designate-of-2025-united-nations-climate-change-conference\/","url":"https:\/\/www.un.org\/pga\/79\/2025\/03\/05\/pga-remarks-at-the-briefing-by-ambassador-andre-aranha-correa-do-lago-president-designate-of-2025-united-nations-climate-change-conference\/","name":"PGA Remarks at the briefing by Ambassador\u00a0Andr\u00e9 Aranha Corr\u00eaa do Lago, President-designate\u00a0of\u00a0 2025 United Nations Climate Change Conference\u00a0 | General Assembly of the United Nations","isPartOf":{"@id":"https:\/\/www.un.org\/pga\/79\/#website"},"datePublished":"2025-03-05T15:47:26+00:00","dateModified":"2025-03-05T15:47:36+00:00","breadcrumb":{"@id":"https:\/\/www.un.org\/pga\/79\/2025\/03\/05\/pga-remarks-at-the-briefing-by-ambassador-andre-aranha-correa-do-lago-president-designate-of-2025-united-nations-climate-change-conference\/#breadcrumb"},"inLanguage":"en-US","potentialAction":[{"@type":"ReadAction","target":["https:\/\/www.un.org\/pga\/79\/2025\/03\/05\/pga-remarks-at-the-briefing-by-ambassador-andre-aranha-correa-do-lago-president-designate-of-2025-united-nations-climate-change-conference\/"]}]},{"@type":"BreadcrumbList","@id":"https:\/\/www.un.org\/pga\/79\/2025\/03\/05\/pga-remarks-at-the-briefing-by-ambassador-andre-aranha-correa-do-lago-president-designate-of-2025-united-nations-climate-change-conference\/#breadcrumb","itemListElement":[{"@type":"ListItem","position":1,"name":"Home","item":"https:\/\/www.un.org\/pga\/79\/"},{"@type":"ListItem","position":2,"name":"PGA Remarks at the briefing by Ambassador\u00a0Andr\u00e9 Aranha Corr\u00eaa do Lago, President-designate\u00a0of\u00a0 2025 United Nations Climate Change Conference\u00a0"}]},{"@type":"WebSite","@id":"https:\/\/www.un.org\/pga\/79\/#website","url":"https:\/\/www.un.org\/pga\/79\/","name":"General Assembly of the United Nations President of the 75th session","description":"President of the 79th session","publisher":{"@id":"https:\/\/www.un.org\/pga\/79\/#organization"},"potentialAction":[{"@type":"SearchAction","target":{"@type":"EntryPoint","urlTemplate":"https:\/\/www.un.org\/pga\/79\/?s={search_term_string}"},"query-input":{"@type":"PropertyValueSpecification","valueRequired":true,"valueName":"search_term_string"}}],"inLanguage":"en-US"},{"@type":"Organization","@id":"https:\/\/www.un.org\/pga\/79\/#organization","name":"President of the 75th session of the General Assembly of the United Nations General Assembly of the United Nations","url":"https:\/\/www.un.org\/pga\/79\/","logo":{"@type":"ImageObject","inLanguage":"en-US","@id":"https:\/\/www.un.org\/pga\/79\/#\/schema\/logo\/image\/","url":"https:\/\/www.un.org\/pga\/wp-content\/uploads\/sites\/109\/2020\/09\/Ä¢¹½ÊÓÆµGA75_2020_REVERSED-01.png","contentUrl":"https:\/\/www.un.org\/pga\/wp-content\/uploads\/sites\/109\/2020\/09\/Ä¢¹½ÊÓÆµGA75_2020_REVERSED-01.png","width":4397,"height":3221,"caption":"President of the 75th session of the General Assembly of the United Nations General Assembly of the United Nations"},"image":{"@id":"https:\/\/www.un.org\/pga\/79\/#\/schema\/logo\/image\/"},"sameAs":["https:\/\/x.com\/Ä¢¹½ÊÓÆµ_PGA"]},{"@type":"Person","@id":"https:\/\/www.un.org\/pga\/79\/#\/schema\/person\/a6125ff2aae976abbd38a051575a1151","name":"Mariam Shaikh","image":{"@type":"ImageObject","inLanguage":"en-US","@id":"https:\/\/secure.gravatar.com\/avatar\/94222feffd54d3e1f8dd77e0b7aee80dafe48474ecdeccdaeca1772150e65ee6?s=96&d=mm&r=g","url":"https:\/\/secure.gravatar.com\/avatar\/94222feffd54d3e1f8dd77e0b7aee80dafe48474ecdeccdaeca1772150e65ee6?s=96&d=mm&r=g","contentUrl":"https:\/\/secure.gravatar.com\/avatar\/94222feffd54d3e1f8dd77e0b7aee80dafe48474ecdeccdaeca1772150e65ee6?s=96&d=mm&r=g","caption":"Mariam Shaikh"},"url":"https:\/\/www.un.org\/pga\/79\/author\/mariam-shaikhun-org\/"}]}},"_links":{"self":[{"href":"https:\/\/www.un.org\/pga\/79\/wp-json\/wp\/v2\/posts\/283787","targetHints":{"allow":["GET"]}}],"collection":[{"href":"https:\/\/www.un.org\/pga\/79\/wp-json\/wp\/v2\/posts"}],"about":[{"href":"https:\/\/www.un.org\/pga\/79\/wp-json\/wp\/v2\/types\/post"}],"author":[{"embeddable":true,"href":"https:\/\/www.un.org\/pga\/79\/wp-json\/wp\/v2\/users\/373"}],"replies":[{"embeddable":true,"href":"https:\/\/www.un.org\/pga\/79\/wp-json\/wp\/v2\/comments?post=283787"}],"version-history":[{"count":0,"href":"https:\/\/www.un.org\/pga\/79\/wp-json\/wp\/v2\/posts\/283787\/revisions"}],"wp:attachment":[{"href":"https:\/\/www.un.org\/pga\/79\/wp-json\/wp\/v2\/media?parent=283787"}],"wp:term":[{"taxonomy":"category","embeddable":true,"href":"https:\/\/www.un.org\/pga\/79\/wp-json\/wp\/v2\/categories?post=283787"},{"taxonomy":"post_tag","embeddable":true,"href":"https:\/\/www.un.org\/pga\/79\/wp-json\/wp\/v2\/tags?post=283787"}],"curies":[{"name":"wp","href":"https:\/\/api.w.org\/{rel}","templated":true}]}}