  {"id":283832,"date":"2025-03-07T11:12:51","date_gmt":"2025-03-07T16:12:51","guid":{"rendered":"https:\/\/www.un.org\/pga\/79\/?p=283832"},"modified":"2025-03-07T11:13:02","modified_gmt":"2025-03-07T16:13:02","slug":"pga-remarks-at-the-event-on-the-50th-anniversary-of-international-womens-day","status":"publish","type":"post","link":"https:\/\/www.un.org\/pga\/79\/2025\/03\/07\/pga-remarks-at-the-event-on-the-50th-anniversary-of-international-womens-day\/","title":{"rendered":"PGA Remarks at the Event on the 50th Anniversary of International Women\u2019s Day"},"content":{"rendered":"<p>[et_pb_section fb_built=&#8221;1&#8243; admin_label=&#8221;section&#8221; _builder_version=&#8221;4.16&#8243; global_colors_info=&#8221;{}&#8221;][et_pb_row admin_label=&#8221;row&#8221; _builder_version=&#8221;4.16&#8243; background_size=&#8221;initial&#8221; background_position=&#8221;top_left&#8221; background_repeat=&#8221;repeat&#8221; global_colors_info=&#8221;{}&#8221;][et_pb_column type=&#8221;4_4&#8243; _builder_version=&#8221;4.16&#8243; custom_padding=&#8221;|||&#8221; global_colors_info=&#8221;{}&#8221; custom_padding__hover=&#8221;|||&#8221;][et_pb_text _builder_version=&#8221;4.27.4&#8243; _module_preset=&#8221;default&#8221; vertical_offset_tablet=&#8221;0&#8243; horizontal_offset_tablet=&#8221;0&#8243; link_option_url_new_window=&#8221;on&#8221; hover_enabled=&#8221;0&#8243; z_index_tablet=&#8221;0&#8243; text_text_shadow_horizontal_length_tablet=&#8221;0px&#8221; text_text_shadow_vertical_length_tablet=&#8221;0px&#8221; text_text_shadow_blur_strength_tablet=&#8221;1px&#8221; link_text_shadow_horizontal_length_tablet=&#8221;0px&#8221; link_text_shadow_vertical_length_tablet=&#8221;0px&#8221; link_text_shadow_blur_strength_tablet=&#8221;1px&#8221; ul_text_shadow_horizontal_length_tablet=&#8221;0px&#8221; ul_text_shadow_vertical_length_tablet=&#8221;0px&#8221; ul_text_shadow_blur_strength_tablet=&#8221;1px&#8221; ol_text_shadow_horizontal_length_tablet=&#8221;0px&#8221; ol_text_shadow_vertical_length_tablet=&#8221;0px&#8221; ol_text_shadow_blur_strength_tablet=&#8221;1px&#8221; quote_text_shadow_horizontal_length_tablet=&#8221;0px&#8221; quote_text_shadow_vertical_length_tablet=&#8221;0px&#8221; quote_text_shadow_blur_strength_tablet=&#8221;1px&#8221; header_text_shadow_horizontal_length_tablet=&#8221;0px&#8221; header_text_shadow_vertical_length_tablet=&#8221;0px&#8221; header_text_shadow_blur_strength_tablet=&#8221;1px&#8221; header_2_text_shadow_horizontal_length_tablet=&#8221;0px&#8221; header_2_text_shadow_vertical_length_tablet=&#8221;0px&#8221; header_2_text_shadow_blur_strength_tablet=&#8221;1px&#8221; header_3_text_shadow_horizontal_length_tablet=&#8221;0px&#8221; header_3_text_shadow_vertical_length_tablet=&#8221;0px&#8221; header_3_text_shadow_blur_strength_tablet=&#8221;1px&#8221; header_4_text_shadow_horizontal_length_tablet=&#8221;0px&#8221; header_4_text_shadow_vertical_length_tablet=&#8221;0px&#8221; header_4_text_shadow_blur_strength_tablet=&#8221;1px&#8221; header_5_text_shadow_horizontal_length_tablet=&#8221;0px&#8221; header_5_text_shadow_vertical_length_tablet=&#8221;0px&#8221; header_5_text_shadow_blur_strength_tablet=&#8221;1px&#8221; header_6_text_shadow_horizontal_length_tablet=&#8221;0px&#8221; header_6_text_shadow_vertical_length_tablet=&#8221;0px&#8221; header_6_text_shadow_blur_strength_tablet=&#8221;1px&#8221; box_shadow_horizontal_tablet=&#8221;0px&#8221; box_shadow_vertical_tablet=&#8221;0px&#8221; box_shadow_blur_tablet=&#8221;40px&#8221; box_shadow_spread_tablet=&#8221;0px&#8221; global_colors_info=&#8221;{}&#8221; sticky_enabled=&#8221;0&#8243;]<\/p>\n<p style=\"text-align: center\">\n<p style=\"text-align: center\"><strong>Remarks by the President of the General Assembly<br \/>Mr. Philemon Yang<br \/>Event on the 50<sup>th<\/sup> Anniversary of International Women\u2019s Day<\/strong><\/p>\n<p style=\"text-align: center\"><strong>7 March 2025, General Assembly Hall<\/strong><\/p>\n<p style=\"text-align: center\"><strong>[As Delivered]<\/strong><\/p>\n<p>Your Excellencies,<\/p>\n<p>Ladies and gentlemen,<\/p>\n<p>&nbsp;<\/p>\n<p>I thank Ä¢¹½ÊÓÆµ Women for convening this important and timely event.<\/p>\n<p>&nbsp;<\/p>\n<p>I am truly delighted to take part in this meeting.<\/p>\n<p>&nbsp;<\/p>\n<p>Gender equality and the empowerment of women and girls remain among the highest priorities of my presidency.<\/p>\n<p>&nbsp;<\/p>\n<p>Let me begin on a positive note: over the past five decades, we have made notable strides in advancing gender equality.<\/p>\n<p>&nbsp;<\/p>\n<p>International frameworks such as the Convention on the Elimination of All Forms of Discrimination against Women, the Beijing Declaration and Platform for Action, and United Nations Security Council Resolution 1325 on Women and Peace and Security have laid a strong foundation for progress.<\/p>\n<p>&nbsp;<\/p>\n<p>Women\u2019s representation in parliaments worldwide has nearly tripled, rising from just 10 percent fifty years ago to 27 percent today.<\/p>\n<p>&nbsp;<\/p>\n<p>Girls have greater access to education than ever before, and maternal mortality rates have declined alongside a reduction in child marriage to 18.7 percent.<\/p>\n<p>&nbsp;<\/p>\n<p>Today, domestic violence laws exist in 165 countries, and women continue to lead groundbreaking scientific advancements\u2014including the development of COVID-19 vaccines.<\/p>\n<p>&nbsp;<\/p>\n<p>Across every sector\u2014peacebuilding, human rights advocacy, climate action, and the private sector\u2014women are driving transformative change.<\/p>\n<p>&nbsp;<\/p>\n<p>It is fitting that we celebrate these achievements in a year marked by major milestones.<\/p>\n<p>&nbsp;<\/p>\n<p>This year\u2014the thirtieth anniversary of the Beijing Declaration and Platform for Action and the twenty-fifth anniversary of United Nations Security Council Resolution 1325\u2014offers a moment to reflect on progress and honour accomplishments. It is also important to rally greater support for gender equality and women\u2019s empowerment.<\/p>\n<p>&nbsp;<\/p>\n<p>Because we cannot afford complacency.<\/p>\n<p>&nbsp;<\/p>\n<p>These anniversaries occur in a disturbing reality. While we have made undeniable progress, full gender equality remains out of reach.<\/p>\n<p>&nbsp;<\/p>\n<p>The journey is far from over and much remains to be done.<\/p>\n<p>&nbsp;<\/p>\n<p>Consider this: at the current rate of change, ending extreme poverty among women could take another 137 years.<\/p>\n<p>&nbsp;<\/p>\n<p>Around the world, laws continue to discriminate against women and girls, limiting their opportunities and freedoms.<\/p>\n<p>&nbsp;<\/p>\n<p>In 18 percent of countries, women still do not have equal rights to confer citizenship to their spouses and children.<\/p>\n<p>&nbsp;<\/p>\n<p>In more than half of all countries, legal restrictions bar women from working in the same jobs as men.<\/p>\n<p>&nbsp;<\/p>\n<p>And while we celebrate the growing number of women in parliaments, progress remains slow. At the current trajectory, gender parity in legislative bodies may not be achieved until 2063.<\/p>\n<p>&nbsp;<\/p>\n<p>Beyond legal barriers, economic and technological inequalities continue to widen.<\/p>\n<p>&nbsp;<\/p>\n<p>Millions of women remain excluded from the benefits of rapid technological advancements due to disparities in education and skills training.<\/p>\n<p>&nbsp;<\/p>\n<p>It is a tragic and enduring reality that women remain disproportionately vulnerable to violence. This state of affairs is fueled and reinforced by social norms that normalize sexism and misogyny.<\/p>\n<p>&nbsp;<\/p>\n<p>One in three women\u2014approximately 736 million\u2014has experienced physical or sexual violence in her lifetime.<\/p>\n<p>&nbsp;<\/p>\n<p>Moreover, conflicts worldwide inflict some of the gravest violations of women\u2019s and girls\u2019 rights, increasing their vulnerability to conflict-related sexual violence and exploitation.<\/p>\n<p>&nbsp;<\/p>\n<p>Excellences,<\/p>\n<p>&nbsp;<\/p>\n<p>Nous devons faire bien plus\u2014non seulement pour honorer nos engagements actuels, mais aussi pour tracer d\u2019urgence une voie vers une \u00e9galit\u00e9 pleine et enti\u00e8re entre les genres.<\/p>\n<p>&nbsp;<\/p>\n<p>Nous avons l\u2019\u00e9lan n\u00e9cessaire pour agir, avec l\u2019adoption du Pacte pour l\u2019avenir au d\u00e9but de cette session.<\/p>\n<p>&nbsp;<\/p>\n<p>Ce Pacte, ainsi qu\u2019un de ses annexes, la D\u00e9claration sur les G\u00e9n\u00e9rations Futures, r\u00e9affirme notre devoir de mettre pleinement en \u0153uvre les engagements internationaux relatifs aux droits des femmes et des filles.<\/p>\n<p>&nbsp;<\/p>\n<p>Mais les engagements seuls ne suffisent pas.<\/p>\n<p>&nbsp;<\/p>\n<p>Atteindre l\u2019\u00e9galit\u00e9 des genres exige une mobilisation totale des Gouvernements, de la soci\u00e9t\u00e9 civile, du secteur priv\u00e9 et de tous les acteurs concern\u00e9s.<\/p>\n<p>&nbsp;<\/p>\n<p>Cela requiert une volont\u00e9 politique forte, des investissements soutenus et une transformation fondamentale des structures qui perp\u00e9tuent les in\u00e9galit\u00e9s depuis tr\u00e8s longtemps.<\/p>\n<p>&nbsp;<\/p>\n<p>La t\u00e2che qui nous attend est immense, mais elle n\u2019est pas insurmontable.<\/p>\n<p>&nbsp;<\/p>\n<p>Ensemble, honorons le pass\u00e9, agissons avec urgence aujourd\u2019hui et construisons un monde o\u00f9 les droits de chaque femme et de chaque fille sont garantis\u00a0; o\u00f9 l\u2019\u00e9galit\u00e9 n\u2019est pas une aspiration mais une r\u00e9alit\u00e9, et o\u00f9 les femmes et les jeunes filles sont pleinement autonomis\u00e9es pour fa\u00e7onner leur propre avenir.<\/p>\n<p>Je vous remercie.<\/p>\n<p><strong>Media Contacts<\/strong><\/p>\n<p>Sharon Birch, Spokesperson for the President of the General Assembly, Tel: +1 212 963 0564, M: +1 646 342 5873, Email:\u00a0<a href=\"mailto:birchs@un.org\"><strong>birchs@un.org<\/strong><\/a><\/p>\n<p>Dr. Mariam Shaikh, Adviser\/ Social and Digital Media\/Media Relations, M: +1 917 3614990, Email:\u00a0<a href=\"mailto:mariam.shaikh@un.org\"><strong>mariam.shaikh@un.org<\/strong><\/a><\/p>\n<p>More Information and Updates\u00a0:\u00a0<a href=\"https:\/\/www.un.org\/pga\/79\/\"><strong>Website<\/strong><\/a>: \u00a0<a href=\"https:\/\/eur02.safelinks.protection.outlook.com\/?url=https%3A%2F%2Fwww.youtube.com%2F%40Ä¢¹½ÊÓÆµPGA&amp;data=05%7C02%7Cmariam.shaikh%40un.org%7Cdb6f5697edf34894c78a08dd55df7197%7C0f9e35db544f4f60bdcc5ea416e6dc70%7C0%7C0%7C638761140353482404%7CUnknown%7CTWFpbGZsb3d8eyJFbXB0eU1hcGkiOnRydWUsIlYiOiIwLjAuMDAwMCIsIlAiOiJXaW4zMiIsIkFOIjoiTWFpbCIsIldUIjoyfQ%3D%3D%7C0%7C%7C%7C&amp;sdata=WXizoFE1nAJNvDicOrlI9kl%2F1YQbI%2Bx1h6BKb1revpc%3D&amp;reserved=0\"><strong>YouTube:\u00a0<\/strong><\/a>\u00a0<a href=\"https:\/\/eur02.safelinks.protection.outlook.com\/?url=https%3A%2F%2Fx.com%2FÄ¢¹½ÊÓÆµ_PGA&amp;data=05%7C02%7Cmariam.shaikh%40un.org%7Cdb6f5697edf34894c78a08dd55df7197%7C0f9e35db544f4f60bdcc5ea416e6dc70%7C0%7C0%7C638761140353504669%7CUnknown%7CTWFpbGZsb3d8eyJFbXB0eU1hcGkiOnRydWUsIlYiOiIwLjAuMDAwMCIsIlAiOiJXaW4zMiIsIkFOIjoiTWFpbCIsIldUIjoyfQ%3D%3D%7C0%7C%7C%7C&amp;sdata=x%2BpFxlhP%2BLOmtVqThZjs6nat0%2B1zqz5qyjD6LQCrjG4%3D&amp;reserved=0\"><strong>X (Twitter):<\/strong><\/a>\u00a0<a href=\"https:\/\/eur02.safelinks.protection.outlook.com\/?url=http%3A%2F%2Fwww.instagram.com%2Funpga&amp;data=05%7C02%7Cmariam.shaikh%40un.org%7Cdb6f5697edf34894c78a08dd55df7197%7C0f9e35db544f4f60bdcc5ea416e6dc70%7C0%7C0%7C638761140353517754%7CUnknown%7CTWFpbGZsb3d8eyJFbXB0eU1hcGkiOnRydWUsIlYiOiIwLjAuMDAwMCIsIlAiOiJXaW4zMiIsIkFOIjoiTWFpbCIsIldUIjoyfQ%3D%3D%7C0%7C%7C%7C&amp;sdata=XlWHfJ8V8qwCcgY0ZXKhjfXDvuTQ3kCpQ0hAgh9MOyo%3D&amp;reserved=0\"><strong>Instagram<\/strong><\/a>: \u00a0<a href=\"https:\/\/eur02.safelinks.protection.outlook.com\/?url=https%3A%2F%2Fwww.linkedin.com%2Fin%2Fun-pga79%2F&amp;data=05%7C02%7Cmariam.shaikh%40un.org%7Cdb6f5697edf34894c78a08dd55df7197%7C0f9e35db544f4f60bdcc5ea416e6dc70%7C0%7C0%7C638761140353530220%7CUnknown%7CTWFpbGZsb3d8eyJFbXB0eU1hcGkiOnRydWUsIlYiOiIwLjAuMDAwMCIsIlAiOiJXaW4zMiIsIkFOIjoiTWFpbCIsIldUIjoyfQ%3D%3D%7C0%7C%7C%7C&amp;sdata=94IKSALLGW0csyaKns7fXRp4BtVcxTHnZ48GMOvoIh8%3D&amp;reserved=0\"><strong>LinkedIn:\u00a0<\/strong><\/a>\u00a0<a href=\"https:\/\/eur02.safelinks.protection.outlook.com\/?url=https%3A%2F%2Fopga79.imgbb.com%2F&amp;data=05%7C02%7Cmariam.shaikh%40un.org%7Cdb6f5697edf34894c78a08dd55df7197%7C0f9e35db544f4f60bdcc5ea416e6dc70%7C0%7C0%7C638761140353543240%7CUnknown%7CTWFpbGZsb3d8eyJFbXB0eU1hcGkiOnRydWUsIlYiOiIwLjAuMDAwMCIsIlAiOiJXaW4zMiIsIkFOIjoiTWFpbCIsIldUIjoyfQ%3D%3D%7C0%7C%7C%7C&amp;sdata=gzSUpuEnfgCwSqhX505rBg55phKWYvuwJhgtBMUsxNQ%3D&amp;reserved=0\"><strong>Photo Repository<\/strong><\/a>:\u00a0<strong><a href=\"https:\/\/bsky.app\/profile\/unpga.bsky.social\">Bluesky<\/a><\/strong>; <strong><a href=\"https:\/\/www.un.org\/pga\/79\/weekly-highlights-2\/\">Weekly Highlights<\/a><\/strong><\/p>\n<p><a href=\"https:\/\/www.un.org\/en\/ga\/79\/resolutions.shtml\"><strong>Resolutions of the 79th Session \u2013 Ä¢¹½ÊÓÆµ General Assembly<\/strong><\/a><\/p>\n<p>&nbsp;<\/p>\n<p class=\"x_MsoNormal\">[\/et_pb_text][\/et_pb_column][\/et_pb_row][\/et_pb_section]<\/p>\n","protected":false},"excerpt":{"rendered":"<p>Remarks by the President of the General AssemblyMr. Philemon YangEvent on the 50th Anniversary of International Women\u2019s Day 7 March 2025, General Assembly Hall [As Delivered] Your Excellencies, Ladies and [&hellip;]<\/p>\n","protected":false},"author":373,"featured_media":0,"comment_status":"closed","ping_status":"closed","sticky":false,"template":"","format":"standard","meta":{"_et_pb_use_builder":"on","_et_pb_old_content":"","_et_gb_content_width":"","footnotes":""},"categories":[81,111],"tags":[],"class_list":["post-283832","post","type-post","status-publish","format-standard","hentry","category-blog","category-speeches","et-doesnt-have-format-content","et_post_format-et-post-format-standard"],"yoast_head":"<!-- This site is optimized with the Yoast SEO plugin v28.3 - https:\/\/yoast.com\/product\/yoast-seo-wordpress\/ -->\n<title>PGA Remarks at the Event on the 50th Anniversary of International Women\u2019s Day | General Assembly of the United Nations<\/title>\n<meta name=\"robots\" content=\"index, follow, max-snippet:-1, max-image-preview:large, max-video-preview:-1\" \/>\n<link rel=\"canonical\" href=\"https:\/\/www.un.org\/pga\/79\/2025\/03\/07\/pga-remarks-at-the-event-on-the-50th-anniversary-of-international-womens-day\/\" \/>\n<meta property=\"og:locale\" content=\"en_US\" \/>\n<meta property=\"og:type\" content=\"article\" \/>\n<meta property=\"og:title\" content=\"PGA Remarks at the Event on the 50th Anniversary of International Women\u2019s Day | General Assembly of the United Nations\" \/>\n<meta property=\"og:description\" content=\"Remarks by the President of the General AssemblyMr. Philemon YangEvent on the 50th Anniversary of International Women\u2019s Day 7 March 2025, General Assembly Hall [As Delivered] Your Excellencies, Ladies and [&hellip;]\" \/>\n<meta property=\"og:url\" content=\"https:\/\/www.un.org\/pga\/79\/2025\/03\/07\/pga-remarks-at-the-event-on-the-50th-anniversary-of-international-womens-day\/\" \/>\n<meta property=\"og:site_name\" content=\"General Assembly of the United Nations\" \/>\n<meta property=\"article:published_time\" content=\"2025-03-07T16:12:51+00:00\" \/>\n<meta property=\"article:modified_time\" content=\"2025-03-07T16:13:02+00:00\" \/>\n<meta name=\"author\" content=\"Mariam Shaikh\" \/>\n<meta name=\"twitter:card\" content=\"summary_large_image\" \/>\n<meta name=\"twitter:creator\" content=\"@Ä¢¹½ÊÓÆµ_PGA\" \/>\n<meta name=\"twitter:site\" content=\"@Ä¢¹½ÊÓÆµ_PGA\" \/>\n<meta name=\"twitter:label1\" content=\"Written by\" \/>\n\t<meta name=\"twitter:data1\" content=\"Mariam Shaikh\" \/>\n\t<meta name=\"twitter:label2\" content=\"Est. reading time\" \/>\n\t<meta name=\"twitter:data2\" content=\"6 minutes\" \/>\n<script type=\"application\/ld+json\" class=\"yoast-schema-graph\">{\"@context\":\"https:\\\/\\\/schema.org\",\"@graph\":[{\"@type\":\"Article\",\"@id\":\"https:\\\/\\\/www.un.org\\\/pga\\\/79\\\/2025\\\/03\\\/07\\\/pga-remarks-at-the-event-on-the-50th-anniversary-of-international-womens-day\\\/#article\",\"isPartOf\":{\"@id\":\"https:\\\/\\\/www.un.org\\\/pga\\\/79\\\/2025\\\/03\\\/07\\\/pga-remarks-at-the-event-on-the-50th-anniversary-of-international-womens-day\\\/\"},\"author\":{\"name\":\"Mariam Shaikh\",\"@id\":\"https:\\\/\\\/www.un.org\\\/pga\\\/79\\\/#\\\/schema\\\/person\\\/a6125ff2aae976abbd38a051575a1151\"},\"headline\":\"PGA Remarks at the Event on the 50th Anniversary of International Women\u2019s Day\",\"datePublished\":\"2025-03-07T16:12:51+00:00\",\"dateModified\":\"2025-03-07T16:13:02+00:00\",\"mainEntityOfPage\":{\"@id\":\"https:\\\/\\\/www.un.org\\\/pga\\\/79\\\/2025\\\/03\\\/07\\\/pga-remarks-at-the-event-on-the-50th-anniversary-of-international-womens-day\\\/\"},\"wordCount\":1177,\"publisher\":{\"@id\":\"https:\\\/\\\/www.un.org\\\/pga\\\/79\\\/#organization\"},\"articleSection\":[\"Blog\",\"Speeches\"],\"inLanguage\":\"en-US\"},{\"@type\":\"WebPage\",\"@id\":\"https:\\\/\\\/www.un.org\\\/pga\\\/79\\\/2025\\\/03\\\/07\\\/pga-remarks-at-the-event-on-the-50th-anniversary-of-international-womens-day\\\/\",\"url\":\"https:\\\/\\\/www.un.org\\\/pga\\\/79\\\/2025\\\/03\\\/07\\\/pga-remarks-at-the-event-on-the-50th-anniversary-of-international-womens-day\\\/\",\"name\":\"PGA Remarks at the Event on the 50th Anniversary of International Women\u2019s Day | General Assembly of the United Nations\",\"isPartOf\":{\"@id\":\"https:\\\/\\\/www.un.org\\\/pga\\\/79\\\/#website\"},\"datePublished\":\"2025-03-07T16:12:51+00:00\",\"dateModified\":\"2025-03-07T16:13:02+00:00\",\"breadcrumb\":{\"@id\":\"https:\\\/\\\/www.un.org\\\/pga\\\/79\\\/2025\\\/03\\\/07\\\/pga-remarks-at-the-event-on-the-50th-anniversary-of-international-womens-day\\\/#breadcrumb\"},\"inLanguage\":\"en-US\",\"potentialAction\":[{\"@type\":\"ReadAction\",\"target\":[\"https:\\\/\\\/www.un.org\\\/pga\\\/79\\\/2025\\\/03\\\/07\\\/pga-remarks-at-the-event-on-the-50th-anniversary-of-international-womens-day\\\/\"]}]},{\"@type\":\"BreadcrumbList\",\"@id\":\"https:\\\/\\\/www.un.org\\\/pga\\\/79\\\/2025\\\/03\\\/07\\\/pga-remarks-at-the-event-on-the-50th-anniversary-of-international-womens-day\\\/#breadcrumb\",\"itemListElement\":[{\"@type\":\"ListItem\",\"position\":1,\"name\":\"Home\",\"item\":\"https:\\\/\\\/www.un.org\\\/pga\\\/79\\\/\"},{\"@type\":\"ListItem\",\"position\":2,\"name\":\"PGA Remarks at the Event on the 50th Anniversary of International Women\u2019s Day\"}]},{\"@type\":\"WebSite\",\"@id\":\"https:\\\/\\\/www.un.org\\\/pga\\\/79\\\/#website\",\"url\":\"https:\\\/\\\/www.un.org\\\/pga\\\/79\\\/\",\"name\":\"General Assembly of the United Nations President of the 75th session\",\"description\":\"President of the 79th session\",\"publisher\":{\"@id\":\"https:\\\/\\\/www.un.org\\\/pga\\\/79\\\/#organization\"},\"potentialAction\":[{\"@type\":\"SearchAction\",\"target\":{\"@type\":\"EntryPoint\",\"urlTemplate\":\"https:\\\/\\\/www.un.org\\\/pga\\\/79\\\/?s={search_term_string}\"},\"query-input\":{\"@type\":\"PropertyValueSpecification\",\"valueRequired\":true,\"valueName\":\"search_term_string\"}}],\"inLanguage\":\"en-US\"},{\"@type\":\"Organization\",\"@id\":\"https:\\\/\\\/www.un.org\\\/pga\\\/79\\\/#organization\",\"name\":\"President of the 75th session of the General Assembly of the United Nations General Assembly of the United Nations\",\"url\":\"https:\\\/\\\/www.un.org\\\/pga\\\/79\\\/\",\"logo\":{\"@type\":\"ImageObject\",\"inLanguage\":\"en-US\",\"@id\":\"https:\\\/\\\/www.un.org\\\/pga\\\/79\\\/#\\\/schema\\\/logo\\\/image\\\/\",\"url\":\"https:\\\/\\\/www.un.org\\\/pga\\\/wp-content\\\/uploads\\\/sites\\\/109\\\/2020\\\/09\\\/Ä¢¹½ÊÓÆµGA75_2020_REVERSED-01.png\",\"contentUrl\":\"https:\\\/\\\/www.un.org\\\/pga\\\/wp-content\\\/uploads\\\/sites\\\/109\\\/2020\\\/09\\\/Ä¢¹½ÊÓÆµGA75_2020_REVERSED-01.png\",\"width\":4397,\"height\":3221,\"caption\":\"President of the 75th session of the General Assembly of the United Nations General Assembly of the United Nations\"},\"image\":{\"@id\":\"https:\\\/\\\/www.un.org\\\/pga\\\/79\\\/#\\\/schema\\\/logo\\\/image\\\/\"},\"sameAs\":[\"https:\\\/\\\/x.com\\\/Ä¢¹½ÊÓÆµ_PGA\"]},{\"@type\":\"Person\",\"@id\":\"https:\\\/\\\/www.un.org\\\/pga\\\/79\\\/#\\\/schema\\\/person\\\/a6125ff2aae976abbd38a051575a1151\",\"name\":\"Mariam Shaikh\",\"image\":{\"@type\":\"ImageObject\",\"inLanguage\":\"en-US\",\"@id\":\"https:\\\/\\\/secure.gravatar.com\\\/avatar\\\/94222feffd54d3e1f8dd77e0b7aee80dafe48474ecdeccdaeca1772150e65ee6?s=96&d=mm&r=g\",\"url\":\"https:\\\/\\\/secure.gravatar.com\\\/avatar\\\/94222feffd54d3e1f8dd77e0b7aee80dafe48474ecdeccdaeca1772150e65ee6?s=96&d=mm&r=g\",\"contentUrl\":\"https:\\\/\\\/secure.gravatar.com\\\/avatar\\\/94222feffd54d3e1f8dd77e0b7aee80dafe48474ecdeccdaeca1772150e65ee6?s=96&d=mm&r=g\",\"caption\":\"Mariam Shaikh\"},\"url\":\"https:\\\/\\\/www.un.org\\\/pga\\\/79\\\/author\\\/mariam-shaikhun-org\\\/\"}]}<\/script>\n<!-- \/ Yoast SEO plugin. -->","yoast_head_json":{"title":"PGA Remarks at the Event on the 50th Anniversary of International Women\u2019s Day | General Assembly of the United Nations","robots":{"index":"index","follow":"follow","max-snippet":"max-snippet:-1","max-image-preview":"max-image-preview:large","max-video-preview":"max-video-preview:-1"},"canonical":"https:\/\/www.un.org\/pga\/79\/2025\/03\/07\/pga-remarks-at-the-event-on-the-50th-anniversary-of-international-womens-day\/","og_locale":"en_US","og_type":"article","og_title":"PGA Remarks at the Event on the 50th Anniversary of International Women\u2019s Day | General Assembly of the United Nations","og_description":"Remarks by the President of the General AssemblyMr. Philemon YangEvent on the 50th Anniversary of International Women\u2019s Day 7 March 2025, General Assembly Hall [As Delivered] Your Excellencies, Ladies and [&hellip;]","og_url":"https:\/\/www.un.org\/pga\/79\/2025\/03\/07\/pga-remarks-at-the-event-on-the-50th-anniversary-of-international-womens-day\/","og_site_name":"General Assembly of the United Nations","article_published_time":"2025-03-07T16:12:51+00:00","article_modified_time":"2025-03-07T16:13:02+00:00","author":"Mariam Shaikh","twitter_card":"summary_large_image","twitter_creator":"@Ä¢¹½ÊÓÆµ_PGA","twitter_site":"@Ä¢¹½ÊÓÆµ_PGA","twitter_misc":{"Written by":"Mariam Shaikh","Est. reading time":"6 minutes"},"schema":{"@context":"https:\/\/schema.org","@graph":[{"@type":"Article","@id":"https:\/\/www.un.org\/pga\/79\/2025\/03\/07\/pga-remarks-at-the-event-on-the-50th-anniversary-of-international-womens-day\/#article","isPartOf":{"@id":"https:\/\/www.un.org\/pga\/79\/2025\/03\/07\/pga-remarks-at-the-event-on-the-50th-anniversary-of-international-womens-day\/"},"author":{"name":"Mariam Shaikh","@id":"https:\/\/www.un.org\/pga\/79\/#\/schema\/person\/a6125ff2aae976abbd38a051575a1151"},"headline":"PGA Remarks at the Event on the 50th Anniversary of International Women\u2019s Day","datePublished":"2025-03-07T16:12:51+00:00","dateModified":"2025-03-07T16:13:02+00:00","mainEntityOfPage":{"@id":"https:\/\/www.un.org\/pga\/79\/2025\/03\/07\/pga-remarks-at-the-event-on-the-50th-anniversary-of-international-womens-day\/"},"wordCount":1177,"publisher":{"@id":"https:\/\/www.un.org\/pga\/79\/#organization"},"articleSection":["Blog","Speeches"],"inLanguage":"en-US"},{"@type":"WebPage","@id":"https:\/\/www.un.org\/pga\/79\/2025\/03\/07\/pga-remarks-at-the-event-on-the-50th-anniversary-of-international-womens-day\/","url":"https:\/\/www.un.org\/pga\/79\/2025\/03\/07\/pga-remarks-at-the-event-on-the-50th-anniversary-of-international-womens-day\/","name":"PGA Remarks at the Event on the 50th Anniversary of International Women\u2019s Day | General Assembly of the United Nations","isPartOf":{"@id":"https:\/\/www.un.org\/pga\/79\/#website"},"datePublished":"2025-03-07T16:12:51+00:00","dateModified":"2025-03-07T16:13:02+00:00","breadcrumb":{"@id":"https:\/\/www.un.org\/pga\/79\/2025\/03\/07\/pga-remarks-at-the-event-on-the-50th-anniversary-of-international-womens-day\/#breadcrumb"},"inLanguage":"en-US","potentialAction":[{"@type":"ReadAction","target":["https:\/\/www.un.org\/pga\/79\/2025\/03\/07\/pga-remarks-at-the-event-on-the-50th-anniversary-of-international-womens-day\/"]}]},{"@type":"BreadcrumbList","@id":"https:\/\/www.un.org\/pga\/79\/2025\/03\/07\/pga-remarks-at-the-event-on-the-50th-anniversary-of-international-womens-day\/#breadcrumb","itemListElement":[{"@type":"ListItem","position":1,"name":"Home","item":"https:\/\/www.un.org\/pga\/79\/"},{"@type":"ListItem","position":2,"name":"PGA Remarks at the Event on the 50th Anniversary of International Women\u2019s Day"}]},{"@type":"WebSite","@id":"https:\/\/www.un.org\/pga\/79\/#website","url":"https:\/\/www.un.org\/pga\/79\/","name":"General Assembly of the United Nations President of the 75th session","description":"President of the 79th session","publisher":{"@id":"https:\/\/www.un.org\/pga\/79\/#organization"},"potentialAction":[{"@type":"SearchAction","target":{"@type":"EntryPoint","urlTemplate":"https:\/\/www.un.org\/pga\/79\/?s={search_term_string}"},"query-input":{"@type":"PropertyValueSpecification","valueRequired":true,"valueName":"search_term_string"}}],"inLanguage":"en-US"},{"@type":"Organization","@id":"https:\/\/www.un.org\/pga\/79\/#organization","name":"President of the 75th session of the General Assembly of the United Nations General Assembly of the United Nations","url":"https:\/\/www.un.org\/pga\/79\/","logo":{"@type":"ImageObject","inLanguage":"en-US","@id":"https:\/\/www.un.org\/pga\/79\/#\/schema\/logo\/image\/","url":"https:\/\/www.un.org\/pga\/wp-content\/uploads\/sites\/109\/2020\/09\/Ä¢¹½ÊÓÆµGA75_2020_REVERSED-01.png","contentUrl":"https:\/\/www.un.org\/pga\/wp-content\/uploads\/sites\/109\/2020\/09\/Ä¢¹½ÊÓÆµGA75_2020_REVERSED-01.png","width":4397,"height":3221,"caption":"President of the 75th session of the General Assembly of the United Nations General Assembly of the United Nations"},"image":{"@id":"https:\/\/www.un.org\/pga\/79\/#\/schema\/logo\/image\/"},"sameAs":["https:\/\/x.com\/Ä¢¹½ÊÓÆµ_PGA"]},{"@type":"Person","@id":"https:\/\/www.un.org\/pga\/79\/#\/schema\/person\/a6125ff2aae976abbd38a051575a1151","name":"Mariam Shaikh","image":{"@type":"ImageObject","inLanguage":"en-US","@id":"https:\/\/secure.gravatar.com\/avatar\/94222feffd54d3e1f8dd77e0b7aee80dafe48474ecdeccdaeca1772150e65ee6?s=96&d=mm&r=g","url":"https:\/\/secure.gravatar.com\/avatar\/94222feffd54d3e1f8dd77e0b7aee80dafe48474ecdeccdaeca1772150e65ee6?s=96&d=mm&r=g","contentUrl":"https:\/\/secure.gravatar.com\/avatar\/94222feffd54d3e1f8dd77e0b7aee80dafe48474ecdeccdaeca1772150e65ee6?s=96&d=mm&r=g","caption":"Mariam Shaikh"},"url":"https:\/\/www.un.org\/pga\/79\/author\/mariam-shaikhun-org\/"}]}},"_links":{"self":[{"href":"https:\/\/www.un.org\/pga\/79\/wp-json\/wp\/v2\/posts\/283832","targetHints":{"allow":["GET"]}}],"collection":[{"href":"https:\/\/www.un.org\/pga\/79\/wp-json\/wp\/v2\/posts"}],"about":[{"href":"https:\/\/www.un.org\/pga\/79\/wp-json\/wp\/v2\/types\/post"}],"author":[{"embeddable":true,"href":"https:\/\/www.un.org\/pga\/79\/wp-json\/wp\/v2\/users\/373"}],"replies":[{"embeddable":true,"href":"https:\/\/www.un.org\/pga\/79\/wp-json\/wp\/v2\/comments?post=283832"}],"version-history":[{"count":0,"href":"https:\/\/www.un.org\/pga\/79\/wp-json\/wp\/v2\/posts\/283832\/revisions"}],"wp:attachment":[{"href":"https:\/\/www.un.org\/pga\/79\/wp-json\/wp\/v2\/media?parent=283832"}],"wp:term":[{"taxonomy":"category","embeddable":true,"href":"https:\/\/www.un.org\/pga\/79\/wp-json\/wp\/v2\/categories?post=283832"},{"taxonomy":"post_tag","embeddable":true,"href":"https:\/\/www.un.org\/pga\/79\/wp-json\/wp\/v2\/tags?post=283832"}],"curies":[{"name":"wp","href":"https:\/\/api.w.org\/{rel}","templated":true}]}}