  {"id":286626,"date":"2025-06-26T10:27:43","date_gmt":"2025-06-26T14:27:43","guid":{"rendered":"https:\/\/www.un.org\/pga\/79\/?p=286626"},"modified":"2025-06-26T10:27:43","modified_gmt":"2025-06-26T14:27:43","slug":"pga-remarks-at-the-general-assembly-meeting-to-commemorate-the-80th-anniversary-of-the-united-nations","status":"publish","type":"post","link":"https:\/\/www.un.org\/pga\/79\/2025\/06\/26\/pga-remarks-at-the-general-assembly-meeting-to-commemorate-the-80th-anniversary-of-the-united-nations\/","title":{"rendered":"PGA Remarks at the General Assembly meeting to commemorate the 80th anniversary of the United Nations"},"content":{"rendered":"<div id=\"Signature\">\n<div class=\"elementToProof\">\n<div class=\"x_elementToProof\" style=\"text-align: center\"><b data-olk-copy-source=\"MessageBody\">Remarks by the President of the \u00a0Ä¢¹½ÊÓÆµ General Assembly<\/b><\/div>\n<div class=\"x_elementToProof\" style=\"text-align: center\"><b>H.E. Mr. Philemon Yang<\/b><\/div>\n<div class=\"x_elementToProof\" style=\"text-align: center\"><b>at the General Assembly meeting to commemorate<\/b><\/div>\n<div class=\"x_elementToProof\" style=\"text-align: center\"><b>the 80th anniversary of the United Nations<\/b><\/div>\n<div class=\"x_elementToProof\" style=\"text-align: center\"><b>Thursday, 26 June 2025<\/b><\/div>\n<div class=\"x_elementToProof\" style=\"text-align: center\"><b>[As Delivered]<\/b><\/div>\n<div class=\"x_elementToProof\"><\/div>\n<div class=\"x_elementToProof\"><\/div>\n<div class=\"x_elementToProof\"><\/div>\n<div class=\"x_elementToProof\">Mr. Secretary-General,<\/div>\n<div class=\"x_elementToProof\">Mr. President of the International Court of Justice,<\/div>\n<div class=\"x_elementToProof\">Madame President of the Security Council,<\/div>\n<div class=\"x_elementToProof\">Mr. President of the Economic and Social Council,<\/div>\n<div class=\"x_elementToProof\">Your Excellencies,<\/div>\n<div class=\"x_elementToProof\">Ladies and Gentlemen,<\/div>\n<div class=\"x_elementToProof\"><\/div>\n<div class=\"x_elementToProof\">It is an honour to welcome you to this meeting of the General Assembly.<\/div>\n<div class=\"x_elementToProof\">Today, we commemorate the eightieth anniversary of the signing of the Charter of the United Nations.<\/div>\n<div class=\"x_elementToProof\"><\/div>\n<div class=\"x_elementToProof\">It is a momentous occasion indeed.<\/div>\n<div class=\"x_elementToProof\"><\/div>\n<div class=\"x_elementToProof\">We are commemorating at a very painful juncture in the life of this Organization.<\/div>\n<div class=\"x_elementToProof\"><\/div>\n<div class=\"x_elementToProof\">Conflicts rage and tensions simmer in Gaza, Ukraine and Sudan.<\/div>\n<div class=\"x_elementToProof\"><\/div>\n<div class=\"x_elementToProof\">Multilateralism, which promotes international cooperation within the United Nations, is under serious attack.<\/div>\n<div class=\"x_elementToProof\"><\/div>\n<div class=\"x_elementToProof\">Wars and violent confrontations seem more common than dialogue and diplomacy for peace.<\/div>\n<div class=\"x_elementToProof\"><\/div>\n<div class=\"x_elementToProof\">Unhealed historical wounds are reappearing, and ultra nationalism is back with a vengeance.<\/div>\n<div class=\"x_elementToProof\"><\/div>\n<div class=\"x_elementToProof\">Inequality is on the rise and many international normative practices are regressing.<\/div>\n<div class=\"x_elementToProof\"><\/div>\n<div class=\"x_elementToProof\">Some important nations have chosen force instead of adherence to international law and the principles of the United Nations Charter.<\/div>\n<div class=\"x_elementToProof\"><\/div>\n<div class=\"x_elementToProof\">That is an extremely dangerous situation.<\/div>\n<div class=\"x_elementToProof\"><\/div>\n<div class=\"x_elementToProof\">We must seize the moment and choose dialogue and diplomacy instead of destructive wars.<\/div>\n<div class=\"x_elementToProof\"><\/div>\n<div class=\"x_elementToProof\">Your Excellencies,<\/div>\n<div class=\"x_elementToProof\">Ladies and Gentlemen,<\/div>\n<div class=\"x_elementToProof\"><\/div>\n<div class=\"x_elementToProof\">We must not forget that the adoption and signing of the Charter on 26 June 1945 marked a turning point in modern history.<\/div>\n<div class=\"x_elementToProof\"><\/div>\n<div class=\"x_elementToProof\">For delegations gathered in San Francisco, it reflected a shared commitment to a better world following the devastation of two world wars.<\/div>\n<div class=\"x_elementToProof\"><\/div>\n<div class=\"x_elementToProof\">Together, they vowed never again to allow such unimaginable suffering and catastrophic wars.<\/div>\n<div class=\"x_elementToProof\"><\/div>\n<div class=\"x_elementToProof\">Together, they laid the foundation for a new multilateral order \u2013 one that<\/div>\n<div class=\"x_elementToProof\">should be anchored in dialogue and cooperation.<\/div>\n<div class=\"x_elementToProof\"><\/div>\n<div class=\"x_elementToProof\">Together, they shared a bold vision:<\/div>\n<div class=\"x_elementToProof\"><\/div>\n<div class=\"x_elementToProof\">\u201cto save succeeding generations from the scourge of war\u201d<\/div>\n<div class=\"x_elementToProof\"><\/div>\n<div class=\"x_elementToProof\">\u201cto reaffirm faith in fundamental human rights,\u201d and<\/div>\n<div class=\"x_elementToProof\"><\/div>\n<div class=\"x_elementToProof\">to \u201cpromote [\u2026] better standards of life \u2013 in larger freedom\u201d \u2013 for all.<\/div>\n<div class=\"x_elementToProof\"><\/div>\n<div class=\"x_elementToProof\">As Abraham Feller, the United Nations first Legal Counsel, powerfully declared: I quote<\/div>\n<div class=\"x_elementToProof\"><\/div>\n<div class=\"x_elementToProof\">&#8220;The Charter bears the seeds of a greater growth, which if nourished by Governments and peoples, can be made to give forth the fruit of deliverance from our age-long perils.&#8221; Unquote.<\/div>\n<div class=\"x_elementToProof\"><\/div>\n<div class=\"x_elementToProof\">Eighty years on, we bear witness to how that seed has flourished.<\/div>\n<div class=\"x_elementToProof\">How it has rooted itself deeply in the soil of multilateralism.<\/div>\n<div class=\"x_elementToProof\"><\/div>\n<div class=\"x_elementToProof\">And how it has evolved as a living testament to the power of cooperation and shared responsibility to forge peace.<\/div>\n<div class=\"x_elementToProof\"><\/div>\n<div class=\"x_elementToProof\">We are here today thanks to the commitments made in 1945.<\/div>\n<div class=\"x_elementToProof\"><\/div>\n<div class=\"x_elementToProof\">The foundation of multilateralism upon which the United Nations sits is increasingly shaken.<\/div>\n<div class=\"x_elementToProof\"><\/div>\n<div class=\"x_elementToProof\">However, we must not forget the achievements made by our eighty-year-old Organization.<\/div>\n<div class=\"x_elementToProof\"><\/div>\n<div class=\"x_elementToProof\">For eight decades, the United Nations has stood at the heart of humanity\u2019s response to its greatest challenges.<\/div>\n<div class=\"x_elementToProof\"><\/div>\n<div class=\"x_elementToProof\">From the Universal Declaration of Human Rights to the 2030 Agenda for Sustainable Development, the United Nations has established norms.<\/div>\n<div class=\"x_elementToProof\"><\/div>\n<div class=\"x_elementToProof\">Those norms declare clearly that dignity knows no borders.<\/div>\n<div class=\"x_elementToProof\"><\/div>\n<div class=\"x_elementToProof\">All human beings have a right to live dignified lives.<\/div>\n<div class=\"x_elementToProof\"><\/div>\n<div class=\"x_elementToProof\">Ä¢¹½ÊÓÆµ has steered us through decolonisation, giving birth to new nations and new hopes.<\/div>\n<div class=\"x_elementToProof\"><\/div>\n<div class=\"x_elementToProof\">Its peacekeepers have brought calm to conflict, serving with valour and sacrifice.<\/div>\n<div class=\"x_elementToProof\"><\/div>\n<div class=\"x_elementToProof\">It has championed the cause of human rights, rallied us to protect our planet.<\/div>\n<div class=\"x_elementToProof\"><\/div>\n<div class=\"x_elementToProof\">And it has shaped a global agenda that envisions peace, development and dignity, not as dreams for some, but as promises for all.<\/div>\n<div class=\"x_elementToProof\"><\/div>\n<div class=\"x_elementToProof\">Excellences, Mesdames et Messieurs,<\/div>\n<div class=\"x_elementToProof\"><\/div>\n<div class=\"x_elementToProof\">Comme toute \u0153uvre humaine, l&#8217;organisation des Nations Unies n&#8217;est pas exempte de reproches.<\/div>\n<div class=\"x_elementToProof\"><\/div>\n<div class=\"x_elementToProof\">L&#8217;ONU se trouve \u00e0 un moment important de son histoire, o\u00f9 elle doit engager des r\u00e9formes pour devenir plus efficace.<\/div>\n<div class=\"x_elementToProof\"><\/div>\n<div class=\"x_elementToProof\">La cr\u00e9dibilit\u00e9 de l&#8217;ONU et du syst\u00e8me multilat\u00e9ral qu&#8217;elle incarne d\u00e9pend de sa capacit\u00e9 \u00e0 s&#8217;adapter aux r\u00e9alit\u00e9s de notre temps.<\/div>\n<div class=\"x_elementToProof\"><\/div>\n<div class=\"x_elementToProof\">Le Pacte pour l&#8217;avenir et ses deux annexes, \u00e0 savoir le Pacte num\u00e9rique mondial et la D\u00e9claration sur les g\u00e9n\u00e9rations futures constituent des boussoles \u00e0 cet \u00e9gard.<\/div>\n<div class=\"x_elementToProof\"><\/div>\n<div class=\"x_elementToProof\">Ils offrent le cadre n\u00e9cessaire pour b\u00e2tir une Organisation des Nations Unies adapt\u00e9e \u00e0 sa mission et tourn\u00e9e vers l&#8217;avenir.<\/div>\n<div class=\"x_elementToProof\"><\/div>\n<div class=\"x_elementToProof\">Dans le m\u00eame sens, les r\u00e9formes impuls\u00e9es par l&#8217;initiative ONU 80 du Secr\u00e9taire G\u00e9n\u00e9ral des Nations Unies feront de notre organisation un vecteur de coop\u00e9ration internationale durable.<\/div>\n<div class=\"x_elementToProof\"><\/div>\n<div class=\"x_elementToProof\"><\/div>\n<div class=\"x_elementToProof\">Excellences, Mesdames et Messieurs,<\/div>\n<div class=\"x_elementToProof\"><\/div>\n<div class=\"x_elementToProof\">La Charte des Nations Unies actuellement en vigueur a \u00e9t\u00e9 pr\u00e9par\u00e9e aux lendemains de l&#8217;un des conflits les plus meurtriers de l&#8217;humanit\u00e9.<\/div>\n<div class=\"x_elementToProof\"><\/div>\n<div class=\"x_elementToProof\">La conf\u00e9rence de San Francisco dont cette Charte \u00e9mane fut un moment de c\u00e9l\u00e9bration de la solidarit\u00e9 internationale.<\/div>\n<div class=\"x_elementToProof\"><\/div>\n<div class=\"x_elementToProof\">Un appel \u00e0 l&#8217;humanit\u00e9, pour tracer la voie vers la Paix, la dignit\u00e9 et la prosp\u00e9rit\u00e9 partag\u00e9e.<\/div>\n<div class=\"x_elementToProof\"><\/div>\n<div class=\"x_elementToProof\">Je vous invite \u00e0 honorer cet h\u00e9ritage.<\/div>\n<div class=\"x_elementToProof\"><\/div>\n<div class=\"x_elementToProof\">Ranimons aujourd&#8217;hui l&#8217;esprit de San Francisco.<\/div>\n<div class=\"x_elementToProof\"><\/div>\n<div class=\"x_elementToProof\">Choisissons le dialogue plut\u00f4t que la division,<\/div>\n<div class=\"x_elementToProof\"><\/div>\n<div class=\"x_elementToProof\">La coop\u00e9ration plut\u00f4t que le conflit,<\/div>\n<div class=\"x_elementToProof\"><\/div>\n<div class=\"x_elementToProof\">Et avan\u00e7ons ensemble, en pensant \u00e0 cet appel de notre Charte et je cite:<\/div>\n<div class=\"x_elementToProof\"><\/div>\n<div class=\"x_elementToProof\">&#8221; Nous, peuples des Nations Unies, r\u00e9solus \u00e0 pr\u00e9server les g\u00e9n\u00e9rations futures du fl\u00e9au de la guerre&#8230;&#8221;<\/div>\n<div class=\"x_elementToProof\"><\/div>\n<div class=\"x_elementToProof\">Je vous remercie.<\/div>\n<div id=\"x_Signature\" class=\"x_elementToProof\">\n<div class=\"x_elementToProof\"><\/div>\n<p class=\"x_elementToProof\"><b>___<\/b><\/p>\n<p class=\"x_elementToProof\">\n<\/div>\n<\/div>\n<div>Thank you.<\/div>\n<\/div>\n<p><strong>Media Contacts<\/strong><\/p>\n<div class=\"elementToProof\" data-ogsb=\"white\"><span data-ogsc=\"black\">Sharon Birch, Spokesperson for the President of the General Assembly, Tel:\u00a0<a href=\"tel:+12129630564\">+1 212 963 0564<\/a>, M:\u00a0<a href=\"tel:+16463425873\">+1 646 342 5873<\/a>, Email:\u00a0<\/span><span data-ogsc=\"blue\"><u><a id=\"OWA2ff4736a-df28-634c-6226-3e152ffdb3b7\" class=\"OWAAutoLink\" title=\"mailto:birchs@un.org\" href=\"mailto:birchs@un.org\" data-linkindex=\"0\" data-ogsc=\"blue\" data-outlook-id=\"e6239e5c-eb3a-4736-a5fb-0636dbc3306a\">birchs@un.org<\/a><\/u><\/span><\/div>\n<div class=\"elementToProof\" data-ogsb=\"white\"><span data-ogsc=\"black\">Dr. Mariam Shaikh, Adviser\/ Social and Digital Media\/Media Relations, M:\u00a0<a href=\"tel:+19173614990\">+1 917 361 4990<\/a>, Email:\u00a0<\/span><span data-ogsc=\"blue\"><u><a id=\"OWA47724dc2-e168-39cc-46f1-9f2268b3b6bf\" class=\"OWAAutoLink\" title=\"mailto:mariam.shaikh@un.org\" href=\"mailto:mariam.shaikh@un.org\" data-linkindex=\"1\" data-ogsc=\"blue\" data-outlook-id=\"99b5c531-7e0a-452a-b307-69a12dd966f2\">mariam.shaikh@un.org<\/a><\/u><\/span><\/div>\n<div class=\"elementToProof\" data-ogsc=\"black\" data-ogsb=\"white\"><\/div>\n<div class=\"elementToProof\" data-ogsb=\"white\"><span data-ogsc=\"black\">More Information and Updates\u00a0:\u00a0<\/span><span data-ogsc=\"blue\"><u><a id=\"OWA6db7113c-a236-c38b-2050-ac4e32ab2cb2\" class=\"OWAAutoLink\" title=\"https:\/\/www.un.org\/pga\/79\/\" href=\"https:\/\/www.un.org\/pga\/79\/\" target=\"_blank\" rel=\"noopener noreferrer\" data-auth=\"NotApplicable\" data-linkindex=\"2\" data-ogsc=\"blue\" data-outlook-id=\"ff7d830d-87bd-4c17-a119-60c9e639bc61\">Website<\/a><\/u><\/span><span data-ogsc=\"black\">: \u00a0<\/span><span data-ogsc=\"blue\"><u><a id=\"OWAf6838ace-85c8-4740-0d0d-ad7c89d7e3c3\" class=\"OWAAutoLink\" title=\"Original URL: https:\/\/www.youtube.com\/@Ä¢¹½ÊÓÆµPGA. Click or tap if you trust this link.\" href=\"https:\/\/eur02.safelinks.protection.outlook.com\/?url=https%3A%2F%2Fwww.youtube.com%2F%40Ä¢¹½ÊÓÆµPGA&amp;data=05%7C02%7Cmariam.shaikh%40un.org%7Cbe9c51d5327441cebd9908ddaa8ce8b3%7C0f9e35db544f4f60bdcc5ea416e6dc70%7C0%7C0%7C638854244356056367%7CUnknown%7CTWFpbGZsb3d8eyJFbXB0eU1hcGkiOnRydWUsIlYiOiIwLjAuMDAwMCIsIlAiOiJXaW4zMiIsIkFOIjoiTWFpbCIsIldUIjoyfQ%3D%3D%7C0%7C%7C%7C&amp;sdata=hWjilLFCYvo3fIGEvotAEChAt0yydYBYAkFdgSNmH1k%3D&amp;reserved=0\" target=\"_blank\" rel=\"noopener noreferrer\" data-auth=\"NotApplicable\" data-linkindex=\"3\" data-ogsc=\"blue\" data-outlook-id=\"ffea4bf0-8117-4550-8383-129b0fe92193\">YouTube:\u00a0<\/a><\/u><\/span><span data-ogsc=\"black\">\u00a0<\/span><span data-ogsc=\"blue\"><u><a id=\"OWAe7161270-7dd6-b058-8b23-7bb7214ab077\" class=\"OWAAutoLink\" title=\"Original URL: https:\/\/x.com\/Ä¢¹½ÊÓÆµ_PGA. Click or tap if you trust this link.\" href=\"https:\/\/eur02.safelinks.protection.outlook.com\/?url=https%3A%2F%2Fx.com%2FÄ¢¹½ÊÓÆµ_PGA&amp;data=05%7C02%7Cmariam.shaikh%40un.org%7Cbe9c51d5327441cebd9908ddaa8ce8b3%7C0f9e35db544f4f60bdcc5ea416e6dc70%7C0%7C0%7C638854244356075291%7CUnknown%7CTWFpbGZsb3d8eyJFbXB0eU1hcGkiOnRydWUsIlYiOiIwLjAuMDAwMCIsIlAiOiJXaW4zMiIsIkFOIjoiTWFpbCIsIldUIjoyfQ%3D%3D%7C0%7C%7C%7C&amp;sdata=ob6uKfjNlW8zE9gsFr3dWp1makEVWCznmUwhVRXqm5c%3D&amp;reserved=0\" target=\"_blank\" rel=\"noopener noreferrer\" data-auth=\"NotApplicable\" data-linkindex=\"4\" data-ogsc=\"blue\" data-outlook-id=\"a76cdf82-046c-4c53-a555-c2da9c23fe80\">X (Twitter):<\/a><\/u><\/span><span data-ogsc=\"black\">\u00a0<\/span><span data-ogsc=\"blue\"><u><a id=\"OWA980a1371-d876-661a-9339-425d98b4b5bb\" class=\"OWAAutoLink\" title=\"Original URL: http:\/\/www.instagram.com\/unpga. Click or tap if you trust this link.\" href=\"https:\/\/eur02.safelinks.protection.outlook.com\/?url=http%3A%2F%2Fwww.instagram.com%2Funpga&amp;data=05%7C02%7Cmariam.shaikh%40un.org%7Cbe9c51d5327441cebd9908ddaa8ce8b3%7C0f9e35db544f4f60bdcc5ea416e6dc70%7C0%7C0%7C638854244356088424%7CUnknown%7CTWFpbGZsb3d8eyJFbXB0eU1hcGkiOnRydWUsIlYiOiIwLjAuMDAwMCIsIlAiOiJXaW4zMiIsIkFOIjoiTWFpbCIsIldUIjoyfQ%3D%3D%7C0%7C%7C%7C&amp;sdata=a2M9D1ZUBEE6cqOf6zT8f%2FQbxxxout6sLbr5BOueoBc%3D&amp;reserved=0\" target=\"_blank\" rel=\"noopener noreferrer\" data-auth=\"NotApplicable\" data-linkindex=\"5\" data-ogsc=\"blue\" data-outlook-id=\"1a5d58a0-2c78-46ff-a094-a5b1b352af4f\">Instagram<\/a><\/u><\/span><span data-ogsc=\"black\">: \u00a0<\/span><span data-ogsc=\"blue\"><u><a id=\"OWA9d9d5819-1fa7-2f0b-87d2-9c689249710a\" class=\"OWAAutoLink\" title=\"Original URL: https:\/\/www.linkedin.com\/in\/un-pga79\/. Click or tap if you trust this link.\" href=\"https:\/\/eur02.safelinks.protection.outlook.com\/?url=https%3A%2F%2Fwww.linkedin.com%2Fin%2Fun-pga79%2F&amp;data=05%7C02%7Cmariam.shaikh%40un.org%7Cbe9c51d5327441cebd9908ddaa8ce8b3%7C0f9e35db544f4f60bdcc5ea416e6dc70%7C0%7C0%7C638854244356101164%7CUnknown%7CTWFpbGZsb3d8eyJFbXB0eU1hcGkiOnRydWUsIlYiOiIwLjAuMDAwMCIsIlAiOiJXaW4zMiIsIkFOIjoiTWFpbCIsIldUIjoyfQ%3D%3D%7C0%7C%7C%7C&amp;sdata=Z%2FOjJ9PDwkOE4FjuGzz4XOe8EGf5RYQ%2Fuhd0SfzMk0g%3D&amp;reserved=0\" target=\"_blank\" rel=\"noopener noreferrer\" data-auth=\"NotApplicable\" data-linkindex=\"6\" data-ogsc=\"blue\" data-outlook-id=\"65bbbb71-7f07-46dc-897f-830bf4496c1c\">LinkedIn:\u00a0<\/a><\/u><\/span><span data-ogsc=\"black\">\u00a0<\/span><span data-ogsc=\"blue\"><u><a id=\"OWAe8a03467-27a4-6396-415b-aad7c9adbbda\" class=\"OWAAutoLink\" title=\"Original URL: https:\/\/opga79.imgbb.com\/. Click or tap if you trust this link.\" href=\"https:\/\/eur02.safelinks.protection.outlook.com\/?url=https%3A%2F%2Fopga79.imgbb.com%2F&amp;data=05%7C02%7Cmariam.shaikh%40un.org%7Cbe9c51d5327441cebd9908ddaa8ce8b3%7C0f9e35db544f4f60bdcc5ea416e6dc70%7C0%7C0%7C638854244356114048%7CUnknown%7CTWFpbGZsb3d8eyJFbXB0eU1hcGkiOnRydWUsIlYiOiIwLjAuMDAwMCIsIlAiOiJXaW4zMiIsIkFOIjoiTWFpbCIsIldUIjoyfQ%3D%3D%7C0%7C%7C%7C&amp;sdata=DDKp27tnh5Sa%2BihxBMYz4lYQJeri50Lo%2BbsRMz6Q1go%3D&amp;reserved=0\" target=\"_blank\" rel=\"noopener noreferrer\" data-auth=\"NotApplicable\" data-linkindex=\"7\" data-ogsc=\"blue\" data-outlook-id=\"8d71f469-4074-4f49-8381-8d04d863a299\">Photo Repository<\/a><\/u><\/span><span data-ogsc=\"black\">:\u00a0<\/span><span data-ogsc=\"blue\"><u><a id=\"OWAd28c0720-48ff-eadd-e4c3-e2fc128ec682\" class=\"OWAAutoLink\" title=\"Original URL: https:\/\/bsky.app\/profile\/unpga.bsky.social. Click or tap if you trust this link.\" href=\"https:\/\/eur02.safelinks.protection.outlook.com\/?url=https%3A%2F%2Fbsky.app%2Fprofile%2Funpga.bsky.social&amp;data=05%7C02%7Cmariam.shaikh%40un.org%7Cbe9c51d5327441cebd9908ddaa8ce8b3%7C0f9e35db544f4f60bdcc5ea416e6dc70%7C0%7C0%7C638854244356126871%7CUnknown%7CTWFpbGZsb3d8eyJFbXB0eU1hcGkiOnRydWUsIlYiOiIwLjAuMDAwMCIsIlAiOiJXaW4zMiIsIkFOIjoiTWFpbCIsIldUIjoyfQ%3D%3D%7C0%7C%7C%7C&amp;sdata=arJt0Ijqva3ZwN%2FMAIdHcJyWReiRcFqkjs0Qx9L6ELU%3D&amp;reserved=0\" target=\"_blank\" rel=\"noopener noreferrer\" data-auth=\"NotApplicable\" data-linkindex=\"8\" data-ogsc=\"blue\" data-outlook-id=\"b5493677-5a7f-43b5-8139-a065ea47f9d1\">Bluesky<\/a><\/u><\/span><span data-ogsc=\"black\">;\u00a0<\/span><span data-ogsc=\"blue\"><u><a id=\"OWA3d77dd82-a668-f7f3-f178-7df3f625e954\" class=\"OWAAutoLink\" title=\"https:\/\/www.un.org\/pga\/79\/weekly-highlights-2\/\" href=\"https:\/\/www.un.org\/pga\/79\/weekly-highlights-2\/\" target=\"_blank\" rel=\"noopener noreferrer\" data-auth=\"NotApplicable\" data-linkindex=\"9\" data-ogsc=\"blue\" data-outlook-id=\"7c3254da-5271-4e13-8b1c-0d703d884321\">Weekly Highlights<\/a><\/u><\/span><span data-ogsc=\"black\"><u>:\u00a0<\/u><\/span><span data-ogsc=\"blue\"><u><a id=\"OWAdc62a324-9904-ceac-a4c9-9e286a157a5f\" class=\"OWAAutoLink\" title=\"https:\/\/www.un.org\/en\/ga\/79\/resolutions.shtml\" href=\"https:\/\/www.un.org\/en\/ga\/79\/resolutions.shtml\" target=\"_blank\" rel=\"noopener noreferrer\" data-auth=\"NotApplicable\" data-linkindex=\"10\" data-ogsc=\"blue\" data-outlook-id=\"78e92157-cb58-4140-b956-a83fb9eec11c\">Resolutions of the 79th Session \u2013 Ä¢¹½ÊÓÆµ General Assembly<\/a><\/u><\/span><\/div>\n","protected":false},"excerpt":{"rendered":"<p>Remarks by the President of the \u00a0Ä¢¹½ÊÓÆµ General Assembly H.E. Mr. Philemon Yang at the General Assembly meeting to commemorate the 80th anniversary of the United Nations Thursday, 26 June [&hellip;]<\/p>\n","protected":false},"author":373,"featured_media":0,"comment_status":"closed","ping_status":"closed","sticky":false,"template":"","format":"standard","meta":{"_et_pb_use_builder":"","_et_pb_old_content":"","_et_gb_content_width":"","footnotes":""},"categories":[81,111],"tags":[],"class_list":["post-286626","post","type-post","status-publish","format-standard","hentry","category-blog","category-speeches","et-doesnt-have-format-content","et_post_format-et-post-format-standard"],"yoast_head":"<!-- This site is optimized with the Yoast SEO plugin v28.3 - https:\/\/yoast.com\/product\/yoast-seo-wordpress\/ -->\n<title>PGA Remarks at the General Assembly meeting to commemorate the 80th anniversary of the United Nations | General Assembly of the United Nations<\/title>\n<meta name=\"robots\" content=\"index, follow, max-snippet:-1, max-image-preview:large, max-video-preview:-1\" \/>\n<link rel=\"canonical\" href=\"https:\/\/www.un.org\/pga\/79\/2025\/06\/26\/pga-remarks-at-the-general-assembly-meeting-to-commemorate-the-80th-anniversary-of-the-united-nations\/\" \/>\n<meta property=\"og:locale\" content=\"en_US\" \/>\n<meta property=\"og:type\" content=\"article\" \/>\n<meta property=\"og:title\" content=\"PGA Remarks at the General Assembly meeting to commemorate the 80th anniversary of the United Nations | General Assembly of the United Nations\" \/>\n<meta property=\"og:description\" content=\"Remarks by the President of the \u00a0Ä¢¹½ÊÓÆµ General Assembly H.E. Mr. Philemon Yang at the General Assembly meeting to commemorate the 80th anniversary of the United Nations Thursday, 26 June [&hellip;]\" \/>\n<meta property=\"og:url\" content=\"https:\/\/www.un.org\/pga\/79\/2025\/06\/26\/pga-remarks-at-the-general-assembly-meeting-to-commemorate-the-80th-anniversary-of-the-united-nations\/\" \/>\n<meta property=\"og:site_name\" content=\"General Assembly of the United Nations\" \/>\n<meta property=\"article:published_time\" content=\"2025-06-26T14:27:43+00:00\" \/>\n<meta name=\"author\" content=\"Mariam Shaikh\" \/>\n<meta name=\"twitter:card\" content=\"summary_large_image\" \/>\n<meta name=\"twitter:creator\" content=\"@Ä¢¹½ÊÓÆµ_PGA\" \/>\n<meta name=\"twitter:site\" content=\"@Ä¢¹½ÊÓÆµ_PGA\" \/>\n<meta name=\"twitter:label1\" content=\"Written by\" \/>\n\t<meta name=\"twitter:data1\" content=\"Mariam Shaikh\" \/>\n\t<meta name=\"twitter:label2\" content=\"Est. reading time\" \/>\n\t<meta name=\"twitter:data2\" content=\"5 minutes\" \/>\n<script type=\"application\/ld+json\" class=\"yoast-schema-graph\">{\"@context\":\"https:\\\/\\\/schema.org\",\"@graph\":[{\"@type\":\"Article\",\"@id\":\"https:\\\/\\\/www.un.org\\\/pga\\\/79\\\/2025\\\/06\\\/26\\\/pga-remarks-at-the-general-assembly-meeting-to-commemorate-the-80th-anniversary-of-the-united-nations\\\/#article\",\"isPartOf\":{\"@id\":\"https:\\\/\\\/www.un.org\\\/pga\\\/79\\\/2025\\\/06\\\/26\\\/pga-remarks-at-the-general-assembly-meeting-to-commemorate-the-80th-anniversary-of-the-united-nations\\\/\"},\"author\":{\"name\":\"Mariam Shaikh\",\"@id\":\"https:\\\/\\\/www.un.org\\\/pga\\\/79\\\/#\\\/schema\\\/person\\\/a6125ff2aae976abbd38a051575a1151\"},\"headline\":\"PGA Remarks at the General Assembly meeting to commemorate the 80th anniversary of the United Nations\",\"datePublished\":\"2025-06-26T14:27:43+00:00\",\"mainEntityOfPage\":{\"@id\":\"https:\\\/\\\/www.un.org\\\/pga\\\/79\\\/2025\\\/06\\\/26\\\/pga-remarks-at-the-general-assembly-meeting-to-commemorate-the-80th-anniversary-of-the-united-nations\\\/\"},\"wordCount\":940,\"publisher\":{\"@id\":\"https:\\\/\\\/www.un.org\\\/pga\\\/79\\\/#organization\"},\"articleSection\":[\"Blog\",\"Speeches\"],\"inLanguage\":\"en-US\"},{\"@type\":\"WebPage\",\"@id\":\"https:\\\/\\\/www.un.org\\\/pga\\\/79\\\/2025\\\/06\\\/26\\\/pga-remarks-at-the-general-assembly-meeting-to-commemorate-the-80th-anniversary-of-the-united-nations\\\/\",\"url\":\"https:\\\/\\\/www.un.org\\\/pga\\\/79\\\/2025\\\/06\\\/26\\\/pga-remarks-at-the-general-assembly-meeting-to-commemorate-the-80th-anniversary-of-the-united-nations\\\/\",\"name\":\"PGA Remarks at the General Assembly meeting to commemorate the 80th anniversary of the United Nations | General Assembly of the United Nations\",\"isPartOf\":{\"@id\":\"https:\\\/\\\/www.un.org\\\/pga\\\/79\\\/#website\"},\"datePublished\":\"2025-06-26T14:27:43+00:00\",\"breadcrumb\":{\"@id\":\"https:\\\/\\\/www.un.org\\\/pga\\\/79\\\/2025\\\/06\\\/26\\\/pga-remarks-at-the-general-assembly-meeting-to-commemorate-the-80th-anniversary-of-the-united-nations\\\/#breadcrumb\"},\"inLanguage\":\"en-US\",\"potentialAction\":[{\"@type\":\"ReadAction\",\"target\":[\"https:\\\/\\\/www.un.org\\\/pga\\\/79\\\/2025\\\/06\\\/26\\\/pga-remarks-at-the-general-assembly-meeting-to-commemorate-the-80th-anniversary-of-the-united-nations\\\/\"]}]},{\"@type\":\"BreadcrumbList\",\"@id\":\"https:\\\/\\\/www.un.org\\\/pga\\\/79\\\/2025\\\/06\\\/26\\\/pga-remarks-at-the-general-assembly-meeting-to-commemorate-the-80th-anniversary-of-the-united-nations\\\/#breadcrumb\",\"itemListElement\":[{\"@type\":\"ListItem\",\"position\":1,\"name\":\"Home\",\"item\":\"https:\\\/\\\/www.un.org\\\/pga\\\/79\\\/\"},{\"@type\":\"ListItem\",\"position\":2,\"name\":\"PGA Remarks at the General Assembly meeting to commemorate the 80th anniversary of the United Nations\"}]},{\"@type\":\"WebSite\",\"@id\":\"https:\\\/\\\/www.un.org\\\/pga\\\/79\\\/#website\",\"url\":\"https:\\\/\\\/www.un.org\\\/pga\\\/79\\\/\",\"name\":\"General Assembly of the United Nations President of the 75th session\",\"description\":\"President of the 79th session\",\"publisher\":{\"@id\":\"https:\\\/\\\/www.un.org\\\/pga\\\/79\\\/#organization\"},\"potentialAction\":[{\"@type\":\"SearchAction\",\"target\":{\"@type\":\"EntryPoint\",\"urlTemplate\":\"https:\\\/\\\/www.un.org\\\/pga\\\/79\\\/?s={search_term_string}\"},\"query-input\":{\"@type\":\"PropertyValueSpecification\",\"valueRequired\":true,\"valueName\":\"search_term_string\"}}],\"inLanguage\":\"en-US\"},{\"@type\":\"Organization\",\"@id\":\"https:\\\/\\\/www.un.org\\\/pga\\\/79\\\/#organization\",\"name\":\"President of the 75th session of the General Assembly of the United Nations General Assembly of the United Nations\",\"url\":\"https:\\\/\\\/www.un.org\\\/pga\\\/79\\\/\",\"logo\":{\"@type\":\"ImageObject\",\"inLanguage\":\"en-US\",\"@id\":\"https:\\\/\\\/www.un.org\\\/pga\\\/79\\\/#\\\/schema\\\/logo\\\/image\\\/\",\"url\":\"https:\\\/\\\/www.un.org\\\/pga\\\/wp-content\\\/uploads\\\/sites\\\/109\\\/2020\\\/09\\\/Ä¢¹½ÊÓÆµGA75_2020_REVERSED-01.png\",\"contentUrl\":\"https:\\\/\\\/www.un.org\\\/pga\\\/wp-content\\\/uploads\\\/sites\\\/109\\\/2020\\\/09\\\/Ä¢¹½ÊÓÆµGA75_2020_REVERSED-01.png\",\"width\":4397,\"height\":3221,\"caption\":\"President of the 75th session of the General Assembly of the United Nations General Assembly of the United Nations\"},\"image\":{\"@id\":\"https:\\\/\\\/www.un.org\\\/pga\\\/79\\\/#\\\/schema\\\/logo\\\/image\\\/\"},\"sameAs\":[\"https:\\\/\\\/x.com\\\/Ä¢¹½ÊÓÆµ_PGA\"]},{\"@type\":\"Person\",\"@id\":\"https:\\\/\\\/www.un.org\\\/pga\\\/79\\\/#\\\/schema\\\/person\\\/a6125ff2aae976abbd38a051575a1151\",\"name\":\"Mariam Shaikh\",\"image\":{\"@type\":\"ImageObject\",\"inLanguage\":\"en-US\",\"@id\":\"https:\\\/\\\/secure.gravatar.com\\\/avatar\\\/94222feffd54d3e1f8dd77e0b7aee80dafe48474ecdeccdaeca1772150e65ee6?s=96&d=mm&r=g\",\"url\":\"https:\\\/\\\/secure.gravatar.com\\\/avatar\\\/94222feffd54d3e1f8dd77e0b7aee80dafe48474ecdeccdaeca1772150e65ee6?s=96&d=mm&r=g\",\"contentUrl\":\"https:\\\/\\\/secure.gravatar.com\\\/avatar\\\/94222feffd54d3e1f8dd77e0b7aee80dafe48474ecdeccdaeca1772150e65ee6?s=96&d=mm&r=g\",\"caption\":\"Mariam Shaikh\"},\"url\":\"https:\\\/\\\/www.un.org\\\/pga\\\/79\\\/author\\\/mariam-shaikhun-org\\\/\"}]}<\/script>\n<!-- \/ Yoast SEO plugin. -->","yoast_head_json":{"title":"PGA Remarks at the General Assembly meeting to commemorate the 80th anniversary of the United Nations | General Assembly of the United Nations","robots":{"index":"index","follow":"follow","max-snippet":"max-snippet:-1","max-image-preview":"max-image-preview:large","max-video-preview":"max-video-preview:-1"},"canonical":"https:\/\/www.un.org\/pga\/79\/2025\/06\/26\/pga-remarks-at-the-general-assembly-meeting-to-commemorate-the-80th-anniversary-of-the-united-nations\/","og_locale":"en_US","og_type":"article","og_title":"PGA Remarks at the General Assembly meeting to commemorate the 80th anniversary of the United Nations | General Assembly of the United Nations","og_description":"Remarks by the President of the \u00a0Ä¢¹½ÊÓÆµ General Assembly H.E. Mr. Philemon Yang at the General Assembly meeting to commemorate the 80th anniversary of the United Nations Thursday, 26 June [&hellip;]","og_url":"https:\/\/www.un.org\/pga\/79\/2025\/06\/26\/pga-remarks-at-the-general-assembly-meeting-to-commemorate-the-80th-anniversary-of-the-united-nations\/","og_site_name":"General Assembly of the United Nations","article_published_time":"2025-06-26T14:27:43+00:00","author":"Mariam Shaikh","twitter_card":"summary_large_image","twitter_creator":"@Ä¢¹½ÊÓÆµ_PGA","twitter_site":"@Ä¢¹½ÊÓÆµ_PGA","twitter_misc":{"Written by":"Mariam Shaikh","Est. reading time":"5 minutes"},"schema":{"@context":"https:\/\/schema.org","@graph":[{"@type":"Article","@id":"https:\/\/www.un.org\/pga\/79\/2025\/06\/26\/pga-remarks-at-the-general-assembly-meeting-to-commemorate-the-80th-anniversary-of-the-united-nations\/#article","isPartOf":{"@id":"https:\/\/www.un.org\/pga\/79\/2025\/06\/26\/pga-remarks-at-the-general-assembly-meeting-to-commemorate-the-80th-anniversary-of-the-united-nations\/"},"author":{"name":"Mariam Shaikh","@id":"https:\/\/www.un.org\/pga\/79\/#\/schema\/person\/a6125ff2aae976abbd38a051575a1151"},"headline":"PGA Remarks at the General Assembly meeting to commemorate the 80th anniversary of the United Nations","datePublished":"2025-06-26T14:27:43+00:00","mainEntityOfPage":{"@id":"https:\/\/www.un.org\/pga\/79\/2025\/06\/26\/pga-remarks-at-the-general-assembly-meeting-to-commemorate-the-80th-anniversary-of-the-united-nations\/"},"wordCount":940,"publisher":{"@id":"https:\/\/www.un.org\/pga\/79\/#organization"},"articleSection":["Blog","Speeches"],"inLanguage":"en-US"},{"@type":"WebPage","@id":"https:\/\/www.un.org\/pga\/79\/2025\/06\/26\/pga-remarks-at-the-general-assembly-meeting-to-commemorate-the-80th-anniversary-of-the-united-nations\/","url":"https:\/\/www.un.org\/pga\/79\/2025\/06\/26\/pga-remarks-at-the-general-assembly-meeting-to-commemorate-the-80th-anniversary-of-the-united-nations\/","name":"PGA Remarks at the General Assembly meeting to commemorate the 80th anniversary of the United Nations | General Assembly of the United Nations","isPartOf":{"@id":"https:\/\/www.un.org\/pga\/79\/#website"},"datePublished":"2025-06-26T14:27:43+00:00","breadcrumb":{"@id":"https:\/\/www.un.org\/pga\/79\/2025\/06\/26\/pga-remarks-at-the-general-assembly-meeting-to-commemorate-the-80th-anniversary-of-the-united-nations\/#breadcrumb"},"inLanguage":"en-US","potentialAction":[{"@type":"ReadAction","target":["https:\/\/www.un.org\/pga\/79\/2025\/06\/26\/pga-remarks-at-the-general-assembly-meeting-to-commemorate-the-80th-anniversary-of-the-united-nations\/"]}]},{"@type":"BreadcrumbList","@id":"https:\/\/www.un.org\/pga\/79\/2025\/06\/26\/pga-remarks-at-the-general-assembly-meeting-to-commemorate-the-80th-anniversary-of-the-united-nations\/#breadcrumb","itemListElement":[{"@type":"ListItem","position":1,"name":"Home","item":"https:\/\/www.un.org\/pga\/79\/"},{"@type":"ListItem","position":2,"name":"PGA Remarks at the General Assembly meeting to commemorate the 80th anniversary of the United Nations"}]},{"@type":"WebSite","@id":"https:\/\/www.un.org\/pga\/79\/#website","url":"https:\/\/www.un.org\/pga\/79\/","name":"General Assembly of the United Nations President of the 75th session","description":"President of the 79th session","publisher":{"@id":"https:\/\/www.un.org\/pga\/79\/#organization"},"potentialAction":[{"@type":"SearchAction","target":{"@type":"EntryPoint","urlTemplate":"https:\/\/www.un.org\/pga\/79\/?s={search_term_string}"},"query-input":{"@type":"PropertyValueSpecification","valueRequired":true,"valueName":"search_term_string"}}],"inLanguage":"en-US"},{"@type":"Organization","@id":"https:\/\/www.un.org\/pga\/79\/#organization","name":"President of the 75th session of the General Assembly of the United Nations General Assembly of the United Nations","url":"https:\/\/www.un.org\/pga\/79\/","logo":{"@type":"ImageObject","inLanguage":"en-US","@id":"https:\/\/www.un.org\/pga\/79\/#\/schema\/logo\/image\/","url":"https:\/\/www.un.org\/pga\/wp-content\/uploads\/sites\/109\/2020\/09\/Ä¢¹½ÊÓÆµGA75_2020_REVERSED-01.png","contentUrl":"https:\/\/www.un.org\/pga\/wp-content\/uploads\/sites\/109\/2020\/09\/Ä¢¹½ÊÓÆµGA75_2020_REVERSED-01.png","width":4397,"height":3221,"caption":"President of the 75th session of the General Assembly of the United Nations General Assembly of the United Nations"},"image":{"@id":"https:\/\/www.un.org\/pga\/79\/#\/schema\/logo\/image\/"},"sameAs":["https:\/\/x.com\/Ä¢¹½ÊÓÆµ_PGA"]},{"@type":"Person","@id":"https:\/\/www.un.org\/pga\/79\/#\/schema\/person\/a6125ff2aae976abbd38a051575a1151","name":"Mariam Shaikh","image":{"@type":"ImageObject","inLanguage":"en-US","@id":"https:\/\/secure.gravatar.com\/avatar\/94222feffd54d3e1f8dd77e0b7aee80dafe48474ecdeccdaeca1772150e65ee6?s=96&d=mm&r=g","url":"https:\/\/secure.gravatar.com\/avatar\/94222feffd54d3e1f8dd77e0b7aee80dafe48474ecdeccdaeca1772150e65ee6?s=96&d=mm&r=g","contentUrl":"https:\/\/secure.gravatar.com\/avatar\/94222feffd54d3e1f8dd77e0b7aee80dafe48474ecdeccdaeca1772150e65ee6?s=96&d=mm&r=g","caption":"Mariam Shaikh"},"url":"https:\/\/www.un.org\/pga\/79\/author\/mariam-shaikhun-org\/"}]}},"_links":{"self":[{"href":"https:\/\/www.un.org\/pga\/79\/wp-json\/wp\/v2\/posts\/286626","targetHints":{"allow":["GET"]}}],"collection":[{"href":"https:\/\/www.un.org\/pga\/79\/wp-json\/wp\/v2\/posts"}],"about":[{"href":"https:\/\/www.un.org\/pga\/79\/wp-json\/wp\/v2\/types\/post"}],"author":[{"embeddable":true,"href":"https:\/\/www.un.org\/pga\/79\/wp-json\/wp\/v2\/users\/373"}],"replies":[{"embeddable":true,"href":"https:\/\/www.un.org\/pga\/79\/wp-json\/wp\/v2\/comments?post=286626"}],"version-history":[{"count":0,"href":"https:\/\/www.un.org\/pga\/79\/wp-json\/wp\/v2\/posts\/286626\/revisions"}],"wp:attachment":[{"href":"https:\/\/www.un.org\/pga\/79\/wp-json\/wp\/v2\/media?parent=286626"}],"wp:term":[{"taxonomy":"category","embeddable":true,"href":"https:\/\/www.un.org\/pga\/79\/wp-json\/wp\/v2\/categories?post=286626"},{"taxonomy":"post_tag","embeddable":true,"href":"https:\/\/www.un.org\/pga\/79\/wp-json\/wp\/v2\/tags?post=286626"}],"curies":[{"name":"wp","href":"https:\/\/api.w.org\/{rel}","templated":true}]}}