  {"id":10001,"date":"2017-07-03T13:10:31","date_gmt":"2017-07-03T17:10:31","guid":{"rendered":"http:\/\/www.un.org\/sustainabledevelopment\/es\/?p=10001"},"modified":"2017-11-13T16:00:04","modified_gmt":"2017-11-13T21:00:04","slug":"el-numero-de-personas-hambrientas-ha-aumentado-en-los-ultimos-dos-anos-advierte-la-fao","status":"publish","type":"post","link":"https:\/\/www.un.org\/sustainabledevelopment\/es\/2017\/07\/el-numero-de-personas-hambrientas-ha-aumentado-en-los-ultimos-dos-anos-advierte-la-fao\/","title":{"rendered":"El n\u00famero de personas hambrientas ha aumentado en los \u00faltimos dos a\u00f1os, advierte la FAO"},"content":{"rendered":"<p>La cantidad de personas que sufren hambre en el mundo se ha incrementado desde 2015, alert\u00f3 hoy el director general de la Organizaci\u00f3n de las Naciones Unidas para la Alimentaci\u00f3n y la Agricultura (FAO).<\/p>\n<p>Jos\u00e9 Graziano da Silva inaugur\u00f3 la conferencia bienal de esa agencia, que en esta ocasi\u00f3n se centra en el desarrollo sostenible de las \u00e1reas rurales para fortalecer la respuesta alimentaria a los conflictos, el cambio clim\u00e1tico y la migraci\u00f3n.<\/p>\n<p>Graziano de Silva advirti\u00f3 a los participantes en la conferencia sobre los retrocesos en la lucha contra el hambre y se\u00f1al\u00f3 que cerca del 60% de las personas que sufren ese flagelo viven en pa\u00edses afectados por conflictos o por fen\u00f3menos agudizados por el cambio clim\u00e1tico, como sequ\u00edas o inundaciones.<\/p>\n<p>Se refiri\u00f3 tambi\u00e9n a las hambrunas declaradas este a\u00f1o en algunas zonas de Nigeria, Somalia, Sud\u00e1n del Sur y Yemen y subray\u00f3 lo que esto significa.<\/p>\n<p>\u201cCuando se declara una situaci\u00f3n de hambruna es porque miles de personas ya han muerto de hambre. Estimamos que hay casi 20 millones de personas afectadas gravemente en esos pa\u00edses. Y esto est\u00e1 pasando menos de dos a\u00f1os despu\u00e9s de que acord\u00e1ramos erradicar el hambre para el 2030\u201d, apunt\u00f3 Graziano da Silva.<\/p>\n<p>En este contexto, asever\u00f3 que si bien un compromiso pol\u00edtico firme es fundamental para erradicar el hambre, no es suficiente.<\/p>\n<p>S\u00f3lo podremos vencer el hambre si los pa\u00edses transforman sus declaraciones en acciones, sobre todo a nivel nacional y local, puntualiz\u00f3 el director general de la FAO.<\/p>\n<p><a title=\"El n\u00famero de personas hambrientas ha aumentado en los \u00faltimos dos a\u00f1os, advierte la FAO\" href=\"http:\/\/www.un.org\/spanish\/News\/story.asp?NewsID=37622\">Noticias ONU<\/a><\/p>\n","protected":false},"excerpt":{"rendered":"<p>La cantidad de personas que sufren hambre en el mundo  [&#8230;]<\/p>\n","protected":false},"author":34,"featured_media":10009,"comment_status":"closed","ping_status":"closed","sticky":false,"template":"","format":"standard","meta":{"_et_pb_use_builder":"","_et_pb_old_content":"","_et_gb_content_width":"","footnotes":""},"categories":[12],"tags":[],"class_list":["post-10001","post","type-post","status-publish","format-standard","has-post-thumbnail","hentry","category-hunger"],"_links":{"self":[{"href":"https:\/\/www.un.org\/sustainabledevelopment\/es\/wp-json\/wp\/v2\/posts\/10001","targetHints":{"allow":["GET"]}}],"collection":[{"href":"https:\/\/www.un.org\/sustainabledevelopment\/es\/wp-json\/wp\/v2\/posts"}],"about":[{"href":"https:\/\/www.un.org\/sustainabledevelopment\/es\/wp-json\/wp\/v2\/types\/post"}],"author":[{"embeddable":true,"href":"https:\/\/www.un.org\/sustainabledevelopment\/es\/wp-json\/wp\/v2\/users\/34"}],"replies":[{"embeddable":true,"href":"https:\/\/www.un.org\/sustainabledevelopment\/es\/wp-json\/wp\/v2\/comments?post=10001"}],"version-history":[{"count":0,"href":"https:\/\/www.un.org\/sustainabledevelopment\/es\/wp-json\/wp\/v2\/posts\/10001\/revisions"}],"wp:featuredmedia":[{"embeddable":true,"href":"https:\/\/www.un.org\/sustainabledevelopment\/es\/wp-json\/wp\/v2\/media\/10009"}],"wp:attachment":[{"href":"https:\/\/www.un.org\/sustainabledevelopment\/es\/wp-json\/wp\/v2\/media?parent=10001"}],"wp:term":[{"taxonomy":"category","embeddable":true,"href":"https:\/\/www.un.org\/sustainabledevelopment\/es\/wp-json\/wp\/v2\/categories?post=10001"},{"taxonomy":"post_tag","embeddable":true,"href":"https:\/\/www.un.org\/sustainabledevelopment\/es\/wp-json\/wp\/v2\/tags?post=10001"}],"curies":[{"name":"wp","href":"https:\/\/api.w.org\/{rel}","templated":true}]}}