  {"id":10206,"date":"2017-07-13T08:45:13","date_gmt":"2017-07-13T12:45:13","guid":{"rendered":"http:\/\/www.un.org\/sustainabledevelopment\/es\/?p=10206"},"modified":"2017-11-13T16:00:00","modified_gmt":"2017-11-13T21:00:00","slug":"cepal-insta-a-los-paises-del-caribe-a-impulsar-la-igualdad-de-genero-y-el-combate-al-cambio-climatico","status":"publish","type":"post","link":"https:\/\/www.un.org\/sustainabledevelopment\/es\/2017\/07\/cepal-insta-a-los-paises-del-caribe-a-impulsar-la-igualdad-de-genero-y-el-combate-al-cambio-climatico\/","title":{"rendered":"CEPAL insta a los pa\u00edses del Caribe a impulsar la igualdad de g\u00e9nero y el combate al cambio clim\u00e1tico"},"content":{"rendered":"<p>Para cumplir con la Agenda 2030 de desarrollo sostenible, los pa\u00edses del Caribe deben enfocarse en avanzar hacia la igualdad de g\u00e9nero, la reducci\u00f3n de su deuda y la mitigaci\u00f3n de los efectos del cambio clim\u00e1tico.<\/p>\n<p>La secretaria ejecutiva de la Comisi\u00f3n Econ\u00f3mica para Am\u00e9rica Latina y el Caribe (CEPAL) particip\u00f3 en un foro de alto nivel sobre intercambio africano-caribe\u00f1o celebrado en la sede de la ONU en Nueva York, donde subray\u00f3 la necesidad de crear pol\u00edticas que impulsen esas \u00e1reas.<\/p>\n<p>Alicia B\u00e1rcena indic\u00f3 que es fundamental conocer los desaf\u00edos de los pa\u00edses del Caribe en t\u00e9rminos de flujos y acuerdos comerciales, acceso a financiamiento y movilizaci\u00f3n de recursos y tecnolog\u00eda.<\/p>\n<p>En materia de igualdad de g\u00e9nero, B\u00e1rcena record\u00f3 que lo principal es asegurar la autonom\u00eda econ\u00f3mica, f\u00edsica y pol\u00edtica de las mujeres. En el Caribe, las mujeres tienden a estar sobrerrepresentadas en los sectores m\u00e1s bajos del mercado laboral y subrrepresentadas en las \u00e1reas de mayor calificaci\u00f3n.<\/p>\n<p>Adem\u00e1s, la tasa de desempleo es m\u00e1s alta entre las mujeres, quienes sufren tambi\u00e9n menores niveles de protecci\u00f3n social y obtienen salarios m\u00e1s bajos comparadas con los hombres en puestos similares<\/p>\n<p>En relaci\u00f3n al cambio clim\u00e1tico, se\u00f1al\u00f3 que los Estados insulares del Caribe son m\u00e1s propensos a sufrir consecuencias del incremento del nivel del mar y los desastres naturales. Precis\u00f3 que en los \u00faltimos 40 a\u00f1os, se calcula que estos desastres han costado cerca del 5% del producto interno bruto (PIB) de la subregi\u00f3n.<\/p>\n<p>En tanto, las condiciones macroecon\u00f3micas han llevado a muchos pa\u00edses del Caribe a aumentar considerablemente sus niveles de deuda en el per\u00edodo 2012-2016, llegando en algunos casos a superar el 100% de su PIB.<\/p>\n<p>B\u00e1rcena enfatiz\u00f3 que cualquier soluci\u00f3n de alivio de la deuda que evite contracciones en el gasto social y permita ajustes fiscales responsables ser\u00e1 beneficioso para reducir las persistentes desigualdades en la subregi\u00f3n. <\/p>\n<p><a title=\"CEPAL insta a los pa\u00edses del Caribe a impulsar la igualdad de g\u00e9nero y el combate al cambio clim\u00e1tico\" href=\"http:\/\/www.un.org\/spanish\/News\/story.asp?NewsID=37699\">Noticias ONU<\/a><\/p>\n","protected":false},"excerpt":{"rendered":"<p>Para cumplir con la Agenda 2030 de desarrollo sostenible, los  [&#8230;]<\/p>\n","protected":false},"author":34,"featured_media":10210,"comment_status":"closed","ping_status":"closed","sticky":false,"template":"","format":"standard","meta":{"_et_pb_use_builder":"","_et_pb_old_content":"","_et_gb_content_width":"","footnotes":""},"categories":[5,6,10],"tags":[],"class_list":["post-10206","post","type-post","status-publish","format-standard","has-post-thumbnail","hentry","category-climate-change","category-economic-growth","category-gender-equality"],"_links":{"self":[{"href":"https:\/\/www.un.org\/sustainabledevelopment\/es\/wp-json\/wp\/v2\/posts\/10206","targetHints":{"allow":["GET"]}}],"collection":[{"href":"https:\/\/www.un.org\/sustainabledevelopment\/es\/wp-json\/wp\/v2\/posts"}],"about":[{"href":"https:\/\/www.un.org\/sustainabledevelopment\/es\/wp-json\/wp\/v2\/types\/post"}],"author":[{"embeddable":true,"href":"https:\/\/www.un.org\/sustainabledevelopment\/es\/wp-json\/wp\/v2\/users\/34"}],"replies":[{"embeddable":true,"href":"https:\/\/www.un.org\/sustainabledevelopment\/es\/wp-json\/wp\/v2\/comments?post=10206"}],"version-history":[{"count":0,"href":"https:\/\/www.un.org\/sustainabledevelopment\/es\/wp-json\/wp\/v2\/posts\/10206\/revisions"}],"wp:featuredmedia":[{"embeddable":true,"href":"https:\/\/www.un.org\/sustainabledevelopment\/es\/wp-json\/wp\/v2\/media\/10210"}],"wp:attachment":[{"href":"https:\/\/www.un.org\/sustainabledevelopment\/es\/wp-json\/wp\/v2\/media?parent=10206"}],"wp:term":[{"taxonomy":"category","embeddable":true,"href":"https:\/\/www.un.org\/sustainabledevelopment\/es\/wp-json\/wp\/v2\/categories?post=10206"},{"taxonomy":"post_tag","embeddable":true,"href":"https:\/\/www.un.org\/sustainabledevelopment\/es\/wp-json\/wp\/v2\/tags?post=10206"}],"curies":[{"name":"wp","href":"https:\/\/api.w.org\/{rel}","templated":true}]}}