  {"id":10297,"date":"2017-07-21T12:26:48","date_gmt":"2017-07-21T16:26:48","guid":{"rendered":"http:\/\/www.un.org\/sustainabledevelopment\/es\/?p=10297"},"modified":"2017-11-13T15:59:57","modified_gmt":"2017-11-13T20:59:57","slug":"el-colera-afecta-a-370-000-personas-y-5-000-mas-enferman-diariamente-en-yemen-oms","status":"publish","type":"post","link":"https:\/\/www.un.org\/sustainabledevelopment\/es\/2017\/07\/el-colera-afecta-a-370-000-personas-y-5-000-mas-enferman-diariamente-en-yemen-oms\/","title":{"rendered":"El c\u00f3lera afecta a 370.000 personas y 5.000 m\u00e1s enferman diariamente en Yemen: OMS"},"content":{"rendered":"<p>Yemen afronta un grave brote de c\u00f3lera que afecta hasta el momento a cerca de 370.000 personas y ha causado la muerte de m\u00e1s de 1.800 de finales de abril a la fecha.<\/p>\n<p>La Organizaci\u00f3n Mundial de la Salud (OMS) se\u00f1al\u00f3 hoy que el padecimiento afecta a los segmentos de poblaci\u00f3n m\u00e1s vulnerables, como los menores de 15 a\u00f1os, que suman el 41% de los casos registrados, y los mayores de 60, que constituyen un tercio de las muertes.<\/p>\n<p>La portavoz de la OMS en Ginebra, Fadela Chaib, destac\u00f3 la gravedad de la situaci\u00f3n en una rueda de prensa.<\/p>\n<p>\u201cCada d\u00eda hay 5.000 yemenitas m\u00e1s que se enferman con s\u00edntomas de diarrea aguda o c\u00f3lera. La OMS y sus socios est\u00e1n destinando sus recursos y trabajo a tratar a los afectados por el brote y a reducir la diseminaci\u00f3n del padecimiento\u201d, explic\u00f3.<\/p>\n<p>Detall\u00f3 que esa labor incluye la ampliaci\u00f3n del acceso de la poblaci\u00f3n a agua limpia y saneamiento, adem\u00e1s del establecimiento de centros de atenci\u00f3n m\u00e9dica, capacitaci\u00f3n de personal sanitario y trabajo informativo con las comunidades.<\/p>\n<p>La OMS indic\u00f3 que m\u00e1s de la mitad de las instalaciones de salud en Yemen han cerrado o funcionan parcialmente debido al conflicto en el pa\u00eds, lo que ha dejado a 14,8 millones de personas sin servicios m\u00e9dicos b\u00e1sicos.<\/p>\n<p>Adem\u00e1s 14,5 millones de personas carecen de acceso a agua potable y saneamiento porque la infraestructura ha sido destruida durante los enfrentamientos entre la coalici\u00f3n liderada por Arabia Saudita que respalda al gobierno reconocido de Yemen y los rebeldes houthies. <\/p>\n<p><a href=\"http:\/\/www.un.org\/spanish\/News\/story.asp?NewsID=37738\" title=\"El c\u00f3lera afecta a 370.000 personas y 5.000 m\u00e1s enferman diariamente en Yemen: OMS\">Noticias ONU<\/a><\/p>\n","protected":false},"excerpt":{"rendered":"<p>Yemen afronta un grave brote de c\u00f3lera que afecta hasta  [&#8230;]<\/p>\n","protected":false},"author":34,"featured_media":10301,"comment_status":"closed","ping_status":"closed","sticky":false,"template":"","format":"standard","meta":{"_et_pb_use_builder":"","_et_pb_old_content":"","_et_gb_content_width":"","footnotes":""},"categories":[11],"tags":[],"class_list":["post-10297","post","type-post","status-publish","format-standard","has-post-thumbnail","hentry","category-health"],"_links":{"self":[{"href":"https:\/\/www.un.org\/sustainabledevelopment\/es\/wp-json\/wp\/v2\/posts\/10297","targetHints":{"allow":["GET"]}}],"collection":[{"href":"https:\/\/www.un.org\/sustainabledevelopment\/es\/wp-json\/wp\/v2\/posts"}],"about":[{"href":"https:\/\/www.un.org\/sustainabledevelopment\/es\/wp-json\/wp\/v2\/types\/post"}],"author":[{"embeddable":true,"href":"https:\/\/www.un.org\/sustainabledevelopment\/es\/wp-json\/wp\/v2\/users\/34"}],"replies":[{"embeddable":true,"href":"https:\/\/www.un.org\/sustainabledevelopment\/es\/wp-json\/wp\/v2\/comments?post=10297"}],"version-history":[{"count":0,"href":"https:\/\/www.un.org\/sustainabledevelopment\/es\/wp-json\/wp\/v2\/posts\/10297\/revisions"}],"wp:featuredmedia":[{"embeddable":true,"href":"https:\/\/www.un.org\/sustainabledevelopment\/es\/wp-json\/wp\/v2\/media\/10301"}],"wp:attachment":[{"href":"https:\/\/www.un.org\/sustainabledevelopment\/es\/wp-json\/wp\/v2\/media?parent=10297"}],"wp:term":[{"taxonomy":"category","embeddable":true,"href":"https:\/\/www.un.org\/sustainabledevelopment\/es\/wp-json\/wp\/v2\/categories?post=10297"},{"taxonomy":"post_tag","embeddable":true,"href":"https:\/\/www.un.org\/sustainabledevelopment\/es\/wp-json\/wp\/v2\/tags?post=10297"}],"curies":[{"name":"wp","href":"https:\/\/api.w.org\/{rel}","templated":true}]}}