  {"id":10381,"date":"2017-08-01T14:07:25","date_gmt":"2017-08-01T18:07:25","guid":{"rendered":"http:\/\/www.un.org\/sustainabledevelopment\/es\/?p=10381"},"modified":"2017-11-13T15:59:56","modified_gmt":"2017-11-13T20:59:56","slug":"la-asociacion-entre-los-adultos-mayores-y-los-jovenes-es-vital-para-alcanzar-los-ods","status":"publish","type":"post","link":"https:\/\/www.un.org\/sustainabledevelopment\/es\/2017\/08\/la-asociacion-entre-los-adultos-mayores-y-los-jovenes-es-vital-para-alcanzar-los-ods\/","title":{"rendered":"La asociaci\u00f3n entre los adultos mayores y los j\u00f3venes es vital para alcanzar los ODS"},"content":{"rendered":"<p>La sabidur\u00eda, la experiencia, la energ\u00eda y los ideales de las personas mayores y los j\u00f3venes son vitales para alcanzar los Objetivos de Desarrollo Sostenible (ODS).<\/p>\n<p>Ese fue el principal mensaje del Di\u00e1logo Intergeneracional sobre los ODS celebrado este martes en la sede la ONU en Nueva York, que se centr\u00f3 en la importancia de las Organizaciones No Gubernamentales (ONG).<\/p>\n<p>El evento se inaugur\u00f3 con un mensaje en video del Secretario General de Naciones Unidas, Ant\u00f3nio Guterres, en el que asegur\u00f3 que las ONG son el mayor aliado de la Agenda 2030.<\/p>\n<p>\u201cAlgunos de ustedes han pasado d\u00e9cadas luchando por lo que es correcto, otros apenas han comenzado su viaje hacia esa meta, pero ambos comparten la convicci\u00f3n de que le debemos a la humanidad generar acci\u00f3n en un momento tan dif\u00edcil en la historia. Juntos podemos ayudar a romper los ciclos de pobreza y hacer un cambio que perdure para las generaciones venideras\u201d, asegur\u00f3 Guterres.<\/p>\n<p>Por su parte el presidente de la Asamblea General, Peter Thomson, prescindi\u00f3 de su chaqueta, corbata y dej\u00f3 el guion para hablarle a los presentes sobre su propia juventud en su pa\u00eds natal Fiji, antes de que monta\u00f1as de desechos pl\u00e1sticos y el calentamiento del oc\u00e9ano comenzaran a amenazar su existencia.<\/p>\n<p>Thomson, quien tiene ahora cerca de 70 a\u00f1os, asegur\u00f3 que est\u00e1 decidido a utilizar su experiencia para defender los Objetivos de Desarrollo Sostenible y por eso ha dedicado su presidencia al tema de los oc\u00e9anos.<\/p>\n<p>\u201cVamos a asegurarnos de que todas las personas, j\u00f3venes o mayores, se vean como l\u00edderes, defensores y beneficiarios de los ODS. Les pido que sean actores de cambio y motiven a sus comunidades y familias para que el desarrollo sostenible sea una realidad, y que sean ciudadanos activos que exigen cambios a aquellos que tienen a su alrededor. Como abuelo, deseo con todo mi ser que le dejemos un mundo sostenible a los ni\u00f1os\u201d, dijo.<\/p>\n<p>La nueva Enviada para temas de la Juventud, Jaiathma Wickramanyake, tambi\u00e9n hizo parte del evento, y resalt\u00f3 la importancia de darles un verdadero papel a los j\u00f3venes en la lucha hacia los ODS.<\/p>\n<p>\u201cEl di\u00e1logo y las relaciones constructivas entre los j\u00f3venes y adultos fomenta el entendimiento y el respeto del papel de ambos grupos en la sociedad y nos motiva a contribuir con nuestras mejores habilidades. Los adultos mayores deben trabajar de cerca con los j\u00f3venes y crear asociaciones que se ayuden mutuamente\u201d, concluy\u00f3 Wickramanyake.<\/p>\n<p><a href=\"http:\/\/www.un.org\/spanish\/News\/story.asp?NewsID=37800#.WYDBPVGQyUk\" title=\"La asociaci\u00f3n entre los adultos mayores y los j\u00f3venes es vital para alcanzar los ODS\">Noticias ONU<\/a><\/p>\n","protected":false},"excerpt":{"rendered":"<p>La sabidur\u00eda, la experiencia, la energ\u00eda y los ideales de  [&#8230;]<\/p>\n","protected":false},"author":34,"featured_media":7022,"comment_status":"closed","ping_status":"closed","sticky":false,"template":"","format":"standard","meta":{"_et_pb_use_builder":"","_et_pb_old_content":"","_et_gb_content_width":"","footnotes":""},"categories":[33,31],"tags":[],"class_list":["post-10381","post","type-post","status-publish","format-standard","has-post-thumbnail","hentry","category-programa-de-desarrollo-sostenible","category-secretario-general"],"_links":{"self":[{"href":"https:\/\/www.un.org\/sustainabledevelopment\/es\/wp-json\/wp\/v2\/posts\/10381","targetHints":{"allow":["GET"]}}],"collection":[{"href":"https:\/\/www.un.org\/sustainabledevelopment\/es\/wp-json\/wp\/v2\/posts"}],"about":[{"href":"https:\/\/www.un.org\/sustainabledevelopment\/es\/wp-json\/wp\/v2\/types\/post"}],"author":[{"embeddable":true,"href":"https:\/\/www.un.org\/sustainabledevelopment\/es\/wp-json\/wp\/v2\/users\/34"}],"replies":[{"embeddable":true,"href":"https:\/\/www.un.org\/sustainabledevelopment\/es\/wp-json\/wp\/v2\/comments?post=10381"}],"version-history":[{"count":0,"href":"https:\/\/www.un.org\/sustainabledevelopment\/es\/wp-json\/wp\/v2\/posts\/10381\/revisions"}],"wp:featuredmedia":[{"embeddable":true,"href":"https:\/\/www.un.org\/sustainabledevelopment\/es\/wp-json\/wp\/v2\/media\/7022"}],"wp:attachment":[{"href":"https:\/\/www.un.org\/sustainabledevelopment\/es\/wp-json\/wp\/v2\/media?parent=10381"}],"wp:term":[{"taxonomy":"category","embeddable":true,"href":"https:\/\/www.un.org\/sustainabledevelopment\/es\/wp-json\/wp\/v2\/categories?post=10381"},{"taxonomy":"post_tag","embeddable":true,"href":"https:\/\/www.un.org\/sustainabledevelopment\/es\/wp-json\/wp\/v2\/tags?post=10381"}],"curies":[{"name":"wp","href":"https:\/\/api.w.org\/{rel}","templated":true}]}}